{"id":348,"date":"2016-10-10T16:40:55","date_gmt":"2016-10-10T16:40:55","guid":{"rendered":"http:\/\/www.ajeandalucia.org\/cadiz\/?p=348"},"modified":"2016-10-31T16:41:20","modified_gmt":"2016-10-31T16:41:20","slug":"llega-el-xx-congreso-nacional-de-jovenes-empresarios","status":"publish","type":"post","link":"https:\/\/ajeandalucia.org\/cadiz\/2016\/10\/10\/llega-el-xx-congreso-nacional-de-jovenes-empresarios\/","title":{"rendered":"LLEGA EL XX CONGRESO NACIONAL DE J\u00d3VENES EMPRESARIOS!!!"},"content":{"rendered":"<p>Abierto el Plazo de inscripciones para el <strong>XX CONGRESO NACIONAL DE J\u00d3VENES EMPRESARIOS<\/strong>, organizado por la <strong>CONFEDERACI\u00d3N ESPA\u00d1OLA DE J\u00d3VENES EMPRESARIOS (CEAJE) y AJE M\u00c1LAGA. <\/strong>Tendr\u00e1 lugar en<strong> Marbella 3 y 4 de Noviembre bajo el lema RESET: TU TALENTO ES TU MAYOR CAPITAL.<\/strong><\/p>\n<p><strong>\u00a0<\/strong><\/p>\n<p>&#8211;\u00a0\u00a0\u00a0\u00a0\u00a0\u00a0\u00a0 <strong>Contar\u00e1 con ponentes de la talla de \u00a0Jimmy Pons, Isra Garc\u00eda, Enrique Dans, Javier Iriondo\u2026..<\/strong><\/p>\n<p><strong>\u00a0<\/strong><\/p>\n<p><strong>\u00a0<\/strong><\/p>\n<p>&#8211;\u00a0\u00a0\u00a0\u00a0\u00a0\u00a0\u00a0 <strong>Actividades Paralelas: NETWORKING \/ CENA DE GALA \/ PROGRAMA CULTURAL\u2026<\/strong><\/p>\n<p><strong>\u00a0<\/strong><\/p>\n<p>&#8211;\u00a0\u00a0\u00a0\u00a0\u00a0\u00a0\u00a0 <strong>Elevator pitch: <\/strong><strong>\u00bfTienes una gran idea?. Defi\u00e9ndela en 60 segundos ante posibles inversores para convertirla en realidad.<\/strong><\/p>\n<p>&nbsp;<\/p>\n<p>&nbsp;<\/p>\n<p><strong>OBJETIVOS:<\/strong><\/p>\n<p>Plasmar el cambio que representa la <strong>nueva generaci\u00f3n <\/strong>de empresarios y empresarias.<\/p>\n<p><strong>Impulsar <\/strong>el colectivo de los j\u00f3venes empresarios y empresarias, reconociendo su talento\u00a0y su esfuerzo.<\/p>\n<p>Demostrar que hay <strong>otras maneras <\/strong>de gestionar y conseguir el \u00e9xito en un entorno colaborativo.<\/p>\n<p><strong>Fomentar la Creatividad y la Innovaci\u00f3n <\/strong>en las oportunidades de negocio y la cooperaci\u00f3n empresarial internacional.<\/p>\n<p>Detectar nuevas <strong>oportunidades<\/strong>. Exposici\u00f3n del \u00e9xito.<\/p>\n<p>Generar <strong>interacci\u00f3n y sinergias <\/strong>de trabajo entre j\u00f3venes empresarios y empresarias de M\u00e1laga, Andaluc\u00eda y Espa\u00f1a desde la base del Conocimiento y el Talento.<\/p>\n<p>Poner en valor la <strong>Inteligencia emocional <\/strong>y su importancia para superar los l\u00edmites que,\u00a0en ocasiones, pueden dificultar el camino hacia el \u00e9xito: ya sea en el \u00e1mbito financiero,\u00a0el empresarial o el personal.<\/p>\n<p>Generar Expectativas de Negocio y apoyar al colectivo de j\u00f3venes empresarios y empresarias frente a la crisis, favoreciendo los encuentros de negocios con la <strong>cooperaci\u00f3n como herramienta de competitividad e internacionalizaci\u00f3n<\/strong>.<\/p>\n<p>&nbsp;<\/p>\n<p><strong>No puedes faltar a esta cita en Marbella!<\/strong><\/p>\n<p><strong>Precios especiales para empresas asociadas a AJE y adem\u00e1s solo hasta el 10 de octubre un 25% de descuento adicional en el paquete acad\u00e9mico del Congreso.<\/strong><\/p>\n<p><strong>M\u00c1S INFORMACI\u00d3N E INSCRIPCIONES: <\/strong>\u00a0<a href=\"http:\/\/WWW.CONGRESONACIONALCEAJE.ES\">WWW.CONGRESONACIONALCEAJE.ES<\/a> \/ <a href=\"http:\/\/WWW.CAMBIALAFORMULA.COM\">WWW.CAMBIALAFORMULA.COM<\/a><\/p>\n","protected":false},"excerpt":{"rendered":"<p>Abierto el Plazo de inscripciones para el XX CONGRESO NACIONAL DE J\u00d3VENES EMPRESARIOS, organizado por la CONFEDERACI\u00d3N ESPA\u00d1OLA DE J\u00d3VENES [&hellip;]<\/p>\n","protected":false},"author":4,"featured_media":349,"comment_status":"open","ping_status":"open","sticky":false,"template":"","format":"standard","meta":{"_acf_changed":false,"site-sidebar-layout":"default","site-content-layout":"","ast-site-content-layout":"default","site-content-style":"default","site-sidebar-style":"default","ast-global-header-display":"","ast-banner-title-visibility":"","ast-main-header-display":"","ast-hfb-above-header-display":"","ast-hfb-below-header-display":"","ast-hfb-mobile-header-display":"","site-post-title":"","ast-breadcrumbs-content":"","ast-featured-img":"","footer-sml-layout":"","ast-disable-related-posts":"","theme-transparent-header-meta":"","adv-header-id-meta":"","stick-header-meta":"","header-above-stick-meta":"","header-main-stick-meta":"","header-below-stick-meta":"","astra-migrate-meta-layouts":"default","ast-page-background-enabled":"default","ast-page-background-meta":{"desktop":{"background-color":"var(--ast-global-color-5)","background-image":"","background-repeat":"repeat","background-position":"center center","background-size":"auto","background-attachment":"scroll","background-type":"","background-media":"","overlay-type":"","overlay-color":"","overlay-opacity":"","overlay-gradient":""},"tablet":{"background-color":"","background-image":"","background-repeat":"repeat","background-position":"center center","background-size":"auto","background-attachment":"scroll","background-type":"","background-media":"","overlay-type":"","overlay-color":"","overlay-opacity":"","overlay-gradient":""},"mobile":{"background-color":"","background-image":"","background-repeat":"repeat","background-position":"center center","background-size":"auto","background-attachment":"scroll","background-type":"","background-media":"","overlay-type":"","overlay-color":"","overlay-opacity":"","overlay-gradient":""}},"ast-content-background-meta":{"desktop":{"background-color":"var(--ast-global-color-4)","background-image":"","background-repeat":"repeat","background-position":"center center","background-size":"auto","background-attachment":"scroll","background-type":"","background-media":"","overlay-type":"","overlay-color":"","overlay-opacity":"","overlay-gradient":""},"tablet":{"background-color":"var(--ast-global-color-4)","background-image":"","background-repeat":"repeat","background-position":"center center","background-size":"auto","background-attachment":"scroll","background-type":"","background-media":"","overlay-type":"","overlay-color":"","overlay-opacity":"","overlay-gradient":""},"mobile":{"background-color":"var(--ast-global-color-4)","background-image":"","background-repeat":"repeat","background-position":"center center","background-size":"auto","background-attachment":"scroll","background-type":"","background-media":"","overlay-type":"","overlay-color":"","overlay-opacity":"","overlay-gradient":""}},"footnotes":""},"categories":[8],"tags":[],"class_list":["post-348","post","type-post","status-publish","format-standard","has-post-thumbnail","hentry","category-noticias"],"acf":[],"yoast_head":"<!-- This site is optimized with the Yoast SEO plugin v26.9 - https:\/\/yoast.com\/product\/yoast-seo-wordpress\/ -->\n<title>LLEGA EL XX CONGRESO NACIONAL DE J\u00d3VENES EMPRESARIOS!!! - AJE C\u00e1diz<\/title>\n<meta name=\"robots\" content=\"index, follow, max-snippet:-1, max-image-preview:large, max-video-preview:-1\" \/>\n<link rel=\"canonical\" href=\"https:\/\/ajeandalucia.org\/cadiz\/2016\/10\/10\/llega-el-xx-congreso-nacional-de-jovenes-empresarios\/\" \/>\n<meta property=\"og:locale\" content=\"es_ES\" \/>\n<meta property=\"og:type\" content=\"article\" \/>\n<meta property=\"og:title\" content=\"LLEGA EL XX CONGRESO NACIONAL DE J\u00d3VENES EMPRESARIOS!!! - AJE C\u00e1diz\" \/>\n<meta property=\"og:description\" content=\"Abierto el Plazo de inscripciones para el XX CONGRESO NACIONAL DE J\u00d3VENES EMPRESARIOS, organizado por la CONFEDERACI\u00d3N ESPA\u00d1OLA DE J\u00d3VENES [&hellip;]\" \/>\n<meta property=\"og:url\" content=\"https:\/\/ajeandalucia.org\/cadiz\/2016\/10\/10\/llega-el-xx-congreso-nacional-de-jovenes-empresarios\/\" \/>\n<meta property=\"og:site_name\" content=\"AJE C\u00e1diz\" \/>\n<meta property=\"article:published_time\" content=\"2016-10-10T16:40:55+00:00\" \/>\n<meta property=\"article:modified_time\" content=\"2016-10-31T16:41:20+00:00\" \/>\n<meta property=\"og:image\" content=\"https:\/\/ajeandalucia.org\/cadiz\/wp-content\/uploads\/sites\/5\/2016\/10\/cabecera.correo3.png\" \/>\n\t<meta property=\"og:image:width\" content=\"1000\" \/>\n\t<meta property=\"og:image:height\" content=\"300\" \/>\n\t<meta property=\"og:image:type\" content=\"image\/png\" \/>\n<meta name=\"author\" content=\"cadiz\" \/>\n<meta name=\"twitter:card\" content=\"summary_large_image\" \/>\n<meta name=\"twitter:label1\" content=\"Escrito por\" \/>\n\t<meta name=\"twitter:data1\" content=\"cadiz\" \/>\n\t<meta name=\"twitter:label2\" content=\"Tiempo de lectura\" \/>\n\t<meta name=\"twitter:data2\" content=\"2 minutos\" \/>\n<script type=\"application\/ld+json\" class=\"yoast-schema-graph\">{\"@context\":\"https:\/\/schema.org\",\"@graph\":[{\"@type\":\"Article\",\"@id\":\"https:\/\/ajeandalucia.org\/cadiz\/2016\/10\/10\/llega-el-xx-congreso-nacional-de-jovenes-empresarios\/#article\",\"isPartOf\":{\"@id\":\"https:\/\/ajeandalucia.org\/cadiz\/2016\/10\/10\/llega-el-xx-congreso-nacional-de-jovenes-empresarios\/\"},\"author\":{\"name\":\"cadiz\",\"@id\":\"https:\/\/ajeandalucia.org\/cadiz\/#\/schema\/person\/dce63ebda5f85792a4f3061905a9f15a\"},\"headline\":\"LLEGA EL XX CONGRESO NACIONAL DE J\u00d3VENES EMPRESARIOS!!!\",\"datePublished\":\"2016-10-10T16:40:55+00:00\",\"dateModified\":\"2016-10-31T16:41:20+00:00\",\"mainEntityOfPage\":{\"@id\":\"https:\/\/ajeandalucia.org\/cadiz\/2016\/10\/10\/llega-el-xx-congreso-nacional-de-jovenes-empresarios\/\"},\"wordCount\":317,\"commentCount\":0,\"publisher\":{\"@id\":\"https:\/\/ajeandalucia.org\/cadiz\/#organization\"},\"image\":{\"@id\":\"https:\/\/ajeandalucia.org\/cadiz\/2016\/10\/10\/llega-el-xx-congreso-nacional-de-jovenes-empresarios\/#primaryimage\"},\"thumbnailUrl\":\"https:\/\/ajeandalucia.org\/cadiz\/wp-content\/uploads\/sites\/5\/2016\/10\/cabecera.correo3.png\",\"articleSection\":[\"Noticias\"],\"inLanguage\":\"es\",\"potentialAction\":[{\"@type\":\"CommentAction\",\"name\":\"Comment\",\"target\":[\"https:\/\/ajeandalucia.org\/cadiz\/2016\/10\/10\/llega-el-xx-congreso-nacional-de-jovenes-empresarios\/#respond\"]}]},{\"@type\":\"WebPage\",\"@id\":\"https:\/\/ajeandalucia.org\/cadiz\/2016\/10\/10\/llega-el-xx-congreso-nacional-de-jovenes-empresarios\/\",\"url\":\"https:\/\/ajeandalucia.org\/cadiz\/2016\/10\/10\/llega-el-xx-congreso-nacional-de-jovenes-empresarios\/\",\"name\":\"LLEGA EL XX CONGRESO NACIONAL DE J\u00d3VENES EMPRESARIOS!!! - AJE C\u00e1diz\",\"isPartOf\":{\"@id\":\"https:\/\/ajeandalucia.org\/cadiz\/#website\"},\"primaryImageOfPage\":{\"@id\":\"https:\/\/ajeandalucia.org\/cadiz\/2016\/10\/10\/llega-el-xx-congreso-nacional-de-jovenes-empresarios\/#primaryimage\"},\"image\":{\"@id\":\"https:\/\/ajeandalucia.org\/cadiz\/2016\/10\/10\/llega-el-xx-congreso-nacional-de-jovenes-empresarios\/#primaryimage\"},\"thumbnailUrl\":\"https:\/\/ajeandalucia.org\/cadiz\/wp-content\/uploads\/sites\/5\/2016\/10\/cabecera.correo3.png\",\"datePublished\":\"2016-10-10T16:40:55+00:00\",\"dateModified\":\"2016-10-31T16:41:20+00:00\",\"breadcrumb\":{\"@id\":\"https:\/\/ajeandalucia.org\/cadiz\/2016\/10\/10\/llega-el-xx-congreso-nacional-de-jovenes-empresarios\/#breadcrumb\"},\"inLanguage\":\"es\",\"potentialAction\":[{\"@type\":\"ReadAction\",\"target\":[\"https:\/\/ajeandalucia.org\/cadiz\/2016\/10\/10\/llega-el-xx-congreso-nacional-de-jovenes-empresarios\/\"]}]},{\"@type\":\"ImageObject\",\"inLanguage\":\"es\",\"@id\":\"https:\/\/ajeandalucia.org\/cadiz\/2016\/10\/10\/llega-el-xx-congreso-nacional-de-jovenes-empresarios\/#primaryimage\",\"url\":\"https:\/\/ajeandalucia.org\/cadiz\/wp-content\/uploads\/sites\/5\/2016\/10\/cabecera.correo3.png\",\"contentUrl\":\"https:\/\/ajeandalucia.org\/cadiz\/wp-content\/uploads\/sites\/5\/2016\/10\/cabecera.correo3.png\",\"width\":1000,\"height\":300},{\"@type\":\"BreadcrumbList\",\"@id\":\"https:\/\/ajeandalucia.org\/cadiz\/2016\/10\/10\/llega-el-xx-congreso-nacional-de-jovenes-empresarios\/#breadcrumb\",\"itemListElement\":[{\"@type\":\"ListItem\",\"position\":1,\"name\":\"Portada\",\"item\":\"https:\/\/ajeandalucia.org\/cadiz\/\"},{\"@type\":\"ListItem\",\"position\":2,\"name\":\"LLEGA EL XX CONGRESO NACIONAL DE J\u00d3VENES EMPRESARIOS!!!\"}]},{\"@type\":\"WebSite\",\"@id\":\"https:\/\/ajeandalucia.org\/cadiz\/#website\",\"url\":\"https:\/\/ajeandalucia.org\/cadiz\/\",\"name\":\"AJE C\u00e1diz\",\"description\":\"Otro sitio m\u00e1s de AJE Andaluc\u00eda\",\"publisher\":{\"@id\":\"https:\/\/ajeandalucia.org\/cadiz\/#organization\"},\"potentialAction\":[{\"@type\":\"SearchAction\",\"target\":{\"@type\":\"EntryPoint\",\"urlTemplate\":\"https:\/\/ajeandalucia.org\/cadiz\/?s={search_term_string}\"},\"query-input\":{\"@type\":\"PropertyValueSpecification\",\"valueRequired\":true,\"valueName\":\"search_term_string\"}}],\"inLanguage\":\"es\"},{\"@type\":\"Organization\",\"@id\":\"https:\/\/ajeandalucia.org\/cadiz\/#organization\",\"name\":\"AJE C\u00e1diz\",\"url\":\"https:\/\/ajeandalucia.org\/cadiz\/\",\"logo\":{\"@type\":\"ImageObject\",\"inLanguage\":\"es\",\"@id\":\"https:\/\/ajeandalucia.org\/cadiz\/#\/schema\/logo\/image\/\",\"url\":\"https:\/\/ajeandalucia.org\/cadiz\/wp-content\/uploads\/sites\/5\/2025\/01\/AJE-CADIZ-horizontal.png\",\"contentUrl\":\"https:\/\/ajeandalucia.org\/cadiz\/wp-content\/uploads\/sites\/5\/2025\/01\/AJE-CADIZ-horizontal.png\",\"width\":605,\"height\":200,\"caption\":\"AJE C\u00e1diz\"},\"image\":{\"@id\":\"https:\/\/ajeandalucia.org\/cadiz\/#\/schema\/logo\/image\/\"}},{\"@type\":\"Person\",\"@id\":\"https:\/\/ajeandalucia.org\/cadiz\/#\/schema\/person\/dce63ebda5f85792a4f3061905a9f15a\",\"name\":\"cadiz\",\"image\":{\"@type\":\"ImageObject\",\"inLanguage\":\"es\",\"@id\":\"https:\/\/ajeandalucia.org\/cadiz\/#\/schema\/person\/image\/\",\"url\":\"https:\/\/secure.gravatar.com\/avatar\/e60287d271698686eba86c2f7f8485140fdb3db29714804eebe944be2ec6f47b?s=96&d=mm&r=g\",\"contentUrl\":\"https:\/\/secure.gravatar.com\/avatar\/e60287d271698686eba86c2f7f8485140fdb3db29714804eebe944be2ec6f47b?s=96&d=mm&r=g\",\"caption\":\"cadiz\"},\"url\":\"https:\/\/ajeandalucia.org\/cadiz\/author\/cadiz\/\"}]}<\/script>\n<!-- \/ Yoast SEO plugin. -->","yoast_head_json":{"title":"LLEGA EL XX CONGRESO NACIONAL DE J\u00d3VENES EMPRESARIOS!!! - AJE C\u00e1diz","robots":{"index":"index","follow":"follow","max-snippet":"max-snippet:-1","max-image-preview":"max-image-preview:large","max-video-preview":"max-video-preview:-1"},"canonical":"https:\/\/ajeandalucia.org\/cadiz\/2016\/10\/10\/llega-el-xx-congreso-nacional-de-jovenes-empresarios\/","og_locale":"es_ES","og_type":"article","og_title":"LLEGA EL XX CONGRESO NACIONAL DE J\u00d3VENES EMPRESARIOS!!! - AJE C\u00e1diz","og_description":"Abierto el Plazo de inscripciones para el XX CONGRESO NACIONAL DE J\u00d3VENES EMPRESARIOS, organizado por la CONFEDERACI\u00d3N ESPA\u00d1OLA DE J\u00d3VENES [&hellip;]","og_url":"https:\/\/ajeandalucia.org\/cadiz\/2016\/10\/10\/llega-el-xx-congreso-nacional-de-jovenes-empresarios\/","og_site_name":"AJE C\u00e1diz","article_published_time":"2016-10-10T16:40:55+00:00","article_modified_time":"2016-10-31T16:41:20+00:00","og_image":[{"width":1000,"height":300,"url":"https:\/\/ajeandalucia.org\/cadiz\/wp-content\/uploads\/sites\/5\/2016\/10\/cabecera.correo3.png","type":"image\/png"}],"author":"cadiz","twitter_card":"summary_large_image","twitter_misc":{"Escrito por":"cadiz","Tiempo de lectura":"2 minutos"},"schema":{"@context":"https:\/\/schema.org","@graph":[{"@type":"Article","@id":"https:\/\/ajeandalucia.org\/cadiz\/2016\/10\/10\/llega-el-xx-congreso-nacional-de-jovenes-empresarios\/#article","isPartOf":{"@id":"https:\/\/ajeandalucia.org\/cadiz\/2016\/10\/10\/llega-el-xx-congreso-nacional-de-jovenes-empresarios\/"},"author":{"name":"cadiz","@id":"https:\/\/ajeandalucia.org\/cadiz\/#\/schema\/person\/dce63ebda5f85792a4f3061905a9f15a"},"headline":"LLEGA EL XX CONGRESO NACIONAL DE J\u00d3VENES EMPRESARIOS!!!","datePublished":"2016-10-10T16:40:55+00:00","dateModified":"2016-10-31T16:41:20+00:00","mainEntityOfPage":{"@id":"https:\/\/ajeandalucia.org\/cadiz\/2016\/10\/10\/llega-el-xx-congreso-nacional-de-jovenes-empresarios\/"},"wordCount":317,"commentCount":0,"publisher":{"@id":"https:\/\/ajeandalucia.org\/cadiz\/#organization"},"image":{"@id":"https:\/\/ajeandalucia.org\/cadiz\/2016\/10\/10\/llega-el-xx-congreso-nacional-de-jovenes-empresarios\/#primaryimage"},"thumbnailUrl":"https:\/\/ajeandalucia.org\/cadiz\/wp-content\/uploads\/sites\/5\/2016\/10\/cabecera.correo3.png","articleSection":["Noticias"],"inLanguage":"es","potentialAction":[{"@type":"CommentAction","name":"Comment","target":["https:\/\/ajeandalucia.org\/cadiz\/2016\/10\/10\/llega-el-xx-congreso-nacional-de-jovenes-empresarios\/#respond"]}]},{"@type":"WebPage","@id":"https:\/\/ajeandalucia.org\/cadiz\/2016\/10\/10\/llega-el-xx-congreso-nacional-de-jovenes-empresarios\/","url":"https:\/\/ajeandalucia.org\/cadiz\/2016\/10\/10\/llega-el-xx-congreso-nacional-de-jovenes-empresarios\/","name":"LLEGA EL XX CONGRESO NACIONAL DE J\u00d3VENES EMPRESARIOS!!! - AJE C\u00e1diz","isPartOf":{"@id":"https:\/\/ajeandalucia.org\/cadiz\/#website"},"primaryImageOfPage":{"@id":"https:\/\/ajeandalucia.org\/cadiz\/2016\/10\/10\/llega-el-xx-congreso-nacional-de-jovenes-empresarios\/#primaryimage"},"image":{"@id":"https:\/\/ajeandalucia.org\/cadiz\/2016\/10\/10\/llega-el-xx-congreso-nacional-de-jovenes-empresarios\/#primaryimage"},"thumbnailUrl":"https:\/\/ajeandalucia.org\/cadiz\/wp-content\/uploads\/sites\/5\/2016\/10\/cabecera.correo3.png","datePublished":"2016-10-10T16:40:55+00:00","dateModified":"2016-10-31T16:41:20+00:00","breadcrumb":{"@id":"https:\/\/ajeandalucia.org\/cadiz\/2016\/10\/10\/llega-el-xx-congreso-nacional-de-jovenes-empresarios\/#breadcrumb"},"inLanguage":"es","potentialAction":[{"@type":"ReadAction","target":["https:\/\/ajeandalucia.org\/cadiz\/2016\/10\/10\/llega-el-xx-congreso-nacional-de-jovenes-empresarios\/"]}]},{"@type":"ImageObject","inLanguage":"es","@id":"https:\/\/ajeandalucia.org\/cadiz\/2016\/10\/10\/llega-el-xx-congreso-nacional-de-jovenes-empresarios\/#primaryimage","url":"https:\/\/ajeandalucia.org\/cadiz\/wp-content\/uploads\/sites\/5\/2016\/10\/cabecera.correo3.png","contentUrl":"https:\/\/ajeandalucia.org\/cadiz\/wp-content\/uploads\/sites\/5\/2016\/10\/cabecera.correo3.png","width":1000,"height":300},{"@type":"BreadcrumbList","@id":"https:\/\/ajeandalucia.org\/cadiz\/2016\/10\/10\/llega-el-xx-congreso-nacional-de-jovenes-empresarios\/#breadcrumb","itemListElement":[{"@type":"ListItem","position":1,"name":"Portada","item":"https:\/\/ajeandalucia.org\/cadiz\/"},{"@type":"ListItem","position":2,"name":"LLEGA EL XX CONGRESO NACIONAL DE J\u00d3VENES EMPRESARIOS!!!"}]},{"@type":"WebSite","@id":"https:\/\/ajeandalucia.org\/cadiz\/#website","url":"https:\/\/ajeandalucia.org\/cadiz\/","name":"AJE C\u00e1diz","description":"Otro sitio m\u00e1s de AJE Andaluc\u00eda","publisher":{"@id":"https:\/\/ajeandalucia.org\/cadiz\/#organization"},"potentialAction":[{"@type":"SearchAction","target":{"@type":"EntryPoint","urlTemplate":"https:\/\/ajeandalucia.org\/cadiz\/?s={search_term_string}"},"query-input":{"@type":"PropertyValueSpecification","valueRequired":true,"valueName":"search_term_string"}}],"inLanguage":"es"},{"@type":"Organization","@id":"https:\/\/ajeandalucia.org\/cadiz\/#organization","name":"AJE C\u00e1diz","url":"https:\/\/ajeandalucia.org\/cadiz\/","logo":{"@type":"ImageObject","inLanguage":"es","@id":"https:\/\/ajeandalucia.org\/cadiz\/#\/schema\/logo\/image\/","url":"https:\/\/ajeandalucia.org\/cadiz\/wp-content\/uploads\/sites\/5\/2025\/01\/AJE-CADIZ-horizontal.png","contentUrl":"https:\/\/ajeandalucia.org\/cadiz\/wp-content\/uploads\/sites\/5\/2025\/01\/AJE-CADIZ-horizontal.png","width":605,"height":200,"caption":"AJE C\u00e1diz"},"image":{"@id":"https:\/\/ajeandalucia.org\/cadiz\/#\/schema\/logo\/image\/"}},{"@type":"Person","@id":"https:\/\/ajeandalucia.org\/cadiz\/#\/schema\/person\/dce63ebda5f85792a4f3061905a9f15a","name":"cadiz","image":{"@type":"ImageObject","inLanguage":"es","@id":"https:\/\/ajeandalucia.org\/cadiz\/#\/schema\/person\/image\/","url":"https:\/\/secure.gravatar.com\/avatar\/e60287d271698686eba86c2f7f8485140fdb3db29714804eebe944be2ec6f47b?s=96&d=mm&r=g","contentUrl":"https:\/\/secure.gravatar.com\/avatar\/e60287d271698686eba86c2f7f8485140fdb3db29714804eebe944be2ec6f47b?s=96&d=mm&r=g","caption":"cadiz"},"url":"https:\/\/ajeandalucia.org\/cadiz\/author\/cadiz\/"}]}},"_links":{"self":[{"href":"https:\/\/ajeandalucia.org\/cadiz\/wp-json\/wp\/v2\/posts\/348","targetHints":{"allow":["GET"]}}],"collection":[{"href":"https:\/\/ajeandalucia.org\/cadiz\/wp-json\/wp\/v2\/posts"}],"about":[{"href":"https:\/\/ajeandalucia.org\/cadiz\/wp-json\/wp\/v2\/types\/post"}],"author":[{"embeddable":true,"href":"https:\/\/ajeandalucia.org\/cadiz\/wp-json\/wp\/v2\/users\/4"}],"replies":[{"embeddable":true,"href":"https:\/\/ajeandalucia.org\/cadiz\/wp-json\/wp\/v2\/comments?post=348"}],"version-history":[{"count":1,"href":"https:\/\/ajeandalucia.org\/cadiz\/wp-json\/wp\/v2\/posts\/348\/revisions"}],"predecessor-version":[{"id":350,"href":"https:\/\/ajeandalucia.org\/cadiz\/wp-json\/wp\/v2\/posts\/348\/revisions\/350"}],"wp:featuredmedia":[{"embeddable":true,"href":"https:\/\/ajeandalucia.org\/cadiz\/wp-json\/wp\/v2\/media\/349"}],"wp:attachment":[{"href":"https:\/\/ajeandalucia.org\/cadiz\/wp-json\/wp\/v2\/media?parent=348"}],"wp:term":[{"taxonomy":"category","embeddable":true,"href":"https:\/\/ajeandalucia.org\/cadiz\/wp-json\/wp\/v2\/categories?post=348"},{"taxonomy":"post_tag","embeddable":true,"href":"https:\/\/ajeandalucia.org\/cadiz\/wp-json\/wp\/v2\/tags?post=348"}],"curies":[{"name":"wp","href":"https:\/\/api.w.org\/{rel}","templated":true}]}}