{"id":374,"date":"2016-11-22T09:15:43","date_gmt":"2016-11-22T09:15:43","guid":{"rendered":"http:\/\/www.ajeandalucia.org\/cadiz\/?p=374"},"modified":"2016-11-24T10:02:31","modified_gmt":"2016-11-24T10:02:31","slug":"viii-premios-uno-a-la-integracion-laboral-de-discapacitados","status":"publish","type":"post","link":"https:\/\/ajeandalucia.org\/cadiz\/2016\/11\/22\/viii-premios-uno-a-la-integracion-laboral-de-discapacitados\/","title":{"rendered":"VIII Premios Uno a la Integraci\u00f3n Laboral de Discapacitados"},"content":{"rendered":"<header class=\"entry-content-header\">\n<h1 class=\"post-title entry-title\"><\/h1>\n<p><span class=\"post-meta-infos\">20 de noviembre de 2016<span class=\"esconder\"> \/ <span class=\"blog-categories minor-meta\">en <a title=\"Noticias\" href=\"http:\/\/www.empresariosdecadiz.es\/categoria\/noticias\/\">Noticias<\/a><\/span><span class=\"text-sep text-sep-cat\">\/<\/span><span class=\"blog-author minor-meta\">por <span class=\"entry-author-link\"><span class=\"vcard author\"><span class=\"fn\"><a title=\"Entradas de Empresarios de C\u00e1diz\" href=\"http:\/\/www.empresariosdecadiz.es\/author\/empresarios-de-cadiz\/\" rel=\"author\">Empresarios de C\u00e1diz<\/a><\/span><\/span><\/span><\/span><\/span><\/span><\/p>\n<\/header>\n<div class=\"entry-content\">\n<p>Las empresas <strong>Puertoclean, Auraser 24 y Dectathlon Jerez<\/strong> han resultado ganadoras de la <strong>VIII edici\u00f3n de los Premios UNO<\/strong>a la integraci\u00f3n laboral de personas con discapacidad, que otorgan el <strong>Centro de Recuperaci\u00f3n de Personas con Discapacidad F\u00edsica (CRMF)<\/strong> de San Fernando, la <strong>Federaci\u00f3n Gaditana De Personas Con Discapacidad F\u00edsica y Org\u00e1nica (FEGADI)<\/strong> y la <strong>Confederaci\u00f3n de Empresarios de la provincia de C\u00e1diz.<\/strong><\/p>\n<p>Estas tres empresas han recibido este viernes\u00a0el premio \u2013obra del artista <strong>Antoni Gabarre<\/strong>&#8211; en el transcurso de una ceremonia celebrada en la sede de la <strong>CEC en C\u00e1diz<\/strong>, en presencia de una nutrida representaci\u00f3n empresarial y de colectivos en favor de la integraci\u00f3n de toda la provincia.<\/p>\n<p>Los Premios UNO se otorgan a aquellas empresas que favorecen la incorporaci\u00f3n a sus plantillas de personas con discapacidad, o bien, en la adaptaci\u00f3n de los puestos de trabajo al personal que as\u00ed lo requiera.<\/p>\n<p>En la misma ceremonia, tambi\u00e9n se ha hecho entrega de una menci\u00f3n especial al <strong>Club de Deporte Adaptado Bah\u00eda de C\u00e1diz,<\/strong> como reconocimiento a su trayectoria en el mundo del deporte adaptado.<\/p>\n<p>Han presidido el acto la directora gerente del CRMF-Imserso de San Fernando, <strong>Concha Mayoral Mayoral<\/strong>; el vicepresidente de FEGADI COCEMFE, <strong>Francisco M\u00e1rquez Li\u00f1\u00e1n<\/strong> y <strong>Javier S\u00e1nchez Rojas<\/strong>, presidente de la Confederaci\u00f3n de Empresarios de la provincia de C\u00e1diz.<\/p>\n<p>En sus intervenciones, han destacado el sentido de responsabilidad de estas empresas a la hora de incorporar y normalizar la vida de personas con alg\u00fan tipo de discapacidad, poniendo de relieve la evoluci\u00f3n que, en esta materia, se ha experimentado desde los primeros Premios Uno, hace doce a\u00f1os, hasta el nivel de sensibilizaci\u00f3n actual, haciendo una llamada a seguir recorriendo el largo camino a\u00fan pendiente para la plena integraci\u00f3n laboral de personas con discapacidad.<\/p>\n<p>En nuestro perfil de <a href=\"https:\/\/www.facebook.com\/pg\/ceccadiz\/photos\/?tab=album&amp;album_id=10153898093686300\">Facebook<\/a> puedes acceder a un \u00e1lbum con la fotograf\u00edas de la ceremonia.<\/p>\n<p><strong>Rese\u00f1a de las empresas ganadoras<\/strong><\/p>\n<p><strong>PUERTOCLEAN.<\/strong> Es una empresa especializada en Limpieza y Mantenimiento creada hace 6 a\u00f1os, con la finalidad de prestar un servicio profesional y especializado en\u00a0 Andaluc\u00eda, oficinas e instalaciones: industria, restauraci\u00f3n, centros sanitarios, comunidades, comercios, grandes superficies y educaci\u00f3n.<\/p>\n<p>En Puerto Clean consideran que las empresas son parte del tejido social. Dedican esfuerzos en su plan de acci\u00f3n social a la incorporaci\u00f3n de personas con discapacidad, algo que, para su direcci\u00f3n, no es solo un reto, sino una obligaci\u00f3n.<\/p>\n<p><strong>AURASER 24<\/strong> nace, hace algo m\u00e1s de dos a\u00f1os, fruto de las inquietudes emprendedoras de dos j\u00f3venes hermanos, Teresa y Francisco Jos\u00e9. Desde el inicio de sus actividades en marzo de 2014, esta mercantil ha ido paulatinamente implic\u00e1ndose cada vez m\u00e1s en la integraci\u00f3n laboral. Lo que en un principio surgi\u00f3 como una inquietud, se ha ido tornando en un compromiso diario; compromiso con la sociedad y compromiso con la integraci\u00f3n.<\/p>\n<p>No podemos olvidar que como empresa que ofrece servicios, Auraser24 depende en gran medida de su Capital Humano y conf\u00eda en la excelencia que le ha proporcionado su personal.<\/p>\n<p>Como empresa con vocaci\u00f3n de expansi\u00f3n y crecimiento, Auraser 24, desde sus comienzos, viene ofreciendo, como valor a\u00f1adido a sus clientes, una pol\u00edtica de Responsabilidad Social Empresarial, apostando decididamente por la formaci\u00f3n e integraci\u00f3n de todos y cada uno de sus trabajadores.<\/p>\n<p><strong>DECATHLON JEREZ<\/strong> tiene como sentido de empresa \u201chacer accesible el deporte al mayor n\u00famero de personas, sin ning\u00fan tipo de distinci\u00f3n\u201d.<\/p>\n<p>Por ello, desde que se abri\u00f3 la tienda de Jerez, en octubre del 2010 y bajo el lema \u201cEn Decathlon Jerez de la Frontera rompemos Barreras\u201d, ha incluido la inserci\u00f3n laboral de personas con discapacidad.<\/p>\n<p>Respecto a lo deportivo, Decathlon realiza multitud de eventos con colectivos que trabajan con personas de otras capacidades para disfrutar juntos del deporte. En Decathlon Jerez se sienten orgullosos de no poner barreras. Han llegado a tener un 11% de la plantilla (de aproximadamente 100 trabajadores) de personas discapacitadas. En la actualidad cuentan en su n\u00f3mina con personas con discapacidad f\u00edsica, ps\u00edquica, sensorial e intelectual.<\/p>\n<p><strong>CLUB DE DEPORTE ADAPTADO BAH\u00cdA DE C\u00c1DIZ, <\/strong>una de las entidades de deporte adaptado m\u00e1s antiguas de Andaluc\u00eda. Su m\u00e1ximo logro deportivo ha sido competir en Divisi\u00f3n de Honor de baloncesto en silla de ruedas.\u00a0 Con el transcurso de los a\u00f1os la gama de deportes que se practican en el seno del club se ha ido ampliando: P\u00e1del en Silla de Ruedas, nataci\u00f3n, tenis, landsaling, handbike, etc.<\/p>\n<\/div>\n","protected":false},"excerpt":{"rendered":"<p>20 de noviembre de 2016 \/ en Noticias\/por Empresarios de C\u00e1diz Las empresas Puertoclean, Auraser 24 y Dectathlon Jerez han [&hellip;]<\/p>\n","protected":false},"author":4,"featured_media":375,"comment_status":"open","ping_status":"open","sticky":false,"template":"","format":"standard","meta":{"_acf_changed":false,"site-sidebar-layout":"default","site-content-layout":"","ast-site-content-layout":"default","site-content-style":"default","site-sidebar-style":"default","ast-global-header-display":"","ast-banner-title-visibility":"","ast-main-header-display":"","ast-hfb-above-header-display":"","ast-hfb-below-header-display":"","ast-hfb-mobile-header-display":"","site-post-title":"","ast-breadcrumbs-content":"","ast-featured-img":"","footer-sml-layout":"","ast-disable-related-posts":"","theme-transparent-header-meta":"","adv-header-id-meta":"","stick-header-meta":"","header-above-stick-meta":"","header-main-stick-meta":"","header-below-stick-meta":"","astra-migrate-meta-layouts":"default","ast-page-background-enabled":"default","ast-page-background-meta":{"desktop":{"background-color":"var(--ast-global-color-5)","background-image":"","background-repeat":"repeat","background-position":"center center","background-size":"auto","background-attachment":"scroll","background-type":"","background-media":"","overlay-type":"","overlay-color":"","overlay-opacity":"","overlay-gradient":""},"tablet":{"background-color":"","background-image":"","background-repeat":"repeat","background-position":"center center","background-size":"auto","background-attachment":"scroll","background-type":"","background-media":"","overlay-type":"","overlay-color":"","overlay-opacity":"","overlay-gradient":""},"mobile":{"background-color":"","background-image":"","background-repeat":"repeat","background-position":"center center","background-size":"auto","background-attachment":"scroll","background-type":"","background-media":"","overlay-type":"","overlay-color":"","overlay-opacity":"","overlay-gradient":""}},"ast-content-background-meta":{"desktop":{"background-color":"var(--ast-global-color-4)","background-image":"","background-repeat":"repeat","background-position":"center center","background-size":"auto","background-attachment":"scroll","background-type":"","background-media":"","overlay-type":"","overlay-color":"","overlay-opacity":"","overlay-gradient":""},"tablet":{"background-color":"var(--ast-global-color-4)","background-image":"","background-repeat":"repeat","background-position":"center center","background-size":"auto","background-attachment":"scroll","background-type":"","background-media":"","overlay-type":"","overlay-color":"","overlay-opacity":"","overlay-gradient":""},"mobile":{"background-color":"var(--ast-global-color-4)","background-image":"","background-repeat":"repeat","background-position":"center center","background-size":"auto","background-attachment":"scroll","background-type":"","background-media":"","overlay-type":"","overlay-color":"","overlay-opacity":"","overlay-gradient":""}},"footnotes":""},"categories":[8],"tags":[],"class_list":["post-374","post","type-post","status-publish","format-standard","has-post-thumbnail","hentry","category-noticias"],"acf":[],"yoast_head":"<!-- This site is optimized with the Yoast SEO plugin v26.9 - https:\/\/yoast.com\/product\/yoast-seo-wordpress\/ -->\n<title>VIII Premios Uno a la Integraci\u00f3n Laboral de Discapacitados - AJE C\u00e1diz<\/title>\n<meta name=\"robots\" content=\"index, follow, max-snippet:-1, max-image-preview:large, max-video-preview:-1\" \/>\n<link rel=\"canonical\" href=\"https:\/\/ajeandalucia.org\/cadiz\/2016\/11\/22\/viii-premios-uno-a-la-integracion-laboral-de-discapacitados\/\" \/>\n<meta property=\"og:locale\" content=\"es_ES\" \/>\n<meta property=\"og:type\" content=\"article\" \/>\n<meta property=\"og:title\" content=\"VIII Premios Uno a la Integraci\u00f3n Laboral de Discapacitados - AJE C\u00e1diz\" \/>\n<meta property=\"og:description\" content=\"20 de noviembre de 2016 \/ en Noticias\/por Empresarios de C\u00e1diz Las empresas Puertoclean, Auraser 24 y Dectathlon Jerez han [&hellip;]\" \/>\n<meta property=\"og:url\" content=\"https:\/\/ajeandalucia.org\/cadiz\/2016\/11\/22\/viii-premios-uno-a-la-integracion-laboral-de-discapacitados\/\" \/>\n<meta property=\"og:site_name\" content=\"AJE C\u00e1diz\" \/>\n<meta property=\"article:published_time\" content=\"2016-11-22T09:15:43+00:00\" \/>\n<meta property=\"article:modified_time\" content=\"2016-11-24T10:02:31+00:00\" \/>\n<meta property=\"og:image\" content=\"https:\/\/ajeandalucia.org\/cadiz\/wp-content\/uploads\/sites\/5\/2016\/11\/premios-uno-curro.jpg\" \/>\n\t<meta property=\"og:image:width\" content=\"1030\" \/>\n\t<meta property=\"og:image:height\" content=\"687\" \/>\n\t<meta property=\"og:image:type\" content=\"image\/jpeg\" \/>\n<meta name=\"author\" content=\"cadiz\" \/>\n<meta name=\"twitter:card\" content=\"summary_large_image\" \/>\n<meta name=\"twitter:label1\" content=\"Escrito por\" \/>\n\t<meta name=\"twitter:data1\" content=\"cadiz\" \/>\n\t<meta name=\"twitter:label2\" content=\"Tiempo de lectura\" \/>\n\t<meta name=\"twitter:data2\" content=\"4 minutos\" \/>\n<script type=\"application\/ld+json\" class=\"yoast-schema-graph\">{\"@context\":\"https:\/\/schema.org\",\"@graph\":[{\"@type\":\"Article\",\"@id\":\"https:\/\/ajeandalucia.org\/cadiz\/2016\/11\/22\/viii-premios-uno-a-la-integracion-laboral-de-discapacitados\/#article\",\"isPartOf\":{\"@id\":\"https:\/\/ajeandalucia.org\/cadiz\/2016\/11\/22\/viii-premios-uno-a-la-integracion-laboral-de-discapacitados\/\"},\"author\":{\"name\":\"cadiz\",\"@id\":\"https:\/\/ajeandalucia.org\/cadiz\/#\/schema\/person\/dce63ebda5f85792a4f3061905a9f15a\"},\"headline\":\"VIII Premios Uno a la Integraci\u00f3n Laboral de Discapacitados\",\"datePublished\":\"2016-11-22T09:15:43+00:00\",\"dateModified\":\"2016-11-24T10:02:31+00:00\",\"mainEntityOfPage\":{\"@id\":\"https:\/\/ajeandalucia.org\/cadiz\/2016\/11\/22\/viii-premios-uno-a-la-integracion-laboral-de-discapacitados\/\"},\"wordCount\":799,\"commentCount\":0,\"publisher\":{\"@id\":\"https:\/\/ajeandalucia.org\/cadiz\/#organization\"},\"image\":{\"@id\":\"https:\/\/ajeandalucia.org\/cadiz\/2016\/11\/22\/viii-premios-uno-a-la-integracion-laboral-de-discapacitados\/#primaryimage\"},\"thumbnailUrl\":\"https:\/\/ajeandalucia.org\/cadiz\/wp-content\/uploads\/sites\/5\/2016\/11\/premios-uno-curro.jpg\",\"articleSection\":[\"Noticias\"],\"inLanguage\":\"es\",\"potentialAction\":[{\"@type\":\"CommentAction\",\"name\":\"Comment\",\"target\":[\"https:\/\/ajeandalucia.org\/cadiz\/2016\/11\/22\/viii-premios-uno-a-la-integracion-laboral-de-discapacitados\/#respond\"]}]},{\"@type\":\"WebPage\",\"@id\":\"https:\/\/ajeandalucia.org\/cadiz\/2016\/11\/22\/viii-premios-uno-a-la-integracion-laboral-de-discapacitados\/\",\"url\":\"https:\/\/ajeandalucia.org\/cadiz\/2016\/11\/22\/viii-premios-uno-a-la-integracion-laboral-de-discapacitados\/\",\"name\":\"VIII Premios Uno a la Integraci\u00f3n Laboral de Discapacitados - AJE C\u00e1diz\",\"isPartOf\":{\"@id\":\"https:\/\/ajeandalucia.org\/cadiz\/#website\"},\"primaryImageOfPage\":{\"@id\":\"https:\/\/ajeandalucia.org\/cadiz\/2016\/11\/22\/viii-premios-uno-a-la-integracion-laboral-de-discapacitados\/#primaryimage\"},\"image\":{\"@id\":\"https:\/\/ajeandalucia.org\/cadiz\/2016\/11\/22\/viii-premios-uno-a-la-integracion-laboral-de-discapacitados\/#primaryimage\"},\"thumbnailUrl\":\"https:\/\/ajeandalucia.org\/cadiz\/wp-content\/uploads\/sites\/5\/2016\/11\/premios-uno-curro.jpg\",\"datePublished\":\"2016-11-22T09:15:43+00:00\",\"dateModified\":\"2016-11-24T10:02:31+00:00\",\"breadcrumb\":{\"@id\":\"https:\/\/ajeandalucia.org\/cadiz\/2016\/11\/22\/viii-premios-uno-a-la-integracion-laboral-de-discapacitados\/#breadcrumb\"},\"inLanguage\":\"es\",\"potentialAction\":[{\"@type\":\"ReadAction\",\"target\":[\"https:\/\/ajeandalucia.org\/cadiz\/2016\/11\/22\/viii-premios-uno-a-la-integracion-laboral-de-discapacitados\/\"]}]},{\"@type\":\"ImageObject\",\"inLanguage\":\"es\",\"@id\":\"https:\/\/ajeandalucia.org\/cadiz\/2016\/11\/22\/viii-premios-uno-a-la-integracion-laboral-de-discapacitados\/#primaryimage\",\"url\":\"https:\/\/ajeandalucia.org\/cadiz\/wp-content\/uploads\/sites\/5\/2016\/11\/premios-uno-curro.jpg\",\"contentUrl\":\"https:\/\/ajeandalucia.org\/cadiz\/wp-content\/uploads\/sites\/5\/2016\/11\/premios-uno-curro.jpg\",\"width\":1030,\"height\":687},{\"@type\":\"BreadcrumbList\",\"@id\":\"https:\/\/ajeandalucia.org\/cadiz\/2016\/11\/22\/viii-premios-uno-a-la-integracion-laboral-de-discapacitados\/#breadcrumb\",\"itemListElement\":[{\"@type\":\"ListItem\",\"position\":1,\"name\":\"Portada\",\"item\":\"https:\/\/ajeandalucia.org\/cadiz\/\"},{\"@type\":\"ListItem\",\"position\":2,\"name\":\"VIII Premios Uno a la Integraci\u00f3n Laboral de Discapacitados\"}]},{\"@type\":\"WebSite\",\"@id\":\"https:\/\/ajeandalucia.org\/cadiz\/#website\",\"url\":\"https:\/\/ajeandalucia.org\/cadiz\/\",\"name\":\"AJE C\u00e1diz\",\"description\":\"Otro sitio m\u00e1s de AJE Andaluc\u00eda\",\"publisher\":{\"@id\":\"https:\/\/ajeandalucia.org\/cadiz\/#organization\"},\"potentialAction\":[{\"@type\":\"SearchAction\",\"target\":{\"@type\":\"EntryPoint\",\"urlTemplate\":\"https:\/\/ajeandalucia.org\/cadiz\/?s={search_term_string}\"},\"query-input\":{\"@type\":\"PropertyValueSpecification\",\"valueRequired\":true,\"valueName\":\"search_term_string\"}}],\"inLanguage\":\"es\"},{\"@type\":\"Organization\",\"@id\":\"https:\/\/ajeandalucia.org\/cadiz\/#organization\",\"name\":\"AJE C\u00e1diz\",\"url\":\"https:\/\/ajeandalucia.org\/cadiz\/\",\"logo\":{\"@type\":\"ImageObject\",\"inLanguage\":\"es\",\"@id\":\"https:\/\/ajeandalucia.org\/cadiz\/#\/schema\/logo\/image\/\",\"url\":\"https:\/\/ajeandalucia.org\/cadiz\/wp-content\/uploads\/sites\/5\/2025\/01\/AJE-CADIZ-horizontal.png\",\"contentUrl\":\"https:\/\/ajeandalucia.org\/cadiz\/wp-content\/uploads\/sites\/5\/2025\/01\/AJE-CADIZ-horizontal.png\",\"width\":605,\"height\":200,\"caption\":\"AJE C\u00e1diz\"},\"image\":{\"@id\":\"https:\/\/ajeandalucia.org\/cadiz\/#\/schema\/logo\/image\/\"}},{\"@type\":\"Person\",\"@id\":\"https:\/\/ajeandalucia.org\/cadiz\/#\/schema\/person\/dce63ebda5f85792a4f3061905a9f15a\",\"name\":\"cadiz\",\"image\":{\"@type\":\"ImageObject\",\"inLanguage\":\"es\",\"@id\":\"https:\/\/ajeandalucia.org\/cadiz\/#\/schema\/person\/image\/\",\"url\":\"https:\/\/secure.gravatar.com\/avatar\/e60287d271698686eba86c2f7f8485140fdb3db29714804eebe944be2ec6f47b?s=96&d=mm&r=g\",\"contentUrl\":\"https:\/\/secure.gravatar.com\/avatar\/e60287d271698686eba86c2f7f8485140fdb3db29714804eebe944be2ec6f47b?s=96&d=mm&r=g\",\"caption\":\"cadiz\"},\"url\":\"https:\/\/ajeandalucia.org\/cadiz\/author\/cadiz\/\"}]}<\/script>\n<!-- \/ Yoast SEO plugin. -->","yoast_head_json":{"title":"VIII Premios Uno a la Integraci\u00f3n Laboral de Discapacitados - AJE C\u00e1diz","robots":{"index":"index","follow":"follow","max-snippet":"max-snippet:-1","max-image-preview":"max-image-preview:large","max-video-preview":"max-video-preview:-1"},"canonical":"https:\/\/ajeandalucia.org\/cadiz\/2016\/11\/22\/viii-premios-uno-a-la-integracion-laboral-de-discapacitados\/","og_locale":"es_ES","og_type":"article","og_title":"VIII Premios Uno a la Integraci\u00f3n Laboral de Discapacitados - AJE C\u00e1diz","og_description":"20 de noviembre de 2016 \/ en Noticias\/por Empresarios de C\u00e1diz Las empresas Puertoclean, Auraser 24 y Dectathlon Jerez han [&hellip;]","og_url":"https:\/\/ajeandalucia.org\/cadiz\/2016\/11\/22\/viii-premios-uno-a-la-integracion-laboral-de-discapacitados\/","og_site_name":"AJE C\u00e1diz","article_published_time":"2016-11-22T09:15:43+00:00","article_modified_time":"2016-11-24T10:02:31+00:00","og_image":[{"width":1030,"height":687,"url":"https:\/\/ajeandalucia.org\/cadiz\/wp-content\/uploads\/sites\/5\/2016\/11\/premios-uno-curro.jpg","type":"image\/jpeg"}],"author":"cadiz","twitter_card":"summary_large_image","twitter_misc":{"Escrito por":"cadiz","Tiempo de lectura":"4 minutos"},"schema":{"@context":"https:\/\/schema.org","@graph":[{"@type":"Article","@id":"https:\/\/ajeandalucia.org\/cadiz\/2016\/11\/22\/viii-premios-uno-a-la-integracion-laboral-de-discapacitados\/#article","isPartOf":{"@id":"https:\/\/ajeandalucia.org\/cadiz\/2016\/11\/22\/viii-premios-uno-a-la-integracion-laboral-de-discapacitados\/"},"author":{"name":"cadiz","@id":"https:\/\/ajeandalucia.org\/cadiz\/#\/schema\/person\/dce63ebda5f85792a4f3061905a9f15a"},"headline":"VIII Premios Uno a la Integraci\u00f3n Laboral de Discapacitados","datePublished":"2016-11-22T09:15:43+00:00","dateModified":"2016-11-24T10:02:31+00:00","mainEntityOfPage":{"@id":"https:\/\/ajeandalucia.org\/cadiz\/2016\/11\/22\/viii-premios-uno-a-la-integracion-laboral-de-discapacitados\/"},"wordCount":799,"commentCount":0,"publisher":{"@id":"https:\/\/ajeandalucia.org\/cadiz\/#organization"},"image":{"@id":"https:\/\/ajeandalucia.org\/cadiz\/2016\/11\/22\/viii-premios-uno-a-la-integracion-laboral-de-discapacitados\/#primaryimage"},"thumbnailUrl":"https:\/\/ajeandalucia.org\/cadiz\/wp-content\/uploads\/sites\/5\/2016\/11\/premios-uno-curro.jpg","articleSection":["Noticias"],"inLanguage":"es","potentialAction":[{"@type":"CommentAction","name":"Comment","target":["https:\/\/ajeandalucia.org\/cadiz\/2016\/11\/22\/viii-premios-uno-a-la-integracion-laboral-de-discapacitados\/#respond"]}]},{"@type":"WebPage","@id":"https:\/\/ajeandalucia.org\/cadiz\/2016\/11\/22\/viii-premios-uno-a-la-integracion-laboral-de-discapacitados\/","url":"https:\/\/ajeandalucia.org\/cadiz\/2016\/11\/22\/viii-premios-uno-a-la-integracion-laboral-de-discapacitados\/","name":"VIII Premios Uno a la Integraci\u00f3n Laboral de Discapacitados - AJE C\u00e1diz","isPartOf":{"@id":"https:\/\/ajeandalucia.org\/cadiz\/#website"},"primaryImageOfPage":{"@id":"https:\/\/ajeandalucia.org\/cadiz\/2016\/11\/22\/viii-premios-uno-a-la-integracion-laboral-de-discapacitados\/#primaryimage"},"image":{"@id":"https:\/\/ajeandalucia.org\/cadiz\/2016\/11\/22\/viii-premios-uno-a-la-integracion-laboral-de-discapacitados\/#primaryimage"},"thumbnailUrl":"https:\/\/ajeandalucia.org\/cadiz\/wp-content\/uploads\/sites\/5\/2016\/11\/premios-uno-curro.jpg","datePublished":"2016-11-22T09:15:43+00:00","dateModified":"2016-11-24T10:02:31+00:00","breadcrumb":{"@id":"https:\/\/ajeandalucia.org\/cadiz\/2016\/11\/22\/viii-premios-uno-a-la-integracion-laboral-de-discapacitados\/#breadcrumb"},"inLanguage":"es","potentialAction":[{"@type":"ReadAction","target":["https:\/\/ajeandalucia.org\/cadiz\/2016\/11\/22\/viii-premios-uno-a-la-integracion-laboral-de-discapacitados\/"]}]},{"@type":"ImageObject","inLanguage":"es","@id":"https:\/\/ajeandalucia.org\/cadiz\/2016\/11\/22\/viii-premios-uno-a-la-integracion-laboral-de-discapacitados\/#primaryimage","url":"https:\/\/ajeandalucia.org\/cadiz\/wp-content\/uploads\/sites\/5\/2016\/11\/premios-uno-curro.jpg","contentUrl":"https:\/\/ajeandalucia.org\/cadiz\/wp-content\/uploads\/sites\/5\/2016\/11\/premios-uno-curro.jpg","width":1030,"height":687},{"@type":"BreadcrumbList","@id":"https:\/\/ajeandalucia.org\/cadiz\/2016\/11\/22\/viii-premios-uno-a-la-integracion-laboral-de-discapacitados\/#breadcrumb","itemListElement":[{"@type":"ListItem","position":1,"name":"Portada","item":"https:\/\/ajeandalucia.org\/cadiz\/"},{"@type":"ListItem","position":2,"name":"VIII Premios Uno a la Integraci\u00f3n Laboral de Discapacitados"}]},{"@type":"WebSite","@id":"https:\/\/ajeandalucia.org\/cadiz\/#website","url":"https:\/\/ajeandalucia.org\/cadiz\/","name":"AJE C\u00e1diz","description":"Otro sitio m\u00e1s de AJE Andaluc\u00eda","publisher":{"@id":"https:\/\/ajeandalucia.org\/cadiz\/#organization"},"potentialAction":[{"@type":"SearchAction","target":{"@type":"EntryPoint","urlTemplate":"https:\/\/ajeandalucia.org\/cadiz\/?s={search_term_string}"},"query-input":{"@type":"PropertyValueSpecification","valueRequired":true,"valueName":"search_term_string"}}],"inLanguage":"es"},{"@type":"Organization","@id":"https:\/\/ajeandalucia.org\/cadiz\/#organization","name":"AJE C\u00e1diz","url":"https:\/\/ajeandalucia.org\/cadiz\/","logo":{"@type":"ImageObject","inLanguage":"es","@id":"https:\/\/ajeandalucia.org\/cadiz\/#\/schema\/logo\/image\/","url":"https:\/\/ajeandalucia.org\/cadiz\/wp-content\/uploads\/sites\/5\/2025\/01\/AJE-CADIZ-horizontal.png","contentUrl":"https:\/\/ajeandalucia.org\/cadiz\/wp-content\/uploads\/sites\/5\/2025\/01\/AJE-CADIZ-horizontal.png","width":605,"height":200,"caption":"AJE C\u00e1diz"},"image":{"@id":"https:\/\/ajeandalucia.org\/cadiz\/#\/schema\/logo\/image\/"}},{"@type":"Person","@id":"https:\/\/ajeandalucia.org\/cadiz\/#\/schema\/person\/dce63ebda5f85792a4f3061905a9f15a","name":"cadiz","image":{"@type":"ImageObject","inLanguage":"es","@id":"https:\/\/ajeandalucia.org\/cadiz\/#\/schema\/person\/image\/","url":"https:\/\/secure.gravatar.com\/avatar\/e60287d271698686eba86c2f7f8485140fdb3db29714804eebe944be2ec6f47b?s=96&d=mm&r=g","contentUrl":"https:\/\/secure.gravatar.com\/avatar\/e60287d271698686eba86c2f7f8485140fdb3db29714804eebe944be2ec6f47b?s=96&d=mm&r=g","caption":"cadiz"},"url":"https:\/\/ajeandalucia.org\/cadiz\/author\/cadiz\/"}]}},"_links":{"self":[{"href":"https:\/\/ajeandalucia.org\/cadiz\/wp-json\/wp\/v2\/posts\/374","targetHints":{"allow":["GET"]}}],"collection":[{"href":"https:\/\/ajeandalucia.org\/cadiz\/wp-json\/wp\/v2\/posts"}],"about":[{"href":"https:\/\/ajeandalucia.org\/cadiz\/wp-json\/wp\/v2\/types\/post"}],"author":[{"embeddable":true,"href":"https:\/\/ajeandalucia.org\/cadiz\/wp-json\/wp\/v2\/users\/4"}],"replies":[{"embeddable":true,"href":"https:\/\/ajeandalucia.org\/cadiz\/wp-json\/wp\/v2\/comments?post=374"}],"version-history":[{"count":2,"href":"https:\/\/ajeandalucia.org\/cadiz\/wp-json\/wp\/v2\/posts\/374\/revisions"}],"predecessor-version":[{"id":380,"href":"https:\/\/ajeandalucia.org\/cadiz\/wp-json\/wp\/v2\/posts\/374\/revisions\/380"}],"wp:featuredmedia":[{"embeddable":true,"href":"https:\/\/ajeandalucia.org\/cadiz\/wp-json\/wp\/v2\/media\/375"}],"wp:attachment":[{"href":"https:\/\/ajeandalucia.org\/cadiz\/wp-json\/wp\/v2\/media?parent=374"}],"wp:term":[{"taxonomy":"category","embeddable":true,"href":"https:\/\/ajeandalucia.org\/cadiz\/wp-json\/wp\/v2\/categories?post=374"},{"taxonomy":"post_tag","embeddable":true,"href":"https:\/\/ajeandalucia.org\/cadiz\/wp-json\/wp\/v2\/tags?post=374"}],"curies":[{"name":"wp","href":"https:\/\/api.w.org\/{rel}","templated":true}]}}