{"id":377,"date":"2016-11-23T09:55:38","date_gmt":"2016-11-23T09:55:38","guid":{"rendered":"http:\/\/www.ajeandalucia.org\/cadiz\/?p=377"},"modified":"2016-11-24T10:00:38","modified_gmt":"2016-11-24T10:00:38","slug":"jovenes-de-arcos-de-la-frontera-se-acercan-al-emprendimiento-de-la-mano-de-aje-cadiz-y-diputacion","status":"publish","type":"post","link":"https:\/\/ajeandalucia.org\/cadiz\/2016\/11\/23\/jovenes-de-arcos-de-la-frontera-se-acercan-al-emprendimiento-de-la-mano-de-aje-cadiz-y-diputacion\/","title":{"rendered":"J\u00d3VENES DE ARCOS DE LA FRONTERA SE ACERCAN AL EMPRENDIMIENTO DE LA MANO DE AJE C\u00c1DIZ Y DIPUTACI\u00d3N"},"content":{"rendered":"<p>La Asociaci\u00f3n de J\u00f3venes Empresarios de C\u00e1diz (AJE C\u00e1diz) ha organizado las <strong>Jornadas \u2018Emprende y crea tu camino\u2019<\/strong>, que se han desarrollado esta ma\u00f1ana en el IES Guadalpe\u00f1a de Arcos de la Frontera.<\/p>\n<p>&nbsp;<\/p>\n<p>All\u00ed, un nutrido grupo de j\u00f3venes estudiantes de Bachillerato y M\u00f3dulos Formativos, que en breve acceder\u00e1n al mercado laboral, han recibido <strong>informaci\u00f3n sobre la figura del aut\u00f3nomo<\/strong>, los pros y los contras de emprender, as\u00ed como cu\u00e1l es el proceso de creaci\u00f3n y puesta en marcha de un proyecto. Al mismo tiempo, se ha intentado derribar barreras mentales que frenan la puesta en marcha de proyectos emprendedores y que los alumnos vean esta opci\u00f3n como una realidad palpable en la provincia.<\/p>\n<p>&nbsp;<\/p>\n<p>En la apertura de las jornadas estuvieron presentes la diputada provincial de Empleo y vicepresidenta del Instituto de Empleo y Desarrollo Tecnol\u00f3gico (IEDT), <strong>Ana Carrera<\/strong> y el presidente de AJE C\u00e1diz, <strong>Jes\u00fas Belgrano<\/strong>. Esta iniciativa de sensibilizaci\u00f3n es parte de un proyecto educativo, financiado por el \u00c1rea de Empleo de la Diputaci\u00f3n de C\u00e1diz y desarrollado por AJE C\u00e1diz, que se enmarca en el <strong>Plan Estrat\u00e9gico para el Desarrollo Socioecon\u00f3mico y Empresarial de la Provincia de C\u00e1diz<\/strong>.<\/p>\n<p>&nbsp;<\/p>\n<p>Se trata de un plan que persigue \u201cpotenciar el tejido empresarial y que se facilite la labor de los emprendedores interesados en invertir en la provincia\u201d, seg\u00fan explica la diputada provincial Ana Carrera. Este plan, dotado con algo m\u00e1s de\u00a0<strong>723.000 euros<\/strong>, incluye tres l\u00edneas b\u00e1sicas: La primera va encaminada a realizar una prospecci\u00f3n y detecci\u00f3n de las necesidades y potencialidades del sector empresarial de cada municipio, para lo que se abrir\u00e1n oficinas t\u00e9cnicas en los mismos. La segunda pasa por realizar una labor de informaci\u00f3n y sensibilizaci\u00f3n para el desarrollo socioecon\u00f3mico y empresarial de las localidades, que se llevar\u00e1 a cabo con la colaboraci\u00f3n de las distintas asociaciones empresariales (entre ellas AJE), entendiendo que son las que mejor conocen la realidad empresarial del territorio. Por \u00faltimo, y como consecuencia de las dos l\u00edneas de actuaci\u00f3n anteriores, se pondr\u00e1 en marcha un plan de formaci\u00f3n \u201ca la carta\u201d para desempleados, con el fin de que tengan mayores posibilidades de inserci\u00f3n laboral en las empresas de sus municipios.<\/p>\n<p>&nbsp;<\/p>\n<p>Este Plan, aprobado por la Diputaci\u00f3n en Pleno el pasado mes de junio, viene a completar los dos <strong>Planes de Cooperaci\u00f3n Local de 2015 y 2016<\/strong> con los el Gobierno provincial ha movilizado <strong>8,4 millones<\/strong> de euros para la creaci\u00f3n de 2.500 puestos de trabajo en la provincia en apenas doce meses.<\/p>\n<p>&nbsp;<\/p>\n<p>Carrera puso de manifiesto el \u201creto personal\u201d que supone dirigir las pol\u00edticas de empleo en una provincia tan castigada por el paro como es la gaditana. Y precisamente desde su experiencia anim\u00f3 a los j\u00f3venes presentes a \u201cdecidir lo que quieren hacer en la vida, teniendo en cuenta que una opci\u00f3n es emprender\u201d. De ah\u00ed, dijo, la importancia de unas jornadas como las celebradas en Arcos de la Frontera \u201cpara ayudar a los j\u00f3venes a buscar su camino y emprender\u201d.<\/p>\n<p>&nbsp;<\/p>\n<p>Tambi\u00e9n Jes\u00fas Belgrano intervino para explicar que es preciso contar con un referente que nos motive y nos anime a luchar por nuestros sue\u00f1os. \u201cTodos conocemos a Steve Jobs, el creador de Apple. \u00c9l comenz\u00f3 su proyecto en el garaje de su casa y la pasi\u00f3n que ten\u00eda por su proyecto le hizo llegar a lo m\u00e1s alto. Como \u00e9l, tenemos casos de emprendedores, j\u00f3venes empresarios y empresarias que tambi\u00e9n est\u00e1n consiguiendo ser due\u00f1os de sus vidas y de sus proyectos. Este es el cometido de estas jornadas, animar a estos j\u00f3venes -que son el presente y futuro- y hacerles ver que hay otras alternativas en la b\u00fasqueda de empleo\u201d.<\/p>\n<p>&nbsp;<\/p>\n<p>La jornada se ha desarrollado con una metodolog\u00eda innovadora, entretenida pero eficaz, combinando las artes esc\u00e9nicas y la experiencia profesional, finalizando con una charla pr\u00e1ctica impartida por un experto en motivaci\u00f3n e inteligencia emocional. Se han planteado dos mon\u00f3logos basados en experiencias reales de aut\u00f3nomos gaditanos y una charla motivacional impartida por un experto en entrenamiento para el desarrollo personal y profesional.<\/p>\n<p>&nbsp;<\/p>\n<p>La de Arcos es una de las tres jornadas que ha desarrollado AJE en virtud del convenio suscrito con la Diputaci\u00f3n para el desarrollo de la l\u00ednea de trabajo propuesta en el Plan Estrat\u00e9gico para el Desarrollo Socioecon\u00f3mico y Empresarial dirigida a la informaci\u00f3n y sensibilizaci\u00f3n. AJE y Diputaci\u00f3n ya preparan el pr\u00f3ximo evento: un Encuentro de Negocios Avanzado y una jornada empresarial local a desarrollar en Jerez.<\/p>\n","protected":false},"excerpt":{"rendered":"<p>La Asociaci\u00f3n de J\u00f3venes Empresarios de C\u00e1diz (AJE C\u00e1diz) ha organizado las Jornadas \u2018Emprende y crea tu camino\u2019, que se [&hellip;]<\/p>\n","protected":false},"author":4,"featured_media":378,"comment_status":"open","ping_status":"open","sticky":false,"template":"","format":"standard","meta":{"_acf_changed":false,"site-sidebar-layout":"default","site-content-layout":"","ast-site-content-layout":"default","site-content-style":"default","site-sidebar-style":"default","ast-global-header-display":"","ast-banner-title-visibility":"","ast-main-header-display":"","ast-hfb-above-header-display":"","ast-hfb-below-header-display":"","ast-hfb-mobile-header-display":"","site-post-title":"","ast-breadcrumbs-content":"","ast-featured-img":"","footer-sml-layout":"","ast-disable-related-posts":"","theme-transparent-header-meta":"","adv-header-id-meta":"","stick-header-meta":"","header-above-stick-meta":"","header-main-stick-meta":"","header-below-stick-meta":"","astra-migrate-meta-layouts":"default","ast-page-background-enabled":"default","ast-page-background-meta":{"desktop":{"background-color":"var(--ast-global-color-5)","background-image":"","background-repeat":"repeat","background-position":"center center","background-size":"auto","background-attachment":"scroll","background-type":"","background-media":"","overlay-type":"","overlay-color":"","overlay-opacity":"","overlay-gradient":""},"tablet":{"background-color":"","background-image":"","background-repeat":"repeat","background-position":"center center","background-size":"auto","background-attachment":"scroll","background-type":"","background-media":"","overlay-type":"","overlay-color":"","overlay-opacity":"","overlay-gradient":""},"mobile":{"background-color":"","background-image":"","background-repeat":"repeat","background-position":"center center","background-size":"auto","background-attachment":"scroll","background-type":"","background-media":"","overlay-type":"","overlay-color":"","overlay-opacity":"","overlay-gradient":""}},"ast-content-background-meta":{"desktop":{"background-color":"var(--ast-global-color-4)","background-image":"","background-repeat":"repeat","background-position":"center center","background-size":"auto","background-attachment":"scroll","background-type":"","background-media":"","overlay-type":"","overlay-color":"","overlay-opacity":"","overlay-gradient":""},"tablet":{"background-color":"var(--ast-global-color-4)","background-image":"","background-repeat":"repeat","background-position":"center center","background-size":"auto","background-attachment":"scroll","background-type":"","background-media":"","overlay-type":"","overlay-color":"","overlay-opacity":"","overlay-gradient":""},"mobile":{"background-color":"var(--ast-global-color-4)","background-image":"","background-repeat":"repeat","background-position":"center center","background-size":"auto","background-attachment":"scroll","background-type":"","background-media":"","overlay-type":"","overlay-color":"","overlay-opacity":"","overlay-gradient":""}},"footnotes":""},"categories":[8],"tags":[],"class_list":["post-377","post","type-post","status-publish","format-standard","has-post-thumbnail","hentry","category-noticias"],"acf":[],"yoast_head":"<!-- This site is optimized with the Yoast SEO plugin v26.9 - https:\/\/yoast.com\/product\/yoast-seo-wordpress\/ -->\n<title>J\u00d3VENES DE ARCOS DE LA FRONTERA SE ACERCAN AL EMPRENDIMIENTO DE LA MANO DE AJE C\u00c1DIZ Y DIPUTACI\u00d3N - AJE C\u00e1diz<\/title>\n<meta name=\"robots\" content=\"index, follow, max-snippet:-1, max-image-preview:large, max-video-preview:-1\" \/>\n<link rel=\"canonical\" href=\"https:\/\/ajeandalucia.org\/cadiz\/2016\/11\/23\/jovenes-de-arcos-de-la-frontera-se-acercan-al-emprendimiento-de-la-mano-de-aje-cadiz-y-diputacion\/\" \/>\n<meta property=\"og:locale\" content=\"es_ES\" \/>\n<meta property=\"og:type\" content=\"article\" \/>\n<meta property=\"og:title\" content=\"J\u00d3VENES DE ARCOS DE LA FRONTERA SE ACERCAN AL EMPRENDIMIENTO DE LA MANO DE AJE C\u00c1DIZ Y DIPUTACI\u00d3N - AJE C\u00e1diz\" \/>\n<meta property=\"og:description\" content=\"La Asociaci\u00f3n de J\u00f3venes Empresarios de C\u00e1diz (AJE C\u00e1diz) ha organizado las Jornadas \u2018Emprende y crea tu camino\u2019, que se [&hellip;]\" \/>\n<meta property=\"og:url\" content=\"https:\/\/ajeandalucia.org\/cadiz\/2016\/11\/23\/jovenes-de-arcos-de-la-frontera-se-acercan-al-emprendimiento-de-la-mano-de-aje-cadiz-y-diputacion\/\" \/>\n<meta property=\"og:site_name\" content=\"AJE C\u00e1diz\" \/>\n<meta property=\"article:published_time\" content=\"2016-11-23T09:55:38+00:00\" \/>\n<meta property=\"article:modified_time\" content=\"2016-11-24T10:00:38+00:00\" \/>\n<meta property=\"og:image\" content=\"https:\/\/ajeandalucia.org\/cadiz\/wp-content\/uploads\/sites\/5\/2016\/11\/PRESENTACION-ARCOS.jpg\" \/>\n\t<meta property=\"og:image:width\" content=\"960\" \/>\n\t<meta property=\"og:image:height\" content=\"720\" \/>\n\t<meta property=\"og:image:type\" content=\"image\/jpeg\" \/>\n<meta name=\"author\" content=\"cadiz\" \/>\n<meta name=\"twitter:card\" content=\"summary_large_image\" \/>\n<meta name=\"twitter:label1\" content=\"Escrito por\" \/>\n\t<meta name=\"twitter:data1\" content=\"cadiz\" \/>\n\t<meta name=\"twitter:label2\" content=\"Tiempo de lectura\" \/>\n\t<meta name=\"twitter:data2\" content=\"4 minutos\" \/>\n<script type=\"application\/ld+json\" class=\"yoast-schema-graph\">{\"@context\":\"https:\/\/schema.org\",\"@graph\":[{\"@type\":\"Article\",\"@id\":\"https:\/\/ajeandalucia.org\/cadiz\/2016\/11\/23\/jovenes-de-arcos-de-la-frontera-se-acercan-al-emprendimiento-de-la-mano-de-aje-cadiz-y-diputacion\/#article\",\"isPartOf\":{\"@id\":\"https:\/\/ajeandalucia.org\/cadiz\/2016\/11\/23\/jovenes-de-arcos-de-la-frontera-se-acercan-al-emprendimiento-de-la-mano-de-aje-cadiz-y-diputacion\/\"},\"author\":{\"name\":\"cadiz\",\"@id\":\"https:\/\/ajeandalucia.org\/cadiz\/#\/schema\/person\/dce63ebda5f85792a4f3061905a9f15a\"},\"headline\":\"J\u00d3VENES DE ARCOS DE LA FRONTERA SE ACERCAN AL EMPRENDIMIENTO DE LA MANO DE AJE C\u00c1DIZ Y DIPUTACI\u00d3N\",\"datePublished\":\"2016-11-23T09:55:38+00:00\",\"dateModified\":\"2016-11-24T10:00:38+00:00\",\"mainEntityOfPage\":{\"@id\":\"https:\/\/ajeandalucia.org\/cadiz\/2016\/11\/23\/jovenes-de-arcos-de-la-frontera-se-acercan-al-emprendimiento-de-la-mano-de-aje-cadiz-y-diputacion\/\"},\"wordCount\":827,\"commentCount\":0,\"publisher\":{\"@id\":\"https:\/\/ajeandalucia.org\/cadiz\/#organization\"},\"image\":{\"@id\":\"https:\/\/ajeandalucia.org\/cadiz\/2016\/11\/23\/jovenes-de-arcos-de-la-frontera-se-acercan-al-emprendimiento-de-la-mano-de-aje-cadiz-y-diputacion\/#primaryimage\"},\"thumbnailUrl\":\"https:\/\/ajeandalucia.org\/cadiz\/wp-content\/uploads\/sites\/5\/2016\/11\/PRESENTACION-ARCOS.jpg\",\"articleSection\":[\"Noticias\"],\"inLanguage\":\"es\",\"potentialAction\":[{\"@type\":\"CommentAction\",\"name\":\"Comment\",\"target\":[\"https:\/\/ajeandalucia.org\/cadiz\/2016\/11\/23\/jovenes-de-arcos-de-la-frontera-se-acercan-al-emprendimiento-de-la-mano-de-aje-cadiz-y-diputacion\/#respond\"]}]},{\"@type\":\"WebPage\",\"@id\":\"https:\/\/ajeandalucia.org\/cadiz\/2016\/11\/23\/jovenes-de-arcos-de-la-frontera-se-acercan-al-emprendimiento-de-la-mano-de-aje-cadiz-y-diputacion\/\",\"url\":\"https:\/\/ajeandalucia.org\/cadiz\/2016\/11\/23\/jovenes-de-arcos-de-la-frontera-se-acercan-al-emprendimiento-de-la-mano-de-aje-cadiz-y-diputacion\/\",\"name\":\"J\u00d3VENES DE ARCOS DE LA FRONTERA SE ACERCAN AL EMPRENDIMIENTO DE LA MANO DE AJE C\u00c1DIZ Y DIPUTACI\u00d3N - AJE C\u00e1diz\",\"isPartOf\":{\"@id\":\"https:\/\/ajeandalucia.org\/cadiz\/#website\"},\"primaryImageOfPage\":{\"@id\":\"https:\/\/ajeandalucia.org\/cadiz\/2016\/11\/23\/jovenes-de-arcos-de-la-frontera-se-acercan-al-emprendimiento-de-la-mano-de-aje-cadiz-y-diputacion\/#primaryimage\"},\"image\":{\"@id\":\"https:\/\/ajeandalucia.org\/cadiz\/2016\/11\/23\/jovenes-de-arcos-de-la-frontera-se-acercan-al-emprendimiento-de-la-mano-de-aje-cadiz-y-diputacion\/#primaryimage\"},\"thumbnailUrl\":\"https:\/\/ajeandalucia.org\/cadiz\/wp-content\/uploads\/sites\/5\/2016\/11\/PRESENTACION-ARCOS.jpg\",\"datePublished\":\"2016-11-23T09:55:38+00:00\",\"dateModified\":\"2016-11-24T10:00:38+00:00\",\"breadcrumb\":{\"@id\":\"https:\/\/ajeandalucia.org\/cadiz\/2016\/11\/23\/jovenes-de-arcos-de-la-frontera-se-acercan-al-emprendimiento-de-la-mano-de-aje-cadiz-y-diputacion\/#breadcrumb\"},\"inLanguage\":\"es\",\"potentialAction\":[{\"@type\":\"ReadAction\",\"target\":[\"https:\/\/ajeandalucia.org\/cadiz\/2016\/11\/23\/jovenes-de-arcos-de-la-frontera-se-acercan-al-emprendimiento-de-la-mano-de-aje-cadiz-y-diputacion\/\"]}]},{\"@type\":\"ImageObject\",\"inLanguage\":\"es\",\"@id\":\"https:\/\/ajeandalucia.org\/cadiz\/2016\/11\/23\/jovenes-de-arcos-de-la-frontera-se-acercan-al-emprendimiento-de-la-mano-de-aje-cadiz-y-diputacion\/#primaryimage\",\"url\":\"https:\/\/ajeandalucia.org\/cadiz\/wp-content\/uploads\/sites\/5\/2016\/11\/PRESENTACION-ARCOS.jpg\",\"contentUrl\":\"https:\/\/ajeandalucia.org\/cadiz\/wp-content\/uploads\/sites\/5\/2016\/11\/PRESENTACION-ARCOS.jpg\",\"width\":960,\"height\":720},{\"@type\":\"BreadcrumbList\",\"@id\":\"https:\/\/ajeandalucia.org\/cadiz\/2016\/11\/23\/jovenes-de-arcos-de-la-frontera-se-acercan-al-emprendimiento-de-la-mano-de-aje-cadiz-y-diputacion\/#breadcrumb\",\"itemListElement\":[{\"@type\":\"ListItem\",\"position\":1,\"name\":\"Portada\",\"item\":\"https:\/\/ajeandalucia.org\/cadiz\/\"},{\"@type\":\"ListItem\",\"position\":2,\"name\":\"J\u00d3VENES DE ARCOS DE LA FRONTERA SE ACERCAN AL EMPRENDIMIENTO DE LA MANO DE AJE C\u00c1DIZ Y DIPUTACI\u00d3N\"}]},{\"@type\":\"WebSite\",\"@id\":\"https:\/\/ajeandalucia.org\/cadiz\/#website\",\"url\":\"https:\/\/ajeandalucia.org\/cadiz\/\",\"name\":\"AJE C\u00e1diz\",\"description\":\"Otro sitio m\u00e1s de AJE Andaluc\u00eda\",\"publisher\":{\"@id\":\"https:\/\/ajeandalucia.org\/cadiz\/#organization\"},\"potentialAction\":[{\"@type\":\"SearchAction\",\"target\":{\"@type\":\"EntryPoint\",\"urlTemplate\":\"https:\/\/ajeandalucia.org\/cadiz\/?s={search_term_string}\"},\"query-input\":{\"@type\":\"PropertyValueSpecification\",\"valueRequired\":true,\"valueName\":\"search_term_string\"}}],\"inLanguage\":\"es\"},{\"@type\":\"Organization\",\"@id\":\"https:\/\/ajeandalucia.org\/cadiz\/#organization\",\"name\":\"AJE C\u00e1diz\",\"url\":\"https:\/\/ajeandalucia.org\/cadiz\/\",\"logo\":{\"@type\":\"ImageObject\",\"inLanguage\":\"es\",\"@id\":\"https:\/\/ajeandalucia.org\/cadiz\/#\/schema\/logo\/image\/\",\"url\":\"https:\/\/ajeandalucia.org\/cadiz\/wp-content\/uploads\/sites\/5\/2025\/01\/AJE-CADIZ-horizontal.png\",\"contentUrl\":\"https:\/\/ajeandalucia.org\/cadiz\/wp-content\/uploads\/sites\/5\/2025\/01\/AJE-CADIZ-horizontal.png\",\"width\":605,\"height\":200,\"caption\":\"AJE C\u00e1diz\"},\"image\":{\"@id\":\"https:\/\/ajeandalucia.org\/cadiz\/#\/schema\/logo\/image\/\"}},{\"@type\":\"Person\",\"@id\":\"https:\/\/ajeandalucia.org\/cadiz\/#\/schema\/person\/dce63ebda5f85792a4f3061905a9f15a\",\"name\":\"cadiz\",\"image\":{\"@type\":\"ImageObject\",\"inLanguage\":\"es\",\"@id\":\"https:\/\/ajeandalucia.org\/cadiz\/#\/schema\/person\/image\/\",\"url\":\"https:\/\/secure.gravatar.com\/avatar\/e60287d271698686eba86c2f7f8485140fdb3db29714804eebe944be2ec6f47b?s=96&d=mm&r=g\",\"contentUrl\":\"https:\/\/secure.gravatar.com\/avatar\/e60287d271698686eba86c2f7f8485140fdb3db29714804eebe944be2ec6f47b?s=96&d=mm&r=g\",\"caption\":\"cadiz\"},\"url\":\"https:\/\/ajeandalucia.org\/cadiz\/author\/cadiz\/\"}]}<\/script>\n<!-- \/ Yoast SEO plugin. -->","yoast_head_json":{"title":"J\u00d3VENES DE ARCOS DE LA FRONTERA SE ACERCAN AL EMPRENDIMIENTO DE LA MANO DE AJE C\u00c1DIZ Y DIPUTACI\u00d3N - AJE C\u00e1diz","robots":{"index":"index","follow":"follow","max-snippet":"max-snippet:-1","max-image-preview":"max-image-preview:large","max-video-preview":"max-video-preview:-1"},"canonical":"https:\/\/ajeandalucia.org\/cadiz\/2016\/11\/23\/jovenes-de-arcos-de-la-frontera-se-acercan-al-emprendimiento-de-la-mano-de-aje-cadiz-y-diputacion\/","og_locale":"es_ES","og_type":"article","og_title":"J\u00d3VENES DE ARCOS DE LA FRONTERA SE ACERCAN AL EMPRENDIMIENTO DE LA MANO DE AJE C\u00c1DIZ Y DIPUTACI\u00d3N - AJE C\u00e1diz","og_description":"La Asociaci\u00f3n de J\u00f3venes Empresarios de C\u00e1diz (AJE C\u00e1diz) ha organizado las Jornadas \u2018Emprende y crea tu camino\u2019, que se [&hellip;]","og_url":"https:\/\/ajeandalucia.org\/cadiz\/2016\/11\/23\/jovenes-de-arcos-de-la-frontera-se-acercan-al-emprendimiento-de-la-mano-de-aje-cadiz-y-diputacion\/","og_site_name":"AJE C\u00e1diz","article_published_time":"2016-11-23T09:55:38+00:00","article_modified_time":"2016-11-24T10:00:38+00:00","og_image":[{"width":960,"height":720,"url":"https:\/\/ajeandalucia.org\/cadiz\/wp-content\/uploads\/sites\/5\/2016\/11\/PRESENTACION-ARCOS.jpg","type":"image\/jpeg"}],"author":"cadiz","twitter_card":"summary_large_image","twitter_misc":{"Escrito por":"cadiz","Tiempo de lectura":"4 minutos"},"schema":{"@context":"https:\/\/schema.org","@graph":[{"@type":"Article","@id":"https:\/\/ajeandalucia.org\/cadiz\/2016\/11\/23\/jovenes-de-arcos-de-la-frontera-se-acercan-al-emprendimiento-de-la-mano-de-aje-cadiz-y-diputacion\/#article","isPartOf":{"@id":"https:\/\/ajeandalucia.org\/cadiz\/2016\/11\/23\/jovenes-de-arcos-de-la-frontera-se-acercan-al-emprendimiento-de-la-mano-de-aje-cadiz-y-diputacion\/"},"author":{"name":"cadiz","@id":"https:\/\/ajeandalucia.org\/cadiz\/#\/schema\/person\/dce63ebda5f85792a4f3061905a9f15a"},"headline":"J\u00d3VENES DE ARCOS DE LA FRONTERA SE ACERCAN AL EMPRENDIMIENTO DE LA MANO DE AJE C\u00c1DIZ Y DIPUTACI\u00d3N","datePublished":"2016-11-23T09:55:38+00:00","dateModified":"2016-11-24T10:00:38+00:00","mainEntityOfPage":{"@id":"https:\/\/ajeandalucia.org\/cadiz\/2016\/11\/23\/jovenes-de-arcos-de-la-frontera-se-acercan-al-emprendimiento-de-la-mano-de-aje-cadiz-y-diputacion\/"},"wordCount":827,"commentCount":0,"publisher":{"@id":"https:\/\/ajeandalucia.org\/cadiz\/#organization"},"image":{"@id":"https:\/\/ajeandalucia.org\/cadiz\/2016\/11\/23\/jovenes-de-arcos-de-la-frontera-se-acercan-al-emprendimiento-de-la-mano-de-aje-cadiz-y-diputacion\/#primaryimage"},"thumbnailUrl":"https:\/\/ajeandalucia.org\/cadiz\/wp-content\/uploads\/sites\/5\/2016\/11\/PRESENTACION-ARCOS.jpg","articleSection":["Noticias"],"inLanguage":"es","potentialAction":[{"@type":"CommentAction","name":"Comment","target":["https:\/\/ajeandalucia.org\/cadiz\/2016\/11\/23\/jovenes-de-arcos-de-la-frontera-se-acercan-al-emprendimiento-de-la-mano-de-aje-cadiz-y-diputacion\/#respond"]}]},{"@type":"WebPage","@id":"https:\/\/ajeandalucia.org\/cadiz\/2016\/11\/23\/jovenes-de-arcos-de-la-frontera-se-acercan-al-emprendimiento-de-la-mano-de-aje-cadiz-y-diputacion\/","url":"https:\/\/ajeandalucia.org\/cadiz\/2016\/11\/23\/jovenes-de-arcos-de-la-frontera-se-acercan-al-emprendimiento-de-la-mano-de-aje-cadiz-y-diputacion\/","name":"J\u00d3VENES DE ARCOS DE LA FRONTERA SE ACERCAN AL EMPRENDIMIENTO DE LA MANO DE AJE C\u00c1DIZ Y DIPUTACI\u00d3N - AJE C\u00e1diz","isPartOf":{"@id":"https:\/\/ajeandalucia.org\/cadiz\/#website"},"primaryImageOfPage":{"@id":"https:\/\/ajeandalucia.org\/cadiz\/2016\/11\/23\/jovenes-de-arcos-de-la-frontera-se-acercan-al-emprendimiento-de-la-mano-de-aje-cadiz-y-diputacion\/#primaryimage"},"image":{"@id":"https:\/\/ajeandalucia.org\/cadiz\/2016\/11\/23\/jovenes-de-arcos-de-la-frontera-se-acercan-al-emprendimiento-de-la-mano-de-aje-cadiz-y-diputacion\/#primaryimage"},"thumbnailUrl":"https:\/\/ajeandalucia.org\/cadiz\/wp-content\/uploads\/sites\/5\/2016\/11\/PRESENTACION-ARCOS.jpg","datePublished":"2016-11-23T09:55:38+00:00","dateModified":"2016-11-24T10:00:38+00:00","breadcrumb":{"@id":"https:\/\/ajeandalucia.org\/cadiz\/2016\/11\/23\/jovenes-de-arcos-de-la-frontera-se-acercan-al-emprendimiento-de-la-mano-de-aje-cadiz-y-diputacion\/#breadcrumb"},"inLanguage":"es","potentialAction":[{"@type":"ReadAction","target":["https:\/\/ajeandalucia.org\/cadiz\/2016\/11\/23\/jovenes-de-arcos-de-la-frontera-se-acercan-al-emprendimiento-de-la-mano-de-aje-cadiz-y-diputacion\/"]}]},{"@type":"ImageObject","inLanguage":"es","@id":"https:\/\/ajeandalucia.org\/cadiz\/2016\/11\/23\/jovenes-de-arcos-de-la-frontera-se-acercan-al-emprendimiento-de-la-mano-de-aje-cadiz-y-diputacion\/#primaryimage","url":"https:\/\/ajeandalucia.org\/cadiz\/wp-content\/uploads\/sites\/5\/2016\/11\/PRESENTACION-ARCOS.jpg","contentUrl":"https:\/\/ajeandalucia.org\/cadiz\/wp-content\/uploads\/sites\/5\/2016\/11\/PRESENTACION-ARCOS.jpg","width":960,"height":720},{"@type":"BreadcrumbList","@id":"https:\/\/ajeandalucia.org\/cadiz\/2016\/11\/23\/jovenes-de-arcos-de-la-frontera-se-acercan-al-emprendimiento-de-la-mano-de-aje-cadiz-y-diputacion\/#breadcrumb","itemListElement":[{"@type":"ListItem","position":1,"name":"Portada","item":"https:\/\/ajeandalucia.org\/cadiz\/"},{"@type":"ListItem","position":2,"name":"J\u00d3VENES DE ARCOS DE LA FRONTERA SE ACERCAN AL EMPRENDIMIENTO DE LA MANO DE AJE C\u00c1DIZ Y DIPUTACI\u00d3N"}]},{"@type":"WebSite","@id":"https:\/\/ajeandalucia.org\/cadiz\/#website","url":"https:\/\/ajeandalucia.org\/cadiz\/","name":"AJE C\u00e1diz","description":"Otro sitio m\u00e1s de AJE Andaluc\u00eda","publisher":{"@id":"https:\/\/ajeandalucia.org\/cadiz\/#organization"},"potentialAction":[{"@type":"SearchAction","target":{"@type":"EntryPoint","urlTemplate":"https:\/\/ajeandalucia.org\/cadiz\/?s={search_term_string}"},"query-input":{"@type":"PropertyValueSpecification","valueRequired":true,"valueName":"search_term_string"}}],"inLanguage":"es"},{"@type":"Organization","@id":"https:\/\/ajeandalucia.org\/cadiz\/#organization","name":"AJE C\u00e1diz","url":"https:\/\/ajeandalucia.org\/cadiz\/","logo":{"@type":"ImageObject","inLanguage":"es","@id":"https:\/\/ajeandalucia.org\/cadiz\/#\/schema\/logo\/image\/","url":"https:\/\/ajeandalucia.org\/cadiz\/wp-content\/uploads\/sites\/5\/2025\/01\/AJE-CADIZ-horizontal.png","contentUrl":"https:\/\/ajeandalucia.org\/cadiz\/wp-content\/uploads\/sites\/5\/2025\/01\/AJE-CADIZ-horizontal.png","width":605,"height":200,"caption":"AJE C\u00e1diz"},"image":{"@id":"https:\/\/ajeandalucia.org\/cadiz\/#\/schema\/logo\/image\/"}},{"@type":"Person","@id":"https:\/\/ajeandalucia.org\/cadiz\/#\/schema\/person\/dce63ebda5f85792a4f3061905a9f15a","name":"cadiz","image":{"@type":"ImageObject","inLanguage":"es","@id":"https:\/\/ajeandalucia.org\/cadiz\/#\/schema\/person\/image\/","url":"https:\/\/secure.gravatar.com\/avatar\/e60287d271698686eba86c2f7f8485140fdb3db29714804eebe944be2ec6f47b?s=96&d=mm&r=g","contentUrl":"https:\/\/secure.gravatar.com\/avatar\/e60287d271698686eba86c2f7f8485140fdb3db29714804eebe944be2ec6f47b?s=96&d=mm&r=g","caption":"cadiz"},"url":"https:\/\/ajeandalucia.org\/cadiz\/author\/cadiz\/"}]}},"_links":{"self":[{"href":"https:\/\/ajeandalucia.org\/cadiz\/wp-json\/wp\/v2\/posts\/377","targetHints":{"allow":["GET"]}}],"collection":[{"href":"https:\/\/ajeandalucia.org\/cadiz\/wp-json\/wp\/v2\/posts"}],"about":[{"href":"https:\/\/ajeandalucia.org\/cadiz\/wp-json\/wp\/v2\/types\/post"}],"author":[{"embeddable":true,"href":"https:\/\/ajeandalucia.org\/cadiz\/wp-json\/wp\/v2\/users\/4"}],"replies":[{"embeddable":true,"href":"https:\/\/ajeandalucia.org\/cadiz\/wp-json\/wp\/v2\/comments?post=377"}],"version-history":[{"count":1,"href":"https:\/\/ajeandalucia.org\/cadiz\/wp-json\/wp\/v2\/posts\/377\/revisions"}],"predecessor-version":[{"id":379,"href":"https:\/\/ajeandalucia.org\/cadiz\/wp-json\/wp\/v2\/posts\/377\/revisions\/379"}],"wp:featuredmedia":[{"embeddable":true,"href":"https:\/\/ajeandalucia.org\/cadiz\/wp-json\/wp\/v2\/media\/378"}],"wp:attachment":[{"href":"https:\/\/ajeandalucia.org\/cadiz\/wp-json\/wp\/v2\/media?parent=377"}],"wp:term":[{"taxonomy":"category","embeddable":true,"href":"https:\/\/ajeandalucia.org\/cadiz\/wp-json\/wp\/v2\/categories?post=377"},{"taxonomy":"post_tag","embeddable":true,"href":"https:\/\/ajeandalucia.org\/cadiz\/wp-json\/wp\/v2\/tags?post=377"}],"curies":[{"name":"wp","href":"https:\/\/api.w.org\/{rel}","templated":true}]}}