{"id":384,"date":"2016-11-24T10:41:41","date_gmt":"2016-11-24T10:41:41","guid":{"rendered":"http:\/\/www.ajeandalucia.org\/cadiz\/?p=384"},"modified":"2016-11-24T11:21:00","modified_gmt":"2016-11-24T11:21:00","slug":"la-asociacion-de-jovenes-empresarios-de-cadiz-abre-el-plazo-de-candidaturas-a-los-premios-aje-2017","status":"publish","type":"post","link":"https:\/\/ajeandalucia.org\/cadiz\/2016\/11\/24\/la-asociacion-de-jovenes-empresarios-de-cadiz-abre-el-plazo-de-candidaturas-a-los-premios-aje-2017\/","title":{"rendered":"LA ASOCIACI\u00d3N DE J\u00d3VENES EMPRESARIOS DE C\u00c1DIZ ABRE EL PLAZO DE CANDIDATURAS A LOS PREMIOS AJE 2017"},"content":{"rendered":"<p><a href=\"https:\/\/drive.google.com\/file\/d\/0Bx2LzNWzVeB5bjJIYVdaRXgzaUU\/view?usp=sharing\">DESC\u00c1RGATE AQU\u00cd LAS BASES<\/a><\/p>\n<p>&nbsp;<\/p>\n<ul>\n<li><strong>La Asociaci\u00f3n de J\u00f3venes Empresarios de C\u00e1diz ha convocado los Premios AJE en la doble modalidad de Iniciativa Emprendedora y Trayectoria Empresarial.<\/strong><\/li>\n<li><strong>En la primera fase de este concurso se entregar\u00e1n los premios provinciales que, en C\u00e1diz, se entregar\u00e1n el 9 de febrero. <\/strong><\/li>\n<li><strong>El plazo de entrega de candidaturas finaliza el 16 de enero. <\/strong><\/li>\n<\/ul>\n<p>AJE C\u00c1DIZ.\u00a0\u00a0 La Asociaci\u00f3n de J\u00f3venes Empresarios de C\u00e1diz ha presentado la nueva edici\u00f3n de los Premios AJE. Bajo el lema\u00a0\u201cDescubre\u201d\u00a0basado en el 525 aniversario del descubrimiento de Am\u00e9rica,\u00a0AJE C\u00e1diz quiere homenajear a los j\u00f3venes gaditanos empresarios que han destacado por su ingenio, su innovaci\u00f3n, por su pasi\u00f3n y por su esp\u00edritu aventurero.<\/p>\n<p>Precisamente son estas personas las que han puesto en peligro sus propias situaciones personales y laborales para embarcarse en la aventura de emprender creando riqueza y empleo en contra de las adversidades. Por ellos, por ellas, que no dudaron en saltar al vac\u00edo, va dirigida esta edici\u00f3n de los Premios AJE 2017.<\/p>\n<p>Como en ediciones anteriores, los premios AJE se dividen en dos fases: una provincial, que se llevar\u00e1 a cabo a lo largo de los meses de noviembre a marzo en las distintas provincias andaluzas, entre ellas la de C\u00e1diz cuya entrega ser\u00e1 el 9 de febrero, y una entrega de premios regional a la que aspirar\u00e1n los premiados provinciales, y que AJE tiene previsto entregar el 26 de abril de 2017 en Casa Col\u00f3n de Huelva.<\/p>\n<p>A trav\u00e9s de las webs de AJE C\u00e1diz,www.ajecadiz.org, los candidatos pueden obtener toda la informaci\u00f3n necesaria para concurrir a cualquiera de las dos modalidades de los Premios AJE: bases de los premios, plazos de entrega de candidaturas, premios que obtendr\u00e1n los ganadores provinciales y fechas de entrega de los premios provinciales.<\/p>\n<p>A lo largo de los \u00faltimos quince a\u00f1os, estos premios han crecido en n\u00famero de candidaturas y en t\u00e9rminos cualitativos en el escrutinio y valoraci\u00f3n de las mejores y m\u00e1s innovadoras empresas de la comunidad andaluza. La granadina Ipharma, empresa dedicada a mejorar de la distribuci\u00f3n y el control de medicamentos en los hospitales, y la jienense Soluciones Sicnova, empresa especializada en la venta y distribuci\u00f3n de equipos de prototipado r\u00e1pido, fabricaci\u00f3n personalizada y digitalizaci\u00f3n 3D, fueron las ganadoras de la \u00faltima edici\u00f3n fueron las ganadoras en la edici\u00f3n andaluza.<\/p>\n<p>Por su parte,<strong> Los 3 Guisantes (de Chiclana de la Frontera) y Mundocom en C\u00e1diz se alzaron con los Premios provinciales AJE C\u00e1diz 2016. <\/strong><\/p>\n<p><strong>El plazo para la presentaci\u00f3n de candidaturas finaliza el pr\u00f3ximo 16 de enero. <\/strong><\/p>\n","protected":false},"excerpt":{"rendered":"<p>DESC\u00c1RGATE AQU\u00cd LAS BASES &nbsp; La Asociaci\u00f3n de J\u00f3venes Empresarios de C\u00e1diz ha convocado los Premios AJE en la doble [&hellip;]<\/p>\n","protected":false},"author":4,"featured_media":385,"comment_status":"open","ping_status":"open","sticky":false,"template":"","format":"standard","meta":{"_acf_changed":false,"site-sidebar-layout":"default","site-content-layout":"","ast-site-content-layout":"default","site-content-style":"default","site-sidebar-style":"default","ast-global-header-display":"","ast-banner-title-visibility":"","ast-main-header-display":"","ast-hfb-above-header-display":"","ast-hfb-below-header-display":"","ast-hfb-mobile-header-display":"","site-post-title":"","ast-breadcrumbs-content":"","ast-featured-img":"","footer-sml-layout":"","ast-disable-related-posts":"","theme-transparent-header-meta":"","adv-header-id-meta":"","stick-header-meta":"","header-above-stick-meta":"","header-main-stick-meta":"","header-below-stick-meta":"","astra-migrate-meta-layouts":"default","ast-page-background-enabled":"default","ast-page-background-meta":{"desktop":{"background-color":"var(--ast-global-color-5)","background-image":"","background-repeat":"repeat","background-position":"center center","background-size":"auto","background-attachment":"scroll","background-type":"","background-media":"","overlay-type":"","overlay-color":"","overlay-opacity":"","overlay-gradient":""},"tablet":{"background-color":"","background-image":"","background-repeat":"repeat","background-position":"center center","background-size":"auto","background-attachment":"scroll","background-type":"","background-media":"","overlay-type":"","overlay-color":"","overlay-opacity":"","overlay-gradient":""},"mobile":{"background-color":"","background-image":"","background-repeat":"repeat","background-position":"center center","background-size":"auto","background-attachment":"scroll","background-type":"","background-media":"","overlay-type":"","overlay-color":"","overlay-opacity":"","overlay-gradient":""}},"ast-content-background-meta":{"desktop":{"background-color":"var(--ast-global-color-4)","background-image":"","background-repeat":"repeat","background-position":"center center","background-size":"auto","background-attachment":"scroll","background-type":"","background-media":"","overlay-type":"","overlay-color":"","overlay-opacity":"","overlay-gradient":""},"tablet":{"background-color":"var(--ast-global-color-4)","background-image":"","background-repeat":"repeat","background-position":"center center","background-size":"auto","background-attachment":"scroll","background-type":"","background-media":"","overlay-type":"","overlay-color":"","overlay-opacity":"","overlay-gradient":""},"mobile":{"background-color":"var(--ast-global-color-4)","background-image":"","background-repeat":"repeat","background-position":"center center","background-size":"auto","background-attachment":"scroll","background-type":"","background-media":"","overlay-type":"","overlay-color":"","overlay-opacity":"","overlay-gradient":""}},"footnotes":""},"categories":[8],"tags":[],"class_list":["post-384","post","type-post","status-publish","format-standard","has-post-thumbnail","hentry","category-noticias"],"acf":[],"yoast_head":"<!-- This site is optimized with the Yoast SEO plugin v26.9 - https:\/\/yoast.com\/product\/yoast-seo-wordpress\/ -->\n<title>LA ASOCIACI\u00d3N DE J\u00d3VENES EMPRESARIOS DE C\u00c1DIZ ABRE EL PLAZO DE CANDIDATURAS A LOS PREMIOS AJE 2017 - AJE C\u00e1diz<\/title>\n<meta name=\"robots\" content=\"index, follow, max-snippet:-1, max-image-preview:large, max-video-preview:-1\" \/>\n<link rel=\"canonical\" href=\"https:\/\/ajeandalucia.org\/cadiz\/2016\/11\/24\/la-asociacion-de-jovenes-empresarios-de-cadiz-abre-el-plazo-de-candidaturas-a-los-premios-aje-2017\/\" \/>\n<meta property=\"og:locale\" content=\"es_ES\" \/>\n<meta property=\"og:type\" content=\"article\" \/>\n<meta property=\"og:title\" content=\"LA ASOCIACI\u00d3N DE J\u00d3VENES EMPRESARIOS DE C\u00c1DIZ ABRE EL PLAZO DE CANDIDATURAS A LOS PREMIOS AJE 2017 - AJE C\u00e1diz\" \/>\n<meta property=\"og:description\" content=\"DESC\u00c1RGATE AQU\u00cd LAS BASES &nbsp; La Asociaci\u00f3n de J\u00f3venes Empresarios de C\u00e1diz ha convocado los Premios AJE en la doble [&hellip;]\" \/>\n<meta property=\"og:url\" content=\"https:\/\/ajeandalucia.org\/cadiz\/2016\/11\/24\/la-asociacion-de-jovenes-empresarios-de-cadiz-abre-el-plazo-de-candidaturas-a-los-premios-aje-2017\/\" \/>\n<meta property=\"og:site_name\" content=\"AJE C\u00e1diz\" \/>\n<meta property=\"article:published_time\" content=\"2016-11-24T10:41:41+00:00\" \/>\n<meta property=\"article:modified_time\" content=\"2016-11-24T11:21:00+00:00\" \/>\n<meta property=\"og:image\" content=\"https:\/\/ajeandalucia.org\/cadiz\/wp-content\/uploads\/sites\/5\/2016\/11\/banner-cuadrado-01.jpg\" \/>\n\t<meta property=\"og:image:width\" content=\"2903\" \/>\n\t<meta property=\"og:image:height\" content=\"2903\" \/>\n\t<meta property=\"og:image:type\" content=\"image\/jpeg\" \/>\n<meta name=\"author\" content=\"cadiz\" \/>\n<meta name=\"twitter:card\" content=\"summary_large_image\" \/>\n<meta name=\"twitter:label1\" content=\"Escrito por\" \/>\n\t<meta name=\"twitter:data1\" content=\"cadiz\" \/>\n\t<meta name=\"twitter:label2\" content=\"Tiempo de lectura\" \/>\n\t<meta name=\"twitter:data2\" content=\"2 minutos\" \/>\n<script type=\"application\/ld+json\" class=\"yoast-schema-graph\">{\"@context\":\"https:\/\/schema.org\",\"@graph\":[{\"@type\":\"Article\",\"@id\":\"https:\/\/ajeandalucia.org\/cadiz\/2016\/11\/24\/la-asociacion-de-jovenes-empresarios-de-cadiz-abre-el-plazo-de-candidaturas-a-los-premios-aje-2017\/#article\",\"isPartOf\":{\"@id\":\"https:\/\/ajeandalucia.org\/cadiz\/2016\/11\/24\/la-asociacion-de-jovenes-empresarios-de-cadiz-abre-el-plazo-de-candidaturas-a-los-premios-aje-2017\/\"},\"author\":{\"name\":\"cadiz\",\"@id\":\"https:\/\/ajeandalucia.org\/cadiz\/#\/schema\/person\/dce63ebda5f85792a4f3061905a9f15a\"},\"headline\":\"LA ASOCIACI\u00d3N DE J\u00d3VENES EMPRESARIOS DE C\u00c1DIZ ABRE EL PLAZO DE CANDIDATURAS A LOS PREMIOS AJE 2017\",\"datePublished\":\"2016-11-24T10:41:41+00:00\",\"dateModified\":\"2016-11-24T11:21:00+00:00\",\"mainEntityOfPage\":{\"@id\":\"https:\/\/ajeandalucia.org\/cadiz\/2016\/11\/24\/la-asociacion-de-jovenes-empresarios-de-cadiz-abre-el-plazo-de-candidaturas-a-los-premios-aje-2017\/\"},\"wordCount\":476,\"commentCount\":0,\"publisher\":{\"@id\":\"https:\/\/ajeandalucia.org\/cadiz\/#organization\"},\"image\":{\"@id\":\"https:\/\/ajeandalucia.org\/cadiz\/2016\/11\/24\/la-asociacion-de-jovenes-empresarios-de-cadiz-abre-el-plazo-de-candidaturas-a-los-premios-aje-2017\/#primaryimage\"},\"thumbnailUrl\":\"https:\/\/ajeandalucia.org\/cadiz\/wp-content\/uploads\/sites\/5\/2016\/11\/banner-cuadrado-01.jpg\",\"articleSection\":[\"Noticias\"],\"inLanguage\":\"es\",\"potentialAction\":[{\"@type\":\"CommentAction\",\"name\":\"Comment\",\"target\":[\"https:\/\/ajeandalucia.org\/cadiz\/2016\/11\/24\/la-asociacion-de-jovenes-empresarios-de-cadiz-abre-el-plazo-de-candidaturas-a-los-premios-aje-2017\/#respond\"]}]},{\"@type\":\"WebPage\",\"@id\":\"https:\/\/ajeandalucia.org\/cadiz\/2016\/11\/24\/la-asociacion-de-jovenes-empresarios-de-cadiz-abre-el-plazo-de-candidaturas-a-los-premios-aje-2017\/\",\"url\":\"https:\/\/ajeandalucia.org\/cadiz\/2016\/11\/24\/la-asociacion-de-jovenes-empresarios-de-cadiz-abre-el-plazo-de-candidaturas-a-los-premios-aje-2017\/\",\"name\":\"LA ASOCIACI\u00d3N DE J\u00d3VENES EMPRESARIOS DE C\u00c1DIZ ABRE EL PLAZO DE CANDIDATURAS A LOS PREMIOS AJE 2017 - AJE C\u00e1diz\",\"isPartOf\":{\"@id\":\"https:\/\/ajeandalucia.org\/cadiz\/#website\"},\"primaryImageOfPage\":{\"@id\":\"https:\/\/ajeandalucia.org\/cadiz\/2016\/11\/24\/la-asociacion-de-jovenes-empresarios-de-cadiz-abre-el-plazo-de-candidaturas-a-los-premios-aje-2017\/#primaryimage\"},\"image\":{\"@id\":\"https:\/\/ajeandalucia.org\/cadiz\/2016\/11\/24\/la-asociacion-de-jovenes-empresarios-de-cadiz-abre-el-plazo-de-candidaturas-a-los-premios-aje-2017\/#primaryimage\"},\"thumbnailUrl\":\"https:\/\/ajeandalucia.org\/cadiz\/wp-content\/uploads\/sites\/5\/2016\/11\/banner-cuadrado-01.jpg\",\"datePublished\":\"2016-11-24T10:41:41+00:00\",\"dateModified\":\"2016-11-24T11:21:00+00:00\",\"breadcrumb\":{\"@id\":\"https:\/\/ajeandalucia.org\/cadiz\/2016\/11\/24\/la-asociacion-de-jovenes-empresarios-de-cadiz-abre-el-plazo-de-candidaturas-a-los-premios-aje-2017\/#breadcrumb\"},\"inLanguage\":\"es\",\"potentialAction\":[{\"@type\":\"ReadAction\",\"target\":[\"https:\/\/ajeandalucia.org\/cadiz\/2016\/11\/24\/la-asociacion-de-jovenes-empresarios-de-cadiz-abre-el-plazo-de-candidaturas-a-los-premios-aje-2017\/\"]}]},{\"@type\":\"ImageObject\",\"inLanguage\":\"es\",\"@id\":\"https:\/\/ajeandalucia.org\/cadiz\/2016\/11\/24\/la-asociacion-de-jovenes-empresarios-de-cadiz-abre-el-plazo-de-candidaturas-a-los-premios-aje-2017\/#primaryimage\",\"url\":\"https:\/\/ajeandalucia.org\/cadiz\/wp-content\/uploads\/sites\/5\/2016\/11\/banner-cuadrado-01.jpg\",\"contentUrl\":\"https:\/\/ajeandalucia.org\/cadiz\/wp-content\/uploads\/sites\/5\/2016\/11\/banner-cuadrado-01.jpg\",\"width\":2903,\"height\":2903},{\"@type\":\"BreadcrumbList\",\"@id\":\"https:\/\/ajeandalucia.org\/cadiz\/2016\/11\/24\/la-asociacion-de-jovenes-empresarios-de-cadiz-abre-el-plazo-de-candidaturas-a-los-premios-aje-2017\/#breadcrumb\",\"itemListElement\":[{\"@type\":\"ListItem\",\"position\":1,\"name\":\"Portada\",\"item\":\"https:\/\/ajeandalucia.org\/cadiz\/\"},{\"@type\":\"ListItem\",\"position\":2,\"name\":\"LA ASOCIACI\u00d3N DE J\u00d3VENES EMPRESARIOS DE C\u00c1DIZ ABRE EL PLAZO DE CANDIDATURAS A LOS PREMIOS AJE 2017\"}]},{\"@type\":\"WebSite\",\"@id\":\"https:\/\/ajeandalucia.org\/cadiz\/#website\",\"url\":\"https:\/\/ajeandalucia.org\/cadiz\/\",\"name\":\"AJE C\u00e1diz\",\"description\":\"Otro sitio m\u00e1s de AJE Andaluc\u00eda\",\"publisher\":{\"@id\":\"https:\/\/ajeandalucia.org\/cadiz\/#organization\"},\"potentialAction\":[{\"@type\":\"SearchAction\",\"target\":{\"@type\":\"EntryPoint\",\"urlTemplate\":\"https:\/\/ajeandalucia.org\/cadiz\/?s={search_term_string}\"},\"query-input\":{\"@type\":\"PropertyValueSpecification\",\"valueRequired\":true,\"valueName\":\"search_term_string\"}}],\"inLanguage\":\"es\"},{\"@type\":\"Organization\",\"@id\":\"https:\/\/ajeandalucia.org\/cadiz\/#organization\",\"name\":\"AJE C\u00e1diz\",\"url\":\"https:\/\/ajeandalucia.org\/cadiz\/\",\"logo\":{\"@type\":\"ImageObject\",\"inLanguage\":\"es\",\"@id\":\"https:\/\/ajeandalucia.org\/cadiz\/#\/schema\/logo\/image\/\",\"url\":\"https:\/\/ajeandalucia.org\/cadiz\/wp-content\/uploads\/sites\/5\/2025\/01\/AJE-CADIZ-horizontal.png\",\"contentUrl\":\"https:\/\/ajeandalucia.org\/cadiz\/wp-content\/uploads\/sites\/5\/2025\/01\/AJE-CADIZ-horizontal.png\",\"width\":605,\"height\":200,\"caption\":\"AJE C\u00e1diz\"},\"image\":{\"@id\":\"https:\/\/ajeandalucia.org\/cadiz\/#\/schema\/logo\/image\/\"}},{\"@type\":\"Person\",\"@id\":\"https:\/\/ajeandalucia.org\/cadiz\/#\/schema\/person\/dce63ebda5f85792a4f3061905a9f15a\",\"name\":\"cadiz\",\"image\":{\"@type\":\"ImageObject\",\"inLanguage\":\"es\",\"@id\":\"https:\/\/ajeandalucia.org\/cadiz\/#\/schema\/person\/image\/\",\"url\":\"https:\/\/secure.gravatar.com\/avatar\/e60287d271698686eba86c2f7f8485140fdb3db29714804eebe944be2ec6f47b?s=96&d=mm&r=g\",\"contentUrl\":\"https:\/\/secure.gravatar.com\/avatar\/e60287d271698686eba86c2f7f8485140fdb3db29714804eebe944be2ec6f47b?s=96&d=mm&r=g\",\"caption\":\"cadiz\"},\"url\":\"https:\/\/ajeandalucia.org\/cadiz\/author\/cadiz\/\"}]}<\/script>\n<!-- \/ Yoast SEO plugin. -->","yoast_head_json":{"title":"LA ASOCIACI\u00d3N DE J\u00d3VENES EMPRESARIOS DE C\u00c1DIZ ABRE EL PLAZO DE CANDIDATURAS A LOS PREMIOS AJE 2017 - AJE C\u00e1diz","robots":{"index":"index","follow":"follow","max-snippet":"max-snippet:-1","max-image-preview":"max-image-preview:large","max-video-preview":"max-video-preview:-1"},"canonical":"https:\/\/ajeandalucia.org\/cadiz\/2016\/11\/24\/la-asociacion-de-jovenes-empresarios-de-cadiz-abre-el-plazo-de-candidaturas-a-los-premios-aje-2017\/","og_locale":"es_ES","og_type":"article","og_title":"LA ASOCIACI\u00d3N DE J\u00d3VENES EMPRESARIOS DE C\u00c1DIZ ABRE EL PLAZO DE CANDIDATURAS A LOS PREMIOS AJE 2017 - AJE C\u00e1diz","og_description":"DESC\u00c1RGATE AQU\u00cd LAS BASES &nbsp; La Asociaci\u00f3n de J\u00f3venes Empresarios de C\u00e1diz ha convocado los Premios AJE en la doble [&hellip;]","og_url":"https:\/\/ajeandalucia.org\/cadiz\/2016\/11\/24\/la-asociacion-de-jovenes-empresarios-de-cadiz-abre-el-plazo-de-candidaturas-a-los-premios-aje-2017\/","og_site_name":"AJE C\u00e1diz","article_published_time":"2016-11-24T10:41:41+00:00","article_modified_time":"2016-11-24T11:21:00+00:00","og_image":[{"width":2903,"height":2903,"url":"https:\/\/ajeandalucia.org\/cadiz\/wp-content\/uploads\/sites\/5\/2016\/11\/banner-cuadrado-01.jpg","type":"image\/jpeg"}],"author":"cadiz","twitter_card":"summary_large_image","twitter_misc":{"Escrito por":"cadiz","Tiempo de lectura":"2 minutos"},"schema":{"@context":"https:\/\/schema.org","@graph":[{"@type":"Article","@id":"https:\/\/ajeandalucia.org\/cadiz\/2016\/11\/24\/la-asociacion-de-jovenes-empresarios-de-cadiz-abre-el-plazo-de-candidaturas-a-los-premios-aje-2017\/#article","isPartOf":{"@id":"https:\/\/ajeandalucia.org\/cadiz\/2016\/11\/24\/la-asociacion-de-jovenes-empresarios-de-cadiz-abre-el-plazo-de-candidaturas-a-los-premios-aje-2017\/"},"author":{"name":"cadiz","@id":"https:\/\/ajeandalucia.org\/cadiz\/#\/schema\/person\/dce63ebda5f85792a4f3061905a9f15a"},"headline":"LA ASOCIACI\u00d3N DE J\u00d3VENES EMPRESARIOS DE C\u00c1DIZ ABRE EL PLAZO DE CANDIDATURAS A LOS PREMIOS AJE 2017","datePublished":"2016-11-24T10:41:41+00:00","dateModified":"2016-11-24T11:21:00+00:00","mainEntityOfPage":{"@id":"https:\/\/ajeandalucia.org\/cadiz\/2016\/11\/24\/la-asociacion-de-jovenes-empresarios-de-cadiz-abre-el-plazo-de-candidaturas-a-los-premios-aje-2017\/"},"wordCount":476,"commentCount":0,"publisher":{"@id":"https:\/\/ajeandalucia.org\/cadiz\/#organization"},"image":{"@id":"https:\/\/ajeandalucia.org\/cadiz\/2016\/11\/24\/la-asociacion-de-jovenes-empresarios-de-cadiz-abre-el-plazo-de-candidaturas-a-los-premios-aje-2017\/#primaryimage"},"thumbnailUrl":"https:\/\/ajeandalucia.org\/cadiz\/wp-content\/uploads\/sites\/5\/2016\/11\/banner-cuadrado-01.jpg","articleSection":["Noticias"],"inLanguage":"es","potentialAction":[{"@type":"CommentAction","name":"Comment","target":["https:\/\/ajeandalucia.org\/cadiz\/2016\/11\/24\/la-asociacion-de-jovenes-empresarios-de-cadiz-abre-el-plazo-de-candidaturas-a-los-premios-aje-2017\/#respond"]}]},{"@type":"WebPage","@id":"https:\/\/ajeandalucia.org\/cadiz\/2016\/11\/24\/la-asociacion-de-jovenes-empresarios-de-cadiz-abre-el-plazo-de-candidaturas-a-los-premios-aje-2017\/","url":"https:\/\/ajeandalucia.org\/cadiz\/2016\/11\/24\/la-asociacion-de-jovenes-empresarios-de-cadiz-abre-el-plazo-de-candidaturas-a-los-premios-aje-2017\/","name":"LA ASOCIACI\u00d3N DE J\u00d3VENES EMPRESARIOS DE C\u00c1DIZ ABRE EL PLAZO DE CANDIDATURAS A LOS PREMIOS AJE 2017 - AJE C\u00e1diz","isPartOf":{"@id":"https:\/\/ajeandalucia.org\/cadiz\/#website"},"primaryImageOfPage":{"@id":"https:\/\/ajeandalucia.org\/cadiz\/2016\/11\/24\/la-asociacion-de-jovenes-empresarios-de-cadiz-abre-el-plazo-de-candidaturas-a-los-premios-aje-2017\/#primaryimage"},"image":{"@id":"https:\/\/ajeandalucia.org\/cadiz\/2016\/11\/24\/la-asociacion-de-jovenes-empresarios-de-cadiz-abre-el-plazo-de-candidaturas-a-los-premios-aje-2017\/#primaryimage"},"thumbnailUrl":"https:\/\/ajeandalucia.org\/cadiz\/wp-content\/uploads\/sites\/5\/2016\/11\/banner-cuadrado-01.jpg","datePublished":"2016-11-24T10:41:41+00:00","dateModified":"2016-11-24T11:21:00+00:00","breadcrumb":{"@id":"https:\/\/ajeandalucia.org\/cadiz\/2016\/11\/24\/la-asociacion-de-jovenes-empresarios-de-cadiz-abre-el-plazo-de-candidaturas-a-los-premios-aje-2017\/#breadcrumb"},"inLanguage":"es","potentialAction":[{"@type":"ReadAction","target":["https:\/\/ajeandalucia.org\/cadiz\/2016\/11\/24\/la-asociacion-de-jovenes-empresarios-de-cadiz-abre-el-plazo-de-candidaturas-a-los-premios-aje-2017\/"]}]},{"@type":"ImageObject","inLanguage":"es","@id":"https:\/\/ajeandalucia.org\/cadiz\/2016\/11\/24\/la-asociacion-de-jovenes-empresarios-de-cadiz-abre-el-plazo-de-candidaturas-a-los-premios-aje-2017\/#primaryimage","url":"https:\/\/ajeandalucia.org\/cadiz\/wp-content\/uploads\/sites\/5\/2016\/11\/banner-cuadrado-01.jpg","contentUrl":"https:\/\/ajeandalucia.org\/cadiz\/wp-content\/uploads\/sites\/5\/2016\/11\/banner-cuadrado-01.jpg","width":2903,"height":2903},{"@type":"BreadcrumbList","@id":"https:\/\/ajeandalucia.org\/cadiz\/2016\/11\/24\/la-asociacion-de-jovenes-empresarios-de-cadiz-abre-el-plazo-de-candidaturas-a-los-premios-aje-2017\/#breadcrumb","itemListElement":[{"@type":"ListItem","position":1,"name":"Portada","item":"https:\/\/ajeandalucia.org\/cadiz\/"},{"@type":"ListItem","position":2,"name":"LA ASOCIACI\u00d3N DE J\u00d3VENES EMPRESARIOS DE C\u00c1DIZ ABRE EL PLAZO DE CANDIDATURAS A LOS PREMIOS AJE 2017"}]},{"@type":"WebSite","@id":"https:\/\/ajeandalucia.org\/cadiz\/#website","url":"https:\/\/ajeandalucia.org\/cadiz\/","name":"AJE C\u00e1diz","description":"Otro sitio m\u00e1s de AJE Andaluc\u00eda","publisher":{"@id":"https:\/\/ajeandalucia.org\/cadiz\/#organization"},"potentialAction":[{"@type":"SearchAction","target":{"@type":"EntryPoint","urlTemplate":"https:\/\/ajeandalucia.org\/cadiz\/?s={search_term_string}"},"query-input":{"@type":"PropertyValueSpecification","valueRequired":true,"valueName":"search_term_string"}}],"inLanguage":"es"},{"@type":"Organization","@id":"https:\/\/ajeandalucia.org\/cadiz\/#organization","name":"AJE C\u00e1diz","url":"https:\/\/ajeandalucia.org\/cadiz\/","logo":{"@type":"ImageObject","inLanguage":"es","@id":"https:\/\/ajeandalucia.org\/cadiz\/#\/schema\/logo\/image\/","url":"https:\/\/ajeandalucia.org\/cadiz\/wp-content\/uploads\/sites\/5\/2025\/01\/AJE-CADIZ-horizontal.png","contentUrl":"https:\/\/ajeandalucia.org\/cadiz\/wp-content\/uploads\/sites\/5\/2025\/01\/AJE-CADIZ-horizontal.png","width":605,"height":200,"caption":"AJE C\u00e1diz"},"image":{"@id":"https:\/\/ajeandalucia.org\/cadiz\/#\/schema\/logo\/image\/"}},{"@type":"Person","@id":"https:\/\/ajeandalucia.org\/cadiz\/#\/schema\/person\/dce63ebda5f85792a4f3061905a9f15a","name":"cadiz","image":{"@type":"ImageObject","inLanguage":"es","@id":"https:\/\/ajeandalucia.org\/cadiz\/#\/schema\/person\/image\/","url":"https:\/\/secure.gravatar.com\/avatar\/e60287d271698686eba86c2f7f8485140fdb3db29714804eebe944be2ec6f47b?s=96&d=mm&r=g","contentUrl":"https:\/\/secure.gravatar.com\/avatar\/e60287d271698686eba86c2f7f8485140fdb3db29714804eebe944be2ec6f47b?s=96&d=mm&r=g","caption":"cadiz"},"url":"https:\/\/ajeandalucia.org\/cadiz\/author\/cadiz\/"}]}},"_links":{"self":[{"href":"https:\/\/ajeandalucia.org\/cadiz\/wp-json\/wp\/v2\/posts\/384","targetHints":{"allow":["GET"]}}],"collection":[{"href":"https:\/\/ajeandalucia.org\/cadiz\/wp-json\/wp\/v2\/posts"}],"about":[{"href":"https:\/\/ajeandalucia.org\/cadiz\/wp-json\/wp\/v2\/types\/post"}],"author":[{"embeddable":true,"href":"https:\/\/ajeandalucia.org\/cadiz\/wp-json\/wp\/v2\/users\/4"}],"replies":[{"embeddable":true,"href":"https:\/\/ajeandalucia.org\/cadiz\/wp-json\/wp\/v2\/comments?post=384"}],"version-history":[{"count":3,"href":"https:\/\/ajeandalucia.org\/cadiz\/wp-json\/wp\/v2\/posts\/384\/revisions"}],"predecessor-version":[{"id":389,"href":"https:\/\/ajeandalucia.org\/cadiz\/wp-json\/wp\/v2\/posts\/384\/revisions\/389"}],"wp:featuredmedia":[{"embeddable":true,"href":"https:\/\/ajeandalucia.org\/cadiz\/wp-json\/wp\/v2\/media\/385"}],"wp:attachment":[{"href":"https:\/\/ajeandalucia.org\/cadiz\/wp-json\/wp\/v2\/media?parent=384"}],"wp:term":[{"taxonomy":"category","embeddable":true,"href":"https:\/\/ajeandalucia.org\/cadiz\/wp-json\/wp\/v2\/categories?post=384"},{"taxonomy":"post_tag","embeddable":true,"href":"https:\/\/ajeandalucia.org\/cadiz\/wp-json\/wp\/v2\/tags?post=384"}],"curies":[{"name":"wp","href":"https:\/\/api.w.org\/{rel}","templated":true}]}}