{"id":460,"date":"2016-12-23T10:33:34","date_gmt":"2016-12-23T10:33:34","guid":{"rendered":"http:\/\/www.ajeandalucia.org\/cadiz\/?p=460"},"modified":"2017-01-03T10:36:42","modified_gmt":"2017-01-03T10:36:42","slug":"aje-andalucia-incorpora-dos-nuevos-miembros-al-comite-ejecutivo-de-la-confederacion-nacional-de-jovenes-empresarios","status":"publish","type":"post","link":"https:\/\/ajeandalucia.org\/cadiz\/2016\/12\/23\/aje-andalucia-incorpora-dos-nuevos-miembros-al-comite-ejecutivo-de-la-confederacion-nacional-de-jovenes-empresarios\/","title":{"rendered":"AJE ANDALUC\u00cdA INCORPORA DOS NUEVOS MIEMBROS AL COMIT\u00c9 EJECUTIVO DE LA CONFEDERACI\u00d3N NACIONAL DE J\u00d3VENES EMPRESARIOS"},"content":{"rendered":"<h2>El presidente de AJE C\u00e1diz, Jes\u00fas Belgrano y el secretario general de AJE C\u00f3rdoba, Manuel Garc\u00eda, han sido nombrados vocal y secretario general de organizaci\u00f3n adjunto, respectivamente, de la Confederaci\u00f3n Espa\u00f1ola de J\u00f3venes Empresarios (Ceaje).<\/h2>\n<p>Desde el mismo momento de su nombramiento, Belgrano y Garc\u00eda han destacado que se marcan entre sus objetivos \u201cdinamizar\u201d las organizaciones provinciales; la puesta en marcha de la Escuela de Verano de Ceaje, con la \u201cparticipaci\u00f3n de actores econ\u00f3micos y pol\u00edticos\u201d.<\/p>\n<p>Igualmente, el tercer gran objetivo fijado consiste en \u201cpropiciar, habituar e intensificar\u201d las relaciones de Ceaje, tanto con la Confederaci\u00f3n Espa\u00f1ola de Organizaciones Empresariales (CEOE), como con el Gobierno y los partidos pol\u00edticos.<\/p>\n","protected":false},"excerpt":{"rendered":"<p>El presidente de AJE C\u00e1diz, Jes\u00fas Belgrano y el secretario general de AJE C\u00f3rdoba, Manuel Garc\u00eda, han sido nombrados vocal [&hellip;]<\/p>\n","protected":false},"author":4,"featured_media":461,"comment_status":"open","ping_status":"open","sticky":false,"template":"","format":"standard","meta":{"_acf_changed":false,"site-sidebar-layout":"default","site-content-layout":"","ast-site-content-layout":"default","site-content-style":"default","site-sidebar-style":"default","ast-global-header-display":"","ast-banner-title-visibility":"","ast-main-header-display":"","ast-hfb-above-header-display":"","ast-hfb-below-header-display":"","ast-hfb-mobile-header-display":"","site-post-title":"","ast-breadcrumbs-content":"","ast-featured-img":"","footer-sml-layout":"","ast-disable-related-posts":"","theme-transparent-header-meta":"","adv-header-id-meta":"","stick-header-meta":"","header-above-stick-meta":"","header-main-stick-meta":"","header-below-stick-meta":"","astra-migrate-meta-layouts":"default","ast-page-background-enabled":"default","ast-page-background-meta":{"desktop":{"background-color":"var(--ast-global-color-5)","background-image":"","background-repeat":"repeat","background-position":"center center","background-size":"auto","background-attachment":"scroll","background-type":"","background-media":"","overlay-type":"","overlay-color":"","overlay-opacity":"","overlay-gradient":""},"tablet":{"background-color":"","background-image":"","background-repeat":"repeat","background-position":"center center","background-size":"auto","background-attachment":"scroll","background-type":"","background-media":"","overlay-type":"","overlay-color":"","overlay-opacity":"","overlay-gradient":""},"mobile":{"background-color":"","background-image":"","background-repeat":"repeat","background-position":"center center","background-size":"auto","background-attachment":"scroll","background-type":"","background-media":"","overlay-type":"","overlay-color":"","overlay-opacity":"","overlay-gradient":""}},"ast-content-background-meta":{"desktop":{"background-color":"var(--ast-global-color-4)","background-image":"","background-repeat":"repeat","background-position":"center center","background-size":"auto","background-attachment":"scroll","background-type":"","background-media":"","overlay-type":"","overlay-color":"","overlay-opacity":"","overlay-gradient":""},"tablet":{"background-color":"var(--ast-global-color-4)","background-image":"","background-repeat":"repeat","background-position":"center center","background-size":"auto","background-attachment":"scroll","background-type":"","background-media":"","overlay-type":"","overlay-color":"","overlay-opacity":"","overlay-gradient":""},"mobile":{"background-color":"var(--ast-global-color-4)","background-image":"","background-repeat":"repeat","background-position":"center center","background-size":"auto","background-attachment":"scroll","background-type":"","background-media":"","overlay-type":"","overlay-color":"","overlay-opacity":"","overlay-gradient":""}},"footnotes":""},"categories":[8],"tags":[],"class_list":["post-460","post","type-post","status-publish","format-standard","has-post-thumbnail","hentry","category-noticias"],"acf":[],"yoast_head":"<!-- This site is optimized with the Yoast SEO plugin v26.9 - https:\/\/yoast.com\/product\/yoast-seo-wordpress\/ -->\n<title>AJE ANDALUC\u00cdA INCORPORA DOS NUEVOS MIEMBROS AL COMIT\u00c9 EJECUTIVO DE LA CONFEDERACI\u00d3N NACIONAL DE J\u00d3VENES EMPRESARIOS - AJE C\u00e1diz<\/title>\n<meta name=\"robots\" content=\"index, follow, max-snippet:-1, max-image-preview:large, max-video-preview:-1\" \/>\n<link rel=\"canonical\" href=\"https:\/\/ajeandalucia.org\/cadiz\/2016\/12\/23\/aje-andalucia-incorpora-dos-nuevos-miembros-al-comite-ejecutivo-de-la-confederacion-nacional-de-jovenes-empresarios\/\" \/>\n<meta property=\"og:locale\" content=\"es_ES\" \/>\n<meta property=\"og:type\" content=\"article\" \/>\n<meta property=\"og:title\" content=\"AJE ANDALUC\u00cdA INCORPORA DOS NUEVOS MIEMBROS AL COMIT\u00c9 EJECUTIVO DE LA CONFEDERACI\u00d3N NACIONAL DE J\u00d3VENES EMPRESARIOS - AJE C\u00e1diz\" \/>\n<meta property=\"og:description\" content=\"El presidente de AJE C\u00e1diz, Jes\u00fas Belgrano y el secretario general de AJE C\u00f3rdoba, Manuel Garc\u00eda, han sido nombrados vocal [&hellip;]\" \/>\n<meta property=\"og:url\" content=\"https:\/\/ajeandalucia.org\/cadiz\/2016\/12\/23\/aje-andalucia-incorpora-dos-nuevos-miembros-al-comite-ejecutivo-de-la-confederacion-nacional-de-jovenes-empresarios\/\" \/>\n<meta property=\"og:site_name\" content=\"AJE C\u00e1diz\" \/>\n<meta property=\"article:published_time\" content=\"2016-12-23T10:33:34+00:00\" \/>\n<meta property=\"article:modified_time\" content=\"2017-01-03T10:36:42+00:00\" \/>\n<meta property=\"og:image\" content=\"https:\/\/ajeandalucia.org\/cadiz\/wp-content\/uploads\/sites\/5\/2017\/01\/nombramiento-jesus-ceaje.jpg\" \/>\n\t<meta property=\"og:image:width\" content=\"791\" \/>\n\t<meta property=\"og:image:height\" content=\"707\" \/>\n\t<meta property=\"og:image:type\" content=\"image\/jpeg\" \/>\n<meta name=\"author\" content=\"cadiz\" \/>\n<meta name=\"twitter:card\" content=\"summary_large_image\" \/>\n<meta name=\"twitter:label1\" content=\"Escrito por\" \/>\n\t<meta name=\"twitter:data1\" content=\"cadiz\" \/>\n\t<meta name=\"twitter:label2\" content=\"Tiempo de lectura\" \/>\n\t<meta name=\"twitter:data2\" content=\"1 minuto\" \/>\n<script type=\"application\/ld+json\" class=\"yoast-schema-graph\">{\"@context\":\"https:\/\/schema.org\",\"@graph\":[{\"@type\":\"Article\",\"@id\":\"https:\/\/ajeandalucia.org\/cadiz\/2016\/12\/23\/aje-andalucia-incorpora-dos-nuevos-miembros-al-comite-ejecutivo-de-la-confederacion-nacional-de-jovenes-empresarios\/#article\",\"isPartOf\":{\"@id\":\"https:\/\/ajeandalucia.org\/cadiz\/2016\/12\/23\/aje-andalucia-incorpora-dos-nuevos-miembros-al-comite-ejecutivo-de-la-confederacion-nacional-de-jovenes-empresarios\/\"},\"author\":{\"name\":\"cadiz\",\"@id\":\"https:\/\/ajeandalucia.org\/cadiz\/#\/schema\/person\/dce63ebda5f85792a4f3061905a9f15a\"},\"headline\":\"AJE ANDALUC\u00cdA INCORPORA DOS NUEVOS MIEMBROS AL COMIT\u00c9 EJECUTIVO DE LA CONFEDERACI\u00d3N NACIONAL DE J\u00d3VENES EMPRESARIOS\",\"datePublished\":\"2016-12-23T10:33:34+00:00\",\"dateModified\":\"2017-01-03T10:36:42+00:00\",\"mainEntityOfPage\":{\"@id\":\"https:\/\/ajeandalucia.org\/cadiz\/2016\/12\/23\/aje-andalucia-incorpora-dos-nuevos-miembros-al-comite-ejecutivo-de-la-confederacion-nacional-de-jovenes-empresarios\/\"},\"wordCount\":143,\"commentCount\":0,\"publisher\":{\"@id\":\"https:\/\/ajeandalucia.org\/cadiz\/#organization\"},\"image\":{\"@id\":\"https:\/\/ajeandalucia.org\/cadiz\/2016\/12\/23\/aje-andalucia-incorpora-dos-nuevos-miembros-al-comite-ejecutivo-de-la-confederacion-nacional-de-jovenes-empresarios\/#primaryimage\"},\"thumbnailUrl\":\"https:\/\/ajeandalucia.org\/cadiz\/wp-content\/uploads\/sites\/5\/2017\/01\/nombramiento-jesus-ceaje.jpg\",\"articleSection\":[\"Noticias\"],\"inLanguage\":\"es\",\"potentialAction\":[{\"@type\":\"CommentAction\",\"name\":\"Comment\",\"target\":[\"https:\/\/ajeandalucia.org\/cadiz\/2016\/12\/23\/aje-andalucia-incorpora-dos-nuevos-miembros-al-comite-ejecutivo-de-la-confederacion-nacional-de-jovenes-empresarios\/#respond\"]}]},{\"@type\":\"WebPage\",\"@id\":\"https:\/\/ajeandalucia.org\/cadiz\/2016\/12\/23\/aje-andalucia-incorpora-dos-nuevos-miembros-al-comite-ejecutivo-de-la-confederacion-nacional-de-jovenes-empresarios\/\",\"url\":\"https:\/\/ajeandalucia.org\/cadiz\/2016\/12\/23\/aje-andalucia-incorpora-dos-nuevos-miembros-al-comite-ejecutivo-de-la-confederacion-nacional-de-jovenes-empresarios\/\",\"name\":\"AJE ANDALUC\u00cdA INCORPORA DOS NUEVOS MIEMBROS AL COMIT\u00c9 EJECUTIVO DE LA CONFEDERACI\u00d3N NACIONAL DE J\u00d3VENES EMPRESARIOS - AJE C\u00e1diz\",\"isPartOf\":{\"@id\":\"https:\/\/ajeandalucia.org\/cadiz\/#website\"},\"primaryImageOfPage\":{\"@id\":\"https:\/\/ajeandalucia.org\/cadiz\/2016\/12\/23\/aje-andalucia-incorpora-dos-nuevos-miembros-al-comite-ejecutivo-de-la-confederacion-nacional-de-jovenes-empresarios\/#primaryimage\"},\"image\":{\"@id\":\"https:\/\/ajeandalucia.org\/cadiz\/2016\/12\/23\/aje-andalucia-incorpora-dos-nuevos-miembros-al-comite-ejecutivo-de-la-confederacion-nacional-de-jovenes-empresarios\/#primaryimage\"},\"thumbnailUrl\":\"https:\/\/ajeandalucia.org\/cadiz\/wp-content\/uploads\/sites\/5\/2017\/01\/nombramiento-jesus-ceaje.jpg\",\"datePublished\":\"2016-12-23T10:33:34+00:00\",\"dateModified\":\"2017-01-03T10:36:42+00:00\",\"breadcrumb\":{\"@id\":\"https:\/\/ajeandalucia.org\/cadiz\/2016\/12\/23\/aje-andalucia-incorpora-dos-nuevos-miembros-al-comite-ejecutivo-de-la-confederacion-nacional-de-jovenes-empresarios\/#breadcrumb\"},\"inLanguage\":\"es\",\"potentialAction\":[{\"@type\":\"ReadAction\",\"target\":[\"https:\/\/ajeandalucia.org\/cadiz\/2016\/12\/23\/aje-andalucia-incorpora-dos-nuevos-miembros-al-comite-ejecutivo-de-la-confederacion-nacional-de-jovenes-empresarios\/\"]}]},{\"@type\":\"ImageObject\",\"inLanguage\":\"es\",\"@id\":\"https:\/\/ajeandalucia.org\/cadiz\/2016\/12\/23\/aje-andalucia-incorpora-dos-nuevos-miembros-al-comite-ejecutivo-de-la-confederacion-nacional-de-jovenes-empresarios\/#primaryimage\",\"url\":\"https:\/\/ajeandalucia.org\/cadiz\/wp-content\/uploads\/sites\/5\/2017\/01\/nombramiento-jesus-ceaje.jpg\",\"contentUrl\":\"https:\/\/ajeandalucia.org\/cadiz\/wp-content\/uploads\/sites\/5\/2017\/01\/nombramiento-jesus-ceaje.jpg\",\"width\":791,\"height\":707},{\"@type\":\"BreadcrumbList\",\"@id\":\"https:\/\/ajeandalucia.org\/cadiz\/2016\/12\/23\/aje-andalucia-incorpora-dos-nuevos-miembros-al-comite-ejecutivo-de-la-confederacion-nacional-de-jovenes-empresarios\/#breadcrumb\",\"itemListElement\":[{\"@type\":\"ListItem\",\"position\":1,\"name\":\"Portada\",\"item\":\"https:\/\/ajeandalucia.org\/cadiz\/\"},{\"@type\":\"ListItem\",\"position\":2,\"name\":\"AJE ANDALUC\u00cdA INCORPORA DOS NUEVOS MIEMBROS AL COMIT\u00c9 EJECUTIVO DE LA CONFEDERACI\u00d3N NACIONAL DE J\u00d3VENES EMPRESARIOS\"}]},{\"@type\":\"WebSite\",\"@id\":\"https:\/\/ajeandalucia.org\/cadiz\/#website\",\"url\":\"https:\/\/ajeandalucia.org\/cadiz\/\",\"name\":\"AJE C\u00e1diz\",\"description\":\"Otro sitio m\u00e1s de AJE Andaluc\u00eda\",\"publisher\":{\"@id\":\"https:\/\/ajeandalucia.org\/cadiz\/#organization\"},\"potentialAction\":[{\"@type\":\"SearchAction\",\"target\":{\"@type\":\"EntryPoint\",\"urlTemplate\":\"https:\/\/ajeandalucia.org\/cadiz\/?s={search_term_string}\"},\"query-input\":{\"@type\":\"PropertyValueSpecification\",\"valueRequired\":true,\"valueName\":\"search_term_string\"}}],\"inLanguage\":\"es\"},{\"@type\":\"Organization\",\"@id\":\"https:\/\/ajeandalucia.org\/cadiz\/#organization\",\"name\":\"AJE C\u00e1diz\",\"url\":\"https:\/\/ajeandalucia.org\/cadiz\/\",\"logo\":{\"@type\":\"ImageObject\",\"inLanguage\":\"es\",\"@id\":\"https:\/\/ajeandalucia.org\/cadiz\/#\/schema\/logo\/image\/\",\"url\":\"https:\/\/ajeandalucia.org\/cadiz\/wp-content\/uploads\/sites\/5\/2025\/01\/AJE-CADIZ-horizontal.png\",\"contentUrl\":\"https:\/\/ajeandalucia.org\/cadiz\/wp-content\/uploads\/sites\/5\/2025\/01\/AJE-CADIZ-horizontal.png\",\"width\":605,\"height\":200,\"caption\":\"AJE C\u00e1diz\"},\"image\":{\"@id\":\"https:\/\/ajeandalucia.org\/cadiz\/#\/schema\/logo\/image\/\"}},{\"@type\":\"Person\",\"@id\":\"https:\/\/ajeandalucia.org\/cadiz\/#\/schema\/person\/dce63ebda5f85792a4f3061905a9f15a\",\"name\":\"cadiz\",\"image\":{\"@type\":\"ImageObject\",\"inLanguage\":\"es\",\"@id\":\"https:\/\/ajeandalucia.org\/cadiz\/#\/schema\/person\/image\/\",\"url\":\"https:\/\/secure.gravatar.com\/avatar\/e60287d271698686eba86c2f7f8485140fdb3db29714804eebe944be2ec6f47b?s=96&d=mm&r=g\",\"contentUrl\":\"https:\/\/secure.gravatar.com\/avatar\/e60287d271698686eba86c2f7f8485140fdb3db29714804eebe944be2ec6f47b?s=96&d=mm&r=g\",\"caption\":\"cadiz\"},\"url\":\"https:\/\/ajeandalucia.org\/cadiz\/author\/cadiz\/\"}]}<\/script>\n<!-- \/ Yoast SEO plugin. -->","yoast_head_json":{"title":"AJE ANDALUC\u00cdA INCORPORA DOS NUEVOS MIEMBROS AL COMIT\u00c9 EJECUTIVO DE LA CONFEDERACI\u00d3N NACIONAL DE J\u00d3VENES EMPRESARIOS - AJE C\u00e1diz","robots":{"index":"index","follow":"follow","max-snippet":"max-snippet:-1","max-image-preview":"max-image-preview:large","max-video-preview":"max-video-preview:-1"},"canonical":"https:\/\/ajeandalucia.org\/cadiz\/2016\/12\/23\/aje-andalucia-incorpora-dos-nuevos-miembros-al-comite-ejecutivo-de-la-confederacion-nacional-de-jovenes-empresarios\/","og_locale":"es_ES","og_type":"article","og_title":"AJE ANDALUC\u00cdA INCORPORA DOS NUEVOS MIEMBROS AL COMIT\u00c9 EJECUTIVO DE LA CONFEDERACI\u00d3N NACIONAL DE J\u00d3VENES EMPRESARIOS - AJE C\u00e1diz","og_description":"El presidente de AJE C\u00e1diz, Jes\u00fas Belgrano y el secretario general de AJE C\u00f3rdoba, Manuel Garc\u00eda, han sido nombrados vocal [&hellip;]","og_url":"https:\/\/ajeandalucia.org\/cadiz\/2016\/12\/23\/aje-andalucia-incorpora-dos-nuevos-miembros-al-comite-ejecutivo-de-la-confederacion-nacional-de-jovenes-empresarios\/","og_site_name":"AJE C\u00e1diz","article_published_time":"2016-12-23T10:33:34+00:00","article_modified_time":"2017-01-03T10:36:42+00:00","og_image":[{"width":791,"height":707,"url":"https:\/\/ajeandalucia.org\/cadiz\/wp-content\/uploads\/sites\/5\/2017\/01\/nombramiento-jesus-ceaje.jpg","type":"image\/jpeg"}],"author":"cadiz","twitter_card":"summary_large_image","twitter_misc":{"Escrito por":"cadiz","Tiempo de lectura":"1 minuto"},"schema":{"@context":"https:\/\/schema.org","@graph":[{"@type":"Article","@id":"https:\/\/ajeandalucia.org\/cadiz\/2016\/12\/23\/aje-andalucia-incorpora-dos-nuevos-miembros-al-comite-ejecutivo-de-la-confederacion-nacional-de-jovenes-empresarios\/#article","isPartOf":{"@id":"https:\/\/ajeandalucia.org\/cadiz\/2016\/12\/23\/aje-andalucia-incorpora-dos-nuevos-miembros-al-comite-ejecutivo-de-la-confederacion-nacional-de-jovenes-empresarios\/"},"author":{"name":"cadiz","@id":"https:\/\/ajeandalucia.org\/cadiz\/#\/schema\/person\/dce63ebda5f85792a4f3061905a9f15a"},"headline":"AJE ANDALUC\u00cdA INCORPORA DOS NUEVOS MIEMBROS AL COMIT\u00c9 EJECUTIVO DE LA CONFEDERACI\u00d3N NACIONAL DE J\u00d3VENES EMPRESARIOS","datePublished":"2016-12-23T10:33:34+00:00","dateModified":"2017-01-03T10:36:42+00:00","mainEntityOfPage":{"@id":"https:\/\/ajeandalucia.org\/cadiz\/2016\/12\/23\/aje-andalucia-incorpora-dos-nuevos-miembros-al-comite-ejecutivo-de-la-confederacion-nacional-de-jovenes-empresarios\/"},"wordCount":143,"commentCount":0,"publisher":{"@id":"https:\/\/ajeandalucia.org\/cadiz\/#organization"},"image":{"@id":"https:\/\/ajeandalucia.org\/cadiz\/2016\/12\/23\/aje-andalucia-incorpora-dos-nuevos-miembros-al-comite-ejecutivo-de-la-confederacion-nacional-de-jovenes-empresarios\/#primaryimage"},"thumbnailUrl":"https:\/\/ajeandalucia.org\/cadiz\/wp-content\/uploads\/sites\/5\/2017\/01\/nombramiento-jesus-ceaje.jpg","articleSection":["Noticias"],"inLanguage":"es","potentialAction":[{"@type":"CommentAction","name":"Comment","target":["https:\/\/ajeandalucia.org\/cadiz\/2016\/12\/23\/aje-andalucia-incorpora-dos-nuevos-miembros-al-comite-ejecutivo-de-la-confederacion-nacional-de-jovenes-empresarios\/#respond"]}]},{"@type":"WebPage","@id":"https:\/\/ajeandalucia.org\/cadiz\/2016\/12\/23\/aje-andalucia-incorpora-dos-nuevos-miembros-al-comite-ejecutivo-de-la-confederacion-nacional-de-jovenes-empresarios\/","url":"https:\/\/ajeandalucia.org\/cadiz\/2016\/12\/23\/aje-andalucia-incorpora-dos-nuevos-miembros-al-comite-ejecutivo-de-la-confederacion-nacional-de-jovenes-empresarios\/","name":"AJE ANDALUC\u00cdA INCORPORA DOS NUEVOS MIEMBROS AL COMIT\u00c9 EJECUTIVO DE LA CONFEDERACI\u00d3N NACIONAL DE J\u00d3VENES EMPRESARIOS - AJE C\u00e1diz","isPartOf":{"@id":"https:\/\/ajeandalucia.org\/cadiz\/#website"},"primaryImageOfPage":{"@id":"https:\/\/ajeandalucia.org\/cadiz\/2016\/12\/23\/aje-andalucia-incorpora-dos-nuevos-miembros-al-comite-ejecutivo-de-la-confederacion-nacional-de-jovenes-empresarios\/#primaryimage"},"image":{"@id":"https:\/\/ajeandalucia.org\/cadiz\/2016\/12\/23\/aje-andalucia-incorpora-dos-nuevos-miembros-al-comite-ejecutivo-de-la-confederacion-nacional-de-jovenes-empresarios\/#primaryimage"},"thumbnailUrl":"https:\/\/ajeandalucia.org\/cadiz\/wp-content\/uploads\/sites\/5\/2017\/01\/nombramiento-jesus-ceaje.jpg","datePublished":"2016-12-23T10:33:34+00:00","dateModified":"2017-01-03T10:36:42+00:00","breadcrumb":{"@id":"https:\/\/ajeandalucia.org\/cadiz\/2016\/12\/23\/aje-andalucia-incorpora-dos-nuevos-miembros-al-comite-ejecutivo-de-la-confederacion-nacional-de-jovenes-empresarios\/#breadcrumb"},"inLanguage":"es","potentialAction":[{"@type":"ReadAction","target":["https:\/\/ajeandalucia.org\/cadiz\/2016\/12\/23\/aje-andalucia-incorpora-dos-nuevos-miembros-al-comite-ejecutivo-de-la-confederacion-nacional-de-jovenes-empresarios\/"]}]},{"@type":"ImageObject","inLanguage":"es","@id":"https:\/\/ajeandalucia.org\/cadiz\/2016\/12\/23\/aje-andalucia-incorpora-dos-nuevos-miembros-al-comite-ejecutivo-de-la-confederacion-nacional-de-jovenes-empresarios\/#primaryimage","url":"https:\/\/ajeandalucia.org\/cadiz\/wp-content\/uploads\/sites\/5\/2017\/01\/nombramiento-jesus-ceaje.jpg","contentUrl":"https:\/\/ajeandalucia.org\/cadiz\/wp-content\/uploads\/sites\/5\/2017\/01\/nombramiento-jesus-ceaje.jpg","width":791,"height":707},{"@type":"BreadcrumbList","@id":"https:\/\/ajeandalucia.org\/cadiz\/2016\/12\/23\/aje-andalucia-incorpora-dos-nuevos-miembros-al-comite-ejecutivo-de-la-confederacion-nacional-de-jovenes-empresarios\/#breadcrumb","itemListElement":[{"@type":"ListItem","position":1,"name":"Portada","item":"https:\/\/ajeandalucia.org\/cadiz\/"},{"@type":"ListItem","position":2,"name":"AJE ANDALUC\u00cdA INCORPORA DOS NUEVOS MIEMBROS AL COMIT\u00c9 EJECUTIVO DE LA CONFEDERACI\u00d3N NACIONAL DE J\u00d3VENES EMPRESARIOS"}]},{"@type":"WebSite","@id":"https:\/\/ajeandalucia.org\/cadiz\/#website","url":"https:\/\/ajeandalucia.org\/cadiz\/","name":"AJE C\u00e1diz","description":"Otro sitio m\u00e1s de AJE Andaluc\u00eda","publisher":{"@id":"https:\/\/ajeandalucia.org\/cadiz\/#organization"},"potentialAction":[{"@type":"SearchAction","target":{"@type":"EntryPoint","urlTemplate":"https:\/\/ajeandalucia.org\/cadiz\/?s={search_term_string}"},"query-input":{"@type":"PropertyValueSpecification","valueRequired":true,"valueName":"search_term_string"}}],"inLanguage":"es"},{"@type":"Organization","@id":"https:\/\/ajeandalucia.org\/cadiz\/#organization","name":"AJE C\u00e1diz","url":"https:\/\/ajeandalucia.org\/cadiz\/","logo":{"@type":"ImageObject","inLanguage":"es","@id":"https:\/\/ajeandalucia.org\/cadiz\/#\/schema\/logo\/image\/","url":"https:\/\/ajeandalucia.org\/cadiz\/wp-content\/uploads\/sites\/5\/2025\/01\/AJE-CADIZ-horizontal.png","contentUrl":"https:\/\/ajeandalucia.org\/cadiz\/wp-content\/uploads\/sites\/5\/2025\/01\/AJE-CADIZ-horizontal.png","width":605,"height":200,"caption":"AJE C\u00e1diz"},"image":{"@id":"https:\/\/ajeandalucia.org\/cadiz\/#\/schema\/logo\/image\/"}},{"@type":"Person","@id":"https:\/\/ajeandalucia.org\/cadiz\/#\/schema\/person\/dce63ebda5f85792a4f3061905a9f15a","name":"cadiz","image":{"@type":"ImageObject","inLanguage":"es","@id":"https:\/\/ajeandalucia.org\/cadiz\/#\/schema\/person\/image\/","url":"https:\/\/secure.gravatar.com\/avatar\/e60287d271698686eba86c2f7f8485140fdb3db29714804eebe944be2ec6f47b?s=96&d=mm&r=g","contentUrl":"https:\/\/secure.gravatar.com\/avatar\/e60287d271698686eba86c2f7f8485140fdb3db29714804eebe944be2ec6f47b?s=96&d=mm&r=g","caption":"cadiz"},"url":"https:\/\/ajeandalucia.org\/cadiz\/author\/cadiz\/"}]}},"_links":{"self":[{"href":"https:\/\/ajeandalucia.org\/cadiz\/wp-json\/wp\/v2\/posts\/460","targetHints":{"allow":["GET"]}}],"collection":[{"href":"https:\/\/ajeandalucia.org\/cadiz\/wp-json\/wp\/v2\/posts"}],"about":[{"href":"https:\/\/ajeandalucia.org\/cadiz\/wp-json\/wp\/v2\/types\/post"}],"author":[{"embeddable":true,"href":"https:\/\/ajeandalucia.org\/cadiz\/wp-json\/wp\/v2\/users\/4"}],"replies":[{"embeddable":true,"href":"https:\/\/ajeandalucia.org\/cadiz\/wp-json\/wp\/v2\/comments?post=460"}],"version-history":[{"count":1,"href":"https:\/\/ajeandalucia.org\/cadiz\/wp-json\/wp\/v2\/posts\/460\/revisions"}],"predecessor-version":[{"id":462,"href":"https:\/\/ajeandalucia.org\/cadiz\/wp-json\/wp\/v2\/posts\/460\/revisions\/462"}],"wp:featuredmedia":[{"embeddable":true,"href":"https:\/\/ajeandalucia.org\/cadiz\/wp-json\/wp\/v2\/media\/461"}],"wp:attachment":[{"href":"https:\/\/ajeandalucia.org\/cadiz\/wp-json\/wp\/v2\/media?parent=460"}],"wp:term":[{"taxonomy":"category","embeddable":true,"href":"https:\/\/ajeandalucia.org\/cadiz\/wp-json\/wp\/v2\/categories?post=460"},{"taxonomy":"post_tag","embeddable":true,"href":"https:\/\/ajeandalucia.org\/cadiz\/wp-json\/wp\/v2\/tags?post=460"}],"curies":[{"name":"wp","href":"https:\/\/api.w.org\/{rel}","templated":true}]}}