{"id":465,"date":"2017-01-20T11:59:09","date_gmt":"2017-01-20T11:59:09","guid":{"rendered":"http:\/\/www.ajeandalucia.org\/cadiz\/?p=465"},"modified":"2017-01-20T11:59:09","modified_gmt":"2017-01-20T11:59:09","slug":"ceaje-convoca-el-xv-premio-nacional-joven-empresario-que-se-entregara-en-granada-el-23-de-marzo-de-2017","status":"publish","type":"post","link":"https:\/\/ajeandalucia.org\/cadiz\/2017\/01\/20\/ceaje-convoca-el-xv-premio-nacional-joven-empresario-que-se-entregara-en-granada-el-23-de-marzo-de-2017\/","title":{"rendered":"CEAJE CONVOCA EL XV PREMIO NACIONAL JOVEN EMPRESARIO QUE SE ENTREGAR\u00c1 EN GRANADA EL 23 DE MARZO DE 2017"},"content":{"rendered":"<p>La <strong>Confederaci\u00f3n Espa\u00f1ola de J\u00f3venes Empresarios<\/strong> ha abierto la convocatoria para la presentaci\u00f3n de candidaturas del <strong>XV Premio Nacional Joven Empresario<\/strong>, cuya ceremonia de entrega tendr\u00e1 lugar el pr\u00f3ximo <strong>23 de marzo<\/strong> en <strong>Granada<\/strong>. El presidente de <strong>CEAJE<\/strong>, <strong>Ferm\u00edn Albaladejo<\/strong>, manifest\u00f3 que \u201c<em>la celebraci\u00f3n de este galard\u00f3n, ya consolidado dentro del panorama empresarial espa\u00f1ol, supone un reconocimiento a la dedicaci\u00f3n de los empresarios menores de 41 a\u00f1os, que con gran esfuerzo han creado empresas competitivas, que contribuyen d\u00eda a d\u00eda a crear riqueza y generar empleo en nuestra sociedad<\/em>\u201d. Tradicionalmente, y siempre que su agenda lo ha permitido, <strong>SS.MM. los Reyes de Espa\u00f1a<\/strong> han entregado el <strong>Premio Nacional Joven Empresario<\/strong> en cada una de sus ediciones.<\/p>\n<p><strong>CEAJE<\/strong> cre\u00f3 este galard\u00f3n en <strong>1989<\/strong> para reconocer la labor de los j\u00f3venes empresarios. Puede participar cualquier empresario nacido despu\u00e9s del 1 de enero de 1975, \u201c<em>que ha centrado sus aspiraciones en crear su propia empresa y que no s\u00f3lo ha conseguido poner en marcha su proyecto, sino que con su empe\u00f1o y tenacidad ha logrado su viabilidad y consolidaci\u00f3n<\/em>\u201d, explic\u00f3 <strong>Albaladejo<\/strong>. En esta ocasi\u00f3n, <strong>CEAJE<\/strong> cuenta con el apoyo y la colaboraci\u00f3n del <strong>Banco Santander<\/strong> y <strong>Telef\u00f3nica<\/strong>, entre otras instituciones p\u00fablicas y privadas del \u00e1mbito econ\u00f3mico y social.<\/p>\n<p>La elecci\u00f3n del premiado corre a cargo de un jurado independiente compuesto por personas de reconocido prestigio del mundo de la econom\u00eda, de la comunicaci\u00f3n, de la universidad, etc.\u00a0 Este jurado valora y elige los proyectos que concurren destacando la consolidaci\u00f3n del desarrollo de su negocio, as\u00ed como el haber contribuido de forma especial a la creaci\u00f3n de riqueza en su entorno y a la generaci\u00f3n de empleo.<\/p>\n<p>El <strong>Premio Nacional Joven Empresario<\/strong> se compone de las siguientes categor\u00edas:<\/p>\n<ul>\n<li><u>Candidato al Premio Nacional Joven Empresario<\/u>: Por reunir atributos, valores, actitudes e ideas que han llevado al empresario no s\u00f3lo a consolidar un excelente proyecto empresarial, sino tambi\u00e9n a ser referente y ejemplo a seguir por los j\u00f3venes espa\u00f1oles.<\/li>\n<li><u>Acc\u00e9sit a la Innovaci\u00f3n<\/u>: Por su contribuci\u00f3n al aumento de la competitividad de nuestras empresas a trav\u00e9s, no solo de la investigaci\u00f3n, sino tambi\u00e9n de la creatividad.<\/li>\n<li><u>Acc\u00e9sit a la Internacionalizaci\u00f3n<\/u>: Por contribuir al crecimiento de nuestra econom\u00eda, potenciando la actividad exterior y reforzando la marca Espa\u00f1a fuera de nuestras fronteras.<\/li>\n<li><u>Acc\u00e9sit al Compromiso Social:<\/u> Por compartir con la sociedad parte del valor que la empresa crea, en acciones dirigidas tanto hacia el interior como al exterior de la misma, promoviendo un mayor bienestar y una mejor calidad de vida.<\/li>\n<li><u>Acc\u00e9sit al Relevado Generacional<\/u>: Por mantener y transmitir a las nuevas generaciones el esp\u00edritu emprendedor, incorporando innovaci\u00f3n, desarrollo y adaptaci\u00f3n a las nuevas tendencias del mercado.<\/li>\n<li><u>Acc\u00e9sit al Empresario con Discapacidad<\/u>: Al joven empresario con discapacidad que haya creado y lidere la empresa. Se trata de una novedad con respecto a otras ediciones.<\/li>\n<\/ul>\n<p>El plazo de presentaci\u00f3n de candidaturas <strong><u>termina el pr\u00f3ximo 17 de febrero, a las 14 horas<\/u><\/strong>. Se pueden consultar las <strong>bases completas<\/strong> en\u00a0<a href=\"http:\/\/www.ceaje.es\/wp-content\/uploads\/2017\/01\/Bases-y-Convocatoria-XV-Premio-DEF-en17.pdf\">http:\/\/www.ceaje.es\/wp-content\/uploads\/2017\/01\/Bases-y-Convocatoria-XV-Premio-DEF-en17.pdf<\/a><\/p>\n<p>Aqu\u00ed puedes descargar el <strong>Modelo de Memoria\u00a0<\/strong>en\u00a0<a href=\"http:\/\/www.ceaje.es\/wp-content\/uploads\/2017\/01\/Modelo-Memoria-Premio-Nacional-Joven-Empresario-2017-def.doc\">http:\/\/www.ceaje.es\/wp-content\/uploads\/2017\/01\/Modelo-Memoria-Premio-Nacional-Joven-Empresario-2017-def.doc<\/a><\/p>\n","protected":false},"excerpt":{"rendered":"<p>La Confederaci\u00f3n Espa\u00f1ola de J\u00f3venes Empresarios ha abierto la convocatoria para la presentaci\u00f3n de candidaturas del XV Premio Nacional Joven [&hellip;]<\/p>\n","protected":false},"author":4,"featured_media":466,"comment_status":"open","ping_status":"open","sticky":false,"template":"","format":"standard","meta":{"_acf_changed":false,"site-sidebar-layout":"default","site-content-layout":"","ast-site-content-layout":"default","site-content-style":"default","site-sidebar-style":"default","ast-global-header-display":"","ast-banner-title-visibility":"","ast-main-header-display":"","ast-hfb-above-header-display":"","ast-hfb-below-header-display":"","ast-hfb-mobile-header-display":"","site-post-title":"","ast-breadcrumbs-content":"","ast-featured-img":"","footer-sml-layout":"","ast-disable-related-posts":"","theme-transparent-header-meta":"","adv-header-id-meta":"","stick-header-meta":"","header-above-stick-meta":"","header-main-stick-meta":"","header-below-stick-meta":"","astra-migrate-meta-layouts":"default","ast-page-background-enabled":"default","ast-page-background-meta":{"desktop":{"background-color":"var(--ast-global-color-5)","background-image":"","background-repeat":"repeat","background-position":"center center","background-size":"auto","background-attachment":"scroll","background-type":"","background-media":"","overlay-type":"","overlay-color":"","overlay-opacity":"","overlay-gradient":""},"tablet":{"background-color":"","background-image":"","background-repeat":"repeat","background-position":"center center","background-size":"auto","background-attachment":"scroll","background-type":"","background-media":"","overlay-type":"","overlay-color":"","overlay-opacity":"","overlay-gradient":""},"mobile":{"background-color":"","background-image":"","background-repeat":"repeat","background-position":"center center","background-size":"auto","background-attachment":"scroll","background-type":"","background-media":"","overlay-type":"","overlay-color":"","overlay-opacity":"","overlay-gradient":""}},"ast-content-background-meta":{"desktop":{"background-color":"var(--ast-global-color-4)","background-image":"","background-repeat":"repeat","background-position":"center center","background-size":"auto","background-attachment":"scroll","background-type":"","background-media":"","overlay-type":"","overlay-color":"","overlay-opacity":"","overlay-gradient":""},"tablet":{"background-color":"var(--ast-global-color-4)","background-image":"","background-repeat":"repeat","background-position":"center center","background-size":"auto","background-attachment":"scroll","background-type":"","background-media":"","overlay-type":"","overlay-color":"","overlay-opacity":"","overlay-gradient":""},"mobile":{"background-color":"var(--ast-global-color-4)","background-image":"","background-repeat":"repeat","background-position":"center center","background-size":"auto","background-attachment":"scroll","background-type":"","background-media":"","overlay-type":"","overlay-color":"","overlay-opacity":"","overlay-gradient":""}},"footnotes":""},"categories":[8],"tags":[],"class_list":["post-465","post","type-post","status-publish","format-standard","has-post-thumbnail","hentry","category-noticias"],"acf":[],"yoast_head":"<!-- This site is optimized with the Yoast SEO plugin v26.9 - https:\/\/yoast.com\/product\/yoast-seo-wordpress\/ -->\n<title>CEAJE CONVOCA EL XV PREMIO NACIONAL JOVEN EMPRESARIO QUE SE ENTREGAR\u00c1 EN GRANADA EL 23 DE MARZO DE 2017 - AJE C\u00e1diz<\/title>\n<meta name=\"robots\" content=\"index, follow, max-snippet:-1, max-image-preview:large, max-video-preview:-1\" \/>\n<link rel=\"canonical\" href=\"https:\/\/ajeandalucia.org\/cadiz\/2017\/01\/20\/ceaje-convoca-el-xv-premio-nacional-joven-empresario-que-se-entregara-en-granada-el-23-de-marzo-de-2017\/\" \/>\n<meta property=\"og:locale\" content=\"es_ES\" \/>\n<meta property=\"og:type\" content=\"article\" \/>\n<meta property=\"og:title\" content=\"CEAJE CONVOCA EL XV PREMIO NACIONAL JOVEN EMPRESARIO QUE SE ENTREGAR\u00c1 EN GRANADA EL 23 DE MARZO DE 2017 - AJE C\u00e1diz\" \/>\n<meta property=\"og:description\" content=\"La Confederaci\u00f3n Espa\u00f1ola de J\u00f3venes Empresarios ha abierto la convocatoria para la presentaci\u00f3n de candidaturas del XV Premio Nacional Joven [&hellip;]\" \/>\n<meta property=\"og:url\" content=\"https:\/\/ajeandalucia.org\/cadiz\/2017\/01\/20\/ceaje-convoca-el-xv-premio-nacional-joven-empresario-que-se-entregara-en-granada-el-23-de-marzo-de-2017\/\" \/>\n<meta property=\"og:site_name\" content=\"AJE C\u00e1diz\" \/>\n<meta property=\"article:published_time\" content=\"2017-01-20T11:59:09+00:00\" \/>\n<meta property=\"og:image\" content=\"https:\/\/ajeandalucia.org\/cadiz\/wp-content\/uploads\/sites\/5\/2017\/01\/xv-premio-nacional-convocatoria-2017.png\" \/>\n\t<meta property=\"og:image:width\" content=\"871\" \/>\n\t<meta property=\"og:image:height\" content=\"576\" \/>\n\t<meta property=\"og:image:type\" content=\"image\/png\" \/>\n<meta name=\"author\" content=\"cadiz\" \/>\n<meta name=\"twitter:card\" content=\"summary_large_image\" \/>\n<meta name=\"twitter:label1\" content=\"Escrito por\" \/>\n\t<meta name=\"twitter:data1\" content=\"cadiz\" \/>\n\t<meta name=\"twitter:label2\" content=\"Tiempo de lectura\" \/>\n\t<meta name=\"twitter:data2\" content=\"3 minutos\" \/>\n<script type=\"application\/ld+json\" class=\"yoast-schema-graph\">{\"@context\":\"https:\/\/schema.org\",\"@graph\":[{\"@type\":\"Article\",\"@id\":\"https:\/\/ajeandalucia.org\/cadiz\/2017\/01\/20\/ceaje-convoca-el-xv-premio-nacional-joven-empresario-que-se-entregara-en-granada-el-23-de-marzo-de-2017\/#article\",\"isPartOf\":{\"@id\":\"https:\/\/ajeandalucia.org\/cadiz\/2017\/01\/20\/ceaje-convoca-el-xv-premio-nacional-joven-empresario-que-se-entregara-en-granada-el-23-de-marzo-de-2017\/\"},\"author\":{\"name\":\"cadiz\",\"@id\":\"https:\/\/ajeandalucia.org\/cadiz\/#\/schema\/person\/dce63ebda5f85792a4f3061905a9f15a\"},\"headline\":\"CEAJE CONVOCA EL XV PREMIO NACIONAL JOVEN EMPRESARIO QUE SE ENTREGAR\u00c1 EN GRANADA EL 23 DE MARZO DE 2017\",\"datePublished\":\"2017-01-20T11:59:09+00:00\",\"mainEntityOfPage\":{\"@id\":\"https:\/\/ajeandalucia.org\/cadiz\/2017\/01\/20\/ceaje-convoca-el-xv-premio-nacional-joven-empresario-que-se-entregara-en-granada-el-23-de-marzo-de-2017\/\"},\"wordCount\":579,\"commentCount\":0,\"publisher\":{\"@id\":\"https:\/\/ajeandalucia.org\/cadiz\/#organization\"},\"image\":{\"@id\":\"https:\/\/ajeandalucia.org\/cadiz\/2017\/01\/20\/ceaje-convoca-el-xv-premio-nacional-joven-empresario-que-se-entregara-en-granada-el-23-de-marzo-de-2017\/#primaryimage\"},\"thumbnailUrl\":\"https:\/\/ajeandalucia.org\/cadiz\/wp-content\/uploads\/sites\/5\/2017\/01\/xv-premio-nacional-convocatoria-2017.png\",\"articleSection\":[\"Noticias\"],\"inLanguage\":\"es\",\"potentialAction\":[{\"@type\":\"CommentAction\",\"name\":\"Comment\",\"target\":[\"https:\/\/ajeandalucia.org\/cadiz\/2017\/01\/20\/ceaje-convoca-el-xv-premio-nacional-joven-empresario-que-se-entregara-en-granada-el-23-de-marzo-de-2017\/#respond\"]}]},{\"@type\":\"WebPage\",\"@id\":\"https:\/\/ajeandalucia.org\/cadiz\/2017\/01\/20\/ceaje-convoca-el-xv-premio-nacional-joven-empresario-que-se-entregara-en-granada-el-23-de-marzo-de-2017\/\",\"url\":\"https:\/\/ajeandalucia.org\/cadiz\/2017\/01\/20\/ceaje-convoca-el-xv-premio-nacional-joven-empresario-que-se-entregara-en-granada-el-23-de-marzo-de-2017\/\",\"name\":\"CEAJE CONVOCA EL XV PREMIO NACIONAL JOVEN EMPRESARIO QUE SE ENTREGAR\u00c1 EN GRANADA EL 23 DE MARZO DE 2017 - AJE C\u00e1diz\",\"isPartOf\":{\"@id\":\"https:\/\/ajeandalucia.org\/cadiz\/#website\"},\"primaryImageOfPage\":{\"@id\":\"https:\/\/ajeandalucia.org\/cadiz\/2017\/01\/20\/ceaje-convoca-el-xv-premio-nacional-joven-empresario-que-se-entregara-en-granada-el-23-de-marzo-de-2017\/#primaryimage\"},\"image\":{\"@id\":\"https:\/\/ajeandalucia.org\/cadiz\/2017\/01\/20\/ceaje-convoca-el-xv-premio-nacional-joven-empresario-que-se-entregara-en-granada-el-23-de-marzo-de-2017\/#primaryimage\"},\"thumbnailUrl\":\"https:\/\/ajeandalucia.org\/cadiz\/wp-content\/uploads\/sites\/5\/2017\/01\/xv-premio-nacional-convocatoria-2017.png\",\"datePublished\":\"2017-01-20T11:59:09+00:00\",\"breadcrumb\":{\"@id\":\"https:\/\/ajeandalucia.org\/cadiz\/2017\/01\/20\/ceaje-convoca-el-xv-premio-nacional-joven-empresario-que-se-entregara-en-granada-el-23-de-marzo-de-2017\/#breadcrumb\"},\"inLanguage\":\"es\",\"potentialAction\":[{\"@type\":\"ReadAction\",\"target\":[\"https:\/\/ajeandalucia.org\/cadiz\/2017\/01\/20\/ceaje-convoca-el-xv-premio-nacional-joven-empresario-que-se-entregara-en-granada-el-23-de-marzo-de-2017\/\"]}]},{\"@type\":\"ImageObject\",\"inLanguage\":\"es\",\"@id\":\"https:\/\/ajeandalucia.org\/cadiz\/2017\/01\/20\/ceaje-convoca-el-xv-premio-nacional-joven-empresario-que-se-entregara-en-granada-el-23-de-marzo-de-2017\/#primaryimage\",\"url\":\"https:\/\/ajeandalucia.org\/cadiz\/wp-content\/uploads\/sites\/5\/2017\/01\/xv-premio-nacional-convocatoria-2017.png\",\"contentUrl\":\"https:\/\/ajeandalucia.org\/cadiz\/wp-content\/uploads\/sites\/5\/2017\/01\/xv-premio-nacional-convocatoria-2017.png\",\"width\":871,\"height\":576},{\"@type\":\"BreadcrumbList\",\"@id\":\"https:\/\/ajeandalucia.org\/cadiz\/2017\/01\/20\/ceaje-convoca-el-xv-premio-nacional-joven-empresario-que-se-entregara-en-granada-el-23-de-marzo-de-2017\/#breadcrumb\",\"itemListElement\":[{\"@type\":\"ListItem\",\"position\":1,\"name\":\"Portada\",\"item\":\"https:\/\/ajeandalucia.org\/cadiz\/\"},{\"@type\":\"ListItem\",\"position\":2,\"name\":\"CEAJE CONVOCA EL XV PREMIO NACIONAL JOVEN EMPRESARIO QUE SE ENTREGAR\u00c1 EN GRANADA EL 23 DE MARZO DE 2017\"}]},{\"@type\":\"WebSite\",\"@id\":\"https:\/\/ajeandalucia.org\/cadiz\/#website\",\"url\":\"https:\/\/ajeandalucia.org\/cadiz\/\",\"name\":\"AJE C\u00e1diz\",\"description\":\"Otro sitio m\u00e1s de AJE Andaluc\u00eda\",\"publisher\":{\"@id\":\"https:\/\/ajeandalucia.org\/cadiz\/#organization\"},\"potentialAction\":[{\"@type\":\"SearchAction\",\"target\":{\"@type\":\"EntryPoint\",\"urlTemplate\":\"https:\/\/ajeandalucia.org\/cadiz\/?s={search_term_string}\"},\"query-input\":{\"@type\":\"PropertyValueSpecification\",\"valueRequired\":true,\"valueName\":\"search_term_string\"}}],\"inLanguage\":\"es\"},{\"@type\":\"Organization\",\"@id\":\"https:\/\/ajeandalucia.org\/cadiz\/#organization\",\"name\":\"AJE C\u00e1diz\",\"url\":\"https:\/\/ajeandalucia.org\/cadiz\/\",\"logo\":{\"@type\":\"ImageObject\",\"inLanguage\":\"es\",\"@id\":\"https:\/\/ajeandalucia.org\/cadiz\/#\/schema\/logo\/image\/\",\"url\":\"https:\/\/ajeandalucia.org\/cadiz\/wp-content\/uploads\/sites\/5\/2025\/01\/AJE-CADIZ-horizontal.png\",\"contentUrl\":\"https:\/\/ajeandalucia.org\/cadiz\/wp-content\/uploads\/sites\/5\/2025\/01\/AJE-CADIZ-horizontal.png\",\"width\":605,\"height\":200,\"caption\":\"AJE C\u00e1diz\"},\"image\":{\"@id\":\"https:\/\/ajeandalucia.org\/cadiz\/#\/schema\/logo\/image\/\"}},{\"@type\":\"Person\",\"@id\":\"https:\/\/ajeandalucia.org\/cadiz\/#\/schema\/person\/dce63ebda5f85792a4f3061905a9f15a\",\"name\":\"cadiz\",\"image\":{\"@type\":\"ImageObject\",\"inLanguage\":\"es\",\"@id\":\"https:\/\/ajeandalucia.org\/cadiz\/#\/schema\/person\/image\/\",\"url\":\"https:\/\/secure.gravatar.com\/avatar\/e60287d271698686eba86c2f7f8485140fdb3db29714804eebe944be2ec6f47b?s=96&d=mm&r=g\",\"contentUrl\":\"https:\/\/secure.gravatar.com\/avatar\/e60287d271698686eba86c2f7f8485140fdb3db29714804eebe944be2ec6f47b?s=96&d=mm&r=g\",\"caption\":\"cadiz\"},\"url\":\"https:\/\/ajeandalucia.org\/cadiz\/author\/cadiz\/\"}]}<\/script>\n<!-- \/ Yoast SEO plugin. -->","yoast_head_json":{"title":"CEAJE CONVOCA EL XV PREMIO NACIONAL JOVEN EMPRESARIO QUE SE ENTREGAR\u00c1 EN GRANADA EL 23 DE MARZO DE 2017 - AJE C\u00e1diz","robots":{"index":"index","follow":"follow","max-snippet":"max-snippet:-1","max-image-preview":"max-image-preview:large","max-video-preview":"max-video-preview:-1"},"canonical":"https:\/\/ajeandalucia.org\/cadiz\/2017\/01\/20\/ceaje-convoca-el-xv-premio-nacional-joven-empresario-que-se-entregara-en-granada-el-23-de-marzo-de-2017\/","og_locale":"es_ES","og_type":"article","og_title":"CEAJE CONVOCA EL XV PREMIO NACIONAL JOVEN EMPRESARIO QUE SE ENTREGAR\u00c1 EN GRANADA EL 23 DE MARZO DE 2017 - AJE C\u00e1diz","og_description":"La Confederaci\u00f3n Espa\u00f1ola de J\u00f3venes Empresarios ha abierto la convocatoria para la presentaci\u00f3n de candidaturas del XV Premio Nacional Joven [&hellip;]","og_url":"https:\/\/ajeandalucia.org\/cadiz\/2017\/01\/20\/ceaje-convoca-el-xv-premio-nacional-joven-empresario-que-se-entregara-en-granada-el-23-de-marzo-de-2017\/","og_site_name":"AJE C\u00e1diz","article_published_time":"2017-01-20T11:59:09+00:00","og_image":[{"width":871,"height":576,"url":"https:\/\/ajeandalucia.org\/cadiz\/wp-content\/uploads\/sites\/5\/2017\/01\/xv-premio-nacional-convocatoria-2017.png","type":"image\/png"}],"author":"cadiz","twitter_card":"summary_large_image","twitter_misc":{"Escrito por":"cadiz","Tiempo de lectura":"3 minutos"},"schema":{"@context":"https:\/\/schema.org","@graph":[{"@type":"Article","@id":"https:\/\/ajeandalucia.org\/cadiz\/2017\/01\/20\/ceaje-convoca-el-xv-premio-nacional-joven-empresario-que-se-entregara-en-granada-el-23-de-marzo-de-2017\/#article","isPartOf":{"@id":"https:\/\/ajeandalucia.org\/cadiz\/2017\/01\/20\/ceaje-convoca-el-xv-premio-nacional-joven-empresario-que-se-entregara-en-granada-el-23-de-marzo-de-2017\/"},"author":{"name":"cadiz","@id":"https:\/\/ajeandalucia.org\/cadiz\/#\/schema\/person\/dce63ebda5f85792a4f3061905a9f15a"},"headline":"CEAJE CONVOCA EL XV PREMIO NACIONAL JOVEN EMPRESARIO QUE SE ENTREGAR\u00c1 EN GRANADA EL 23 DE MARZO DE 2017","datePublished":"2017-01-20T11:59:09+00:00","mainEntityOfPage":{"@id":"https:\/\/ajeandalucia.org\/cadiz\/2017\/01\/20\/ceaje-convoca-el-xv-premio-nacional-joven-empresario-que-se-entregara-en-granada-el-23-de-marzo-de-2017\/"},"wordCount":579,"commentCount":0,"publisher":{"@id":"https:\/\/ajeandalucia.org\/cadiz\/#organization"},"image":{"@id":"https:\/\/ajeandalucia.org\/cadiz\/2017\/01\/20\/ceaje-convoca-el-xv-premio-nacional-joven-empresario-que-se-entregara-en-granada-el-23-de-marzo-de-2017\/#primaryimage"},"thumbnailUrl":"https:\/\/ajeandalucia.org\/cadiz\/wp-content\/uploads\/sites\/5\/2017\/01\/xv-premio-nacional-convocatoria-2017.png","articleSection":["Noticias"],"inLanguage":"es","potentialAction":[{"@type":"CommentAction","name":"Comment","target":["https:\/\/ajeandalucia.org\/cadiz\/2017\/01\/20\/ceaje-convoca-el-xv-premio-nacional-joven-empresario-que-se-entregara-en-granada-el-23-de-marzo-de-2017\/#respond"]}]},{"@type":"WebPage","@id":"https:\/\/ajeandalucia.org\/cadiz\/2017\/01\/20\/ceaje-convoca-el-xv-premio-nacional-joven-empresario-que-se-entregara-en-granada-el-23-de-marzo-de-2017\/","url":"https:\/\/ajeandalucia.org\/cadiz\/2017\/01\/20\/ceaje-convoca-el-xv-premio-nacional-joven-empresario-que-se-entregara-en-granada-el-23-de-marzo-de-2017\/","name":"CEAJE CONVOCA EL XV PREMIO NACIONAL JOVEN EMPRESARIO QUE SE ENTREGAR\u00c1 EN GRANADA EL 23 DE MARZO DE 2017 - AJE C\u00e1diz","isPartOf":{"@id":"https:\/\/ajeandalucia.org\/cadiz\/#website"},"primaryImageOfPage":{"@id":"https:\/\/ajeandalucia.org\/cadiz\/2017\/01\/20\/ceaje-convoca-el-xv-premio-nacional-joven-empresario-que-se-entregara-en-granada-el-23-de-marzo-de-2017\/#primaryimage"},"image":{"@id":"https:\/\/ajeandalucia.org\/cadiz\/2017\/01\/20\/ceaje-convoca-el-xv-premio-nacional-joven-empresario-que-se-entregara-en-granada-el-23-de-marzo-de-2017\/#primaryimage"},"thumbnailUrl":"https:\/\/ajeandalucia.org\/cadiz\/wp-content\/uploads\/sites\/5\/2017\/01\/xv-premio-nacional-convocatoria-2017.png","datePublished":"2017-01-20T11:59:09+00:00","breadcrumb":{"@id":"https:\/\/ajeandalucia.org\/cadiz\/2017\/01\/20\/ceaje-convoca-el-xv-premio-nacional-joven-empresario-que-se-entregara-en-granada-el-23-de-marzo-de-2017\/#breadcrumb"},"inLanguage":"es","potentialAction":[{"@type":"ReadAction","target":["https:\/\/ajeandalucia.org\/cadiz\/2017\/01\/20\/ceaje-convoca-el-xv-premio-nacional-joven-empresario-que-se-entregara-en-granada-el-23-de-marzo-de-2017\/"]}]},{"@type":"ImageObject","inLanguage":"es","@id":"https:\/\/ajeandalucia.org\/cadiz\/2017\/01\/20\/ceaje-convoca-el-xv-premio-nacional-joven-empresario-que-se-entregara-en-granada-el-23-de-marzo-de-2017\/#primaryimage","url":"https:\/\/ajeandalucia.org\/cadiz\/wp-content\/uploads\/sites\/5\/2017\/01\/xv-premio-nacional-convocatoria-2017.png","contentUrl":"https:\/\/ajeandalucia.org\/cadiz\/wp-content\/uploads\/sites\/5\/2017\/01\/xv-premio-nacional-convocatoria-2017.png","width":871,"height":576},{"@type":"BreadcrumbList","@id":"https:\/\/ajeandalucia.org\/cadiz\/2017\/01\/20\/ceaje-convoca-el-xv-premio-nacional-joven-empresario-que-se-entregara-en-granada-el-23-de-marzo-de-2017\/#breadcrumb","itemListElement":[{"@type":"ListItem","position":1,"name":"Portada","item":"https:\/\/ajeandalucia.org\/cadiz\/"},{"@type":"ListItem","position":2,"name":"CEAJE CONVOCA EL XV PREMIO NACIONAL JOVEN EMPRESARIO QUE SE ENTREGAR\u00c1 EN GRANADA EL 23 DE MARZO DE 2017"}]},{"@type":"WebSite","@id":"https:\/\/ajeandalucia.org\/cadiz\/#website","url":"https:\/\/ajeandalucia.org\/cadiz\/","name":"AJE C\u00e1diz","description":"Otro sitio m\u00e1s de AJE Andaluc\u00eda","publisher":{"@id":"https:\/\/ajeandalucia.org\/cadiz\/#organization"},"potentialAction":[{"@type":"SearchAction","target":{"@type":"EntryPoint","urlTemplate":"https:\/\/ajeandalucia.org\/cadiz\/?s={search_term_string}"},"query-input":{"@type":"PropertyValueSpecification","valueRequired":true,"valueName":"search_term_string"}}],"inLanguage":"es"},{"@type":"Organization","@id":"https:\/\/ajeandalucia.org\/cadiz\/#organization","name":"AJE C\u00e1diz","url":"https:\/\/ajeandalucia.org\/cadiz\/","logo":{"@type":"ImageObject","inLanguage":"es","@id":"https:\/\/ajeandalucia.org\/cadiz\/#\/schema\/logo\/image\/","url":"https:\/\/ajeandalucia.org\/cadiz\/wp-content\/uploads\/sites\/5\/2025\/01\/AJE-CADIZ-horizontal.png","contentUrl":"https:\/\/ajeandalucia.org\/cadiz\/wp-content\/uploads\/sites\/5\/2025\/01\/AJE-CADIZ-horizontal.png","width":605,"height":200,"caption":"AJE C\u00e1diz"},"image":{"@id":"https:\/\/ajeandalucia.org\/cadiz\/#\/schema\/logo\/image\/"}},{"@type":"Person","@id":"https:\/\/ajeandalucia.org\/cadiz\/#\/schema\/person\/dce63ebda5f85792a4f3061905a9f15a","name":"cadiz","image":{"@type":"ImageObject","inLanguage":"es","@id":"https:\/\/ajeandalucia.org\/cadiz\/#\/schema\/person\/image\/","url":"https:\/\/secure.gravatar.com\/avatar\/e60287d271698686eba86c2f7f8485140fdb3db29714804eebe944be2ec6f47b?s=96&d=mm&r=g","contentUrl":"https:\/\/secure.gravatar.com\/avatar\/e60287d271698686eba86c2f7f8485140fdb3db29714804eebe944be2ec6f47b?s=96&d=mm&r=g","caption":"cadiz"},"url":"https:\/\/ajeandalucia.org\/cadiz\/author\/cadiz\/"}]}},"_links":{"self":[{"href":"https:\/\/ajeandalucia.org\/cadiz\/wp-json\/wp\/v2\/posts\/465","targetHints":{"allow":["GET"]}}],"collection":[{"href":"https:\/\/ajeandalucia.org\/cadiz\/wp-json\/wp\/v2\/posts"}],"about":[{"href":"https:\/\/ajeandalucia.org\/cadiz\/wp-json\/wp\/v2\/types\/post"}],"author":[{"embeddable":true,"href":"https:\/\/ajeandalucia.org\/cadiz\/wp-json\/wp\/v2\/users\/4"}],"replies":[{"embeddable":true,"href":"https:\/\/ajeandalucia.org\/cadiz\/wp-json\/wp\/v2\/comments?post=465"}],"version-history":[{"count":1,"href":"https:\/\/ajeandalucia.org\/cadiz\/wp-json\/wp\/v2\/posts\/465\/revisions"}],"predecessor-version":[{"id":467,"href":"https:\/\/ajeandalucia.org\/cadiz\/wp-json\/wp\/v2\/posts\/465\/revisions\/467"}],"wp:featuredmedia":[{"embeddable":true,"href":"https:\/\/ajeandalucia.org\/cadiz\/wp-json\/wp\/v2\/media\/466"}],"wp:attachment":[{"href":"https:\/\/ajeandalucia.org\/cadiz\/wp-json\/wp\/v2\/media?parent=465"}],"wp:term":[{"taxonomy":"category","embeddable":true,"href":"https:\/\/ajeandalucia.org\/cadiz\/wp-json\/wp\/v2\/categories?post=465"},{"taxonomy":"post_tag","embeddable":true,"href":"https:\/\/ajeandalucia.org\/cadiz\/wp-json\/wp\/v2\/tags?post=465"}],"curies":[{"name":"wp","href":"https:\/\/api.w.org\/{rel}","templated":true}]}}