{"id":468,"date":"2017-01-20T12:08:36","date_gmt":"2017-01-20T12:08:36","guid":{"rendered":"http:\/\/www.ajeandalucia.org\/cadiz\/?p=468"},"modified":"2017-01-20T12:11:05","modified_gmt":"2017-01-20T12:11:05","slug":"visita-institucional-del-presidente-de-aje-cadiz-a-la-zona-franca","status":"publish","type":"post","link":"https:\/\/ajeandalucia.org\/cadiz\/2017\/01\/20\/visita-institucional-del-presidente-de-aje-cadiz-a-la-zona-franca\/","title":{"rendered":"Visita institucional del presidente de AJE C\u00e1diz a la Zona Franca"},"content":{"rendered":"<div class=\"_2cuy _3dgx _2vxa\"><span class=\"_4yxp\">El delegado del Estado, Alfonso Pozuelo, recibi\u00f3 a Jes\u00fas Belgrano, que acudi\u00f3 acompa\u00f1ado de miembros de la directiva de la entidad empresarial<\/span><\/div>\n<div class=\"_2cuy _3dgx _2vxa\"><span class=\"_4yxp\">Ambas entidades mantienen una l\u00ednea de colaboraci\u00f3n y trabajo conjunto con el fin de crear sinergias entre empresas no s\u00f3lo en C\u00e1diz sino tambi\u00e9n en otras provincias<\/span><\/div>\n<div class=\"_2cuy _3dgx _2vxa\">El delegado del Estado en la Zona Franca de C\u00e1diz, Alfonso Pozuelo, recibi\u00f3 en la ma\u00f1ana de ayer en la Sede Social del Consorcio al presidente de la Asociaci\u00f3n de J\u00f3venes Empresarios (AJE) de C\u00e1diz, Jes\u00fas Belgrano, que acudi\u00f3 acompa\u00f1ado por varios miembros de la directiva de la entidad empresarial, en la que fue la primera visita institucional en esta nueva etapa de la Zona Franca de C\u00e1diz.<\/div>\n<div class=\"_2cuy _3dgx _2vxa\"><\/div>\n<div class=\"_2cuy _3dgx _2vxa\">\n<div class=\"_2cuy _3dgx _2vxa\">Durante el encuentro, los representantes de ambas entidades mostraron su disposici\u00f3n a que Zona Franca y AJE contin\u00faen trabajando en la l\u00ednea de colaboraci\u00f3n iniciada en 2014 con la firma del convenio de colaboraci\u00f3n por el cual se han desarrollado tareas tales como asesoramiento empresarial, difusi\u00f3n de informaci\u00f3n y actividades, as\u00ed como organizaci\u00f3n de actos empresariales, facilitando los encuentros y networkings entre j\u00f3venes empresarios que fomenten la promoci\u00f3n de productos y servicios, no s\u00f3lo en C\u00e1diz sino tambi\u00e9n en otras provincias andaluzas.<\/div>\n<div class=\"_2cuy _3dgx _2vxa\">La reuni\u00f3n sirvi\u00f3 tambi\u00e9n para que el responsable de los j\u00f3venes empresarios gaditanos expusiera al delegado del Estado nuevas ideas y proyectos que AJE C\u00e1diz ha desarrollado y que podr\u00edan llevarse a cabo en colaboraci\u00f3n con la Zona Franca. Alfonso Pozuelo mostr\u00f3 su disposici\u00f3n a continuar la l\u00ednea de colaboraci\u00f3n entre Zona Franca y AJE y se acord\u00f3 fijar un calendario de trabajo para comenzar a fijar tareas lo antes posible.<\/div>\n<div class=\"_2cuy _3dgx _2vxa\">Desde la firma del convenio con la Instituci\u00f3n gaditana, los asociados disfrutan de condiciones ventajosas para optar al amplio abanico de servicios e instalaciones que ofrece la Zona Franca de C\u00e1diz. Adem\u00e1s, desde Zona Franca se ofrece informaci\u00f3n acerca de novedades normativas y se proporciona asesoramiento si desean implantar su negocio en cualquier instalaci\u00f3n perteneciente al Consorcio gaditano.<\/div>\n<\/div>\n","protected":false},"excerpt":{"rendered":"<p>El delegado del Estado, Alfonso Pozuelo, recibi\u00f3 a Jes\u00fas Belgrano, que acudi\u00f3 acompa\u00f1ado de miembros de la directiva de la [&hellip;]<\/p>\n","protected":false},"author":4,"featured_media":469,"comment_status":"open","ping_status":"open","sticky":false,"template":"","format":"standard","meta":{"_acf_changed":false,"site-sidebar-layout":"default","site-content-layout":"","ast-site-content-layout":"default","site-content-style":"default","site-sidebar-style":"default","ast-global-header-display":"","ast-banner-title-visibility":"","ast-main-header-display":"","ast-hfb-above-header-display":"","ast-hfb-below-header-display":"","ast-hfb-mobile-header-display":"","site-post-title":"","ast-breadcrumbs-content":"","ast-featured-img":"","footer-sml-layout":"","ast-disable-related-posts":"","theme-transparent-header-meta":"","adv-header-id-meta":"","stick-header-meta":"","header-above-stick-meta":"","header-main-stick-meta":"","header-below-stick-meta":"","astra-migrate-meta-layouts":"default","ast-page-background-enabled":"default","ast-page-background-meta":{"desktop":{"background-color":"var(--ast-global-color-5)","background-image":"","background-repeat":"repeat","background-position":"center center","background-size":"auto","background-attachment":"scroll","background-type":"","background-media":"","overlay-type":"","overlay-color":"","overlay-opacity":"","overlay-gradient":""},"tablet":{"background-color":"","background-image":"","background-repeat":"repeat","background-position":"center center","background-size":"auto","background-attachment":"scroll","background-type":"","background-media":"","overlay-type":"","overlay-color":"","overlay-opacity":"","overlay-gradient":""},"mobile":{"background-color":"","background-image":"","background-repeat":"repeat","background-position":"center center","background-size":"auto","background-attachment":"scroll","background-type":"","background-media":"","overlay-type":"","overlay-color":"","overlay-opacity":"","overlay-gradient":""}},"ast-content-background-meta":{"desktop":{"background-color":"var(--ast-global-color-4)","background-image":"","background-repeat":"repeat","background-position":"center center","background-size":"auto","background-attachment":"scroll","background-type":"","background-media":"","overlay-type":"","overlay-color":"","overlay-opacity":"","overlay-gradient":""},"tablet":{"background-color":"var(--ast-global-color-4)","background-image":"","background-repeat":"repeat","background-position":"center center","background-size":"auto","background-attachment":"scroll","background-type":"","background-media":"","overlay-type":"","overlay-color":"","overlay-opacity":"","overlay-gradient":""},"mobile":{"background-color":"var(--ast-global-color-4)","background-image":"","background-repeat":"repeat","background-position":"center center","background-size":"auto","background-attachment":"scroll","background-type":"","background-media":"","overlay-type":"","overlay-color":"","overlay-opacity":"","overlay-gradient":""}},"footnotes":""},"categories":[8],"tags":[],"class_list":["post-468","post","type-post","status-publish","format-standard","has-post-thumbnail","hentry","category-noticias"],"acf":[],"yoast_head":"<!-- This site is optimized with the Yoast SEO plugin v26.9 - https:\/\/yoast.com\/product\/yoast-seo-wordpress\/ -->\n<title>Visita institucional del presidente de AJE C\u00e1diz a la Zona Franca - AJE C\u00e1diz<\/title>\n<meta name=\"robots\" content=\"index, follow, max-snippet:-1, max-image-preview:large, max-video-preview:-1\" \/>\n<link rel=\"canonical\" href=\"https:\/\/ajeandalucia.org\/cadiz\/2017\/01\/20\/visita-institucional-del-presidente-de-aje-cadiz-a-la-zona-franca\/\" \/>\n<meta property=\"og:locale\" content=\"es_ES\" \/>\n<meta property=\"og:type\" content=\"article\" \/>\n<meta property=\"og:title\" content=\"Visita institucional del presidente de AJE C\u00e1diz a la Zona Franca - AJE C\u00e1diz\" \/>\n<meta property=\"og:description\" content=\"El delegado del Estado, Alfonso Pozuelo, recibi\u00f3 a Jes\u00fas Belgrano, que acudi\u00f3 acompa\u00f1ado de miembros de la directiva de la [&hellip;]\" \/>\n<meta property=\"og:url\" content=\"https:\/\/ajeandalucia.org\/cadiz\/2017\/01\/20\/visita-institucional-del-presidente-de-aje-cadiz-a-la-zona-franca\/\" \/>\n<meta property=\"og:site_name\" content=\"AJE C\u00e1diz\" \/>\n<meta property=\"article:published_time\" content=\"2017-01-20T12:08:36+00:00\" \/>\n<meta property=\"article:modified_time\" content=\"2017-01-20T12:11:05+00:00\" \/>\n<meta property=\"og:image\" content=\"https:\/\/ajeandalucia.org\/cadiz\/wp-content\/uploads\/sites\/5\/2017\/01\/reunion-nuevo-delegado-ZF.jpg\" \/>\n\t<meta property=\"og:image:width\" content=\"1079\" \/>\n\t<meta property=\"og:image:height\" content=\"720\" \/>\n\t<meta property=\"og:image:type\" content=\"image\/jpeg\" \/>\n<meta name=\"author\" content=\"cadiz\" \/>\n<meta name=\"twitter:card\" content=\"summary_large_image\" \/>\n<meta name=\"twitter:label1\" content=\"Escrito por\" \/>\n\t<meta name=\"twitter:data1\" content=\"cadiz\" \/>\n\t<meta name=\"twitter:label2\" content=\"Tiempo de lectura\" \/>\n\t<meta name=\"twitter:data2\" content=\"2 minutos\" \/>\n<script type=\"application\/ld+json\" class=\"yoast-schema-graph\">{\"@context\":\"https:\/\/schema.org\",\"@graph\":[{\"@type\":\"Article\",\"@id\":\"https:\/\/ajeandalucia.org\/cadiz\/2017\/01\/20\/visita-institucional-del-presidente-de-aje-cadiz-a-la-zona-franca\/#article\",\"isPartOf\":{\"@id\":\"https:\/\/ajeandalucia.org\/cadiz\/2017\/01\/20\/visita-institucional-del-presidente-de-aje-cadiz-a-la-zona-franca\/\"},\"author\":{\"name\":\"cadiz\",\"@id\":\"https:\/\/ajeandalucia.org\/cadiz\/#\/schema\/person\/dce63ebda5f85792a4f3061905a9f15a\"},\"headline\":\"Visita institucional del presidente de AJE C\u00e1diz a la Zona Franca\",\"datePublished\":\"2017-01-20T12:08:36+00:00\",\"dateModified\":\"2017-01-20T12:11:05+00:00\",\"mainEntityOfPage\":{\"@id\":\"https:\/\/ajeandalucia.org\/cadiz\/2017\/01\/20\/visita-institucional-del-presidente-de-aje-cadiz-a-la-zona-franca\/\"},\"wordCount\":381,\"commentCount\":0,\"publisher\":{\"@id\":\"https:\/\/ajeandalucia.org\/cadiz\/#organization\"},\"image\":{\"@id\":\"https:\/\/ajeandalucia.org\/cadiz\/2017\/01\/20\/visita-institucional-del-presidente-de-aje-cadiz-a-la-zona-franca\/#primaryimage\"},\"thumbnailUrl\":\"https:\/\/ajeandalucia.org\/cadiz\/wp-content\/uploads\/sites\/5\/2017\/01\/reunion-nuevo-delegado-ZF.jpg\",\"articleSection\":[\"Noticias\"],\"inLanguage\":\"es\",\"potentialAction\":[{\"@type\":\"CommentAction\",\"name\":\"Comment\",\"target\":[\"https:\/\/ajeandalucia.org\/cadiz\/2017\/01\/20\/visita-institucional-del-presidente-de-aje-cadiz-a-la-zona-franca\/#respond\"]}]},{\"@type\":\"WebPage\",\"@id\":\"https:\/\/ajeandalucia.org\/cadiz\/2017\/01\/20\/visita-institucional-del-presidente-de-aje-cadiz-a-la-zona-franca\/\",\"url\":\"https:\/\/ajeandalucia.org\/cadiz\/2017\/01\/20\/visita-institucional-del-presidente-de-aje-cadiz-a-la-zona-franca\/\",\"name\":\"Visita institucional del presidente de AJE C\u00e1diz a la Zona Franca - AJE C\u00e1diz\",\"isPartOf\":{\"@id\":\"https:\/\/ajeandalucia.org\/cadiz\/#website\"},\"primaryImageOfPage\":{\"@id\":\"https:\/\/ajeandalucia.org\/cadiz\/2017\/01\/20\/visita-institucional-del-presidente-de-aje-cadiz-a-la-zona-franca\/#primaryimage\"},\"image\":{\"@id\":\"https:\/\/ajeandalucia.org\/cadiz\/2017\/01\/20\/visita-institucional-del-presidente-de-aje-cadiz-a-la-zona-franca\/#primaryimage\"},\"thumbnailUrl\":\"https:\/\/ajeandalucia.org\/cadiz\/wp-content\/uploads\/sites\/5\/2017\/01\/reunion-nuevo-delegado-ZF.jpg\",\"datePublished\":\"2017-01-20T12:08:36+00:00\",\"dateModified\":\"2017-01-20T12:11:05+00:00\",\"breadcrumb\":{\"@id\":\"https:\/\/ajeandalucia.org\/cadiz\/2017\/01\/20\/visita-institucional-del-presidente-de-aje-cadiz-a-la-zona-franca\/#breadcrumb\"},\"inLanguage\":\"es\",\"potentialAction\":[{\"@type\":\"ReadAction\",\"target\":[\"https:\/\/ajeandalucia.org\/cadiz\/2017\/01\/20\/visita-institucional-del-presidente-de-aje-cadiz-a-la-zona-franca\/\"]}]},{\"@type\":\"ImageObject\",\"inLanguage\":\"es\",\"@id\":\"https:\/\/ajeandalucia.org\/cadiz\/2017\/01\/20\/visita-institucional-del-presidente-de-aje-cadiz-a-la-zona-franca\/#primaryimage\",\"url\":\"https:\/\/ajeandalucia.org\/cadiz\/wp-content\/uploads\/sites\/5\/2017\/01\/reunion-nuevo-delegado-ZF.jpg\",\"contentUrl\":\"https:\/\/ajeandalucia.org\/cadiz\/wp-content\/uploads\/sites\/5\/2017\/01\/reunion-nuevo-delegado-ZF.jpg\",\"width\":1079,\"height\":720},{\"@type\":\"BreadcrumbList\",\"@id\":\"https:\/\/ajeandalucia.org\/cadiz\/2017\/01\/20\/visita-institucional-del-presidente-de-aje-cadiz-a-la-zona-franca\/#breadcrumb\",\"itemListElement\":[{\"@type\":\"ListItem\",\"position\":1,\"name\":\"Portada\",\"item\":\"https:\/\/ajeandalucia.org\/cadiz\/\"},{\"@type\":\"ListItem\",\"position\":2,\"name\":\"Visita institucional del presidente de AJE C\u00e1diz a la Zona Franca\"}]},{\"@type\":\"WebSite\",\"@id\":\"https:\/\/ajeandalucia.org\/cadiz\/#website\",\"url\":\"https:\/\/ajeandalucia.org\/cadiz\/\",\"name\":\"AJE C\u00e1diz\",\"description\":\"Otro sitio m\u00e1s de AJE Andaluc\u00eda\",\"publisher\":{\"@id\":\"https:\/\/ajeandalucia.org\/cadiz\/#organization\"},\"potentialAction\":[{\"@type\":\"SearchAction\",\"target\":{\"@type\":\"EntryPoint\",\"urlTemplate\":\"https:\/\/ajeandalucia.org\/cadiz\/?s={search_term_string}\"},\"query-input\":{\"@type\":\"PropertyValueSpecification\",\"valueRequired\":true,\"valueName\":\"search_term_string\"}}],\"inLanguage\":\"es\"},{\"@type\":\"Organization\",\"@id\":\"https:\/\/ajeandalucia.org\/cadiz\/#organization\",\"name\":\"AJE C\u00e1diz\",\"url\":\"https:\/\/ajeandalucia.org\/cadiz\/\",\"logo\":{\"@type\":\"ImageObject\",\"inLanguage\":\"es\",\"@id\":\"https:\/\/ajeandalucia.org\/cadiz\/#\/schema\/logo\/image\/\",\"url\":\"https:\/\/ajeandalucia.org\/cadiz\/wp-content\/uploads\/sites\/5\/2025\/01\/AJE-CADIZ-horizontal.png\",\"contentUrl\":\"https:\/\/ajeandalucia.org\/cadiz\/wp-content\/uploads\/sites\/5\/2025\/01\/AJE-CADIZ-horizontal.png\",\"width\":605,\"height\":200,\"caption\":\"AJE C\u00e1diz\"},\"image\":{\"@id\":\"https:\/\/ajeandalucia.org\/cadiz\/#\/schema\/logo\/image\/\"}},{\"@type\":\"Person\",\"@id\":\"https:\/\/ajeandalucia.org\/cadiz\/#\/schema\/person\/dce63ebda5f85792a4f3061905a9f15a\",\"name\":\"cadiz\",\"image\":{\"@type\":\"ImageObject\",\"inLanguage\":\"es\",\"@id\":\"https:\/\/ajeandalucia.org\/cadiz\/#\/schema\/person\/image\/\",\"url\":\"https:\/\/secure.gravatar.com\/avatar\/e60287d271698686eba86c2f7f8485140fdb3db29714804eebe944be2ec6f47b?s=96&d=mm&r=g\",\"contentUrl\":\"https:\/\/secure.gravatar.com\/avatar\/e60287d271698686eba86c2f7f8485140fdb3db29714804eebe944be2ec6f47b?s=96&d=mm&r=g\",\"caption\":\"cadiz\"},\"url\":\"https:\/\/ajeandalucia.org\/cadiz\/author\/cadiz\/\"}]}<\/script>\n<!-- \/ Yoast SEO plugin. -->","yoast_head_json":{"title":"Visita institucional del presidente de AJE C\u00e1diz a la Zona Franca - AJE C\u00e1diz","robots":{"index":"index","follow":"follow","max-snippet":"max-snippet:-1","max-image-preview":"max-image-preview:large","max-video-preview":"max-video-preview:-1"},"canonical":"https:\/\/ajeandalucia.org\/cadiz\/2017\/01\/20\/visita-institucional-del-presidente-de-aje-cadiz-a-la-zona-franca\/","og_locale":"es_ES","og_type":"article","og_title":"Visita institucional del presidente de AJE C\u00e1diz a la Zona Franca - AJE C\u00e1diz","og_description":"El delegado del Estado, Alfonso Pozuelo, recibi\u00f3 a Jes\u00fas Belgrano, que acudi\u00f3 acompa\u00f1ado de miembros de la directiva de la [&hellip;]","og_url":"https:\/\/ajeandalucia.org\/cadiz\/2017\/01\/20\/visita-institucional-del-presidente-de-aje-cadiz-a-la-zona-franca\/","og_site_name":"AJE C\u00e1diz","article_published_time":"2017-01-20T12:08:36+00:00","article_modified_time":"2017-01-20T12:11:05+00:00","og_image":[{"width":1079,"height":720,"url":"https:\/\/ajeandalucia.org\/cadiz\/wp-content\/uploads\/sites\/5\/2017\/01\/reunion-nuevo-delegado-ZF.jpg","type":"image\/jpeg"}],"author":"cadiz","twitter_card":"summary_large_image","twitter_misc":{"Escrito por":"cadiz","Tiempo de lectura":"2 minutos"},"schema":{"@context":"https:\/\/schema.org","@graph":[{"@type":"Article","@id":"https:\/\/ajeandalucia.org\/cadiz\/2017\/01\/20\/visita-institucional-del-presidente-de-aje-cadiz-a-la-zona-franca\/#article","isPartOf":{"@id":"https:\/\/ajeandalucia.org\/cadiz\/2017\/01\/20\/visita-institucional-del-presidente-de-aje-cadiz-a-la-zona-franca\/"},"author":{"name":"cadiz","@id":"https:\/\/ajeandalucia.org\/cadiz\/#\/schema\/person\/dce63ebda5f85792a4f3061905a9f15a"},"headline":"Visita institucional del presidente de AJE C\u00e1diz a la Zona Franca","datePublished":"2017-01-20T12:08:36+00:00","dateModified":"2017-01-20T12:11:05+00:00","mainEntityOfPage":{"@id":"https:\/\/ajeandalucia.org\/cadiz\/2017\/01\/20\/visita-institucional-del-presidente-de-aje-cadiz-a-la-zona-franca\/"},"wordCount":381,"commentCount":0,"publisher":{"@id":"https:\/\/ajeandalucia.org\/cadiz\/#organization"},"image":{"@id":"https:\/\/ajeandalucia.org\/cadiz\/2017\/01\/20\/visita-institucional-del-presidente-de-aje-cadiz-a-la-zona-franca\/#primaryimage"},"thumbnailUrl":"https:\/\/ajeandalucia.org\/cadiz\/wp-content\/uploads\/sites\/5\/2017\/01\/reunion-nuevo-delegado-ZF.jpg","articleSection":["Noticias"],"inLanguage":"es","potentialAction":[{"@type":"CommentAction","name":"Comment","target":["https:\/\/ajeandalucia.org\/cadiz\/2017\/01\/20\/visita-institucional-del-presidente-de-aje-cadiz-a-la-zona-franca\/#respond"]}]},{"@type":"WebPage","@id":"https:\/\/ajeandalucia.org\/cadiz\/2017\/01\/20\/visita-institucional-del-presidente-de-aje-cadiz-a-la-zona-franca\/","url":"https:\/\/ajeandalucia.org\/cadiz\/2017\/01\/20\/visita-institucional-del-presidente-de-aje-cadiz-a-la-zona-franca\/","name":"Visita institucional del presidente de AJE C\u00e1diz a la Zona Franca - AJE C\u00e1diz","isPartOf":{"@id":"https:\/\/ajeandalucia.org\/cadiz\/#website"},"primaryImageOfPage":{"@id":"https:\/\/ajeandalucia.org\/cadiz\/2017\/01\/20\/visita-institucional-del-presidente-de-aje-cadiz-a-la-zona-franca\/#primaryimage"},"image":{"@id":"https:\/\/ajeandalucia.org\/cadiz\/2017\/01\/20\/visita-institucional-del-presidente-de-aje-cadiz-a-la-zona-franca\/#primaryimage"},"thumbnailUrl":"https:\/\/ajeandalucia.org\/cadiz\/wp-content\/uploads\/sites\/5\/2017\/01\/reunion-nuevo-delegado-ZF.jpg","datePublished":"2017-01-20T12:08:36+00:00","dateModified":"2017-01-20T12:11:05+00:00","breadcrumb":{"@id":"https:\/\/ajeandalucia.org\/cadiz\/2017\/01\/20\/visita-institucional-del-presidente-de-aje-cadiz-a-la-zona-franca\/#breadcrumb"},"inLanguage":"es","potentialAction":[{"@type":"ReadAction","target":["https:\/\/ajeandalucia.org\/cadiz\/2017\/01\/20\/visita-institucional-del-presidente-de-aje-cadiz-a-la-zona-franca\/"]}]},{"@type":"ImageObject","inLanguage":"es","@id":"https:\/\/ajeandalucia.org\/cadiz\/2017\/01\/20\/visita-institucional-del-presidente-de-aje-cadiz-a-la-zona-franca\/#primaryimage","url":"https:\/\/ajeandalucia.org\/cadiz\/wp-content\/uploads\/sites\/5\/2017\/01\/reunion-nuevo-delegado-ZF.jpg","contentUrl":"https:\/\/ajeandalucia.org\/cadiz\/wp-content\/uploads\/sites\/5\/2017\/01\/reunion-nuevo-delegado-ZF.jpg","width":1079,"height":720},{"@type":"BreadcrumbList","@id":"https:\/\/ajeandalucia.org\/cadiz\/2017\/01\/20\/visita-institucional-del-presidente-de-aje-cadiz-a-la-zona-franca\/#breadcrumb","itemListElement":[{"@type":"ListItem","position":1,"name":"Portada","item":"https:\/\/ajeandalucia.org\/cadiz\/"},{"@type":"ListItem","position":2,"name":"Visita institucional del presidente de AJE C\u00e1diz a la Zona Franca"}]},{"@type":"WebSite","@id":"https:\/\/ajeandalucia.org\/cadiz\/#website","url":"https:\/\/ajeandalucia.org\/cadiz\/","name":"AJE C\u00e1diz","description":"Otro sitio m\u00e1s de AJE Andaluc\u00eda","publisher":{"@id":"https:\/\/ajeandalucia.org\/cadiz\/#organization"},"potentialAction":[{"@type":"SearchAction","target":{"@type":"EntryPoint","urlTemplate":"https:\/\/ajeandalucia.org\/cadiz\/?s={search_term_string}"},"query-input":{"@type":"PropertyValueSpecification","valueRequired":true,"valueName":"search_term_string"}}],"inLanguage":"es"},{"@type":"Organization","@id":"https:\/\/ajeandalucia.org\/cadiz\/#organization","name":"AJE C\u00e1diz","url":"https:\/\/ajeandalucia.org\/cadiz\/","logo":{"@type":"ImageObject","inLanguage":"es","@id":"https:\/\/ajeandalucia.org\/cadiz\/#\/schema\/logo\/image\/","url":"https:\/\/ajeandalucia.org\/cadiz\/wp-content\/uploads\/sites\/5\/2025\/01\/AJE-CADIZ-horizontal.png","contentUrl":"https:\/\/ajeandalucia.org\/cadiz\/wp-content\/uploads\/sites\/5\/2025\/01\/AJE-CADIZ-horizontal.png","width":605,"height":200,"caption":"AJE C\u00e1diz"},"image":{"@id":"https:\/\/ajeandalucia.org\/cadiz\/#\/schema\/logo\/image\/"}},{"@type":"Person","@id":"https:\/\/ajeandalucia.org\/cadiz\/#\/schema\/person\/dce63ebda5f85792a4f3061905a9f15a","name":"cadiz","image":{"@type":"ImageObject","inLanguage":"es","@id":"https:\/\/ajeandalucia.org\/cadiz\/#\/schema\/person\/image\/","url":"https:\/\/secure.gravatar.com\/avatar\/e60287d271698686eba86c2f7f8485140fdb3db29714804eebe944be2ec6f47b?s=96&d=mm&r=g","contentUrl":"https:\/\/secure.gravatar.com\/avatar\/e60287d271698686eba86c2f7f8485140fdb3db29714804eebe944be2ec6f47b?s=96&d=mm&r=g","caption":"cadiz"},"url":"https:\/\/ajeandalucia.org\/cadiz\/author\/cadiz\/"}]}},"_links":{"self":[{"href":"https:\/\/ajeandalucia.org\/cadiz\/wp-json\/wp\/v2\/posts\/468","targetHints":{"allow":["GET"]}}],"collection":[{"href":"https:\/\/ajeandalucia.org\/cadiz\/wp-json\/wp\/v2\/posts"}],"about":[{"href":"https:\/\/ajeandalucia.org\/cadiz\/wp-json\/wp\/v2\/types\/post"}],"author":[{"embeddable":true,"href":"https:\/\/ajeandalucia.org\/cadiz\/wp-json\/wp\/v2\/users\/4"}],"replies":[{"embeddable":true,"href":"https:\/\/ajeandalucia.org\/cadiz\/wp-json\/wp\/v2\/comments?post=468"}],"version-history":[{"count":1,"href":"https:\/\/ajeandalucia.org\/cadiz\/wp-json\/wp\/v2\/posts\/468\/revisions"}],"predecessor-version":[{"id":470,"href":"https:\/\/ajeandalucia.org\/cadiz\/wp-json\/wp\/v2\/posts\/468\/revisions\/470"}],"wp:featuredmedia":[{"embeddable":true,"href":"https:\/\/ajeandalucia.org\/cadiz\/wp-json\/wp\/v2\/media\/469"}],"wp:attachment":[{"href":"https:\/\/ajeandalucia.org\/cadiz\/wp-json\/wp\/v2\/media?parent=468"}],"wp:term":[{"taxonomy":"category","embeddable":true,"href":"https:\/\/ajeandalucia.org\/cadiz\/wp-json\/wp\/v2\/categories?post=468"},{"taxonomy":"post_tag","embeddable":true,"href":"https:\/\/ajeandalucia.org\/cadiz\/wp-json\/wp\/v2\/tags?post=468"}],"curies":[{"name":"wp","href":"https:\/\/api.w.org\/{rel}","templated":true}]}}