{"id":510,"date":"2017-03-22T10:45:49","date_gmt":"2017-03-22T10:45:49","guid":{"rendered":"http:\/\/www.ajeandalucia.org\/cadiz\/?p=510"},"modified":"2017-03-22T10:45:49","modified_gmt":"2017-03-22T10:45:49","slug":"aje-cadiz-participa-en-la-audiencia-del-rey-felipe-vi-a-ceaje","status":"publish","type":"post","link":"https:\/\/ajeandalucia.org\/cadiz\/2017\/03\/22\/aje-cadiz-participa-en-la-audiencia-del-rey-felipe-vi-a-ceaje\/","title":{"rendered":"AJE C\u00e1diz participa en la audiencia del Rey Felipe VI a CEAJE"},"content":{"rendered":"<ul>\n<li><strong>La Asociaci\u00f3n de J\u00f3venes Empresarios de C\u00e1diz\u00a0 (AJE C\u00e1diz), representada por su presidente, Jes\u00fas Belgrano, ha participado en la Audiencia ofrecida esta ma\u00f1ana por el Rey Felipe VI a la Confederaci\u00f3n Espa\u00f1ola de J\u00f3venes Empresarios (CEAJE), de la que forma parte AJE C\u00e1diz. <\/strong><\/li>\n<li><strong>\u200bSu Majestad el Rey recibi\u00f3 a los nuevos responsables de esta organizaci\u00f3n empresarial, elegidos en la Asamblea Electoral celebrada el 1 de septiembre pasado.<\/strong><\/li>\n<\/ul>\n<p><strong>\u00a0<\/strong><\/p>\n<p>C\u00e1diz, 21 de marzo de 2017. El Rey Felipe VI ha recibido hoy en el Palacio de la Zarzuela a la junta directiva de la CEAJE, encabezada por su presidente Ferm\u00edn Albaladejo. La nueva Comisi\u00f3n Ejecutiva de CEAJE acudi\u00f3 al Palacio de La Zarzuela acompa\u00f1ada por los miembros de la Junta Directiva y los responsables de las organizaciones territoriales de j\u00f3venes empresarios, entre los que se encuentra AJE C\u00e1diz, con su presidente, Jes\u00fas Belgrano, tambi\u00e9n vocal de CEAJE.<\/p>\n<p>\u200bSu Majestad el Rey recibi\u00f3 a los nuevos responsables de esta organizaci\u00f3n empresarial, elegidos en la Asamblea Electoral celebrada el 1 de septiembre pasado.<\/p>\n<p>La Confederaci\u00f3n Espa\u00f1ola de Asociaciones de J\u00f3venes Empresarios (CEAJE) representa a 18.500 empresarios menores de 40 a\u00f1os. Es una organizaci\u00f3n multisectorial en la que se integran 21.000 peque\u00f1as, medianas y grandes empresas, y que agrupa a 55 asociaciones provinciales y federaciones auton\u00f3micas. Fundada en 1991, CEAJE tiene como prop\u00f3sito fundamental mejorar el entorno en el que nacen y se desarrollan las empresas y contribuir al fomento de su estabilidad, competitividad, innovaci\u00f3n e internacionalizaci\u00f3n.<\/p>\n<p>Los objetivos de CEAJE, y en conreto AJE C\u00e1diz, son promover la cultura emprendedora; atender a las necesidades de informaci\u00f3n, formaci\u00f3n, asesoramiento, investigaci\u00f3n y perfeccionamiento de las asociaciones miembro y, por ende, de sus empresarios asociados; estudiar, apoyar y desarrollar proyectos propios, o presentados por las asociaciones miembros, sirviendo de \u00f3rgano de uni\u00f3n y coordinaci\u00f3n; facilitar la mejora de la competitividad de la empresa; representar, gestionar y defender los intereses profesionales de sus asociados; actuar en apoyo y defensa de la empresa espa\u00f1ola, con independencia de la Administraci\u00f3n P\u00fablica y de cualquier grupo de presi\u00f3n o partido pol\u00edtico, y fomentar y apoyar el sistema de libre iniciativa y la econom\u00eda de mercado.<\/p>\n<p>&nbsp;<\/p>\n","protected":false},"excerpt":{"rendered":"<p>La Asociaci\u00f3n de J\u00f3venes Empresarios de C\u00e1diz\u00a0 (AJE C\u00e1diz), representada por su presidente, Jes\u00fas Belgrano, ha participado en la Audiencia [&hellip;]<\/p>\n","protected":false},"author":4,"featured_media":511,"comment_status":"open","ping_status":"open","sticky":false,"template":"","format":"standard","meta":{"_acf_changed":false,"site-sidebar-layout":"default","site-content-layout":"","ast-site-content-layout":"default","site-content-style":"default","site-sidebar-style":"default","ast-global-header-display":"","ast-banner-title-visibility":"","ast-main-header-display":"","ast-hfb-above-header-display":"","ast-hfb-below-header-display":"","ast-hfb-mobile-header-display":"","site-post-title":"","ast-breadcrumbs-content":"","ast-featured-img":"","footer-sml-layout":"","ast-disable-related-posts":"","theme-transparent-header-meta":"","adv-header-id-meta":"","stick-header-meta":"","header-above-stick-meta":"","header-main-stick-meta":"","header-below-stick-meta":"","astra-migrate-meta-layouts":"default","ast-page-background-enabled":"default","ast-page-background-meta":{"desktop":{"background-color":"var(--ast-global-color-5)","background-image":"","background-repeat":"repeat","background-position":"center center","background-size":"auto","background-attachment":"scroll","background-type":"","background-media":"","overlay-type":"","overlay-color":"","overlay-opacity":"","overlay-gradient":""},"tablet":{"background-color":"","background-image":"","background-repeat":"repeat","background-position":"center center","background-size":"auto","background-attachment":"scroll","background-type":"","background-media":"","overlay-type":"","overlay-color":"","overlay-opacity":"","overlay-gradient":""},"mobile":{"background-color":"","background-image":"","background-repeat":"repeat","background-position":"center center","background-size":"auto","background-attachment":"scroll","background-type":"","background-media":"","overlay-type":"","overlay-color":"","overlay-opacity":"","overlay-gradient":""}},"ast-content-background-meta":{"desktop":{"background-color":"var(--ast-global-color-4)","background-image":"","background-repeat":"repeat","background-position":"center center","background-size":"auto","background-attachment":"scroll","background-type":"","background-media":"","overlay-type":"","overlay-color":"","overlay-opacity":"","overlay-gradient":""},"tablet":{"background-color":"var(--ast-global-color-4)","background-image":"","background-repeat":"repeat","background-position":"center center","background-size":"auto","background-attachment":"scroll","background-type":"","background-media":"","overlay-type":"","overlay-color":"","overlay-opacity":"","overlay-gradient":""},"mobile":{"background-color":"var(--ast-global-color-4)","background-image":"","background-repeat":"repeat","background-position":"center center","background-size":"auto","background-attachment":"scroll","background-type":"","background-media":"","overlay-type":"","overlay-color":"","overlay-opacity":"","overlay-gradient":""}},"footnotes":""},"categories":[8],"tags":[],"class_list":["post-510","post","type-post","status-publish","format-standard","has-post-thumbnail","hentry","category-noticias"],"acf":[],"yoast_head":"<!-- This site is optimized with the Yoast SEO plugin v26.9 - https:\/\/yoast.com\/product\/yoast-seo-wordpress\/ -->\n<title>AJE C\u00e1diz participa en la audiencia del Rey Felipe VI a CEAJE - AJE C\u00e1diz<\/title>\n<meta name=\"robots\" content=\"index, follow, max-snippet:-1, max-image-preview:large, max-video-preview:-1\" \/>\n<link rel=\"canonical\" href=\"https:\/\/ajeandalucia.org\/cadiz\/2017\/03\/22\/aje-cadiz-participa-en-la-audiencia-del-rey-felipe-vi-a-ceaje\/\" \/>\n<meta property=\"og:locale\" content=\"es_ES\" \/>\n<meta property=\"og:type\" content=\"article\" \/>\n<meta property=\"og:title\" content=\"AJE C\u00e1diz participa en la audiencia del Rey Felipe VI a CEAJE - AJE C\u00e1diz\" \/>\n<meta property=\"og:description\" content=\"La Asociaci\u00f3n de J\u00f3venes Empresarios de C\u00e1diz\u00a0 (AJE C\u00e1diz), representada por su presidente, Jes\u00fas Belgrano, ha participado en la Audiencia [&hellip;]\" \/>\n<meta property=\"og:url\" content=\"https:\/\/ajeandalucia.org\/cadiz\/2017\/03\/22\/aje-cadiz-participa-en-la-audiencia-del-rey-felipe-vi-a-ceaje\/\" \/>\n<meta property=\"og:site_name\" content=\"AJE C\u00e1diz\" \/>\n<meta property=\"article:published_time\" content=\"2017-03-22T10:45:49+00:00\" \/>\n<meta property=\"og:image\" content=\"https:\/\/ajeandalucia.org\/cadiz\/wp-content\/uploads\/sites\/5\/2017\/03\/FOTO-JESUS-BELGRANO-CON-REY.jpg\" \/>\n\t<meta property=\"og:image:width\" content=\"1024\" \/>\n\t<meta property=\"og:image:height\" content=\"683\" \/>\n\t<meta property=\"og:image:type\" content=\"image\/jpeg\" \/>\n<meta name=\"author\" content=\"cadiz\" \/>\n<meta name=\"twitter:card\" content=\"summary_large_image\" \/>\n<meta name=\"twitter:label1\" content=\"Escrito por\" \/>\n\t<meta name=\"twitter:data1\" content=\"cadiz\" \/>\n\t<meta name=\"twitter:label2\" content=\"Tiempo de lectura\" \/>\n\t<meta name=\"twitter:data2\" content=\"2 minutos\" \/>\n<script type=\"application\/ld+json\" class=\"yoast-schema-graph\">{\"@context\":\"https:\/\/schema.org\",\"@graph\":[{\"@type\":\"Article\",\"@id\":\"https:\/\/ajeandalucia.org\/cadiz\/2017\/03\/22\/aje-cadiz-participa-en-la-audiencia-del-rey-felipe-vi-a-ceaje\/#article\",\"isPartOf\":{\"@id\":\"https:\/\/ajeandalucia.org\/cadiz\/2017\/03\/22\/aje-cadiz-participa-en-la-audiencia-del-rey-felipe-vi-a-ceaje\/\"},\"author\":{\"name\":\"cadiz\",\"@id\":\"https:\/\/ajeandalucia.org\/cadiz\/#\/schema\/person\/dce63ebda5f85792a4f3061905a9f15a\"},\"headline\":\"AJE C\u00e1diz participa en la audiencia del Rey Felipe VI a CEAJE\",\"datePublished\":\"2017-03-22T10:45:49+00:00\",\"mainEntityOfPage\":{\"@id\":\"https:\/\/ajeandalucia.org\/cadiz\/2017\/03\/22\/aje-cadiz-participa-en-la-audiencia-del-rey-felipe-vi-a-ceaje\/\"},\"wordCount\":401,\"commentCount\":0,\"publisher\":{\"@id\":\"https:\/\/ajeandalucia.org\/cadiz\/#organization\"},\"image\":{\"@id\":\"https:\/\/ajeandalucia.org\/cadiz\/2017\/03\/22\/aje-cadiz-participa-en-la-audiencia-del-rey-felipe-vi-a-ceaje\/#primaryimage\"},\"thumbnailUrl\":\"https:\/\/ajeandalucia.org\/cadiz\/wp-content\/uploads\/sites\/5\/2017\/03\/FOTO-JESUS-BELGRANO-CON-REY.jpg\",\"articleSection\":[\"Noticias\"],\"inLanguage\":\"es\",\"potentialAction\":[{\"@type\":\"CommentAction\",\"name\":\"Comment\",\"target\":[\"https:\/\/ajeandalucia.org\/cadiz\/2017\/03\/22\/aje-cadiz-participa-en-la-audiencia-del-rey-felipe-vi-a-ceaje\/#respond\"]}]},{\"@type\":\"WebPage\",\"@id\":\"https:\/\/ajeandalucia.org\/cadiz\/2017\/03\/22\/aje-cadiz-participa-en-la-audiencia-del-rey-felipe-vi-a-ceaje\/\",\"url\":\"https:\/\/ajeandalucia.org\/cadiz\/2017\/03\/22\/aje-cadiz-participa-en-la-audiencia-del-rey-felipe-vi-a-ceaje\/\",\"name\":\"AJE C\u00e1diz participa en la audiencia del Rey Felipe VI a CEAJE - AJE C\u00e1diz\",\"isPartOf\":{\"@id\":\"https:\/\/ajeandalucia.org\/cadiz\/#website\"},\"primaryImageOfPage\":{\"@id\":\"https:\/\/ajeandalucia.org\/cadiz\/2017\/03\/22\/aje-cadiz-participa-en-la-audiencia-del-rey-felipe-vi-a-ceaje\/#primaryimage\"},\"image\":{\"@id\":\"https:\/\/ajeandalucia.org\/cadiz\/2017\/03\/22\/aje-cadiz-participa-en-la-audiencia-del-rey-felipe-vi-a-ceaje\/#primaryimage\"},\"thumbnailUrl\":\"https:\/\/ajeandalucia.org\/cadiz\/wp-content\/uploads\/sites\/5\/2017\/03\/FOTO-JESUS-BELGRANO-CON-REY.jpg\",\"datePublished\":\"2017-03-22T10:45:49+00:00\",\"breadcrumb\":{\"@id\":\"https:\/\/ajeandalucia.org\/cadiz\/2017\/03\/22\/aje-cadiz-participa-en-la-audiencia-del-rey-felipe-vi-a-ceaje\/#breadcrumb\"},\"inLanguage\":\"es\",\"potentialAction\":[{\"@type\":\"ReadAction\",\"target\":[\"https:\/\/ajeandalucia.org\/cadiz\/2017\/03\/22\/aje-cadiz-participa-en-la-audiencia-del-rey-felipe-vi-a-ceaje\/\"]}]},{\"@type\":\"ImageObject\",\"inLanguage\":\"es\",\"@id\":\"https:\/\/ajeandalucia.org\/cadiz\/2017\/03\/22\/aje-cadiz-participa-en-la-audiencia-del-rey-felipe-vi-a-ceaje\/#primaryimage\",\"url\":\"https:\/\/ajeandalucia.org\/cadiz\/wp-content\/uploads\/sites\/5\/2017\/03\/FOTO-JESUS-BELGRANO-CON-REY.jpg\",\"contentUrl\":\"https:\/\/ajeandalucia.org\/cadiz\/wp-content\/uploads\/sites\/5\/2017\/03\/FOTO-JESUS-BELGRANO-CON-REY.jpg\",\"width\":1024,\"height\":683},{\"@type\":\"BreadcrumbList\",\"@id\":\"https:\/\/ajeandalucia.org\/cadiz\/2017\/03\/22\/aje-cadiz-participa-en-la-audiencia-del-rey-felipe-vi-a-ceaje\/#breadcrumb\",\"itemListElement\":[{\"@type\":\"ListItem\",\"position\":1,\"name\":\"Portada\",\"item\":\"https:\/\/ajeandalucia.org\/cadiz\/\"},{\"@type\":\"ListItem\",\"position\":2,\"name\":\"AJE C\u00e1diz participa en la audiencia del Rey Felipe VI a CEAJE\"}]},{\"@type\":\"WebSite\",\"@id\":\"https:\/\/ajeandalucia.org\/cadiz\/#website\",\"url\":\"https:\/\/ajeandalucia.org\/cadiz\/\",\"name\":\"AJE C\u00e1diz\",\"description\":\"Otro sitio m\u00e1s de AJE Andaluc\u00eda\",\"publisher\":{\"@id\":\"https:\/\/ajeandalucia.org\/cadiz\/#organization\"},\"potentialAction\":[{\"@type\":\"SearchAction\",\"target\":{\"@type\":\"EntryPoint\",\"urlTemplate\":\"https:\/\/ajeandalucia.org\/cadiz\/?s={search_term_string}\"},\"query-input\":{\"@type\":\"PropertyValueSpecification\",\"valueRequired\":true,\"valueName\":\"search_term_string\"}}],\"inLanguage\":\"es\"},{\"@type\":\"Organization\",\"@id\":\"https:\/\/ajeandalucia.org\/cadiz\/#organization\",\"name\":\"AJE C\u00e1diz\",\"url\":\"https:\/\/ajeandalucia.org\/cadiz\/\",\"logo\":{\"@type\":\"ImageObject\",\"inLanguage\":\"es\",\"@id\":\"https:\/\/ajeandalucia.org\/cadiz\/#\/schema\/logo\/image\/\",\"url\":\"https:\/\/ajeandalucia.org\/cadiz\/wp-content\/uploads\/sites\/5\/2025\/01\/AJE-CADIZ-horizontal.png\",\"contentUrl\":\"https:\/\/ajeandalucia.org\/cadiz\/wp-content\/uploads\/sites\/5\/2025\/01\/AJE-CADIZ-horizontal.png\",\"width\":605,\"height\":200,\"caption\":\"AJE C\u00e1diz\"},\"image\":{\"@id\":\"https:\/\/ajeandalucia.org\/cadiz\/#\/schema\/logo\/image\/\"}},{\"@type\":\"Person\",\"@id\":\"https:\/\/ajeandalucia.org\/cadiz\/#\/schema\/person\/dce63ebda5f85792a4f3061905a9f15a\",\"name\":\"cadiz\",\"image\":{\"@type\":\"ImageObject\",\"inLanguage\":\"es\",\"@id\":\"https:\/\/ajeandalucia.org\/cadiz\/#\/schema\/person\/image\/\",\"url\":\"https:\/\/secure.gravatar.com\/avatar\/e60287d271698686eba86c2f7f8485140fdb3db29714804eebe944be2ec6f47b?s=96&d=mm&r=g\",\"contentUrl\":\"https:\/\/secure.gravatar.com\/avatar\/e60287d271698686eba86c2f7f8485140fdb3db29714804eebe944be2ec6f47b?s=96&d=mm&r=g\",\"caption\":\"cadiz\"},\"url\":\"https:\/\/ajeandalucia.org\/cadiz\/author\/cadiz\/\"}]}<\/script>\n<!-- \/ Yoast SEO plugin. -->","yoast_head_json":{"title":"AJE C\u00e1diz participa en la audiencia del Rey Felipe VI a CEAJE - AJE C\u00e1diz","robots":{"index":"index","follow":"follow","max-snippet":"max-snippet:-1","max-image-preview":"max-image-preview:large","max-video-preview":"max-video-preview:-1"},"canonical":"https:\/\/ajeandalucia.org\/cadiz\/2017\/03\/22\/aje-cadiz-participa-en-la-audiencia-del-rey-felipe-vi-a-ceaje\/","og_locale":"es_ES","og_type":"article","og_title":"AJE C\u00e1diz participa en la audiencia del Rey Felipe VI a CEAJE - AJE C\u00e1diz","og_description":"La Asociaci\u00f3n de J\u00f3venes Empresarios de C\u00e1diz\u00a0 (AJE C\u00e1diz), representada por su presidente, Jes\u00fas Belgrano, ha participado en la Audiencia [&hellip;]","og_url":"https:\/\/ajeandalucia.org\/cadiz\/2017\/03\/22\/aje-cadiz-participa-en-la-audiencia-del-rey-felipe-vi-a-ceaje\/","og_site_name":"AJE C\u00e1diz","article_published_time":"2017-03-22T10:45:49+00:00","og_image":[{"width":1024,"height":683,"url":"https:\/\/ajeandalucia.org\/cadiz\/wp-content\/uploads\/sites\/5\/2017\/03\/FOTO-JESUS-BELGRANO-CON-REY.jpg","type":"image\/jpeg"}],"author":"cadiz","twitter_card":"summary_large_image","twitter_misc":{"Escrito por":"cadiz","Tiempo de lectura":"2 minutos"},"schema":{"@context":"https:\/\/schema.org","@graph":[{"@type":"Article","@id":"https:\/\/ajeandalucia.org\/cadiz\/2017\/03\/22\/aje-cadiz-participa-en-la-audiencia-del-rey-felipe-vi-a-ceaje\/#article","isPartOf":{"@id":"https:\/\/ajeandalucia.org\/cadiz\/2017\/03\/22\/aje-cadiz-participa-en-la-audiencia-del-rey-felipe-vi-a-ceaje\/"},"author":{"name":"cadiz","@id":"https:\/\/ajeandalucia.org\/cadiz\/#\/schema\/person\/dce63ebda5f85792a4f3061905a9f15a"},"headline":"AJE C\u00e1diz participa en la audiencia del Rey Felipe VI a CEAJE","datePublished":"2017-03-22T10:45:49+00:00","mainEntityOfPage":{"@id":"https:\/\/ajeandalucia.org\/cadiz\/2017\/03\/22\/aje-cadiz-participa-en-la-audiencia-del-rey-felipe-vi-a-ceaje\/"},"wordCount":401,"commentCount":0,"publisher":{"@id":"https:\/\/ajeandalucia.org\/cadiz\/#organization"},"image":{"@id":"https:\/\/ajeandalucia.org\/cadiz\/2017\/03\/22\/aje-cadiz-participa-en-la-audiencia-del-rey-felipe-vi-a-ceaje\/#primaryimage"},"thumbnailUrl":"https:\/\/ajeandalucia.org\/cadiz\/wp-content\/uploads\/sites\/5\/2017\/03\/FOTO-JESUS-BELGRANO-CON-REY.jpg","articleSection":["Noticias"],"inLanguage":"es","potentialAction":[{"@type":"CommentAction","name":"Comment","target":["https:\/\/ajeandalucia.org\/cadiz\/2017\/03\/22\/aje-cadiz-participa-en-la-audiencia-del-rey-felipe-vi-a-ceaje\/#respond"]}]},{"@type":"WebPage","@id":"https:\/\/ajeandalucia.org\/cadiz\/2017\/03\/22\/aje-cadiz-participa-en-la-audiencia-del-rey-felipe-vi-a-ceaje\/","url":"https:\/\/ajeandalucia.org\/cadiz\/2017\/03\/22\/aje-cadiz-participa-en-la-audiencia-del-rey-felipe-vi-a-ceaje\/","name":"AJE C\u00e1diz participa en la audiencia del Rey Felipe VI a CEAJE - AJE C\u00e1diz","isPartOf":{"@id":"https:\/\/ajeandalucia.org\/cadiz\/#website"},"primaryImageOfPage":{"@id":"https:\/\/ajeandalucia.org\/cadiz\/2017\/03\/22\/aje-cadiz-participa-en-la-audiencia-del-rey-felipe-vi-a-ceaje\/#primaryimage"},"image":{"@id":"https:\/\/ajeandalucia.org\/cadiz\/2017\/03\/22\/aje-cadiz-participa-en-la-audiencia-del-rey-felipe-vi-a-ceaje\/#primaryimage"},"thumbnailUrl":"https:\/\/ajeandalucia.org\/cadiz\/wp-content\/uploads\/sites\/5\/2017\/03\/FOTO-JESUS-BELGRANO-CON-REY.jpg","datePublished":"2017-03-22T10:45:49+00:00","breadcrumb":{"@id":"https:\/\/ajeandalucia.org\/cadiz\/2017\/03\/22\/aje-cadiz-participa-en-la-audiencia-del-rey-felipe-vi-a-ceaje\/#breadcrumb"},"inLanguage":"es","potentialAction":[{"@type":"ReadAction","target":["https:\/\/ajeandalucia.org\/cadiz\/2017\/03\/22\/aje-cadiz-participa-en-la-audiencia-del-rey-felipe-vi-a-ceaje\/"]}]},{"@type":"ImageObject","inLanguage":"es","@id":"https:\/\/ajeandalucia.org\/cadiz\/2017\/03\/22\/aje-cadiz-participa-en-la-audiencia-del-rey-felipe-vi-a-ceaje\/#primaryimage","url":"https:\/\/ajeandalucia.org\/cadiz\/wp-content\/uploads\/sites\/5\/2017\/03\/FOTO-JESUS-BELGRANO-CON-REY.jpg","contentUrl":"https:\/\/ajeandalucia.org\/cadiz\/wp-content\/uploads\/sites\/5\/2017\/03\/FOTO-JESUS-BELGRANO-CON-REY.jpg","width":1024,"height":683},{"@type":"BreadcrumbList","@id":"https:\/\/ajeandalucia.org\/cadiz\/2017\/03\/22\/aje-cadiz-participa-en-la-audiencia-del-rey-felipe-vi-a-ceaje\/#breadcrumb","itemListElement":[{"@type":"ListItem","position":1,"name":"Portada","item":"https:\/\/ajeandalucia.org\/cadiz\/"},{"@type":"ListItem","position":2,"name":"AJE C\u00e1diz participa en la audiencia del Rey Felipe VI a CEAJE"}]},{"@type":"WebSite","@id":"https:\/\/ajeandalucia.org\/cadiz\/#website","url":"https:\/\/ajeandalucia.org\/cadiz\/","name":"AJE C\u00e1diz","description":"Otro sitio m\u00e1s de AJE Andaluc\u00eda","publisher":{"@id":"https:\/\/ajeandalucia.org\/cadiz\/#organization"},"potentialAction":[{"@type":"SearchAction","target":{"@type":"EntryPoint","urlTemplate":"https:\/\/ajeandalucia.org\/cadiz\/?s={search_term_string}"},"query-input":{"@type":"PropertyValueSpecification","valueRequired":true,"valueName":"search_term_string"}}],"inLanguage":"es"},{"@type":"Organization","@id":"https:\/\/ajeandalucia.org\/cadiz\/#organization","name":"AJE C\u00e1diz","url":"https:\/\/ajeandalucia.org\/cadiz\/","logo":{"@type":"ImageObject","inLanguage":"es","@id":"https:\/\/ajeandalucia.org\/cadiz\/#\/schema\/logo\/image\/","url":"https:\/\/ajeandalucia.org\/cadiz\/wp-content\/uploads\/sites\/5\/2025\/01\/AJE-CADIZ-horizontal.png","contentUrl":"https:\/\/ajeandalucia.org\/cadiz\/wp-content\/uploads\/sites\/5\/2025\/01\/AJE-CADIZ-horizontal.png","width":605,"height":200,"caption":"AJE C\u00e1diz"},"image":{"@id":"https:\/\/ajeandalucia.org\/cadiz\/#\/schema\/logo\/image\/"}},{"@type":"Person","@id":"https:\/\/ajeandalucia.org\/cadiz\/#\/schema\/person\/dce63ebda5f85792a4f3061905a9f15a","name":"cadiz","image":{"@type":"ImageObject","inLanguage":"es","@id":"https:\/\/ajeandalucia.org\/cadiz\/#\/schema\/person\/image\/","url":"https:\/\/secure.gravatar.com\/avatar\/e60287d271698686eba86c2f7f8485140fdb3db29714804eebe944be2ec6f47b?s=96&d=mm&r=g","contentUrl":"https:\/\/secure.gravatar.com\/avatar\/e60287d271698686eba86c2f7f8485140fdb3db29714804eebe944be2ec6f47b?s=96&d=mm&r=g","caption":"cadiz"},"url":"https:\/\/ajeandalucia.org\/cadiz\/author\/cadiz\/"}]}},"_links":{"self":[{"href":"https:\/\/ajeandalucia.org\/cadiz\/wp-json\/wp\/v2\/posts\/510","targetHints":{"allow":["GET"]}}],"collection":[{"href":"https:\/\/ajeandalucia.org\/cadiz\/wp-json\/wp\/v2\/posts"}],"about":[{"href":"https:\/\/ajeandalucia.org\/cadiz\/wp-json\/wp\/v2\/types\/post"}],"author":[{"embeddable":true,"href":"https:\/\/ajeandalucia.org\/cadiz\/wp-json\/wp\/v2\/users\/4"}],"replies":[{"embeddable":true,"href":"https:\/\/ajeandalucia.org\/cadiz\/wp-json\/wp\/v2\/comments?post=510"}],"version-history":[{"count":1,"href":"https:\/\/ajeandalucia.org\/cadiz\/wp-json\/wp\/v2\/posts\/510\/revisions"}],"predecessor-version":[{"id":512,"href":"https:\/\/ajeandalucia.org\/cadiz\/wp-json\/wp\/v2\/posts\/510\/revisions\/512"}],"wp:featuredmedia":[{"embeddable":true,"href":"https:\/\/ajeandalucia.org\/cadiz\/wp-json\/wp\/v2\/media\/511"}],"wp:attachment":[{"href":"https:\/\/ajeandalucia.org\/cadiz\/wp-json\/wp\/v2\/media?parent=510"}],"wp:term":[{"taxonomy":"category","embeddable":true,"href":"https:\/\/ajeandalucia.org\/cadiz\/wp-json\/wp\/v2\/categories?post=510"},{"taxonomy":"post_tag","embeddable":true,"href":"https:\/\/ajeandalucia.org\/cadiz\/wp-json\/wp\/v2\/tags?post=510"}],"curies":[{"name":"wp","href":"https:\/\/api.w.org\/{rel}","templated":true}]}}