{"id":5135,"date":"2024-08-30T12:05:58","date_gmt":"2024-08-30T12:05:58","guid":{"rendered":"https:\/\/www.ajeandalucia.org\/cadiz\/?p=5135"},"modified":"2024-08-30T12:05:58","modified_gmt":"2024-08-30T12:05:58","slug":"mago-more-masterclass-el-poder-positivo-del-cambio-liderazgo-y-motivacion-empresarial","status":"publish","type":"post","link":"https:\/\/ajeandalucia.org\/cadiz\/2024\/08\/30\/mago-more-masterclass-el-poder-positivo-del-cambio-liderazgo-y-motivacion-empresarial\/","title":{"rendered":"MAGO MORE. Masterclass; El poder positivo del cambio, Liderazgo y Motivaci\u00f3n Empresarial"},"content":{"rendered":"<h3>\u00a1Te esperamos en nuestra pr\u00f3xima jornada presencial impartida por EL MAGO MORE \u201dEl poder positivo del cambio, liderazgo y motivaci\u00f3n empresarial\u201c. La inscripci\u00f3n es gratuita<\/h3>\n<p>No te pierdas la MASTERCLASS de\u00a0<strong>Mago More; Empresario, Mago, monologuista, ingeniero inform\u00e1tico, guionista del programa de Jos\u00e9 Mota.<\/strong><\/p>\n<p><img loading=\"lazy\" decoding=\"async\" class=\" wp-image-5137 alignleft\" src=\"https:\/\/www.ajeandalucia.org\/cadiz\/wp-content\/uploads\/sites\/5\/2024\/08\/Jornada-Mago-More_programa-300x300.jpg\" alt=\"\" width=\"343\" height=\"343\" srcset=\"https:\/\/ajeandalucia.org\/cadiz\/wp-content\/uploads\/sites\/5\/2024\/08\/Jornada-Mago-More_programa-300x300.jpg 300w, https:\/\/ajeandalucia.org\/cadiz\/wp-content\/uploads\/sites\/5\/2024\/08\/Jornada-Mago-More_programa-150x150.jpg 150w, https:\/\/ajeandalucia.org\/cadiz\/wp-content\/uploads\/sites\/5\/2024\/08\/Jornada-Mago-More_programa-768x768.jpg 768w, https:\/\/ajeandalucia.org\/cadiz\/wp-content\/uploads\/sites\/5\/2024\/08\/Jornada-Mago-More_programa-1024x1024.jpg 1024w\" sizes=\"auto, (max-width: 343px) 100vw, 343px\" \/>Aprender\u00e1s diferentes formas de introducir la innovaci\u00f3n en los procesos de producci\u00f3n, siempre con un toque de imaginaci\u00f3n y creatividad.<\/p>\n<p>\u201cPolifac\u00e9tico\u201d es la palabra que mejor define a Jos\u00e9 Luis Izquierdo Mart\u00edn, conocido tambi\u00e9n como Mago More. Por un lado, es mago, monologuista, actor y guionista del programa de Jos\u00e9 Mota. Y, por otro lado, es ingeniero inform\u00e1tico y socio de varias empresas. Tambi\u00e9n es colaborador en prensa y radio, e imparte conferencias y cursos de formaci\u00f3n en temas de creatividad e innovaci\u00f3n, presentaciones eficaces y escucha activa.\u00a0Es uno de los ponentes m\u00e1s prol\u00edficos del pa\u00eds, con una media de 100 conferencias anuales, y colabora con las empresas m\u00e1s importantes del pa\u00eds en temas de gesti\u00f3n del cambio. Con el tiempo se ha convertido en todo un referente de las conferencias en el panorama espa\u00f1ol.<\/p>\n<p>Su libro \u201cSuperpoderes del \u00e9xito para gente normal\u201d nos cuenta sus experiencias y expone un m\u00e9todo para conseguir muchas m\u00e1s cosas de las que te imaginas.<\/p>\n<p><a href=\"https:\/\/forms.gle\/VMNmNfyJ9NhYqofD8\">PINCHA AQU\u00cd PARA INSCRIBIRTE<\/a><\/p>\n<p>LUGAR: Centro de Congresos de San Fernando.<\/p>\n<p>Calle Real 83, San Fernando.<br \/>\n<a href=\"https:\/\/maps.app.goo.gl\/y9U1S6GpFiBfo7J1A\">MAPAS DE UBICACI\u00d3N<\/a><\/p>\n","protected":false},"excerpt":{"rendered":"<p>\u00a1Te esperamos en nuestra pr\u00f3xima jornada presencial impartida por EL MAGO MORE \u201dEl poder positivo del cambio, liderazgo y motivaci\u00f3n [&hellip;]<\/p>\n","protected":false},"author":4,"featured_media":5136,"comment_status":"closed","ping_status":"open","sticky":false,"template":"","format":"standard","meta":{"_acf_changed":false,"site-sidebar-layout":"default","site-content-layout":"","ast-site-content-layout":"default","site-content-style":"default","site-sidebar-style":"default","ast-global-header-display":"","ast-banner-title-visibility":"","ast-main-header-display":"","ast-hfb-above-header-display":"","ast-hfb-below-header-display":"","ast-hfb-mobile-header-display":"","site-post-title":"","ast-breadcrumbs-content":"","ast-featured-img":"","footer-sml-layout":"","ast-disable-related-posts":"","theme-transparent-header-meta":"","adv-header-id-meta":"","stick-header-meta":"","header-above-stick-meta":"","header-main-stick-meta":"","header-below-stick-meta":"","astra-migrate-meta-layouts":"default","ast-page-background-enabled":"default","ast-page-background-meta":{"desktop":{"background-color":"var(--ast-global-color-5)","background-image":"","background-repeat":"repeat","background-position":"center center","background-size":"auto","background-attachment":"scroll","background-type":"","background-media":"","overlay-type":"","overlay-color":"","overlay-opacity":"","overlay-gradient":""},"tablet":{"background-color":"","background-image":"","background-repeat":"repeat","background-position":"center center","background-size":"auto","background-attachment":"scroll","background-type":"","background-media":"","overlay-type":"","overlay-color":"","overlay-opacity":"","overlay-gradient":""},"mobile":{"background-color":"","background-image":"","background-repeat":"repeat","background-position":"center center","background-size":"auto","background-attachment":"scroll","background-type":"","background-media":"","overlay-type":"","overlay-color":"","overlay-opacity":"","overlay-gradient":""}},"ast-content-background-meta":{"desktop":{"background-color":"var(--ast-global-color-4)","background-image":"","background-repeat":"repeat","background-position":"center center","background-size":"auto","background-attachment":"scroll","background-type":"","background-media":"","overlay-type":"","overlay-color":"","overlay-opacity":"","overlay-gradient":""},"tablet":{"background-color":"var(--ast-global-color-4)","background-image":"","background-repeat":"repeat","background-position":"center center","background-size":"auto","background-attachment":"scroll","background-type":"","background-media":"","overlay-type":"","overlay-color":"","overlay-opacity":"","overlay-gradient":""},"mobile":{"background-color":"var(--ast-global-color-4)","background-image":"","background-repeat":"repeat","background-position":"center center","background-size":"auto","background-attachment":"scroll","background-type":"","background-media":"","overlay-type":"","overlay-color":"","overlay-opacity":"","overlay-gradient":""}},"footnotes":""},"categories":[8],"tags":[],"class_list":["post-5135","post","type-post","status-publish","format-standard","has-post-thumbnail","hentry","category-noticias"],"acf":[],"yoast_head":"<!-- This site is optimized with the Yoast SEO plugin v26.9 - https:\/\/yoast.com\/product\/yoast-seo-wordpress\/ -->\n<title>MAGO MORE. Masterclass; El poder positivo del cambio, Liderazgo y Motivaci\u00f3n Empresarial - AJE C\u00e1diz<\/title>\n<meta name=\"robots\" content=\"index, follow, max-snippet:-1, max-image-preview:large, max-video-preview:-1\" \/>\n<link rel=\"canonical\" href=\"https:\/\/ajeandalucia.org\/cadiz\/2024\/08\/30\/mago-more-masterclass-el-poder-positivo-del-cambio-liderazgo-y-motivacion-empresarial\/\" \/>\n<meta property=\"og:locale\" content=\"es_ES\" \/>\n<meta property=\"og:type\" content=\"article\" \/>\n<meta property=\"og:title\" content=\"MAGO MORE. Masterclass; El poder positivo del cambio, Liderazgo y Motivaci\u00f3n Empresarial - AJE C\u00e1diz\" \/>\n<meta property=\"og:description\" content=\"\u00a1Te esperamos en nuestra pr\u00f3xima jornada presencial impartida por EL MAGO MORE \u201dEl poder positivo del cambio, liderazgo y motivaci\u00f3n [&hellip;]\" \/>\n<meta property=\"og:url\" content=\"https:\/\/ajeandalucia.org\/cadiz\/2024\/08\/30\/mago-more-masterclass-el-poder-positivo-del-cambio-liderazgo-y-motivacion-empresarial\/\" \/>\n<meta property=\"og:site_name\" content=\"AJE C\u00e1diz\" \/>\n<meta property=\"article:published_time\" content=\"2024-08-30T12:05:58+00:00\" \/>\n<meta property=\"og:image\" content=\"https:\/\/ajeandalucia.org\/cadiz\/wp-content\/uploads\/sites\/5\/2024\/08\/Jornada-Mago-More_rrss.jpg\" \/>\n\t<meta property=\"og:image:width\" content=\"2500\" \/>\n\t<meta property=\"og:image:height\" content=\"2500\" \/>\n\t<meta property=\"og:image:type\" content=\"image\/jpeg\" \/>\n<meta name=\"author\" content=\"cadiz\" \/>\n<meta name=\"twitter:card\" content=\"summary_large_image\" \/>\n<meta name=\"twitter:label1\" content=\"Escrito por\" \/>\n\t<meta name=\"twitter:data1\" content=\"cadiz\" \/>\n\t<meta name=\"twitter:label2\" content=\"Tiempo de lectura\" \/>\n\t<meta name=\"twitter:data2\" content=\"1 minuto\" \/>\n<script type=\"application\/ld+json\" class=\"yoast-schema-graph\">{\"@context\":\"https:\/\/schema.org\",\"@graph\":[{\"@type\":\"Article\",\"@id\":\"https:\/\/ajeandalucia.org\/cadiz\/2024\/08\/30\/mago-more-masterclass-el-poder-positivo-del-cambio-liderazgo-y-motivacion-empresarial\/#article\",\"isPartOf\":{\"@id\":\"https:\/\/ajeandalucia.org\/cadiz\/2024\/08\/30\/mago-more-masterclass-el-poder-positivo-del-cambio-liderazgo-y-motivacion-empresarial\/\"},\"author\":{\"name\":\"cadiz\",\"@id\":\"https:\/\/ajeandalucia.org\/cadiz\/#\/schema\/person\/dce63ebda5f85792a4f3061905a9f15a\"},\"headline\":\"MAGO MORE. Masterclass; El poder positivo del cambio, Liderazgo y Motivaci\u00f3n Empresarial\",\"datePublished\":\"2024-08-30T12:05:58+00:00\",\"mainEntityOfPage\":{\"@id\":\"https:\/\/ajeandalucia.org\/cadiz\/2024\/08\/30\/mago-more-masterclass-el-poder-positivo-del-cambio-liderazgo-y-motivacion-empresarial\/\"},\"wordCount\":261,\"publisher\":{\"@id\":\"https:\/\/ajeandalucia.org\/cadiz\/#organization\"},\"image\":{\"@id\":\"https:\/\/ajeandalucia.org\/cadiz\/2024\/08\/30\/mago-more-masterclass-el-poder-positivo-del-cambio-liderazgo-y-motivacion-empresarial\/#primaryimage\"},\"thumbnailUrl\":\"https:\/\/ajeandalucia.org\/cadiz\/wp-content\/uploads\/sites\/5\/2024\/08\/Jornada-Mago-More_rrss.jpg\",\"articleSection\":[\"Noticias\"],\"inLanguage\":\"es\"},{\"@type\":\"WebPage\",\"@id\":\"https:\/\/ajeandalucia.org\/cadiz\/2024\/08\/30\/mago-more-masterclass-el-poder-positivo-del-cambio-liderazgo-y-motivacion-empresarial\/\",\"url\":\"https:\/\/ajeandalucia.org\/cadiz\/2024\/08\/30\/mago-more-masterclass-el-poder-positivo-del-cambio-liderazgo-y-motivacion-empresarial\/\",\"name\":\"MAGO MORE. Masterclass; El poder positivo del cambio, Liderazgo y Motivaci\u00f3n Empresarial - AJE C\u00e1diz\",\"isPartOf\":{\"@id\":\"https:\/\/ajeandalucia.org\/cadiz\/#website\"},\"primaryImageOfPage\":{\"@id\":\"https:\/\/ajeandalucia.org\/cadiz\/2024\/08\/30\/mago-more-masterclass-el-poder-positivo-del-cambio-liderazgo-y-motivacion-empresarial\/#primaryimage\"},\"image\":{\"@id\":\"https:\/\/ajeandalucia.org\/cadiz\/2024\/08\/30\/mago-more-masterclass-el-poder-positivo-del-cambio-liderazgo-y-motivacion-empresarial\/#primaryimage\"},\"thumbnailUrl\":\"https:\/\/ajeandalucia.org\/cadiz\/wp-content\/uploads\/sites\/5\/2024\/08\/Jornada-Mago-More_rrss.jpg\",\"datePublished\":\"2024-08-30T12:05:58+00:00\",\"breadcrumb\":{\"@id\":\"https:\/\/ajeandalucia.org\/cadiz\/2024\/08\/30\/mago-more-masterclass-el-poder-positivo-del-cambio-liderazgo-y-motivacion-empresarial\/#breadcrumb\"},\"inLanguage\":\"es\",\"potentialAction\":[{\"@type\":\"ReadAction\",\"target\":[\"https:\/\/ajeandalucia.org\/cadiz\/2024\/08\/30\/mago-more-masterclass-el-poder-positivo-del-cambio-liderazgo-y-motivacion-empresarial\/\"]}]},{\"@type\":\"ImageObject\",\"inLanguage\":\"es\",\"@id\":\"https:\/\/ajeandalucia.org\/cadiz\/2024\/08\/30\/mago-more-masterclass-el-poder-positivo-del-cambio-liderazgo-y-motivacion-empresarial\/#primaryimage\",\"url\":\"https:\/\/ajeandalucia.org\/cadiz\/wp-content\/uploads\/sites\/5\/2024\/08\/Jornada-Mago-More_rrss.jpg\",\"contentUrl\":\"https:\/\/ajeandalucia.org\/cadiz\/wp-content\/uploads\/sites\/5\/2024\/08\/Jornada-Mago-More_rrss.jpg\",\"width\":2500,\"height\":2500},{\"@type\":\"BreadcrumbList\",\"@id\":\"https:\/\/ajeandalucia.org\/cadiz\/2024\/08\/30\/mago-more-masterclass-el-poder-positivo-del-cambio-liderazgo-y-motivacion-empresarial\/#breadcrumb\",\"itemListElement\":[{\"@type\":\"ListItem\",\"position\":1,\"name\":\"Portada\",\"item\":\"https:\/\/ajeandalucia.org\/cadiz\/\"},{\"@type\":\"ListItem\",\"position\":2,\"name\":\"MAGO MORE. Masterclass; El poder positivo del cambio, Liderazgo y Motivaci\u00f3n Empresarial\"}]},{\"@type\":\"WebSite\",\"@id\":\"https:\/\/ajeandalucia.org\/cadiz\/#website\",\"url\":\"https:\/\/ajeandalucia.org\/cadiz\/\",\"name\":\"AJE C\u00e1diz\",\"description\":\"Otro sitio m\u00e1s de AJE Andaluc\u00eda\",\"publisher\":{\"@id\":\"https:\/\/ajeandalucia.org\/cadiz\/#organization\"},\"potentialAction\":[{\"@type\":\"SearchAction\",\"target\":{\"@type\":\"EntryPoint\",\"urlTemplate\":\"https:\/\/ajeandalucia.org\/cadiz\/?s={search_term_string}\"},\"query-input\":{\"@type\":\"PropertyValueSpecification\",\"valueRequired\":true,\"valueName\":\"search_term_string\"}}],\"inLanguage\":\"es\"},{\"@type\":\"Organization\",\"@id\":\"https:\/\/ajeandalucia.org\/cadiz\/#organization\",\"name\":\"AJE C\u00e1diz\",\"url\":\"https:\/\/ajeandalucia.org\/cadiz\/\",\"logo\":{\"@type\":\"ImageObject\",\"inLanguage\":\"es\",\"@id\":\"https:\/\/ajeandalucia.org\/cadiz\/#\/schema\/logo\/image\/\",\"url\":\"https:\/\/ajeandalucia.org\/cadiz\/wp-content\/uploads\/sites\/5\/2025\/01\/AJE-CADIZ-horizontal.png\",\"contentUrl\":\"https:\/\/ajeandalucia.org\/cadiz\/wp-content\/uploads\/sites\/5\/2025\/01\/AJE-CADIZ-horizontal.png\",\"width\":605,\"height\":200,\"caption\":\"AJE C\u00e1diz\"},\"image\":{\"@id\":\"https:\/\/ajeandalucia.org\/cadiz\/#\/schema\/logo\/image\/\"}},{\"@type\":\"Person\",\"@id\":\"https:\/\/ajeandalucia.org\/cadiz\/#\/schema\/person\/dce63ebda5f85792a4f3061905a9f15a\",\"name\":\"cadiz\",\"image\":{\"@type\":\"ImageObject\",\"inLanguage\":\"es\",\"@id\":\"https:\/\/ajeandalucia.org\/cadiz\/#\/schema\/person\/image\/\",\"url\":\"https:\/\/secure.gravatar.com\/avatar\/e60287d271698686eba86c2f7f8485140fdb3db29714804eebe944be2ec6f47b?s=96&d=mm&r=g\",\"contentUrl\":\"https:\/\/secure.gravatar.com\/avatar\/e60287d271698686eba86c2f7f8485140fdb3db29714804eebe944be2ec6f47b?s=96&d=mm&r=g\",\"caption\":\"cadiz\"},\"url\":\"https:\/\/ajeandalucia.org\/cadiz\/author\/cadiz\/\"}]}<\/script>\n<!-- \/ Yoast SEO plugin. -->","yoast_head_json":{"title":"MAGO MORE. Masterclass; El poder positivo del cambio, Liderazgo y Motivaci\u00f3n Empresarial - AJE C\u00e1diz","robots":{"index":"index","follow":"follow","max-snippet":"max-snippet:-1","max-image-preview":"max-image-preview:large","max-video-preview":"max-video-preview:-1"},"canonical":"https:\/\/ajeandalucia.org\/cadiz\/2024\/08\/30\/mago-more-masterclass-el-poder-positivo-del-cambio-liderazgo-y-motivacion-empresarial\/","og_locale":"es_ES","og_type":"article","og_title":"MAGO MORE. Masterclass; El poder positivo del cambio, Liderazgo y Motivaci\u00f3n Empresarial - AJE C\u00e1diz","og_description":"\u00a1Te esperamos en nuestra pr\u00f3xima jornada presencial impartida por EL MAGO MORE \u201dEl poder positivo del cambio, liderazgo y motivaci\u00f3n [&hellip;]","og_url":"https:\/\/ajeandalucia.org\/cadiz\/2024\/08\/30\/mago-more-masterclass-el-poder-positivo-del-cambio-liderazgo-y-motivacion-empresarial\/","og_site_name":"AJE C\u00e1diz","article_published_time":"2024-08-30T12:05:58+00:00","og_image":[{"width":2500,"height":2500,"url":"https:\/\/ajeandalucia.org\/cadiz\/wp-content\/uploads\/sites\/5\/2024\/08\/Jornada-Mago-More_rrss.jpg","type":"image\/jpeg"}],"author":"cadiz","twitter_card":"summary_large_image","twitter_misc":{"Escrito por":"cadiz","Tiempo de lectura":"1 minuto"},"schema":{"@context":"https:\/\/schema.org","@graph":[{"@type":"Article","@id":"https:\/\/ajeandalucia.org\/cadiz\/2024\/08\/30\/mago-more-masterclass-el-poder-positivo-del-cambio-liderazgo-y-motivacion-empresarial\/#article","isPartOf":{"@id":"https:\/\/ajeandalucia.org\/cadiz\/2024\/08\/30\/mago-more-masterclass-el-poder-positivo-del-cambio-liderazgo-y-motivacion-empresarial\/"},"author":{"name":"cadiz","@id":"https:\/\/ajeandalucia.org\/cadiz\/#\/schema\/person\/dce63ebda5f85792a4f3061905a9f15a"},"headline":"MAGO MORE. Masterclass; El poder positivo del cambio, Liderazgo y Motivaci\u00f3n Empresarial","datePublished":"2024-08-30T12:05:58+00:00","mainEntityOfPage":{"@id":"https:\/\/ajeandalucia.org\/cadiz\/2024\/08\/30\/mago-more-masterclass-el-poder-positivo-del-cambio-liderazgo-y-motivacion-empresarial\/"},"wordCount":261,"publisher":{"@id":"https:\/\/ajeandalucia.org\/cadiz\/#organization"},"image":{"@id":"https:\/\/ajeandalucia.org\/cadiz\/2024\/08\/30\/mago-more-masterclass-el-poder-positivo-del-cambio-liderazgo-y-motivacion-empresarial\/#primaryimage"},"thumbnailUrl":"https:\/\/ajeandalucia.org\/cadiz\/wp-content\/uploads\/sites\/5\/2024\/08\/Jornada-Mago-More_rrss.jpg","articleSection":["Noticias"],"inLanguage":"es"},{"@type":"WebPage","@id":"https:\/\/ajeandalucia.org\/cadiz\/2024\/08\/30\/mago-more-masterclass-el-poder-positivo-del-cambio-liderazgo-y-motivacion-empresarial\/","url":"https:\/\/ajeandalucia.org\/cadiz\/2024\/08\/30\/mago-more-masterclass-el-poder-positivo-del-cambio-liderazgo-y-motivacion-empresarial\/","name":"MAGO MORE. Masterclass; El poder positivo del cambio, Liderazgo y Motivaci\u00f3n Empresarial - AJE C\u00e1diz","isPartOf":{"@id":"https:\/\/ajeandalucia.org\/cadiz\/#website"},"primaryImageOfPage":{"@id":"https:\/\/ajeandalucia.org\/cadiz\/2024\/08\/30\/mago-more-masterclass-el-poder-positivo-del-cambio-liderazgo-y-motivacion-empresarial\/#primaryimage"},"image":{"@id":"https:\/\/ajeandalucia.org\/cadiz\/2024\/08\/30\/mago-more-masterclass-el-poder-positivo-del-cambio-liderazgo-y-motivacion-empresarial\/#primaryimage"},"thumbnailUrl":"https:\/\/ajeandalucia.org\/cadiz\/wp-content\/uploads\/sites\/5\/2024\/08\/Jornada-Mago-More_rrss.jpg","datePublished":"2024-08-30T12:05:58+00:00","breadcrumb":{"@id":"https:\/\/ajeandalucia.org\/cadiz\/2024\/08\/30\/mago-more-masterclass-el-poder-positivo-del-cambio-liderazgo-y-motivacion-empresarial\/#breadcrumb"},"inLanguage":"es","potentialAction":[{"@type":"ReadAction","target":["https:\/\/ajeandalucia.org\/cadiz\/2024\/08\/30\/mago-more-masterclass-el-poder-positivo-del-cambio-liderazgo-y-motivacion-empresarial\/"]}]},{"@type":"ImageObject","inLanguage":"es","@id":"https:\/\/ajeandalucia.org\/cadiz\/2024\/08\/30\/mago-more-masterclass-el-poder-positivo-del-cambio-liderazgo-y-motivacion-empresarial\/#primaryimage","url":"https:\/\/ajeandalucia.org\/cadiz\/wp-content\/uploads\/sites\/5\/2024\/08\/Jornada-Mago-More_rrss.jpg","contentUrl":"https:\/\/ajeandalucia.org\/cadiz\/wp-content\/uploads\/sites\/5\/2024\/08\/Jornada-Mago-More_rrss.jpg","width":2500,"height":2500},{"@type":"BreadcrumbList","@id":"https:\/\/ajeandalucia.org\/cadiz\/2024\/08\/30\/mago-more-masterclass-el-poder-positivo-del-cambio-liderazgo-y-motivacion-empresarial\/#breadcrumb","itemListElement":[{"@type":"ListItem","position":1,"name":"Portada","item":"https:\/\/ajeandalucia.org\/cadiz\/"},{"@type":"ListItem","position":2,"name":"MAGO MORE. Masterclass; El poder positivo del cambio, Liderazgo y Motivaci\u00f3n Empresarial"}]},{"@type":"WebSite","@id":"https:\/\/ajeandalucia.org\/cadiz\/#website","url":"https:\/\/ajeandalucia.org\/cadiz\/","name":"AJE C\u00e1diz","description":"Otro sitio m\u00e1s de AJE Andaluc\u00eda","publisher":{"@id":"https:\/\/ajeandalucia.org\/cadiz\/#organization"},"potentialAction":[{"@type":"SearchAction","target":{"@type":"EntryPoint","urlTemplate":"https:\/\/ajeandalucia.org\/cadiz\/?s={search_term_string}"},"query-input":{"@type":"PropertyValueSpecification","valueRequired":true,"valueName":"search_term_string"}}],"inLanguage":"es"},{"@type":"Organization","@id":"https:\/\/ajeandalucia.org\/cadiz\/#organization","name":"AJE C\u00e1diz","url":"https:\/\/ajeandalucia.org\/cadiz\/","logo":{"@type":"ImageObject","inLanguage":"es","@id":"https:\/\/ajeandalucia.org\/cadiz\/#\/schema\/logo\/image\/","url":"https:\/\/ajeandalucia.org\/cadiz\/wp-content\/uploads\/sites\/5\/2025\/01\/AJE-CADIZ-horizontal.png","contentUrl":"https:\/\/ajeandalucia.org\/cadiz\/wp-content\/uploads\/sites\/5\/2025\/01\/AJE-CADIZ-horizontal.png","width":605,"height":200,"caption":"AJE C\u00e1diz"},"image":{"@id":"https:\/\/ajeandalucia.org\/cadiz\/#\/schema\/logo\/image\/"}},{"@type":"Person","@id":"https:\/\/ajeandalucia.org\/cadiz\/#\/schema\/person\/dce63ebda5f85792a4f3061905a9f15a","name":"cadiz","image":{"@type":"ImageObject","inLanguage":"es","@id":"https:\/\/ajeandalucia.org\/cadiz\/#\/schema\/person\/image\/","url":"https:\/\/secure.gravatar.com\/avatar\/e60287d271698686eba86c2f7f8485140fdb3db29714804eebe944be2ec6f47b?s=96&d=mm&r=g","contentUrl":"https:\/\/secure.gravatar.com\/avatar\/e60287d271698686eba86c2f7f8485140fdb3db29714804eebe944be2ec6f47b?s=96&d=mm&r=g","caption":"cadiz"},"url":"https:\/\/ajeandalucia.org\/cadiz\/author\/cadiz\/"}]}},"_links":{"self":[{"href":"https:\/\/ajeandalucia.org\/cadiz\/wp-json\/wp\/v2\/posts\/5135","targetHints":{"allow":["GET"]}}],"collection":[{"href":"https:\/\/ajeandalucia.org\/cadiz\/wp-json\/wp\/v2\/posts"}],"about":[{"href":"https:\/\/ajeandalucia.org\/cadiz\/wp-json\/wp\/v2\/types\/post"}],"author":[{"embeddable":true,"href":"https:\/\/ajeandalucia.org\/cadiz\/wp-json\/wp\/v2\/users\/4"}],"replies":[{"embeddable":true,"href":"https:\/\/ajeandalucia.org\/cadiz\/wp-json\/wp\/v2\/comments?post=5135"}],"version-history":[{"count":1,"href":"https:\/\/ajeandalucia.org\/cadiz\/wp-json\/wp\/v2\/posts\/5135\/revisions"}],"predecessor-version":[{"id":5138,"href":"https:\/\/ajeandalucia.org\/cadiz\/wp-json\/wp\/v2\/posts\/5135\/revisions\/5138"}],"wp:featuredmedia":[{"embeddable":true,"href":"https:\/\/ajeandalucia.org\/cadiz\/wp-json\/wp\/v2\/media\/5136"}],"wp:attachment":[{"href":"https:\/\/ajeandalucia.org\/cadiz\/wp-json\/wp\/v2\/media?parent=5135"}],"wp:term":[{"taxonomy":"category","embeddable":true,"href":"https:\/\/ajeandalucia.org\/cadiz\/wp-json\/wp\/v2\/categories?post=5135"},{"taxonomy":"post_tag","embeddable":true,"href":"https:\/\/ajeandalucia.org\/cadiz\/wp-json\/wp\/v2\/tags?post=5135"}],"curies":[{"name":"wp","href":"https:\/\/api.w.org\/{rel}","templated":true}]}}