{"id":518,"date":"2017-04-10T08:30:50","date_gmt":"2017-04-10T08:30:50","guid":{"rendered":"http:\/\/www.ajeandalucia.org\/cadiz\/?p=518"},"modified":"2017-04-21T08:35:36","modified_gmt":"2017-04-21T08:35:36","slug":"presentamos-la-gala-regional-de-los-premios-aje-andalucia-2017","status":"publish","type":"post","link":"https:\/\/ajeandalucia.org\/cadiz\/2017\/04\/10\/presentamos-la-gala-regional-de-los-premios-aje-andalucia-2017\/","title":{"rendered":"PRESENTAMOS LA GALA REGIONAL DE LOS PREMIOS AJE ANDALUC\u00cdA 2017"},"content":{"rendered":"<p><strong>La presidenta de Asociaci\u00f3n de J\u00f3venes Empresarios (AJE) Andaluc\u00eda, M\u00f3nica Moreno, junto al presidente de AJE Huelva, Miguel Borrero, han presentado este jueves la gala regional de los Premios AJE 2017, la cual tendr\u00e1 lugar el pr\u00f3ximo 26 de abril a las 20,00 horas en la Casa Col\u00f3n de Huelva.<\/strong><\/p>\n<p>Acompa\u00f1ados por el presidente de la Federaci\u00f3n Onubense de Empresarios (FOE), Jos\u00e9 Luis Garc\u00eda-Palacios, como representante de los empresarios en la provincia, han presentado la gala, que cuenta con el patrocinio de Software DELSOL, Gas Natural Fenosa y Atlantic Copper, de los Premios AJE 2017.<\/p>\n<p>Moreno y Borrero han remarcado que la gala regional enmarca dos categor\u00edas: Iniciativa Emprendedora y Trayectoria Empresarial. Con el lema \u2018Descubre, encuentra tu camino\u2019, AJE quiere homenajear a los j\u00f3venes empresarios andaluces que han destacado por su ingenio, su innovaci\u00f3n y por su pasi\u00f3n. Precisamente son estas personas las que han salido de su zona de confort para llevar a cabo un proyecto emprendedor. \u201cPor las personas que no dudaron en cambiar su estilo de vida para encontrar su camino va dirigida esta edici\u00f3n de los Premios AJE 2017\u201d.<\/p>\n<p>Los Premios AJE, fueron convocados por primera vez en 1996, desarrollan a\u00f1o a a\u00f1o este reconocimiento.<\/p>\n<p>Para AJE, la evoluci\u00f3n socioecon\u00f3mica de Andaluc\u00eda en los \u00faltimos a\u00f1os, la transformaci\u00f3n en la consideraci\u00f3n social del concepto emprendedor y joven empresario y el incremento notable de j\u00f3venes que optan por el autoempleo, entre otras razones, indican la conveniencia seguir convocando estos premios, \u201ccreando as\u00ed referentes para los emprendedores del futuro\u201d.<\/p>\n<p>Los premios AJE se dividen en dos fases: una provincial, que se celebr\u00f3 a lo largo de los meses de febrero y marzo en las distintas provincias andaluzas, y una entrega de premios regional, que ser\u00e1 este mes a la que aspirar\u00e1n los premiados provinciales. Entre los 16 premiados en las ocho provincias andaluzas, un jurado seleccionar\u00e1 a los tres ganadores regionales.<\/p>\n<p>Los Premios AJE persiguen identificar, reconocer y premiar a las empresas y proyectos innovadores con alto potencial con un conjunto de acciones dirigidas a acelerar su crecimiento. A lo largo de los \u00faltimos diez a\u00f1os, estos premios han crecido en n\u00famero de candidaturas y en t\u00e9rminos cualitativos en el escrutinio y valoraci\u00f3n de las mejores y m\u00e1s innovadoras empresas de la comunidad andaluza.<\/p>\n<p>La empresa granadina Naranjo Intelligent Solutions (Ipharma), cuyo objetivo principal es la gesti\u00f3n, desarrollo e implantaci\u00f3n de Soluciones TIC I+D+i aplicadas a cualquier sector de la sociedad, especialmente el sector sanitario, el sector tur\u00edstico y el sector de la inteligencia de negocio, y la empresa jienense, Soluciones Sicnova donde ofrecen al cliente una soluci\u00f3n aplicable a sus problemas basada en Tecnolog\u00eda 3D tanto en Fabricaci\u00f3n aditiva como en Digitalizado 3D, fueron las ganadoras de la \u00faltima edici\u00f3n.<\/p>\n","protected":false},"excerpt":{"rendered":"<p>La presidenta de Asociaci\u00f3n de J\u00f3venes Empresarios (AJE) Andaluc\u00eda, M\u00f3nica Moreno, junto al presidente de AJE Huelva, Miguel Borrero, han [&hellip;]<\/p>\n","protected":false},"author":4,"featured_media":519,"comment_status":"open","ping_status":"open","sticky":false,"template":"","format":"standard","meta":{"_acf_changed":false,"site-sidebar-layout":"default","site-content-layout":"","ast-site-content-layout":"default","site-content-style":"default","site-sidebar-style":"default","ast-global-header-display":"","ast-banner-title-visibility":"","ast-main-header-display":"","ast-hfb-above-header-display":"","ast-hfb-below-header-display":"","ast-hfb-mobile-header-display":"","site-post-title":"","ast-breadcrumbs-content":"","ast-featured-img":"","footer-sml-layout":"","ast-disable-related-posts":"","theme-transparent-header-meta":"","adv-header-id-meta":"","stick-header-meta":"","header-above-stick-meta":"","header-main-stick-meta":"","header-below-stick-meta":"","astra-migrate-meta-layouts":"default","ast-page-background-enabled":"default","ast-page-background-meta":{"desktop":{"background-color":"var(--ast-global-color-5)","background-image":"","background-repeat":"repeat","background-position":"center center","background-size":"auto","background-attachment":"scroll","background-type":"","background-media":"","overlay-type":"","overlay-color":"","overlay-opacity":"","overlay-gradient":""},"tablet":{"background-color":"","background-image":"","background-repeat":"repeat","background-position":"center center","background-size":"auto","background-attachment":"scroll","background-type":"","background-media":"","overlay-type":"","overlay-color":"","overlay-opacity":"","overlay-gradient":""},"mobile":{"background-color":"","background-image":"","background-repeat":"repeat","background-position":"center center","background-size":"auto","background-attachment":"scroll","background-type":"","background-media":"","overlay-type":"","overlay-color":"","overlay-opacity":"","overlay-gradient":""}},"ast-content-background-meta":{"desktop":{"background-color":"var(--ast-global-color-4)","background-image":"","background-repeat":"repeat","background-position":"center center","background-size":"auto","background-attachment":"scroll","background-type":"","background-media":"","overlay-type":"","overlay-color":"","overlay-opacity":"","overlay-gradient":""},"tablet":{"background-color":"var(--ast-global-color-4)","background-image":"","background-repeat":"repeat","background-position":"center center","background-size":"auto","background-attachment":"scroll","background-type":"","background-media":"","overlay-type":"","overlay-color":"","overlay-opacity":"","overlay-gradient":""},"mobile":{"background-color":"var(--ast-global-color-4)","background-image":"","background-repeat":"repeat","background-position":"center center","background-size":"auto","background-attachment":"scroll","background-type":"","background-media":"","overlay-type":"","overlay-color":"","overlay-opacity":"","overlay-gradient":""}},"footnotes":""},"categories":[8],"tags":[],"class_list":["post-518","post","type-post","status-publish","format-standard","has-post-thumbnail","hentry","category-noticias"],"acf":[],"yoast_head":"<!-- This site is optimized with the Yoast SEO plugin v26.9 - https:\/\/yoast.com\/product\/yoast-seo-wordpress\/ -->\n<title>PRESENTAMOS LA GALA REGIONAL DE LOS PREMIOS AJE ANDALUC\u00cdA 2017 - AJE C\u00e1diz<\/title>\n<meta name=\"robots\" content=\"index, follow, max-snippet:-1, max-image-preview:large, max-video-preview:-1\" \/>\n<link rel=\"canonical\" href=\"https:\/\/ajeandalucia.org\/cadiz\/2017\/04\/10\/presentamos-la-gala-regional-de-los-premios-aje-andalucia-2017\/\" \/>\n<meta property=\"og:locale\" content=\"es_ES\" \/>\n<meta property=\"og:type\" content=\"article\" \/>\n<meta property=\"og:title\" content=\"PRESENTAMOS LA GALA REGIONAL DE LOS PREMIOS AJE ANDALUC\u00cdA 2017 - AJE C\u00e1diz\" \/>\n<meta property=\"og:description\" content=\"La presidenta de Asociaci\u00f3n de J\u00f3venes Empresarios (AJE) Andaluc\u00eda, M\u00f3nica Moreno, junto al presidente de AJE Huelva, Miguel Borrero, han [&hellip;]\" \/>\n<meta property=\"og:url\" content=\"https:\/\/ajeandalucia.org\/cadiz\/2017\/04\/10\/presentamos-la-gala-regional-de-los-premios-aje-andalucia-2017\/\" \/>\n<meta property=\"og:site_name\" content=\"AJE C\u00e1diz\" \/>\n<meta property=\"article:published_time\" content=\"2017-04-10T08:30:50+00:00\" \/>\n<meta property=\"article:modified_time\" content=\"2017-04-21T08:35:36+00:00\" \/>\n<meta property=\"og:image\" content=\"https:\/\/ajeandalucia.org\/cadiz\/wp-content\/uploads\/sites\/5\/2017\/04\/presentacion-de-la-gala-09042017.jpg\" \/>\n\t<meta property=\"og:image:width\" content=\"3264\" \/>\n\t<meta property=\"og:image:height\" content=\"1836\" \/>\n\t<meta property=\"og:image:type\" content=\"image\/jpeg\" \/>\n<meta name=\"author\" content=\"cadiz\" \/>\n<meta name=\"twitter:card\" content=\"summary_large_image\" \/>\n<meta name=\"twitter:label1\" content=\"Escrito por\" \/>\n\t<meta name=\"twitter:data1\" content=\"cadiz\" \/>\n\t<meta name=\"twitter:label2\" content=\"Tiempo de lectura\" \/>\n\t<meta name=\"twitter:data2\" content=\"2 minutos\" \/>\n<script type=\"application\/ld+json\" class=\"yoast-schema-graph\">{\"@context\":\"https:\/\/schema.org\",\"@graph\":[{\"@type\":\"Article\",\"@id\":\"https:\/\/ajeandalucia.org\/cadiz\/2017\/04\/10\/presentamos-la-gala-regional-de-los-premios-aje-andalucia-2017\/#article\",\"isPartOf\":{\"@id\":\"https:\/\/ajeandalucia.org\/cadiz\/2017\/04\/10\/presentamos-la-gala-regional-de-los-premios-aje-andalucia-2017\/\"},\"author\":{\"name\":\"cadiz\",\"@id\":\"https:\/\/ajeandalucia.org\/cadiz\/#\/schema\/person\/dce63ebda5f85792a4f3061905a9f15a\"},\"headline\":\"PRESENTAMOS LA GALA REGIONAL DE LOS PREMIOS AJE ANDALUC\u00cdA 2017\",\"datePublished\":\"2017-04-10T08:30:50+00:00\",\"dateModified\":\"2017-04-21T08:35:36+00:00\",\"mainEntityOfPage\":{\"@id\":\"https:\/\/ajeandalucia.org\/cadiz\/2017\/04\/10\/presentamos-la-gala-regional-de-los-premios-aje-andalucia-2017\/\"},\"wordCount\":495,\"commentCount\":0,\"publisher\":{\"@id\":\"https:\/\/ajeandalucia.org\/cadiz\/#organization\"},\"image\":{\"@id\":\"https:\/\/ajeandalucia.org\/cadiz\/2017\/04\/10\/presentamos-la-gala-regional-de-los-premios-aje-andalucia-2017\/#primaryimage\"},\"thumbnailUrl\":\"https:\/\/ajeandalucia.org\/cadiz\/wp-content\/uploads\/sites\/5\/2017\/04\/presentacion-de-la-gala-09042017.jpg\",\"articleSection\":[\"Noticias\"],\"inLanguage\":\"es\",\"potentialAction\":[{\"@type\":\"CommentAction\",\"name\":\"Comment\",\"target\":[\"https:\/\/ajeandalucia.org\/cadiz\/2017\/04\/10\/presentamos-la-gala-regional-de-los-premios-aje-andalucia-2017\/#respond\"]}]},{\"@type\":\"WebPage\",\"@id\":\"https:\/\/ajeandalucia.org\/cadiz\/2017\/04\/10\/presentamos-la-gala-regional-de-los-premios-aje-andalucia-2017\/\",\"url\":\"https:\/\/ajeandalucia.org\/cadiz\/2017\/04\/10\/presentamos-la-gala-regional-de-los-premios-aje-andalucia-2017\/\",\"name\":\"PRESENTAMOS LA GALA REGIONAL DE LOS PREMIOS AJE ANDALUC\u00cdA 2017 - AJE C\u00e1diz\",\"isPartOf\":{\"@id\":\"https:\/\/ajeandalucia.org\/cadiz\/#website\"},\"primaryImageOfPage\":{\"@id\":\"https:\/\/ajeandalucia.org\/cadiz\/2017\/04\/10\/presentamos-la-gala-regional-de-los-premios-aje-andalucia-2017\/#primaryimage\"},\"image\":{\"@id\":\"https:\/\/ajeandalucia.org\/cadiz\/2017\/04\/10\/presentamos-la-gala-regional-de-los-premios-aje-andalucia-2017\/#primaryimage\"},\"thumbnailUrl\":\"https:\/\/ajeandalucia.org\/cadiz\/wp-content\/uploads\/sites\/5\/2017\/04\/presentacion-de-la-gala-09042017.jpg\",\"datePublished\":\"2017-04-10T08:30:50+00:00\",\"dateModified\":\"2017-04-21T08:35:36+00:00\",\"breadcrumb\":{\"@id\":\"https:\/\/ajeandalucia.org\/cadiz\/2017\/04\/10\/presentamos-la-gala-regional-de-los-premios-aje-andalucia-2017\/#breadcrumb\"},\"inLanguage\":\"es\",\"potentialAction\":[{\"@type\":\"ReadAction\",\"target\":[\"https:\/\/ajeandalucia.org\/cadiz\/2017\/04\/10\/presentamos-la-gala-regional-de-los-premios-aje-andalucia-2017\/\"]}]},{\"@type\":\"ImageObject\",\"inLanguage\":\"es\",\"@id\":\"https:\/\/ajeandalucia.org\/cadiz\/2017\/04\/10\/presentamos-la-gala-regional-de-los-premios-aje-andalucia-2017\/#primaryimage\",\"url\":\"https:\/\/ajeandalucia.org\/cadiz\/wp-content\/uploads\/sites\/5\/2017\/04\/presentacion-de-la-gala-09042017.jpg\",\"contentUrl\":\"https:\/\/ajeandalucia.org\/cadiz\/wp-content\/uploads\/sites\/5\/2017\/04\/presentacion-de-la-gala-09042017.jpg\",\"width\":3264,\"height\":1836},{\"@type\":\"BreadcrumbList\",\"@id\":\"https:\/\/ajeandalucia.org\/cadiz\/2017\/04\/10\/presentamos-la-gala-regional-de-los-premios-aje-andalucia-2017\/#breadcrumb\",\"itemListElement\":[{\"@type\":\"ListItem\",\"position\":1,\"name\":\"Portada\",\"item\":\"https:\/\/ajeandalucia.org\/cadiz\/\"},{\"@type\":\"ListItem\",\"position\":2,\"name\":\"PRESENTAMOS LA GALA REGIONAL DE LOS PREMIOS AJE ANDALUC\u00cdA 2017\"}]},{\"@type\":\"WebSite\",\"@id\":\"https:\/\/ajeandalucia.org\/cadiz\/#website\",\"url\":\"https:\/\/ajeandalucia.org\/cadiz\/\",\"name\":\"AJE C\u00e1diz\",\"description\":\"Otro sitio m\u00e1s de AJE Andaluc\u00eda\",\"publisher\":{\"@id\":\"https:\/\/ajeandalucia.org\/cadiz\/#organization\"},\"potentialAction\":[{\"@type\":\"SearchAction\",\"target\":{\"@type\":\"EntryPoint\",\"urlTemplate\":\"https:\/\/ajeandalucia.org\/cadiz\/?s={search_term_string}\"},\"query-input\":{\"@type\":\"PropertyValueSpecification\",\"valueRequired\":true,\"valueName\":\"search_term_string\"}}],\"inLanguage\":\"es\"},{\"@type\":\"Organization\",\"@id\":\"https:\/\/ajeandalucia.org\/cadiz\/#organization\",\"name\":\"AJE C\u00e1diz\",\"url\":\"https:\/\/ajeandalucia.org\/cadiz\/\",\"logo\":{\"@type\":\"ImageObject\",\"inLanguage\":\"es\",\"@id\":\"https:\/\/ajeandalucia.org\/cadiz\/#\/schema\/logo\/image\/\",\"url\":\"https:\/\/ajeandalucia.org\/cadiz\/wp-content\/uploads\/sites\/5\/2025\/01\/AJE-CADIZ-horizontal.png\",\"contentUrl\":\"https:\/\/ajeandalucia.org\/cadiz\/wp-content\/uploads\/sites\/5\/2025\/01\/AJE-CADIZ-horizontal.png\",\"width\":605,\"height\":200,\"caption\":\"AJE C\u00e1diz\"},\"image\":{\"@id\":\"https:\/\/ajeandalucia.org\/cadiz\/#\/schema\/logo\/image\/\"}},{\"@type\":\"Person\",\"@id\":\"https:\/\/ajeandalucia.org\/cadiz\/#\/schema\/person\/dce63ebda5f85792a4f3061905a9f15a\",\"name\":\"cadiz\",\"image\":{\"@type\":\"ImageObject\",\"inLanguage\":\"es\",\"@id\":\"https:\/\/ajeandalucia.org\/cadiz\/#\/schema\/person\/image\/\",\"url\":\"https:\/\/secure.gravatar.com\/avatar\/e60287d271698686eba86c2f7f8485140fdb3db29714804eebe944be2ec6f47b?s=96&d=mm&r=g\",\"contentUrl\":\"https:\/\/secure.gravatar.com\/avatar\/e60287d271698686eba86c2f7f8485140fdb3db29714804eebe944be2ec6f47b?s=96&d=mm&r=g\",\"caption\":\"cadiz\"},\"url\":\"https:\/\/ajeandalucia.org\/cadiz\/author\/cadiz\/\"}]}<\/script>\n<!-- \/ Yoast SEO plugin. -->","yoast_head_json":{"title":"PRESENTAMOS LA GALA REGIONAL DE LOS PREMIOS AJE ANDALUC\u00cdA 2017 - AJE C\u00e1diz","robots":{"index":"index","follow":"follow","max-snippet":"max-snippet:-1","max-image-preview":"max-image-preview:large","max-video-preview":"max-video-preview:-1"},"canonical":"https:\/\/ajeandalucia.org\/cadiz\/2017\/04\/10\/presentamos-la-gala-regional-de-los-premios-aje-andalucia-2017\/","og_locale":"es_ES","og_type":"article","og_title":"PRESENTAMOS LA GALA REGIONAL DE LOS PREMIOS AJE ANDALUC\u00cdA 2017 - AJE C\u00e1diz","og_description":"La presidenta de Asociaci\u00f3n de J\u00f3venes Empresarios (AJE) Andaluc\u00eda, M\u00f3nica Moreno, junto al presidente de AJE Huelva, Miguel Borrero, han [&hellip;]","og_url":"https:\/\/ajeandalucia.org\/cadiz\/2017\/04\/10\/presentamos-la-gala-regional-de-los-premios-aje-andalucia-2017\/","og_site_name":"AJE C\u00e1diz","article_published_time":"2017-04-10T08:30:50+00:00","article_modified_time":"2017-04-21T08:35:36+00:00","og_image":[{"width":3264,"height":1836,"url":"https:\/\/ajeandalucia.org\/cadiz\/wp-content\/uploads\/sites\/5\/2017\/04\/presentacion-de-la-gala-09042017.jpg","type":"image\/jpeg"}],"author":"cadiz","twitter_card":"summary_large_image","twitter_misc":{"Escrito por":"cadiz","Tiempo de lectura":"2 minutos"},"schema":{"@context":"https:\/\/schema.org","@graph":[{"@type":"Article","@id":"https:\/\/ajeandalucia.org\/cadiz\/2017\/04\/10\/presentamos-la-gala-regional-de-los-premios-aje-andalucia-2017\/#article","isPartOf":{"@id":"https:\/\/ajeandalucia.org\/cadiz\/2017\/04\/10\/presentamos-la-gala-regional-de-los-premios-aje-andalucia-2017\/"},"author":{"name":"cadiz","@id":"https:\/\/ajeandalucia.org\/cadiz\/#\/schema\/person\/dce63ebda5f85792a4f3061905a9f15a"},"headline":"PRESENTAMOS LA GALA REGIONAL DE LOS PREMIOS AJE ANDALUC\u00cdA 2017","datePublished":"2017-04-10T08:30:50+00:00","dateModified":"2017-04-21T08:35:36+00:00","mainEntityOfPage":{"@id":"https:\/\/ajeandalucia.org\/cadiz\/2017\/04\/10\/presentamos-la-gala-regional-de-los-premios-aje-andalucia-2017\/"},"wordCount":495,"commentCount":0,"publisher":{"@id":"https:\/\/ajeandalucia.org\/cadiz\/#organization"},"image":{"@id":"https:\/\/ajeandalucia.org\/cadiz\/2017\/04\/10\/presentamos-la-gala-regional-de-los-premios-aje-andalucia-2017\/#primaryimage"},"thumbnailUrl":"https:\/\/ajeandalucia.org\/cadiz\/wp-content\/uploads\/sites\/5\/2017\/04\/presentacion-de-la-gala-09042017.jpg","articleSection":["Noticias"],"inLanguage":"es","potentialAction":[{"@type":"CommentAction","name":"Comment","target":["https:\/\/ajeandalucia.org\/cadiz\/2017\/04\/10\/presentamos-la-gala-regional-de-los-premios-aje-andalucia-2017\/#respond"]}]},{"@type":"WebPage","@id":"https:\/\/ajeandalucia.org\/cadiz\/2017\/04\/10\/presentamos-la-gala-regional-de-los-premios-aje-andalucia-2017\/","url":"https:\/\/ajeandalucia.org\/cadiz\/2017\/04\/10\/presentamos-la-gala-regional-de-los-premios-aje-andalucia-2017\/","name":"PRESENTAMOS LA GALA REGIONAL DE LOS PREMIOS AJE ANDALUC\u00cdA 2017 - AJE C\u00e1diz","isPartOf":{"@id":"https:\/\/ajeandalucia.org\/cadiz\/#website"},"primaryImageOfPage":{"@id":"https:\/\/ajeandalucia.org\/cadiz\/2017\/04\/10\/presentamos-la-gala-regional-de-los-premios-aje-andalucia-2017\/#primaryimage"},"image":{"@id":"https:\/\/ajeandalucia.org\/cadiz\/2017\/04\/10\/presentamos-la-gala-regional-de-los-premios-aje-andalucia-2017\/#primaryimage"},"thumbnailUrl":"https:\/\/ajeandalucia.org\/cadiz\/wp-content\/uploads\/sites\/5\/2017\/04\/presentacion-de-la-gala-09042017.jpg","datePublished":"2017-04-10T08:30:50+00:00","dateModified":"2017-04-21T08:35:36+00:00","breadcrumb":{"@id":"https:\/\/ajeandalucia.org\/cadiz\/2017\/04\/10\/presentamos-la-gala-regional-de-los-premios-aje-andalucia-2017\/#breadcrumb"},"inLanguage":"es","potentialAction":[{"@type":"ReadAction","target":["https:\/\/ajeandalucia.org\/cadiz\/2017\/04\/10\/presentamos-la-gala-regional-de-los-premios-aje-andalucia-2017\/"]}]},{"@type":"ImageObject","inLanguage":"es","@id":"https:\/\/ajeandalucia.org\/cadiz\/2017\/04\/10\/presentamos-la-gala-regional-de-los-premios-aje-andalucia-2017\/#primaryimage","url":"https:\/\/ajeandalucia.org\/cadiz\/wp-content\/uploads\/sites\/5\/2017\/04\/presentacion-de-la-gala-09042017.jpg","contentUrl":"https:\/\/ajeandalucia.org\/cadiz\/wp-content\/uploads\/sites\/5\/2017\/04\/presentacion-de-la-gala-09042017.jpg","width":3264,"height":1836},{"@type":"BreadcrumbList","@id":"https:\/\/ajeandalucia.org\/cadiz\/2017\/04\/10\/presentamos-la-gala-regional-de-los-premios-aje-andalucia-2017\/#breadcrumb","itemListElement":[{"@type":"ListItem","position":1,"name":"Portada","item":"https:\/\/ajeandalucia.org\/cadiz\/"},{"@type":"ListItem","position":2,"name":"PRESENTAMOS LA GALA REGIONAL DE LOS PREMIOS AJE ANDALUC\u00cdA 2017"}]},{"@type":"WebSite","@id":"https:\/\/ajeandalucia.org\/cadiz\/#website","url":"https:\/\/ajeandalucia.org\/cadiz\/","name":"AJE C\u00e1diz","description":"Otro sitio m\u00e1s de AJE Andaluc\u00eda","publisher":{"@id":"https:\/\/ajeandalucia.org\/cadiz\/#organization"},"potentialAction":[{"@type":"SearchAction","target":{"@type":"EntryPoint","urlTemplate":"https:\/\/ajeandalucia.org\/cadiz\/?s={search_term_string}"},"query-input":{"@type":"PropertyValueSpecification","valueRequired":true,"valueName":"search_term_string"}}],"inLanguage":"es"},{"@type":"Organization","@id":"https:\/\/ajeandalucia.org\/cadiz\/#organization","name":"AJE C\u00e1diz","url":"https:\/\/ajeandalucia.org\/cadiz\/","logo":{"@type":"ImageObject","inLanguage":"es","@id":"https:\/\/ajeandalucia.org\/cadiz\/#\/schema\/logo\/image\/","url":"https:\/\/ajeandalucia.org\/cadiz\/wp-content\/uploads\/sites\/5\/2025\/01\/AJE-CADIZ-horizontal.png","contentUrl":"https:\/\/ajeandalucia.org\/cadiz\/wp-content\/uploads\/sites\/5\/2025\/01\/AJE-CADIZ-horizontal.png","width":605,"height":200,"caption":"AJE C\u00e1diz"},"image":{"@id":"https:\/\/ajeandalucia.org\/cadiz\/#\/schema\/logo\/image\/"}},{"@type":"Person","@id":"https:\/\/ajeandalucia.org\/cadiz\/#\/schema\/person\/dce63ebda5f85792a4f3061905a9f15a","name":"cadiz","image":{"@type":"ImageObject","inLanguage":"es","@id":"https:\/\/ajeandalucia.org\/cadiz\/#\/schema\/person\/image\/","url":"https:\/\/secure.gravatar.com\/avatar\/e60287d271698686eba86c2f7f8485140fdb3db29714804eebe944be2ec6f47b?s=96&d=mm&r=g","contentUrl":"https:\/\/secure.gravatar.com\/avatar\/e60287d271698686eba86c2f7f8485140fdb3db29714804eebe944be2ec6f47b?s=96&d=mm&r=g","caption":"cadiz"},"url":"https:\/\/ajeandalucia.org\/cadiz\/author\/cadiz\/"}]}},"_links":{"self":[{"href":"https:\/\/ajeandalucia.org\/cadiz\/wp-json\/wp\/v2\/posts\/518","targetHints":{"allow":["GET"]}}],"collection":[{"href":"https:\/\/ajeandalucia.org\/cadiz\/wp-json\/wp\/v2\/posts"}],"about":[{"href":"https:\/\/ajeandalucia.org\/cadiz\/wp-json\/wp\/v2\/types\/post"}],"author":[{"embeddable":true,"href":"https:\/\/ajeandalucia.org\/cadiz\/wp-json\/wp\/v2\/users\/4"}],"replies":[{"embeddable":true,"href":"https:\/\/ajeandalucia.org\/cadiz\/wp-json\/wp\/v2\/comments?post=518"}],"version-history":[{"count":1,"href":"https:\/\/ajeandalucia.org\/cadiz\/wp-json\/wp\/v2\/posts\/518\/revisions"}],"predecessor-version":[{"id":520,"href":"https:\/\/ajeandalucia.org\/cadiz\/wp-json\/wp\/v2\/posts\/518\/revisions\/520"}],"wp:featuredmedia":[{"embeddable":true,"href":"https:\/\/ajeandalucia.org\/cadiz\/wp-json\/wp\/v2\/media\/519"}],"wp:attachment":[{"href":"https:\/\/ajeandalucia.org\/cadiz\/wp-json\/wp\/v2\/media?parent=518"}],"wp:term":[{"taxonomy":"category","embeddable":true,"href":"https:\/\/ajeandalucia.org\/cadiz\/wp-json\/wp\/v2\/categories?post=518"},{"taxonomy":"post_tag","embeddable":true,"href":"https:\/\/ajeandalucia.org\/cadiz\/wp-json\/wp\/v2\/tags?post=518"}],"curies":[{"name":"wp","href":"https:\/\/api.w.org\/{rel}","templated":true}]}}