{"id":573,"date":"2017-06-26T11:04:51","date_gmt":"2017-06-26T11:04:51","guid":{"rendered":"http:\/\/www.ajeandalucia.org\/cadiz\/?p=573"},"modified":"2017-07-05T11:09:07","modified_gmt":"2017-07-05T11:09:07","slug":"el-granadino-raul-berdones-ganador-del-xv-premio-nacional-joven-empresario","status":"publish","type":"post","link":"https:\/\/ajeandalucia.org\/cadiz\/2017\/06\/26\/el-granadino-raul-berdones-ganador-del-xv-premio-nacional-joven-empresario\/","title":{"rendered":"EL GRANADINO RAUL BERDON\u00c9S, GANADOR DEL XV PREMIO NACIONAL JOVEN EMPRESARIO"},"content":{"rendered":"<h4>El fundador presidente ejecutivo de Grupo Secuoya, de 38 a\u00f1os, ha sido reconocido con este galard\u00f3n en la XV gala de este premio celebrada en el Parque de las Ciencias<\/h4>\n<p>Despu\u00e9s de una larga jornada dedicada a la juventud empresarial, en la que hasta se ha inaugurado el <a href=\"http:\/\/www.granadadigital.es\/el-primer-espacio-publico-de-espana-dedicado-a-los-jovenes-empresarios-esta-en-granada-video\/\"><strong>primer espacio p\u00fablico de Espa\u00f1a<\/strong><\/a> a este sector, en torno a las 23:00 horas de la noche se ha dado a conocer al galardonado con el Premio Nacional Joven Empresario concedido por la Confederaci\u00f3n Espa\u00f1ola de Asociaciones de J\u00f3venes Empresarios (CEAJE).En esta ocasi\u00f3n, el premio se ha quedado en casa, ya que el granadino <strong>Ra\u00fal Berd\u00f3nes<\/strong>, ha sido reconocido con este galard\u00f3n, debido a su gesti\u00f3n al frente del <strong>Grupo Secuoya<\/strong>. Con 38 a\u00f1os dirige una de las productoras de referencia en el sector, creadora de contenidos audiovisuales para las principales cadenas televisivas y, desde 2016, fundadora del canal TEN.<\/p>\n<p>\u201cNo hay mayor orgullo que el que te reconozcan los tuyos: los empresarios. Si a esto le sumas que se entrega en mi tierra, la que llevo por bandera, la satisfacci\u00f3n es todav\u00eda mayor\u201d, ha afirmado Berdon\u00e9s tras recoger el galard\u00f3n de manos de la Ministra de Empleo y Seguridad Social, <strong>F\u00e1tima B\u00e1\u00f1ez<\/strong>, y el presidente de CEAJE, Ferm\u00edn Albaladejo.<\/p>\n<p>Ra\u00fal Berdon\u00e9s comenz\u00f3 su carrera emprendedora desde muy joven. A finales de 2007, con solo 28 a\u00f1os, fund\u00f3 el Grupo Secuoya que, poco despu\u00e9s, inici\u00f3 una carrera en ascenso. Hoy en d\u00eda, la empresa cuenta con m\u00e1s de 200 clientes en todo el mundo, emplea a casi un millar de personas de forma directa y se ha expandido internacionalmente a una decena de pa\u00edses. Adem\u00e1s, desde 2011 cotiza en el Mercado Alternativo Burs\u00e1til (MAB).<\/p>\n<p>\u201cLa clave del \u00e9xito se inventa y se escribe todos los d\u00edas en un folio en blanco. Cuando crees en las cosas y tienes pasi\u00f3n por lo que haces, se consigue\u201d, ha explicado emocionado el presidente de Secuoya a los j\u00f3venes empresarios.<\/p>\n<p>Durante su discurso, el premiado tambi\u00e9n ha agradecido el esfuerzo a AJE Granada, asociaci\u00f3n a la que pertenece y que este a\u00f1o se encargaba por primera vez de la organizaci\u00f3n del evento, que ha reunido en la capital nazar\u00ed a m\u00e1s de 400 empresarios del panorama nacional.<\/p>\n<p>Pero antes de desvelar el nombre del ganador, la gala comenzaba casi a las 22:00 horas de la mano de otro local, el presentador y periodista Fernando D\u00edaz de la Guardia, quien no ces\u00f3 de realizar alusiones elogiosas a su tierra y desvel\u00f3 \u201cser hijo de empresarios\u201d. Adem\u00e1s, de la Guardia hizo que se adelantara el espect\u00e1culo de cierre del evento y sac\u00f3 unos peque\u00f1os versos cantados a capela por parte de Kiki Morente.<\/p>\n<p>No faltaron las personalidades en esta gala, donde la m\u00e1s alta representaci\u00f3n estuvo en la figura de F\u00e1tima B\u00e1\u00f1ez, ministra de Empleo, que estuvo flanqueada por el alcalde de la ciudad, Paco Cuenca, y los presidentes de CEAJE, Ferm\u00edn Albaladejo, y de la <strong>Asociaci\u00f3n de J\u00f3venes Empresarios (AJE), Granada, Melesio Pe\u00f1a.<\/strong><\/p>\n<p>Este \u00faltimo fue el encargado de abrir el turno de intervenciones durante el acto y lo hizo reclamando, de una manera ir\u00f3nica y de soslayo, que termine el aislamiento ferroviario en Granada. Adem\u00e1s, el granadino aprovech\u00f3 para la celebraci\u00f3n del evento para explicar el sentido de la generaci\u00f3n de empresarios del 17 y para reivindicar el papel de los j\u00f3venes empresarios en la sociedad: \u201cParece que tenemos miedo de llamarnos empresarios y deber\u00edamos sentirnos orgullosos. Nosotros entendemos la empresa como un veh\u00edculo para mejorar la sociedad en la que vivimos y hacerla crecer\u201d.<\/p>\n<p class=\"wp-caption-text\">Tambi\u00e9n intervino Ferm\u00edn Albaladejo, quien destac\u00f3 en todo momento que \u201clos j\u00f3venes de la actualidad son los m\u00e1s preparados de todos los tiempos\u201d, adem\u00e1s de recordar que \u201cUna sociedad que no respeta sus mayores es una sociedad sin futuro, pero una sociedad que no respeta a sus j\u00f3venes est\u00e1 abocada al fracaso\u201d.<\/p>\n<p>Por otra parte, Paco Cuenca intervino y subray\u00f3 todas las bondades empresariales de Granada, \u201cque lidera la creaci\u00f3n cient\u00edfica en Andaluc\u00eda\u201d, adem\u00e1s de recordar que Granada ha estado a la cabeza en los \u00faltimos a\u00f1os en lo que a estos premios se refiere.<\/p>\n<p>Cerr\u00f3 las intervenciones la ministra F\u00e1tima B\u00e9\u00f1ez, quien quiso \u201cagradecer el esfuerzo de los j\u00f3venes empresarios por hacer f\u00e1cil lo dif\u00edcil\u201d y pidi\u00f3 \u201cconfianza en este pa\u00eds y en los hombres y las mujeres que hacen empresa\u201d y \u201ccompromiso a los j\u00f3venes y al talento de primera\u201d.<\/p>\n<p><strong>OTROS PREMIADOS<\/strong><\/p>\n<p>Adem\u00e1s del Premio Nacional Joven Empresario, tambi\u00e9n se han otorgado cinco acc\u00e9sits entre los 15 finalistas del concurso. En la categor\u00eda de mejor empresario con discapacidad ha recibido el galard\u00f3n Jes\u00fas Collado, fundador de Espai Universal.<\/p>\n<p>El acc\u00e9sit a la innovaci\u00f3n ha ido a parar a menos de I\u00f1igo Ayerra Ib\u00e1\u00f1ez, CEO de IedElectronics. Tambi\u00e9n ha recibido un reconocimiento, en este caso a la internacionalizaci\u00f3n, Guzm\u00e1n Veiga Pastor, fundador de I-Lanza. En el \u00e1mbito del compromiso social, el galardonado ha sido Pablo Sanagust\u00edn Saenz, CEO del Grupo Arelux. Tambi\u00e9n hubo un acc\u00e9sit al mejor empresario con diversidad funcional, que recay\u00f3 en la figura de Jes\u00fas Collado, de Espai Universal. Por \u00faltimo, el jurado tambi\u00e9n ha valorado el relevo generacional, un acc\u00e9sit del que ha sido merecedor Luis Poblador Fern\u00e1ndez, gerente de Grupo Poblador.<\/p>\n<p>Si no puedes ver el v\u00eddeo haz click <a href=\"https:\/\/youtu.be\/l3pnURxKP7I\" target=\"_blank\" rel=\"noopener\">aqu\u00ed<\/a><\/p>\n<div class=\"ast-oembed-container \" style=\"height: 100%;\"><iframe loading=\"lazy\" title=\"XV Premio Nacional Joven Empresario en Granada\" width=\"500\" height=\"375\" src=\"https:\/\/www.youtube.com\/embed\/l3pnURxKP7I?feature=oembed\" frameborder=\"0\" allow=\"accelerometer; autoplay; clipboard-write; encrypted-media; gyroscope; picture-in-picture; web-share\" referrerpolicy=\"strict-origin-when-cross-origin\" allowfullscreen><\/iframe><\/div>\n","protected":false},"excerpt":{"rendered":"<p>El fundador presidente ejecutivo de Grupo Secuoya, de 38 a\u00f1os, ha sido reconocido con este galard\u00f3n en la XV gala [&hellip;]<\/p>\n","protected":false},"author":4,"featured_media":574,"comment_status":"open","ping_status":"open","sticky":false,"template":"","format":"standard","meta":{"_acf_changed":false,"site-sidebar-layout":"default","site-content-layout":"","ast-site-content-layout":"default","site-content-style":"default","site-sidebar-style":"default","ast-global-header-display":"","ast-banner-title-visibility":"","ast-main-header-display":"","ast-hfb-above-header-display":"","ast-hfb-below-header-display":"","ast-hfb-mobile-header-display":"","site-post-title":"","ast-breadcrumbs-content":"","ast-featured-img":"","footer-sml-layout":"","ast-disable-related-posts":"","theme-transparent-header-meta":"","adv-header-id-meta":"","stick-header-meta":"","header-above-stick-meta":"","header-main-stick-meta":"","header-below-stick-meta":"","astra-migrate-meta-layouts":"default","ast-page-background-enabled":"default","ast-page-background-meta":{"desktop":{"background-color":"var(--ast-global-color-5)","background-image":"","background-repeat":"repeat","background-position":"center center","background-size":"auto","background-attachment":"scroll","background-type":"","background-media":"","overlay-type":"","overlay-color":"","overlay-opacity":"","overlay-gradient":""},"tablet":{"background-color":"","background-image":"","background-repeat":"repeat","background-position":"center center","background-size":"auto","background-attachment":"scroll","background-type":"","background-media":"","overlay-type":"","overlay-color":"","overlay-opacity":"","overlay-gradient":""},"mobile":{"background-color":"","background-image":"","background-repeat":"repeat","background-position":"center center","background-size":"auto","background-attachment":"scroll","background-type":"","background-media":"","overlay-type":"","overlay-color":"","overlay-opacity":"","overlay-gradient":""}},"ast-content-background-meta":{"desktop":{"background-color":"var(--ast-global-color-4)","background-image":"","background-repeat":"repeat","background-position":"center center","background-size":"auto","background-attachment":"scroll","background-type":"","background-media":"","overlay-type":"","overlay-color":"","overlay-opacity":"","overlay-gradient":""},"tablet":{"background-color":"var(--ast-global-color-4)","background-image":"","background-repeat":"repeat","background-position":"center center","background-size":"auto","background-attachment":"scroll","background-type":"","background-media":"","overlay-type":"","overlay-color":"","overlay-opacity":"","overlay-gradient":""},"mobile":{"background-color":"var(--ast-global-color-4)","background-image":"","background-repeat":"repeat","background-position":"center center","background-size":"auto","background-attachment":"scroll","background-type":"","background-media":"","overlay-type":"","overlay-color":"","overlay-opacity":"","overlay-gradient":""}},"footnotes":""},"categories":[8],"tags":[],"class_list":["post-573","post","type-post","status-publish","format-standard","has-post-thumbnail","hentry","category-noticias"],"acf":[],"yoast_head":"<!-- This site is optimized with the Yoast SEO plugin v26.9 - https:\/\/yoast.com\/product\/yoast-seo-wordpress\/ -->\n<title>EL GRANADINO RAUL BERDON\u00c9S, GANADOR DEL XV PREMIO NACIONAL JOVEN EMPRESARIO - AJE C\u00e1diz<\/title>\n<meta name=\"robots\" content=\"index, follow, max-snippet:-1, max-image-preview:large, max-video-preview:-1\" \/>\n<link rel=\"canonical\" href=\"https:\/\/ajeandalucia.org\/cadiz\/2017\/06\/26\/el-granadino-raul-berdones-ganador-del-xv-premio-nacional-joven-empresario\/\" \/>\n<meta property=\"og:locale\" content=\"es_ES\" \/>\n<meta property=\"og:type\" content=\"article\" \/>\n<meta property=\"og:title\" content=\"EL GRANADINO RAUL BERDON\u00c9S, GANADOR DEL XV PREMIO NACIONAL JOVEN EMPRESARIO - AJE C\u00e1diz\" \/>\n<meta property=\"og:description\" content=\"El fundador presidente ejecutivo de Grupo Secuoya, de 38 a\u00f1os, ha sido reconocido con este galard\u00f3n en la XV gala [&hellip;]\" \/>\n<meta property=\"og:url\" content=\"https:\/\/ajeandalucia.org\/cadiz\/2017\/06\/26\/el-granadino-raul-berdones-ganador-del-xv-premio-nacional-joven-empresario\/\" \/>\n<meta property=\"og:site_name\" content=\"AJE C\u00e1diz\" \/>\n<meta property=\"article:published_time\" content=\"2017-06-26T11:04:51+00:00\" \/>\n<meta property=\"article:modified_time\" content=\"2017-07-05T11:09:07+00:00\" \/>\n<meta property=\"og:image\" content=\"https:\/\/ajeandalucia.org\/cadiz\/wp-content\/uploads\/sites\/5\/2017\/07\/Foto-familia-22-jun-Premio-NACIONAL-Granada.jpg\" \/>\n\t<meta property=\"og:image:width\" content=\"1200\" \/>\n\t<meta property=\"og:image:height\" content=\"675\" \/>\n\t<meta property=\"og:image:type\" content=\"image\/jpeg\" \/>\n<meta name=\"author\" content=\"cadiz\" \/>\n<meta name=\"twitter:card\" content=\"summary_large_image\" \/>\n<meta name=\"twitter:label1\" content=\"Escrito por\" \/>\n\t<meta name=\"twitter:data1\" content=\"cadiz\" \/>\n\t<meta name=\"twitter:label2\" content=\"Tiempo de lectura\" \/>\n\t<meta name=\"twitter:data2\" content=\"5 minutos\" \/>\n<script type=\"application\/ld+json\" class=\"yoast-schema-graph\">{\"@context\":\"https:\/\/schema.org\",\"@graph\":[{\"@type\":\"Article\",\"@id\":\"https:\/\/ajeandalucia.org\/cadiz\/2017\/06\/26\/el-granadino-raul-berdones-ganador-del-xv-premio-nacional-joven-empresario\/#article\",\"isPartOf\":{\"@id\":\"https:\/\/ajeandalucia.org\/cadiz\/2017\/06\/26\/el-granadino-raul-berdones-ganador-del-xv-premio-nacional-joven-empresario\/\"},\"author\":{\"name\":\"cadiz\",\"@id\":\"https:\/\/ajeandalucia.org\/cadiz\/#\/schema\/person\/dce63ebda5f85792a4f3061905a9f15a\"},\"headline\":\"EL GRANADINO RAUL BERDON\u00c9S, GANADOR DEL XV PREMIO NACIONAL JOVEN EMPRESARIO\",\"datePublished\":\"2017-06-26T11:04:51+00:00\",\"dateModified\":\"2017-07-05T11:09:07+00:00\",\"mainEntityOfPage\":{\"@id\":\"https:\/\/ajeandalucia.org\/cadiz\/2017\/06\/26\/el-granadino-raul-berdones-ganador-del-xv-premio-nacional-joven-empresario\/\"},\"wordCount\":978,\"commentCount\":0,\"publisher\":{\"@id\":\"https:\/\/ajeandalucia.org\/cadiz\/#organization\"},\"image\":{\"@id\":\"https:\/\/ajeandalucia.org\/cadiz\/2017\/06\/26\/el-granadino-raul-berdones-ganador-del-xv-premio-nacional-joven-empresario\/#primaryimage\"},\"thumbnailUrl\":\"https:\/\/ajeandalucia.org\/cadiz\/wp-content\/uploads\/sites\/5\/2017\/07\/Foto-familia-22-jun-Premio-NACIONAL-Granada.jpg\",\"articleSection\":[\"Noticias\"],\"inLanguage\":\"es\",\"potentialAction\":[{\"@type\":\"CommentAction\",\"name\":\"Comment\",\"target\":[\"https:\/\/ajeandalucia.org\/cadiz\/2017\/06\/26\/el-granadino-raul-berdones-ganador-del-xv-premio-nacional-joven-empresario\/#respond\"]}]},{\"@type\":\"WebPage\",\"@id\":\"https:\/\/ajeandalucia.org\/cadiz\/2017\/06\/26\/el-granadino-raul-berdones-ganador-del-xv-premio-nacional-joven-empresario\/\",\"url\":\"https:\/\/ajeandalucia.org\/cadiz\/2017\/06\/26\/el-granadino-raul-berdones-ganador-del-xv-premio-nacional-joven-empresario\/\",\"name\":\"EL GRANADINO RAUL BERDON\u00c9S, GANADOR DEL XV PREMIO NACIONAL JOVEN EMPRESARIO - AJE C\u00e1diz\",\"isPartOf\":{\"@id\":\"https:\/\/ajeandalucia.org\/cadiz\/#website\"},\"primaryImageOfPage\":{\"@id\":\"https:\/\/ajeandalucia.org\/cadiz\/2017\/06\/26\/el-granadino-raul-berdones-ganador-del-xv-premio-nacional-joven-empresario\/#primaryimage\"},\"image\":{\"@id\":\"https:\/\/ajeandalucia.org\/cadiz\/2017\/06\/26\/el-granadino-raul-berdones-ganador-del-xv-premio-nacional-joven-empresario\/#primaryimage\"},\"thumbnailUrl\":\"https:\/\/ajeandalucia.org\/cadiz\/wp-content\/uploads\/sites\/5\/2017\/07\/Foto-familia-22-jun-Premio-NACIONAL-Granada.jpg\",\"datePublished\":\"2017-06-26T11:04:51+00:00\",\"dateModified\":\"2017-07-05T11:09:07+00:00\",\"breadcrumb\":{\"@id\":\"https:\/\/ajeandalucia.org\/cadiz\/2017\/06\/26\/el-granadino-raul-berdones-ganador-del-xv-premio-nacional-joven-empresario\/#breadcrumb\"},\"inLanguage\":\"es\",\"potentialAction\":[{\"@type\":\"ReadAction\",\"target\":[\"https:\/\/ajeandalucia.org\/cadiz\/2017\/06\/26\/el-granadino-raul-berdones-ganador-del-xv-premio-nacional-joven-empresario\/\"]}]},{\"@type\":\"ImageObject\",\"inLanguage\":\"es\",\"@id\":\"https:\/\/ajeandalucia.org\/cadiz\/2017\/06\/26\/el-granadino-raul-berdones-ganador-del-xv-premio-nacional-joven-empresario\/#primaryimage\",\"url\":\"https:\/\/ajeandalucia.org\/cadiz\/wp-content\/uploads\/sites\/5\/2017\/07\/Foto-familia-22-jun-Premio-NACIONAL-Granada.jpg\",\"contentUrl\":\"https:\/\/ajeandalucia.org\/cadiz\/wp-content\/uploads\/sites\/5\/2017\/07\/Foto-familia-22-jun-Premio-NACIONAL-Granada.jpg\",\"width\":1200,\"height\":675},{\"@type\":\"BreadcrumbList\",\"@id\":\"https:\/\/ajeandalucia.org\/cadiz\/2017\/06\/26\/el-granadino-raul-berdones-ganador-del-xv-premio-nacional-joven-empresario\/#breadcrumb\",\"itemListElement\":[{\"@type\":\"ListItem\",\"position\":1,\"name\":\"Portada\",\"item\":\"https:\/\/ajeandalucia.org\/cadiz\/\"},{\"@type\":\"ListItem\",\"position\":2,\"name\":\"EL GRANADINO RAUL BERDON\u00c9S, GANADOR DEL XV PREMIO NACIONAL JOVEN EMPRESARIO\"}]},{\"@type\":\"WebSite\",\"@id\":\"https:\/\/ajeandalucia.org\/cadiz\/#website\",\"url\":\"https:\/\/ajeandalucia.org\/cadiz\/\",\"name\":\"AJE C\u00e1diz\",\"description\":\"Otro sitio m\u00e1s de AJE Andaluc\u00eda\",\"publisher\":{\"@id\":\"https:\/\/ajeandalucia.org\/cadiz\/#organization\"},\"potentialAction\":[{\"@type\":\"SearchAction\",\"target\":{\"@type\":\"EntryPoint\",\"urlTemplate\":\"https:\/\/ajeandalucia.org\/cadiz\/?s={search_term_string}\"},\"query-input\":{\"@type\":\"PropertyValueSpecification\",\"valueRequired\":true,\"valueName\":\"search_term_string\"}}],\"inLanguage\":\"es\"},{\"@type\":\"Organization\",\"@id\":\"https:\/\/ajeandalucia.org\/cadiz\/#organization\",\"name\":\"AJE C\u00e1diz\",\"url\":\"https:\/\/ajeandalucia.org\/cadiz\/\",\"logo\":{\"@type\":\"ImageObject\",\"inLanguage\":\"es\",\"@id\":\"https:\/\/ajeandalucia.org\/cadiz\/#\/schema\/logo\/image\/\",\"url\":\"https:\/\/ajeandalucia.org\/cadiz\/wp-content\/uploads\/sites\/5\/2025\/01\/AJE-CADIZ-horizontal.png\",\"contentUrl\":\"https:\/\/ajeandalucia.org\/cadiz\/wp-content\/uploads\/sites\/5\/2025\/01\/AJE-CADIZ-horizontal.png\",\"width\":605,\"height\":200,\"caption\":\"AJE C\u00e1diz\"},\"image\":{\"@id\":\"https:\/\/ajeandalucia.org\/cadiz\/#\/schema\/logo\/image\/\"}},{\"@type\":\"Person\",\"@id\":\"https:\/\/ajeandalucia.org\/cadiz\/#\/schema\/person\/dce63ebda5f85792a4f3061905a9f15a\",\"name\":\"cadiz\",\"image\":{\"@type\":\"ImageObject\",\"inLanguage\":\"es\",\"@id\":\"https:\/\/ajeandalucia.org\/cadiz\/#\/schema\/person\/image\/\",\"url\":\"https:\/\/secure.gravatar.com\/avatar\/e60287d271698686eba86c2f7f8485140fdb3db29714804eebe944be2ec6f47b?s=96&d=mm&r=g\",\"contentUrl\":\"https:\/\/secure.gravatar.com\/avatar\/e60287d271698686eba86c2f7f8485140fdb3db29714804eebe944be2ec6f47b?s=96&d=mm&r=g\",\"caption\":\"cadiz\"},\"url\":\"https:\/\/ajeandalucia.org\/cadiz\/author\/cadiz\/\"}]}<\/script>\n<!-- \/ Yoast SEO plugin. -->","yoast_head_json":{"title":"EL GRANADINO RAUL BERDON\u00c9S, GANADOR DEL XV PREMIO NACIONAL JOVEN EMPRESARIO - AJE C\u00e1diz","robots":{"index":"index","follow":"follow","max-snippet":"max-snippet:-1","max-image-preview":"max-image-preview:large","max-video-preview":"max-video-preview:-1"},"canonical":"https:\/\/ajeandalucia.org\/cadiz\/2017\/06\/26\/el-granadino-raul-berdones-ganador-del-xv-premio-nacional-joven-empresario\/","og_locale":"es_ES","og_type":"article","og_title":"EL GRANADINO RAUL BERDON\u00c9S, GANADOR DEL XV PREMIO NACIONAL JOVEN EMPRESARIO - AJE C\u00e1diz","og_description":"El fundador presidente ejecutivo de Grupo Secuoya, de 38 a\u00f1os, ha sido reconocido con este galard\u00f3n en la XV gala [&hellip;]","og_url":"https:\/\/ajeandalucia.org\/cadiz\/2017\/06\/26\/el-granadino-raul-berdones-ganador-del-xv-premio-nacional-joven-empresario\/","og_site_name":"AJE C\u00e1diz","article_published_time":"2017-06-26T11:04:51+00:00","article_modified_time":"2017-07-05T11:09:07+00:00","og_image":[{"width":1200,"height":675,"url":"https:\/\/ajeandalucia.org\/cadiz\/wp-content\/uploads\/sites\/5\/2017\/07\/Foto-familia-22-jun-Premio-NACIONAL-Granada.jpg","type":"image\/jpeg"}],"author":"cadiz","twitter_card":"summary_large_image","twitter_misc":{"Escrito por":"cadiz","Tiempo de lectura":"5 minutos"},"schema":{"@context":"https:\/\/schema.org","@graph":[{"@type":"Article","@id":"https:\/\/ajeandalucia.org\/cadiz\/2017\/06\/26\/el-granadino-raul-berdones-ganador-del-xv-premio-nacional-joven-empresario\/#article","isPartOf":{"@id":"https:\/\/ajeandalucia.org\/cadiz\/2017\/06\/26\/el-granadino-raul-berdones-ganador-del-xv-premio-nacional-joven-empresario\/"},"author":{"name":"cadiz","@id":"https:\/\/ajeandalucia.org\/cadiz\/#\/schema\/person\/dce63ebda5f85792a4f3061905a9f15a"},"headline":"EL GRANADINO RAUL BERDON\u00c9S, GANADOR DEL XV PREMIO NACIONAL JOVEN EMPRESARIO","datePublished":"2017-06-26T11:04:51+00:00","dateModified":"2017-07-05T11:09:07+00:00","mainEntityOfPage":{"@id":"https:\/\/ajeandalucia.org\/cadiz\/2017\/06\/26\/el-granadino-raul-berdones-ganador-del-xv-premio-nacional-joven-empresario\/"},"wordCount":978,"commentCount":0,"publisher":{"@id":"https:\/\/ajeandalucia.org\/cadiz\/#organization"},"image":{"@id":"https:\/\/ajeandalucia.org\/cadiz\/2017\/06\/26\/el-granadino-raul-berdones-ganador-del-xv-premio-nacional-joven-empresario\/#primaryimage"},"thumbnailUrl":"https:\/\/ajeandalucia.org\/cadiz\/wp-content\/uploads\/sites\/5\/2017\/07\/Foto-familia-22-jun-Premio-NACIONAL-Granada.jpg","articleSection":["Noticias"],"inLanguage":"es","potentialAction":[{"@type":"CommentAction","name":"Comment","target":["https:\/\/ajeandalucia.org\/cadiz\/2017\/06\/26\/el-granadino-raul-berdones-ganador-del-xv-premio-nacional-joven-empresario\/#respond"]}]},{"@type":"WebPage","@id":"https:\/\/ajeandalucia.org\/cadiz\/2017\/06\/26\/el-granadino-raul-berdones-ganador-del-xv-premio-nacional-joven-empresario\/","url":"https:\/\/ajeandalucia.org\/cadiz\/2017\/06\/26\/el-granadino-raul-berdones-ganador-del-xv-premio-nacional-joven-empresario\/","name":"EL GRANADINO RAUL BERDON\u00c9S, GANADOR DEL XV PREMIO NACIONAL JOVEN EMPRESARIO - AJE C\u00e1diz","isPartOf":{"@id":"https:\/\/ajeandalucia.org\/cadiz\/#website"},"primaryImageOfPage":{"@id":"https:\/\/ajeandalucia.org\/cadiz\/2017\/06\/26\/el-granadino-raul-berdones-ganador-del-xv-premio-nacional-joven-empresario\/#primaryimage"},"image":{"@id":"https:\/\/ajeandalucia.org\/cadiz\/2017\/06\/26\/el-granadino-raul-berdones-ganador-del-xv-premio-nacional-joven-empresario\/#primaryimage"},"thumbnailUrl":"https:\/\/ajeandalucia.org\/cadiz\/wp-content\/uploads\/sites\/5\/2017\/07\/Foto-familia-22-jun-Premio-NACIONAL-Granada.jpg","datePublished":"2017-06-26T11:04:51+00:00","dateModified":"2017-07-05T11:09:07+00:00","breadcrumb":{"@id":"https:\/\/ajeandalucia.org\/cadiz\/2017\/06\/26\/el-granadino-raul-berdones-ganador-del-xv-premio-nacional-joven-empresario\/#breadcrumb"},"inLanguage":"es","potentialAction":[{"@type":"ReadAction","target":["https:\/\/ajeandalucia.org\/cadiz\/2017\/06\/26\/el-granadino-raul-berdones-ganador-del-xv-premio-nacional-joven-empresario\/"]}]},{"@type":"ImageObject","inLanguage":"es","@id":"https:\/\/ajeandalucia.org\/cadiz\/2017\/06\/26\/el-granadino-raul-berdones-ganador-del-xv-premio-nacional-joven-empresario\/#primaryimage","url":"https:\/\/ajeandalucia.org\/cadiz\/wp-content\/uploads\/sites\/5\/2017\/07\/Foto-familia-22-jun-Premio-NACIONAL-Granada.jpg","contentUrl":"https:\/\/ajeandalucia.org\/cadiz\/wp-content\/uploads\/sites\/5\/2017\/07\/Foto-familia-22-jun-Premio-NACIONAL-Granada.jpg","width":1200,"height":675},{"@type":"BreadcrumbList","@id":"https:\/\/ajeandalucia.org\/cadiz\/2017\/06\/26\/el-granadino-raul-berdones-ganador-del-xv-premio-nacional-joven-empresario\/#breadcrumb","itemListElement":[{"@type":"ListItem","position":1,"name":"Portada","item":"https:\/\/ajeandalucia.org\/cadiz\/"},{"@type":"ListItem","position":2,"name":"EL GRANADINO RAUL BERDON\u00c9S, GANADOR DEL XV PREMIO NACIONAL JOVEN EMPRESARIO"}]},{"@type":"WebSite","@id":"https:\/\/ajeandalucia.org\/cadiz\/#website","url":"https:\/\/ajeandalucia.org\/cadiz\/","name":"AJE C\u00e1diz","description":"Otro sitio m\u00e1s de AJE Andaluc\u00eda","publisher":{"@id":"https:\/\/ajeandalucia.org\/cadiz\/#organization"},"potentialAction":[{"@type":"SearchAction","target":{"@type":"EntryPoint","urlTemplate":"https:\/\/ajeandalucia.org\/cadiz\/?s={search_term_string}"},"query-input":{"@type":"PropertyValueSpecification","valueRequired":true,"valueName":"search_term_string"}}],"inLanguage":"es"},{"@type":"Organization","@id":"https:\/\/ajeandalucia.org\/cadiz\/#organization","name":"AJE C\u00e1diz","url":"https:\/\/ajeandalucia.org\/cadiz\/","logo":{"@type":"ImageObject","inLanguage":"es","@id":"https:\/\/ajeandalucia.org\/cadiz\/#\/schema\/logo\/image\/","url":"https:\/\/ajeandalucia.org\/cadiz\/wp-content\/uploads\/sites\/5\/2025\/01\/AJE-CADIZ-horizontal.png","contentUrl":"https:\/\/ajeandalucia.org\/cadiz\/wp-content\/uploads\/sites\/5\/2025\/01\/AJE-CADIZ-horizontal.png","width":605,"height":200,"caption":"AJE C\u00e1diz"},"image":{"@id":"https:\/\/ajeandalucia.org\/cadiz\/#\/schema\/logo\/image\/"}},{"@type":"Person","@id":"https:\/\/ajeandalucia.org\/cadiz\/#\/schema\/person\/dce63ebda5f85792a4f3061905a9f15a","name":"cadiz","image":{"@type":"ImageObject","inLanguage":"es","@id":"https:\/\/ajeandalucia.org\/cadiz\/#\/schema\/person\/image\/","url":"https:\/\/secure.gravatar.com\/avatar\/e60287d271698686eba86c2f7f8485140fdb3db29714804eebe944be2ec6f47b?s=96&d=mm&r=g","contentUrl":"https:\/\/secure.gravatar.com\/avatar\/e60287d271698686eba86c2f7f8485140fdb3db29714804eebe944be2ec6f47b?s=96&d=mm&r=g","caption":"cadiz"},"url":"https:\/\/ajeandalucia.org\/cadiz\/author\/cadiz\/"}]}},"_links":{"self":[{"href":"https:\/\/ajeandalucia.org\/cadiz\/wp-json\/wp\/v2\/posts\/573","targetHints":{"allow":["GET"]}}],"collection":[{"href":"https:\/\/ajeandalucia.org\/cadiz\/wp-json\/wp\/v2\/posts"}],"about":[{"href":"https:\/\/ajeandalucia.org\/cadiz\/wp-json\/wp\/v2\/types\/post"}],"author":[{"embeddable":true,"href":"https:\/\/ajeandalucia.org\/cadiz\/wp-json\/wp\/v2\/users\/4"}],"replies":[{"embeddable":true,"href":"https:\/\/ajeandalucia.org\/cadiz\/wp-json\/wp\/v2\/comments?post=573"}],"version-history":[{"count":1,"href":"https:\/\/ajeandalucia.org\/cadiz\/wp-json\/wp\/v2\/posts\/573\/revisions"}],"predecessor-version":[{"id":575,"href":"https:\/\/ajeandalucia.org\/cadiz\/wp-json\/wp\/v2\/posts\/573\/revisions\/575"}],"wp:featuredmedia":[{"embeddable":true,"href":"https:\/\/ajeandalucia.org\/cadiz\/wp-json\/wp\/v2\/media\/574"}],"wp:attachment":[{"href":"https:\/\/ajeandalucia.org\/cadiz\/wp-json\/wp\/v2\/media?parent=573"}],"wp:term":[{"taxonomy":"category","embeddable":true,"href":"https:\/\/ajeandalucia.org\/cadiz\/wp-json\/wp\/v2\/categories?post=573"},{"taxonomy":"post_tag","embeddable":true,"href":"https:\/\/ajeandalucia.org\/cadiz\/wp-json\/wp\/v2\/tags?post=573"}],"curies":[{"name":"wp","href":"https:\/\/api.w.org\/{rel}","templated":true}]}}