{"id":6326,"date":"2026-02-02T14:34:31","date_gmt":"2026-02-02T13:34:31","guid":{"rendered":"https:\/\/ajeandalucia.org\/cadiz\/?p=6326"},"modified":"2026-02-17T14:44:39","modified_gmt":"2026-02-17T13:44:39","slug":"abierta-la-edicion-26-de-los-premios-aje-cadiz-al-emprendimiento-y-la-trayectoria-empresarial","status":"publish","type":"post","link":"https:\/\/ajeandalucia.org\/cadiz\/2026\/02\/02\/abierta-la-edicion-26-de-los-premios-aje-cadiz-al-emprendimiento-y-la-trayectoria-empresarial\/","title":{"rendered":"ABIERTA LA EDICI\u00d3N 26 DE LOS PREMIOS AJE C\u00c1DIZ AL EMPRENDIMIENTO Y LA TRAYECTORIA EMPRESARIAL"},"content":{"rendered":"<ul>\n<li>Los galardones se otorgar\u00e1n en dos categor\u00edas: Iniciativa Emprendedora y Trayectoria Empresarial<\/li>\n<li>El plazo de presentaci\u00f3n de candidaturas ya se encuentra abierto y la convocatoria culminar\u00e1 con un acto de entrega de premios en el mes de mayo<\/li>\n<\/ul>\n<p>&nbsp;<\/p>\n<p>La Asociaci\u00f3n de J\u00f3venes Empresarios de C\u00e1diz (AJE C\u00e1diz) ha abierto la edici\u00f3n 26 de los Premios AJE C\u00e1diz, una convocatoria que tiene como finalidad reconocer el talento, la creatividad y el liderazgo de los j\u00f3venes empresarios y emprendedores de la regi\u00f3n.<\/p>\n<p>Bajo el lema \u201cTrayectorias e Iniciativas de \u00c9xito\u201d, los galardones vuelven a poner el foco en proyectos que aportan valor y contribuyen al desarrollo econ\u00f3mico de Andaluc\u00eda a trav\u00e9s de dos categor\u00edas:<\/p>\n<ul>\n<li>Iniciativa Emprendedora: destinada a iniciativas innovadoras que han sabido afrontar retos relevantes y generar una aportaci\u00f3n positiva al entorno y a la sociedad.<\/li>\n<li>Trayectoria Empresarial: orientada a empresas andaluzas que han consolidado resultados y han dejado una impronta destacada en su \u00e1mbito, sirviendo adem\u00e1s como referencia para futuras generaciones.<\/li>\n<\/ul>\n<p><strong>Fases de la convocatoria<\/strong><\/p>\n<p>El proceso mantiene su estructura habitual en dos etapas. En primer lugar, una fase provincial que se desarrollar\u00e1 entre los meses de enero y mayo y estar\u00e1 liderado por cada una de las ocho AJEs andaluzas. Posteriormente, los proyectos reconocidos en cada territorio pasar\u00e1n a la fase regional, que culminar\u00e1 con un acto de entrega de premios en junio.<\/p>\n<p>Las candidaturas ya pueden presentarse en\u00a0<a href=\"https:\/\/www.ajeandalucia.org\/premios-aje-andalucia\">www.ajeandalucia.org\/premios-aje-andalucia<\/a>, espacio donde se recoge toda la informaci\u00f3n necesaria para concurrir a cualquiera de las dos modalidades de los Premios AJE Andaluc\u00eda: bases, requisitos, plazos de presentaci\u00f3n de candidaturas, premios -provinciales y regionales- y fechas clave.<\/p>\n<p><strong>Unos premios de recorrido y relevancia en el ecosistema emprendedor<\/strong><\/p>\n<p>A lo largo de los \u00faltimos veintis\u00e9is a\u00f1os, los Premios AJE Andaluc\u00eda se han consolidado como un referente en el ecosistema emprendedor, reconociendo empresas que han transformado sus sectores y generado impacto. En la \u00faltima edici\u00f3n, proyectos como Transandalus\u00a0y\u00a0Sonora Intelligence fueron galardonados por su innovaci\u00f3n, crecimiento sostenido y contribuci\u00f3n al entorno.<\/p>\n<p>\u201cEdici\u00f3n tras edici\u00f3n, los Premios AJE Andaluc\u00eda han servido para poner en primer plano a quienes est\u00e1n construyendo empresa en nuestra comunidad. Reflejan el recorrido del emprendimiento joven andaluz y representan un impuso a su visibilidad, su conexi\u00f3n con el mercado y su crecimiento\u201d ha destacado F\u00e9lix Almagro, presidente de AJE Andaluc\u00eda.<\/p>\n<p>&nbsp;<\/p>\n<p><strong>\u00a0<\/strong><\/p>\n","protected":false},"excerpt":{"rendered":"<p>Los galardones se otorgar\u00e1n en dos categor\u00edas: Iniciativa Emprendedora y Trayectoria Empresarial El plazo de presentaci\u00f3n de candidaturas ya se [&hellip;]<\/p>\n","protected":false},"author":4,"featured_media":6327,"comment_status":"closed","ping_status":"open","sticky":false,"template":"","format":"standard","meta":{"_acf_changed":false,"site-sidebar-layout":"default","site-content-layout":"","ast-site-content-layout":"default","site-content-style":"default","site-sidebar-style":"default","ast-global-header-display":"","ast-banner-title-visibility":"","ast-main-header-display":"","ast-hfb-above-header-display":"","ast-hfb-below-header-display":"","ast-hfb-mobile-header-display":"","site-post-title":"","ast-breadcrumbs-content":"","ast-featured-img":"","footer-sml-layout":"","ast-disable-related-posts":"","theme-transparent-header-meta":"default","adv-header-id-meta":"","stick-header-meta":"","header-above-stick-meta":"","header-main-stick-meta":"","header-below-stick-meta":"","astra-migrate-meta-layouts":"set","ast-page-background-enabled":"default","ast-page-background-meta":{"desktop":{"background-color":"var(--ast-global-color-5)","background-image":"","background-repeat":"repeat","background-position":"center center","background-size":"auto","background-attachment":"scroll","background-type":"","background-media":"","overlay-type":"","overlay-color":"","overlay-opacity":"","overlay-gradient":""},"tablet":{"background-color":"","background-image":"","background-repeat":"repeat","background-position":"center center","background-size":"auto","background-attachment":"scroll","background-type":"","background-media":"","overlay-type":"","overlay-color":"","overlay-opacity":"","overlay-gradient":""},"mobile":{"background-color":"","background-image":"","background-repeat":"repeat","background-position":"center center","background-size":"auto","background-attachment":"scroll","background-type":"","background-media":"","overlay-type":"","overlay-color":"","overlay-opacity":"","overlay-gradient":""}},"ast-content-background-meta":{"desktop":{"background-color":"var(--ast-global-color-4)","background-image":"","background-repeat":"repeat","background-position":"center center","background-size":"auto","background-attachment":"scroll","background-type":"","background-media":"","overlay-type":"","overlay-color":"","overlay-opacity":"","overlay-gradient":""},"tablet":{"background-color":"var(--ast-global-color-4)","background-image":"","background-repeat":"repeat","background-position":"center center","background-size":"auto","background-attachment":"scroll","background-type":"","background-media":"","overlay-type":"","overlay-color":"","overlay-opacity":"","overlay-gradient":""},"mobile":{"background-color":"var(--ast-global-color-4)","background-image":"","background-repeat":"repeat","background-position":"center center","background-size":"auto","background-attachment":"scroll","background-type":"","background-media":"","overlay-type":"","overlay-color":"","overlay-opacity":"","overlay-gradient":""}},"footnotes":""},"categories":[8],"tags":[],"class_list":["post-6326","post","type-post","status-publish","format-standard","has-post-thumbnail","hentry","category-noticias"],"acf":[],"yoast_head":"<!-- This site is optimized with the Yoast SEO plugin v26.9 - https:\/\/yoast.com\/product\/yoast-seo-wordpress\/ -->\n<title>ABIERTA LA EDICI\u00d3N 26 DE LOS PREMIOS AJE C\u00c1DIZ AL EMPRENDIMIENTO Y LA TRAYECTORIA EMPRESARIAL - AJE C\u00e1diz<\/title>\n<meta name=\"robots\" content=\"index, follow, max-snippet:-1, max-image-preview:large, max-video-preview:-1\" \/>\n<link rel=\"canonical\" href=\"https:\/\/ajeandalucia.org\/cadiz\/2026\/02\/02\/abierta-la-edicion-26-de-los-premios-aje-cadiz-al-emprendimiento-y-la-trayectoria-empresarial\/\" \/>\n<meta property=\"og:locale\" content=\"es_ES\" \/>\n<meta property=\"og:type\" content=\"article\" \/>\n<meta property=\"og:title\" content=\"ABIERTA LA EDICI\u00d3N 26 DE LOS PREMIOS AJE C\u00c1DIZ AL EMPRENDIMIENTO Y LA TRAYECTORIA EMPRESARIAL - AJE C\u00e1diz\" \/>\n<meta property=\"og:description\" content=\"Los galardones se otorgar\u00e1n en dos categor\u00edas: Iniciativa Emprendedora y Trayectoria Empresarial El plazo de presentaci\u00f3n de candidaturas ya se [&hellip;]\" \/>\n<meta property=\"og:url\" content=\"https:\/\/ajeandalucia.org\/cadiz\/2026\/02\/02\/abierta-la-edicion-26-de-los-premios-aje-cadiz-al-emprendimiento-y-la-trayectoria-empresarial\/\" \/>\n<meta property=\"og:site_name\" content=\"AJE C\u00e1diz\" \/>\n<meta property=\"article:published_time\" content=\"2026-02-02T13:34:31+00:00\" \/>\n<meta property=\"article:modified_time\" content=\"2026-02-17T13:44:39+00:00\" \/>\n<meta property=\"og:image\" content=\"http:\/\/ajeandalucia.org\/cadiz\/wp-content\/uploads\/sites\/5\/2026\/02\/Cadiz-Insta.png\" \/>\n\t<meta property=\"og:image:width\" content=\"1080\" \/>\n\t<meta property=\"og:image:height\" content=\"1080\" \/>\n\t<meta property=\"og:image:type\" content=\"image\/png\" \/>\n<meta name=\"author\" content=\"cadiz\" \/>\n<meta name=\"twitter:card\" content=\"summary_large_image\" \/>\n<meta name=\"twitter:label1\" content=\"Escrito por\" \/>\n\t<meta name=\"twitter:data1\" content=\"cadiz\" \/>\n\t<meta name=\"twitter:label2\" content=\"Tiempo de lectura\" \/>\n\t<meta name=\"twitter:data2\" content=\"2 minutos\" \/>\n<script type=\"application\/ld+json\" class=\"yoast-schema-graph\">{\"@context\":\"https:\/\/schema.org\",\"@graph\":[{\"@type\":\"Article\",\"@id\":\"https:\/\/ajeandalucia.org\/cadiz\/2026\/02\/02\/abierta-la-edicion-26-de-los-premios-aje-cadiz-al-emprendimiento-y-la-trayectoria-empresarial\/#article\",\"isPartOf\":{\"@id\":\"https:\/\/ajeandalucia.org\/cadiz\/2026\/02\/02\/abierta-la-edicion-26-de-los-premios-aje-cadiz-al-emprendimiento-y-la-trayectoria-empresarial\/\"},\"author\":{\"name\":\"cadiz\",\"@id\":\"https:\/\/ajeandalucia.org\/cadiz\/#\/schema\/person\/dce63ebda5f85792a4f3061905a9f15a\"},\"headline\":\"ABIERTA LA EDICI\u00d3N 26 DE LOS PREMIOS AJE C\u00c1DIZ AL EMPRENDIMIENTO Y LA TRAYECTORIA EMPRESARIAL\",\"datePublished\":\"2026-02-02T13:34:31+00:00\",\"dateModified\":\"2026-02-17T13:44:39+00:00\",\"mainEntityOfPage\":{\"@id\":\"https:\/\/ajeandalucia.org\/cadiz\/2026\/02\/02\/abierta-la-edicion-26-de-los-premios-aje-cadiz-al-emprendimiento-y-la-trayectoria-empresarial\/\"},\"wordCount\":435,\"publisher\":{\"@id\":\"https:\/\/ajeandalucia.org\/cadiz\/#organization\"},\"image\":{\"@id\":\"https:\/\/ajeandalucia.org\/cadiz\/2026\/02\/02\/abierta-la-edicion-26-de-los-premios-aje-cadiz-al-emprendimiento-y-la-trayectoria-empresarial\/#primaryimage\"},\"thumbnailUrl\":\"https:\/\/ajeandalucia.org\/cadiz\/wp-content\/uploads\/sites\/5\/2026\/02\/Cadiz-Insta.png\",\"articleSection\":[\"Noticias\"],\"inLanguage\":\"es\"},{\"@type\":\"WebPage\",\"@id\":\"https:\/\/ajeandalucia.org\/cadiz\/2026\/02\/02\/abierta-la-edicion-26-de-los-premios-aje-cadiz-al-emprendimiento-y-la-trayectoria-empresarial\/\",\"url\":\"https:\/\/ajeandalucia.org\/cadiz\/2026\/02\/02\/abierta-la-edicion-26-de-los-premios-aje-cadiz-al-emprendimiento-y-la-trayectoria-empresarial\/\",\"name\":\"ABIERTA LA EDICI\u00d3N 26 DE LOS PREMIOS AJE C\u00c1DIZ AL EMPRENDIMIENTO Y LA TRAYECTORIA EMPRESARIAL - AJE C\u00e1diz\",\"isPartOf\":{\"@id\":\"https:\/\/ajeandalucia.org\/cadiz\/#website\"},\"primaryImageOfPage\":{\"@id\":\"https:\/\/ajeandalucia.org\/cadiz\/2026\/02\/02\/abierta-la-edicion-26-de-los-premios-aje-cadiz-al-emprendimiento-y-la-trayectoria-empresarial\/#primaryimage\"},\"image\":{\"@id\":\"https:\/\/ajeandalucia.org\/cadiz\/2026\/02\/02\/abierta-la-edicion-26-de-los-premios-aje-cadiz-al-emprendimiento-y-la-trayectoria-empresarial\/#primaryimage\"},\"thumbnailUrl\":\"https:\/\/ajeandalucia.org\/cadiz\/wp-content\/uploads\/sites\/5\/2026\/02\/Cadiz-Insta.png\",\"datePublished\":\"2026-02-02T13:34:31+00:00\",\"dateModified\":\"2026-02-17T13:44:39+00:00\",\"breadcrumb\":{\"@id\":\"https:\/\/ajeandalucia.org\/cadiz\/2026\/02\/02\/abierta-la-edicion-26-de-los-premios-aje-cadiz-al-emprendimiento-y-la-trayectoria-empresarial\/#breadcrumb\"},\"inLanguage\":\"es\",\"potentialAction\":[{\"@type\":\"ReadAction\",\"target\":[\"https:\/\/ajeandalucia.org\/cadiz\/2026\/02\/02\/abierta-la-edicion-26-de-los-premios-aje-cadiz-al-emprendimiento-y-la-trayectoria-empresarial\/\"]}]},{\"@type\":\"ImageObject\",\"inLanguage\":\"es\",\"@id\":\"https:\/\/ajeandalucia.org\/cadiz\/2026\/02\/02\/abierta-la-edicion-26-de-los-premios-aje-cadiz-al-emprendimiento-y-la-trayectoria-empresarial\/#primaryimage\",\"url\":\"https:\/\/ajeandalucia.org\/cadiz\/wp-content\/uploads\/sites\/5\/2026\/02\/Cadiz-Insta.png\",\"contentUrl\":\"https:\/\/ajeandalucia.org\/cadiz\/wp-content\/uploads\/sites\/5\/2026\/02\/Cadiz-Insta.png\",\"width\":1080,\"height\":1080},{\"@type\":\"BreadcrumbList\",\"@id\":\"https:\/\/ajeandalucia.org\/cadiz\/2026\/02\/02\/abierta-la-edicion-26-de-los-premios-aje-cadiz-al-emprendimiento-y-la-trayectoria-empresarial\/#breadcrumb\",\"itemListElement\":[{\"@type\":\"ListItem\",\"position\":1,\"name\":\"Portada\",\"item\":\"https:\/\/ajeandalucia.org\/cadiz\/\"},{\"@type\":\"ListItem\",\"position\":2,\"name\":\"ABIERTA LA EDICI\u00d3N 26 DE LOS PREMIOS AJE C\u00c1DIZ AL EMPRENDIMIENTO Y LA TRAYECTORIA EMPRESARIAL\"}]},{\"@type\":\"WebSite\",\"@id\":\"https:\/\/ajeandalucia.org\/cadiz\/#website\",\"url\":\"https:\/\/ajeandalucia.org\/cadiz\/\",\"name\":\"AJE C\u00e1diz\",\"description\":\"Otro sitio m\u00e1s de AJE Andaluc\u00eda\",\"publisher\":{\"@id\":\"https:\/\/ajeandalucia.org\/cadiz\/#organization\"},\"potentialAction\":[{\"@type\":\"SearchAction\",\"target\":{\"@type\":\"EntryPoint\",\"urlTemplate\":\"https:\/\/ajeandalucia.org\/cadiz\/?s={search_term_string}\"},\"query-input\":{\"@type\":\"PropertyValueSpecification\",\"valueRequired\":true,\"valueName\":\"search_term_string\"}}],\"inLanguage\":\"es\"},{\"@type\":\"Organization\",\"@id\":\"https:\/\/ajeandalucia.org\/cadiz\/#organization\",\"name\":\"AJE C\u00e1diz\",\"url\":\"https:\/\/ajeandalucia.org\/cadiz\/\",\"logo\":{\"@type\":\"ImageObject\",\"inLanguage\":\"es\",\"@id\":\"https:\/\/ajeandalucia.org\/cadiz\/#\/schema\/logo\/image\/\",\"url\":\"https:\/\/ajeandalucia.org\/cadiz\/wp-content\/uploads\/sites\/5\/2025\/01\/AJE-CADIZ-horizontal.png\",\"contentUrl\":\"https:\/\/ajeandalucia.org\/cadiz\/wp-content\/uploads\/sites\/5\/2025\/01\/AJE-CADIZ-horizontal.png\",\"width\":605,\"height\":200,\"caption\":\"AJE C\u00e1diz\"},\"image\":{\"@id\":\"https:\/\/ajeandalucia.org\/cadiz\/#\/schema\/logo\/image\/\"}},{\"@type\":\"Person\",\"@id\":\"https:\/\/ajeandalucia.org\/cadiz\/#\/schema\/person\/dce63ebda5f85792a4f3061905a9f15a\",\"name\":\"cadiz\",\"image\":{\"@type\":\"ImageObject\",\"inLanguage\":\"es\",\"@id\":\"https:\/\/ajeandalucia.org\/cadiz\/#\/schema\/person\/image\/\",\"url\":\"https:\/\/secure.gravatar.com\/avatar\/e60287d271698686eba86c2f7f8485140fdb3db29714804eebe944be2ec6f47b?s=96&d=mm&r=g\",\"contentUrl\":\"https:\/\/secure.gravatar.com\/avatar\/e60287d271698686eba86c2f7f8485140fdb3db29714804eebe944be2ec6f47b?s=96&d=mm&r=g\",\"caption\":\"cadiz\"},\"url\":\"https:\/\/ajeandalucia.org\/cadiz\/author\/cadiz\/\"}]}<\/script>\n<!-- \/ Yoast SEO plugin. -->","yoast_head_json":{"title":"ABIERTA LA EDICI\u00d3N 26 DE LOS PREMIOS AJE C\u00c1DIZ AL EMPRENDIMIENTO Y LA TRAYECTORIA EMPRESARIAL - AJE C\u00e1diz","robots":{"index":"index","follow":"follow","max-snippet":"max-snippet:-1","max-image-preview":"max-image-preview:large","max-video-preview":"max-video-preview:-1"},"canonical":"https:\/\/ajeandalucia.org\/cadiz\/2026\/02\/02\/abierta-la-edicion-26-de-los-premios-aje-cadiz-al-emprendimiento-y-la-trayectoria-empresarial\/","og_locale":"es_ES","og_type":"article","og_title":"ABIERTA LA EDICI\u00d3N 26 DE LOS PREMIOS AJE C\u00c1DIZ AL EMPRENDIMIENTO Y LA TRAYECTORIA EMPRESARIAL - AJE C\u00e1diz","og_description":"Los galardones se otorgar\u00e1n en dos categor\u00edas: Iniciativa Emprendedora y Trayectoria Empresarial El plazo de presentaci\u00f3n de candidaturas ya se [&hellip;]","og_url":"https:\/\/ajeandalucia.org\/cadiz\/2026\/02\/02\/abierta-la-edicion-26-de-los-premios-aje-cadiz-al-emprendimiento-y-la-trayectoria-empresarial\/","og_site_name":"AJE C\u00e1diz","article_published_time":"2026-02-02T13:34:31+00:00","article_modified_time":"2026-02-17T13:44:39+00:00","og_image":[{"width":1080,"height":1080,"url":"http:\/\/ajeandalucia.org\/cadiz\/wp-content\/uploads\/sites\/5\/2026\/02\/Cadiz-Insta.png","type":"image\/png"}],"author":"cadiz","twitter_card":"summary_large_image","twitter_misc":{"Escrito por":"cadiz","Tiempo de lectura":"2 minutos"},"schema":{"@context":"https:\/\/schema.org","@graph":[{"@type":"Article","@id":"https:\/\/ajeandalucia.org\/cadiz\/2026\/02\/02\/abierta-la-edicion-26-de-los-premios-aje-cadiz-al-emprendimiento-y-la-trayectoria-empresarial\/#article","isPartOf":{"@id":"https:\/\/ajeandalucia.org\/cadiz\/2026\/02\/02\/abierta-la-edicion-26-de-los-premios-aje-cadiz-al-emprendimiento-y-la-trayectoria-empresarial\/"},"author":{"name":"cadiz","@id":"https:\/\/ajeandalucia.org\/cadiz\/#\/schema\/person\/dce63ebda5f85792a4f3061905a9f15a"},"headline":"ABIERTA LA EDICI\u00d3N 26 DE LOS PREMIOS AJE C\u00c1DIZ AL EMPRENDIMIENTO Y LA TRAYECTORIA EMPRESARIAL","datePublished":"2026-02-02T13:34:31+00:00","dateModified":"2026-02-17T13:44:39+00:00","mainEntityOfPage":{"@id":"https:\/\/ajeandalucia.org\/cadiz\/2026\/02\/02\/abierta-la-edicion-26-de-los-premios-aje-cadiz-al-emprendimiento-y-la-trayectoria-empresarial\/"},"wordCount":435,"publisher":{"@id":"https:\/\/ajeandalucia.org\/cadiz\/#organization"},"image":{"@id":"https:\/\/ajeandalucia.org\/cadiz\/2026\/02\/02\/abierta-la-edicion-26-de-los-premios-aje-cadiz-al-emprendimiento-y-la-trayectoria-empresarial\/#primaryimage"},"thumbnailUrl":"https:\/\/ajeandalucia.org\/cadiz\/wp-content\/uploads\/sites\/5\/2026\/02\/Cadiz-Insta.png","articleSection":["Noticias"],"inLanguage":"es"},{"@type":"WebPage","@id":"https:\/\/ajeandalucia.org\/cadiz\/2026\/02\/02\/abierta-la-edicion-26-de-los-premios-aje-cadiz-al-emprendimiento-y-la-trayectoria-empresarial\/","url":"https:\/\/ajeandalucia.org\/cadiz\/2026\/02\/02\/abierta-la-edicion-26-de-los-premios-aje-cadiz-al-emprendimiento-y-la-trayectoria-empresarial\/","name":"ABIERTA LA EDICI\u00d3N 26 DE LOS PREMIOS AJE C\u00c1DIZ AL EMPRENDIMIENTO Y LA TRAYECTORIA EMPRESARIAL - AJE C\u00e1diz","isPartOf":{"@id":"https:\/\/ajeandalucia.org\/cadiz\/#website"},"primaryImageOfPage":{"@id":"https:\/\/ajeandalucia.org\/cadiz\/2026\/02\/02\/abierta-la-edicion-26-de-los-premios-aje-cadiz-al-emprendimiento-y-la-trayectoria-empresarial\/#primaryimage"},"image":{"@id":"https:\/\/ajeandalucia.org\/cadiz\/2026\/02\/02\/abierta-la-edicion-26-de-los-premios-aje-cadiz-al-emprendimiento-y-la-trayectoria-empresarial\/#primaryimage"},"thumbnailUrl":"https:\/\/ajeandalucia.org\/cadiz\/wp-content\/uploads\/sites\/5\/2026\/02\/Cadiz-Insta.png","datePublished":"2026-02-02T13:34:31+00:00","dateModified":"2026-02-17T13:44:39+00:00","breadcrumb":{"@id":"https:\/\/ajeandalucia.org\/cadiz\/2026\/02\/02\/abierta-la-edicion-26-de-los-premios-aje-cadiz-al-emprendimiento-y-la-trayectoria-empresarial\/#breadcrumb"},"inLanguage":"es","potentialAction":[{"@type":"ReadAction","target":["https:\/\/ajeandalucia.org\/cadiz\/2026\/02\/02\/abierta-la-edicion-26-de-los-premios-aje-cadiz-al-emprendimiento-y-la-trayectoria-empresarial\/"]}]},{"@type":"ImageObject","inLanguage":"es","@id":"https:\/\/ajeandalucia.org\/cadiz\/2026\/02\/02\/abierta-la-edicion-26-de-los-premios-aje-cadiz-al-emprendimiento-y-la-trayectoria-empresarial\/#primaryimage","url":"https:\/\/ajeandalucia.org\/cadiz\/wp-content\/uploads\/sites\/5\/2026\/02\/Cadiz-Insta.png","contentUrl":"https:\/\/ajeandalucia.org\/cadiz\/wp-content\/uploads\/sites\/5\/2026\/02\/Cadiz-Insta.png","width":1080,"height":1080},{"@type":"BreadcrumbList","@id":"https:\/\/ajeandalucia.org\/cadiz\/2026\/02\/02\/abierta-la-edicion-26-de-los-premios-aje-cadiz-al-emprendimiento-y-la-trayectoria-empresarial\/#breadcrumb","itemListElement":[{"@type":"ListItem","position":1,"name":"Portada","item":"https:\/\/ajeandalucia.org\/cadiz\/"},{"@type":"ListItem","position":2,"name":"ABIERTA LA EDICI\u00d3N 26 DE LOS PREMIOS AJE C\u00c1DIZ AL EMPRENDIMIENTO Y LA TRAYECTORIA EMPRESARIAL"}]},{"@type":"WebSite","@id":"https:\/\/ajeandalucia.org\/cadiz\/#website","url":"https:\/\/ajeandalucia.org\/cadiz\/","name":"AJE C\u00e1diz","description":"Otro sitio m\u00e1s de AJE Andaluc\u00eda","publisher":{"@id":"https:\/\/ajeandalucia.org\/cadiz\/#organization"},"potentialAction":[{"@type":"SearchAction","target":{"@type":"EntryPoint","urlTemplate":"https:\/\/ajeandalucia.org\/cadiz\/?s={search_term_string}"},"query-input":{"@type":"PropertyValueSpecification","valueRequired":true,"valueName":"search_term_string"}}],"inLanguage":"es"},{"@type":"Organization","@id":"https:\/\/ajeandalucia.org\/cadiz\/#organization","name":"AJE C\u00e1diz","url":"https:\/\/ajeandalucia.org\/cadiz\/","logo":{"@type":"ImageObject","inLanguage":"es","@id":"https:\/\/ajeandalucia.org\/cadiz\/#\/schema\/logo\/image\/","url":"https:\/\/ajeandalucia.org\/cadiz\/wp-content\/uploads\/sites\/5\/2025\/01\/AJE-CADIZ-horizontal.png","contentUrl":"https:\/\/ajeandalucia.org\/cadiz\/wp-content\/uploads\/sites\/5\/2025\/01\/AJE-CADIZ-horizontal.png","width":605,"height":200,"caption":"AJE C\u00e1diz"},"image":{"@id":"https:\/\/ajeandalucia.org\/cadiz\/#\/schema\/logo\/image\/"}},{"@type":"Person","@id":"https:\/\/ajeandalucia.org\/cadiz\/#\/schema\/person\/dce63ebda5f85792a4f3061905a9f15a","name":"cadiz","image":{"@type":"ImageObject","inLanguage":"es","@id":"https:\/\/ajeandalucia.org\/cadiz\/#\/schema\/person\/image\/","url":"https:\/\/secure.gravatar.com\/avatar\/e60287d271698686eba86c2f7f8485140fdb3db29714804eebe944be2ec6f47b?s=96&d=mm&r=g","contentUrl":"https:\/\/secure.gravatar.com\/avatar\/e60287d271698686eba86c2f7f8485140fdb3db29714804eebe944be2ec6f47b?s=96&d=mm&r=g","caption":"cadiz"},"url":"https:\/\/ajeandalucia.org\/cadiz\/author\/cadiz\/"}]}},"_links":{"self":[{"href":"https:\/\/ajeandalucia.org\/cadiz\/wp-json\/wp\/v2\/posts\/6326","targetHints":{"allow":["GET"]}}],"collection":[{"href":"https:\/\/ajeandalucia.org\/cadiz\/wp-json\/wp\/v2\/posts"}],"about":[{"href":"https:\/\/ajeandalucia.org\/cadiz\/wp-json\/wp\/v2\/types\/post"}],"author":[{"embeddable":true,"href":"https:\/\/ajeandalucia.org\/cadiz\/wp-json\/wp\/v2\/users\/4"}],"replies":[{"embeddable":true,"href":"https:\/\/ajeandalucia.org\/cadiz\/wp-json\/wp\/v2\/comments?post=6326"}],"version-history":[{"count":1,"href":"https:\/\/ajeandalucia.org\/cadiz\/wp-json\/wp\/v2\/posts\/6326\/revisions"}],"predecessor-version":[{"id":6328,"href":"https:\/\/ajeandalucia.org\/cadiz\/wp-json\/wp\/v2\/posts\/6326\/revisions\/6328"}],"wp:featuredmedia":[{"embeddable":true,"href":"https:\/\/ajeandalucia.org\/cadiz\/wp-json\/wp\/v2\/media\/6327"}],"wp:attachment":[{"href":"https:\/\/ajeandalucia.org\/cadiz\/wp-json\/wp\/v2\/media?parent=6326"}],"wp:term":[{"taxonomy":"category","embeddable":true,"href":"https:\/\/ajeandalucia.org\/cadiz\/wp-json\/wp\/v2\/categories?post=6326"},{"taxonomy":"post_tag","embeddable":true,"href":"https:\/\/ajeandalucia.org\/cadiz\/wp-json\/wp\/v2\/tags?post=6326"}],"curies":[{"name":"wp","href":"https:\/\/api.w.org\/{rel}","templated":true}]}}