{"id":6352,"date":"2026-04-28T17:38:06","date_gmt":"2026-04-28T15:38:06","guid":{"rendered":"https:\/\/ajeandalucia.org\/cadiz\/?p=6352"},"modified":"2026-04-28T17:39:50","modified_gmt":"2026-04-28T15:39:50","slug":"negocios-a-la-carta-almuerzo-exclusivo-con-antonio-sanz-5-de-mayo","status":"publish","type":"post","link":"https:\/\/ajeandalucia.org\/cadiz\/2026\/04\/28\/negocios-a-la-carta-almuerzo-exclusivo-con-antonio-sanz-5-de-mayo\/","title":{"rendered":"Negocios a la Carta | Almuerzo exclusivo con Antonio Sanz \u2013 5 de mayo"},"content":{"rendered":"<p>Desde AJE C\u00e1diz os invitamos a una nueva edici\u00f3n de nuestro formato m\u00e1s exclusivo y cercano: <strong>\u201cNegocios a la Carta\u201d<\/strong>, un almuerzo empresarial pensado para compartir conversaci\u00f3n, networking e ideas en un ambiente reducido y participativo.<\/p>\n<p>En esta ocasi\u00f3n contaremos con la presencia de Antonio Sanz, una de las figuras m\u00e1s relevantes del actual Gobierno andaluz, con quien podremos conversar de forma directa sobre actualidad econ\u00f3mica, emprendimiento, empresas, inversiones y futuro empresarial de Andaluc\u00eda y la provincia de C\u00e1diz.<\/p>\n<p><img loading=\"lazy\" decoding=\"async\" class=\"size-medium wp-image-6353 alignleft\" src=\"http:\/\/ajeandalucia.org\/cadiz\/wp-content\/uploads\/sites\/5\/2026\/04\/imagen-whatsapp-antonio-sanz-300x300.jpeg\" alt=\"\" width=\"300\" height=\"300\" srcset=\"https:\/\/ajeandalucia.org\/cadiz\/wp-content\/uploads\/sites\/5\/2026\/04\/imagen-whatsapp-antonio-sanz-300x300.jpeg 300w, https:\/\/ajeandalucia.org\/cadiz\/wp-content\/uploads\/sites\/5\/2026\/04\/imagen-whatsapp-antonio-sanz-1024x1024.jpeg 1024w, https:\/\/ajeandalucia.org\/cadiz\/wp-content\/uploads\/sites\/5\/2026\/04\/imagen-whatsapp-antonio-sanz-150x150.jpeg 150w, https:\/\/ajeandalucia.org\/cadiz\/wp-content\/uploads\/sites\/5\/2026\/04\/imagen-whatsapp-antonio-sanz-768x768.jpeg 768w, https:\/\/ajeandalucia.org\/cadiz\/wp-content\/uploads\/sites\/5\/2026\/04\/imagen-whatsapp-antonio-sanz-500x500.jpeg 500w, https:\/\/ajeandalucia.org\/cadiz\/wp-content\/uploads\/sites\/5\/2026\/04\/imagen-whatsapp-antonio-sanz-600x600.jpeg 600w, https:\/\/ajeandalucia.org\/cadiz\/wp-content\/uploads\/sites\/5\/2026\/04\/imagen-whatsapp-antonio-sanz-100x100.jpeg 100w, https:\/\/ajeandalucia.org\/cadiz\/wp-content\/uploads\/sites\/5\/2026\/04\/imagen-whatsapp-antonio-sanz.jpeg 1254w\" sizes=\"auto, (max-width: 300px) 100vw, 300px\" \/>&#x1f4cd; <strong>NEGOCIOS A LA CARTA CON ANTONIO SANZ<\/strong><br \/>\n&#x1f4c5; <strong>Martes, 05 de mayo de 2026<\/strong><br \/>\n&#x1f552; <strong>14:30 h<\/strong><br \/>\n&#x1f4cc; <strong>Restaurante El Aljibe<\/strong><br \/>\nCalle Plocia, 25 \u2013 C\u00e1diz<\/p>\n<hr \/>\n<h3>PROCEDIMIENTO DE INSCRIPCI\u00d3N<\/h3>\n<p>&#x1f4b6; <strong>Precio:<\/strong><br \/>\n\u2022 Asociados AJE C\u00e1diz: 40 \u20ac<br \/>\n\u2022 No asociados: 60 \u20ac<\/p>\n<p>&#x26a0;&#xfe0f; Plazas muy limitadas para favorecer una conversaci\u00f3n cercana y din\u00e1mica entre todos los asistentes.<\/p>\n<p>&#x1f4e9; <strong>Reservas:<\/strong><br \/>\nRemitir el justificante de pago a:<br \/>\n&#x2709;&#xfe0f; <a href=\"mailto:gerencia@ajecadiz.org\" data-cke-saved-href=\"mailto:gerencia@ajecadiz.org\">gerencia@ajecadiz.org<\/a><\/p>\n<p>Inscr\u00edbete a trav\u00e9s del siguiente enlace:<br \/>\n&#x1f449;<a href=\"https:\/\/forms.gle\/oLG9nPUTVZbsZgBY7\" target=\"_blank\" rel=\"noopener\" data-cke-saved-href=\"https:\/\/forms.gle\/oLG9nPUTVZbsZgBY7\"> [ENLACE DE INSCRIPCI\u00d3N]<\/a><\/p>\n<hr \/>\n<p>&nbsp;<\/p>\n<p>(Indicar nombre del asistente en el concepto).<\/p>\n<p>&#x1f4de; M\u00e1s informaci\u00f3n: 615 990 396<br \/>\n&#x2709;&#xfe0f; <a href=\"mailto:gerencia@ajecadiz.org\" data-cke-saved-href=\"mailto:gerencia@ajecadiz.org\">gerencia@ajecadiz.org<\/a><\/p>\n<p>Os esperamos en una nueva edici\u00f3n de \u201cNegocios a la Carta\u201d, uno de los formatos m\u00e1s valorados de AJE C\u00e1diz por la cercan\u00eda, el networking y la calidad de las conversaciones que se generan.<\/p>\n<p>TE ESPERAMOS!!<\/p>\n","protected":false},"excerpt":{"rendered":"<p>Desde AJE C\u00e1diz os invitamos a una nueva edici\u00f3n de nuestro formato m\u00e1s exclusivo y cercano: \u201cNegocios a la Carta\u201d, [&hellip;]<\/p>\n","protected":false},"author":4,"featured_media":6353,"comment_status":"closed","ping_status":"open","sticky":false,"template":"","format":"standard","meta":{"_acf_changed":false,"site-sidebar-layout":"default","site-content-layout":"","ast-site-content-layout":"default","site-content-style":"default","site-sidebar-style":"default","ast-global-header-display":"","ast-banner-title-visibility":"","ast-main-header-display":"","ast-hfb-above-header-display":"","ast-hfb-below-header-display":"","ast-hfb-mobile-header-display":"","site-post-title":"","ast-breadcrumbs-content":"","ast-featured-img":"","footer-sml-layout":"","ast-disable-related-posts":"","theme-transparent-header-meta":"default","adv-header-id-meta":"","stick-header-meta":"","header-above-stick-meta":"","header-main-stick-meta":"","header-below-stick-meta":"","astra-migrate-meta-layouts":"set","ast-page-background-enabled":"default","ast-page-background-meta":{"desktop":{"background-color":"var(--ast-global-color-5)","background-image":"","background-repeat":"repeat","background-position":"center center","background-size":"auto","background-attachment":"scroll","background-type":"","background-media":"","overlay-type":"","overlay-color":"","overlay-opacity":"","overlay-gradient":""},"tablet":{"background-color":"","background-image":"","background-repeat":"repeat","background-position":"center center","background-size":"auto","background-attachment":"scroll","background-type":"","background-media":"","overlay-type":"","overlay-color":"","overlay-opacity":"","overlay-gradient":""},"mobile":{"background-color":"","background-image":"","background-repeat":"repeat","background-position":"center center","background-size":"auto","background-attachment":"scroll","background-type":"","background-media":"","overlay-type":"","overlay-color":"","overlay-opacity":"","overlay-gradient":""}},"ast-content-background-meta":{"desktop":{"background-color":"var(--ast-global-color-4)","background-image":"","background-repeat":"repeat","background-position":"center center","background-size":"auto","background-attachment":"scroll","background-type":"","background-media":"","overlay-type":"","overlay-color":"","overlay-opacity":"","overlay-gradient":""},"tablet":{"background-color":"var(--ast-global-color-4)","background-image":"","background-repeat":"repeat","background-position":"center center","background-size":"auto","background-attachment":"scroll","background-type":"","background-media":"","overlay-type":"","overlay-color":"","overlay-opacity":"","overlay-gradient":""},"mobile":{"background-color":"var(--ast-global-color-4)","background-image":"","background-repeat":"repeat","background-position":"center center","background-size":"auto","background-attachment":"scroll","background-type":"","background-media":"","overlay-type":"","overlay-color":"","overlay-opacity":"","overlay-gradient":""}},"footnotes":""},"categories":[8],"tags":[],"class_list":["post-6352","post","type-post","status-publish","format-standard","has-post-thumbnail","hentry","category-noticias"],"acf":[],"yoast_head":"<!-- This site is optimized with the Yoast SEO plugin v26.9 - https:\/\/yoast.com\/product\/yoast-seo-wordpress\/ -->\n<title>Negocios a la Carta | Almuerzo exclusivo con Antonio Sanz \u2013 5 de mayo - AJE C\u00e1diz<\/title>\n<meta name=\"robots\" content=\"index, follow, max-snippet:-1, max-image-preview:large, max-video-preview:-1\" \/>\n<link rel=\"canonical\" href=\"https:\/\/ajeandalucia.org\/cadiz\/2026\/04\/28\/negocios-a-la-carta-almuerzo-exclusivo-con-antonio-sanz-5-de-mayo\/\" \/>\n<meta property=\"og:locale\" content=\"es_ES\" \/>\n<meta property=\"og:type\" content=\"article\" \/>\n<meta property=\"og:title\" content=\"Negocios a la Carta | Almuerzo exclusivo con Antonio Sanz \u2013 5 de mayo - AJE C\u00e1diz\" \/>\n<meta property=\"og:description\" content=\"Desde AJE C\u00e1diz os invitamos a una nueva edici\u00f3n de nuestro formato m\u00e1s exclusivo y cercano: \u201cNegocios a la Carta\u201d, [&hellip;]\" \/>\n<meta property=\"og:url\" content=\"https:\/\/ajeandalucia.org\/cadiz\/2026\/04\/28\/negocios-a-la-carta-almuerzo-exclusivo-con-antonio-sanz-5-de-mayo\/\" \/>\n<meta property=\"og:site_name\" content=\"AJE C\u00e1diz\" \/>\n<meta property=\"article:published_time\" content=\"2026-04-28T15:38:06+00:00\" \/>\n<meta property=\"article:modified_time\" content=\"2026-04-28T15:39:50+00:00\" \/>\n<meta property=\"og:image\" content=\"http:\/\/ajeandalucia.org\/cadiz\/wp-content\/uploads\/sites\/5\/2026\/04\/imagen-whatsapp-antonio-sanz.jpeg\" \/>\n\t<meta property=\"og:image:width\" content=\"1254\" \/>\n\t<meta property=\"og:image:height\" content=\"1254\" \/>\n\t<meta property=\"og:image:type\" content=\"image\/jpeg\" \/>\n<meta name=\"author\" content=\"cadiz\" \/>\n<meta name=\"twitter:card\" content=\"summary_large_image\" \/>\n<meta name=\"twitter:label1\" content=\"Escrito por\" \/>\n\t<meta name=\"twitter:data1\" content=\"cadiz\" \/>\n\t<meta name=\"twitter:label2\" content=\"Tiempo de lectura\" \/>\n\t<meta name=\"twitter:data2\" content=\"2 minutos\" \/>\n<script type=\"application\/ld+json\" class=\"yoast-schema-graph\">{\"@context\":\"https:\/\/schema.org\",\"@graph\":[{\"@type\":\"Article\",\"@id\":\"https:\/\/ajeandalucia.org\/cadiz\/2026\/04\/28\/negocios-a-la-carta-almuerzo-exclusivo-con-antonio-sanz-5-de-mayo\/#article\",\"isPartOf\":{\"@id\":\"https:\/\/ajeandalucia.org\/cadiz\/2026\/04\/28\/negocios-a-la-carta-almuerzo-exclusivo-con-antonio-sanz-5-de-mayo\/\"},\"author\":{\"name\":\"cadiz\",\"@id\":\"https:\/\/ajeandalucia.org\/cadiz\/#\/schema\/person\/dce63ebda5f85792a4f3061905a9f15a\"},\"headline\":\"Negocios a la Carta | Almuerzo exclusivo con Antonio Sanz \u2013 5 de mayo\",\"datePublished\":\"2026-04-28T15:38:06+00:00\",\"dateModified\":\"2026-04-28T15:39:50+00:00\",\"mainEntityOfPage\":{\"@id\":\"https:\/\/ajeandalucia.org\/cadiz\/2026\/04\/28\/negocios-a-la-carta-almuerzo-exclusivo-con-antonio-sanz-5-de-mayo\/\"},\"wordCount\":254,\"publisher\":{\"@id\":\"https:\/\/ajeandalucia.org\/cadiz\/#organization\"},\"image\":{\"@id\":\"https:\/\/ajeandalucia.org\/cadiz\/2026\/04\/28\/negocios-a-la-carta-almuerzo-exclusivo-con-antonio-sanz-5-de-mayo\/#primaryimage\"},\"thumbnailUrl\":\"https:\/\/ajeandalucia.org\/cadiz\/wp-content\/uploads\/sites\/5\/2026\/04\/imagen-whatsapp-antonio-sanz.jpeg\",\"articleSection\":[\"Noticias\"],\"inLanguage\":\"es\"},{\"@type\":\"WebPage\",\"@id\":\"https:\/\/ajeandalucia.org\/cadiz\/2026\/04\/28\/negocios-a-la-carta-almuerzo-exclusivo-con-antonio-sanz-5-de-mayo\/\",\"url\":\"https:\/\/ajeandalucia.org\/cadiz\/2026\/04\/28\/negocios-a-la-carta-almuerzo-exclusivo-con-antonio-sanz-5-de-mayo\/\",\"name\":\"Negocios a la Carta | Almuerzo exclusivo con Antonio Sanz \u2013 5 de mayo - AJE C\u00e1diz\",\"isPartOf\":{\"@id\":\"https:\/\/ajeandalucia.org\/cadiz\/#website\"},\"primaryImageOfPage\":{\"@id\":\"https:\/\/ajeandalucia.org\/cadiz\/2026\/04\/28\/negocios-a-la-carta-almuerzo-exclusivo-con-antonio-sanz-5-de-mayo\/#primaryimage\"},\"image\":{\"@id\":\"https:\/\/ajeandalucia.org\/cadiz\/2026\/04\/28\/negocios-a-la-carta-almuerzo-exclusivo-con-antonio-sanz-5-de-mayo\/#primaryimage\"},\"thumbnailUrl\":\"https:\/\/ajeandalucia.org\/cadiz\/wp-content\/uploads\/sites\/5\/2026\/04\/imagen-whatsapp-antonio-sanz.jpeg\",\"datePublished\":\"2026-04-28T15:38:06+00:00\",\"dateModified\":\"2026-04-28T15:39:50+00:00\",\"breadcrumb\":{\"@id\":\"https:\/\/ajeandalucia.org\/cadiz\/2026\/04\/28\/negocios-a-la-carta-almuerzo-exclusivo-con-antonio-sanz-5-de-mayo\/#breadcrumb\"},\"inLanguage\":\"es\",\"potentialAction\":[{\"@type\":\"ReadAction\",\"target\":[\"https:\/\/ajeandalucia.org\/cadiz\/2026\/04\/28\/negocios-a-la-carta-almuerzo-exclusivo-con-antonio-sanz-5-de-mayo\/\"]}]},{\"@type\":\"ImageObject\",\"inLanguage\":\"es\",\"@id\":\"https:\/\/ajeandalucia.org\/cadiz\/2026\/04\/28\/negocios-a-la-carta-almuerzo-exclusivo-con-antonio-sanz-5-de-mayo\/#primaryimage\",\"url\":\"https:\/\/ajeandalucia.org\/cadiz\/wp-content\/uploads\/sites\/5\/2026\/04\/imagen-whatsapp-antonio-sanz.jpeg\",\"contentUrl\":\"https:\/\/ajeandalucia.org\/cadiz\/wp-content\/uploads\/sites\/5\/2026\/04\/imagen-whatsapp-antonio-sanz.jpeg\",\"width\":1254,\"height\":1254},{\"@type\":\"BreadcrumbList\",\"@id\":\"https:\/\/ajeandalucia.org\/cadiz\/2026\/04\/28\/negocios-a-la-carta-almuerzo-exclusivo-con-antonio-sanz-5-de-mayo\/#breadcrumb\",\"itemListElement\":[{\"@type\":\"ListItem\",\"position\":1,\"name\":\"Portada\",\"item\":\"https:\/\/ajeandalucia.org\/cadiz\/\"},{\"@type\":\"ListItem\",\"position\":2,\"name\":\"Negocios a la Carta | Almuerzo exclusivo con Antonio Sanz \u2013 5 de mayo\"}]},{\"@type\":\"WebSite\",\"@id\":\"https:\/\/ajeandalucia.org\/cadiz\/#website\",\"url\":\"https:\/\/ajeandalucia.org\/cadiz\/\",\"name\":\"AJE C\u00e1diz\",\"description\":\"Otro sitio m\u00e1s de AJE Andaluc\u00eda\",\"publisher\":{\"@id\":\"https:\/\/ajeandalucia.org\/cadiz\/#organization\"},\"potentialAction\":[{\"@type\":\"SearchAction\",\"target\":{\"@type\":\"EntryPoint\",\"urlTemplate\":\"https:\/\/ajeandalucia.org\/cadiz\/?s={search_term_string}\"},\"query-input\":{\"@type\":\"PropertyValueSpecification\",\"valueRequired\":true,\"valueName\":\"search_term_string\"}}],\"inLanguage\":\"es\"},{\"@type\":\"Organization\",\"@id\":\"https:\/\/ajeandalucia.org\/cadiz\/#organization\",\"name\":\"AJE C\u00e1diz\",\"url\":\"https:\/\/ajeandalucia.org\/cadiz\/\",\"logo\":{\"@type\":\"ImageObject\",\"inLanguage\":\"es\",\"@id\":\"https:\/\/ajeandalucia.org\/cadiz\/#\/schema\/logo\/image\/\",\"url\":\"https:\/\/ajeandalucia.org\/cadiz\/wp-content\/uploads\/sites\/5\/2025\/01\/AJE-CADIZ-horizontal.png\",\"contentUrl\":\"https:\/\/ajeandalucia.org\/cadiz\/wp-content\/uploads\/sites\/5\/2025\/01\/AJE-CADIZ-horizontal.png\",\"width\":605,\"height\":200,\"caption\":\"AJE C\u00e1diz\"},\"image\":{\"@id\":\"https:\/\/ajeandalucia.org\/cadiz\/#\/schema\/logo\/image\/\"}},{\"@type\":\"Person\",\"@id\":\"https:\/\/ajeandalucia.org\/cadiz\/#\/schema\/person\/dce63ebda5f85792a4f3061905a9f15a\",\"name\":\"cadiz\",\"image\":{\"@type\":\"ImageObject\",\"inLanguage\":\"es\",\"@id\":\"https:\/\/ajeandalucia.org\/cadiz\/#\/schema\/person\/image\/\",\"url\":\"https:\/\/secure.gravatar.com\/avatar\/e60287d271698686eba86c2f7f8485140fdb3db29714804eebe944be2ec6f47b?s=96&d=mm&r=g\",\"contentUrl\":\"https:\/\/secure.gravatar.com\/avatar\/e60287d271698686eba86c2f7f8485140fdb3db29714804eebe944be2ec6f47b?s=96&d=mm&r=g\",\"caption\":\"cadiz\"},\"url\":\"https:\/\/ajeandalucia.org\/cadiz\/author\/cadiz\/\"}]}<\/script>\n<!-- \/ Yoast SEO plugin. -->","yoast_head_json":{"title":"Negocios a la Carta | Almuerzo exclusivo con Antonio Sanz \u2013 5 de mayo - AJE C\u00e1diz","robots":{"index":"index","follow":"follow","max-snippet":"max-snippet:-1","max-image-preview":"max-image-preview:large","max-video-preview":"max-video-preview:-1"},"canonical":"https:\/\/ajeandalucia.org\/cadiz\/2026\/04\/28\/negocios-a-la-carta-almuerzo-exclusivo-con-antonio-sanz-5-de-mayo\/","og_locale":"es_ES","og_type":"article","og_title":"Negocios a la Carta | Almuerzo exclusivo con Antonio Sanz \u2013 5 de mayo - AJE C\u00e1diz","og_description":"Desde AJE C\u00e1diz os invitamos a una nueva edici\u00f3n de nuestro formato m\u00e1s exclusivo y cercano: \u201cNegocios a la Carta\u201d, [&hellip;]","og_url":"https:\/\/ajeandalucia.org\/cadiz\/2026\/04\/28\/negocios-a-la-carta-almuerzo-exclusivo-con-antonio-sanz-5-de-mayo\/","og_site_name":"AJE C\u00e1diz","article_published_time":"2026-04-28T15:38:06+00:00","article_modified_time":"2026-04-28T15:39:50+00:00","og_image":[{"width":1254,"height":1254,"url":"http:\/\/ajeandalucia.org\/cadiz\/wp-content\/uploads\/sites\/5\/2026\/04\/imagen-whatsapp-antonio-sanz.jpeg","type":"image\/jpeg"}],"author":"cadiz","twitter_card":"summary_large_image","twitter_misc":{"Escrito por":"cadiz","Tiempo de lectura":"2 minutos"},"schema":{"@context":"https:\/\/schema.org","@graph":[{"@type":"Article","@id":"https:\/\/ajeandalucia.org\/cadiz\/2026\/04\/28\/negocios-a-la-carta-almuerzo-exclusivo-con-antonio-sanz-5-de-mayo\/#article","isPartOf":{"@id":"https:\/\/ajeandalucia.org\/cadiz\/2026\/04\/28\/negocios-a-la-carta-almuerzo-exclusivo-con-antonio-sanz-5-de-mayo\/"},"author":{"name":"cadiz","@id":"https:\/\/ajeandalucia.org\/cadiz\/#\/schema\/person\/dce63ebda5f85792a4f3061905a9f15a"},"headline":"Negocios a la Carta | Almuerzo exclusivo con Antonio Sanz \u2013 5 de mayo","datePublished":"2026-04-28T15:38:06+00:00","dateModified":"2026-04-28T15:39:50+00:00","mainEntityOfPage":{"@id":"https:\/\/ajeandalucia.org\/cadiz\/2026\/04\/28\/negocios-a-la-carta-almuerzo-exclusivo-con-antonio-sanz-5-de-mayo\/"},"wordCount":254,"publisher":{"@id":"https:\/\/ajeandalucia.org\/cadiz\/#organization"},"image":{"@id":"https:\/\/ajeandalucia.org\/cadiz\/2026\/04\/28\/negocios-a-la-carta-almuerzo-exclusivo-con-antonio-sanz-5-de-mayo\/#primaryimage"},"thumbnailUrl":"https:\/\/ajeandalucia.org\/cadiz\/wp-content\/uploads\/sites\/5\/2026\/04\/imagen-whatsapp-antonio-sanz.jpeg","articleSection":["Noticias"],"inLanguage":"es"},{"@type":"WebPage","@id":"https:\/\/ajeandalucia.org\/cadiz\/2026\/04\/28\/negocios-a-la-carta-almuerzo-exclusivo-con-antonio-sanz-5-de-mayo\/","url":"https:\/\/ajeandalucia.org\/cadiz\/2026\/04\/28\/negocios-a-la-carta-almuerzo-exclusivo-con-antonio-sanz-5-de-mayo\/","name":"Negocios a la Carta | Almuerzo exclusivo con Antonio Sanz \u2013 5 de mayo - AJE C\u00e1diz","isPartOf":{"@id":"https:\/\/ajeandalucia.org\/cadiz\/#website"},"primaryImageOfPage":{"@id":"https:\/\/ajeandalucia.org\/cadiz\/2026\/04\/28\/negocios-a-la-carta-almuerzo-exclusivo-con-antonio-sanz-5-de-mayo\/#primaryimage"},"image":{"@id":"https:\/\/ajeandalucia.org\/cadiz\/2026\/04\/28\/negocios-a-la-carta-almuerzo-exclusivo-con-antonio-sanz-5-de-mayo\/#primaryimage"},"thumbnailUrl":"https:\/\/ajeandalucia.org\/cadiz\/wp-content\/uploads\/sites\/5\/2026\/04\/imagen-whatsapp-antonio-sanz.jpeg","datePublished":"2026-04-28T15:38:06+00:00","dateModified":"2026-04-28T15:39:50+00:00","breadcrumb":{"@id":"https:\/\/ajeandalucia.org\/cadiz\/2026\/04\/28\/negocios-a-la-carta-almuerzo-exclusivo-con-antonio-sanz-5-de-mayo\/#breadcrumb"},"inLanguage":"es","potentialAction":[{"@type":"ReadAction","target":["https:\/\/ajeandalucia.org\/cadiz\/2026\/04\/28\/negocios-a-la-carta-almuerzo-exclusivo-con-antonio-sanz-5-de-mayo\/"]}]},{"@type":"ImageObject","inLanguage":"es","@id":"https:\/\/ajeandalucia.org\/cadiz\/2026\/04\/28\/negocios-a-la-carta-almuerzo-exclusivo-con-antonio-sanz-5-de-mayo\/#primaryimage","url":"https:\/\/ajeandalucia.org\/cadiz\/wp-content\/uploads\/sites\/5\/2026\/04\/imagen-whatsapp-antonio-sanz.jpeg","contentUrl":"https:\/\/ajeandalucia.org\/cadiz\/wp-content\/uploads\/sites\/5\/2026\/04\/imagen-whatsapp-antonio-sanz.jpeg","width":1254,"height":1254},{"@type":"BreadcrumbList","@id":"https:\/\/ajeandalucia.org\/cadiz\/2026\/04\/28\/negocios-a-la-carta-almuerzo-exclusivo-con-antonio-sanz-5-de-mayo\/#breadcrumb","itemListElement":[{"@type":"ListItem","position":1,"name":"Portada","item":"https:\/\/ajeandalucia.org\/cadiz\/"},{"@type":"ListItem","position":2,"name":"Negocios a la Carta | Almuerzo exclusivo con Antonio Sanz \u2013 5 de mayo"}]},{"@type":"WebSite","@id":"https:\/\/ajeandalucia.org\/cadiz\/#website","url":"https:\/\/ajeandalucia.org\/cadiz\/","name":"AJE C\u00e1diz","description":"Otro sitio m\u00e1s de AJE Andaluc\u00eda","publisher":{"@id":"https:\/\/ajeandalucia.org\/cadiz\/#organization"},"potentialAction":[{"@type":"SearchAction","target":{"@type":"EntryPoint","urlTemplate":"https:\/\/ajeandalucia.org\/cadiz\/?s={search_term_string}"},"query-input":{"@type":"PropertyValueSpecification","valueRequired":true,"valueName":"search_term_string"}}],"inLanguage":"es"},{"@type":"Organization","@id":"https:\/\/ajeandalucia.org\/cadiz\/#organization","name":"AJE C\u00e1diz","url":"https:\/\/ajeandalucia.org\/cadiz\/","logo":{"@type":"ImageObject","inLanguage":"es","@id":"https:\/\/ajeandalucia.org\/cadiz\/#\/schema\/logo\/image\/","url":"https:\/\/ajeandalucia.org\/cadiz\/wp-content\/uploads\/sites\/5\/2025\/01\/AJE-CADIZ-horizontal.png","contentUrl":"https:\/\/ajeandalucia.org\/cadiz\/wp-content\/uploads\/sites\/5\/2025\/01\/AJE-CADIZ-horizontal.png","width":605,"height":200,"caption":"AJE C\u00e1diz"},"image":{"@id":"https:\/\/ajeandalucia.org\/cadiz\/#\/schema\/logo\/image\/"}},{"@type":"Person","@id":"https:\/\/ajeandalucia.org\/cadiz\/#\/schema\/person\/dce63ebda5f85792a4f3061905a9f15a","name":"cadiz","image":{"@type":"ImageObject","inLanguage":"es","@id":"https:\/\/ajeandalucia.org\/cadiz\/#\/schema\/person\/image\/","url":"https:\/\/secure.gravatar.com\/avatar\/e60287d271698686eba86c2f7f8485140fdb3db29714804eebe944be2ec6f47b?s=96&d=mm&r=g","contentUrl":"https:\/\/secure.gravatar.com\/avatar\/e60287d271698686eba86c2f7f8485140fdb3db29714804eebe944be2ec6f47b?s=96&d=mm&r=g","caption":"cadiz"},"url":"https:\/\/ajeandalucia.org\/cadiz\/author\/cadiz\/"}]}},"_links":{"self":[{"href":"https:\/\/ajeandalucia.org\/cadiz\/wp-json\/wp\/v2\/posts\/6352","targetHints":{"allow":["GET"]}}],"collection":[{"href":"https:\/\/ajeandalucia.org\/cadiz\/wp-json\/wp\/v2\/posts"}],"about":[{"href":"https:\/\/ajeandalucia.org\/cadiz\/wp-json\/wp\/v2\/types\/post"}],"author":[{"embeddable":true,"href":"https:\/\/ajeandalucia.org\/cadiz\/wp-json\/wp\/v2\/users\/4"}],"replies":[{"embeddable":true,"href":"https:\/\/ajeandalucia.org\/cadiz\/wp-json\/wp\/v2\/comments?post=6352"}],"version-history":[{"count":2,"href":"https:\/\/ajeandalucia.org\/cadiz\/wp-json\/wp\/v2\/posts\/6352\/revisions"}],"predecessor-version":[{"id":6355,"href":"https:\/\/ajeandalucia.org\/cadiz\/wp-json\/wp\/v2\/posts\/6352\/revisions\/6355"}],"wp:featuredmedia":[{"embeddable":true,"href":"https:\/\/ajeandalucia.org\/cadiz\/wp-json\/wp\/v2\/media\/6353"}],"wp:attachment":[{"href":"https:\/\/ajeandalucia.org\/cadiz\/wp-json\/wp\/v2\/media?parent=6352"}],"wp:term":[{"taxonomy":"category","embeddable":true,"href":"https:\/\/ajeandalucia.org\/cadiz\/wp-json\/wp\/v2\/categories?post=6352"},{"taxonomy":"post_tag","embeddable":true,"href":"https:\/\/ajeandalucia.org\/cadiz\/wp-json\/wp\/v2\/tags?post=6352"}],"curies":[{"name":"wp","href":"https:\/\/api.w.org\/{rel}","templated":true}]}}