{"id":765,"date":"2018-02-01T14:06:46","date_gmt":"2018-02-01T14:06:46","guid":{"rendered":"http:\/\/www.ajeandalucia.org\/cadiz\/?p=765"},"modified":"2018-02-01T14:11:44","modified_gmt":"2018-02-01T14:11:44","slug":"premios-al-talento-de-cooperativas-jovenes-emprendedores-y-empresarias","status":"publish","type":"post","link":"https:\/\/ajeandalucia.org\/cadiz\/2018\/02\/01\/premios-al-talento-de-cooperativas-jovenes-emprendedores-y-empresarias\/","title":{"rendered":"Premios al talento de cooperativas, j\u00f3venes emprendedores y empresarias"},"content":{"rendered":"<p><strong>Diputaci\u00f3n<\/strong>, en el actual mandato que preside\u00a0<strong>Irene Garc\u00eda<\/strong>, mantiene una estrategia de concertaci\u00f3n con los colectivos empresariales de la\u00a0<strong>provincia de C\u00e1diz<\/strong>. Esa alianza aporta resultados concretos en los denominados\u00a0<strong>Planes Estrat\u00e9gicos de Desarrollo Socioecon\u00f3mico y Empresarial<\/strong>, que se aplican desde el a\u00f1o 2016. En esos programas, financiados por Diputaci\u00f3n, se incluyen acciones formativas, la constituci\u00f3n de unidades de fomento empresarial, talleres en centros educativos para alentar nuevas vocaciones empresariales as\u00ed como programas de aprendizaje en sectores demandados por el mercado de trabajo que conllevan formaci\u00f3n especializada y pr\u00e1cticas en empresas.<\/p>\n<p>Estos Planes tambi\u00e9n amparan la convocatoria de premios para reconocer nuevos negocios que demuestren su viabilidad econ\u00f3mica e incidencia social, que confirmen su car\u00e1cter innovador o acrediten una trayectoria consolidada. La presidenta de Diputaci\u00f3n, Irene Garc\u00eda, y la vicepresidenta del\u00a0<strong>IEDT<\/strong>\u00a0y responsable de Empleo en la instituci\u00f3n provincial,\u00a0<strong>Ana Carrera<\/strong>, han entregado los premios de la edici\u00f3n de 2017 conforme a las convocatorias organizadas \u2013en sus respectivos \u00e1mbitos- por la\u00a0<strong>Federaci\u00f3n Andaluza de Empresas Cooperativas<\/strong>\u00a0(Faecta), la\u00a0<strong>Asociaci\u00f3n de J\u00f3venes Empresarios<\/strong>\u00a0(AJE) y\u00a0<strong>la Asociaci\u00f3n de Mujeres Empresarias y Profesionales<\/strong>\u00a0(Amep). En la ceremonia han intervenido los titulares de cada uno de estos colectivos:\u00a0<strong>Gema Garc\u00eda Berm\u00fadez<\/strong>\u00a0en representaci\u00f3n de Amep;\u00a0<strong>Antonio G\u00f3mez Pern\u00eda<\/strong>, de Faecta y\u00a0<strong>Juan Antonio Mart\u00ednez Romero<\/strong>, de AJE.<\/p>\n<p>Diputaci\u00f3n ha dedicado\u00a0<strong>9.000 euros<\/strong>\u00a0a estos premios (3.000 para cada uno de los \u00e1mbitos profesionales convocados). La relaci\u00f3n de firmas distinguidas es la siguiente:<\/p>\n<p>Cooperativas (Faecta).-<\/p>\n<ul>\n<li>En este \u00e1mbito se ha reconocido como mejor iniciativa con menos de cinco a\u00f1os de existencia a la cooperativa tur\u00edstica\u00a0<strong>Conil Hospeda<\/strong>.\u00a0<strong>Antonio S\u00e1nchez Mar\u00edn<\/strong>\u00a0ha recogido el premio.<\/li>\n<li>La firma\u00a0<strong>La Cocotera<\/strong>, promovida por la entidad\u00a0<strong>Comparte Tarifa<\/strong>, se ha hecho acreedora al premio a la cooperativa m\u00e1s innovadora por gestionar un alojamiento orientado a los denominados n\u00f3madas digitales. Recibi\u00f3 la distinci\u00f3n\u00a0<strong>Ver\u00f3nica Trivi\u00f1o<\/strong>.<\/li>\n<li>El reconocimiento a la trayectoria consolidada lo ha obtenido\u00a0<strong>Ambulancias Barbate<\/strong>. El premio lo ha recibido\u00a0<strong>Juana Utrera<\/strong>.<\/li>\n<\/ul>\n<p>Negocios promovidos por j\u00f3venes (AJE).-<\/p>\n<ul>\n<li>La distinci\u00f3n por su valor social la obtiene la firma de\u00a0<strong>San Fernando<\/strong>\u00a0\u2018<strong>Healthy Blue Bits\u2019<\/strong>, del sector de la salud.\u00a0<strong>Manuel Escobar<\/strong>\u00a0ha recogido el premio.<\/li>\n<li>La empresa editora\u00a0<strong>Mira Comunicaci\u00f3n<\/strong>, radicada en\u00a0<strong>Jerez<\/strong>, se alza con el premio a mejor iniciativa.\u00a0<strong>Jaime N\u00fa\u00f1ez Cabeza<\/strong>\u00a0ha recibido la distinci\u00f3n.<\/li>\n<li>Y el premio a la trayectoria consolidada se concede a \u2018<strong>Ayuda T Pymes\u2019<\/strong>, de\u00a0<strong>El Puerto de Santa Mar\u00eda<\/strong>, dedicada al \u00e1mbito de la consultor\u00eda para empresas.\u00a0<strong>Alfredo P\u00e9rez Guerrero<\/strong>\u00a0ha recibido el premio.<\/li>\n<\/ul>\n<p>Premios a empresarias (Amep).-<\/p>\n<ul>\n<li>La firma\u00a0<strong>Gastrokook<\/strong>, asentada en\u00a0<strong>Castellar<\/strong>, logra el premio a mejor iniciativa de emprendimiento por abrir un negocio de pasteler\u00eda de vanguardia.\u00a0<strong>Lorena Barroso<\/strong>\u00a0ha recibido la distinci\u00f3n.<\/li>\n<li>A la empresa\u00a0<strong>Love Bodas y Eventos<\/strong>, de\u00a0<strong>C\u00e1diz,<\/strong>\u00a0se le concede el premio a la consolidaci\u00f3n empresarial tras confirmar su acierto en el terreno del dise\u00f1o y organizaci\u00f3n de bodas y eventos.\u00a0<strong>Alicia P\u00e9rez Fopiani<\/strong>\u00a0ha recogido el galard\u00f3n.<\/li>\n<li>La distinci\u00f3n a la trayectoria empresarial recae en\u00a0<strong>Tapeca<\/strong>, dedicada a la divulgaci\u00f3n del patrimonio hist\u00f3rico y arqueol\u00f3gico. Ha recibido el premio\u00a0<strong>Nuria Herrero Lapaz<\/strong>.<\/li>\n<\/ul>\n<p>Amep tambi\u00e9n ha entregado menciones a otros negocios valorados:\u00a0<strong>Aguaviento<\/strong>, establecido en\u00a0<strong>Los Barrios<\/strong>;\u00a0<strong>Arte Terapia<\/strong>, de\u00a0<strong>San Fernando<\/strong>\u00a0(ha recogido la distinci\u00f3n Cristina Gonz\u00e1lez), y\u00a0<strong>Centro de Estudios Afen<\/strong>, de\u00a0<strong>San Fernando<\/strong>\u00a0(ha recibido la menci\u00f3n\u00a0<strong>\u00c1frica Iglesias Barber\u00e1<\/strong>).<\/p>\n<p>Irene Garc\u00eda ha valorado los resultados de la alianza forjada entre Diputaci\u00f3n y las distintas organizaciones empresariales \u201ca las que pedimos ayuda para extender la imagen real de la provincia de C\u00e1diz\u201d. Una imagen que, seg\u00fan ha insistido la presidenta de Diputaci\u00f3n, debe reflejar \u201cel talento de la provincia de C\u00e1diz\u201d. Un territorio que tiene revelar su capacidad innovadora, \u201csuperando los t\u00f3picos\u201d.<\/p>\n<p>La presidenta de Diputaci\u00f3n argument\u00f3 sus impresiones con datos objetivos: C\u00e1diz, junto a otras dos provincias, lider\u00f3 en 2017 la relaci\u00f3n de nuevas iniciativas empresariales en Andaluc\u00eda; pese al estigma del paro, en dos a\u00f1os la cifra de personas en desempleo \u2013seg\u00fan los \u00faltimos registros de la Encuesta de Poblaci\u00f3n Activa- se ha reducido en un 21%; y m\u00e1s del 60 por ciento de los nuevos negocios constituidos est\u00e1n liderados por j\u00f3venes.<\/p>\n<p>Por tanto \u201chay muchos elementos para hablar bien y que nos lo creamos\u201d, valor\u00f3 Irene Garc\u00eda, \u201csi bien necesitamos muchas m\u00e1s empresas\u201d y para lograr ese objetivo se activan programas como los Planes Estrat\u00e9gicos de Desarrollo Socioecon\u00f3mico que aportan una planificaci\u00f3n rigurosa gracias a la asistencia especializada de las organizaciones empresariales. Una pauta y una metodolog\u00eda para insistir en los \u00e1mbitos de mayor demanda laboral y en los sectores estrat\u00e9gicos que abren nuevas oportunidades.<\/p>\n","protected":false},"excerpt":{"rendered":"<p>Diputaci\u00f3n, en el actual mandato que preside\u00a0Irene Garc\u00eda, mantiene una estrategia de concertaci\u00f3n con los colectivos empresariales de la\u00a0provincia de [&hellip;]<\/p>\n","protected":false},"author":4,"featured_media":766,"comment_status":"open","ping_status":"open","sticky":false,"template":"","format":"standard","meta":{"_acf_changed":false,"site-sidebar-layout":"default","site-content-layout":"","ast-site-content-layout":"default","site-content-style":"default","site-sidebar-style":"default","ast-global-header-display":"","ast-banner-title-visibility":"","ast-main-header-display":"","ast-hfb-above-header-display":"","ast-hfb-below-header-display":"","ast-hfb-mobile-header-display":"","site-post-title":"","ast-breadcrumbs-content":"","ast-featured-img":"","footer-sml-layout":"","ast-disable-related-posts":"","theme-transparent-header-meta":"","adv-header-id-meta":"","stick-header-meta":"","header-above-stick-meta":"","header-main-stick-meta":"","header-below-stick-meta":"","astra-migrate-meta-layouts":"default","ast-page-background-enabled":"default","ast-page-background-meta":{"desktop":{"background-color":"var(--ast-global-color-5)","background-image":"","background-repeat":"repeat","background-position":"center center","background-size":"auto","background-attachment":"scroll","background-type":"","background-media":"","overlay-type":"","overlay-color":"","overlay-opacity":"","overlay-gradient":""},"tablet":{"background-color":"","background-image":"","background-repeat":"repeat","background-position":"center center","background-size":"auto","background-attachment":"scroll","background-type":"","background-media":"","overlay-type":"","overlay-color":"","overlay-opacity":"","overlay-gradient":""},"mobile":{"background-color":"","background-image":"","background-repeat":"repeat","background-position":"center center","background-size":"auto","background-attachment":"scroll","background-type":"","background-media":"","overlay-type":"","overlay-color":"","overlay-opacity":"","overlay-gradient":""}},"ast-content-background-meta":{"desktop":{"background-color":"var(--ast-global-color-4)","background-image":"","background-repeat":"repeat","background-position":"center center","background-size":"auto","background-attachment":"scroll","background-type":"","background-media":"","overlay-type":"","overlay-color":"","overlay-opacity":"","overlay-gradient":""},"tablet":{"background-color":"var(--ast-global-color-4)","background-image":"","background-repeat":"repeat","background-position":"center center","background-size":"auto","background-attachment":"scroll","background-type":"","background-media":"","overlay-type":"","overlay-color":"","overlay-opacity":"","overlay-gradient":""},"mobile":{"background-color":"var(--ast-global-color-4)","background-image":"","background-repeat":"repeat","background-position":"center center","background-size":"auto","background-attachment":"scroll","background-type":"","background-media":"","overlay-type":"","overlay-color":"","overlay-opacity":"","overlay-gradient":""}},"footnotes":""},"categories":[8],"tags":[],"class_list":["post-765","post","type-post","status-publish","format-standard","has-post-thumbnail","hentry","category-noticias"],"acf":[],"yoast_head":"<!-- This site is optimized with the Yoast SEO plugin v26.9 - https:\/\/yoast.com\/product\/yoast-seo-wordpress\/ -->\n<title>Premios al talento de cooperativas, j\u00f3venes emprendedores y empresarias - AJE C\u00e1diz<\/title>\n<meta name=\"robots\" content=\"index, follow, max-snippet:-1, max-image-preview:large, max-video-preview:-1\" \/>\n<link rel=\"canonical\" href=\"https:\/\/ajeandalucia.org\/cadiz\/2018\/02\/01\/premios-al-talento-de-cooperativas-jovenes-emprendedores-y-empresarias\/\" \/>\n<meta property=\"og:locale\" content=\"es_ES\" \/>\n<meta property=\"og:type\" content=\"article\" \/>\n<meta property=\"og:title\" content=\"Premios al talento de cooperativas, j\u00f3venes emprendedores y empresarias - AJE C\u00e1diz\" \/>\n<meta property=\"og:description\" content=\"Diputaci\u00f3n, en el actual mandato que preside\u00a0Irene Garc\u00eda, mantiene una estrategia de concertaci\u00f3n con los colectivos empresariales de la\u00a0provincia de [&hellip;]\" \/>\n<meta property=\"og:url\" content=\"https:\/\/ajeandalucia.org\/cadiz\/2018\/02\/01\/premios-al-talento-de-cooperativas-jovenes-emprendedores-y-empresarias\/\" \/>\n<meta property=\"og:site_name\" content=\"AJE C\u00e1diz\" \/>\n<meta property=\"article:published_time\" content=\"2018-02-01T14:06:46+00:00\" \/>\n<meta property=\"article:modified_time\" content=\"2018-02-01T14:11:44+00:00\" \/>\n<meta property=\"og:image\" content=\"https:\/\/ajeandalucia.org\/cadiz\/wp-content\/uploads\/sites\/5\/2018\/02\/foto-familia-premios-cadizTIC.jpg\" \/>\n\t<meta property=\"og:image:width\" content=\"1496\" \/>\n\t<meta property=\"og:image:height\" content=\"1024\" \/>\n\t<meta property=\"og:image:type\" content=\"image\/jpeg\" \/>\n<meta name=\"author\" content=\"cadiz\" \/>\n<meta name=\"twitter:card\" content=\"summary_large_image\" \/>\n<meta name=\"twitter:label1\" content=\"Escrito por\" \/>\n\t<meta name=\"twitter:data1\" content=\"cadiz\" \/>\n\t<meta name=\"twitter:label2\" content=\"Tiempo de lectura\" \/>\n\t<meta name=\"twitter:data2\" content=\"4 minutos\" \/>\n<script type=\"application\/ld+json\" class=\"yoast-schema-graph\">{\"@context\":\"https:\/\/schema.org\",\"@graph\":[{\"@type\":\"Article\",\"@id\":\"https:\/\/ajeandalucia.org\/cadiz\/2018\/02\/01\/premios-al-talento-de-cooperativas-jovenes-emprendedores-y-empresarias\/#article\",\"isPartOf\":{\"@id\":\"https:\/\/ajeandalucia.org\/cadiz\/2018\/02\/01\/premios-al-talento-de-cooperativas-jovenes-emprendedores-y-empresarias\/\"},\"author\":{\"name\":\"cadiz\",\"@id\":\"https:\/\/ajeandalucia.org\/cadiz\/#\/schema\/person\/dce63ebda5f85792a4f3061905a9f15a\"},\"headline\":\"Premios al talento de cooperativas, j\u00f3venes emprendedores y empresarias\",\"datePublished\":\"2018-02-01T14:06:46+00:00\",\"dateModified\":\"2018-02-01T14:11:44+00:00\",\"mainEntityOfPage\":{\"@id\":\"https:\/\/ajeandalucia.org\/cadiz\/2018\/02\/01\/premios-al-talento-de-cooperativas-jovenes-emprendedores-y-empresarias\/\"},\"wordCount\":853,\"commentCount\":0,\"publisher\":{\"@id\":\"https:\/\/ajeandalucia.org\/cadiz\/#organization\"},\"image\":{\"@id\":\"https:\/\/ajeandalucia.org\/cadiz\/2018\/02\/01\/premios-al-talento-de-cooperativas-jovenes-emprendedores-y-empresarias\/#primaryimage\"},\"thumbnailUrl\":\"https:\/\/ajeandalucia.org\/cadiz\/wp-content\/uploads\/sites\/5\/2018\/02\/foto-familia-premios-cadizTIC.jpg\",\"articleSection\":[\"Noticias\"],\"inLanguage\":\"es\",\"potentialAction\":[{\"@type\":\"CommentAction\",\"name\":\"Comment\",\"target\":[\"https:\/\/ajeandalucia.org\/cadiz\/2018\/02\/01\/premios-al-talento-de-cooperativas-jovenes-emprendedores-y-empresarias\/#respond\"]}]},{\"@type\":\"WebPage\",\"@id\":\"https:\/\/ajeandalucia.org\/cadiz\/2018\/02\/01\/premios-al-talento-de-cooperativas-jovenes-emprendedores-y-empresarias\/\",\"url\":\"https:\/\/ajeandalucia.org\/cadiz\/2018\/02\/01\/premios-al-talento-de-cooperativas-jovenes-emprendedores-y-empresarias\/\",\"name\":\"Premios al talento de cooperativas, j\u00f3venes emprendedores y empresarias - AJE C\u00e1diz\",\"isPartOf\":{\"@id\":\"https:\/\/ajeandalucia.org\/cadiz\/#website\"},\"primaryImageOfPage\":{\"@id\":\"https:\/\/ajeandalucia.org\/cadiz\/2018\/02\/01\/premios-al-talento-de-cooperativas-jovenes-emprendedores-y-empresarias\/#primaryimage\"},\"image\":{\"@id\":\"https:\/\/ajeandalucia.org\/cadiz\/2018\/02\/01\/premios-al-talento-de-cooperativas-jovenes-emprendedores-y-empresarias\/#primaryimage\"},\"thumbnailUrl\":\"https:\/\/ajeandalucia.org\/cadiz\/wp-content\/uploads\/sites\/5\/2018\/02\/foto-familia-premios-cadizTIC.jpg\",\"datePublished\":\"2018-02-01T14:06:46+00:00\",\"dateModified\":\"2018-02-01T14:11:44+00:00\",\"breadcrumb\":{\"@id\":\"https:\/\/ajeandalucia.org\/cadiz\/2018\/02\/01\/premios-al-talento-de-cooperativas-jovenes-emprendedores-y-empresarias\/#breadcrumb\"},\"inLanguage\":\"es\",\"potentialAction\":[{\"@type\":\"ReadAction\",\"target\":[\"https:\/\/ajeandalucia.org\/cadiz\/2018\/02\/01\/premios-al-talento-de-cooperativas-jovenes-emprendedores-y-empresarias\/\"]}]},{\"@type\":\"ImageObject\",\"inLanguage\":\"es\",\"@id\":\"https:\/\/ajeandalucia.org\/cadiz\/2018\/02\/01\/premios-al-talento-de-cooperativas-jovenes-emprendedores-y-empresarias\/#primaryimage\",\"url\":\"https:\/\/ajeandalucia.org\/cadiz\/wp-content\/uploads\/sites\/5\/2018\/02\/foto-familia-premios-cadizTIC.jpg\",\"contentUrl\":\"https:\/\/ajeandalucia.org\/cadiz\/wp-content\/uploads\/sites\/5\/2018\/02\/foto-familia-premios-cadizTIC.jpg\",\"width\":1496,\"height\":1024},{\"@type\":\"BreadcrumbList\",\"@id\":\"https:\/\/ajeandalucia.org\/cadiz\/2018\/02\/01\/premios-al-talento-de-cooperativas-jovenes-emprendedores-y-empresarias\/#breadcrumb\",\"itemListElement\":[{\"@type\":\"ListItem\",\"position\":1,\"name\":\"Portada\",\"item\":\"https:\/\/ajeandalucia.org\/cadiz\/\"},{\"@type\":\"ListItem\",\"position\":2,\"name\":\"Premios al talento de cooperativas, j\u00f3venes emprendedores y empresarias\"}]},{\"@type\":\"WebSite\",\"@id\":\"https:\/\/ajeandalucia.org\/cadiz\/#website\",\"url\":\"https:\/\/ajeandalucia.org\/cadiz\/\",\"name\":\"AJE C\u00e1diz\",\"description\":\"Otro sitio m\u00e1s de AJE Andaluc\u00eda\",\"publisher\":{\"@id\":\"https:\/\/ajeandalucia.org\/cadiz\/#organization\"},\"potentialAction\":[{\"@type\":\"SearchAction\",\"target\":{\"@type\":\"EntryPoint\",\"urlTemplate\":\"https:\/\/ajeandalucia.org\/cadiz\/?s={search_term_string}\"},\"query-input\":{\"@type\":\"PropertyValueSpecification\",\"valueRequired\":true,\"valueName\":\"search_term_string\"}}],\"inLanguage\":\"es\"},{\"@type\":\"Organization\",\"@id\":\"https:\/\/ajeandalucia.org\/cadiz\/#organization\",\"name\":\"AJE C\u00e1diz\",\"url\":\"https:\/\/ajeandalucia.org\/cadiz\/\",\"logo\":{\"@type\":\"ImageObject\",\"inLanguage\":\"es\",\"@id\":\"https:\/\/ajeandalucia.org\/cadiz\/#\/schema\/logo\/image\/\",\"url\":\"https:\/\/ajeandalucia.org\/cadiz\/wp-content\/uploads\/sites\/5\/2025\/01\/AJE-CADIZ-horizontal.png\",\"contentUrl\":\"https:\/\/ajeandalucia.org\/cadiz\/wp-content\/uploads\/sites\/5\/2025\/01\/AJE-CADIZ-horizontal.png\",\"width\":605,\"height\":200,\"caption\":\"AJE C\u00e1diz\"},\"image\":{\"@id\":\"https:\/\/ajeandalucia.org\/cadiz\/#\/schema\/logo\/image\/\"}},{\"@type\":\"Person\",\"@id\":\"https:\/\/ajeandalucia.org\/cadiz\/#\/schema\/person\/dce63ebda5f85792a4f3061905a9f15a\",\"name\":\"cadiz\",\"image\":{\"@type\":\"ImageObject\",\"inLanguage\":\"es\",\"@id\":\"https:\/\/ajeandalucia.org\/cadiz\/#\/schema\/person\/image\/\",\"url\":\"https:\/\/secure.gravatar.com\/avatar\/e60287d271698686eba86c2f7f8485140fdb3db29714804eebe944be2ec6f47b?s=96&d=mm&r=g\",\"contentUrl\":\"https:\/\/secure.gravatar.com\/avatar\/e60287d271698686eba86c2f7f8485140fdb3db29714804eebe944be2ec6f47b?s=96&d=mm&r=g\",\"caption\":\"cadiz\"},\"url\":\"https:\/\/ajeandalucia.org\/cadiz\/author\/cadiz\/\"}]}<\/script>\n<!-- \/ Yoast SEO plugin. -->","yoast_head_json":{"title":"Premios al talento de cooperativas, j\u00f3venes emprendedores y empresarias - AJE C\u00e1diz","robots":{"index":"index","follow":"follow","max-snippet":"max-snippet:-1","max-image-preview":"max-image-preview:large","max-video-preview":"max-video-preview:-1"},"canonical":"https:\/\/ajeandalucia.org\/cadiz\/2018\/02\/01\/premios-al-talento-de-cooperativas-jovenes-emprendedores-y-empresarias\/","og_locale":"es_ES","og_type":"article","og_title":"Premios al talento de cooperativas, j\u00f3venes emprendedores y empresarias - AJE C\u00e1diz","og_description":"Diputaci\u00f3n, en el actual mandato que preside\u00a0Irene Garc\u00eda, mantiene una estrategia de concertaci\u00f3n con los colectivos empresariales de la\u00a0provincia de [&hellip;]","og_url":"https:\/\/ajeandalucia.org\/cadiz\/2018\/02\/01\/premios-al-talento-de-cooperativas-jovenes-emprendedores-y-empresarias\/","og_site_name":"AJE C\u00e1diz","article_published_time":"2018-02-01T14:06:46+00:00","article_modified_time":"2018-02-01T14:11:44+00:00","og_image":[{"width":1496,"height":1024,"url":"https:\/\/ajeandalucia.org\/cadiz\/wp-content\/uploads\/sites\/5\/2018\/02\/foto-familia-premios-cadizTIC.jpg","type":"image\/jpeg"}],"author":"cadiz","twitter_card":"summary_large_image","twitter_misc":{"Escrito por":"cadiz","Tiempo de lectura":"4 minutos"},"schema":{"@context":"https:\/\/schema.org","@graph":[{"@type":"Article","@id":"https:\/\/ajeandalucia.org\/cadiz\/2018\/02\/01\/premios-al-talento-de-cooperativas-jovenes-emprendedores-y-empresarias\/#article","isPartOf":{"@id":"https:\/\/ajeandalucia.org\/cadiz\/2018\/02\/01\/premios-al-talento-de-cooperativas-jovenes-emprendedores-y-empresarias\/"},"author":{"name":"cadiz","@id":"https:\/\/ajeandalucia.org\/cadiz\/#\/schema\/person\/dce63ebda5f85792a4f3061905a9f15a"},"headline":"Premios al talento de cooperativas, j\u00f3venes emprendedores y empresarias","datePublished":"2018-02-01T14:06:46+00:00","dateModified":"2018-02-01T14:11:44+00:00","mainEntityOfPage":{"@id":"https:\/\/ajeandalucia.org\/cadiz\/2018\/02\/01\/premios-al-talento-de-cooperativas-jovenes-emprendedores-y-empresarias\/"},"wordCount":853,"commentCount":0,"publisher":{"@id":"https:\/\/ajeandalucia.org\/cadiz\/#organization"},"image":{"@id":"https:\/\/ajeandalucia.org\/cadiz\/2018\/02\/01\/premios-al-talento-de-cooperativas-jovenes-emprendedores-y-empresarias\/#primaryimage"},"thumbnailUrl":"https:\/\/ajeandalucia.org\/cadiz\/wp-content\/uploads\/sites\/5\/2018\/02\/foto-familia-premios-cadizTIC.jpg","articleSection":["Noticias"],"inLanguage":"es","potentialAction":[{"@type":"CommentAction","name":"Comment","target":["https:\/\/ajeandalucia.org\/cadiz\/2018\/02\/01\/premios-al-talento-de-cooperativas-jovenes-emprendedores-y-empresarias\/#respond"]}]},{"@type":"WebPage","@id":"https:\/\/ajeandalucia.org\/cadiz\/2018\/02\/01\/premios-al-talento-de-cooperativas-jovenes-emprendedores-y-empresarias\/","url":"https:\/\/ajeandalucia.org\/cadiz\/2018\/02\/01\/premios-al-talento-de-cooperativas-jovenes-emprendedores-y-empresarias\/","name":"Premios al talento de cooperativas, j\u00f3venes emprendedores y empresarias - AJE C\u00e1diz","isPartOf":{"@id":"https:\/\/ajeandalucia.org\/cadiz\/#website"},"primaryImageOfPage":{"@id":"https:\/\/ajeandalucia.org\/cadiz\/2018\/02\/01\/premios-al-talento-de-cooperativas-jovenes-emprendedores-y-empresarias\/#primaryimage"},"image":{"@id":"https:\/\/ajeandalucia.org\/cadiz\/2018\/02\/01\/premios-al-talento-de-cooperativas-jovenes-emprendedores-y-empresarias\/#primaryimage"},"thumbnailUrl":"https:\/\/ajeandalucia.org\/cadiz\/wp-content\/uploads\/sites\/5\/2018\/02\/foto-familia-premios-cadizTIC.jpg","datePublished":"2018-02-01T14:06:46+00:00","dateModified":"2018-02-01T14:11:44+00:00","breadcrumb":{"@id":"https:\/\/ajeandalucia.org\/cadiz\/2018\/02\/01\/premios-al-talento-de-cooperativas-jovenes-emprendedores-y-empresarias\/#breadcrumb"},"inLanguage":"es","potentialAction":[{"@type":"ReadAction","target":["https:\/\/ajeandalucia.org\/cadiz\/2018\/02\/01\/premios-al-talento-de-cooperativas-jovenes-emprendedores-y-empresarias\/"]}]},{"@type":"ImageObject","inLanguage":"es","@id":"https:\/\/ajeandalucia.org\/cadiz\/2018\/02\/01\/premios-al-talento-de-cooperativas-jovenes-emprendedores-y-empresarias\/#primaryimage","url":"https:\/\/ajeandalucia.org\/cadiz\/wp-content\/uploads\/sites\/5\/2018\/02\/foto-familia-premios-cadizTIC.jpg","contentUrl":"https:\/\/ajeandalucia.org\/cadiz\/wp-content\/uploads\/sites\/5\/2018\/02\/foto-familia-premios-cadizTIC.jpg","width":1496,"height":1024},{"@type":"BreadcrumbList","@id":"https:\/\/ajeandalucia.org\/cadiz\/2018\/02\/01\/premios-al-talento-de-cooperativas-jovenes-emprendedores-y-empresarias\/#breadcrumb","itemListElement":[{"@type":"ListItem","position":1,"name":"Portada","item":"https:\/\/ajeandalucia.org\/cadiz\/"},{"@type":"ListItem","position":2,"name":"Premios al talento de cooperativas, j\u00f3venes emprendedores y empresarias"}]},{"@type":"WebSite","@id":"https:\/\/ajeandalucia.org\/cadiz\/#website","url":"https:\/\/ajeandalucia.org\/cadiz\/","name":"AJE C\u00e1diz","description":"Otro sitio m\u00e1s de AJE Andaluc\u00eda","publisher":{"@id":"https:\/\/ajeandalucia.org\/cadiz\/#organization"},"potentialAction":[{"@type":"SearchAction","target":{"@type":"EntryPoint","urlTemplate":"https:\/\/ajeandalucia.org\/cadiz\/?s={search_term_string}"},"query-input":{"@type":"PropertyValueSpecification","valueRequired":true,"valueName":"search_term_string"}}],"inLanguage":"es"},{"@type":"Organization","@id":"https:\/\/ajeandalucia.org\/cadiz\/#organization","name":"AJE C\u00e1diz","url":"https:\/\/ajeandalucia.org\/cadiz\/","logo":{"@type":"ImageObject","inLanguage":"es","@id":"https:\/\/ajeandalucia.org\/cadiz\/#\/schema\/logo\/image\/","url":"https:\/\/ajeandalucia.org\/cadiz\/wp-content\/uploads\/sites\/5\/2025\/01\/AJE-CADIZ-horizontal.png","contentUrl":"https:\/\/ajeandalucia.org\/cadiz\/wp-content\/uploads\/sites\/5\/2025\/01\/AJE-CADIZ-horizontal.png","width":605,"height":200,"caption":"AJE C\u00e1diz"},"image":{"@id":"https:\/\/ajeandalucia.org\/cadiz\/#\/schema\/logo\/image\/"}},{"@type":"Person","@id":"https:\/\/ajeandalucia.org\/cadiz\/#\/schema\/person\/dce63ebda5f85792a4f3061905a9f15a","name":"cadiz","image":{"@type":"ImageObject","inLanguage":"es","@id":"https:\/\/ajeandalucia.org\/cadiz\/#\/schema\/person\/image\/","url":"https:\/\/secure.gravatar.com\/avatar\/e60287d271698686eba86c2f7f8485140fdb3db29714804eebe944be2ec6f47b?s=96&d=mm&r=g","contentUrl":"https:\/\/secure.gravatar.com\/avatar\/e60287d271698686eba86c2f7f8485140fdb3db29714804eebe944be2ec6f47b?s=96&d=mm&r=g","caption":"cadiz"},"url":"https:\/\/ajeandalucia.org\/cadiz\/author\/cadiz\/"}]}},"_links":{"self":[{"href":"https:\/\/ajeandalucia.org\/cadiz\/wp-json\/wp\/v2\/posts\/765","targetHints":{"allow":["GET"]}}],"collection":[{"href":"https:\/\/ajeandalucia.org\/cadiz\/wp-json\/wp\/v2\/posts"}],"about":[{"href":"https:\/\/ajeandalucia.org\/cadiz\/wp-json\/wp\/v2\/types\/post"}],"author":[{"embeddable":true,"href":"https:\/\/ajeandalucia.org\/cadiz\/wp-json\/wp\/v2\/users\/4"}],"replies":[{"embeddable":true,"href":"https:\/\/ajeandalucia.org\/cadiz\/wp-json\/wp\/v2\/comments?post=765"}],"version-history":[{"count":1,"href":"https:\/\/ajeandalucia.org\/cadiz\/wp-json\/wp\/v2\/posts\/765\/revisions"}],"predecessor-version":[{"id":767,"href":"https:\/\/ajeandalucia.org\/cadiz\/wp-json\/wp\/v2\/posts\/765\/revisions\/767"}],"wp:featuredmedia":[{"embeddable":true,"href":"https:\/\/ajeandalucia.org\/cadiz\/wp-json\/wp\/v2\/media\/766"}],"wp:attachment":[{"href":"https:\/\/ajeandalucia.org\/cadiz\/wp-json\/wp\/v2\/media?parent=765"}],"wp:term":[{"taxonomy":"category","embeddable":true,"href":"https:\/\/ajeandalucia.org\/cadiz\/wp-json\/wp\/v2\/categories?post=765"},{"taxonomy":"post_tag","embeddable":true,"href":"https:\/\/ajeandalucia.org\/cadiz\/wp-json\/wp\/v2\/tags?post=765"}],"curies":[{"name":"wp","href":"https:\/\/api.w.org\/{rel}","templated":true}]}}