{"id":770,"date":"2018-02-15T13:09:36","date_gmt":"2018-02-15T13:09:36","guid":{"rendered":"http:\/\/www.ajeandalucia.org\/cadiz\/?p=770"},"modified":"2018-02-15T13:09:36","modified_gmt":"2018-02-15T13:09:36","slug":"la-falta-de-financiacion-es-el-mayor-problema-de-los-emprendedores","status":"publish","type":"post","link":"https:\/\/ajeandalucia.org\/cadiz\/2018\/02\/15\/la-falta-de-financiacion-es-el-mayor-problema-de-los-emprendedores\/","title":{"rendered":"&#8220;La falta de financiaci\u00f3n es el mayor problema de los emprendedores&#8221;"},"content":{"rendered":"<p class=\"mce\">El nuevo presidente de la Asociaci\u00f3n de J\u00f3venes Empresarios de la Provincia de C\u00e1diz y tesorero de la misma organizaci\u00f3n a nivel andaluz, Curro Mart\u00ednez Romero, mantuvo ayer un encuentro con la prensa de El Puerto en el restaurante Zaccar\u00eda para compartir diversas opiniones sobre la actividad empresarial joven de la ciudad.<\/p>\n<p class=\"mce\">El portuense, de 34 a\u00f1os, comenz\u00f3 su carrera como empresario en 2010, con tan s\u00f3lo 27 a\u00f1os. Actualmente es director de la firma Puertoclean, empresa dedicada a limpieza y mantenimiento. Recientemente ha sido nombrado tesorero de la AJE de C\u00e1diz (Asociaci\u00f3n de J\u00f3venes Empresarios)y tesorero de la AJE de Andaluc\u00eda. Durante el encuentro con la prensa, Mart\u00ednez opin\u00f3 sobre los emprendedores de la ciudad y las dificultades a las que un joven empresario tiene que enfrentarse para cumplir sus objetivos. &#8220;El principal problema al que se enfrentan los j\u00f3venes que quieren emprender es la financiaci\u00f3n. Las administraciones les exigen avales, que en muchas ocasiones suelen ser sus propios padres. Por este motivo, muchos de ellos desisten y optan por descartar la idea de abrir un negocio propio&#8221;, afirm\u00f3 el empresario portuense. Sin embargo, seg\u00fan Curro Mart\u00ednez, la AJE ha llegado a un acuerdo con Caixa Bank para avalar a j\u00f3venes empresarios con 25.00 0 euros.<\/p>\n<div class=\"teads-inread\">\n<div>\n<div id=\"teads0\" class=\"teads-player\"><\/div>\n<\/div>\n<\/div>\n<blockquote class=\"blockquote inset-auto\">\n<figure>&#8220;EL PUERTO TIENE LOS MISMOS PROBLEMAS CON LAS LICENCIAS QUE OTRA CIUDADES DEL PA\u00cdS&#8221;<\/figure>\n<\/blockquote>\n<p class=\"mce\">Por otro lado, tambi\u00e9n habl\u00f3 de los elevados costes a los que un aut\u00f3nomo tiene que hacer frente, &#8220;las tasas de aut\u00f3nomo son muy elevadas, unos 300 euros aproximadamente, por ello desde la AJE le trasladamos a la ministra de Empleo, F\u00e1tima B\u00e1\u00f1ez, la posibilidad de ajustar una tarifa plana de 50 euros mensuales para los j\u00f3venes aut\u00f3nomos, y al final esta tarifa fue aplicada a todos los aut\u00f3nomos de Espa\u00f1a. Dicha tarifa est\u00e1 operativa durante un a\u00f1o&#8221;, dijo el empresario portuense.<\/p>\n<p class=\"mce\">En referencia a los empresarios j\u00f3venes de El Puerto, Curro Mart\u00ednez manifest\u00f3 que &#8220;los problemas con las licencias son el mayor obst\u00e1culo para ellos y hay muchos sectores que sufren mucho, como las empresas dedicadas a la restauraci\u00f3n, pero este problema sucede en toda Espa\u00f1a. Por ello El Puerto tiene los mismo problemas que puede tener cualquier ciudad del pa\u00eds&#8221;, afirm\u00f3.<\/p>\n<p class=\"mce\">Durante esta cuarta edici\u00f3n de los Encuentros con la Prensa, se debati\u00f3 sobre la posibilidad de facilitar los tr\u00e1mites para los j\u00f3venes que desean abrir su propio negocio. El presidente de los J\u00f3venes Empresarios subray\u00f3 que desde la AJE intentan facilitar dichos tr\u00e1mites. Adem\u00e1s, ayudan a los interesados y a los miembros de la asociaci\u00f3n a disponer de cualquier informaci\u00f3n acerca de alguna gesti\u00f3n en particular: &#8220;Aqu\u00ed estamos para ayudar a los j\u00f3venes empresarios, sabemos que las dificultades son muchas y actualmente no se cuida al empresario y al emprendedor en este pa\u00eds&#8221;, concluy\u00f3 Curro Mart\u00ednez.<\/p>\n<p>http:\/\/www.diariodecadiz.es\/elpuerto\/falta-financiacion-mayor-problema-emprendedores_0_1218778565.html<\/p>\n<p>&nbsp;<\/p>\n","protected":false},"excerpt":{"rendered":"<p>El nuevo presidente de la Asociaci\u00f3n de J\u00f3venes Empresarios de la Provincia de C\u00e1diz y tesorero de la misma organizaci\u00f3n [&hellip;]<\/p>\n","protected":false},"author":4,"featured_media":771,"comment_status":"open","ping_status":"open","sticky":false,"template":"","format":"standard","meta":{"_acf_changed":false,"site-sidebar-layout":"default","site-content-layout":"","ast-site-content-layout":"default","site-content-style":"default","site-sidebar-style":"default","ast-global-header-display":"","ast-banner-title-visibility":"","ast-main-header-display":"","ast-hfb-above-header-display":"","ast-hfb-below-header-display":"","ast-hfb-mobile-header-display":"","site-post-title":"","ast-breadcrumbs-content":"","ast-featured-img":"","footer-sml-layout":"","ast-disable-related-posts":"","theme-transparent-header-meta":"","adv-header-id-meta":"","stick-header-meta":"","header-above-stick-meta":"","header-main-stick-meta":"","header-below-stick-meta":"","astra-migrate-meta-layouts":"default","ast-page-background-enabled":"default","ast-page-background-meta":{"desktop":{"background-color":"var(--ast-global-color-5)","background-image":"","background-repeat":"repeat","background-position":"center center","background-size":"auto","background-attachment":"scroll","background-type":"","background-media":"","overlay-type":"","overlay-color":"","overlay-opacity":"","overlay-gradient":""},"tablet":{"background-color":"","background-image":"","background-repeat":"repeat","background-position":"center center","background-size":"auto","background-attachment":"scroll","background-type":"","background-media":"","overlay-type":"","overlay-color":"","overlay-opacity":"","overlay-gradient":""},"mobile":{"background-color":"","background-image":"","background-repeat":"repeat","background-position":"center center","background-size":"auto","background-attachment":"scroll","background-type":"","background-media":"","overlay-type":"","overlay-color":"","overlay-opacity":"","overlay-gradient":""}},"ast-content-background-meta":{"desktop":{"background-color":"var(--ast-global-color-4)","background-image":"","background-repeat":"repeat","background-position":"center center","background-size":"auto","background-attachment":"scroll","background-type":"","background-media":"","overlay-type":"","overlay-color":"","overlay-opacity":"","overlay-gradient":""},"tablet":{"background-color":"var(--ast-global-color-4)","background-image":"","background-repeat":"repeat","background-position":"center center","background-size":"auto","background-attachment":"scroll","background-type":"","background-media":"","overlay-type":"","overlay-color":"","overlay-opacity":"","overlay-gradient":""},"mobile":{"background-color":"var(--ast-global-color-4)","background-image":"","background-repeat":"repeat","background-position":"center center","background-size":"auto","background-attachment":"scroll","background-type":"","background-media":"","overlay-type":"","overlay-color":"","overlay-opacity":"","overlay-gradient":""}},"footnotes":""},"categories":[8],"tags":[],"class_list":["post-770","post","type-post","status-publish","format-standard","has-post-thumbnail","hentry","category-noticias"],"acf":[],"yoast_head":"<!-- This site is optimized with the Yoast SEO plugin v26.9 - https:\/\/yoast.com\/product\/yoast-seo-wordpress\/ -->\n<title>&quot;La falta de financiaci\u00f3n es el mayor problema de los emprendedores&quot; - AJE C\u00e1diz<\/title>\n<meta name=\"robots\" content=\"index, follow, max-snippet:-1, max-image-preview:large, max-video-preview:-1\" \/>\n<link rel=\"canonical\" href=\"https:\/\/ajeandalucia.org\/cadiz\/2018\/02\/15\/la-falta-de-financiacion-es-el-mayor-problema-de-los-emprendedores\/\" \/>\n<meta property=\"og:locale\" content=\"es_ES\" \/>\n<meta property=\"og:type\" content=\"article\" \/>\n<meta property=\"og:title\" content=\"&quot;La falta de financiaci\u00f3n es el mayor problema de los emprendedores&quot; - AJE C\u00e1diz\" \/>\n<meta property=\"og:description\" content=\"El nuevo presidente de la Asociaci\u00f3n de J\u00f3venes Empresarios de la Provincia de C\u00e1diz y tesorero de la misma organizaci\u00f3n [&hellip;]\" \/>\n<meta property=\"og:url\" content=\"https:\/\/ajeandalucia.org\/cadiz\/2018\/02\/15\/la-falta-de-financiacion-es-el-mayor-problema-de-los-emprendedores\/\" \/>\n<meta property=\"og:site_name\" content=\"AJE C\u00e1diz\" \/>\n<meta property=\"article:published_time\" content=\"2018-02-15T13:09:36+00:00\" \/>\n<meta property=\"og:image\" content=\"https:\/\/ajeandalucia.org\/cadiz\/wp-content\/uploads\/sites\/5\/2018\/02\/foto-curro.png\" \/>\n\t<meta property=\"og:image:width\" content=\"658\" \/>\n\t<meta property=\"og:image:height\" content=\"373\" \/>\n\t<meta property=\"og:image:type\" content=\"image\/png\" \/>\n<meta name=\"author\" content=\"cadiz\" \/>\n<meta name=\"twitter:card\" content=\"summary_large_image\" \/>\n<meta name=\"twitter:label1\" content=\"Escrito por\" \/>\n\t<meta name=\"twitter:data1\" content=\"cadiz\" \/>\n\t<meta name=\"twitter:label2\" content=\"Tiempo de lectura\" \/>\n\t<meta name=\"twitter:data2\" content=\"3 minutos\" \/>\n<script type=\"application\/ld+json\" class=\"yoast-schema-graph\">{\"@context\":\"https:\/\/schema.org\",\"@graph\":[{\"@type\":\"Article\",\"@id\":\"https:\/\/ajeandalucia.org\/cadiz\/2018\/02\/15\/la-falta-de-financiacion-es-el-mayor-problema-de-los-emprendedores\/#article\",\"isPartOf\":{\"@id\":\"https:\/\/ajeandalucia.org\/cadiz\/2018\/02\/15\/la-falta-de-financiacion-es-el-mayor-problema-de-los-emprendedores\/\"},\"author\":{\"name\":\"cadiz\",\"@id\":\"https:\/\/ajeandalucia.org\/cadiz\/#\/schema\/person\/dce63ebda5f85792a4f3061905a9f15a\"},\"headline\":\"&#8220;La falta de financiaci\u00f3n es el mayor problema de los emprendedores&#8221;\",\"datePublished\":\"2018-02-15T13:09:36+00:00\",\"mainEntityOfPage\":{\"@id\":\"https:\/\/ajeandalucia.org\/cadiz\/2018\/02\/15\/la-falta-de-financiacion-es-el-mayor-problema-de-los-emprendedores\/\"},\"wordCount\":522,\"commentCount\":0,\"publisher\":{\"@id\":\"https:\/\/ajeandalucia.org\/cadiz\/#organization\"},\"image\":{\"@id\":\"https:\/\/ajeandalucia.org\/cadiz\/2018\/02\/15\/la-falta-de-financiacion-es-el-mayor-problema-de-los-emprendedores\/#primaryimage\"},\"thumbnailUrl\":\"https:\/\/ajeandalucia.org\/cadiz\/wp-content\/uploads\/sites\/5\/2018\/02\/foto-curro.png\",\"articleSection\":[\"Noticias\"],\"inLanguage\":\"es\",\"potentialAction\":[{\"@type\":\"CommentAction\",\"name\":\"Comment\",\"target\":[\"https:\/\/ajeandalucia.org\/cadiz\/2018\/02\/15\/la-falta-de-financiacion-es-el-mayor-problema-de-los-emprendedores\/#respond\"]}]},{\"@type\":\"WebPage\",\"@id\":\"https:\/\/ajeandalucia.org\/cadiz\/2018\/02\/15\/la-falta-de-financiacion-es-el-mayor-problema-de-los-emprendedores\/\",\"url\":\"https:\/\/ajeandalucia.org\/cadiz\/2018\/02\/15\/la-falta-de-financiacion-es-el-mayor-problema-de-los-emprendedores\/\",\"name\":\"\\\"La falta de financiaci\u00f3n es el mayor problema de los emprendedores\\\" - AJE C\u00e1diz\",\"isPartOf\":{\"@id\":\"https:\/\/ajeandalucia.org\/cadiz\/#website\"},\"primaryImageOfPage\":{\"@id\":\"https:\/\/ajeandalucia.org\/cadiz\/2018\/02\/15\/la-falta-de-financiacion-es-el-mayor-problema-de-los-emprendedores\/#primaryimage\"},\"image\":{\"@id\":\"https:\/\/ajeandalucia.org\/cadiz\/2018\/02\/15\/la-falta-de-financiacion-es-el-mayor-problema-de-los-emprendedores\/#primaryimage\"},\"thumbnailUrl\":\"https:\/\/ajeandalucia.org\/cadiz\/wp-content\/uploads\/sites\/5\/2018\/02\/foto-curro.png\",\"datePublished\":\"2018-02-15T13:09:36+00:00\",\"breadcrumb\":{\"@id\":\"https:\/\/ajeandalucia.org\/cadiz\/2018\/02\/15\/la-falta-de-financiacion-es-el-mayor-problema-de-los-emprendedores\/#breadcrumb\"},\"inLanguage\":\"es\",\"potentialAction\":[{\"@type\":\"ReadAction\",\"target\":[\"https:\/\/ajeandalucia.org\/cadiz\/2018\/02\/15\/la-falta-de-financiacion-es-el-mayor-problema-de-los-emprendedores\/\"]}]},{\"@type\":\"ImageObject\",\"inLanguage\":\"es\",\"@id\":\"https:\/\/ajeandalucia.org\/cadiz\/2018\/02\/15\/la-falta-de-financiacion-es-el-mayor-problema-de-los-emprendedores\/#primaryimage\",\"url\":\"https:\/\/ajeandalucia.org\/cadiz\/wp-content\/uploads\/sites\/5\/2018\/02\/foto-curro.png\",\"contentUrl\":\"https:\/\/ajeandalucia.org\/cadiz\/wp-content\/uploads\/sites\/5\/2018\/02\/foto-curro.png\",\"width\":658,\"height\":373},{\"@type\":\"BreadcrumbList\",\"@id\":\"https:\/\/ajeandalucia.org\/cadiz\/2018\/02\/15\/la-falta-de-financiacion-es-el-mayor-problema-de-los-emprendedores\/#breadcrumb\",\"itemListElement\":[{\"@type\":\"ListItem\",\"position\":1,\"name\":\"Portada\",\"item\":\"https:\/\/ajeandalucia.org\/cadiz\/\"},{\"@type\":\"ListItem\",\"position\":2,\"name\":\"&#8220;La falta de financiaci\u00f3n es el mayor problema de los emprendedores&#8221;\"}]},{\"@type\":\"WebSite\",\"@id\":\"https:\/\/ajeandalucia.org\/cadiz\/#website\",\"url\":\"https:\/\/ajeandalucia.org\/cadiz\/\",\"name\":\"AJE C\u00e1diz\",\"description\":\"Otro sitio m\u00e1s de AJE Andaluc\u00eda\",\"publisher\":{\"@id\":\"https:\/\/ajeandalucia.org\/cadiz\/#organization\"},\"potentialAction\":[{\"@type\":\"SearchAction\",\"target\":{\"@type\":\"EntryPoint\",\"urlTemplate\":\"https:\/\/ajeandalucia.org\/cadiz\/?s={search_term_string}\"},\"query-input\":{\"@type\":\"PropertyValueSpecification\",\"valueRequired\":true,\"valueName\":\"search_term_string\"}}],\"inLanguage\":\"es\"},{\"@type\":\"Organization\",\"@id\":\"https:\/\/ajeandalucia.org\/cadiz\/#organization\",\"name\":\"AJE C\u00e1diz\",\"url\":\"https:\/\/ajeandalucia.org\/cadiz\/\",\"logo\":{\"@type\":\"ImageObject\",\"inLanguage\":\"es\",\"@id\":\"https:\/\/ajeandalucia.org\/cadiz\/#\/schema\/logo\/image\/\",\"url\":\"https:\/\/ajeandalucia.org\/cadiz\/wp-content\/uploads\/sites\/5\/2025\/01\/AJE-CADIZ-horizontal.png\",\"contentUrl\":\"https:\/\/ajeandalucia.org\/cadiz\/wp-content\/uploads\/sites\/5\/2025\/01\/AJE-CADIZ-horizontal.png\",\"width\":605,\"height\":200,\"caption\":\"AJE C\u00e1diz\"},\"image\":{\"@id\":\"https:\/\/ajeandalucia.org\/cadiz\/#\/schema\/logo\/image\/\"}},{\"@type\":\"Person\",\"@id\":\"https:\/\/ajeandalucia.org\/cadiz\/#\/schema\/person\/dce63ebda5f85792a4f3061905a9f15a\",\"name\":\"cadiz\",\"image\":{\"@type\":\"ImageObject\",\"inLanguage\":\"es\",\"@id\":\"https:\/\/ajeandalucia.org\/cadiz\/#\/schema\/person\/image\/\",\"url\":\"https:\/\/secure.gravatar.com\/avatar\/e60287d271698686eba86c2f7f8485140fdb3db29714804eebe944be2ec6f47b?s=96&d=mm&r=g\",\"contentUrl\":\"https:\/\/secure.gravatar.com\/avatar\/e60287d271698686eba86c2f7f8485140fdb3db29714804eebe944be2ec6f47b?s=96&d=mm&r=g\",\"caption\":\"cadiz\"},\"url\":\"https:\/\/ajeandalucia.org\/cadiz\/author\/cadiz\/\"}]}<\/script>\n<!-- \/ Yoast SEO plugin. -->","yoast_head_json":{"title":"\"La falta de financiaci\u00f3n es el mayor problema de los emprendedores\" - AJE C\u00e1diz","robots":{"index":"index","follow":"follow","max-snippet":"max-snippet:-1","max-image-preview":"max-image-preview:large","max-video-preview":"max-video-preview:-1"},"canonical":"https:\/\/ajeandalucia.org\/cadiz\/2018\/02\/15\/la-falta-de-financiacion-es-el-mayor-problema-de-los-emprendedores\/","og_locale":"es_ES","og_type":"article","og_title":"\"La falta de financiaci\u00f3n es el mayor problema de los emprendedores\" - AJE C\u00e1diz","og_description":"El nuevo presidente de la Asociaci\u00f3n de J\u00f3venes Empresarios de la Provincia de C\u00e1diz y tesorero de la misma organizaci\u00f3n [&hellip;]","og_url":"https:\/\/ajeandalucia.org\/cadiz\/2018\/02\/15\/la-falta-de-financiacion-es-el-mayor-problema-de-los-emprendedores\/","og_site_name":"AJE C\u00e1diz","article_published_time":"2018-02-15T13:09:36+00:00","og_image":[{"width":658,"height":373,"url":"https:\/\/ajeandalucia.org\/cadiz\/wp-content\/uploads\/sites\/5\/2018\/02\/foto-curro.png","type":"image\/png"}],"author":"cadiz","twitter_card":"summary_large_image","twitter_misc":{"Escrito por":"cadiz","Tiempo de lectura":"3 minutos"},"schema":{"@context":"https:\/\/schema.org","@graph":[{"@type":"Article","@id":"https:\/\/ajeandalucia.org\/cadiz\/2018\/02\/15\/la-falta-de-financiacion-es-el-mayor-problema-de-los-emprendedores\/#article","isPartOf":{"@id":"https:\/\/ajeandalucia.org\/cadiz\/2018\/02\/15\/la-falta-de-financiacion-es-el-mayor-problema-de-los-emprendedores\/"},"author":{"name":"cadiz","@id":"https:\/\/ajeandalucia.org\/cadiz\/#\/schema\/person\/dce63ebda5f85792a4f3061905a9f15a"},"headline":"&#8220;La falta de financiaci\u00f3n es el mayor problema de los emprendedores&#8221;","datePublished":"2018-02-15T13:09:36+00:00","mainEntityOfPage":{"@id":"https:\/\/ajeandalucia.org\/cadiz\/2018\/02\/15\/la-falta-de-financiacion-es-el-mayor-problema-de-los-emprendedores\/"},"wordCount":522,"commentCount":0,"publisher":{"@id":"https:\/\/ajeandalucia.org\/cadiz\/#organization"},"image":{"@id":"https:\/\/ajeandalucia.org\/cadiz\/2018\/02\/15\/la-falta-de-financiacion-es-el-mayor-problema-de-los-emprendedores\/#primaryimage"},"thumbnailUrl":"https:\/\/ajeandalucia.org\/cadiz\/wp-content\/uploads\/sites\/5\/2018\/02\/foto-curro.png","articleSection":["Noticias"],"inLanguage":"es","potentialAction":[{"@type":"CommentAction","name":"Comment","target":["https:\/\/ajeandalucia.org\/cadiz\/2018\/02\/15\/la-falta-de-financiacion-es-el-mayor-problema-de-los-emprendedores\/#respond"]}]},{"@type":"WebPage","@id":"https:\/\/ajeandalucia.org\/cadiz\/2018\/02\/15\/la-falta-de-financiacion-es-el-mayor-problema-de-los-emprendedores\/","url":"https:\/\/ajeandalucia.org\/cadiz\/2018\/02\/15\/la-falta-de-financiacion-es-el-mayor-problema-de-los-emprendedores\/","name":"\"La falta de financiaci\u00f3n es el mayor problema de los emprendedores\" - AJE C\u00e1diz","isPartOf":{"@id":"https:\/\/ajeandalucia.org\/cadiz\/#website"},"primaryImageOfPage":{"@id":"https:\/\/ajeandalucia.org\/cadiz\/2018\/02\/15\/la-falta-de-financiacion-es-el-mayor-problema-de-los-emprendedores\/#primaryimage"},"image":{"@id":"https:\/\/ajeandalucia.org\/cadiz\/2018\/02\/15\/la-falta-de-financiacion-es-el-mayor-problema-de-los-emprendedores\/#primaryimage"},"thumbnailUrl":"https:\/\/ajeandalucia.org\/cadiz\/wp-content\/uploads\/sites\/5\/2018\/02\/foto-curro.png","datePublished":"2018-02-15T13:09:36+00:00","breadcrumb":{"@id":"https:\/\/ajeandalucia.org\/cadiz\/2018\/02\/15\/la-falta-de-financiacion-es-el-mayor-problema-de-los-emprendedores\/#breadcrumb"},"inLanguage":"es","potentialAction":[{"@type":"ReadAction","target":["https:\/\/ajeandalucia.org\/cadiz\/2018\/02\/15\/la-falta-de-financiacion-es-el-mayor-problema-de-los-emprendedores\/"]}]},{"@type":"ImageObject","inLanguage":"es","@id":"https:\/\/ajeandalucia.org\/cadiz\/2018\/02\/15\/la-falta-de-financiacion-es-el-mayor-problema-de-los-emprendedores\/#primaryimage","url":"https:\/\/ajeandalucia.org\/cadiz\/wp-content\/uploads\/sites\/5\/2018\/02\/foto-curro.png","contentUrl":"https:\/\/ajeandalucia.org\/cadiz\/wp-content\/uploads\/sites\/5\/2018\/02\/foto-curro.png","width":658,"height":373},{"@type":"BreadcrumbList","@id":"https:\/\/ajeandalucia.org\/cadiz\/2018\/02\/15\/la-falta-de-financiacion-es-el-mayor-problema-de-los-emprendedores\/#breadcrumb","itemListElement":[{"@type":"ListItem","position":1,"name":"Portada","item":"https:\/\/ajeandalucia.org\/cadiz\/"},{"@type":"ListItem","position":2,"name":"&#8220;La falta de financiaci\u00f3n es el mayor problema de los emprendedores&#8221;"}]},{"@type":"WebSite","@id":"https:\/\/ajeandalucia.org\/cadiz\/#website","url":"https:\/\/ajeandalucia.org\/cadiz\/","name":"AJE C\u00e1diz","description":"Otro sitio m\u00e1s de AJE Andaluc\u00eda","publisher":{"@id":"https:\/\/ajeandalucia.org\/cadiz\/#organization"},"potentialAction":[{"@type":"SearchAction","target":{"@type":"EntryPoint","urlTemplate":"https:\/\/ajeandalucia.org\/cadiz\/?s={search_term_string}"},"query-input":{"@type":"PropertyValueSpecification","valueRequired":true,"valueName":"search_term_string"}}],"inLanguage":"es"},{"@type":"Organization","@id":"https:\/\/ajeandalucia.org\/cadiz\/#organization","name":"AJE C\u00e1diz","url":"https:\/\/ajeandalucia.org\/cadiz\/","logo":{"@type":"ImageObject","inLanguage":"es","@id":"https:\/\/ajeandalucia.org\/cadiz\/#\/schema\/logo\/image\/","url":"https:\/\/ajeandalucia.org\/cadiz\/wp-content\/uploads\/sites\/5\/2025\/01\/AJE-CADIZ-horizontal.png","contentUrl":"https:\/\/ajeandalucia.org\/cadiz\/wp-content\/uploads\/sites\/5\/2025\/01\/AJE-CADIZ-horizontal.png","width":605,"height":200,"caption":"AJE C\u00e1diz"},"image":{"@id":"https:\/\/ajeandalucia.org\/cadiz\/#\/schema\/logo\/image\/"}},{"@type":"Person","@id":"https:\/\/ajeandalucia.org\/cadiz\/#\/schema\/person\/dce63ebda5f85792a4f3061905a9f15a","name":"cadiz","image":{"@type":"ImageObject","inLanguage":"es","@id":"https:\/\/ajeandalucia.org\/cadiz\/#\/schema\/person\/image\/","url":"https:\/\/secure.gravatar.com\/avatar\/e60287d271698686eba86c2f7f8485140fdb3db29714804eebe944be2ec6f47b?s=96&d=mm&r=g","contentUrl":"https:\/\/secure.gravatar.com\/avatar\/e60287d271698686eba86c2f7f8485140fdb3db29714804eebe944be2ec6f47b?s=96&d=mm&r=g","caption":"cadiz"},"url":"https:\/\/ajeandalucia.org\/cadiz\/author\/cadiz\/"}]}},"_links":{"self":[{"href":"https:\/\/ajeandalucia.org\/cadiz\/wp-json\/wp\/v2\/posts\/770","targetHints":{"allow":["GET"]}}],"collection":[{"href":"https:\/\/ajeandalucia.org\/cadiz\/wp-json\/wp\/v2\/posts"}],"about":[{"href":"https:\/\/ajeandalucia.org\/cadiz\/wp-json\/wp\/v2\/types\/post"}],"author":[{"embeddable":true,"href":"https:\/\/ajeandalucia.org\/cadiz\/wp-json\/wp\/v2\/users\/4"}],"replies":[{"embeddable":true,"href":"https:\/\/ajeandalucia.org\/cadiz\/wp-json\/wp\/v2\/comments?post=770"}],"version-history":[{"count":1,"href":"https:\/\/ajeandalucia.org\/cadiz\/wp-json\/wp\/v2\/posts\/770\/revisions"}],"predecessor-version":[{"id":772,"href":"https:\/\/ajeandalucia.org\/cadiz\/wp-json\/wp\/v2\/posts\/770\/revisions\/772"}],"wp:featuredmedia":[{"embeddable":true,"href":"https:\/\/ajeandalucia.org\/cadiz\/wp-json\/wp\/v2\/media\/771"}],"wp:attachment":[{"href":"https:\/\/ajeandalucia.org\/cadiz\/wp-json\/wp\/v2\/media?parent=770"}],"wp:term":[{"taxonomy":"category","embeddable":true,"href":"https:\/\/ajeandalucia.org\/cadiz\/wp-json\/wp\/v2\/categories?post=770"},{"taxonomy":"post_tag","embeddable":true,"href":"https:\/\/ajeandalucia.org\/cadiz\/wp-json\/wp\/v2\/tags?post=770"}],"curies":[{"name":"wp","href":"https:\/\/api.w.org\/{rel}","templated":true}]}}