{"id":773,"date":"2018-02-15T13:16:20","date_gmt":"2018-02-15T13:16:20","guid":{"rendered":"http:\/\/www.ajeandalucia.org\/cadiz\/?p=773"},"modified":"2018-02-15T13:16:20","modified_gmt":"2018-02-15T13:16:20","slug":"todavia-estas-a-tiempo-de-presentar-tu-candidatura-a-los-premios-aje-2018","status":"publish","type":"post","link":"https:\/\/ajeandalucia.org\/cadiz\/2018\/02\/15\/todavia-estas-a-tiempo-de-presentar-tu-candidatura-a-los-premios-aje-2018\/","title":{"rendered":"Todav\u00eda est\u00e1s a tiempo de presentar tu candidatura a los PREMIOS AJE 2018"},"content":{"rendered":"<p>Env\u00edanos tu candidatura antes del d\u00eda 22 de febrero!<\/p>\n<p><span class=\"_5mfr _47e3\"><img loading=\"lazy\" decoding=\"async\" class=\"img\" role=\"presentation\" src=\"https:\/\/static.xx.fbcdn.net\/images\/emoji.php\/v9\/f9e\/1\/16\/27a1.png\" alt=\"\" width=\"16\" height=\"16\" \/><span class=\"_7oe\">&#x27a1;<\/span><\/span>\u00a0Premio a la TRAYECTORIA EMPRESARIAL: con el que se pretende reconocer el esfuerzo y la trayectoria empresarial de un joven o grupo de j\u00f3venes empresarios en la creaci\u00f3n de una empresa y su implantaci\u00f3n en el mercado.<span class=\"text_exposed_show\"><br \/>\n<span class=\"_5mfr _47e3\"><img loading=\"lazy\" decoding=\"async\" class=\"img\" role=\"presentation\" src=\"https:\/\/static.xx.fbcdn.net\/images\/emoji.php\/v9\/f9e\/1\/16\/27a1.png\" alt=\"\" width=\"16\" height=\"16\" \/><span class=\"_7oe\">&#x27a1;<\/span><\/span>\u00a0Premio a la INICIATIVA EMPRENDEDORA: con el que se reconoce la originalidad, innovaci\u00f3n y esfuerzo de los j\u00f3venes andaluces en la creaci\u00f3n de una empresa.<\/span><\/p>\n<p><a href=\"http:\/\/www.ajeandalucia.org\/premiosajecadiz\/\">http:\/\/www.ajeandalucia.org\/premiosajecadiz\/<\/a><\/p>\n","protected":false},"excerpt":{"rendered":"<p>Env\u00edanos tu candidatura antes del d\u00eda 22 de febrero! &#x27a1;\u00a0Premio a la TRAYECTORIA EMPRESARIAL: con el que se pretende reconocer [&hellip;]<\/p>\n","protected":false},"author":4,"featured_media":719,"comment_status":"open","ping_status":"open","sticky":false,"template":"","format":"standard","meta":{"_acf_changed":false,"site-sidebar-layout":"default","site-content-layout":"","ast-site-content-layout":"default","site-content-style":"default","site-sidebar-style":"default","ast-global-header-display":"","ast-banner-title-visibility":"","ast-main-header-display":"","ast-hfb-above-header-display":"","ast-hfb-below-header-display":"","ast-hfb-mobile-header-display":"","site-post-title":"","ast-breadcrumbs-content":"","ast-featured-img":"","footer-sml-layout":"","ast-disable-related-posts":"","theme-transparent-header-meta":"","adv-header-id-meta":"","stick-header-meta":"","header-above-stick-meta":"","header-main-stick-meta":"","header-below-stick-meta":"","astra-migrate-meta-layouts":"default","ast-page-background-enabled":"default","ast-page-background-meta":{"desktop":{"background-color":"var(--ast-global-color-5)","background-image":"","background-repeat":"repeat","background-position":"center center","background-size":"auto","background-attachment":"scroll","background-type":"","background-media":"","overlay-type":"","overlay-color":"","overlay-opacity":"","overlay-gradient":""},"tablet":{"background-color":"","background-image":"","background-repeat":"repeat","background-position":"center center","background-size":"auto","background-attachment":"scroll","background-type":"","background-media":"","overlay-type":"","overlay-color":"","overlay-opacity":"","overlay-gradient":""},"mobile":{"background-color":"","background-image":"","background-repeat":"repeat","background-position":"center center","background-size":"auto","background-attachment":"scroll","background-type":"","background-media":"","overlay-type":"","overlay-color":"","overlay-opacity":"","overlay-gradient":""}},"ast-content-background-meta":{"desktop":{"background-color":"var(--ast-global-color-4)","background-image":"","background-repeat":"repeat","background-position":"center center","background-size":"auto","background-attachment":"scroll","background-type":"","background-media":"","overlay-type":"","overlay-color":"","overlay-opacity":"","overlay-gradient":""},"tablet":{"background-color":"var(--ast-global-color-4)","background-image":"","background-repeat":"repeat","background-position":"center center","background-size":"auto","background-attachment":"scroll","background-type":"","background-media":"","overlay-type":"","overlay-color":"","overlay-opacity":"","overlay-gradient":""},"mobile":{"background-color":"var(--ast-global-color-4)","background-image":"","background-repeat":"repeat","background-position":"center center","background-size":"auto","background-attachment":"scroll","background-type":"","background-media":"","overlay-type":"","overlay-color":"","overlay-opacity":"","overlay-gradient":""}},"footnotes":""},"categories":[8],"tags":[],"class_list":["post-773","post","type-post","status-publish","format-standard","has-post-thumbnail","hentry","category-noticias"],"acf":[],"yoast_head":"<!-- This site is optimized with the Yoast SEO plugin v26.9 - https:\/\/yoast.com\/product\/yoast-seo-wordpress\/ -->\n<title>Todav\u00eda est\u00e1s a tiempo de presentar tu candidatura a los PREMIOS AJE 2018 - AJE C\u00e1diz<\/title>\n<meta name=\"robots\" content=\"index, follow, max-snippet:-1, max-image-preview:large, max-video-preview:-1\" \/>\n<link rel=\"canonical\" href=\"https:\/\/ajeandalucia.org\/cadiz\/2018\/02\/15\/todavia-estas-a-tiempo-de-presentar-tu-candidatura-a-los-premios-aje-2018\/\" \/>\n<meta property=\"og:locale\" content=\"es_ES\" \/>\n<meta property=\"og:type\" content=\"article\" \/>\n<meta property=\"og:title\" content=\"Todav\u00eda est\u00e1s a tiempo de presentar tu candidatura a los PREMIOS AJE 2018 - AJE C\u00e1diz\" \/>\n<meta property=\"og:description\" content=\"Env\u00edanos tu candidatura antes del d\u00eda 22 de febrero! &#x27a1;\u00a0Premio a la TRAYECTORIA EMPRESARIAL: con el que se pretende reconocer [&hellip;]\" \/>\n<meta property=\"og:url\" content=\"https:\/\/ajeandalucia.org\/cadiz\/2018\/02\/15\/todavia-estas-a-tiempo-de-presentar-tu-candidatura-a-los-premios-aje-2018\/\" \/>\n<meta property=\"og:site_name\" content=\"AJE C\u00e1diz\" \/>\n<meta property=\"article:published_time\" content=\"2018-02-15T13:16:20+00:00\" \/>\n<meta property=\"og:image\" content=\"https:\/\/ajeandalucia.org\/cadiz\/wp-content\/uploads\/sites\/5\/2017\/12\/CADIZ-Banner-Web.png\" \/>\n\t<meta property=\"og:image:width\" content=\"1920\" \/>\n\t<meta property=\"og:image:height\" content=\"1080\" \/>\n\t<meta property=\"og:image:type\" content=\"image\/png\" \/>\n<meta name=\"author\" content=\"cadiz\" \/>\n<meta name=\"twitter:card\" content=\"summary_large_image\" \/>\n<meta name=\"twitter:label1\" content=\"Escrito por\" \/>\n\t<meta name=\"twitter:data1\" content=\"cadiz\" \/>\n<script type=\"application\/ld+json\" class=\"yoast-schema-graph\">{\"@context\":\"https:\/\/schema.org\",\"@graph\":[{\"@type\":\"Article\",\"@id\":\"https:\/\/ajeandalucia.org\/cadiz\/2018\/02\/15\/todavia-estas-a-tiempo-de-presentar-tu-candidatura-a-los-premios-aje-2018\/#article\",\"isPartOf\":{\"@id\":\"https:\/\/ajeandalucia.org\/cadiz\/2018\/02\/15\/todavia-estas-a-tiempo-de-presentar-tu-candidatura-a-los-premios-aje-2018\/\"},\"author\":{\"name\":\"cadiz\",\"@id\":\"https:\/\/ajeandalucia.org\/cadiz\/#\/schema\/person\/dce63ebda5f85792a4f3061905a9f15a\"},\"headline\":\"Todav\u00eda est\u00e1s a tiempo de presentar tu candidatura a los PREMIOS AJE 2018\",\"datePublished\":\"2018-02-15T13:16:20+00:00\",\"mainEntityOfPage\":{\"@id\":\"https:\/\/ajeandalucia.org\/cadiz\/2018\/02\/15\/todavia-estas-a-tiempo-de-presentar-tu-candidatura-a-los-premios-aje-2018\/\"},\"wordCount\":101,\"commentCount\":0,\"publisher\":{\"@id\":\"https:\/\/ajeandalucia.org\/cadiz\/#organization\"},\"image\":{\"@id\":\"https:\/\/ajeandalucia.org\/cadiz\/2018\/02\/15\/todavia-estas-a-tiempo-de-presentar-tu-candidatura-a-los-premios-aje-2018\/#primaryimage\"},\"thumbnailUrl\":\"https:\/\/ajeandalucia.org\/cadiz\/wp-content\/uploads\/sites\/5\/2017\/12\/CADIZ-Banner-Web.png\",\"articleSection\":[\"Noticias\"],\"inLanguage\":\"es\",\"potentialAction\":[{\"@type\":\"CommentAction\",\"name\":\"Comment\",\"target\":[\"https:\/\/ajeandalucia.org\/cadiz\/2018\/02\/15\/todavia-estas-a-tiempo-de-presentar-tu-candidatura-a-los-premios-aje-2018\/#respond\"]}]},{\"@type\":\"WebPage\",\"@id\":\"https:\/\/ajeandalucia.org\/cadiz\/2018\/02\/15\/todavia-estas-a-tiempo-de-presentar-tu-candidatura-a-los-premios-aje-2018\/\",\"url\":\"https:\/\/ajeandalucia.org\/cadiz\/2018\/02\/15\/todavia-estas-a-tiempo-de-presentar-tu-candidatura-a-los-premios-aje-2018\/\",\"name\":\"Todav\u00eda est\u00e1s a tiempo de presentar tu candidatura a los PREMIOS AJE 2018 - AJE C\u00e1diz\",\"isPartOf\":{\"@id\":\"https:\/\/ajeandalucia.org\/cadiz\/#website\"},\"primaryImageOfPage\":{\"@id\":\"https:\/\/ajeandalucia.org\/cadiz\/2018\/02\/15\/todavia-estas-a-tiempo-de-presentar-tu-candidatura-a-los-premios-aje-2018\/#primaryimage\"},\"image\":{\"@id\":\"https:\/\/ajeandalucia.org\/cadiz\/2018\/02\/15\/todavia-estas-a-tiempo-de-presentar-tu-candidatura-a-los-premios-aje-2018\/#primaryimage\"},\"thumbnailUrl\":\"https:\/\/ajeandalucia.org\/cadiz\/wp-content\/uploads\/sites\/5\/2017\/12\/CADIZ-Banner-Web.png\",\"datePublished\":\"2018-02-15T13:16:20+00:00\",\"breadcrumb\":{\"@id\":\"https:\/\/ajeandalucia.org\/cadiz\/2018\/02\/15\/todavia-estas-a-tiempo-de-presentar-tu-candidatura-a-los-premios-aje-2018\/#breadcrumb\"},\"inLanguage\":\"es\",\"potentialAction\":[{\"@type\":\"ReadAction\",\"target\":[\"https:\/\/ajeandalucia.org\/cadiz\/2018\/02\/15\/todavia-estas-a-tiempo-de-presentar-tu-candidatura-a-los-premios-aje-2018\/\"]}]},{\"@type\":\"ImageObject\",\"inLanguage\":\"es\",\"@id\":\"https:\/\/ajeandalucia.org\/cadiz\/2018\/02\/15\/todavia-estas-a-tiempo-de-presentar-tu-candidatura-a-los-premios-aje-2018\/#primaryimage\",\"url\":\"https:\/\/ajeandalucia.org\/cadiz\/wp-content\/uploads\/sites\/5\/2017\/12\/CADIZ-Banner-Web.png\",\"contentUrl\":\"https:\/\/ajeandalucia.org\/cadiz\/wp-content\/uploads\/sites\/5\/2017\/12\/CADIZ-Banner-Web.png\",\"width\":1920,\"height\":1080},{\"@type\":\"BreadcrumbList\",\"@id\":\"https:\/\/ajeandalucia.org\/cadiz\/2018\/02\/15\/todavia-estas-a-tiempo-de-presentar-tu-candidatura-a-los-premios-aje-2018\/#breadcrumb\",\"itemListElement\":[{\"@type\":\"ListItem\",\"position\":1,\"name\":\"Portada\",\"item\":\"https:\/\/ajeandalucia.org\/cadiz\/\"},{\"@type\":\"ListItem\",\"position\":2,\"name\":\"Todav\u00eda est\u00e1s a tiempo de presentar tu candidatura a los PREMIOS AJE 2018\"}]},{\"@type\":\"WebSite\",\"@id\":\"https:\/\/ajeandalucia.org\/cadiz\/#website\",\"url\":\"https:\/\/ajeandalucia.org\/cadiz\/\",\"name\":\"AJE C\u00e1diz\",\"description\":\"Otro sitio m\u00e1s de AJE Andaluc\u00eda\",\"publisher\":{\"@id\":\"https:\/\/ajeandalucia.org\/cadiz\/#organization\"},\"potentialAction\":[{\"@type\":\"SearchAction\",\"target\":{\"@type\":\"EntryPoint\",\"urlTemplate\":\"https:\/\/ajeandalucia.org\/cadiz\/?s={search_term_string}\"},\"query-input\":{\"@type\":\"PropertyValueSpecification\",\"valueRequired\":true,\"valueName\":\"search_term_string\"}}],\"inLanguage\":\"es\"},{\"@type\":\"Organization\",\"@id\":\"https:\/\/ajeandalucia.org\/cadiz\/#organization\",\"name\":\"AJE C\u00e1diz\",\"url\":\"https:\/\/ajeandalucia.org\/cadiz\/\",\"logo\":{\"@type\":\"ImageObject\",\"inLanguage\":\"es\",\"@id\":\"https:\/\/ajeandalucia.org\/cadiz\/#\/schema\/logo\/image\/\",\"url\":\"https:\/\/ajeandalucia.org\/cadiz\/wp-content\/uploads\/sites\/5\/2025\/01\/AJE-CADIZ-horizontal.png\",\"contentUrl\":\"https:\/\/ajeandalucia.org\/cadiz\/wp-content\/uploads\/sites\/5\/2025\/01\/AJE-CADIZ-horizontal.png\",\"width\":605,\"height\":200,\"caption\":\"AJE C\u00e1diz\"},\"image\":{\"@id\":\"https:\/\/ajeandalucia.org\/cadiz\/#\/schema\/logo\/image\/\"}},{\"@type\":\"Person\",\"@id\":\"https:\/\/ajeandalucia.org\/cadiz\/#\/schema\/person\/dce63ebda5f85792a4f3061905a9f15a\",\"name\":\"cadiz\",\"image\":{\"@type\":\"ImageObject\",\"inLanguage\":\"es\",\"@id\":\"https:\/\/ajeandalucia.org\/cadiz\/#\/schema\/person\/image\/\",\"url\":\"https:\/\/secure.gravatar.com\/avatar\/e60287d271698686eba86c2f7f8485140fdb3db29714804eebe944be2ec6f47b?s=96&d=mm&r=g\",\"contentUrl\":\"https:\/\/secure.gravatar.com\/avatar\/e60287d271698686eba86c2f7f8485140fdb3db29714804eebe944be2ec6f47b?s=96&d=mm&r=g\",\"caption\":\"cadiz\"},\"url\":\"https:\/\/ajeandalucia.org\/cadiz\/author\/cadiz\/\"}]}<\/script>\n<!-- \/ Yoast SEO plugin. -->","yoast_head_json":{"title":"Todav\u00eda est\u00e1s a tiempo de presentar tu candidatura a los PREMIOS AJE 2018 - AJE C\u00e1diz","robots":{"index":"index","follow":"follow","max-snippet":"max-snippet:-1","max-image-preview":"max-image-preview:large","max-video-preview":"max-video-preview:-1"},"canonical":"https:\/\/ajeandalucia.org\/cadiz\/2018\/02\/15\/todavia-estas-a-tiempo-de-presentar-tu-candidatura-a-los-premios-aje-2018\/","og_locale":"es_ES","og_type":"article","og_title":"Todav\u00eda est\u00e1s a tiempo de presentar tu candidatura a los PREMIOS AJE 2018 - AJE C\u00e1diz","og_description":"Env\u00edanos tu candidatura antes del d\u00eda 22 de febrero! &#x27a1;\u00a0Premio a la TRAYECTORIA EMPRESARIAL: con el que se pretende reconocer [&hellip;]","og_url":"https:\/\/ajeandalucia.org\/cadiz\/2018\/02\/15\/todavia-estas-a-tiempo-de-presentar-tu-candidatura-a-los-premios-aje-2018\/","og_site_name":"AJE C\u00e1diz","article_published_time":"2018-02-15T13:16:20+00:00","og_image":[{"width":1920,"height":1080,"url":"https:\/\/ajeandalucia.org\/cadiz\/wp-content\/uploads\/sites\/5\/2017\/12\/CADIZ-Banner-Web.png","type":"image\/png"}],"author":"cadiz","twitter_card":"summary_large_image","twitter_misc":{"Escrito por":"cadiz"},"schema":{"@context":"https:\/\/schema.org","@graph":[{"@type":"Article","@id":"https:\/\/ajeandalucia.org\/cadiz\/2018\/02\/15\/todavia-estas-a-tiempo-de-presentar-tu-candidatura-a-los-premios-aje-2018\/#article","isPartOf":{"@id":"https:\/\/ajeandalucia.org\/cadiz\/2018\/02\/15\/todavia-estas-a-tiempo-de-presentar-tu-candidatura-a-los-premios-aje-2018\/"},"author":{"name":"cadiz","@id":"https:\/\/ajeandalucia.org\/cadiz\/#\/schema\/person\/dce63ebda5f85792a4f3061905a9f15a"},"headline":"Todav\u00eda est\u00e1s a tiempo de presentar tu candidatura a los PREMIOS AJE 2018","datePublished":"2018-02-15T13:16:20+00:00","mainEntityOfPage":{"@id":"https:\/\/ajeandalucia.org\/cadiz\/2018\/02\/15\/todavia-estas-a-tiempo-de-presentar-tu-candidatura-a-los-premios-aje-2018\/"},"wordCount":101,"commentCount":0,"publisher":{"@id":"https:\/\/ajeandalucia.org\/cadiz\/#organization"},"image":{"@id":"https:\/\/ajeandalucia.org\/cadiz\/2018\/02\/15\/todavia-estas-a-tiempo-de-presentar-tu-candidatura-a-los-premios-aje-2018\/#primaryimage"},"thumbnailUrl":"https:\/\/ajeandalucia.org\/cadiz\/wp-content\/uploads\/sites\/5\/2017\/12\/CADIZ-Banner-Web.png","articleSection":["Noticias"],"inLanguage":"es","potentialAction":[{"@type":"CommentAction","name":"Comment","target":["https:\/\/ajeandalucia.org\/cadiz\/2018\/02\/15\/todavia-estas-a-tiempo-de-presentar-tu-candidatura-a-los-premios-aje-2018\/#respond"]}]},{"@type":"WebPage","@id":"https:\/\/ajeandalucia.org\/cadiz\/2018\/02\/15\/todavia-estas-a-tiempo-de-presentar-tu-candidatura-a-los-premios-aje-2018\/","url":"https:\/\/ajeandalucia.org\/cadiz\/2018\/02\/15\/todavia-estas-a-tiempo-de-presentar-tu-candidatura-a-los-premios-aje-2018\/","name":"Todav\u00eda est\u00e1s a tiempo de presentar tu candidatura a los PREMIOS AJE 2018 - AJE C\u00e1diz","isPartOf":{"@id":"https:\/\/ajeandalucia.org\/cadiz\/#website"},"primaryImageOfPage":{"@id":"https:\/\/ajeandalucia.org\/cadiz\/2018\/02\/15\/todavia-estas-a-tiempo-de-presentar-tu-candidatura-a-los-premios-aje-2018\/#primaryimage"},"image":{"@id":"https:\/\/ajeandalucia.org\/cadiz\/2018\/02\/15\/todavia-estas-a-tiempo-de-presentar-tu-candidatura-a-los-premios-aje-2018\/#primaryimage"},"thumbnailUrl":"https:\/\/ajeandalucia.org\/cadiz\/wp-content\/uploads\/sites\/5\/2017\/12\/CADIZ-Banner-Web.png","datePublished":"2018-02-15T13:16:20+00:00","breadcrumb":{"@id":"https:\/\/ajeandalucia.org\/cadiz\/2018\/02\/15\/todavia-estas-a-tiempo-de-presentar-tu-candidatura-a-los-premios-aje-2018\/#breadcrumb"},"inLanguage":"es","potentialAction":[{"@type":"ReadAction","target":["https:\/\/ajeandalucia.org\/cadiz\/2018\/02\/15\/todavia-estas-a-tiempo-de-presentar-tu-candidatura-a-los-premios-aje-2018\/"]}]},{"@type":"ImageObject","inLanguage":"es","@id":"https:\/\/ajeandalucia.org\/cadiz\/2018\/02\/15\/todavia-estas-a-tiempo-de-presentar-tu-candidatura-a-los-premios-aje-2018\/#primaryimage","url":"https:\/\/ajeandalucia.org\/cadiz\/wp-content\/uploads\/sites\/5\/2017\/12\/CADIZ-Banner-Web.png","contentUrl":"https:\/\/ajeandalucia.org\/cadiz\/wp-content\/uploads\/sites\/5\/2017\/12\/CADIZ-Banner-Web.png","width":1920,"height":1080},{"@type":"BreadcrumbList","@id":"https:\/\/ajeandalucia.org\/cadiz\/2018\/02\/15\/todavia-estas-a-tiempo-de-presentar-tu-candidatura-a-los-premios-aje-2018\/#breadcrumb","itemListElement":[{"@type":"ListItem","position":1,"name":"Portada","item":"https:\/\/ajeandalucia.org\/cadiz\/"},{"@type":"ListItem","position":2,"name":"Todav\u00eda est\u00e1s a tiempo de presentar tu candidatura a los PREMIOS AJE 2018"}]},{"@type":"WebSite","@id":"https:\/\/ajeandalucia.org\/cadiz\/#website","url":"https:\/\/ajeandalucia.org\/cadiz\/","name":"AJE C\u00e1diz","description":"Otro sitio m\u00e1s de AJE Andaluc\u00eda","publisher":{"@id":"https:\/\/ajeandalucia.org\/cadiz\/#organization"},"potentialAction":[{"@type":"SearchAction","target":{"@type":"EntryPoint","urlTemplate":"https:\/\/ajeandalucia.org\/cadiz\/?s={search_term_string}"},"query-input":{"@type":"PropertyValueSpecification","valueRequired":true,"valueName":"search_term_string"}}],"inLanguage":"es"},{"@type":"Organization","@id":"https:\/\/ajeandalucia.org\/cadiz\/#organization","name":"AJE C\u00e1diz","url":"https:\/\/ajeandalucia.org\/cadiz\/","logo":{"@type":"ImageObject","inLanguage":"es","@id":"https:\/\/ajeandalucia.org\/cadiz\/#\/schema\/logo\/image\/","url":"https:\/\/ajeandalucia.org\/cadiz\/wp-content\/uploads\/sites\/5\/2025\/01\/AJE-CADIZ-horizontal.png","contentUrl":"https:\/\/ajeandalucia.org\/cadiz\/wp-content\/uploads\/sites\/5\/2025\/01\/AJE-CADIZ-horizontal.png","width":605,"height":200,"caption":"AJE C\u00e1diz"},"image":{"@id":"https:\/\/ajeandalucia.org\/cadiz\/#\/schema\/logo\/image\/"}},{"@type":"Person","@id":"https:\/\/ajeandalucia.org\/cadiz\/#\/schema\/person\/dce63ebda5f85792a4f3061905a9f15a","name":"cadiz","image":{"@type":"ImageObject","inLanguage":"es","@id":"https:\/\/ajeandalucia.org\/cadiz\/#\/schema\/person\/image\/","url":"https:\/\/secure.gravatar.com\/avatar\/e60287d271698686eba86c2f7f8485140fdb3db29714804eebe944be2ec6f47b?s=96&d=mm&r=g","contentUrl":"https:\/\/secure.gravatar.com\/avatar\/e60287d271698686eba86c2f7f8485140fdb3db29714804eebe944be2ec6f47b?s=96&d=mm&r=g","caption":"cadiz"},"url":"https:\/\/ajeandalucia.org\/cadiz\/author\/cadiz\/"}]}},"_links":{"self":[{"href":"https:\/\/ajeandalucia.org\/cadiz\/wp-json\/wp\/v2\/posts\/773","targetHints":{"allow":["GET"]}}],"collection":[{"href":"https:\/\/ajeandalucia.org\/cadiz\/wp-json\/wp\/v2\/posts"}],"about":[{"href":"https:\/\/ajeandalucia.org\/cadiz\/wp-json\/wp\/v2\/types\/post"}],"author":[{"embeddable":true,"href":"https:\/\/ajeandalucia.org\/cadiz\/wp-json\/wp\/v2\/users\/4"}],"replies":[{"embeddable":true,"href":"https:\/\/ajeandalucia.org\/cadiz\/wp-json\/wp\/v2\/comments?post=773"}],"version-history":[{"count":1,"href":"https:\/\/ajeandalucia.org\/cadiz\/wp-json\/wp\/v2\/posts\/773\/revisions"}],"predecessor-version":[{"id":774,"href":"https:\/\/ajeandalucia.org\/cadiz\/wp-json\/wp\/v2\/posts\/773\/revisions\/774"}],"wp:featuredmedia":[{"embeddable":true,"href":"https:\/\/ajeandalucia.org\/cadiz\/wp-json\/wp\/v2\/media\/719"}],"wp:attachment":[{"href":"https:\/\/ajeandalucia.org\/cadiz\/wp-json\/wp\/v2\/media?parent=773"}],"wp:term":[{"taxonomy":"category","embeddable":true,"href":"https:\/\/ajeandalucia.org\/cadiz\/wp-json\/wp\/v2\/categories?post=773"},{"taxonomy":"post_tag","embeddable":true,"href":"https:\/\/ajeandalucia.org\/cadiz\/wp-json\/wp\/v2\/tags?post=773"}],"curies":[{"name":"wp","href":"https:\/\/api.w.org\/{rel}","templated":true}]}}