{"id":781,"date":"2018-03-06T13:55:00","date_gmt":"2018-03-06T13:55:00","guid":{"rendered":"http:\/\/www.ajeandalucia.org\/cadiz\/?p=781"},"modified":"2018-03-06T13:55:31","modified_gmt":"2018-03-06T13:55:31","slug":"arcos-de-la-frontera-sede-de-los-premios-aje-el-proximo-15-de-marzo","status":"publish","type":"post","link":"https:\/\/ajeandalucia.org\/cadiz\/2018\/03\/06\/arcos-de-la-frontera-sede-de-los-premios-aje-el-proximo-15-de-marzo\/","title":{"rendered":"Arcos de la Frontera, sede de los premios AJE el pr\u00f3ximo 15 de marzo"},"content":{"rendered":"<p>C\u00e1diz, 5 de marzo de 2018. El Edificio Emprendedores de Arcos de la Frontera acoger\u00e1 la pr\u00f3xima edici\u00f3n de los Premios AJE C\u00e1diz 2018, convocados por la Asociaci\u00f3n de J\u00f3venes Empresarios (AJE) bajo el lema &#8216;Nuestra Ra\u00edz\u2019 Where Everything Starts\u00a0 y con el objetivo de homenajear a los j\u00f3venes gaditanos empresarios que por su ingenio, innovaci\u00f3n y pasi\u00f3n, han conseguido destacar en el mundo empresarial. Aquellos j\u00f3venes empresarios que m\u00e1s all\u00e1 de la comodidad han apostado por arriesgarse y \u00a0llevar a cabo su proyecto empresarial hacia delante.<\/p>\n<p>Los Premios AJE C\u00e1diz, se componen de las categor\u00edas <strong>TRAYECTORIA EMPRESARIAL e INICIATIVA EMPRENDEDORA,<\/strong> con los que se pretende reconocer el esfuerzo y la trayectoria empresarial de un joven o grupo de j\u00f3venes empresarios en la creaci\u00f3n de una empresa y su implantaci\u00f3n en el mercado, valor\u00e1ndose adem\u00e1s, la trayectoria seguida desde su inicio, la calidad de gesti\u00f3n y producto, la estabilidad comercial y laboral y su imagen de marca; por un lado; y con el que se reconoce la originalidad, innovaci\u00f3n\u00a0 y esfuerzo de los j\u00f3venes andaluces en la creaci\u00f3n de una empresa, por otro.<\/p>\n<p>Los premios AJE se dividen en dos fases: una provincial, que se\u00a0 llevan a cabo a lo largo de los meses de noviembre a marzo en las distintas provincias andaluzas, entre ellas la de C\u00e1diz, cuya entrega ser\u00e1 el 15 de marzo, y una segunda entrega de premios regional, a la que aspirar\u00e1n los premiados provinciales y cuya entrega ser\u00e1 en Granada el 26 de abril.<\/p>\n<p>Finalmente, AJE ha se\u00f1alado que a lo largo de los \u00faltimos a\u00f1os estos premios han crecido en n\u00famero de candidaturas y en t\u00e9rminos cualitativos y as\u00ed lo seguir\u00e1 siendo esta edici\u00f3n. Este pr\u00f3ximo mi\u00e9rcoles tendr\u00e1 lugar la reuni\u00f3n del Jurado que deliberar\u00e1 la empresa ganadora de los Premios AJE\u00a0 en las categor\u00edas de INICIATIVA EMPRENDEDORA y TRAYECTORIA EMPRESARIAL.<\/p>\n<p><em>Xerintel <\/em>(Jerez de la Frontera)<em> y SmartBiosystem <\/em>(Chiclana de la Frontera) se alzaron con los premios provinciales AJE C\u00e1diz 2017.<\/p>\n<p>Los premios provinciales AJE C\u00e1diz 2018 cuentan con el patrocinio de La Caixa y con la colaboraci\u00f3n de la Diputaci\u00f3n de C\u00e1diz, el Ayuntamiento de Arcos de la Frontera y la Confederaci\u00f3n de Empresarios de C\u00e1diz.<\/p>\n","protected":false},"excerpt":{"rendered":"<p>C\u00e1diz, 5 de marzo de 2018. El Edificio Emprendedores de Arcos de la Frontera acoger\u00e1 la pr\u00f3xima edici\u00f3n de los [&hellip;]<\/p>\n","protected":false},"author":4,"featured_media":782,"comment_status":"open","ping_status":"open","sticky":false,"template":"","format":"standard","meta":{"_acf_changed":false,"site-sidebar-layout":"default","site-content-layout":"","ast-site-content-layout":"default","site-content-style":"default","site-sidebar-style":"default","ast-global-header-display":"","ast-banner-title-visibility":"","ast-main-header-display":"","ast-hfb-above-header-display":"","ast-hfb-below-header-display":"","ast-hfb-mobile-header-display":"","site-post-title":"","ast-breadcrumbs-content":"","ast-featured-img":"","footer-sml-layout":"","ast-disable-related-posts":"","theme-transparent-header-meta":"","adv-header-id-meta":"","stick-header-meta":"","header-above-stick-meta":"","header-main-stick-meta":"","header-below-stick-meta":"","astra-migrate-meta-layouts":"default","ast-page-background-enabled":"default","ast-page-background-meta":{"desktop":{"background-color":"var(--ast-global-color-5)","background-image":"","background-repeat":"repeat","background-position":"center center","background-size":"auto","background-attachment":"scroll","background-type":"","background-media":"","overlay-type":"","overlay-color":"","overlay-opacity":"","overlay-gradient":""},"tablet":{"background-color":"","background-image":"","background-repeat":"repeat","background-position":"center center","background-size":"auto","background-attachment":"scroll","background-type":"","background-media":"","overlay-type":"","overlay-color":"","overlay-opacity":"","overlay-gradient":""},"mobile":{"background-color":"","background-image":"","background-repeat":"repeat","background-position":"center center","background-size":"auto","background-attachment":"scroll","background-type":"","background-media":"","overlay-type":"","overlay-color":"","overlay-opacity":"","overlay-gradient":""}},"ast-content-background-meta":{"desktop":{"background-color":"var(--ast-global-color-4)","background-image":"","background-repeat":"repeat","background-position":"center center","background-size":"auto","background-attachment":"scroll","background-type":"","background-media":"","overlay-type":"","overlay-color":"","overlay-opacity":"","overlay-gradient":""},"tablet":{"background-color":"var(--ast-global-color-4)","background-image":"","background-repeat":"repeat","background-position":"center center","background-size":"auto","background-attachment":"scroll","background-type":"","background-media":"","overlay-type":"","overlay-color":"","overlay-opacity":"","overlay-gradient":""},"mobile":{"background-color":"var(--ast-global-color-4)","background-image":"","background-repeat":"repeat","background-position":"center center","background-size":"auto","background-attachment":"scroll","background-type":"","background-media":"","overlay-type":"","overlay-color":"","overlay-opacity":"","overlay-gradient":""}},"footnotes":""},"categories":[8],"tags":[],"class_list":["post-781","post","type-post","status-publish","format-standard","has-post-thumbnail","hentry","category-noticias"],"acf":[],"yoast_head":"<!-- This site is optimized with the Yoast SEO plugin v26.9 - https:\/\/yoast.com\/product\/yoast-seo-wordpress\/ -->\n<title>Arcos de la Frontera, sede de los premios AJE el pr\u00f3ximo 15 de marzo - AJE C\u00e1diz<\/title>\n<meta name=\"robots\" content=\"index, follow, max-snippet:-1, max-image-preview:large, max-video-preview:-1\" \/>\n<link rel=\"canonical\" href=\"https:\/\/ajeandalucia.org\/cadiz\/2018\/03\/06\/arcos-de-la-frontera-sede-de-los-premios-aje-el-proximo-15-de-marzo\/\" \/>\n<meta property=\"og:locale\" content=\"es_ES\" \/>\n<meta property=\"og:type\" content=\"article\" \/>\n<meta property=\"og:title\" content=\"Arcos de la Frontera, sede de los premios AJE el pr\u00f3ximo 15 de marzo - AJE C\u00e1diz\" \/>\n<meta property=\"og:description\" content=\"C\u00e1diz, 5 de marzo de 2018. El Edificio Emprendedores de Arcos de la Frontera acoger\u00e1 la pr\u00f3xima edici\u00f3n de los [&hellip;]\" \/>\n<meta property=\"og:url\" content=\"https:\/\/ajeandalucia.org\/cadiz\/2018\/03\/06\/arcos-de-la-frontera-sede-de-los-premios-aje-el-proximo-15-de-marzo\/\" \/>\n<meta property=\"og:site_name\" content=\"AJE C\u00e1diz\" \/>\n<meta property=\"article:published_time\" content=\"2018-03-06T13:55:00+00:00\" \/>\n<meta property=\"article:modified_time\" content=\"2018-03-06T13:55:31+00:00\" \/>\n<meta property=\"og:image\" content=\"https:\/\/ajeandalucia.org\/cadiz\/wp-content\/uploads\/sites\/5\/2018\/03\/RRSS-TW-CADIZ-01.jpg\" \/>\n\t<meta property=\"og:image:width\" content=\"1500\" \/>\n\t<meta property=\"og:image:height\" content=\"500\" \/>\n\t<meta property=\"og:image:type\" content=\"image\/jpeg\" \/>\n<meta name=\"author\" content=\"cadiz\" \/>\n<meta name=\"twitter:card\" content=\"summary_large_image\" \/>\n<meta name=\"twitter:label1\" content=\"Escrito por\" \/>\n\t<meta name=\"twitter:data1\" content=\"cadiz\" \/>\n\t<meta name=\"twitter:label2\" content=\"Tiempo de lectura\" \/>\n\t<meta name=\"twitter:data2\" content=\"2 minutos\" \/>\n<script type=\"application\/ld+json\" class=\"yoast-schema-graph\">{\"@context\":\"https:\/\/schema.org\",\"@graph\":[{\"@type\":\"Article\",\"@id\":\"https:\/\/ajeandalucia.org\/cadiz\/2018\/03\/06\/arcos-de-la-frontera-sede-de-los-premios-aje-el-proximo-15-de-marzo\/#article\",\"isPartOf\":{\"@id\":\"https:\/\/ajeandalucia.org\/cadiz\/2018\/03\/06\/arcos-de-la-frontera-sede-de-los-premios-aje-el-proximo-15-de-marzo\/\"},\"author\":{\"name\":\"cadiz\",\"@id\":\"https:\/\/ajeandalucia.org\/cadiz\/#\/schema\/person\/dce63ebda5f85792a4f3061905a9f15a\"},\"headline\":\"Arcos de la Frontera, sede de los premios AJE el pr\u00f3ximo 15 de marzo\",\"datePublished\":\"2018-03-06T13:55:00+00:00\",\"dateModified\":\"2018-03-06T13:55:31+00:00\",\"mainEntityOfPage\":{\"@id\":\"https:\/\/ajeandalucia.org\/cadiz\/2018\/03\/06\/arcos-de-la-frontera-sede-de-los-premios-aje-el-proximo-15-de-marzo\/\"},\"wordCount\":411,\"commentCount\":0,\"publisher\":{\"@id\":\"https:\/\/ajeandalucia.org\/cadiz\/#organization\"},\"image\":{\"@id\":\"https:\/\/ajeandalucia.org\/cadiz\/2018\/03\/06\/arcos-de-la-frontera-sede-de-los-premios-aje-el-proximo-15-de-marzo\/#primaryimage\"},\"thumbnailUrl\":\"https:\/\/ajeandalucia.org\/cadiz\/wp-content\/uploads\/sites\/5\/2018\/03\/RRSS-TW-CADIZ-01.jpg\",\"articleSection\":[\"Noticias\"],\"inLanguage\":\"es\",\"potentialAction\":[{\"@type\":\"CommentAction\",\"name\":\"Comment\",\"target\":[\"https:\/\/ajeandalucia.org\/cadiz\/2018\/03\/06\/arcos-de-la-frontera-sede-de-los-premios-aje-el-proximo-15-de-marzo\/#respond\"]}]},{\"@type\":\"WebPage\",\"@id\":\"https:\/\/ajeandalucia.org\/cadiz\/2018\/03\/06\/arcos-de-la-frontera-sede-de-los-premios-aje-el-proximo-15-de-marzo\/\",\"url\":\"https:\/\/ajeandalucia.org\/cadiz\/2018\/03\/06\/arcos-de-la-frontera-sede-de-los-premios-aje-el-proximo-15-de-marzo\/\",\"name\":\"Arcos de la Frontera, sede de los premios AJE el pr\u00f3ximo 15 de marzo - AJE C\u00e1diz\",\"isPartOf\":{\"@id\":\"https:\/\/ajeandalucia.org\/cadiz\/#website\"},\"primaryImageOfPage\":{\"@id\":\"https:\/\/ajeandalucia.org\/cadiz\/2018\/03\/06\/arcos-de-la-frontera-sede-de-los-premios-aje-el-proximo-15-de-marzo\/#primaryimage\"},\"image\":{\"@id\":\"https:\/\/ajeandalucia.org\/cadiz\/2018\/03\/06\/arcos-de-la-frontera-sede-de-los-premios-aje-el-proximo-15-de-marzo\/#primaryimage\"},\"thumbnailUrl\":\"https:\/\/ajeandalucia.org\/cadiz\/wp-content\/uploads\/sites\/5\/2018\/03\/RRSS-TW-CADIZ-01.jpg\",\"datePublished\":\"2018-03-06T13:55:00+00:00\",\"dateModified\":\"2018-03-06T13:55:31+00:00\",\"breadcrumb\":{\"@id\":\"https:\/\/ajeandalucia.org\/cadiz\/2018\/03\/06\/arcos-de-la-frontera-sede-de-los-premios-aje-el-proximo-15-de-marzo\/#breadcrumb\"},\"inLanguage\":\"es\",\"potentialAction\":[{\"@type\":\"ReadAction\",\"target\":[\"https:\/\/ajeandalucia.org\/cadiz\/2018\/03\/06\/arcos-de-la-frontera-sede-de-los-premios-aje-el-proximo-15-de-marzo\/\"]}]},{\"@type\":\"ImageObject\",\"inLanguage\":\"es\",\"@id\":\"https:\/\/ajeandalucia.org\/cadiz\/2018\/03\/06\/arcos-de-la-frontera-sede-de-los-premios-aje-el-proximo-15-de-marzo\/#primaryimage\",\"url\":\"https:\/\/ajeandalucia.org\/cadiz\/wp-content\/uploads\/sites\/5\/2018\/03\/RRSS-TW-CADIZ-01.jpg\",\"contentUrl\":\"https:\/\/ajeandalucia.org\/cadiz\/wp-content\/uploads\/sites\/5\/2018\/03\/RRSS-TW-CADIZ-01.jpg\",\"width\":1500,\"height\":500},{\"@type\":\"BreadcrumbList\",\"@id\":\"https:\/\/ajeandalucia.org\/cadiz\/2018\/03\/06\/arcos-de-la-frontera-sede-de-los-premios-aje-el-proximo-15-de-marzo\/#breadcrumb\",\"itemListElement\":[{\"@type\":\"ListItem\",\"position\":1,\"name\":\"Portada\",\"item\":\"https:\/\/ajeandalucia.org\/cadiz\/\"},{\"@type\":\"ListItem\",\"position\":2,\"name\":\"Arcos de la Frontera, sede de los premios AJE el pr\u00f3ximo 15 de marzo\"}]},{\"@type\":\"WebSite\",\"@id\":\"https:\/\/ajeandalucia.org\/cadiz\/#website\",\"url\":\"https:\/\/ajeandalucia.org\/cadiz\/\",\"name\":\"AJE C\u00e1diz\",\"description\":\"Otro sitio m\u00e1s de AJE Andaluc\u00eda\",\"publisher\":{\"@id\":\"https:\/\/ajeandalucia.org\/cadiz\/#organization\"},\"potentialAction\":[{\"@type\":\"SearchAction\",\"target\":{\"@type\":\"EntryPoint\",\"urlTemplate\":\"https:\/\/ajeandalucia.org\/cadiz\/?s={search_term_string}\"},\"query-input\":{\"@type\":\"PropertyValueSpecification\",\"valueRequired\":true,\"valueName\":\"search_term_string\"}}],\"inLanguage\":\"es\"},{\"@type\":\"Organization\",\"@id\":\"https:\/\/ajeandalucia.org\/cadiz\/#organization\",\"name\":\"AJE C\u00e1diz\",\"url\":\"https:\/\/ajeandalucia.org\/cadiz\/\",\"logo\":{\"@type\":\"ImageObject\",\"inLanguage\":\"es\",\"@id\":\"https:\/\/ajeandalucia.org\/cadiz\/#\/schema\/logo\/image\/\",\"url\":\"https:\/\/ajeandalucia.org\/cadiz\/wp-content\/uploads\/sites\/5\/2025\/01\/AJE-CADIZ-horizontal.png\",\"contentUrl\":\"https:\/\/ajeandalucia.org\/cadiz\/wp-content\/uploads\/sites\/5\/2025\/01\/AJE-CADIZ-horizontal.png\",\"width\":605,\"height\":200,\"caption\":\"AJE C\u00e1diz\"},\"image\":{\"@id\":\"https:\/\/ajeandalucia.org\/cadiz\/#\/schema\/logo\/image\/\"}},{\"@type\":\"Person\",\"@id\":\"https:\/\/ajeandalucia.org\/cadiz\/#\/schema\/person\/dce63ebda5f85792a4f3061905a9f15a\",\"name\":\"cadiz\",\"image\":{\"@type\":\"ImageObject\",\"inLanguage\":\"es\",\"@id\":\"https:\/\/ajeandalucia.org\/cadiz\/#\/schema\/person\/image\/\",\"url\":\"https:\/\/secure.gravatar.com\/avatar\/e60287d271698686eba86c2f7f8485140fdb3db29714804eebe944be2ec6f47b?s=96&d=mm&r=g\",\"contentUrl\":\"https:\/\/secure.gravatar.com\/avatar\/e60287d271698686eba86c2f7f8485140fdb3db29714804eebe944be2ec6f47b?s=96&d=mm&r=g\",\"caption\":\"cadiz\"},\"url\":\"https:\/\/ajeandalucia.org\/cadiz\/author\/cadiz\/\"}]}<\/script>\n<!-- \/ Yoast SEO plugin. -->","yoast_head_json":{"title":"Arcos de la Frontera, sede de los premios AJE el pr\u00f3ximo 15 de marzo - AJE C\u00e1diz","robots":{"index":"index","follow":"follow","max-snippet":"max-snippet:-1","max-image-preview":"max-image-preview:large","max-video-preview":"max-video-preview:-1"},"canonical":"https:\/\/ajeandalucia.org\/cadiz\/2018\/03\/06\/arcos-de-la-frontera-sede-de-los-premios-aje-el-proximo-15-de-marzo\/","og_locale":"es_ES","og_type":"article","og_title":"Arcos de la Frontera, sede de los premios AJE el pr\u00f3ximo 15 de marzo - AJE C\u00e1diz","og_description":"C\u00e1diz, 5 de marzo de 2018. El Edificio Emprendedores de Arcos de la Frontera acoger\u00e1 la pr\u00f3xima edici\u00f3n de los [&hellip;]","og_url":"https:\/\/ajeandalucia.org\/cadiz\/2018\/03\/06\/arcos-de-la-frontera-sede-de-los-premios-aje-el-proximo-15-de-marzo\/","og_site_name":"AJE C\u00e1diz","article_published_time":"2018-03-06T13:55:00+00:00","article_modified_time":"2018-03-06T13:55:31+00:00","og_image":[{"width":1500,"height":500,"url":"https:\/\/ajeandalucia.org\/cadiz\/wp-content\/uploads\/sites\/5\/2018\/03\/RRSS-TW-CADIZ-01.jpg","type":"image\/jpeg"}],"author":"cadiz","twitter_card":"summary_large_image","twitter_misc":{"Escrito por":"cadiz","Tiempo de lectura":"2 minutos"},"schema":{"@context":"https:\/\/schema.org","@graph":[{"@type":"Article","@id":"https:\/\/ajeandalucia.org\/cadiz\/2018\/03\/06\/arcos-de-la-frontera-sede-de-los-premios-aje-el-proximo-15-de-marzo\/#article","isPartOf":{"@id":"https:\/\/ajeandalucia.org\/cadiz\/2018\/03\/06\/arcos-de-la-frontera-sede-de-los-premios-aje-el-proximo-15-de-marzo\/"},"author":{"name":"cadiz","@id":"https:\/\/ajeandalucia.org\/cadiz\/#\/schema\/person\/dce63ebda5f85792a4f3061905a9f15a"},"headline":"Arcos de la Frontera, sede de los premios AJE el pr\u00f3ximo 15 de marzo","datePublished":"2018-03-06T13:55:00+00:00","dateModified":"2018-03-06T13:55:31+00:00","mainEntityOfPage":{"@id":"https:\/\/ajeandalucia.org\/cadiz\/2018\/03\/06\/arcos-de-la-frontera-sede-de-los-premios-aje-el-proximo-15-de-marzo\/"},"wordCount":411,"commentCount":0,"publisher":{"@id":"https:\/\/ajeandalucia.org\/cadiz\/#organization"},"image":{"@id":"https:\/\/ajeandalucia.org\/cadiz\/2018\/03\/06\/arcos-de-la-frontera-sede-de-los-premios-aje-el-proximo-15-de-marzo\/#primaryimage"},"thumbnailUrl":"https:\/\/ajeandalucia.org\/cadiz\/wp-content\/uploads\/sites\/5\/2018\/03\/RRSS-TW-CADIZ-01.jpg","articleSection":["Noticias"],"inLanguage":"es","potentialAction":[{"@type":"CommentAction","name":"Comment","target":["https:\/\/ajeandalucia.org\/cadiz\/2018\/03\/06\/arcos-de-la-frontera-sede-de-los-premios-aje-el-proximo-15-de-marzo\/#respond"]}]},{"@type":"WebPage","@id":"https:\/\/ajeandalucia.org\/cadiz\/2018\/03\/06\/arcos-de-la-frontera-sede-de-los-premios-aje-el-proximo-15-de-marzo\/","url":"https:\/\/ajeandalucia.org\/cadiz\/2018\/03\/06\/arcos-de-la-frontera-sede-de-los-premios-aje-el-proximo-15-de-marzo\/","name":"Arcos de la Frontera, sede de los premios AJE el pr\u00f3ximo 15 de marzo - AJE C\u00e1diz","isPartOf":{"@id":"https:\/\/ajeandalucia.org\/cadiz\/#website"},"primaryImageOfPage":{"@id":"https:\/\/ajeandalucia.org\/cadiz\/2018\/03\/06\/arcos-de-la-frontera-sede-de-los-premios-aje-el-proximo-15-de-marzo\/#primaryimage"},"image":{"@id":"https:\/\/ajeandalucia.org\/cadiz\/2018\/03\/06\/arcos-de-la-frontera-sede-de-los-premios-aje-el-proximo-15-de-marzo\/#primaryimage"},"thumbnailUrl":"https:\/\/ajeandalucia.org\/cadiz\/wp-content\/uploads\/sites\/5\/2018\/03\/RRSS-TW-CADIZ-01.jpg","datePublished":"2018-03-06T13:55:00+00:00","dateModified":"2018-03-06T13:55:31+00:00","breadcrumb":{"@id":"https:\/\/ajeandalucia.org\/cadiz\/2018\/03\/06\/arcos-de-la-frontera-sede-de-los-premios-aje-el-proximo-15-de-marzo\/#breadcrumb"},"inLanguage":"es","potentialAction":[{"@type":"ReadAction","target":["https:\/\/ajeandalucia.org\/cadiz\/2018\/03\/06\/arcos-de-la-frontera-sede-de-los-premios-aje-el-proximo-15-de-marzo\/"]}]},{"@type":"ImageObject","inLanguage":"es","@id":"https:\/\/ajeandalucia.org\/cadiz\/2018\/03\/06\/arcos-de-la-frontera-sede-de-los-premios-aje-el-proximo-15-de-marzo\/#primaryimage","url":"https:\/\/ajeandalucia.org\/cadiz\/wp-content\/uploads\/sites\/5\/2018\/03\/RRSS-TW-CADIZ-01.jpg","contentUrl":"https:\/\/ajeandalucia.org\/cadiz\/wp-content\/uploads\/sites\/5\/2018\/03\/RRSS-TW-CADIZ-01.jpg","width":1500,"height":500},{"@type":"BreadcrumbList","@id":"https:\/\/ajeandalucia.org\/cadiz\/2018\/03\/06\/arcos-de-la-frontera-sede-de-los-premios-aje-el-proximo-15-de-marzo\/#breadcrumb","itemListElement":[{"@type":"ListItem","position":1,"name":"Portada","item":"https:\/\/ajeandalucia.org\/cadiz\/"},{"@type":"ListItem","position":2,"name":"Arcos de la Frontera, sede de los premios AJE el pr\u00f3ximo 15 de marzo"}]},{"@type":"WebSite","@id":"https:\/\/ajeandalucia.org\/cadiz\/#website","url":"https:\/\/ajeandalucia.org\/cadiz\/","name":"AJE C\u00e1diz","description":"Otro sitio m\u00e1s de AJE Andaluc\u00eda","publisher":{"@id":"https:\/\/ajeandalucia.org\/cadiz\/#organization"},"potentialAction":[{"@type":"SearchAction","target":{"@type":"EntryPoint","urlTemplate":"https:\/\/ajeandalucia.org\/cadiz\/?s={search_term_string}"},"query-input":{"@type":"PropertyValueSpecification","valueRequired":true,"valueName":"search_term_string"}}],"inLanguage":"es"},{"@type":"Organization","@id":"https:\/\/ajeandalucia.org\/cadiz\/#organization","name":"AJE C\u00e1diz","url":"https:\/\/ajeandalucia.org\/cadiz\/","logo":{"@type":"ImageObject","inLanguage":"es","@id":"https:\/\/ajeandalucia.org\/cadiz\/#\/schema\/logo\/image\/","url":"https:\/\/ajeandalucia.org\/cadiz\/wp-content\/uploads\/sites\/5\/2025\/01\/AJE-CADIZ-horizontal.png","contentUrl":"https:\/\/ajeandalucia.org\/cadiz\/wp-content\/uploads\/sites\/5\/2025\/01\/AJE-CADIZ-horizontal.png","width":605,"height":200,"caption":"AJE C\u00e1diz"},"image":{"@id":"https:\/\/ajeandalucia.org\/cadiz\/#\/schema\/logo\/image\/"}},{"@type":"Person","@id":"https:\/\/ajeandalucia.org\/cadiz\/#\/schema\/person\/dce63ebda5f85792a4f3061905a9f15a","name":"cadiz","image":{"@type":"ImageObject","inLanguage":"es","@id":"https:\/\/ajeandalucia.org\/cadiz\/#\/schema\/person\/image\/","url":"https:\/\/secure.gravatar.com\/avatar\/e60287d271698686eba86c2f7f8485140fdb3db29714804eebe944be2ec6f47b?s=96&d=mm&r=g","contentUrl":"https:\/\/secure.gravatar.com\/avatar\/e60287d271698686eba86c2f7f8485140fdb3db29714804eebe944be2ec6f47b?s=96&d=mm&r=g","caption":"cadiz"},"url":"https:\/\/ajeandalucia.org\/cadiz\/author\/cadiz\/"}]}},"_links":{"self":[{"href":"https:\/\/ajeandalucia.org\/cadiz\/wp-json\/wp\/v2\/posts\/781","targetHints":{"allow":["GET"]}}],"collection":[{"href":"https:\/\/ajeandalucia.org\/cadiz\/wp-json\/wp\/v2\/posts"}],"about":[{"href":"https:\/\/ajeandalucia.org\/cadiz\/wp-json\/wp\/v2\/types\/post"}],"author":[{"embeddable":true,"href":"https:\/\/ajeandalucia.org\/cadiz\/wp-json\/wp\/v2\/users\/4"}],"replies":[{"embeddable":true,"href":"https:\/\/ajeandalucia.org\/cadiz\/wp-json\/wp\/v2\/comments?post=781"}],"version-history":[{"count":1,"href":"https:\/\/ajeandalucia.org\/cadiz\/wp-json\/wp\/v2\/posts\/781\/revisions"}],"predecessor-version":[{"id":783,"href":"https:\/\/ajeandalucia.org\/cadiz\/wp-json\/wp\/v2\/posts\/781\/revisions\/783"}],"wp:featuredmedia":[{"embeddable":true,"href":"https:\/\/ajeandalucia.org\/cadiz\/wp-json\/wp\/v2\/media\/782"}],"wp:attachment":[{"href":"https:\/\/ajeandalucia.org\/cadiz\/wp-json\/wp\/v2\/media?parent=781"}],"wp:term":[{"taxonomy":"category","embeddable":true,"href":"https:\/\/ajeandalucia.org\/cadiz\/wp-json\/wp\/v2\/categories?post=781"},{"taxonomy":"post_tag","embeddable":true,"href":"https:\/\/ajeandalucia.org\/cadiz\/wp-json\/wp\/v2\/tags?post=781"}],"curies":[{"name":"wp","href":"https:\/\/api.w.org\/{rel}","templated":true}]}}