{"id":814,"date":"2018-04-26T10:54:36","date_gmt":"2018-04-26T10:54:36","guid":{"rendered":"http:\/\/www.ajeandalucia.org\/cadiz\/?p=814"},"modified":"2018-05-14T11:08:32","modified_gmt":"2018-05-14T11:08:32","slug":"el-parlamento-de-andalucia-aprueba-la-ley-de-emprendimiento","status":"publish","type":"post","link":"https:\/\/ajeandalucia.org\/cadiz\/2018\/04\/26\/el-parlamento-de-andalucia-aprueba-la-ley-de-emprendimiento\/","title":{"rendered":"EL PARLAMENTO DE ANDALUC\u00cdA APRUEBA LA LEY DE EMPRENDIMIENTO"},"content":{"rendered":"<p>El pleno del Parlamento ha aprobado hoy la primera ley de Fomento del Empredimiento en la comunidad, una de las prioridades que Ciudadanos marc\u00f3 a la presidenta Susana D\u00edaz para agilizar el cumplimiento del acuerdo de investidura, norma rechazada por el PP-A e IU, y en la que se abstuvo Podemos.<\/p>\n<p>La Ley Andaluza de Fomento del Emprendimiento (LAFE) articula el Sistema Andaluz para Emprender, que coordinar\u00e1 las pol\u00edticas de la Junta para garantizar el derecho de las personas a poner en marcha una iniciativa empresarial en igualdad de oportunidades, recogiendo una cartera de 15 servicios espec\u00edficos para ello.<\/p>\n<div id=\"hybs-slot-198b81f2-4\">Entre sus novedades destacan los servicios dirigidos a conectar emprendedores e investigaci\u00f3n, los destinados a impulsar iniciativas nacidas en el seno de las universidades y que cuenten con un gran potencial innovador.<\/div>\n<p>El consejero de Econom\u00eda, Antonio Ramirez de Arellano, ha destacado en su intervenci\u00f3n el apoyo al acceso a financiaci\u00f3n, as\u00ed como el asesoramiento para j\u00f3venes y mujeres.<\/p>\n<p>Adem\u00e1s, establece acciones espec\u00edficas para potenciar el emprendimiento en el \u00e1mbito rural y de la econom\u00eda colaborativa, consideradas \u00e1reas esenciales para generar \u201cempleo de calidad\u201d.<\/p>\n<p>Seg\u00fan el consejero, ayudar\u00e1 a la creaci\u00f3n de empresas y eliminar\u00e1 burocracia, mediante la incorporaci\u00f3n de la declaraci\u00f3n responsable y la creaci\u00f3n de una ventanilla \u00fanica, el Portal del Emprendimiento.<\/p>\n<p>Contempla el apoyo de la Junta al acceso financiero de los emprendedores, intermediando con las entidades para el acceso al cr\u00e9dito y a f\u00f3rmulas de microcr\u00e9dito.<\/p>\n<p>Los objetivos de la ley son, ha dicho el consejero, aumentar la competitividad de las nuevas empresas, potenciar la incorporaci\u00f3n de la innovaci\u00f3n a los proyectos, uniendo conocimiento y emprendimiento y fomentar las vocaciones emprendedoras.<\/p>\n<p>De \u201coportunidad perdida\u201d ha calificado Miguel \u00c1ngel Torrico, del grupo PP-A, la ley de Emprendimiento, de la que ha dicho que es una norma \u201cvac\u00eda, inconcreta, una declaraci\u00f3n de intenciones y la carta a los Reyes Magos\u201d, al no contener medidas aplicables el d\u00eda de su entrada en vigor.<\/p>\n<p>\u201cTodo queda pendiente de reglamentos, ordenes y lentitud. Es una ley in\u00fatil y desganada y el PP-A no va a ser c\u00f3mplice de este episodio de propaganda de un mal Gobierno\u201d, ha denunciado.<\/p>\n<p>Torrico ha criticado \u201causencias\u201d en la norma, como la tarifa plana, incentivos a j\u00f3venes o mujeres rurales emprendedores, as\u00ed como a los peque\u00f1os aut\u00f3nomos, aunque tambi\u00e9n ha rechazado \u201ccarencias\u201d como las exenciones o bonificaciones.<\/p>\n<p>A juicio de la portavoz adjunta de Podemos, Carmen Liz\u00e1rraga, la ley \u201cfalla\u201d en el enfoque de emprendimiento y no aporta alternativas para el nuevo modelo productivo, y ha sostenido que emprender \u201cno se puede equiparar\u201d a un derecho ni es necesariamente un valor agregado.<\/p>\n<p>\u201cLa norma desvirt\u00faa el emprendimiento al convertirlo en una alternativa al desempleo. Aunque hay mejoras no se resuelve el principal problema de los aut\u00f3nomos, que es la financiaci\u00f3n, mientras sigue sin llegar la entidad de cr\u00e9dito p\u00fablico\u201d, ha lamentado.<\/p>\n<p>Carlos Hern\u00e1ndez (Ciudadanos) ha destacado que es la primera ley de emprendimiento en la comunidad y que pone \u201corden y coordina\u201d el apoyo a este colectivo, una reforma -ha recordado- \u201cimpulsada\u201d por Cs en el pacto con el PSOE-A y la Junta.<\/p>\n<p>\u201cCiudadanos arranca puntos importantes y lo que se firma con nosotros se cumple, ya que sin los aut\u00f3nomos no cambiar\u00edamos la realidad econ\u00f3mica de Andaluc\u00eda. Pasamos con la ley del lamento a la acci\u00f3n y que la comunidad crezca\u201d, ha defendido.<\/p>\n<p>Jos\u00e9 Antonio Castro (IU) ha rechazado de la ley que no disuelva la Fundaci\u00f3n Andaluc\u00eda Emprende para convertirla en una agencia p\u00fablica, aunque tambi\u00e9n cree que a la norma le \u201cfalta\u201d sentido y tiene \u201cerrores\u201d de diagn\u00f3stico al situar el emprendimiento como eje del cambio de modelo productivo.<\/p>\n<p>Tambi\u00e9n expres\u00f3 sus reticencias porque la ley \u201cchoca\u201d con la realidad de los aut\u00f3nomos y con sus dificultades para contratar asalariados, lo que -seg\u00fan Castro- \u201cfrustra\u201d espectativas por la \u201cincapacidad\u201d de la Junta para solucionar el problema.<\/p>\n","protected":false},"excerpt":{"rendered":"<p>El pleno del Parlamento ha aprobado hoy la primera ley de Fomento del Empredimiento en la comunidad, una de las [&hellip;]<\/p>\n","protected":false},"author":4,"featured_media":815,"comment_status":"open","ping_status":"open","sticky":false,"template":"","format":"standard","meta":{"_acf_changed":false,"site-sidebar-layout":"default","site-content-layout":"","ast-site-content-layout":"default","site-content-style":"default","site-sidebar-style":"default","ast-global-header-display":"","ast-banner-title-visibility":"","ast-main-header-display":"","ast-hfb-above-header-display":"","ast-hfb-below-header-display":"","ast-hfb-mobile-header-display":"","site-post-title":"","ast-breadcrumbs-content":"","ast-featured-img":"","footer-sml-layout":"","ast-disable-related-posts":"","theme-transparent-header-meta":"","adv-header-id-meta":"","stick-header-meta":"","header-above-stick-meta":"","header-main-stick-meta":"","header-below-stick-meta":"","astra-migrate-meta-layouts":"default","ast-page-background-enabled":"default","ast-page-background-meta":{"desktop":{"background-color":"var(--ast-global-color-5)","background-image":"","background-repeat":"repeat","background-position":"center center","background-size":"auto","background-attachment":"scroll","background-type":"","background-media":"","overlay-type":"","overlay-color":"","overlay-opacity":"","overlay-gradient":""},"tablet":{"background-color":"","background-image":"","background-repeat":"repeat","background-position":"center center","background-size":"auto","background-attachment":"scroll","background-type":"","background-media":"","overlay-type":"","overlay-color":"","overlay-opacity":"","overlay-gradient":""},"mobile":{"background-color":"","background-image":"","background-repeat":"repeat","background-position":"center center","background-size":"auto","background-attachment":"scroll","background-type":"","background-media":"","overlay-type":"","overlay-color":"","overlay-opacity":"","overlay-gradient":""}},"ast-content-background-meta":{"desktop":{"background-color":"var(--ast-global-color-4)","background-image":"","background-repeat":"repeat","background-position":"center center","background-size":"auto","background-attachment":"scroll","background-type":"","background-media":"","overlay-type":"","overlay-color":"","overlay-opacity":"","overlay-gradient":""},"tablet":{"background-color":"var(--ast-global-color-4)","background-image":"","background-repeat":"repeat","background-position":"center center","background-size":"auto","background-attachment":"scroll","background-type":"","background-media":"","overlay-type":"","overlay-color":"","overlay-opacity":"","overlay-gradient":""},"mobile":{"background-color":"var(--ast-global-color-4)","background-image":"","background-repeat":"repeat","background-position":"center center","background-size":"auto","background-attachment":"scroll","background-type":"","background-media":"","overlay-type":"","overlay-color":"","overlay-opacity":"","overlay-gradient":""}},"footnotes":""},"categories":[8],"tags":[],"class_list":["post-814","post","type-post","status-publish","format-standard","has-post-thumbnail","hentry","category-noticias"],"acf":[],"yoast_head":"<!-- This site is optimized with the Yoast SEO plugin v26.9 - https:\/\/yoast.com\/product\/yoast-seo-wordpress\/ -->\n<title>EL PARLAMENTO DE ANDALUC\u00cdA APRUEBA LA LEY DE EMPRENDIMIENTO - AJE C\u00e1diz<\/title>\n<meta name=\"robots\" content=\"index, follow, max-snippet:-1, max-image-preview:large, max-video-preview:-1\" \/>\n<link rel=\"canonical\" href=\"https:\/\/ajeandalucia.org\/cadiz\/2018\/04\/26\/el-parlamento-de-andalucia-aprueba-la-ley-de-emprendimiento\/\" \/>\n<meta property=\"og:locale\" content=\"es_ES\" \/>\n<meta property=\"og:type\" content=\"article\" \/>\n<meta property=\"og:title\" content=\"EL PARLAMENTO DE ANDALUC\u00cdA APRUEBA LA LEY DE EMPRENDIMIENTO - AJE C\u00e1diz\" \/>\n<meta property=\"og:description\" content=\"El pleno del Parlamento ha aprobado hoy la primera ley de Fomento del Empredimiento en la comunidad, una de las [&hellip;]\" \/>\n<meta property=\"og:url\" content=\"https:\/\/ajeandalucia.org\/cadiz\/2018\/04\/26\/el-parlamento-de-andalucia-aprueba-la-ley-de-emprendimiento\/\" \/>\n<meta property=\"og:site_name\" content=\"AJE C\u00e1diz\" \/>\n<meta property=\"article:published_time\" content=\"2018-04-26T10:54:36+00:00\" \/>\n<meta property=\"article:modified_time\" content=\"2018-05-14T11:08:32+00:00\" \/>\n<meta property=\"og:image\" content=\"https:\/\/ajeandalucia.org\/cadiz\/wp-content\/uploads\/sites\/5\/2018\/05\/parlam-and-ley-emprend-260418.jpg\" \/>\n\t<meta property=\"og:image:width\" content=\"1280\" \/>\n\t<meta property=\"og:image:height\" content=\"853\" \/>\n\t<meta property=\"og:image:type\" content=\"image\/jpeg\" \/>\n<meta name=\"author\" content=\"cadiz\" \/>\n<meta name=\"twitter:card\" content=\"summary_large_image\" \/>\n<meta name=\"twitter:label1\" content=\"Escrito por\" \/>\n\t<meta name=\"twitter:data1\" content=\"cadiz\" \/>\n\t<meta name=\"twitter:label2\" content=\"Tiempo de lectura\" \/>\n\t<meta name=\"twitter:data2\" content=\"3 minutos\" \/>\n<script type=\"application\/ld+json\" class=\"yoast-schema-graph\">{\"@context\":\"https:\/\/schema.org\",\"@graph\":[{\"@type\":\"Article\",\"@id\":\"https:\/\/ajeandalucia.org\/cadiz\/2018\/04\/26\/el-parlamento-de-andalucia-aprueba-la-ley-de-emprendimiento\/#article\",\"isPartOf\":{\"@id\":\"https:\/\/ajeandalucia.org\/cadiz\/2018\/04\/26\/el-parlamento-de-andalucia-aprueba-la-ley-de-emprendimiento\/\"},\"author\":{\"name\":\"cadiz\",\"@id\":\"https:\/\/ajeandalucia.org\/cadiz\/#\/schema\/person\/dce63ebda5f85792a4f3061905a9f15a\"},\"headline\":\"EL PARLAMENTO DE ANDALUC\u00cdA APRUEBA LA LEY DE EMPRENDIMIENTO\",\"datePublished\":\"2018-04-26T10:54:36+00:00\",\"dateModified\":\"2018-05-14T11:08:32+00:00\",\"mainEntityOfPage\":{\"@id\":\"https:\/\/ajeandalucia.org\/cadiz\/2018\/04\/26\/el-parlamento-de-andalucia-aprueba-la-ley-de-emprendimiento\/\"},\"wordCount\":701,\"commentCount\":0,\"publisher\":{\"@id\":\"https:\/\/ajeandalucia.org\/cadiz\/#organization\"},\"image\":{\"@id\":\"https:\/\/ajeandalucia.org\/cadiz\/2018\/04\/26\/el-parlamento-de-andalucia-aprueba-la-ley-de-emprendimiento\/#primaryimage\"},\"thumbnailUrl\":\"https:\/\/ajeandalucia.org\/cadiz\/wp-content\/uploads\/sites\/5\/2018\/05\/parlam-and-ley-emprend-260418.jpg\",\"articleSection\":[\"Noticias\"],\"inLanguage\":\"es\",\"potentialAction\":[{\"@type\":\"CommentAction\",\"name\":\"Comment\",\"target\":[\"https:\/\/ajeandalucia.org\/cadiz\/2018\/04\/26\/el-parlamento-de-andalucia-aprueba-la-ley-de-emprendimiento\/#respond\"]}]},{\"@type\":\"WebPage\",\"@id\":\"https:\/\/ajeandalucia.org\/cadiz\/2018\/04\/26\/el-parlamento-de-andalucia-aprueba-la-ley-de-emprendimiento\/\",\"url\":\"https:\/\/ajeandalucia.org\/cadiz\/2018\/04\/26\/el-parlamento-de-andalucia-aprueba-la-ley-de-emprendimiento\/\",\"name\":\"EL PARLAMENTO DE ANDALUC\u00cdA APRUEBA LA LEY DE EMPRENDIMIENTO - AJE C\u00e1diz\",\"isPartOf\":{\"@id\":\"https:\/\/ajeandalucia.org\/cadiz\/#website\"},\"primaryImageOfPage\":{\"@id\":\"https:\/\/ajeandalucia.org\/cadiz\/2018\/04\/26\/el-parlamento-de-andalucia-aprueba-la-ley-de-emprendimiento\/#primaryimage\"},\"image\":{\"@id\":\"https:\/\/ajeandalucia.org\/cadiz\/2018\/04\/26\/el-parlamento-de-andalucia-aprueba-la-ley-de-emprendimiento\/#primaryimage\"},\"thumbnailUrl\":\"https:\/\/ajeandalucia.org\/cadiz\/wp-content\/uploads\/sites\/5\/2018\/05\/parlam-and-ley-emprend-260418.jpg\",\"datePublished\":\"2018-04-26T10:54:36+00:00\",\"dateModified\":\"2018-05-14T11:08:32+00:00\",\"breadcrumb\":{\"@id\":\"https:\/\/ajeandalucia.org\/cadiz\/2018\/04\/26\/el-parlamento-de-andalucia-aprueba-la-ley-de-emprendimiento\/#breadcrumb\"},\"inLanguage\":\"es\",\"potentialAction\":[{\"@type\":\"ReadAction\",\"target\":[\"https:\/\/ajeandalucia.org\/cadiz\/2018\/04\/26\/el-parlamento-de-andalucia-aprueba-la-ley-de-emprendimiento\/\"]}]},{\"@type\":\"ImageObject\",\"inLanguage\":\"es\",\"@id\":\"https:\/\/ajeandalucia.org\/cadiz\/2018\/04\/26\/el-parlamento-de-andalucia-aprueba-la-ley-de-emprendimiento\/#primaryimage\",\"url\":\"https:\/\/ajeandalucia.org\/cadiz\/wp-content\/uploads\/sites\/5\/2018\/05\/parlam-and-ley-emprend-260418.jpg\",\"contentUrl\":\"https:\/\/ajeandalucia.org\/cadiz\/wp-content\/uploads\/sites\/5\/2018\/05\/parlam-and-ley-emprend-260418.jpg\",\"width\":1280,\"height\":853},{\"@type\":\"BreadcrumbList\",\"@id\":\"https:\/\/ajeandalucia.org\/cadiz\/2018\/04\/26\/el-parlamento-de-andalucia-aprueba-la-ley-de-emprendimiento\/#breadcrumb\",\"itemListElement\":[{\"@type\":\"ListItem\",\"position\":1,\"name\":\"Portada\",\"item\":\"https:\/\/ajeandalucia.org\/cadiz\/\"},{\"@type\":\"ListItem\",\"position\":2,\"name\":\"EL PARLAMENTO DE ANDALUC\u00cdA APRUEBA LA LEY DE EMPRENDIMIENTO\"}]},{\"@type\":\"WebSite\",\"@id\":\"https:\/\/ajeandalucia.org\/cadiz\/#website\",\"url\":\"https:\/\/ajeandalucia.org\/cadiz\/\",\"name\":\"AJE C\u00e1diz\",\"description\":\"Otro sitio m\u00e1s de AJE Andaluc\u00eda\",\"publisher\":{\"@id\":\"https:\/\/ajeandalucia.org\/cadiz\/#organization\"},\"potentialAction\":[{\"@type\":\"SearchAction\",\"target\":{\"@type\":\"EntryPoint\",\"urlTemplate\":\"https:\/\/ajeandalucia.org\/cadiz\/?s={search_term_string}\"},\"query-input\":{\"@type\":\"PropertyValueSpecification\",\"valueRequired\":true,\"valueName\":\"search_term_string\"}}],\"inLanguage\":\"es\"},{\"@type\":\"Organization\",\"@id\":\"https:\/\/ajeandalucia.org\/cadiz\/#organization\",\"name\":\"AJE C\u00e1diz\",\"url\":\"https:\/\/ajeandalucia.org\/cadiz\/\",\"logo\":{\"@type\":\"ImageObject\",\"inLanguage\":\"es\",\"@id\":\"https:\/\/ajeandalucia.org\/cadiz\/#\/schema\/logo\/image\/\",\"url\":\"https:\/\/ajeandalucia.org\/cadiz\/wp-content\/uploads\/sites\/5\/2025\/01\/AJE-CADIZ-horizontal.png\",\"contentUrl\":\"https:\/\/ajeandalucia.org\/cadiz\/wp-content\/uploads\/sites\/5\/2025\/01\/AJE-CADIZ-horizontal.png\",\"width\":605,\"height\":200,\"caption\":\"AJE C\u00e1diz\"},\"image\":{\"@id\":\"https:\/\/ajeandalucia.org\/cadiz\/#\/schema\/logo\/image\/\"}},{\"@type\":\"Person\",\"@id\":\"https:\/\/ajeandalucia.org\/cadiz\/#\/schema\/person\/dce63ebda5f85792a4f3061905a9f15a\",\"name\":\"cadiz\",\"image\":{\"@type\":\"ImageObject\",\"inLanguage\":\"es\",\"@id\":\"https:\/\/ajeandalucia.org\/cadiz\/#\/schema\/person\/image\/\",\"url\":\"https:\/\/secure.gravatar.com\/avatar\/e60287d271698686eba86c2f7f8485140fdb3db29714804eebe944be2ec6f47b?s=96&d=mm&r=g\",\"contentUrl\":\"https:\/\/secure.gravatar.com\/avatar\/e60287d271698686eba86c2f7f8485140fdb3db29714804eebe944be2ec6f47b?s=96&d=mm&r=g\",\"caption\":\"cadiz\"},\"url\":\"https:\/\/ajeandalucia.org\/cadiz\/author\/cadiz\/\"}]}<\/script>\n<!-- \/ Yoast SEO plugin. -->","yoast_head_json":{"title":"EL PARLAMENTO DE ANDALUC\u00cdA APRUEBA LA LEY DE EMPRENDIMIENTO - AJE C\u00e1diz","robots":{"index":"index","follow":"follow","max-snippet":"max-snippet:-1","max-image-preview":"max-image-preview:large","max-video-preview":"max-video-preview:-1"},"canonical":"https:\/\/ajeandalucia.org\/cadiz\/2018\/04\/26\/el-parlamento-de-andalucia-aprueba-la-ley-de-emprendimiento\/","og_locale":"es_ES","og_type":"article","og_title":"EL PARLAMENTO DE ANDALUC\u00cdA APRUEBA LA LEY DE EMPRENDIMIENTO - AJE C\u00e1diz","og_description":"El pleno del Parlamento ha aprobado hoy la primera ley de Fomento del Empredimiento en la comunidad, una de las [&hellip;]","og_url":"https:\/\/ajeandalucia.org\/cadiz\/2018\/04\/26\/el-parlamento-de-andalucia-aprueba-la-ley-de-emprendimiento\/","og_site_name":"AJE C\u00e1diz","article_published_time":"2018-04-26T10:54:36+00:00","article_modified_time":"2018-05-14T11:08:32+00:00","og_image":[{"width":1280,"height":853,"url":"https:\/\/ajeandalucia.org\/cadiz\/wp-content\/uploads\/sites\/5\/2018\/05\/parlam-and-ley-emprend-260418.jpg","type":"image\/jpeg"}],"author":"cadiz","twitter_card":"summary_large_image","twitter_misc":{"Escrito por":"cadiz","Tiempo de lectura":"3 minutos"},"schema":{"@context":"https:\/\/schema.org","@graph":[{"@type":"Article","@id":"https:\/\/ajeandalucia.org\/cadiz\/2018\/04\/26\/el-parlamento-de-andalucia-aprueba-la-ley-de-emprendimiento\/#article","isPartOf":{"@id":"https:\/\/ajeandalucia.org\/cadiz\/2018\/04\/26\/el-parlamento-de-andalucia-aprueba-la-ley-de-emprendimiento\/"},"author":{"name":"cadiz","@id":"https:\/\/ajeandalucia.org\/cadiz\/#\/schema\/person\/dce63ebda5f85792a4f3061905a9f15a"},"headline":"EL PARLAMENTO DE ANDALUC\u00cdA APRUEBA LA LEY DE EMPRENDIMIENTO","datePublished":"2018-04-26T10:54:36+00:00","dateModified":"2018-05-14T11:08:32+00:00","mainEntityOfPage":{"@id":"https:\/\/ajeandalucia.org\/cadiz\/2018\/04\/26\/el-parlamento-de-andalucia-aprueba-la-ley-de-emprendimiento\/"},"wordCount":701,"commentCount":0,"publisher":{"@id":"https:\/\/ajeandalucia.org\/cadiz\/#organization"},"image":{"@id":"https:\/\/ajeandalucia.org\/cadiz\/2018\/04\/26\/el-parlamento-de-andalucia-aprueba-la-ley-de-emprendimiento\/#primaryimage"},"thumbnailUrl":"https:\/\/ajeandalucia.org\/cadiz\/wp-content\/uploads\/sites\/5\/2018\/05\/parlam-and-ley-emprend-260418.jpg","articleSection":["Noticias"],"inLanguage":"es","potentialAction":[{"@type":"CommentAction","name":"Comment","target":["https:\/\/ajeandalucia.org\/cadiz\/2018\/04\/26\/el-parlamento-de-andalucia-aprueba-la-ley-de-emprendimiento\/#respond"]}]},{"@type":"WebPage","@id":"https:\/\/ajeandalucia.org\/cadiz\/2018\/04\/26\/el-parlamento-de-andalucia-aprueba-la-ley-de-emprendimiento\/","url":"https:\/\/ajeandalucia.org\/cadiz\/2018\/04\/26\/el-parlamento-de-andalucia-aprueba-la-ley-de-emprendimiento\/","name":"EL PARLAMENTO DE ANDALUC\u00cdA APRUEBA LA LEY DE EMPRENDIMIENTO - AJE C\u00e1diz","isPartOf":{"@id":"https:\/\/ajeandalucia.org\/cadiz\/#website"},"primaryImageOfPage":{"@id":"https:\/\/ajeandalucia.org\/cadiz\/2018\/04\/26\/el-parlamento-de-andalucia-aprueba-la-ley-de-emprendimiento\/#primaryimage"},"image":{"@id":"https:\/\/ajeandalucia.org\/cadiz\/2018\/04\/26\/el-parlamento-de-andalucia-aprueba-la-ley-de-emprendimiento\/#primaryimage"},"thumbnailUrl":"https:\/\/ajeandalucia.org\/cadiz\/wp-content\/uploads\/sites\/5\/2018\/05\/parlam-and-ley-emprend-260418.jpg","datePublished":"2018-04-26T10:54:36+00:00","dateModified":"2018-05-14T11:08:32+00:00","breadcrumb":{"@id":"https:\/\/ajeandalucia.org\/cadiz\/2018\/04\/26\/el-parlamento-de-andalucia-aprueba-la-ley-de-emprendimiento\/#breadcrumb"},"inLanguage":"es","potentialAction":[{"@type":"ReadAction","target":["https:\/\/ajeandalucia.org\/cadiz\/2018\/04\/26\/el-parlamento-de-andalucia-aprueba-la-ley-de-emprendimiento\/"]}]},{"@type":"ImageObject","inLanguage":"es","@id":"https:\/\/ajeandalucia.org\/cadiz\/2018\/04\/26\/el-parlamento-de-andalucia-aprueba-la-ley-de-emprendimiento\/#primaryimage","url":"https:\/\/ajeandalucia.org\/cadiz\/wp-content\/uploads\/sites\/5\/2018\/05\/parlam-and-ley-emprend-260418.jpg","contentUrl":"https:\/\/ajeandalucia.org\/cadiz\/wp-content\/uploads\/sites\/5\/2018\/05\/parlam-and-ley-emprend-260418.jpg","width":1280,"height":853},{"@type":"BreadcrumbList","@id":"https:\/\/ajeandalucia.org\/cadiz\/2018\/04\/26\/el-parlamento-de-andalucia-aprueba-la-ley-de-emprendimiento\/#breadcrumb","itemListElement":[{"@type":"ListItem","position":1,"name":"Portada","item":"https:\/\/ajeandalucia.org\/cadiz\/"},{"@type":"ListItem","position":2,"name":"EL PARLAMENTO DE ANDALUC\u00cdA APRUEBA LA LEY DE EMPRENDIMIENTO"}]},{"@type":"WebSite","@id":"https:\/\/ajeandalucia.org\/cadiz\/#website","url":"https:\/\/ajeandalucia.org\/cadiz\/","name":"AJE C\u00e1diz","description":"Otro sitio m\u00e1s de AJE Andaluc\u00eda","publisher":{"@id":"https:\/\/ajeandalucia.org\/cadiz\/#organization"},"potentialAction":[{"@type":"SearchAction","target":{"@type":"EntryPoint","urlTemplate":"https:\/\/ajeandalucia.org\/cadiz\/?s={search_term_string}"},"query-input":{"@type":"PropertyValueSpecification","valueRequired":true,"valueName":"search_term_string"}}],"inLanguage":"es"},{"@type":"Organization","@id":"https:\/\/ajeandalucia.org\/cadiz\/#organization","name":"AJE C\u00e1diz","url":"https:\/\/ajeandalucia.org\/cadiz\/","logo":{"@type":"ImageObject","inLanguage":"es","@id":"https:\/\/ajeandalucia.org\/cadiz\/#\/schema\/logo\/image\/","url":"https:\/\/ajeandalucia.org\/cadiz\/wp-content\/uploads\/sites\/5\/2025\/01\/AJE-CADIZ-horizontal.png","contentUrl":"https:\/\/ajeandalucia.org\/cadiz\/wp-content\/uploads\/sites\/5\/2025\/01\/AJE-CADIZ-horizontal.png","width":605,"height":200,"caption":"AJE C\u00e1diz"},"image":{"@id":"https:\/\/ajeandalucia.org\/cadiz\/#\/schema\/logo\/image\/"}},{"@type":"Person","@id":"https:\/\/ajeandalucia.org\/cadiz\/#\/schema\/person\/dce63ebda5f85792a4f3061905a9f15a","name":"cadiz","image":{"@type":"ImageObject","inLanguage":"es","@id":"https:\/\/ajeandalucia.org\/cadiz\/#\/schema\/person\/image\/","url":"https:\/\/secure.gravatar.com\/avatar\/e60287d271698686eba86c2f7f8485140fdb3db29714804eebe944be2ec6f47b?s=96&d=mm&r=g","contentUrl":"https:\/\/secure.gravatar.com\/avatar\/e60287d271698686eba86c2f7f8485140fdb3db29714804eebe944be2ec6f47b?s=96&d=mm&r=g","caption":"cadiz"},"url":"https:\/\/ajeandalucia.org\/cadiz\/author\/cadiz\/"}]}},"_links":{"self":[{"href":"https:\/\/ajeandalucia.org\/cadiz\/wp-json\/wp\/v2\/posts\/814","targetHints":{"allow":["GET"]}}],"collection":[{"href":"https:\/\/ajeandalucia.org\/cadiz\/wp-json\/wp\/v2\/posts"}],"about":[{"href":"https:\/\/ajeandalucia.org\/cadiz\/wp-json\/wp\/v2\/types\/post"}],"author":[{"embeddable":true,"href":"https:\/\/ajeandalucia.org\/cadiz\/wp-json\/wp\/v2\/users\/4"}],"replies":[{"embeddable":true,"href":"https:\/\/ajeandalucia.org\/cadiz\/wp-json\/wp\/v2\/comments?post=814"}],"version-history":[{"count":1,"href":"https:\/\/ajeandalucia.org\/cadiz\/wp-json\/wp\/v2\/posts\/814\/revisions"}],"predecessor-version":[{"id":816,"href":"https:\/\/ajeandalucia.org\/cadiz\/wp-json\/wp\/v2\/posts\/814\/revisions\/816"}],"wp:featuredmedia":[{"embeddable":true,"href":"https:\/\/ajeandalucia.org\/cadiz\/wp-json\/wp\/v2\/media\/815"}],"wp:attachment":[{"href":"https:\/\/ajeandalucia.org\/cadiz\/wp-json\/wp\/v2\/media?parent=814"}],"wp:term":[{"taxonomy":"category","embeddable":true,"href":"https:\/\/ajeandalucia.org\/cadiz\/wp-json\/wp\/v2\/categories?post=814"},{"taxonomy":"post_tag","embeddable":true,"href":"https:\/\/ajeandalucia.org\/cadiz\/wp-json\/wp\/v2\/tags?post=814"}],"curies":[{"name":"wp","href":"https:\/\/api.w.org\/{rel}","templated":true}]}}