{"id":873,"date":"2018-06-16T12:38:09","date_gmt":"2018-06-16T12:38:09","guid":{"rendered":"http:\/\/www.ajeandalucia.org\/cadiz\/?p=873"},"modified":"2018-06-28T12:44:52","modified_gmt":"2018-06-28T12:44:52","slug":"la-cea-organiza-en-cadiz-una-sesion-del-foro-de-inversion-para-emprendedores-de-cea-empresas","status":"publish","type":"post","link":"https:\/\/ajeandalucia.org\/cadiz\/2018\/06\/16\/la-cea-organiza-en-cadiz-una-sesion-del-foro-de-inversion-para-emprendedores-de-cea-empresas\/","title":{"rendered":"LA CEA ORGANIZA EN C\u00c1DIZ UNA SESI\u00d3N DEL FORO DE INVERSI\u00d3N PARA EMPRENDEDORES DE CEA +EMPRESAS"},"content":{"rendered":"<p>La sede de C\u00e1diz de la Confederaci\u00f3n de Empresarios de la provincia de C\u00e1diz (CEC) ha acogido una sesi\u00f3n del \u00a0Foro\u00a0 de\u00a0 Inversi\u00f3n\u00a0 para\u00a0 Emprendedores, en el que han participado peque\u00f1as y medianas y representantes de inversores, organizado con la colaboraci\u00f3n de la Asociaci\u00f3n de J\u00f3venes Empresarios de C\u00e1diz y la iniciativa de Confederaci\u00f3n de Empresarios de Andaluc\u00eda, en el marco del proyecto de Fomento de la Cultura Emprendedora y del Autoempleo 2017 (CEA +empresas), financiado por la Consejer\u00eda de Econom\u00eda y Conocimiento.<\/p>\n<p>El encuentro ha contado con m\u00e1s de 60 asistentes, present\u00e1ndose 25 proyectos empresariales. En el Speedy networking posterior estuvieron presentes 40 empresas<\/p>\n<p>En la inauguraci\u00f3n de la jornada, la secretaria general de la CEC, Carmen Romero, ha explicado que\u00a0<strong>el objetivo de CEA +empresas es fomentar la cultura emprendedora mediante un conjunto de actuaciones encaminadas a apoyar y promover la generaci\u00f3n de nuevas empresas.<\/strong>\u00a0Carmen Romero ha estado acompa\u00f1ado por M\u00f3nica Moreno, presidenta de AJE Andaluc\u00eda y vicepresidenta de CEAJE.<\/p>\n<p>Durante la jornada, los emprendedores y empresas asistentes han podido contactar personalmente con representantes de inversores: Grupo PGS, Univen Capital, Bankia, CSF Consultores y Alliance Strategic.<\/p>\n<p>La secretaria general de la CEC ha destacado que<strong>\u00a0\u201cla provincia de C\u00e1diz tiene un importante componente de ingenio e innovaci\u00f3n que no est\u00e1 lo suficientemente aprovechado.\u00a0<\/strong>Los proyectos empresariales deben ser analizados por personal cualificado y especializado en los distintos sectores productivos. Y es aqu\u00ed donde, desde CEA +Empresas se puede dar apoyo a los emprendedores, ayud\u00e1ndoles a analizar la viabilidad de sus potenciales negocios y sus estructuras de producci\u00f3n de bienes o servicios\u201d, ha asegurado Carmen Romero.<\/p>\n<p>A trav\u00e9s de este proyecto se presta el asesoramiento y apoyo t\u00e9cnico gratuito necesario para la puesta en marcha y consolidaci\u00f3n de proyectos empresariales,\u00a0<strong>desde la elaboraci\u00f3n del plan de empresa, viabilidad del proyecto, tr\u00e1mites administrativos para su puesta en marcha, informaci\u00f3n sobre ayudas disponibles e incentivos, financiaci\u00f3n y plan de marketing.<\/strong><\/p>\n","protected":false},"excerpt":{"rendered":"<p>La sede de C\u00e1diz de la Confederaci\u00f3n de Empresarios de la provincia de C\u00e1diz (CEC) ha acogido una sesi\u00f3n del [&hellip;]<\/p>\n","protected":false},"author":4,"featured_media":874,"comment_status":"open","ping_status":"open","sticky":false,"template":"","format":"standard","meta":{"_acf_changed":false,"site-sidebar-layout":"default","site-content-layout":"","ast-site-content-layout":"default","site-content-style":"default","site-sidebar-style":"default","ast-global-header-display":"","ast-banner-title-visibility":"","ast-main-header-display":"","ast-hfb-above-header-display":"","ast-hfb-below-header-display":"","ast-hfb-mobile-header-display":"","site-post-title":"","ast-breadcrumbs-content":"","ast-featured-img":"","footer-sml-layout":"","ast-disable-related-posts":"","theme-transparent-header-meta":"","adv-header-id-meta":"","stick-header-meta":"","header-above-stick-meta":"","header-main-stick-meta":"","header-below-stick-meta":"","astra-migrate-meta-layouts":"default","ast-page-background-enabled":"default","ast-page-background-meta":{"desktop":{"background-color":"var(--ast-global-color-5)","background-image":"","background-repeat":"repeat","background-position":"center center","background-size":"auto","background-attachment":"scroll","background-type":"","background-media":"","overlay-type":"","overlay-color":"","overlay-opacity":"","overlay-gradient":""},"tablet":{"background-color":"","background-image":"","background-repeat":"repeat","background-position":"center center","background-size":"auto","background-attachment":"scroll","background-type":"","background-media":"","overlay-type":"","overlay-color":"","overlay-opacity":"","overlay-gradient":""},"mobile":{"background-color":"","background-image":"","background-repeat":"repeat","background-position":"center center","background-size":"auto","background-attachment":"scroll","background-type":"","background-media":"","overlay-type":"","overlay-color":"","overlay-opacity":"","overlay-gradient":""}},"ast-content-background-meta":{"desktop":{"background-color":"var(--ast-global-color-4)","background-image":"","background-repeat":"repeat","background-position":"center center","background-size":"auto","background-attachment":"scroll","background-type":"","background-media":"","overlay-type":"","overlay-color":"","overlay-opacity":"","overlay-gradient":""},"tablet":{"background-color":"var(--ast-global-color-4)","background-image":"","background-repeat":"repeat","background-position":"center center","background-size":"auto","background-attachment":"scroll","background-type":"","background-media":"","overlay-type":"","overlay-color":"","overlay-opacity":"","overlay-gradient":""},"mobile":{"background-color":"var(--ast-global-color-4)","background-image":"","background-repeat":"repeat","background-position":"center center","background-size":"auto","background-attachment":"scroll","background-type":"","background-media":"","overlay-type":"","overlay-color":"","overlay-opacity":"","overlay-gradient":""}},"footnotes":""},"categories":[8],"tags":[],"class_list":["post-873","post","type-post","status-publish","format-standard","has-post-thumbnail","hentry","category-noticias"],"acf":[],"yoast_head":"<!-- This site is optimized with the Yoast SEO plugin v26.9 - https:\/\/yoast.com\/product\/yoast-seo-wordpress\/ -->\n<title>LA CEA ORGANIZA EN C\u00c1DIZ UNA SESI\u00d3N DEL FORO DE INVERSI\u00d3N PARA EMPRENDEDORES DE CEA +EMPRESAS - AJE C\u00e1diz<\/title>\n<meta name=\"robots\" content=\"index, follow, max-snippet:-1, max-image-preview:large, max-video-preview:-1\" \/>\n<link rel=\"canonical\" href=\"https:\/\/ajeandalucia.org\/cadiz\/2018\/06\/16\/la-cea-organiza-en-cadiz-una-sesion-del-foro-de-inversion-para-emprendedores-de-cea-empresas\/\" \/>\n<meta property=\"og:locale\" content=\"es_ES\" \/>\n<meta property=\"og:type\" content=\"article\" \/>\n<meta property=\"og:title\" content=\"LA CEA ORGANIZA EN C\u00c1DIZ UNA SESI\u00d3N DEL FORO DE INVERSI\u00d3N PARA EMPRENDEDORES DE CEA +EMPRESAS - AJE C\u00e1diz\" \/>\n<meta property=\"og:description\" content=\"La sede de C\u00e1diz de la Confederaci\u00f3n de Empresarios de la provincia de C\u00e1diz (CEC) ha acogido una sesi\u00f3n del [&hellip;]\" \/>\n<meta property=\"og:url\" content=\"https:\/\/ajeandalucia.org\/cadiz\/2018\/06\/16\/la-cea-organiza-en-cadiz-una-sesion-del-foro-de-inversion-para-emprendedores-de-cea-empresas\/\" \/>\n<meta property=\"og:site_name\" content=\"AJE C\u00e1diz\" \/>\n<meta property=\"article:published_time\" content=\"2018-06-16T12:38:09+00:00\" \/>\n<meta property=\"article:modified_time\" content=\"2018-06-28T12:44:52+00:00\" \/>\n<meta property=\"og:image\" content=\"https:\/\/ajeandalucia.org\/cadiz\/wp-content\/uploads\/sites\/5\/2018\/06\/FOROS-INVERSION-INAUGURACION.jpg\" \/>\n\t<meta property=\"og:image:width\" content=\"990\" \/>\n\t<meta property=\"og:image:height\" content=\"660\" \/>\n\t<meta property=\"og:image:type\" content=\"image\/jpeg\" \/>\n<meta name=\"author\" content=\"cadiz\" \/>\n<meta name=\"twitter:card\" content=\"summary_large_image\" \/>\n<meta name=\"twitter:label1\" content=\"Escrito por\" \/>\n\t<meta name=\"twitter:data1\" content=\"cadiz\" \/>\n\t<meta name=\"twitter:label2\" content=\"Tiempo de lectura\" \/>\n\t<meta name=\"twitter:data2\" content=\"2 minutos\" \/>\n<script type=\"application\/ld+json\" class=\"yoast-schema-graph\">{\"@context\":\"https:\/\/schema.org\",\"@graph\":[{\"@type\":\"Article\",\"@id\":\"https:\/\/ajeandalucia.org\/cadiz\/2018\/06\/16\/la-cea-organiza-en-cadiz-una-sesion-del-foro-de-inversion-para-emprendedores-de-cea-empresas\/#article\",\"isPartOf\":{\"@id\":\"https:\/\/ajeandalucia.org\/cadiz\/2018\/06\/16\/la-cea-organiza-en-cadiz-una-sesion-del-foro-de-inversion-para-emprendedores-de-cea-empresas\/\"},\"author\":{\"name\":\"cadiz\",\"@id\":\"https:\/\/ajeandalucia.org\/cadiz\/#\/schema\/person\/dce63ebda5f85792a4f3061905a9f15a\"},\"headline\":\"LA CEA ORGANIZA EN C\u00c1DIZ UNA SESI\u00d3N DEL FORO DE INVERSI\u00d3N PARA EMPRENDEDORES DE CEA +EMPRESAS\",\"datePublished\":\"2018-06-16T12:38:09+00:00\",\"dateModified\":\"2018-06-28T12:44:52+00:00\",\"mainEntityOfPage\":{\"@id\":\"https:\/\/ajeandalucia.org\/cadiz\/2018\/06\/16\/la-cea-organiza-en-cadiz-una-sesion-del-foro-de-inversion-para-emprendedores-de-cea-empresas\/\"},\"wordCount\":367,\"commentCount\":0,\"publisher\":{\"@id\":\"https:\/\/ajeandalucia.org\/cadiz\/#organization\"},\"image\":{\"@id\":\"https:\/\/ajeandalucia.org\/cadiz\/2018\/06\/16\/la-cea-organiza-en-cadiz-una-sesion-del-foro-de-inversion-para-emprendedores-de-cea-empresas\/#primaryimage\"},\"thumbnailUrl\":\"https:\/\/ajeandalucia.org\/cadiz\/wp-content\/uploads\/sites\/5\/2018\/06\/FOROS-INVERSION-INAUGURACION.jpg\",\"articleSection\":[\"Noticias\"],\"inLanguage\":\"es\",\"potentialAction\":[{\"@type\":\"CommentAction\",\"name\":\"Comment\",\"target\":[\"https:\/\/ajeandalucia.org\/cadiz\/2018\/06\/16\/la-cea-organiza-en-cadiz-una-sesion-del-foro-de-inversion-para-emprendedores-de-cea-empresas\/#respond\"]}]},{\"@type\":\"WebPage\",\"@id\":\"https:\/\/ajeandalucia.org\/cadiz\/2018\/06\/16\/la-cea-organiza-en-cadiz-una-sesion-del-foro-de-inversion-para-emprendedores-de-cea-empresas\/\",\"url\":\"https:\/\/ajeandalucia.org\/cadiz\/2018\/06\/16\/la-cea-organiza-en-cadiz-una-sesion-del-foro-de-inversion-para-emprendedores-de-cea-empresas\/\",\"name\":\"LA CEA ORGANIZA EN C\u00c1DIZ UNA SESI\u00d3N DEL FORO DE INVERSI\u00d3N PARA EMPRENDEDORES DE CEA +EMPRESAS - AJE C\u00e1diz\",\"isPartOf\":{\"@id\":\"https:\/\/ajeandalucia.org\/cadiz\/#website\"},\"primaryImageOfPage\":{\"@id\":\"https:\/\/ajeandalucia.org\/cadiz\/2018\/06\/16\/la-cea-organiza-en-cadiz-una-sesion-del-foro-de-inversion-para-emprendedores-de-cea-empresas\/#primaryimage\"},\"image\":{\"@id\":\"https:\/\/ajeandalucia.org\/cadiz\/2018\/06\/16\/la-cea-organiza-en-cadiz-una-sesion-del-foro-de-inversion-para-emprendedores-de-cea-empresas\/#primaryimage\"},\"thumbnailUrl\":\"https:\/\/ajeandalucia.org\/cadiz\/wp-content\/uploads\/sites\/5\/2018\/06\/FOROS-INVERSION-INAUGURACION.jpg\",\"datePublished\":\"2018-06-16T12:38:09+00:00\",\"dateModified\":\"2018-06-28T12:44:52+00:00\",\"breadcrumb\":{\"@id\":\"https:\/\/ajeandalucia.org\/cadiz\/2018\/06\/16\/la-cea-organiza-en-cadiz-una-sesion-del-foro-de-inversion-para-emprendedores-de-cea-empresas\/#breadcrumb\"},\"inLanguage\":\"es\",\"potentialAction\":[{\"@type\":\"ReadAction\",\"target\":[\"https:\/\/ajeandalucia.org\/cadiz\/2018\/06\/16\/la-cea-organiza-en-cadiz-una-sesion-del-foro-de-inversion-para-emprendedores-de-cea-empresas\/\"]}]},{\"@type\":\"ImageObject\",\"inLanguage\":\"es\",\"@id\":\"https:\/\/ajeandalucia.org\/cadiz\/2018\/06\/16\/la-cea-organiza-en-cadiz-una-sesion-del-foro-de-inversion-para-emprendedores-de-cea-empresas\/#primaryimage\",\"url\":\"https:\/\/ajeandalucia.org\/cadiz\/wp-content\/uploads\/sites\/5\/2018\/06\/FOROS-INVERSION-INAUGURACION.jpg\",\"contentUrl\":\"https:\/\/ajeandalucia.org\/cadiz\/wp-content\/uploads\/sites\/5\/2018\/06\/FOROS-INVERSION-INAUGURACION.jpg\",\"width\":990,\"height\":660},{\"@type\":\"BreadcrumbList\",\"@id\":\"https:\/\/ajeandalucia.org\/cadiz\/2018\/06\/16\/la-cea-organiza-en-cadiz-una-sesion-del-foro-de-inversion-para-emprendedores-de-cea-empresas\/#breadcrumb\",\"itemListElement\":[{\"@type\":\"ListItem\",\"position\":1,\"name\":\"Portada\",\"item\":\"https:\/\/ajeandalucia.org\/cadiz\/\"},{\"@type\":\"ListItem\",\"position\":2,\"name\":\"LA CEA ORGANIZA EN C\u00c1DIZ UNA SESI\u00d3N DEL FORO DE INVERSI\u00d3N PARA EMPRENDEDORES DE CEA +EMPRESAS\"}]},{\"@type\":\"WebSite\",\"@id\":\"https:\/\/ajeandalucia.org\/cadiz\/#website\",\"url\":\"https:\/\/ajeandalucia.org\/cadiz\/\",\"name\":\"AJE C\u00e1diz\",\"description\":\"Otro sitio m\u00e1s de AJE Andaluc\u00eda\",\"publisher\":{\"@id\":\"https:\/\/ajeandalucia.org\/cadiz\/#organization\"},\"potentialAction\":[{\"@type\":\"SearchAction\",\"target\":{\"@type\":\"EntryPoint\",\"urlTemplate\":\"https:\/\/ajeandalucia.org\/cadiz\/?s={search_term_string}\"},\"query-input\":{\"@type\":\"PropertyValueSpecification\",\"valueRequired\":true,\"valueName\":\"search_term_string\"}}],\"inLanguage\":\"es\"},{\"@type\":\"Organization\",\"@id\":\"https:\/\/ajeandalucia.org\/cadiz\/#organization\",\"name\":\"AJE C\u00e1diz\",\"url\":\"https:\/\/ajeandalucia.org\/cadiz\/\",\"logo\":{\"@type\":\"ImageObject\",\"inLanguage\":\"es\",\"@id\":\"https:\/\/ajeandalucia.org\/cadiz\/#\/schema\/logo\/image\/\",\"url\":\"https:\/\/ajeandalucia.org\/cadiz\/wp-content\/uploads\/sites\/5\/2025\/01\/AJE-CADIZ-horizontal.png\",\"contentUrl\":\"https:\/\/ajeandalucia.org\/cadiz\/wp-content\/uploads\/sites\/5\/2025\/01\/AJE-CADIZ-horizontal.png\",\"width\":605,\"height\":200,\"caption\":\"AJE C\u00e1diz\"},\"image\":{\"@id\":\"https:\/\/ajeandalucia.org\/cadiz\/#\/schema\/logo\/image\/\"}},{\"@type\":\"Person\",\"@id\":\"https:\/\/ajeandalucia.org\/cadiz\/#\/schema\/person\/dce63ebda5f85792a4f3061905a9f15a\",\"name\":\"cadiz\",\"image\":{\"@type\":\"ImageObject\",\"inLanguage\":\"es\",\"@id\":\"https:\/\/ajeandalucia.org\/cadiz\/#\/schema\/person\/image\/\",\"url\":\"https:\/\/secure.gravatar.com\/avatar\/e60287d271698686eba86c2f7f8485140fdb3db29714804eebe944be2ec6f47b?s=96&d=mm&r=g\",\"contentUrl\":\"https:\/\/secure.gravatar.com\/avatar\/e60287d271698686eba86c2f7f8485140fdb3db29714804eebe944be2ec6f47b?s=96&d=mm&r=g\",\"caption\":\"cadiz\"},\"url\":\"https:\/\/ajeandalucia.org\/cadiz\/author\/cadiz\/\"}]}<\/script>\n<!-- \/ Yoast SEO plugin. -->","yoast_head_json":{"title":"LA CEA ORGANIZA EN C\u00c1DIZ UNA SESI\u00d3N DEL FORO DE INVERSI\u00d3N PARA EMPRENDEDORES DE CEA +EMPRESAS - AJE C\u00e1diz","robots":{"index":"index","follow":"follow","max-snippet":"max-snippet:-1","max-image-preview":"max-image-preview:large","max-video-preview":"max-video-preview:-1"},"canonical":"https:\/\/ajeandalucia.org\/cadiz\/2018\/06\/16\/la-cea-organiza-en-cadiz-una-sesion-del-foro-de-inversion-para-emprendedores-de-cea-empresas\/","og_locale":"es_ES","og_type":"article","og_title":"LA CEA ORGANIZA EN C\u00c1DIZ UNA SESI\u00d3N DEL FORO DE INVERSI\u00d3N PARA EMPRENDEDORES DE CEA +EMPRESAS - AJE C\u00e1diz","og_description":"La sede de C\u00e1diz de la Confederaci\u00f3n de Empresarios de la provincia de C\u00e1diz (CEC) ha acogido una sesi\u00f3n del [&hellip;]","og_url":"https:\/\/ajeandalucia.org\/cadiz\/2018\/06\/16\/la-cea-organiza-en-cadiz-una-sesion-del-foro-de-inversion-para-emprendedores-de-cea-empresas\/","og_site_name":"AJE C\u00e1diz","article_published_time":"2018-06-16T12:38:09+00:00","article_modified_time":"2018-06-28T12:44:52+00:00","og_image":[{"width":990,"height":660,"url":"https:\/\/ajeandalucia.org\/cadiz\/wp-content\/uploads\/sites\/5\/2018\/06\/FOROS-INVERSION-INAUGURACION.jpg","type":"image\/jpeg"}],"author":"cadiz","twitter_card":"summary_large_image","twitter_misc":{"Escrito por":"cadiz","Tiempo de lectura":"2 minutos"},"schema":{"@context":"https:\/\/schema.org","@graph":[{"@type":"Article","@id":"https:\/\/ajeandalucia.org\/cadiz\/2018\/06\/16\/la-cea-organiza-en-cadiz-una-sesion-del-foro-de-inversion-para-emprendedores-de-cea-empresas\/#article","isPartOf":{"@id":"https:\/\/ajeandalucia.org\/cadiz\/2018\/06\/16\/la-cea-organiza-en-cadiz-una-sesion-del-foro-de-inversion-para-emprendedores-de-cea-empresas\/"},"author":{"name":"cadiz","@id":"https:\/\/ajeandalucia.org\/cadiz\/#\/schema\/person\/dce63ebda5f85792a4f3061905a9f15a"},"headline":"LA CEA ORGANIZA EN C\u00c1DIZ UNA SESI\u00d3N DEL FORO DE INVERSI\u00d3N PARA EMPRENDEDORES DE CEA +EMPRESAS","datePublished":"2018-06-16T12:38:09+00:00","dateModified":"2018-06-28T12:44:52+00:00","mainEntityOfPage":{"@id":"https:\/\/ajeandalucia.org\/cadiz\/2018\/06\/16\/la-cea-organiza-en-cadiz-una-sesion-del-foro-de-inversion-para-emprendedores-de-cea-empresas\/"},"wordCount":367,"commentCount":0,"publisher":{"@id":"https:\/\/ajeandalucia.org\/cadiz\/#organization"},"image":{"@id":"https:\/\/ajeandalucia.org\/cadiz\/2018\/06\/16\/la-cea-organiza-en-cadiz-una-sesion-del-foro-de-inversion-para-emprendedores-de-cea-empresas\/#primaryimage"},"thumbnailUrl":"https:\/\/ajeandalucia.org\/cadiz\/wp-content\/uploads\/sites\/5\/2018\/06\/FOROS-INVERSION-INAUGURACION.jpg","articleSection":["Noticias"],"inLanguage":"es","potentialAction":[{"@type":"CommentAction","name":"Comment","target":["https:\/\/ajeandalucia.org\/cadiz\/2018\/06\/16\/la-cea-organiza-en-cadiz-una-sesion-del-foro-de-inversion-para-emprendedores-de-cea-empresas\/#respond"]}]},{"@type":"WebPage","@id":"https:\/\/ajeandalucia.org\/cadiz\/2018\/06\/16\/la-cea-organiza-en-cadiz-una-sesion-del-foro-de-inversion-para-emprendedores-de-cea-empresas\/","url":"https:\/\/ajeandalucia.org\/cadiz\/2018\/06\/16\/la-cea-organiza-en-cadiz-una-sesion-del-foro-de-inversion-para-emprendedores-de-cea-empresas\/","name":"LA CEA ORGANIZA EN C\u00c1DIZ UNA SESI\u00d3N DEL FORO DE INVERSI\u00d3N PARA EMPRENDEDORES DE CEA +EMPRESAS - AJE C\u00e1diz","isPartOf":{"@id":"https:\/\/ajeandalucia.org\/cadiz\/#website"},"primaryImageOfPage":{"@id":"https:\/\/ajeandalucia.org\/cadiz\/2018\/06\/16\/la-cea-organiza-en-cadiz-una-sesion-del-foro-de-inversion-para-emprendedores-de-cea-empresas\/#primaryimage"},"image":{"@id":"https:\/\/ajeandalucia.org\/cadiz\/2018\/06\/16\/la-cea-organiza-en-cadiz-una-sesion-del-foro-de-inversion-para-emprendedores-de-cea-empresas\/#primaryimage"},"thumbnailUrl":"https:\/\/ajeandalucia.org\/cadiz\/wp-content\/uploads\/sites\/5\/2018\/06\/FOROS-INVERSION-INAUGURACION.jpg","datePublished":"2018-06-16T12:38:09+00:00","dateModified":"2018-06-28T12:44:52+00:00","breadcrumb":{"@id":"https:\/\/ajeandalucia.org\/cadiz\/2018\/06\/16\/la-cea-organiza-en-cadiz-una-sesion-del-foro-de-inversion-para-emprendedores-de-cea-empresas\/#breadcrumb"},"inLanguage":"es","potentialAction":[{"@type":"ReadAction","target":["https:\/\/ajeandalucia.org\/cadiz\/2018\/06\/16\/la-cea-organiza-en-cadiz-una-sesion-del-foro-de-inversion-para-emprendedores-de-cea-empresas\/"]}]},{"@type":"ImageObject","inLanguage":"es","@id":"https:\/\/ajeandalucia.org\/cadiz\/2018\/06\/16\/la-cea-organiza-en-cadiz-una-sesion-del-foro-de-inversion-para-emprendedores-de-cea-empresas\/#primaryimage","url":"https:\/\/ajeandalucia.org\/cadiz\/wp-content\/uploads\/sites\/5\/2018\/06\/FOROS-INVERSION-INAUGURACION.jpg","contentUrl":"https:\/\/ajeandalucia.org\/cadiz\/wp-content\/uploads\/sites\/5\/2018\/06\/FOROS-INVERSION-INAUGURACION.jpg","width":990,"height":660},{"@type":"BreadcrumbList","@id":"https:\/\/ajeandalucia.org\/cadiz\/2018\/06\/16\/la-cea-organiza-en-cadiz-una-sesion-del-foro-de-inversion-para-emprendedores-de-cea-empresas\/#breadcrumb","itemListElement":[{"@type":"ListItem","position":1,"name":"Portada","item":"https:\/\/ajeandalucia.org\/cadiz\/"},{"@type":"ListItem","position":2,"name":"LA CEA ORGANIZA EN C\u00c1DIZ UNA SESI\u00d3N DEL FORO DE INVERSI\u00d3N PARA EMPRENDEDORES DE CEA +EMPRESAS"}]},{"@type":"WebSite","@id":"https:\/\/ajeandalucia.org\/cadiz\/#website","url":"https:\/\/ajeandalucia.org\/cadiz\/","name":"AJE C\u00e1diz","description":"Otro sitio m\u00e1s de AJE Andaluc\u00eda","publisher":{"@id":"https:\/\/ajeandalucia.org\/cadiz\/#organization"},"potentialAction":[{"@type":"SearchAction","target":{"@type":"EntryPoint","urlTemplate":"https:\/\/ajeandalucia.org\/cadiz\/?s={search_term_string}"},"query-input":{"@type":"PropertyValueSpecification","valueRequired":true,"valueName":"search_term_string"}}],"inLanguage":"es"},{"@type":"Organization","@id":"https:\/\/ajeandalucia.org\/cadiz\/#organization","name":"AJE C\u00e1diz","url":"https:\/\/ajeandalucia.org\/cadiz\/","logo":{"@type":"ImageObject","inLanguage":"es","@id":"https:\/\/ajeandalucia.org\/cadiz\/#\/schema\/logo\/image\/","url":"https:\/\/ajeandalucia.org\/cadiz\/wp-content\/uploads\/sites\/5\/2025\/01\/AJE-CADIZ-horizontal.png","contentUrl":"https:\/\/ajeandalucia.org\/cadiz\/wp-content\/uploads\/sites\/5\/2025\/01\/AJE-CADIZ-horizontal.png","width":605,"height":200,"caption":"AJE C\u00e1diz"},"image":{"@id":"https:\/\/ajeandalucia.org\/cadiz\/#\/schema\/logo\/image\/"}},{"@type":"Person","@id":"https:\/\/ajeandalucia.org\/cadiz\/#\/schema\/person\/dce63ebda5f85792a4f3061905a9f15a","name":"cadiz","image":{"@type":"ImageObject","inLanguage":"es","@id":"https:\/\/ajeandalucia.org\/cadiz\/#\/schema\/person\/image\/","url":"https:\/\/secure.gravatar.com\/avatar\/e60287d271698686eba86c2f7f8485140fdb3db29714804eebe944be2ec6f47b?s=96&d=mm&r=g","contentUrl":"https:\/\/secure.gravatar.com\/avatar\/e60287d271698686eba86c2f7f8485140fdb3db29714804eebe944be2ec6f47b?s=96&d=mm&r=g","caption":"cadiz"},"url":"https:\/\/ajeandalucia.org\/cadiz\/author\/cadiz\/"}]}},"_links":{"self":[{"href":"https:\/\/ajeandalucia.org\/cadiz\/wp-json\/wp\/v2\/posts\/873","targetHints":{"allow":["GET"]}}],"collection":[{"href":"https:\/\/ajeandalucia.org\/cadiz\/wp-json\/wp\/v2\/posts"}],"about":[{"href":"https:\/\/ajeandalucia.org\/cadiz\/wp-json\/wp\/v2\/types\/post"}],"author":[{"embeddable":true,"href":"https:\/\/ajeandalucia.org\/cadiz\/wp-json\/wp\/v2\/users\/4"}],"replies":[{"embeddable":true,"href":"https:\/\/ajeandalucia.org\/cadiz\/wp-json\/wp\/v2\/comments?post=873"}],"version-history":[{"count":1,"href":"https:\/\/ajeandalucia.org\/cadiz\/wp-json\/wp\/v2\/posts\/873\/revisions"}],"predecessor-version":[{"id":875,"href":"https:\/\/ajeandalucia.org\/cadiz\/wp-json\/wp\/v2\/posts\/873\/revisions\/875"}],"wp:featuredmedia":[{"embeddable":true,"href":"https:\/\/ajeandalucia.org\/cadiz\/wp-json\/wp\/v2\/media\/874"}],"wp:attachment":[{"href":"https:\/\/ajeandalucia.org\/cadiz\/wp-json\/wp\/v2\/media?parent=873"}],"wp:term":[{"taxonomy":"category","embeddable":true,"href":"https:\/\/ajeandalucia.org\/cadiz\/wp-json\/wp\/v2\/categories?post=873"},{"taxonomy":"post_tag","embeddable":true,"href":"https:\/\/ajeandalucia.org\/cadiz\/wp-json\/wp\/v2\/tags?post=873"}],"curies":[{"name":"wp","href":"https:\/\/api.w.org\/{rel}","templated":true}]}}