{"id":948,"date":"2019-01-10T13:02:30","date_gmt":"2019-01-10T13:02:30","guid":{"rendered":"http:\/\/www.ajeandalucia.org\/cadiz\/?p=948"},"modified":"2019-01-29T13:09:28","modified_gmt":"2019-01-29T13:09:28","slug":"conectando-empresas-cadiz","status":"publish","type":"post","link":"https:\/\/ajeandalucia.org\/cadiz\/2019\/01\/10\/conectando-empresas-cadiz\/","title":{"rendered":"CONECTANDO EMPRESAS \u2013 C\u00e1diz"},"content":{"rendered":"<p>La Asociaci\u00f3n de J\u00f3venes Empresarios de Andaluc\u00eda (AJE) va a celebrar, el 7 de Febrero de 2019 en C\u00e1diz, la jornada\u00a0<strong>\u201cConectando Empresas\u201d\u00a0<\/strong>dirigidos a j\u00f3venes empresarios\u00a0de toda Andaluc\u00eda, con el fin de hacer m\u00e1s accesible el conocimiento de las iniciativas empresariales.<\/p>\n<p>Esta iniciativa forma parte de las actividades del proyecto \u201c<strong>Fomento de la Cultura Empresarial\u201d (J\u00f3venes y Empresarios)<\/strong>, que AJE Andaluc\u00eda\u00a0desarrolla en colaboraci\u00f3n con sus Organizaciones Territoriales y con la subvenci\u00f3n\u00a0de la Consejer\u00eda de Econom\u00eda, Hacienda y Administraci\u00f3n P\u00fablica.<\/p>\n<p>El objetivo que se persigue a trav\u00e9s de esta din\u00e1mica, es ofertar un espacio\u00a0para j\u00f3venes empresarios de diferentes sectores donde poder impulsar su actividad, poner en valor su idea de negocio y darse a conocer dentro de las redes empresariales de la regi\u00f3n.\u00a0A trav\u00e9s de esta din\u00e1mica, se trabajar\u00e1 para que la consecuci\u00f3n de la misma repercuta directamente en la creaci\u00f3n de negocio, en la generaci\u00f3n de riqueza, ampliar las redes del tejido empresarial que nos une y posibilitar la cooperaci\u00f3n entre empresarios de Andaluc\u00eda.<\/p>\n<p>Para ello, estos Foros contar\u00e1n con:<br \/>\n\u25a0 Ponencia &#8220;De 2 a 250 personas en 5 a\u00f1os&#8221;,\u00a0a cargo de Alfredo P\u00e9rez de AYUDA-T.<br \/>\n\u25a0 Mesas de trabajo tem\u00e1ticas de e-commerce y aplicaci\u00f3n de las TIC al turismo.<br \/>\n\u25a0 Breakfast Networking.<br \/>\n\u25a0 Encuentro Comercial\u00a0para todos los asistentes a la jornada.<br \/>\n\u25a0 Encuentros bilaterales B2b.<br \/>\n\u25a0 Agenda de\u00a0negocios.<br \/>\n\u25a0 Y\u00a0mucho mas\u2026<\/p>\n<p>Para mayor informaci\u00f3n sobre el programa e inscripciones, pinche\u00a0<a href=\"http:\/\/eventos.ajeandalucia.org\/web\/\"><strong>aqu\u00ed.<\/strong><\/a><\/p>\n<p>Esta actividad es gratuita y para su mejor rendimiento, tendr\u00e1 una\u00a0<strong>participaci\u00f3n limitada.<\/strong><\/p>\n<p>Consigue contactos profesionales, intercambia\u00a0propuestas, consigue nuevos clientes o conoce\u00a0la situaci\u00f3n de la competencia y de tu mercado.<\/p>\n<p>\u00a1Ven a Conectando Empresas!<\/p>\n","protected":false},"excerpt":{"rendered":"<p>La Asociaci\u00f3n de J\u00f3venes Empresarios de Andaluc\u00eda (AJE) va a celebrar, el 7 de Febrero de 2019 en C\u00e1diz, la [&hellip;]<\/p>\n","protected":false},"author":4,"featured_media":949,"comment_status":"open","ping_status":"open","sticky":false,"template":"","format":"standard","meta":{"_acf_changed":false,"site-sidebar-layout":"default","site-content-layout":"","ast-site-content-layout":"default","site-content-style":"default","site-sidebar-style":"default","ast-global-header-display":"","ast-banner-title-visibility":"","ast-main-header-display":"","ast-hfb-above-header-display":"","ast-hfb-below-header-display":"","ast-hfb-mobile-header-display":"","site-post-title":"","ast-breadcrumbs-content":"","ast-featured-img":"","footer-sml-layout":"","ast-disable-related-posts":"","theme-transparent-header-meta":"","adv-header-id-meta":"","stick-header-meta":"","header-above-stick-meta":"","header-main-stick-meta":"","header-below-stick-meta":"","astra-migrate-meta-layouts":"default","ast-page-background-enabled":"default","ast-page-background-meta":{"desktop":{"background-color":"var(--ast-global-color-5)","background-image":"","background-repeat":"repeat","background-position":"center center","background-size":"auto","background-attachment":"scroll","background-type":"","background-media":"","overlay-type":"","overlay-color":"","overlay-opacity":"","overlay-gradient":""},"tablet":{"background-color":"","background-image":"","background-repeat":"repeat","background-position":"center center","background-size":"auto","background-attachment":"scroll","background-type":"","background-media":"","overlay-type":"","overlay-color":"","overlay-opacity":"","overlay-gradient":""},"mobile":{"background-color":"","background-image":"","background-repeat":"repeat","background-position":"center center","background-size":"auto","background-attachment":"scroll","background-type":"","background-media":"","overlay-type":"","overlay-color":"","overlay-opacity":"","overlay-gradient":""}},"ast-content-background-meta":{"desktop":{"background-color":"var(--ast-global-color-4)","background-image":"","background-repeat":"repeat","background-position":"center center","background-size":"auto","background-attachment":"scroll","background-type":"","background-media":"","overlay-type":"","overlay-color":"","overlay-opacity":"","overlay-gradient":""},"tablet":{"background-color":"var(--ast-global-color-4)","background-image":"","background-repeat":"repeat","background-position":"center center","background-size":"auto","background-attachment":"scroll","background-type":"","background-media":"","overlay-type":"","overlay-color":"","overlay-opacity":"","overlay-gradient":""},"mobile":{"background-color":"var(--ast-global-color-4)","background-image":"","background-repeat":"repeat","background-position":"center center","background-size":"auto","background-attachment":"scroll","background-type":"","background-media":"","overlay-type":"","overlay-color":"","overlay-opacity":"","overlay-gradient":""}},"footnotes":""},"categories":[8],"tags":[],"class_list":["post-948","post","type-post","status-publish","format-standard","has-post-thumbnail","hentry","category-noticias"],"acf":[],"yoast_head":"<!-- This site is optimized with the Yoast SEO plugin v26.9 - https:\/\/yoast.com\/product\/yoast-seo-wordpress\/ -->\n<title>CONECTANDO EMPRESAS \u2013 C\u00e1diz - AJE C\u00e1diz<\/title>\n<meta name=\"robots\" content=\"index, follow, max-snippet:-1, max-image-preview:large, max-video-preview:-1\" \/>\n<link rel=\"canonical\" href=\"https:\/\/ajeandalucia.org\/cadiz\/2019\/01\/10\/conectando-empresas-cadiz\/\" \/>\n<meta property=\"og:locale\" content=\"es_ES\" \/>\n<meta property=\"og:type\" content=\"article\" \/>\n<meta property=\"og:title\" content=\"CONECTANDO EMPRESAS \u2013 C\u00e1diz - AJE C\u00e1diz\" \/>\n<meta property=\"og:description\" content=\"La Asociaci\u00f3n de J\u00f3venes Empresarios de Andaluc\u00eda (AJE) va a celebrar, el 7 de Febrero de 2019 en C\u00e1diz, la [&hellip;]\" \/>\n<meta property=\"og:url\" content=\"https:\/\/ajeandalucia.org\/cadiz\/2019\/01\/10\/conectando-empresas-cadiz\/\" \/>\n<meta property=\"og:site_name\" content=\"AJE C\u00e1diz\" \/>\n<meta property=\"article:published_time\" content=\"2019-01-10T13:02:30+00:00\" \/>\n<meta property=\"article:modified_time\" content=\"2019-01-29T13:09:28+00:00\" \/>\n<meta property=\"og:image\" content=\"https:\/\/ajeandalucia.org\/cadiz\/wp-content\/uploads\/sites\/5\/2019\/01\/Fondo-Web.png\" \/>\n\t<meta property=\"og:image:width\" content=\"873\" \/>\n\t<meta property=\"og:image:height\" content=\"480\" \/>\n\t<meta property=\"og:image:type\" content=\"image\/png\" \/>\n<meta name=\"author\" content=\"cadiz\" \/>\n<meta name=\"twitter:card\" content=\"summary_large_image\" \/>\n<meta name=\"twitter:label1\" content=\"Escrito por\" \/>\n\t<meta name=\"twitter:data1\" content=\"cadiz\" \/>\n\t<meta name=\"twitter:label2\" content=\"Tiempo de lectura\" \/>\n\t<meta name=\"twitter:data2\" content=\"2 minutos\" \/>\n<script type=\"application\/ld+json\" class=\"yoast-schema-graph\">{\"@context\":\"https:\/\/schema.org\",\"@graph\":[{\"@type\":\"Article\",\"@id\":\"https:\/\/ajeandalucia.org\/cadiz\/2019\/01\/10\/conectando-empresas-cadiz\/#article\",\"isPartOf\":{\"@id\":\"https:\/\/ajeandalucia.org\/cadiz\/2019\/01\/10\/conectando-empresas-cadiz\/\"},\"author\":{\"name\":\"cadiz\",\"@id\":\"https:\/\/ajeandalucia.org\/cadiz\/#\/schema\/person\/dce63ebda5f85792a4f3061905a9f15a\"},\"headline\":\"CONECTANDO EMPRESAS \u2013 C\u00e1diz\",\"datePublished\":\"2019-01-10T13:02:30+00:00\",\"dateModified\":\"2019-01-29T13:09:28+00:00\",\"mainEntityOfPage\":{\"@id\":\"https:\/\/ajeandalucia.org\/cadiz\/2019\/01\/10\/conectando-empresas-cadiz\/\"},\"wordCount\":305,\"commentCount\":0,\"publisher\":{\"@id\":\"https:\/\/ajeandalucia.org\/cadiz\/#organization\"},\"image\":{\"@id\":\"https:\/\/ajeandalucia.org\/cadiz\/2019\/01\/10\/conectando-empresas-cadiz\/#primaryimage\"},\"thumbnailUrl\":\"https:\/\/ajeandalucia.org\/cadiz\/wp-content\/uploads\/sites\/5\/2019\/01\/Fondo-Web.png\",\"articleSection\":[\"Noticias\"],\"inLanguage\":\"es\",\"potentialAction\":[{\"@type\":\"CommentAction\",\"name\":\"Comment\",\"target\":[\"https:\/\/ajeandalucia.org\/cadiz\/2019\/01\/10\/conectando-empresas-cadiz\/#respond\"]}]},{\"@type\":\"WebPage\",\"@id\":\"https:\/\/ajeandalucia.org\/cadiz\/2019\/01\/10\/conectando-empresas-cadiz\/\",\"url\":\"https:\/\/ajeandalucia.org\/cadiz\/2019\/01\/10\/conectando-empresas-cadiz\/\",\"name\":\"CONECTANDO EMPRESAS \u2013 C\u00e1diz - AJE C\u00e1diz\",\"isPartOf\":{\"@id\":\"https:\/\/ajeandalucia.org\/cadiz\/#website\"},\"primaryImageOfPage\":{\"@id\":\"https:\/\/ajeandalucia.org\/cadiz\/2019\/01\/10\/conectando-empresas-cadiz\/#primaryimage\"},\"image\":{\"@id\":\"https:\/\/ajeandalucia.org\/cadiz\/2019\/01\/10\/conectando-empresas-cadiz\/#primaryimage\"},\"thumbnailUrl\":\"https:\/\/ajeandalucia.org\/cadiz\/wp-content\/uploads\/sites\/5\/2019\/01\/Fondo-Web.png\",\"datePublished\":\"2019-01-10T13:02:30+00:00\",\"dateModified\":\"2019-01-29T13:09:28+00:00\",\"breadcrumb\":{\"@id\":\"https:\/\/ajeandalucia.org\/cadiz\/2019\/01\/10\/conectando-empresas-cadiz\/#breadcrumb\"},\"inLanguage\":\"es\",\"potentialAction\":[{\"@type\":\"ReadAction\",\"target\":[\"https:\/\/ajeandalucia.org\/cadiz\/2019\/01\/10\/conectando-empresas-cadiz\/\"]}]},{\"@type\":\"ImageObject\",\"inLanguage\":\"es\",\"@id\":\"https:\/\/ajeandalucia.org\/cadiz\/2019\/01\/10\/conectando-empresas-cadiz\/#primaryimage\",\"url\":\"https:\/\/ajeandalucia.org\/cadiz\/wp-content\/uploads\/sites\/5\/2019\/01\/Fondo-Web.png\",\"contentUrl\":\"https:\/\/ajeandalucia.org\/cadiz\/wp-content\/uploads\/sites\/5\/2019\/01\/Fondo-Web.png\",\"width\":873,\"height\":480},{\"@type\":\"BreadcrumbList\",\"@id\":\"https:\/\/ajeandalucia.org\/cadiz\/2019\/01\/10\/conectando-empresas-cadiz\/#breadcrumb\",\"itemListElement\":[{\"@type\":\"ListItem\",\"position\":1,\"name\":\"Portada\",\"item\":\"https:\/\/ajeandalucia.org\/cadiz\/\"},{\"@type\":\"ListItem\",\"position\":2,\"name\":\"CONECTANDO EMPRESAS \u2013 C\u00e1diz\"}]},{\"@type\":\"WebSite\",\"@id\":\"https:\/\/ajeandalucia.org\/cadiz\/#website\",\"url\":\"https:\/\/ajeandalucia.org\/cadiz\/\",\"name\":\"AJE C\u00e1diz\",\"description\":\"Otro sitio m\u00e1s de AJE Andaluc\u00eda\",\"publisher\":{\"@id\":\"https:\/\/ajeandalucia.org\/cadiz\/#organization\"},\"potentialAction\":[{\"@type\":\"SearchAction\",\"target\":{\"@type\":\"EntryPoint\",\"urlTemplate\":\"https:\/\/ajeandalucia.org\/cadiz\/?s={search_term_string}\"},\"query-input\":{\"@type\":\"PropertyValueSpecification\",\"valueRequired\":true,\"valueName\":\"search_term_string\"}}],\"inLanguage\":\"es\"},{\"@type\":\"Organization\",\"@id\":\"https:\/\/ajeandalucia.org\/cadiz\/#organization\",\"name\":\"AJE C\u00e1diz\",\"url\":\"https:\/\/ajeandalucia.org\/cadiz\/\",\"logo\":{\"@type\":\"ImageObject\",\"inLanguage\":\"es\",\"@id\":\"https:\/\/ajeandalucia.org\/cadiz\/#\/schema\/logo\/image\/\",\"url\":\"https:\/\/ajeandalucia.org\/cadiz\/wp-content\/uploads\/sites\/5\/2025\/01\/AJE-CADIZ-horizontal.png\",\"contentUrl\":\"https:\/\/ajeandalucia.org\/cadiz\/wp-content\/uploads\/sites\/5\/2025\/01\/AJE-CADIZ-horizontal.png\",\"width\":605,\"height\":200,\"caption\":\"AJE C\u00e1diz\"},\"image\":{\"@id\":\"https:\/\/ajeandalucia.org\/cadiz\/#\/schema\/logo\/image\/\"}},{\"@type\":\"Person\",\"@id\":\"https:\/\/ajeandalucia.org\/cadiz\/#\/schema\/person\/dce63ebda5f85792a4f3061905a9f15a\",\"name\":\"cadiz\",\"image\":{\"@type\":\"ImageObject\",\"inLanguage\":\"es\",\"@id\":\"https:\/\/ajeandalucia.org\/cadiz\/#\/schema\/person\/image\/\",\"url\":\"https:\/\/secure.gravatar.com\/avatar\/e60287d271698686eba86c2f7f8485140fdb3db29714804eebe944be2ec6f47b?s=96&d=mm&r=g\",\"contentUrl\":\"https:\/\/secure.gravatar.com\/avatar\/e60287d271698686eba86c2f7f8485140fdb3db29714804eebe944be2ec6f47b?s=96&d=mm&r=g\",\"caption\":\"cadiz\"},\"url\":\"https:\/\/ajeandalucia.org\/cadiz\/author\/cadiz\/\"}]}<\/script>\n<!-- \/ Yoast SEO plugin. -->","yoast_head_json":{"title":"CONECTANDO EMPRESAS \u2013 C\u00e1diz - AJE C\u00e1diz","robots":{"index":"index","follow":"follow","max-snippet":"max-snippet:-1","max-image-preview":"max-image-preview:large","max-video-preview":"max-video-preview:-1"},"canonical":"https:\/\/ajeandalucia.org\/cadiz\/2019\/01\/10\/conectando-empresas-cadiz\/","og_locale":"es_ES","og_type":"article","og_title":"CONECTANDO EMPRESAS \u2013 C\u00e1diz - AJE C\u00e1diz","og_description":"La Asociaci\u00f3n de J\u00f3venes Empresarios de Andaluc\u00eda (AJE) va a celebrar, el 7 de Febrero de 2019 en C\u00e1diz, la [&hellip;]","og_url":"https:\/\/ajeandalucia.org\/cadiz\/2019\/01\/10\/conectando-empresas-cadiz\/","og_site_name":"AJE C\u00e1diz","article_published_time":"2019-01-10T13:02:30+00:00","article_modified_time":"2019-01-29T13:09:28+00:00","og_image":[{"width":873,"height":480,"url":"https:\/\/ajeandalucia.org\/cadiz\/wp-content\/uploads\/sites\/5\/2019\/01\/Fondo-Web.png","type":"image\/png"}],"author":"cadiz","twitter_card":"summary_large_image","twitter_misc":{"Escrito por":"cadiz","Tiempo de lectura":"2 minutos"},"schema":{"@context":"https:\/\/schema.org","@graph":[{"@type":"Article","@id":"https:\/\/ajeandalucia.org\/cadiz\/2019\/01\/10\/conectando-empresas-cadiz\/#article","isPartOf":{"@id":"https:\/\/ajeandalucia.org\/cadiz\/2019\/01\/10\/conectando-empresas-cadiz\/"},"author":{"name":"cadiz","@id":"https:\/\/ajeandalucia.org\/cadiz\/#\/schema\/person\/dce63ebda5f85792a4f3061905a9f15a"},"headline":"CONECTANDO EMPRESAS \u2013 C\u00e1diz","datePublished":"2019-01-10T13:02:30+00:00","dateModified":"2019-01-29T13:09:28+00:00","mainEntityOfPage":{"@id":"https:\/\/ajeandalucia.org\/cadiz\/2019\/01\/10\/conectando-empresas-cadiz\/"},"wordCount":305,"commentCount":0,"publisher":{"@id":"https:\/\/ajeandalucia.org\/cadiz\/#organization"},"image":{"@id":"https:\/\/ajeandalucia.org\/cadiz\/2019\/01\/10\/conectando-empresas-cadiz\/#primaryimage"},"thumbnailUrl":"https:\/\/ajeandalucia.org\/cadiz\/wp-content\/uploads\/sites\/5\/2019\/01\/Fondo-Web.png","articleSection":["Noticias"],"inLanguage":"es","potentialAction":[{"@type":"CommentAction","name":"Comment","target":["https:\/\/ajeandalucia.org\/cadiz\/2019\/01\/10\/conectando-empresas-cadiz\/#respond"]}]},{"@type":"WebPage","@id":"https:\/\/ajeandalucia.org\/cadiz\/2019\/01\/10\/conectando-empresas-cadiz\/","url":"https:\/\/ajeandalucia.org\/cadiz\/2019\/01\/10\/conectando-empresas-cadiz\/","name":"CONECTANDO EMPRESAS \u2013 C\u00e1diz - AJE C\u00e1diz","isPartOf":{"@id":"https:\/\/ajeandalucia.org\/cadiz\/#website"},"primaryImageOfPage":{"@id":"https:\/\/ajeandalucia.org\/cadiz\/2019\/01\/10\/conectando-empresas-cadiz\/#primaryimage"},"image":{"@id":"https:\/\/ajeandalucia.org\/cadiz\/2019\/01\/10\/conectando-empresas-cadiz\/#primaryimage"},"thumbnailUrl":"https:\/\/ajeandalucia.org\/cadiz\/wp-content\/uploads\/sites\/5\/2019\/01\/Fondo-Web.png","datePublished":"2019-01-10T13:02:30+00:00","dateModified":"2019-01-29T13:09:28+00:00","breadcrumb":{"@id":"https:\/\/ajeandalucia.org\/cadiz\/2019\/01\/10\/conectando-empresas-cadiz\/#breadcrumb"},"inLanguage":"es","potentialAction":[{"@type":"ReadAction","target":["https:\/\/ajeandalucia.org\/cadiz\/2019\/01\/10\/conectando-empresas-cadiz\/"]}]},{"@type":"ImageObject","inLanguage":"es","@id":"https:\/\/ajeandalucia.org\/cadiz\/2019\/01\/10\/conectando-empresas-cadiz\/#primaryimage","url":"https:\/\/ajeandalucia.org\/cadiz\/wp-content\/uploads\/sites\/5\/2019\/01\/Fondo-Web.png","contentUrl":"https:\/\/ajeandalucia.org\/cadiz\/wp-content\/uploads\/sites\/5\/2019\/01\/Fondo-Web.png","width":873,"height":480},{"@type":"BreadcrumbList","@id":"https:\/\/ajeandalucia.org\/cadiz\/2019\/01\/10\/conectando-empresas-cadiz\/#breadcrumb","itemListElement":[{"@type":"ListItem","position":1,"name":"Portada","item":"https:\/\/ajeandalucia.org\/cadiz\/"},{"@type":"ListItem","position":2,"name":"CONECTANDO EMPRESAS \u2013 C\u00e1diz"}]},{"@type":"WebSite","@id":"https:\/\/ajeandalucia.org\/cadiz\/#website","url":"https:\/\/ajeandalucia.org\/cadiz\/","name":"AJE C\u00e1diz","description":"Otro sitio m\u00e1s de AJE Andaluc\u00eda","publisher":{"@id":"https:\/\/ajeandalucia.org\/cadiz\/#organization"},"potentialAction":[{"@type":"SearchAction","target":{"@type":"EntryPoint","urlTemplate":"https:\/\/ajeandalucia.org\/cadiz\/?s={search_term_string}"},"query-input":{"@type":"PropertyValueSpecification","valueRequired":true,"valueName":"search_term_string"}}],"inLanguage":"es"},{"@type":"Organization","@id":"https:\/\/ajeandalucia.org\/cadiz\/#organization","name":"AJE C\u00e1diz","url":"https:\/\/ajeandalucia.org\/cadiz\/","logo":{"@type":"ImageObject","inLanguage":"es","@id":"https:\/\/ajeandalucia.org\/cadiz\/#\/schema\/logo\/image\/","url":"https:\/\/ajeandalucia.org\/cadiz\/wp-content\/uploads\/sites\/5\/2025\/01\/AJE-CADIZ-horizontal.png","contentUrl":"https:\/\/ajeandalucia.org\/cadiz\/wp-content\/uploads\/sites\/5\/2025\/01\/AJE-CADIZ-horizontal.png","width":605,"height":200,"caption":"AJE C\u00e1diz"},"image":{"@id":"https:\/\/ajeandalucia.org\/cadiz\/#\/schema\/logo\/image\/"}},{"@type":"Person","@id":"https:\/\/ajeandalucia.org\/cadiz\/#\/schema\/person\/dce63ebda5f85792a4f3061905a9f15a","name":"cadiz","image":{"@type":"ImageObject","inLanguage":"es","@id":"https:\/\/ajeandalucia.org\/cadiz\/#\/schema\/person\/image\/","url":"https:\/\/secure.gravatar.com\/avatar\/e60287d271698686eba86c2f7f8485140fdb3db29714804eebe944be2ec6f47b?s=96&d=mm&r=g","contentUrl":"https:\/\/secure.gravatar.com\/avatar\/e60287d271698686eba86c2f7f8485140fdb3db29714804eebe944be2ec6f47b?s=96&d=mm&r=g","caption":"cadiz"},"url":"https:\/\/ajeandalucia.org\/cadiz\/author\/cadiz\/"}]}},"_links":{"self":[{"href":"https:\/\/ajeandalucia.org\/cadiz\/wp-json\/wp\/v2\/posts\/948","targetHints":{"allow":["GET"]}}],"collection":[{"href":"https:\/\/ajeandalucia.org\/cadiz\/wp-json\/wp\/v2\/posts"}],"about":[{"href":"https:\/\/ajeandalucia.org\/cadiz\/wp-json\/wp\/v2\/types\/post"}],"author":[{"embeddable":true,"href":"https:\/\/ajeandalucia.org\/cadiz\/wp-json\/wp\/v2\/users\/4"}],"replies":[{"embeddable":true,"href":"https:\/\/ajeandalucia.org\/cadiz\/wp-json\/wp\/v2\/comments?post=948"}],"version-history":[{"count":1,"href":"https:\/\/ajeandalucia.org\/cadiz\/wp-json\/wp\/v2\/posts\/948\/revisions"}],"predecessor-version":[{"id":950,"href":"https:\/\/ajeandalucia.org\/cadiz\/wp-json\/wp\/v2\/posts\/948\/revisions\/950"}],"wp:featuredmedia":[{"embeddable":true,"href":"https:\/\/ajeandalucia.org\/cadiz\/wp-json\/wp\/v2\/media\/949"}],"wp:attachment":[{"href":"https:\/\/ajeandalucia.org\/cadiz\/wp-json\/wp\/v2\/media?parent=948"}],"wp:term":[{"taxonomy":"category","embeddable":true,"href":"https:\/\/ajeandalucia.org\/cadiz\/wp-json\/wp\/v2\/categories?post=948"},{"taxonomy":"post_tag","embeddable":true,"href":"https:\/\/ajeandalucia.org\/cadiz\/wp-json\/wp\/v2\/tags?post=948"}],"curies":[{"name":"wp","href":"https:\/\/api.w.org\/{rel}","templated":true}]}}