{"id":951,"date":"2019-01-21T13:10:34","date_gmt":"2019-01-21T13:10:34","guid":{"rendered":"http:\/\/www.ajeandalucia.org\/cadiz\/?p=951"},"modified":"2019-01-29T13:14:31","modified_gmt":"2019-01-29T13:14:31","slug":"aje-cadiz-celebra-la-22a-edicion-de-negocios-a-la-carta","status":"publish","type":"post","link":"https:\/\/ajeandalucia.org\/cadiz\/2019\/01\/21\/aje-cadiz-celebra-la-22a-edicion-de-negocios-a-la-carta\/","title":{"rendered":"AJE C\u00e1diz celebra la 22\u00aa edici\u00f3n de \u2018Negocios a la Carta\u2019"},"content":{"rendered":"<p>La Asociaci\u00f3n de J\u00f3venes Empresarios de C\u00e1diz (AJE C\u00e1diz) ha celebrado la\u00a0que ha sido la 22\u00aa edici\u00f3n de la ya consolidada actividad de networking, \u2018Negocios a la Carta\u2019. Y en esta ocasi\u00f3n, la asociaci\u00f3n gaditana ha trasladado a\u00a0los participantes hasta el marco jerezano para desarrollar el evento en las Bodegas Fundador, que datan de 1730 y que son consideradas las m\u00e1s\u00a0antiguas de Jerez de la Frontera.<\/p>\n<p>Los asistentes, encabezados por el presidente de Aje C\u00e1diz, Curro Mart\u00ednez, pudieron disfrutar de un almuerzo en la Taper\u00eda Fundador con el m\u00e1ximo representante de dicha bodega, su director general Rafael Rend\u00f3n G\u00f3mez, as\u00ed como de una visita guiada con degustaci\u00f3n por las instalaciones.<\/p>\n<p>Gracias al encuentro, se realizar\u00e1 pr\u00f3ximamente una visita de car\u00e1cter empresarial a la f\u00e1brica y un Worshop en aras de aumentar m\u00e1s los lazos de colaboraci\u00f3n empresarial que Fundador mantiene con los empresarios de la provincia. Todo ello con el objetivo de crear nuevas oportunidades de negocio entre las empresas asociadas de Aje C\u00e1diz y Bodegas Fundador.<\/p>\n<p>Cabe recordar que \u2018Negocios a la Carta\u2019 es un espacio de participaci\u00f3n en el \u00e1mbito empresarial entre j\u00f3venes empresarios\/as y una personalidad destacada de la provincia, que tienen la oportunidad de conocerse mejor mediante un almuerzo informal. Una tertulia de debate en la que los\/as asociados\/as participan, preguntan, debaten con un invitado destacado perteneciente al mundo de la pol\u00edtica, la empresa o la actualidad econ\u00f3mica.<\/p>\n","protected":false},"excerpt":{"rendered":"<p>La Asociaci\u00f3n de J\u00f3venes Empresarios de C\u00e1diz (AJE C\u00e1diz) ha celebrado la\u00a0que ha sido la 22\u00aa edici\u00f3n de la ya [&hellip;]<\/p>\n","protected":false},"author":4,"featured_media":952,"comment_status":"open","ping_status":"open","sticky":false,"template":"","format":"standard","meta":{"_acf_changed":false,"site-sidebar-layout":"default","site-content-layout":"","ast-site-content-layout":"default","site-content-style":"default","site-sidebar-style":"default","ast-global-header-display":"","ast-banner-title-visibility":"","ast-main-header-display":"","ast-hfb-above-header-display":"","ast-hfb-below-header-display":"","ast-hfb-mobile-header-display":"","site-post-title":"","ast-breadcrumbs-content":"","ast-featured-img":"","footer-sml-layout":"","ast-disable-related-posts":"","theme-transparent-header-meta":"","adv-header-id-meta":"","stick-header-meta":"","header-above-stick-meta":"","header-main-stick-meta":"","header-below-stick-meta":"","astra-migrate-meta-layouts":"default","ast-page-background-enabled":"default","ast-page-background-meta":{"desktop":{"background-color":"var(--ast-global-color-5)","background-image":"","background-repeat":"repeat","background-position":"center center","background-size":"auto","background-attachment":"scroll","background-type":"","background-media":"","overlay-type":"","overlay-color":"","overlay-opacity":"","overlay-gradient":""},"tablet":{"background-color":"","background-image":"","background-repeat":"repeat","background-position":"center center","background-size":"auto","background-attachment":"scroll","background-type":"","background-media":"","overlay-type":"","overlay-color":"","overlay-opacity":"","overlay-gradient":""},"mobile":{"background-color":"","background-image":"","background-repeat":"repeat","background-position":"center center","background-size":"auto","background-attachment":"scroll","background-type":"","background-media":"","overlay-type":"","overlay-color":"","overlay-opacity":"","overlay-gradient":""}},"ast-content-background-meta":{"desktop":{"background-color":"var(--ast-global-color-4)","background-image":"","background-repeat":"repeat","background-position":"center center","background-size":"auto","background-attachment":"scroll","background-type":"","background-media":"","overlay-type":"","overlay-color":"","overlay-opacity":"","overlay-gradient":""},"tablet":{"background-color":"var(--ast-global-color-4)","background-image":"","background-repeat":"repeat","background-position":"center center","background-size":"auto","background-attachment":"scroll","background-type":"","background-media":"","overlay-type":"","overlay-color":"","overlay-opacity":"","overlay-gradient":""},"mobile":{"background-color":"var(--ast-global-color-4)","background-image":"","background-repeat":"repeat","background-position":"center center","background-size":"auto","background-attachment":"scroll","background-type":"","background-media":"","overlay-type":"","overlay-color":"","overlay-opacity":"","overlay-gradient":""}},"footnotes":""},"categories":[8],"tags":[],"class_list":["post-951","post","type-post","status-publish","format-standard","has-post-thumbnail","hentry","category-noticias"],"acf":[],"yoast_head":"<!-- This site is optimized with the Yoast SEO plugin v26.9 - https:\/\/yoast.com\/product\/yoast-seo-wordpress\/ -->\n<title>AJE C\u00e1diz celebra la 22\u00aa edici\u00f3n de \u2018Negocios a la Carta\u2019 - AJE C\u00e1diz<\/title>\n<meta name=\"robots\" content=\"index, follow, max-snippet:-1, max-image-preview:large, max-video-preview:-1\" \/>\n<link rel=\"canonical\" href=\"https:\/\/ajeandalucia.org\/cadiz\/2019\/01\/21\/aje-cadiz-celebra-la-22a-edicion-de-negocios-a-la-carta\/\" \/>\n<meta property=\"og:locale\" content=\"es_ES\" \/>\n<meta property=\"og:type\" content=\"article\" \/>\n<meta property=\"og:title\" content=\"AJE C\u00e1diz celebra la 22\u00aa edici\u00f3n de \u2018Negocios a la Carta\u2019 - AJE C\u00e1diz\" \/>\n<meta property=\"og:description\" content=\"La Asociaci\u00f3n de J\u00f3venes Empresarios de C\u00e1diz (AJE C\u00e1diz) ha celebrado la\u00a0que ha sido la 22\u00aa edici\u00f3n de la ya [&hellip;]\" \/>\n<meta property=\"og:url\" content=\"https:\/\/ajeandalucia.org\/cadiz\/2019\/01\/21\/aje-cadiz-celebra-la-22a-edicion-de-negocios-a-la-carta\/\" \/>\n<meta property=\"og:site_name\" content=\"AJE C\u00e1diz\" \/>\n<meta property=\"article:published_time\" content=\"2019-01-21T13:10:34+00:00\" \/>\n<meta property=\"article:modified_time\" content=\"2019-01-29T13:14:31+00:00\" \/>\n<meta property=\"og:image\" content=\"https:\/\/ajeandalucia.org\/cadiz\/wp-content\/uploads\/sites\/5\/2019\/01\/IMG_20190117_174116.jpg\" \/>\n\t<meta property=\"og:image:width\" content=\"3264\" \/>\n\t<meta property=\"og:image:height\" content=\"1840\" \/>\n\t<meta property=\"og:image:type\" content=\"image\/jpeg\" \/>\n<meta name=\"author\" content=\"cadiz\" \/>\n<meta name=\"twitter:card\" content=\"summary_large_image\" \/>\n<meta name=\"twitter:label1\" content=\"Escrito por\" \/>\n\t<meta name=\"twitter:data1\" content=\"cadiz\" \/>\n\t<meta name=\"twitter:label2\" content=\"Tiempo de lectura\" \/>\n\t<meta name=\"twitter:data2\" content=\"1 minuto\" \/>\n<script type=\"application\/ld+json\" class=\"yoast-schema-graph\">{\"@context\":\"https:\/\/schema.org\",\"@graph\":[{\"@type\":\"Article\",\"@id\":\"https:\/\/ajeandalucia.org\/cadiz\/2019\/01\/21\/aje-cadiz-celebra-la-22a-edicion-de-negocios-a-la-carta\/#article\",\"isPartOf\":{\"@id\":\"https:\/\/ajeandalucia.org\/cadiz\/2019\/01\/21\/aje-cadiz-celebra-la-22a-edicion-de-negocios-a-la-carta\/\"},\"author\":{\"name\":\"cadiz\",\"@id\":\"https:\/\/ajeandalucia.org\/cadiz\/#\/schema\/person\/dce63ebda5f85792a4f3061905a9f15a\"},\"headline\":\"AJE C\u00e1diz celebra la 22\u00aa edici\u00f3n de \u2018Negocios a la Carta\u2019\",\"datePublished\":\"2019-01-21T13:10:34+00:00\",\"dateModified\":\"2019-01-29T13:14:31+00:00\",\"mainEntityOfPage\":{\"@id\":\"https:\/\/ajeandalucia.org\/cadiz\/2019\/01\/21\/aje-cadiz-celebra-la-22a-edicion-de-negocios-a-la-carta\/\"},\"wordCount\":273,\"commentCount\":0,\"publisher\":{\"@id\":\"https:\/\/ajeandalucia.org\/cadiz\/#organization\"},\"image\":{\"@id\":\"https:\/\/ajeandalucia.org\/cadiz\/2019\/01\/21\/aje-cadiz-celebra-la-22a-edicion-de-negocios-a-la-carta\/#primaryimage\"},\"thumbnailUrl\":\"https:\/\/ajeandalucia.org\/cadiz\/wp-content\/uploads\/sites\/5\/2019\/01\/IMG_20190117_174116.jpg\",\"articleSection\":[\"Noticias\"],\"inLanguage\":\"es\",\"potentialAction\":[{\"@type\":\"CommentAction\",\"name\":\"Comment\",\"target\":[\"https:\/\/ajeandalucia.org\/cadiz\/2019\/01\/21\/aje-cadiz-celebra-la-22a-edicion-de-negocios-a-la-carta\/#respond\"]}]},{\"@type\":\"WebPage\",\"@id\":\"https:\/\/ajeandalucia.org\/cadiz\/2019\/01\/21\/aje-cadiz-celebra-la-22a-edicion-de-negocios-a-la-carta\/\",\"url\":\"https:\/\/ajeandalucia.org\/cadiz\/2019\/01\/21\/aje-cadiz-celebra-la-22a-edicion-de-negocios-a-la-carta\/\",\"name\":\"AJE C\u00e1diz celebra la 22\u00aa edici\u00f3n de \u2018Negocios a la Carta\u2019 - AJE C\u00e1diz\",\"isPartOf\":{\"@id\":\"https:\/\/ajeandalucia.org\/cadiz\/#website\"},\"primaryImageOfPage\":{\"@id\":\"https:\/\/ajeandalucia.org\/cadiz\/2019\/01\/21\/aje-cadiz-celebra-la-22a-edicion-de-negocios-a-la-carta\/#primaryimage\"},\"image\":{\"@id\":\"https:\/\/ajeandalucia.org\/cadiz\/2019\/01\/21\/aje-cadiz-celebra-la-22a-edicion-de-negocios-a-la-carta\/#primaryimage\"},\"thumbnailUrl\":\"https:\/\/ajeandalucia.org\/cadiz\/wp-content\/uploads\/sites\/5\/2019\/01\/IMG_20190117_174116.jpg\",\"datePublished\":\"2019-01-21T13:10:34+00:00\",\"dateModified\":\"2019-01-29T13:14:31+00:00\",\"breadcrumb\":{\"@id\":\"https:\/\/ajeandalucia.org\/cadiz\/2019\/01\/21\/aje-cadiz-celebra-la-22a-edicion-de-negocios-a-la-carta\/#breadcrumb\"},\"inLanguage\":\"es\",\"potentialAction\":[{\"@type\":\"ReadAction\",\"target\":[\"https:\/\/ajeandalucia.org\/cadiz\/2019\/01\/21\/aje-cadiz-celebra-la-22a-edicion-de-negocios-a-la-carta\/\"]}]},{\"@type\":\"ImageObject\",\"inLanguage\":\"es\",\"@id\":\"https:\/\/ajeandalucia.org\/cadiz\/2019\/01\/21\/aje-cadiz-celebra-la-22a-edicion-de-negocios-a-la-carta\/#primaryimage\",\"url\":\"https:\/\/ajeandalucia.org\/cadiz\/wp-content\/uploads\/sites\/5\/2019\/01\/IMG_20190117_174116.jpg\",\"contentUrl\":\"https:\/\/ajeandalucia.org\/cadiz\/wp-content\/uploads\/sites\/5\/2019\/01\/IMG_20190117_174116.jpg\",\"width\":3264,\"height\":1840},{\"@type\":\"BreadcrumbList\",\"@id\":\"https:\/\/ajeandalucia.org\/cadiz\/2019\/01\/21\/aje-cadiz-celebra-la-22a-edicion-de-negocios-a-la-carta\/#breadcrumb\",\"itemListElement\":[{\"@type\":\"ListItem\",\"position\":1,\"name\":\"Portada\",\"item\":\"https:\/\/ajeandalucia.org\/cadiz\/\"},{\"@type\":\"ListItem\",\"position\":2,\"name\":\"AJE C\u00e1diz celebra la 22\u00aa edici\u00f3n de \u2018Negocios a la Carta\u2019\"}]},{\"@type\":\"WebSite\",\"@id\":\"https:\/\/ajeandalucia.org\/cadiz\/#website\",\"url\":\"https:\/\/ajeandalucia.org\/cadiz\/\",\"name\":\"AJE C\u00e1diz\",\"description\":\"Otro sitio m\u00e1s de AJE Andaluc\u00eda\",\"publisher\":{\"@id\":\"https:\/\/ajeandalucia.org\/cadiz\/#organization\"},\"potentialAction\":[{\"@type\":\"SearchAction\",\"target\":{\"@type\":\"EntryPoint\",\"urlTemplate\":\"https:\/\/ajeandalucia.org\/cadiz\/?s={search_term_string}\"},\"query-input\":{\"@type\":\"PropertyValueSpecification\",\"valueRequired\":true,\"valueName\":\"search_term_string\"}}],\"inLanguage\":\"es\"},{\"@type\":\"Organization\",\"@id\":\"https:\/\/ajeandalucia.org\/cadiz\/#organization\",\"name\":\"AJE C\u00e1diz\",\"url\":\"https:\/\/ajeandalucia.org\/cadiz\/\",\"logo\":{\"@type\":\"ImageObject\",\"inLanguage\":\"es\",\"@id\":\"https:\/\/ajeandalucia.org\/cadiz\/#\/schema\/logo\/image\/\",\"url\":\"https:\/\/ajeandalucia.org\/cadiz\/wp-content\/uploads\/sites\/5\/2025\/01\/AJE-CADIZ-horizontal.png\",\"contentUrl\":\"https:\/\/ajeandalucia.org\/cadiz\/wp-content\/uploads\/sites\/5\/2025\/01\/AJE-CADIZ-horizontal.png\",\"width\":605,\"height\":200,\"caption\":\"AJE C\u00e1diz\"},\"image\":{\"@id\":\"https:\/\/ajeandalucia.org\/cadiz\/#\/schema\/logo\/image\/\"}},{\"@type\":\"Person\",\"@id\":\"https:\/\/ajeandalucia.org\/cadiz\/#\/schema\/person\/dce63ebda5f85792a4f3061905a9f15a\",\"name\":\"cadiz\",\"image\":{\"@type\":\"ImageObject\",\"inLanguage\":\"es\",\"@id\":\"https:\/\/ajeandalucia.org\/cadiz\/#\/schema\/person\/image\/\",\"url\":\"https:\/\/secure.gravatar.com\/avatar\/e60287d271698686eba86c2f7f8485140fdb3db29714804eebe944be2ec6f47b?s=96&d=mm&r=g\",\"contentUrl\":\"https:\/\/secure.gravatar.com\/avatar\/e60287d271698686eba86c2f7f8485140fdb3db29714804eebe944be2ec6f47b?s=96&d=mm&r=g\",\"caption\":\"cadiz\"},\"url\":\"https:\/\/ajeandalucia.org\/cadiz\/author\/cadiz\/\"}]}<\/script>\n<!-- \/ Yoast SEO plugin. -->","yoast_head_json":{"title":"AJE C\u00e1diz celebra la 22\u00aa edici\u00f3n de \u2018Negocios a la Carta\u2019 - AJE C\u00e1diz","robots":{"index":"index","follow":"follow","max-snippet":"max-snippet:-1","max-image-preview":"max-image-preview:large","max-video-preview":"max-video-preview:-1"},"canonical":"https:\/\/ajeandalucia.org\/cadiz\/2019\/01\/21\/aje-cadiz-celebra-la-22a-edicion-de-negocios-a-la-carta\/","og_locale":"es_ES","og_type":"article","og_title":"AJE C\u00e1diz celebra la 22\u00aa edici\u00f3n de \u2018Negocios a la Carta\u2019 - AJE C\u00e1diz","og_description":"La Asociaci\u00f3n de J\u00f3venes Empresarios de C\u00e1diz (AJE C\u00e1diz) ha celebrado la\u00a0que ha sido la 22\u00aa edici\u00f3n de la ya [&hellip;]","og_url":"https:\/\/ajeandalucia.org\/cadiz\/2019\/01\/21\/aje-cadiz-celebra-la-22a-edicion-de-negocios-a-la-carta\/","og_site_name":"AJE C\u00e1diz","article_published_time":"2019-01-21T13:10:34+00:00","article_modified_time":"2019-01-29T13:14:31+00:00","og_image":[{"width":3264,"height":1840,"url":"https:\/\/ajeandalucia.org\/cadiz\/wp-content\/uploads\/sites\/5\/2019\/01\/IMG_20190117_174116.jpg","type":"image\/jpeg"}],"author":"cadiz","twitter_card":"summary_large_image","twitter_misc":{"Escrito por":"cadiz","Tiempo de lectura":"1 minuto"},"schema":{"@context":"https:\/\/schema.org","@graph":[{"@type":"Article","@id":"https:\/\/ajeandalucia.org\/cadiz\/2019\/01\/21\/aje-cadiz-celebra-la-22a-edicion-de-negocios-a-la-carta\/#article","isPartOf":{"@id":"https:\/\/ajeandalucia.org\/cadiz\/2019\/01\/21\/aje-cadiz-celebra-la-22a-edicion-de-negocios-a-la-carta\/"},"author":{"name":"cadiz","@id":"https:\/\/ajeandalucia.org\/cadiz\/#\/schema\/person\/dce63ebda5f85792a4f3061905a9f15a"},"headline":"AJE C\u00e1diz celebra la 22\u00aa edici\u00f3n de \u2018Negocios a la Carta\u2019","datePublished":"2019-01-21T13:10:34+00:00","dateModified":"2019-01-29T13:14:31+00:00","mainEntityOfPage":{"@id":"https:\/\/ajeandalucia.org\/cadiz\/2019\/01\/21\/aje-cadiz-celebra-la-22a-edicion-de-negocios-a-la-carta\/"},"wordCount":273,"commentCount":0,"publisher":{"@id":"https:\/\/ajeandalucia.org\/cadiz\/#organization"},"image":{"@id":"https:\/\/ajeandalucia.org\/cadiz\/2019\/01\/21\/aje-cadiz-celebra-la-22a-edicion-de-negocios-a-la-carta\/#primaryimage"},"thumbnailUrl":"https:\/\/ajeandalucia.org\/cadiz\/wp-content\/uploads\/sites\/5\/2019\/01\/IMG_20190117_174116.jpg","articleSection":["Noticias"],"inLanguage":"es","potentialAction":[{"@type":"CommentAction","name":"Comment","target":["https:\/\/ajeandalucia.org\/cadiz\/2019\/01\/21\/aje-cadiz-celebra-la-22a-edicion-de-negocios-a-la-carta\/#respond"]}]},{"@type":"WebPage","@id":"https:\/\/ajeandalucia.org\/cadiz\/2019\/01\/21\/aje-cadiz-celebra-la-22a-edicion-de-negocios-a-la-carta\/","url":"https:\/\/ajeandalucia.org\/cadiz\/2019\/01\/21\/aje-cadiz-celebra-la-22a-edicion-de-negocios-a-la-carta\/","name":"AJE C\u00e1diz celebra la 22\u00aa edici\u00f3n de \u2018Negocios a la Carta\u2019 - AJE C\u00e1diz","isPartOf":{"@id":"https:\/\/ajeandalucia.org\/cadiz\/#website"},"primaryImageOfPage":{"@id":"https:\/\/ajeandalucia.org\/cadiz\/2019\/01\/21\/aje-cadiz-celebra-la-22a-edicion-de-negocios-a-la-carta\/#primaryimage"},"image":{"@id":"https:\/\/ajeandalucia.org\/cadiz\/2019\/01\/21\/aje-cadiz-celebra-la-22a-edicion-de-negocios-a-la-carta\/#primaryimage"},"thumbnailUrl":"https:\/\/ajeandalucia.org\/cadiz\/wp-content\/uploads\/sites\/5\/2019\/01\/IMG_20190117_174116.jpg","datePublished":"2019-01-21T13:10:34+00:00","dateModified":"2019-01-29T13:14:31+00:00","breadcrumb":{"@id":"https:\/\/ajeandalucia.org\/cadiz\/2019\/01\/21\/aje-cadiz-celebra-la-22a-edicion-de-negocios-a-la-carta\/#breadcrumb"},"inLanguage":"es","potentialAction":[{"@type":"ReadAction","target":["https:\/\/ajeandalucia.org\/cadiz\/2019\/01\/21\/aje-cadiz-celebra-la-22a-edicion-de-negocios-a-la-carta\/"]}]},{"@type":"ImageObject","inLanguage":"es","@id":"https:\/\/ajeandalucia.org\/cadiz\/2019\/01\/21\/aje-cadiz-celebra-la-22a-edicion-de-negocios-a-la-carta\/#primaryimage","url":"https:\/\/ajeandalucia.org\/cadiz\/wp-content\/uploads\/sites\/5\/2019\/01\/IMG_20190117_174116.jpg","contentUrl":"https:\/\/ajeandalucia.org\/cadiz\/wp-content\/uploads\/sites\/5\/2019\/01\/IMG_20190117_174116.jpg","width":3264,"height":1840},{"@type":"BreadcrumbList","@id":"https:\/\/ajeandalucia.org\/cadiz\/2019\/01\/21\/aje-cadiz-celebra-la-22a-edicion-de-negocios-a-la-carta\/#breadcrumb","itemListElement":[{"@type":"ListItem","position":1,"name":"Portada","item":"https:\/\/ajeandalucia.org\/cadiz\/"},{"@type":"ListItem","position":2,"name":"AJE C\u00e1diz celebra la 22\u00aa edici\u00f3n de \u2018Negocios a la Carta\u2019"}]},{"@type":"WebSite","@id":"https:\/\/ajeandalucia.org\/cadiz\/#website","url":"https:\/\/ajeandalucia.org\/cadiz\/","name":"AJE C\u00e1diz","description":"Otro sitio m\u00e1s de AJE Andaluc\u00eda","publisher":{"@id":"https:\/\/ajeandalucia.org\/cadiz\/#organization"},"potentialAction":[{"@type":"SearchAction","target":{"@type":"EntryPoint","urlTemplate":"https:\/\/ajeandalucia.org\/cadiz\/?s={search_term_string}"},"query-input":{"@type":"PropertyValueSpecification","valueRequired":true,"valueName":"search_term_string"}}],"inLanguage":"es"},{"@type":"Organization","@id":"https:\/\/ajeandalucia.org\/cadiz\/#organization","name":"AJE C\u00e1diz","url":"https:\/\/ajeandalucia.org\/cadiz\/","logo":{"@type":"ImageObject","inLanguage":"es","@id":"https:\/\/ajeandalucia.org\/cadiz\/#\/schema\/logo\/image\/","url":"https:\/\/ajeandalucia.org\/cadiz\/wp-content\/uploads\/sites\/5\/2025\/01\/AJE-CADIZ-horizontal.png","contentUrl":"https:\/\/ajeandalucia.org\/cadiz\/wp-content\/uploads\/sites\/5\/2025\/01\/AJE-CADIZ-horizontal.png","width":605,"height":200,"caption":"AJE C\u00e1diz"},"image":{"@id":"https:\/\/ajeandalucia.org\/cadiz\/#\/schema\/logo\/image\/"}},{"@type":"Person","@id":"https:\/\/ajeandalucia.org\/cadiz\/#\/schema\/person\/dce63ebda5f85792a4f3061905a9f15a","name":"cadiz","image":{"@type":"ImageObject","inLanguage":"es","@id":"https:\/\/ajeandalucia.org\/cadiz\/#\/schema\/person\/image\/","url":"https:\/\/secure.gravatar.com\/avatar\/e60287d271698686eba86c2f7f8485140fdb3db29714804eebe944be2ec6f47b?s=96&d=mm&r=g","contentUrl":"https:\/\/secure.gravatar.com\/avatar\/e60287d271698686eba86c2f7f8485140fdb3db29714804eebe944be2ec6f47b?s=96&d=mm&r=g","caption":"cadiz"},"url":"https:\/\/ajeandalucia.org\/cadiz\/author\/cadiz\/"}]}},"_links":{"self":[{"href":"https:\/\/ajeandalucia.org\/cadiz\/wp-json\/wp\/v2\/posts\/951","targetHints":{"allow":["GET"]}}],"collection":[{"href":"https:\/\/ajeandalucia.org\/cadiz\/wp-json\/wp\/v2\/posts"}],"about":[{"href":"https:\/\/ajeandalucia.org\/cadiz\/wp-json\/wp\/v2\/types\/post"}],"author":[{"embeddable":true,"href":"https:\/\/ajeandalucia.org\/cadiz\/wp-json\/wp\/v2\/users\/4"}],"replies":[{"embeddable":true,"href":"https:\/\/ajeandalucia.org\/cadiz\/wp-json\/wp\/v2\/comments?post=951"}],"version-history":[{"count":1,"href":"https:\/\/ajeandalucia.org\/cadiz\/wp-json\/wp\/v2\/posts\/951\/revisions"}],"predecessor-version":[{"id":953,"href":"https:\/\/ajeandalucia.org\/cadiz\/wp-json\/wp\/v2\/posts\/951\/revisions\/953"}],"wp:featuredmedia":[{"embeddable":true,"href":"https:\/\/ajeandalucia.org\/cadiz\/wp-json\/wp\/v2\/media\/952"}],"wp:attachment":[{"href":"https:\/\/ajeandalucia.org\/cadiz\/wp-json\/wp\/v2\/media?parent=951"}],"wp:term":[{"taxonomy":"category","embeddable":true,"href":"https:\/\/ajeandalucia.org\/cadiz\/wp-json\/wp\/v2\/categories?post=951"},{"taxonomy":"post_tag","embeddable":true,"href":"https:\/\/ajeandalucia.org\/cadiz\/wp-json\/wp\/v2\/tags?post=951"}],"curies":[{"name":"wp","href":"https:\/\/api.w.org\/{rel}","templated":true}]}}