{"id":10799,"date":"2025-09-09T19:18:22","date_gmt":"2025-09-09T17:18:22","guid":{"rendered":"https:\/\/ajeandalucia.org\/cordoba\/?p=10799"},"modified":"2025-09-09T19:23:10","modified_gmt":"2025-09-09T17:23:10","slug":"networking-interprovincial-de-jovenes-empresarios","status":"publish","type":"post","link":"https:\/\/ajeandalucia.org\/cordoba\/2025\/09\/09\/networking-interprovincial-de-jovenes-empresarios\/","title":{"rendered":"Networking Interprovincial de J\u00f3venes Empresarios"},"content":{"rendered":"<p><strong>Networking Interprovincial de J\u00f3venes Empresarios\/as en \u00c9cija, 23 de septiembre de 2025<\/strong><\/p>\n<p><strong>Prodetur MP SAU, sociedad instrumental de la Diputaci\u00f3n Provincial de Sevilla, en colaboraci\u00f3n con la Asociaci\u00f3n de J\u00f3venes Empresarios de Sevilla (AJE Sevilla), la Asociaci\u00f3n de J\u00f3venes Empresarios de C\u00f3rdoba (AJE C\u00f3rdoba) y el Ayuntamiento de \u00c9cija, celebrar\u00e1 el \u00a0martes 23 de septiembre de 2025 un Networking Interprovincial\u00a0<\/strong><\/p>\n<p>A trav\u00e9s de este Encuentro de Negocios se pretende favorecer la consecuci\u00f3n de una red de nuevos contactos comerciales por parte de los\/as participantes que les permitir\u00e1 aumentar de forma significativa las ventas de sus productos o servicios. Asimismo, podr\u00e1n adquirir t\u00e9cnicas complementarias que ayuden a mejorar la competitividad de sus empresas.<br \/>\nEn la din\u00e1mica de Networking podr\u00e1n presentar sus productos y servicios, en un espacio habilitado al efecto, al resto de los participantes.<\/p>\n<p>Tambi\u00e9n tendr\u00e1 lugar una interesante ponencia &#8221; Rompiendo mitos: Filosof\u00eda pr\u00e1ctica para j\u00f3venes empresarios&#8221; impartida por David Pastor VICO, divulgador de la filosof\u00eda y el pensamiento cr\u00edtico, escritor y docente. Uno de los autores m\u00e1s vendidos en lengua hispana. Su \u00faltimo libro &#8220;Era de Idiotas&#8221;, se ha convertido en todo un Best Seller. Actualmente, imparte conferencias y talleres en universidades, instituciones p\u00fablicas y empresas, donde promueve el valor del pensamiento riguroso como herramienta para la toma de decisiones y el desarrollo personal.<\/p>\n<p>DESTINATARIOS<br \/>\nEmprendedores\/as y empresarios\/as en general<\/p>\n<p>CU\u00c1NDO<br \/>\n23 de septiembre de 2025<br \/>\nHorario de 10:00h. a 15:00h.<\/p>\n<p>D\u00d3NDE<br \/>\nPalacio de Benamej\u00ed. Plaza de la Constituci\u00f3n s\/n, \u00a041400, \u00c9cija (Sevilla)<\/p>\n<p>DESPLAZAMIENTOS<br \/>\nBus gratuito el mismo d\u00eda del evento.<br \/>\nPara hacer uso del bus, imprescindible reservar por email y esperar confirmaci\u00f3n: info@ajecordoba.org<\/p>\n<p>INSCRIPCIONES<br \/>\nDesde el 5 al 22 de septiembre de 2025<\/p>\n","protected":false},"excerpt":{"rendered":"<p>Networking Interprovincial de J\u00f3venes Empresarios\/as en \u00c9cija, 23 de septiembre de 2025 Prodetur MP SAU, sociedad instrumental de la Diputaci\u00f3n [&hellip;]<\/p>\n","protected":false},"author":5,"featured_media":10800,"comment_status":"closed","ping_status":"open","sticky":false,"template":"","format":"standard","meta":{"_acf_changed":false,"site-sidebar-layout":"default","site-content-layout":"","ast-site-content-layout":"default","site-content-style":"default","site-sidebar-style":"default","ast-global-header-display":"","ast-banner-title-visibility":"","ast-main-header-display":"","ast-hfb-above-header-display":"","ast-hfb-below-header-display":"","ast-hfb-mobile-header-display":"","site-post-title":"","ast-breadcrumbs-content":"","ast-featured-img":"","footer-sml-layout":"","ast-disable-related-posts":"","theme-transparent-header-meta":"default","adv-header-id-meta":"","stick-header-meta":"","header-above-stick-meta":"","header-main-stick-meta":"","header-below-stick-meta":"","astra-migrate-meta-layouts":"set","ast-page-background-enabled":"default","ast-page-background-meta":{"desktop":{"background-color":"var(--ast-global-color-5)","background-image":"","background-repeat":"repeat","background-position":"center center","background-size":"auto","background-attachment":"scroll","background-type":"","background-media":"","overlay-type":"","overlay-color":"","overlay-opacity":"","overlay-gradient":""},"tablet":{"background-color":"","background-image":"","background-repeat":"repeat","background-position":"center center","background-size":"auto","background-attachment":"scroll","background-type":"","background-media":"","overlay-type":"","overlay-color":"","overlay-opacity":"","overlay-gradient":""},"mobile":{"background-color":"","background-image":"","background-repeat":"repeat","background-position":"center center","background-size":"auto","background-attachment":"scroll","background-type":"","background-media":"","overlay-type":"","overlay-color":"","overlay-opacity":"","overlay-gradient":""}},"ast-content-background-meta":{"desktop":{"background-color":"var(--ast-global-color-4)","background-image":"","background-repeat":"repeat","background-position":"center center","background-size":"auto","background-attachment":"scroll","background-type":"","background-media":"","overlay-type":"","overlay-color":"","overlay-opacity":"","overlay-gradient":""},"tablet":{"background-color":"var(--ast-global-color-4)","background-image":"","background-repeat":"repeat","background-position":"center center","background-size":"auto","background-attachment":"scroll","background-type":"","background-media":"","overlay-type":"","overlay-color":"","overlay-opacity":"","overlay-gradient":""},"mobile":{"background-color":"var(--ast-global-color-4)","background-image":"","background-repeat":"repeat","background-position":"center center","background-size":"auto","background-attachment":"scroll","background-type":"","background-media":"","overlay-type":"","overlay-color":"","overlay-opacity":"","overlay-gradient":""}},"footnotes":""},"categories":[8],"tags":[],"class_list":["post-10799","post","type-post","status-publish","format-standard","has-post-thumbnail","hentry","category-noticias"],"acf":[],"yoast_head":"<!-- This site is optimized with the Yoast SEO plugin v26.9 - https:\/\/yoast.com\/product\/yoast-seo-wordpress\/ -->\n<title>Networking Interprovincial de J\u00f3venes Empresarios - AJE C\u00f3rdoba<\/title>\n<meta name=\"robots\" content=\"index, follow, max-snippet:-1, max-image-preview:large, max-video-preview:-1\" \/>\n<link rel=\"canonical\" href=\"https:\/\/ajeandalucia.org\/cordoba\/2025\/09\/09\/networking-interprovincial-de-jovenes-empresarios\/\" \/>\n<meta property=\"og:locale\" content=\"es_ES\" \/>\n<meta property=\"og:type\" content=\"article\" \/>\n<meta property=\"og:title\" content=\"Networking Interprovincial de J\u00f3venes Empresarios - AJE C\u00f3rdoba\" \/>\n<meta property=\"og:description\" content=\"Networking Interprovincial de J\u00f3venes Empresarios\/as en \u00c9cija, 23 de septiembre de 2025 Prodetur MP SAU, sociedad instrumental de la Diputaci\u00f3n [&hellip;]\" \/>\n<meta property=\"og:url\" content=\"https:\/\/ajeandalucia.org\/cordoba\/2025\/09\/09\/networking-interprovincial-de-jovenes-empresarios\/\" \/>\n<meta property=\"og:site_name\" content=\"AJE C\u00f3rdoba\" \/>\n<meta property=\"article:published_time\" content=\"2025-09-09T17:18:22+00:00\" \/>\n<meta property=\"article:modified_time\" content=\"2025-09-09T17:23:10+00:00\" \/>\n<meta property=\"og:image\" content=\"https:\/\/ajeandalucia.org\/cordoba\/wp-content\/uploads\/sites\/6\/2025\/09\/networkin-23-09-25.png\" \/>\n\t<meta property=\"og:image:width\" content=\"939\" \/>\n\t<meta property=\"og:image:height\" content=\"280\" \/>\n\t<meta property=\"og:image:type\" content=\"image\/png\" \/>\n<meta name=\"author\" content=\"cordoba\" \/>\n<meta name=\"twitter:card\" content=\"summary_large_image\" \/>\n<meta name=\"twitter:label1\" content=\"Escrito por\" \/>\n\t<meta name=\"twitter:data1\" content=\"cordoba\" \/>\n\t<meta name=\"twitter:label2\" content=\"Tiempo de lectura\" \/>\n\t<meta name=\"twitter:data2\" content=\"2 minutos\" \/>\n<script type=\"application\/ld+json\" class=\"yoast-schema-graph\">{\"@context\":\"https:\/\/schema.org\",\"@graph\":[{\"@type\":\"Article\",\"@id\":\"https:\/\/ajeandalucia.org\/cordoba\/2025\/09\/09\/networking-interprovincial-de-jovenes-empresarios\/#article\",\"isPartOf\":{\"@id\":\"https:\/\/ajeandalucia.org\/cordoba\/2025\/09\/09\/networking-interprovincial-de-jovenes-empresarios\/\"},\"author\":{\"name\":\"cordoba\",\"@id\":\"https:\/\/ajeandalucia.org\/cordoba\/#\/schema\/person\/1d19f90c44baad3b3701f8af33c2f520\"},\"headline\":\"Networking Interprovincial de J\u00f3venes Empresarios\",\"datePublished\":\"2025-09-09T17:18:22+00:00\",\"dateModified\":\"2025-09-09T17:23:10+00:00\",\"mainEntityOfPage\":{\"@id\":\"https:\/\/ajeandalucia.org\/cordoba\/2025\/09\/09\/networking-interprovincial-de-jovenes-empresarios\/\"},\"wordCount\":306,\"publisher\":{\"@id\":\"https:\/\/ajeandalucia.org\/cordoba\/#organization\"},\"image\":{\"@id\":\"https:\/\/ajeandalucia.org\/cordoba\/2025\/09\/09\/networking-interprovincial-de-jovenes-empresarios\/#primaryimage\"},\"thumbnailUrl\":\"https:\/\/ajeandalucia.org\/cordoba\/wp-content\/uploads\/sites\/6\/2025\/09\/networkin-23-09-25.png\",\"articleSection\":[\"Noticias\"],\"inLanguage\":\"es\"},{\"@type\":\"WebPage\",\"@id\":\"https:\/\/ajeandalucia.org\/cordoba\/2025\/09\/09\/networking-interprovincial-de-jovenes-empresarios\/\",\"url\":\"https:\/\/ajeandalucia.org\/cordoba\/2025\/09\/09\/networking-interprovincial-de-jovenes-empresarios\/\",\"name\":\"Networking Interprovincial de J\u00f3venes Empresarios - AJE C\u00f3rdoba\",\"isPartOf\":{\"@id\":\"https:\/\/ajeandalucia.org\/cordoba\/#website\"},\"primaryImageOfPage\":{\"@id\":\"https:\/\/ajeandalucia.org\/cordoba\/2025\/09\/09\/networking-interprovincial-de-jovenes-empresarios\/#primaryimage\"},\"image\":{\"@id\":\"https:\/\/ajeandalucia.org\/cordoba\/2025\/09\/09\/networking-interprovincial-de-jovenes-empresarios\/#primaryimage\"},\"thumbnailUrl\":\"https:\/\/ajeandalucia.org\/cordoba\/wp-content\/uploads\/sites\/6\/2025\/09\/networkin-23-09-25.png\",\"datePublished\":\"2025-09-09T17:18:22+00:00\",\"dateModified\":\"2025-09-09T17:23:10+00:00\",\"breadcrumb\":{\"@id\":\"https:\/\/ajeandalucia.org\/cordoba\/2025\/09\/09\/networking-interprovincial-de-jovenes-empresarios\/#breadcrumb\"},\"inLanguage\":\"es\",\"potentialAction\":[{\"@type\":\"ReadAction\",\"target\":[\"https:\/\/ajeandalucia.org\/cordoba\/2025\/09\/09\/networking-interprovincial-de-jovenes-empresarios\/\"]}]},{\"@type\":\"ImageObject\",\"inLanguage\":\"es\",\"@id\":\"https:\/\/ajeandalucia.org\/cordoba\/2025\/09\/09\/networking-interprovincial-de-jovenes-empresarios\/#primaryimage\",\"url\":\"https:\/\/ajeandalucia.org\/cordoba\/wp-content\/uploads\/sites\/6\/2025\/09\/networkin-23-09-25.png\",\"contentUrl\":\"https:\/\/ajeandalucia.org\/cordoba\/wp-content\/uploads\/sites\/6\/2025\/09\/networkin-23-09-25.png\",\"width\":939,\"height\":280},{\"@type\":\"BreadcrumbList\",\"@id\":\"https:\/\/ajeandalucia.org\/cordoba\/2025\/09\/09\/networking-interprovincial-de-jovenes-empresarios\/#breadcrumb\",\"itemListElement\":[{\"@type\":\"ListItem\",\"position\":1,\"name\":\"Portada\",\"item\":\"https:\/\/ajeandalucia.org\/cordoba\/\"},{\"@type\":\"ListItem\",\"position\":2,\"name\":\"Networking Interprovincial de J\u00f3venes Empresarios\"}]},{\"@type\":\"WebSite\",\"@id\":\"https:\/\/ajeandalucia.org\/cordoba\/#website\",\"url\":\"https:\/\/ajeandalucia.org\/cordoba\/\",\"name\":\"AJE C\u00f3rdoba\",\"description\":\"Otro sitio m\u00e1s de AJE Andaluc\u00eda\",\"publisher\":{\"@id\":\"https:\/\/ajeandalucia.org\/cordoba\/#organization\"},\"potentialAction\":[{\"@type\":\"SearchAction\",\"target\":{\"@type\":\"EntryPoint\",\"urlTemplate\":\"https:\/\/ajeandalucia.org\/cordoba\/?s={search_term_string}\"},\"query-input\":{\"@type\":\"PropertyValueSpecification\",\"valueRequired\":true,\"valueName\":\"search_term_string\"}}],\"inLanguage\":\"es\"},{\"@type\":\"Organization\",\"@id\":\"https:\/\/ajeandalucia.org\/cordoba\/#organization\",\"name\":\"AJE C\u00f3rdoba\",\"url\":\"https:\/\/ajeandalucia.org\/cordoba\/\",\"logo\":{\"@type\":\"ImageObject\",\"inLanguage\":\"es\",\"@id\":\"https:\/\/ajeandalucia.org\/cordoba\/#\/schema\/logo\/image\/\",\"url\":\"https:\/\/ajeandalucia.org\/cordoba\/wp-content\/uploads\/sites\/6\/2025\/01\/AJE-CORDOBA-horizontal.png\",\"contentUrl\":\"https:\/\/ajeandalucia.org\/cordoba\/wp-content\/uploads\/sites\/6\/2025\/01\/AJE-CORDOBA-horizontal.png\",\"width\":605,\"height\":200,\"caption\":\"AJE C\u00f3rdoba\"},\"image\":{\"@id\":\"https:\/\/ajeandalucia.org\/cordoba\/#\/schema\/logo\/image\/\"}},{\"@type\":\"Person\",\"@id\":\"https:\/\/ajeandalucia.org\/cordoba\/#\/schema\/person\/1d19f90c44baad3b3701f8af33c2f520\",\"name\":\"cordoba\",\"image\":{\"@type\":\"ImageObject\",\"inLanguage\":\"es\",\"@id\":\"https:\/\/ajeandalucia.org\/cordoba\/#\/schema\/person\/image\/\",\"url\":\"https:\/\/secure.gravatar.com\/avatar\/46102d83da7c40efca6d3413931ddaf8470cef93888429af7689de210b9bb6fe?s=96&d=mm&r=g\",\"contentUrl\":\"https:\/\/secure.gravatar.com\/avatar\/46102d83da7c40efca6d3413931ddaf8470cef93888429af7689de210b9bb6fe?s=96&d=mm&r=g\",\"caption\":\"cordoba\"},\"url\":\"https:\/\/ajeandalucia.org\/cordoba\/author\/cordoba\/\"}]}<\/script>\n<!-- \/ Yoast SEO plugin. -->","yoast_head_json":{"title":"Networking Interprovincial de J\u00f3venes Empresarios - AJE C\u00f3rdoba","robots":{"index":"index","follow":"follow","max-snippet":"max-snippet:-1","max-image-preview":"max-image-preview:large","max-video-preview":"max-video-preview:-1"},"canonical":"https:\/\/ajeandalucia.org\/cordoba\/2025\/09\/09\/networking-interprovincial-de-jovenes-empresarios\/","og_locale":"es_ES","og_type":"article","og_title":"Networking Interprovincial de J\u00f3venes Empresarios - AJE C\u00f3rdoba","og_description":"Networking Interprovincial de J\u00f3venes Empresarios\/as en \u00c9cija, 23 de septiembre de 2025 Prodetur MP SAU, sociedad instrumental de la Diputaci\u00f3n [&hellip;]","og_url":"https:\/\/ajeandalucia.org\/cordoba\/2025\/09\/09\/networking-interprovincial-de-jovenes-empresarios\/","og_site_name":"AJE C\u00f3rdoba","article_published_time":"2025-09-09T17:18:22+00:00","article_modified_time":"2025-09-09T17:23:10+00:00","og_image":[{"width":939,"height":280,"url":"https:\/\/ajeandalucia.org\/cordoba\/wp-content\/uploads\/sites\/6\/2025\/09\/networkin-23-09-25.png","type":"image\/png"}],"author":"cordoba","twitter_card":"summary_large_image","twitter_misc":{"Escrito por":"cordoba","Tiempo de lectura":"2 minutos"},"schema":{"@context":"https:\/\/schema.org","@graph":[{"@type":"Article","@id":"https:\/\/ajeandalucia.org\/cordoba\/2025\/09\/09\/networking-interprovincial-de-jovenes-empresarios\/#article","isPartOf":{"@id":"https:\/\/ajeandalucia.org\/cordoba\/2025\/09\/09\/networking-interprovincial-de-jovenes-empresarios\/"},"author":{"name":"cordoba","@id":"https:\/\/ajeandalucia.org\/cordoba\/#\/schema\/person\/1d19f90c44baad3b3701f8af33c2f520"},"headline":"Networking Interprovincial de J\u00f3venes Empresarios","datePublished":"2025-09-09T17:18:22+00:00","dateModified":"2025-09-09T17:23:10+00:00","mainEntityOfPage":{"@id":"https:\/\/ajeandalucia.org\/cordoba\/2025\/09\/09\/networking-interprovincial-de-jovenes-empresarios\/"},"wordCount":306,"publisher":{"@id":"https:\/\/ajeandalucia.org\/cordoba\/#organization"},"image":{"@id":"https:\/\/ajeandalucia.org\/cordoba\/2025\/09\/09\/networking-interprovincial-de-jovenes-empresarios\/#primaryimage"},"thumbnailUrl":"https:\/\/ajeandalucia.org\/cordoba\/wp-content\/uploads\/sites\/6\/2025\/09\/networkin-23-09-25.png","articleSection":["Noticias"],"inLanguage":"es"},{"@type":"WebPage","@id":"https:\/\/ajeandalucia.org\/cordoba\/2025\/09\/09\/networking-interprovincial-de-jovenes-empresarios\/","url":"https:\/\/ajeandalucia.org\/cordoba\/2025\/09\/09\/networking-interprovincial-de-jovenes-empresarios\/","name":"Networking Interprovincial de J\u00f3venes Empresarios - AJE C\u00f3rdoba","isPartOf":{"@id":"https:\/\/ajeandalucia.org\/cordoba\/#website"},"primaryImageOfPage":{"@id":"https:\/\/ajeandalucia.org\/cordoba\/2025\/09\/09\/networking-interprovincial-de-jovenes-empresarios\/#primaryimage"},"image":{"@id":"https:\/\/ajeandalucia.org\/cordoba\/2025\/09\/09\/networking-interprovincial-de-jovenes-empresarios\/#primaryimage"},"thumbnailUrl":"https:\/\/ajeandalucia.org\/cordoba\/wp-content\/uploads\/sites\/6\/2025\/09\/networkin-23-09-25.png","datePublished":"2025-09-09T17:18:22+00:00","dateModified":"2025-09-09T17:23:10+00:00","breadcrumb":{"@id":"https:\/\/ajeandalucia.org\/cordoba\/2025\/09\/09\/networking-interprovincial-de-jovenes-empresarios\/#breadcrumb"},"inLanguage":"es","potentialAction":[{"@type":"ReadAction","target":["https:\/\/ajeandalucia.org\/cordoba\/2025\/09\/09\/networking-interprovincial-de-jovenes-empresarios\/"]}]},{"@type":"ImageObject","inLanguage":"es","@id":"https:\/\/ajeandalucia.org\/cordoba\/2025\/09\/09\/networking-interprovincial-de-jovenes-empresarios\/#primaryimage","url":"https:\/\/ajeandalucia.org\/cordoba\/wp-content\/uploads\/sites\/6\/2025\/09\/networkin-23-09-25.png","contentUrl":"https:\/\/ajeandalucia.org\/cordoba\/wp-content\/uploads\/sites\/6\/2025\/09\/networkin-23-09-25.png","width":939,"height":280},{"@type":"BreadcrumbList","@id":"https:\/\/ajeandalucia.org\/cordoba\/2025\/09\/09\/networking-interprovincial-de-jovenes-empresarios\/#breadcrumb","itemListElement":[{"@type":"ListItem","position":1,"name":"Portada","item":"https:\/\/ajeandalucia.org\/cordoba\/"},{"@type":"ListItem","position":2,"name":"Networking Interprovincial de J\u00f3venes Empresarios"}]},{"@type":"WebSite","@id":"https:\/\/ajeandalucia.org\/cordoba\/#website","url":"https:\/\/ajeandalucia.org\/cordoba\/","name":"AJE C\u00f3rdoba","description":"Otro sitio m\u00e1s de AJE Andaluc\u00eda","publisher":{"@id":"https:\/\/ajeandalucia.org\/cordoba\/#organization"},"potentialAction":[{"@type":"SearchAction","target":{"@type":"EntryPoint","urlTemplate":"https:\/\/ajeandalucia.org\/cordoba\/?s={search_term_string}"},"query-input":{"@type":"PropertyValueSpecification","valueRequired":true,"valueName":"search_term_string"}}],"inLanguage":"es"},{"@type":"Organization","@id":"https:\/\/ajeandalucia.org\/cordoba\/#organization","name":"AJE C\u00f3rdoba","url":"https:\/\/ajeandalucia.org\/cordoba\/","logo":{"@type":"ImageObject","inLanguage":"es","@id":"https:\/\/ajeandalucia.org\/cordoba\/#\/schema\/logo\/image\/","url":"https:\/\/ajeandalucia.org\/cordoba\/wp-content\/uploads\/sites\/6\/2025\/01\/AJE-CORDOBA-horizontal.png","contentUrl":"https:\/\/ajeandalucia.org\/cordoba\/wp-content\/uploads\/sites\/6\/2025\/01\/AJE-CORDOBA-horizontal.png","width":605,"height":200,"caption":"AJE C\u00f3rdoba"},"image":{"@id":"https:\/\/ajeandalucia.org\/cordoba\/#\/schema\/logo\/image\/"}},{"@type":"Person","@id":"https:\/\/ajeandalucia.org\/cordoba\/#\/schema\/person\/1d19f90c44baad3b3701f8af33c2f520","name":"cordoba","image":{"@type":"ImageObject","inLanguage":"es","@id":"https:\/\/ajeandalucia.org\/cordoba\/#\/schema\/person\/image\/","url":"https:\/\/secure.gravatar.com\/avatar\/46102d83da7c40efca6d3413931ddaf8470cef93888429af7689de210b9bb6fe?s=96&d=mm&r=g","contentUrl":"https:\/\/secure.gravatar.com\/avatar\/46102d83da7c40efca6d3413931ddaf8470cef93888429af7689de210b9bb6fe?s=96&d=mm&r=g","caption":"cordoba"},"url":"https:\/\/ajeandalucia.org\/cordoba\/author\/cordoba\/"}]}},"_links":{"self":[{"href":"https:\/\/ajeandalucia.org\/cordoba\/wp-json\/wp\/v2\/posts\/10799","targetHints":{"allow":["GET"]}}],"collection":[{"href":"https:\/\/ajeandalucia.org\/cordoba\/wp-json\/wp\/v2\/posts"}],"about":[{"href":"https:\/\/ajeandalucia.org\/cordoba\/wp-json\/wp\/v2\/types\/post"}],"author":[{"embeddable":true,"href":"https:\/\/ajeandalucia.org\/cordoba\/wp-json\/wp\/v2\/users\/5"}],"replies":[{"embeddable":true,"href":"https:\/\/ajeandalucia.org\/cordoba\/wp-json\/wp\/v2\/comments?post=10799"}],"version-history":[{"count":1,"href":"https:\/\/ajeandalucia.org\/cordoba\/wp-json\/wp\/v2\/posts\/10799\/revisions"}],"predecessor-version":[{"id":10801,"href":"https:\/\/ajeandalucia.org\/cordoba\/wp-json\/wp\/v2\/posts\/10799\/revisions\/10801"}],"wp:featuredmedia":[{"embeddable":true,"href":"https:\/\/ajeandalucia.org\/cordoba\/wp-json\/wp\/v2\/media\/10800"}],"wp:attachment":[{"href":"https:\/\/ajeandalucia.org\/cordoba\/wp-json\/wp\/v2\/media?parent=10799"}],"wp:term":[{"taxonomy":"category","embeddable":true,"href":"https:\/\/ajeandalucia.org\/cordoba\/wp-json\/wp\/v2\/categories?post=10799"},{"taxonomy":"post_tag","embeddable":true,"href":"https:\/\/ajeandalucia.org\/cordoba\/wp-json\/wp\/v2\/tags?post=10799"}],"curies":[{"name":"wp","href":"https:\/\/api.w.org\/{rel}","templated":true}]}}