{"id":11142,"date":"2026-02-12T12:47:14","date_gmt":"2026-02-12T11:47:14","guid":{"rendered":"https:\/\/ajeandalucia.org\/cordoba\/?p=11142"},"modified":"2026-02-12T12:50:55","modified_gmt":"2026-02-12T11:50:55","slug":"aje-cordoba-reune-en-la-diputacion-a-expertos-en-industria-vivienda-y-defensa-para-analizar-el-impacto-de-la-base-logistica-del-ejercito-de-tierra","status":"publish","type":"post","link":"https:\/\/ajeandalucia.org\/cordoba\/2026\/02\/12\/aje-cordoba-reune-en-la-diputacion-a-expertos-en-industria-vivienda-y-defensa-para-analizar-el-impacto-de-la-base-logistica-del-ejercito-de-tierra\/","title":{"rendered":"AJE C\u00f3rdoba re\u00fane en la Diputaci\u00f3n a expertos en industria, vivienda y defensa para analizar el impacto de la Base Log\u00edstica del Ej\u00e9rcito de Tierra"},"content":{"rendered":"<p style=\"text-align: center\"><strong>Salvador Fuentes: \u201cEn C\u00f3rdoba la BLET es una oportunidad hist\u00f3rica para industrializar nuestra provincia fabricando las armas que rearmen a Europa para la paz\u201d<\/strong><\/p>\n<p style=\"text-align: left\"><strong>AJE C\u00f3rdoba re\u00fane en la Diputaci\u00f3n a expertos en industria, vivienda y defensa para analizar el impacto de la Base Log\u00edstica del Ej\u00e9rcito de Tierra<\/strong><br \/>\n<strong>C\u00f3rdoba.<\/strong><br \/>\n\u201cLa Base Log\u00edstica del Ej\u00e9rcito de Tierra (BLET) es una oportunidad hist\u00f3rica para industrializar nuestra provincia fabricando las armas que rearmen a Europa para la paz\u201d. Con estas palabras, el presidente de la Diputaci\u00f3n de C\u00f3rdoba, Salvador Fuentes, abri\u00f3 las jornadas \u201cConstruyendo Oportunidades. Industria, Vivienda y Defensa en C\u00f3rdoba\u201d, celebradas ayer en el Sal\u00f3n de Actos de la instituci\u00f3n provincial y organizadas por la Asociaci\u00f3n de J\u00f3venes Empresarios (AJE) C\u00f3rdoba en colaboraci\u00f3n con el Consejo Social de la UCO, IPRODECO y la propia Diputaci\u00f3n de C\u00f3rdoba.<br \/>\nEl encuentro reuni\u00f3 a representantes institucionales, expertos en defensa, vivienda e industria y a una amplia representaci\u00f3n del tejido empresarial cordob\u00e9s, con un objetivo com\u00fan: analizar el papel de la BLET como motor de reindustrializaci\u00f3n y su impacto en la ciudad y la provincia.<br \/>\nEn el \u00e1mbito de la industria y la defensa, se subray\u00f3 que la Base Log\u00edstica generar\u00e1 una importante industria auxiliar y de suministro, y que las empresas cordobesas deben prepararse en t\u00e9rminos de certificaciones, digitalizaci\u00f3n y adaptaci\u00f3n a las exigencias del sector para poder integrarse en la cadena de valor.<br \/>\nLas intervenciones dedicadas a la vivienda y la planificaci\u00f3n urbana coincidieron en la necesidad de aumentar la oferta de vivienda asequible y agilizar los tr\u00e1mites administrativos para responder al crecimiento de hogares asociado al desarrollo de la BLET, as\u00ed como en la importancia de la formaci\u00f3n profesional para cubrir la demanda de mano de obra cualificada que se espera en los pr\u00f3ximos a\u00f1os.<br \/>\nLa mesa redonda \u201cIndustria, Vivienda y Defensa en C\u00f3rdoba: Retos y Oportunidades\u201d, moderada por Julia Aguirre, miembro del comit\u00e9 ejecutivo de AJE C\u00f3rdoba, permiti\u00f3 profundizar en otros desaf\u00edos y oportunidades que genera la BLET para la sociedad y las empresas cordobesas.<br \/>\nEl presidente de AJE C\u00f3rdoba, V\u00edctor Mac\u00edas, destac\u00f3 que estas jornadas nacen para ofrecer \u201cuna visi\u00f3n clara de los retos y oportunidades que la BLET abre para el tejido empresarial cordob\u00e9s\u201d, y subray\u00f3 la importancia de la colaboraci\u00f3n entre administraciones, empresas y agentes sociales \u201cpara que C\u00f3rdoba aproveche plenamente esta oportunidad hist\u00f3rica\u201d. Entre las acciones se\u00f1aladas se encuentran el registro en el cat\u00e1logo de empresas de inter\u00e9s del Ministerio de Defensa, la inversi\u00f3n en sostenibilidad y certificaciones, el impulso a la colaboraci\u00f3n p\u00fablico-privada en vivienda y la exploraci\u00f3n de licitaciones internacionales a trav\u00e9s de la NSPA (NATO Support and Procurement Agency).<br \/>\nLas jornadas concluyeron con un llamamiento un\u00e1nime a la unidad de acci\u00f3n entre administraciones, empresas y agentes sociales, para evitar que las oportunidades derivadas de la BLET se desplacen a otros territorios y consolidar a C\u00f3rdoba como un referente industrial y residencial de primera divisi\u00f3n.<\/p>\n<p>Para ampliar informacion mira el <a href=\"http:\/\/ajeandalucia.org\/cordoba\/wp-content\/uploads\/sites\/6\/2026\/02\/Informe-Jornadas-BLET-Diputacion.pdf\">Informe Jornadas BLET Diputaci\u00f3n<\/a><\/p>\n<p><img loading=\"lazy\" decoding=\"async\" class=\"alignnone size-medium wp-image-11148\" src=\"http:\/\/ajeandalucia.org\/cordoba\/wp-content\/uploads\/sites\/6\/2026\/02\/Foto_01-300x200.jpg\" alt=\"\" width=\"300\" height=\"200\" srcset=\"https:\/\/ajeandalucia.org\/cordoba\/wp-content\/uploads\/sites\/6\/2026\/02\/Foto_01-300x200.jpg 300w, https:\/\/ajeandalucia.org\/cordoba\/wp-content\/uploads\/sites\/6\/2026\/02\/Foto_01-1024x683.jpg 1024w, https:\/\/ajeandalucia.org\/cordoba\/wp-content\/uploads\/sites\/6\/2026\/02\/Foto_01-768x512.jpg 768w, https:\/\/ajeandalucia.org\/cordoba\/wp-content\/uploads\/sites\/6\/2026\/02\/Foto_01-391x260.jpg 391w, https:\/\/ajeandalucia.org\/cordoba\/wp-content\/uploads\/sites\/6\/2026\/02\/Foto_01-600x400.jpg 600w, https:\/\/ajeandalucia.org\/cordoba\/wp-content\/uploads\/sites\/6\/2026\/02\/Foto_01.jpg 1200w\" sizes=\"auto, (max-width: 300px) 100vw, 300px\" \/>\u00a0 <img loading=\"lazy\" decoding=\"async\" class=\"alignnone size-medium wp-image-11150\" src=\"http:\/\/ajeandalucia.org\/cordoba\/wp-content\/uploads\/sites\/6\/2026\/02\/Foto_12-300x200.jpg\" alt=\"\" width=\"300\" height=\"200\" srcset=\"https:\/\/ajeandalucia.org\/cordoba\/wp-content\/uploads\/sites\/6\/2026\/02\/Foto_12-300x200.jpg 300w, https:\/\/ajeandalucia.org\/cordoba\/wp-content\/uploads\/sites\/6\/2026\/02\/Foto_12-1024x683.jpg 1024w, https:\/\/ajeandalucia.org\/cordoba\/wp-content\/uploads\/sites\/6\/2026\/02\/Foto_12-768x512.jpg 768w, https:\/\/ajeandalucia.org\/cordoba\/wp-content\/uploads\/sites\/6\/2026\/02\/Foto_12-391x260.jpg 391w, https:\/\/ajeandalucia.org\/cordoba\/wp-content\/uploads\/sites\/6\/2026\/02\/Foto_12-600x400.jpg 600w, https:\/\/ajeandalucia.org\/cordoba\/wp-content\/uploads\/sites\/6\/2026\/02\/Foto_12.jpg 1200w\" sizes=\"auto, (max-width: 300px) 100vw, 300px\" \/><\/p>\n","protected":false},"excerpt":{"rendered":"<p>Salvador Fuentes: \u201cEn C\u00f3rdoba la BLET es una oportunidad hist\u00f3rica para industrializar nuestra provincia fabricando las armas que rearmen a [&hellip;]<\/p>\n","protected":false},"author":5,"featured_media":11143,"comment_status":"closed","ping_status":"open","sticky":false,"template":"","format":"standard","meta":{"_acf_changed":false,"site-sidebar-layout":"default","site-content-layout":"","ast-site-content-layout":"default","site-content-style":"default","site-sidebar-style":"default","ast-global-header-display":"","ast-banner-title-visibility":"","ast-main-header-display":"","ast-hfb-above-header-display":"","ast-hfb-below-header-display":"","ast-hfb-mobile-header-display":"","site-post-title":"","ast-breadcrumbs-content":"","ast-featured-img":"","footer-sml-layout":"","ast-disable-related-posts":"","theme-transparent-header-meta":"default","adv-header-id-meta":"","stick-header-meta":"","header-above-stick-meta":"","header-main-stick-meta":"","header-below-stick-meta":"","astra-migrate-meta-layouts":"set","ast-page-background-enabled":"default","ast-page-background-meta":{"desktop":{"background-color":"var(--ast-global-color-5)","background-image":"","background-repeat":"repeat","background-position":"center center","background-size":"auto","background-attachment":"scroll","background-type":"","background-media":"","overlay-type":"","overlay-color":"","overlay-opacity":"","overlay-gradient":""},"tablet":{"background-color":"","background-image":"","background-repeat":"repeat","background-position":"center center","background-size":"auto","background-attachment":"scroll","background-type":"","background-media":"","overlay-type":"","overlay-color":"","overlay-opacity":"","overlay-gradient":""},"mobile":{"background-color":"","background-image":"","background-repeat":"repeat","background-position":"center center","background-size":"auto","background-attachment":"scroll","background-type":"","background-media":"","overlay-type":"","overlay-color":"","overlay-opacity":"","overlay-gradient":""}},"ast-content-background-meta":{"desktop":{"background-color":"var(--ast-global-color-4)","background-image":"","background-repeat":"repeat","background-position":"center center","background-size":"auto","background-attachment":"scroll","background-type":"","background-media":"","overlay-type":"","overlay-color":"","overlay-opacity":"","overlay-gradient":""},"tablet":{"background-color":"var(--ast-global-color-4)","background-image":"","background-repeat":"repeat","background-position":"center center","background-size":"auto","background-attachment":"scroll","background-type":"","background-media":"","overlay-type":"","overlay-color":"","overlay-opacity":"","overlay-gradient":""},"mobile":{"background-color":"var(--ast-global-color-4)","background-image":"","background-repeat":"repeat","background-position":"center center","background-size":"auto","background-attachment":"scroll","background-type":"","background-media":"","overlay-type":"","overlay-color":"","overlay-opacity":"","overlay-gradient":""}},"footnotes":""},"categories":[8],"tags":[],"class_list":["post-11142","post","type-post","status-publish","format-standard","has-post-thumbnail","hentry","category-noticias"],"acf":[],"yoast_head":"<!-- This site is optimized with the Yoast SEO plugin v26.9 - https:\/\/yoast.com\/product\/yoast-seo-wordpress\/ -->\n<title>AJE C\u00f3rdoba re\u00fane en la Diputaci\u00f3n a expertos en industria, vivienda y defensa para analizar el impacto de la Base Log\u00edstica del Ej\u00e9rcito de Tierra - AJE C\u00f3rdoba<\/title>\n<meta name=\"robots\" content=\"index, follow, max-snippet:-1, max-image-preview:large, max-video-preview:-1\" \/>\n<link rel=\"canonical\" href=\"https:\/\/ajeandalucia.org\/cordoba\/2026\/02\/12\/aje-cordoba-reune-en-la-diputacion-a-expertos-en-industria-vivienda-y-defensa-para-analizar-el-impacto-de-la-base-logistica-del-ejercito-de-tierra\/\" \/>\n<meta property=\"og:locale\" content=\"es_ES\" \/>\n<meta property=\"og:type\" content=\"article\" \/>\n<meta property=\"og:title\" content=\"AJE C\u00f3rdoba re\u00fane en la Diputaci\u00f3n a expertos en industria, vivienda y defensa para analizar el impacto de la Base Log\u00edstica del Ej\u00e9rcito de Tierra - AJE C\u00f3rdoba\" \/>\n<meta property=\"og:description\" content=\"Salvador Fuentes: \u201cEn C\u00f3rdoba la BLET es una oportunidad hist\u00f3rica para industrializar nuestra provincia fabricando las armas que rearmen a [&hellip;]\" \/>\n<meta property=\"og:url\" content=\"https:\/\/ajeandalucia.org\/cordoba\/2026\/02\/12\/aje-cordoba-reune-en-la-diputacion-a-expertos-en-industria-vivienda-y-defensa-para-analizar-el-impacto-de-la-base-logistica-del-ejercito-de-tierra\/\" \/>\n<meta property=\"og:site_name\" content=\"AJE C\u00f3rdoba\" \/>\n<meta property=\"article:published_time\" content=\"2026-02-12T11:47:14+00:00\" \/>\n<meta property=\"article:modified_time\" content=\"2026-02-12T11:50:55+00:00\" \/>\n<meta property=\"og:image\" content=\"http:\/\/ajeandalucia.org\/cordoba\/wp-content\/uploads\/sites\/6\/2026\/02\/Foto_02.jpg\" \/>\n\t<meta property=\"og:image:width\" content=\"1200\" \/>\n\t<meta property=\"og:image:height\" content=\"621\" \/>\n\t<meta property=\"og:image:type\" content=\"image\/jpeg\" \/>\n<meta name=\"author\" content=\"cordoba\" \/>\n<meta name=\"twitter:card\" content=\"summary_large_image\" \/>\n<meta name=\"twitter:label1\" content=\"Escrito por\" \/>\n\t<meta name=\"twitter:data1\" content=\"cordoba\" \/>\n\t<meta name=\"twitter:label2\" content=\"Tiempo de lectura\" \/>\n\t<meta name=\"twitter:data2\" content=\"3 minutos\" \/>\n<script type=\"application\/ld+json\" class=\"yoast-schema-graph\">{\"@context\":\"https:\/\/schema.org\",\"@graph\":[{\"@type\":\"Article\",\"@id\":\"https:\/\/ajeandalucia.org\/cordoba\/2026\/02\/12\/aje-cordoba-reune-en-la-diputacion-a-expertos-en-industria-vivienda-y-defensa-para-analizar-el-impacto-de-la-base-logistica-del-ejercito-de-tierra\/#article\",\"isPartOf\":{\"@id\":\"https:\/\/ajeandalucia.org\/cordoba\/2026\/02\/12\/aje-cordoba-reune-en-la-diputacion-a-expertos-en-industria-vivienda-y-defensa-para-analizar-el-impacto-de-la-base-logistica-del-ejercito-de-tierra\/\"},\"author\":{\"name\":\"cordoba\",\"@id\":\"https:\/\/ajeandalucia.org\/cordoba\/#\/schema\/person\/1d19f90c44baad3b3701f8af33c2f520\"},\"headline\":\"AJE C\u00f3rdoba re\u00fane en la Diputaci\u00f3n a expertos en industria, vivienda y defensa para analizar el impacto de la Base Log\u00edstica del Ej\u00e9rcito de Tierra\",\"datePublished\":\"2026-02-12T11:47:14+00:00\",\"dateModified\":\"2026-02-12T11:50:55+00:00\",\"mainEntityOfPage\":{\"@id\":\"https:\/\/ajeandalucia.org\/cordoba\/2026\/02\/12\/aje-cordoba-reune-en-la-diputacion-a-expertos-en-industria-vivienda-y-defensa-para-analizar-el-impacto-de-la-base-logistica-del-ejercito-de-tierra\/\"},\"wordCount\":578,\"publisher\":{\"@id\":\"https:\/\/ajeandalucia.org\/cordoba\/#organization\"},\"image\":{\"@id\":\"https:\/\/ajeandalucia.org\/cordoba\/2026\/02\/12\/aje-cordoba-reune-en-la-diputacion-a-expertos-en-industria-vivienda-y-defensa-para-analizar-el-impacto-de-la-base-logistica-del-ejercito-de-tierra\/#primaryimage\"},\"thumbnailUrl\":\"https:\/\/ajeandalucia.org\/cordoba\/wp-content\/uploads\/sites\/6\/2026\/02\/Foto_02.jpg\",\"articleSection\":[\"Noticias\"],\"inLanguage\":\"es\"},{\"@type\":\"WebPage\",\"@id\":\"https:\/\/ajeandalucia.org\/cordoba\/2026\/02\/12\/aje-cordoba-reune-en-la-diputacion-a-expertos-en-industria-vivienda-y-defensa-para-analizar-el-impacto-de-la-base-logistica-del-ejercito-de-tierra\/\",\"url\":\"https:\/\/ajeandalucia.org\/cordoba\/2026\/02\/12\/aje-cordoba-reune-en-la-diputacion-a-expertos-en-industria-vivienda-y-defensa-para-analizar-el-impacto-de-la-base-logistica-del-ejercito-de-tierra\/\",\"name\":\"AJE C\u00f3rdoba re\u00fane en la Diputaci\u00f3n a expertos en industria, vivienda y defensa para analizar el impacto de la Base Log\u00edstica del Ej\u00e9rcito de Tierra - AJE C\u00f3rdoba\",\"isPartOf\":{\"@id\":\"https:\/\/ajeandalucia.org\/cordoba\/#website\"},\"primaryImageOfPage\":{\"@id\":\"https:\/\/ajeandalucia.org\/cordoba\/2026\/02\/12\/aje-cordoba-reune-en-la-diputacion-a-expertos-en-industria-vivienda-y-defensa-para-analizar-el-impacto-de-la-base-logistica-del-ejercito-de-tierra\/#primaryimage\"},\"image\":{\"@id\":\"https:\/\/ajeandalucia.org\/cordoba\/2026\/02\/12\/aje-cordoba-reune-en-la-diputacion-a-expertos-en-industria-vivienda-y-defensa-para-analizar-el-impacto-de-la-base-logistica-del-ejercito-de-tierra\/#primaryimage\"},\"thumbnailUrl\":\"https:\/\/ajeandalucia.org\/cordoba\/wp-content\/uploads\/sites\/6\/2026\/02\/Foto_02.jpg\",\"datePublished\":\"2026-02-12T11:47:14+00:00\",\"dateModified\":\"2026-02-12T11:50:55+00:00\",\"breadcrumb\":{\"@id\":\"https:\/\/ajeandalucia.org\/cordoba\/2026\/02\/12\/aje-cordoba-reune-en-la-diputacion-a-expertos-en-industria-vivienda-y-defensa-para-analizar-el-impacto-de-la-base-logistica-del-ejercito-de-tierra\/#breadcrumb\"},\"inLanguage\":\"es\",\"potentialAction\":[{\"@type\":\"ReadAction\",\"target\":[\"https:\/\/ajeandalucia.org\/cordoba\/2026\/02\/12\/aje-cordoba-reune-en-la-diputacion-a-expertos-en-industria-vivienda-y-defensa-para-analizar-el-impacto-de-la-base-logistica-del-ejercito-de-tierra\/\"]}]},{\"@type\":\"ImageObject\",\"inLanguage\":\"es\",\"@id\":\"https:\/\/ajeandalucia.org\/cordoba\/2026\/02\/12\/aje-cordoba-reune-en-la-diputacion-a-expertos-en-industria-vivienda-y-defensa-para-analizar-el-impacto-de-la-base-logistica-del-ejercito-de-tierra\/#primaryimage\",\"url\":\"https:\/\/ajeandalucia.org\/cordoba\/wp-content\/uploads\/sites\/6\/2026\/02\/Foto_02.jpg\",\"contentUrl\":\"https:\/\/ajeandalucia.org\/cordoba\/wp-content\/uploads\/sites\/6\/2026\/02\/Foto_02.jpg\",\"width\":1200,\"height\":621},{\"@type\":\"BreadcrumbList\",\"@id\":\"https:\/\/ajeandalucia.org\/cordoba\/2026\/02\/12\/aje-cordoba-reune-en-la-diputacion-a-expertos-en-industria-vivienda-y-defensa-para-analizar-el-impacto-de-la-base-logistica-del-ejercito-de-tierra\/#breadcrumb\",\"itemListElement\":[{\"@type\":\"ListItem\",\"position\":1,\"name\":\"Portada\",\"item\":\"https:\/\/ajeandalucia.org\/cordoba\/\"},{\"@type\":\"ListItem\",\"position\":2,\"name\":\"AJE C\u00f3rdoba re\u00fane en la Diputaci\u00f3n a expertos en industria, vivienda y defensa para analizar el impacto de la Base Log\u00edstica del Ej\u00e9rcito de Tierra\"}]},{\"@type\":\"WebSite\",\"@id\":\"https:\/\/ajeandalucia.org\/cordoba\/#website\",\"url\":\"https:\/\/ajeandalucia.org\/cordoba\/\",\"name\":\"AJE C\u00f3rdoba\",\"description\":\"Otro sitio m\u00e1s de AJE Andaluc\u00eda\",\"publisher\":{\"@id\":\"https:\/\/ajeandalucia.org\/cordoba\/#organization\"},\"potentialAction\":[{\"@type\":\"SearchAction\",\"target\":{\"@type\":\"EntryPoint\",\"urlTemplate\":\"https:\/\/ajeandalucia.org\/cordoba\/?s={search_term_string}\"},\"query-input\":{\"@type\":\"PropertyValueSpecification\",\"valueRequired\":true,\"valueName\":\"search_term_string\"}}],\"inLanguage\":\"es\"},{\"@type\":\"Organization\",\"@id\":\"https:\/\/ajeandalucia.org\/cordoba\/#organization\",\"name\":\"AJE C\u00f3rdoba\",\"url\":\"https:\/\/ajeandalucia.org\/cordoba\/\",\"logo\":{\"@type\":\"ImageObject\",\"inLanguage\":\"es\",\"@id\":\"https:\/\/ajeandalucia.org\/cordoba\/#\/schema\/logo\/image\/\",\"url\":\"https:\/\/ajeandalucia.org\/cordoba\/wp-content\/uploads\/sites\/6\/2025\/01\/AJE-CORDOBA-horizontal.png\",\"contentUrl\":\"https:\/\/ajeandalucia.org\/cordoba\/wp-content\/uploads\/sites\/6\/2025\/01\/AJE-CORDOBA-horizontal.png\",\"width\":605,\"height\":200,\"caption\":\"AJE C\u00f3rdoba\"},\"image\":{\"@id\":\"https:\/\/ajeandalucia.org\/cordoba\/#\/schema\/logo\/image\/\"}},{\"@type\":\"Person\",\"@id\":\"https:\/\/ajeandalucia.org\/cordoba\/#\/schema\/person\/1d19f90c44baad3b3701f8af33c2f520\",\"name\":\"cordoba\",\"image\":{\"@type\":\"ImageObject\",\"inLanguage\":\"es\",\"@id\":\"https:\/\/ajeandalucia.org\/cordoba\/#\/schema\/person\/image\/\",\"url\":\"https:\/\/secure.gravatar.com\/avatar\/46102d83da7c40efca6d3413931ddaf8470cef93888429af7689de210b9bb6fe?s=96&d=mm&r=g\",\"contentUrl\":\"https:\/\/secure.gravatar.com\/avatar\/46102d83da7c40efca6d3413931ddaf8470cef93888429af7689de210b9bb6fe?s=96&d=mm&r=g\",\"caption\":\"cordoba\"},\"url\":\"https:\/\/ajeandalucia.org\/cordoba\/author\/cordoba\/\"}]}<\/script>\n<!-- \/ Yoast SEO plugin. -->","yoast_head_json":{"title":"AJE C\u00f3rdoba re\u00fane en la Diputaci\u00f3n a expertos en industria, vivienda y defensa para analizar el impacto de la Base Log\u00edstica del Ej\u00e9rcito de Tierra - AJE C\u00f3rdoba","robots":{"index":"index","follow":"follow","max-snippet":"max-snippet:-1","max-image-preview":"max-image-preview:large","max-video-preview":"max-video-preview:-1"},"canonical":"https:\/\/ajeandalucia.org\/cordoba\/2026\/02\/12\/aje-cordoba-reune-en-la-diputacion-a-expertos-en-industria-vivienda-y-defensa-para-analizar-el-impacto-de-la-base-logistica-del-ejercito-de-tierra\/","og_locale":"es_ES","og_type":"article","og_title":"AJE C\u00f3rdoba re\u00fane en la Diputaci\u00f3n a expertos en industria, vivienda y defensa para analizar el impacto de la Base Log\u00edstica del Ej\u00e9rcito de Tierra - AJE C\u00f3rdoba","og_description":"Salvador Fuentes: \u201cEn C\u00f3rdoba la BLET es una oportunidad hist\u00f3rica para industrializar nuestra provincia fabricando las armas que rearmen a [&hellip;]","og_url":"https:\/\/ajeandalucia.org\/cordoba\/2026\/02\/12\/aje-cordoba-reune-en-la-diputacion-a-expertos-en-industria-vivienda-y-defensa-para-analizar-el-impacto-de-la-base-logistica-del-ejercito-de-tierra\/","og_site_name":"AJE C\u00f3rdoba","article_published_time":"2026-02-12T11:47:14+00:00","article_modified_time":"2026-02-12T11:50:55+00:00","og_image":[{"width":1200,"height":621,"url":"http:\/\/ajeandalucia.org\/cordoba\/wp-content\/uploads\/sites\/6\/2026\/02\/Foto_02.jpg","type":"image\/jpeg"}],"author":"cordoba","twitter_card":"summary_large_image","twitter_misc":{"Escrito por":"cordoba","Tiempo de lectura":"3 minutos"},"schema":{"@context":"https:\/\/schema.org","@graph":[{"@type":"Article","@id":"https:\/\/ajeandalucia.org\/cordoba\/2026\/02\/12\/aje-cordoba-reune-en-la-diputacion-a-expertos-en-industria-vivienda-y-defensa-para-analizar-el-impacto-de-la-base-logistica-del-ejercito-de-tierra\/#article","isPartOf":{"@id":"https:\/\/ajeandalucia.org\/cordoba\/2026\/02\/12\/aje-cordoba-reune-en-la-diputacion-a-expertos-en-industria-vivienda-y-defensa-para-analizar-el-impacto-de-la-base-logistica-del-ejercito-de-tierra\/"},"author":{"name":"cordoba","@id":"https:\/\/ajeandalucia.org\/cordoba\/#\/schema\/person\/1d19f90c44baad3b3701f8af33c2f520"},"headline":"AJE C\u00f3rdoba re\u00fane en la Diputaci\u00f3n a expertos en industria, vivienda y defensa para analizar el impacto de la Base Log\u00edstica del Ej\u00e9rcito de Tierra","datePublished":"2026-02-12T11:47:14+00:00","dateModified":"2026-02-12T11:50:55+00:00","mainEntityOfPage":{"@id":"https:\/\/ajeandalucia.org\/cordoba\/2026\/02\/12\/aje-cordoba-reune-en-la-diputacion-a-expertos-en-industria-vivienda-y-defensa-para-analizar-el-impacto-de-la-base-logistica-del-ejercito-de-tierra\/"},"wordCount":578,"publisher":{"@id":"https:\/\/ajeandalucia.org\/cordoba\/#organization"},"image":{"@id":"https:\/\/ajeandalucia.org\/cordoba\/2026\/02\/12\/aje-cordoba-reune-en-la-diputacion-a-expertos-en-industria-vivienda-y-defensa-para-analizar-el-impacto-de-la-base-logistica-del-ejercito-de-tierra\/#primaryimage"},"thumbnailUrl":"https:\/\/ajeandalucia.org\/cordoba\/wp-content\/uploads\/sites\/6\/2026\/02\/Foto_02.jpg","articleSection":["Noticias"],"inLanguage":"es"},{"@type":"WebPage","@id":"https:\/\/ajeandalucia.org\/cordoba\/2026\/02\/12\/aje-cordoba-reune-en-la-diputacion-a-expertos-en-industria-vivienda-y-defensa-para-analizar-el-impacto-de-la-base-logistica-del-ejercito-de-tierra\/","url":"https:\/\/ajeandalucia.org\/cordoba\/2026\/02\/12\/aje-cordoba-reune-en-la-diputacion-a-expertos-en-industria-vivienda-y-defensa-para-analizar-el-impacto-de-la-base-logistica-del-ejercito-de-tierra\/","name":"AJE C\u00f3rdoba re\u00fane en la Diputaci\u00f3n a expertos en industria, vivienda y defensa para analizar el impacto de la Base Log\u00edstica del Ej\u00e9rcito de Tierra - AJE C\u00f3rdoba","isPartOf":{"@id":"https:\/\/ajeandalucia.org\/cordoba\/#website"},"primaryImageOfPage":{"@id":"https:\/\/ajeandalucia.org\/cordoba\/2026\/02\/12\/aje-cordoba-reune-en-la-diputacion-a-expertos-en-industria-vivienda-y-defensa-para-analizar-el-impacto-de-la-base-logistica-del-ejercito-de-tierra\/#primaryimage"},"image":{"@id":"https:\/\/ajeandalucia.org\/cordoba\/2026\/02\/12\/aje-cordoba-reune-en-la-diputacion-a-expertos-en-industria-vivienda-y-defensa-para-analizar-el-impacto-de-la-base-logistica-del-ejercito-de-tierra\/#primaryimage"},"thumbnailUrl":"https:\/\/ajeandalucia.org\/cordoba\/wp-content\/uploads\/sites\/6\/2026\/02\/Foto_02.jpg","datePublished":"2026-02-12T11:47:14+00:00","dateModified":"2026-02-12T11:50:55+00:00","breadcrumb":{"@id":"https:\/\/ajeandalucia.org\/cordoba\/2026\/02\/12\/aje-cordoba-reune-en-la-diputacion-a-expertos-en-industria-vivienda-y-defensa-para-analizar-el-impacto-de-la-base-logistica-del-ejercito-de-tierra\/#breadcrumb"},"inLanguage":"es","potentialAction":[{"@type":"ReadAction","target":["https:\/\/ajeandalucia.org\/cordoba\/2026\/02\/12\/aje-cordoba-reune-en-la-diputacion-a-expertos-en-industria-vivienda-y-defensa-para-analizar-el-impacto-de-la-base-logistica-del-ejercito-de-tierra\/"]}]},{"@type":"ImageObject","inLanguage":"es","@id":"https:\/\/ajeandalucia.org\/cordoba\/2026\/02\/12\/aje-cordoba-reune-en-la-diputacion-a-expertos-en-industria-vivienda-y-defensa-para-analizar-el-impacto-de-la-base-logistica-del-ejercito-de-tierra\/#primaryimage","url":"https:\/\/ajeandalucia.org\/cordoba\/wp-content\/uploads\/sites\/6\/2026\/02\/Foto_02.jpg","contentUrl":"https:\/\/ajeandalucia.org\/cordoba\/wp-content\/uploads\/sites\/6\/2026\/02\/Foto_02.jpg","width":1200,"height":621},{"@type":"BreadcrumbList","@id":"https:\/\/ajeandalucia.org\/cordoba\/2026\/02\/12\/aje-cordoba-reune-en-la-diputacion-a-expertos-en-industria-vivienda-y-defensa-para-analizar-el-impacto-de-la-base-logistica-del-ejercito-de-tierra\/#breadcrumb","itemListElement":[{"@type":"ListItem","position":1,"name":"Portada","item":"https:\/\/ajeandalucia.org\/cordoba\/"},{"@type":"ListItem","position":2,"name":"AJE C\u00f3rdoba re\u00fane en la Diputaci\u00f3n a expertos en industria, vivienda y defensa para analizar el impacto de la Base Log\u00edstica del Ej\u00e9rcito de Tierra"}]},{"@type":"WebSite","@id":"https:\/\/ajeandalucia.org\/cordoba\/#website","url":"https:\/\/ajeandalucia.org\/cordoba\/","name":"AJE C\u00f3rdoba","description":"Otro sitio m\u00e1s de AJE Andaluc\u00eda","publisher":{"@id":"https:\/\/ajeandalucia.org\/cordoba\/#organization"},"potentialAction":[{"@type":"SearchAction","target":{"@type":"EntryPoint","urlTemplate":"https:\/\/ajeandalucia.org\/cordoba\/?s={search_term_string}"},"query-input":{"@type":"PropertyValueSpecification","valueRequired":true,"valueName":"search_term_string"}}],"inLanguage":"es"},{"@type":"Organization","@id":"https:\/\/ajeandalucia.org\/cordoba\/#organization","name":"AJE C\u00f3rdoba","url":"https:\/\/ajeandalucia.org\/cordoba\/","logo":{"@type":"ImageObject","inLanguage":"es","@id":"https:\/\/ajeandalucia.org\/cordoba\/#\/schema\/logo\/image\/","url":"https:\/\/ajeandalucia.org\/cordoba\/wp-content\/uploads\/sites\/6\/2025\/01\/AJE-CORDOBA-horizontal.png","contentUrl":"https:\/\/ajeandalucia.org\/cordoba\/wp-content\/uploads\/sites\/6\/2025\/01\/AJE-CORDOBA-horizontal.png","width":605,"height":200,"caption":"AJE C\u00f3rdoba"},"image":{"@id":"https:\/\/ajeandalucia.org\/cordoba\/#\/schema\/logo\/image\/"}},{"@type":"Person","@id":"https:\/\/ajeandalucia.org\/cordoba\/#\/schema\/person\/1d19f90c44baad3b3701f8af33c2f520","name":"cordoba","image":{"@type":"ImageObject","inLanguage":"es","@id":"https:\/\/ajeandalucia.org\/cordoba\/#\/schema\/person\/image\/","url":"https:\/\/secure.gravatar.com\/avatar\/46102d83da7c40efca6d3413931ddaf8470cef93888429af7689de210b9bb6fe?s=96&d=mm&r=g","contentUrl":"https:\/\/secure.gravatar.com\/avatar\/46102d83da7c40efca6d3413931ddaf8470cef93888429af7689de210b9bb6fe?s=96&d=mm&r=g","caption":"cordoba"},"url":"https:\/\/ajeandalucia.org\/cordoba\/author\/cordoba\/"}]}},"_links":{"self":[{"href":"https:\/\/ajeandalucia.org\/cordoba\/wp-json\/wp\/v2\/posts\/11142","targetHints":{"allow":["GET"]}}],"collection":[{"href":"https:\/\/ajeandalucia.org\/cordoba\/wp-json\/wp\/v2\/posts"}],"about":[{"href":"https:\/\/ajeandalucia.org\/cordoba\/wp-json\/wp\/v2\/types\/post"}],"author":[{"embeddable":true,"href":"https:\/\/ajeandalucia.org\/cordoba\/wp-json\/wp\/v2\/users\/5"}],"replies":[{"embeddable":true,"href":"https:\/\/ajeandalucia.org\/cordoba\/wp-json\/wp\/v2\/comments?post=11142"}],"version-history":[{"count":5,"href":"https:\/\/ajeandalucia.org\/cordoba\/wp-json\/wp\/v2\/posts\/11142\/revisions"}],"predecessor-version":[{"id":11151,"href":"https:\/\/ajeandalucia.org\/cordoba\/wp-json\/wp\/v2\/posts\/11142\/revisions\/11151"}],"wp:featuredmedia":[{"embeddable":true,"href":"https:\/\/ajeandalucia.org\/cordoba\/wp-json\/wp\/v2\/media\/11143"}],"wp:attachment":[{"href":"https:\/\/ajeandalucia.org\/cordoba\/wp-json\/wp\/v2\/media?parent=11142"}],"wp:term":[{"taxonomy":"category","embeddable":true,"href":"https:\/\/ajeandalucia.org\/cordoba\/wp-json\/wp\/v2\/categories?post=11142"},{"taxonomy":"post_tag","embeddable":true,"href":"https:\/\/ajeandalucia.org\/cordoba\/wp-json\/wp\/v2\/tags?post=11142"}],"curies":[{"name":"wp","href":"https:\/\/api.w.org\/{rel}","templated":true}]}}