{"id":4808,"date":"2021-10-29T10:25:16","date_gmt":"2021-10-29T10:25:16","guid":{"rendered":"https:\/\/www.ajeandalucia.org\/cordoba\/?p=4808"},"modified":"2021-11-10T11:54:59","modified_gmt":"2021-11-10T11:54:59","slug":"mas-%e1%b4%85%e1%b4%87-%e1%b4%9c%c9%b4%e1%b4%80-%e1%b4%85%e1%b4%87%e1%b4%84%e1%b4%87%c9%b4%e1%b4%80-%e1%b4%85%e1%b4%87-%e1%b4%87%e1%b4%8d%e1%b4%98%ca%80%e1%b4%87s%e1%b4%80s-%e1%b4%8f%e1%b4%98%e1%b4%9b","status":"publish","type":"post","link":"https:\/\/ajeandalucia.org\/cordoba\/2021\/10\/29\/mas-%e1%b4%85%e1%b4%87-%e1%b4%9c%c9%b4%e1%b4%80-%e1%b4%85%e1%b4%87%e1%b4%84%e1%b4%87%c9%b4%e1%b4%80-%e1%b4%85%e1%b4%87-%e1%b4%87%e1%b4%8d%e1%b4%98%ca%80%e1%b4%87s%e1%b4%80s-%e1%b4%8f%e1%b4%98%e1%b4%9b\/","title":{"rendered":"M\u00e1s \u1d05\u1d07 \u1d1c\u0274\u1d00 \u1d05\u1d07\u1d04\u1d07\u0274\u1d00 \u1d05\u1d07 \u1d07\u1d0d\u1d18\u0280\u1d07s\u1d00s \u1d0f\u1d18\u1d1b\u1d00\u0274 \u1d00 \u029f\u1d0fs P\u0280\u1d07\u1d0d\u026a\u1d0fs AJE C\u00f3\u0280\u1d05\u1d0f\u0299\u1d00 2021"},"content":{"rendered":"<div class=\"kvgmc6g5 cxmmr5t8 oygrvhab hcukyx3x c1et5uql ii04i59q\">\n<div dir=\"auto\"><\/div>\n<div dir=\"auto\">M\u00e1s de una decena de empresas han pasado hoy por la deliberaci\u00f3n de los Premios AJE C\u00f3rdoba 2021 para optar a uno de los dos galardones que entrega cada a\u00f1o la Asociaci\u00f3n de J\u00f3venes Empresarios (AJE), concretamente en las modalidades de Iniciativa Emprendedora y Trayectoria Empresarial. El colectivo, que dar\u00e1 a conocer el nombre de los ganadores el pr\u00f3ximo 11 de noviembre en la gala, ha destacado la colaboraci\u00f3n de la Universidad de C\u00f3rdoba (UCO).<\/div>\n<div dir=\"auto\"><\/div>\n<div dir=\"auto\">Los integrantes del jurado han conocido los proyectos que concurren en esta edici\u00f3n a los Premios AJE. El presidente de AJE C\u00f3rdoba, F\u00e9lix Almagro, ha incidido en el objetivo de \u201cvisibilizar el papel de los empresarios\u201d, al tiempo que ha recordado que AJE \u201ctiene el reto de encontrar j\u00f3venes empresarios y fomentar el emprendimiento entre ellos\u201d.<\/div>\n<div dir=\"auto\"><\/div>\n<div dir=\"auto\">Cabe recordar que la convocatoria de los premios AJE estaba abierta a dos modalidades: Premio a la Iniciativa Emprendedora, que reconoce al mejor proyecto que lleve un periodo m\u00e1ximo de 30 meses en funcionamiento, y el Premio a la Trayectoria Empresarial, al esfuerzo, consolidaci\u00f3n de negocio y trayectoria de una empresa y su implantaci\u00f3n en el mercado.<\/div>\n<div dir=\"auto\"><\/div>\n<\/div>\n<div class=\"o9v6fnle cxmmr5t8 oygrvhab hcukyx3x c1et5uql ii04i59q\">\n<div dir=\"auto\">Los galardonados representar\u00e1n a la provincia de C\u00f3rdoba en la convocatoria de los premios AJE 2022 de Andaluc\u00eda. Esta edici\u00f3n ha sido organizada por AJE C\u00f3rdoba y AJE Andaluc\u00eda.<\/div>\n<div dir=\"auto\"><\/div>\n<\/div>\n<div class=\"o9v6fnle cxmmr5t8 oygrvhab hcukyx3x c1et5uql ii04i59q\">\n<div dir=\"auto\">El jurado convocado hoy en el Coworking Campus Rabanales de la Universidad de C\u00f3rdoba para la deliberaci\u00f3n de los ganadores de los premios AJE 2021 ha estado conformado por:<\/div>\n<div dir=\"auto\"><\/div>\n<\/div>\n<div class=\"o9v6fnle cxmmr5t8 oygrvhab hcukyx3x c1et5uql ii04i59q\">\n<div dir=\"auto\">F\u00e9lix Almagro. Presidente de AJE C\u00f3rdoba<\/div>\n<div dir=\"auto\">Ana Espejo. Secretaria General AJE C\u00f3rdoba<\/div>\n<div dir=\"auto\">Francisco Gil. Vicepresidente AJE C\u00f3rdoba<\/div>\n<div dir=\"auto\">\u00c1ngel Herrador. Delegado de Empleo de la Junta de Andaluc\u00eda<\/div>\n<div dir=\"auto\">Blanca Torrent. 2\u00aa teniente alcalde. Delegaci\u00f3n de Reactivaci\u00f3n Econ\u00f3mica e Innovaci\u00f3n. Presidenta IMDEEC<\/div>\n<div dir=\"auto\">Cintia Bustos Delegada de Juventud del Ayuntamiento de C\u00f3rdoba<\/div>\n<div dir=\"auto\">Joaqu\u00edn Gisbert Secretario general de CECO<\/div>\n<div dir=\"auto\">Enrique Quesada Vicerrector de Investigaci\u00f3n y Desarrollo Territorial de la UCO<\/div>\n<div dir=\"auto\">Librado Carrasco Presidente de Fundecor<\/div>\n<div dir=\"auto\">Francisco Mu\u00f1oz Presidente del Consejo Social<\/div>\n<div dir=\"auto\">Esteban Almir\u00f3n Director de Carreras Profesionales. Universidad Loyola Andaluc\u00eda<\/div>\n<div dir=\"auto\">Eva Pozo Directora Parque Cient\u00edfico Rabanales 21<\/div>\n<div dir=\"auto\">Rafael Aranda Redactor jefe Diario C\u00f3rdoba<\/div>\n<div dir=\"auto\">Jos\u00e9 Emilio BKL. Ganador Iniciativa Emprendedora premios AJE 2020<\/div>\n<div dir=\"auto\">Francisco Castej\u00f3n Pienso y Mascotas. Ganador Trayectoria Empresarial premios AJE 2020<\/div>\n<div dir=\"auto\">Purificaci\u00f3n Bajo.\u00a0 Tradiscor<\/div>\n<div dir=\"auto\">Francisco Bernal. Plastienvase<\/div>\n<div dir=\"auto\"><\/div>\n<\/div>\n","protected":false},"excerpt":{"rendered":"<p>M\u00e1s de una decena de empresas han pasado hoy por la deliberaci\u00f3n de los Premios AJE C\u00f3rdoba 2021 para optar [&hellip;]<\/p>\n","protected":false},"author":5,"featured_media":4809,"comment_status":"open","ping_status":"open","sticky":false,"template":"","format":"standard","meta":{"_acf_changed":false,"site-sidebar-layout":"default","site-content-layout":"","ast-site-content-layout":"default","site-content-style":"default","site-sidebar-style":"default","ast-global-header-display":"","ast-banner-title-visibility":"","ast-main-header-display":"","ast-hfb-above-header-display":"","ast-hfb-below-header-display":"","ast-hfb-mobile-header-display":"","site-post-title":"","ast-breadcrumbs-content":"","ast-featured-img":"","footer-sml-layout":"","ast-disable-related-posts":"","theme-transparent-header-meta":"","adv-header-id-meta":"","stick-header-meta":"","header-above-stick-meta":"","header-main-stick-meta":"","header-below-stick-meta":"","astra-migrate-meta-layouts":"default","ast-page-background-enabled":"default","ast-page-background-meta":{"desktop":{"background-color":"var(--ast-global-color-5)","background-image":"","background-repeat":"repeat","background-position":"center center","background-size":"auto","background-attachment":"scroll","background-type":"","background-media":"","overlay-type":"","overlay-color":"","overlay-opacity":"","overlay-gradient":""},"tablet":{"background-color":"","background-image":"","background-repeat":"repeat","background-position":"center center","background-size":"auto","background-attachment":"scroll","background-type":"","background-media":"","overlay-type":"","overlay-color":"","overlay-opacity":"","overlay-gradient":""},"mobile":{"background-color":"","background-image":"","background-repeat":"repeat","background-position":"center center","background-size":"auto","background-attachment":"scroll","background-type":"","background-media":"","overlay-type":"","overlay-color":"","overlay-opacity":"","overlay-gradient":""}},"ast-content-background-meta":{"desktop":{"background-color":"var(--ast-global-color-4)","background-image":"","background-repeat":"repeat","background-position":"center center","background-size":"auto","background-attachment":"scroll","background-type":"","background-media":"","overlay-type":"","overlay-color":"","overlay-opacity":"","overlay-gradient":""},"tablet":{"background-color":"var(--ast-global-color-4)","background-image":"","background-repeat":"repeat","background-position":"center center","background-size":"auto","background-attachment":"scroll","background-type":"","background-media":"","overlay-type":"","overlay-color":"","overlay-opacity":"","overlay-gradient":""},"mobile":{"background-color":"var(--ast-global-color-4)","background-image":"","background-repeat":"repeat","background-position":"center center","background-size":"auto","background-attachment":"scroll","background-type":"","background-media":"","overlay-type":"","overlay-color":"","overlay-opacity":"","overlay-gradient":""}},"footnotes":""},"categories":[8],"tags":[],"class_list":["post-4808","post","type-post","status-publish","format-standard","has-post-thumbnail","hentry","category-noticias"],"acf":[],"yoast_head":"<!-- This site is optimized with the Yoast SEO plugin v26.9 - https:\/\/yoast.com\/product\/yoast-seo-wordpress\/ -->\n<title>M\u00e1s \u1d05\u1d07 \u1d1c\u0274\u1d00 \u1d05\u1d07\u1d04\u1d07\u0274\u1d00 \u1d05\u1d07 \u1d07\u1d0d\u1d18\u0280\u1d07s\u1d00s \u1d0f\u1d18\u1d1b\u1d00\u0274 \u1d00 \u029f\u1d0fs P\u0280\u1d07\u1d0d\u026a\u1d0fs AJE C\u00f3\u0280\u1d05\u1d0f\u0299\u1d00 2021 - AJE C\u00f3rdoba<\/title>\n<meta name=\"robots\" content=\"index, follow, max-snippet:-1, max-image-preview:large, max-video-preview:-1\" \/>\n<link rel=\"canonical\" href=\"https:\/\/ajeandalucia.org\/cordoba\/2021\/10\/29\/mas-\u1d05\u1d07-\u1d1c\u0274\u1d00-\u1d05\u1d07\u1d04\u1d07\u0274\u1d00-\u1d05\u1d07-\u1d07\u1d0d\u1d18\u0280\u1d07s\u1d00s-\u1d0f\u1d18\u1d1b\/\" \/>\n<meta property=\"og:locale\" content=\"es_ES\" \/>\n<meta property=\"og:type\" content=\"article\" \/>\n<meta property=\"og:title\" content=\"M\u00e1s \u1d05\u1d07 \u1d1c\u0274\u1d00 \u1d05\u1d07\u1d04\u1d07\u0274\u1d00 \u1d05\u1d07 \u1d07\u1d0d\u1d18\u0280\u1d07s\u1d00s \u1d0f\u1d18\u1d1b\u1d00\u0274 \u1d00 \u029f\u1d0fs P\u0280\u1d07\u1d0d\u026a\u1d0fs AJE C\u00f3\u0280\u1d05\u1d0f\u0299\u1d00 2021 - AJE C\u00f3rdoba\" \/>\n<meta property=\"og:description\" content=\"M\u00e1s de una decena de empresas han pasado hoy por la deliberaci\u00f3n de los Premios AJE C\u00f3rdoba 2021 para optar [&hellip;]\" \/>\n<meta property=\"og:url\" content=\"https:\/\/ajeandalucia.org\/cordoba\/2021\/10\/29\/mas-\u1d05\u1d07-\u1d1c\u0274\u1d00-\u1d05\u1d07\u1d04\u1d07\u0274\u1d00-\u1d05\u1d07-\u1d07\u1d0d\u1d18\u0280\u1d07s\u1d00s-\u1d0f\u1d18\u1d1b\/\" \/>\n<meta property=\"og:site_name\" content=\"AJE C\u00f3rdoba\" \/>\n<meta property=\"article:published_time\" content=\"2021-10-29T10:25:16+00:00\" \/>\n<meta property=\"article:modified_time\" content=\"2021-11-10T11:54:59+00:00\" \/>\n<meta property=\"og:image\" content=\"https:\/\/ajeandalucia.org\/cordoba\/wp-content\/uploads\/sites\/6\/2021\/11\/jURADO.jpg\" \/>\n\t<meta property=\"og:image:width\" content=\"1174\" \/>\n\t<meta property=\"og:image:height\" content=\"780\" \/>\n\t<meta property=\"og:image:type\" content=\"image\/jpeg\" \/>\n<meta name=\"author\" content=\"cordoba\" \/>\n<meta name=\"twitter:card\" content=\"summary_large_image\" \/>\n<meta name=\"twitter:label1\" content=\"Escrito por\" \/>\n\t<meta name=\"twitter:data1\" content=\"cordoba\" \/>\n\t<meta name=\"twitter:label2\" content=\"Tiempo de lectura\" \/>\n\t<meta name=\"twitter:data2\" content=\"2 minutos\" \/>\n<script type=\"application\/ld+json\" class=\"yoast-schema-graph\">{\"@context\":\"https:\/\/schema.org\",\"@graph\":[{\"@type\":\"Article\",\"@id\":\"https:\/\/ajeandalucia.org\/cordoba\/2021\/10\/29\/mas-%e1%b4%85%e1%b4%87-%e1%b4%9c%c9%b4%e1%b4%80-%e1%b4%85%e1%b4%87%e1%b4%84%e1%b4%87%c9%b4%e1%b4%80-%e1%b4%85%e1%b4%87-%e1%b4%87%e1%b4%8d%e1%b4%98%ca%80%e1%b4%87s%e1%b4%80s-%e1%b4%8f%e1%b4%98%e1%b4%9b\/#article\",\"isPartOf\":{\"@id\":\"https:\/\/ajeandalucia.org\/cordoba\/2021\/10\/29\/mas-%e1%b4%85%e1%b4%87-%e1%b4%9c%c9%b4%e1%b4%80-%e1%b4%85%e1%b4%87%e1%b4%84%e1%b4%87%c9%b4%e1%b4%80-%e1%b4%85%e1%b4%87-%e1%b4%87%e1%b4%8d%e1%b4%98%ca%80%e1%b4%87s%e1%b4%80s-%e1%b4%8f%e1%b4%98%e1%b4%9b\/\"},\"author\":{\"name\":\"cordoba\",\"@id\":\"https:\/\/ajeandalucia.org\/cordoba\/#\/schema\/person\/1d19f90c44baad3b3701f8af33c2f520\"},\"headline\":\"M\u00e1s \u1d05\u1d07 \u1d1c\u0274\u1d00 \u1d05\u1d07\u1d04\u1d07\u0274\u1d00 \u1d05\u1d07 \u1d07\u1d0d\u1d18\u0280\u1d07s\u1d00s \u1d0f\u1d18\u1d1b\u1d00\u0274 \u1d00 \u029f\u1d0fs P\u0280\u1d07\u1d0d\u026a\u1d0fs AJE C\u00f3\u0280\u1d05\u1d0f\u0299\u1d00 2021\",\"datePublished\":\"2021-10-29T10:25:16+00:00\",\"dateModified\":\"2021-11-10T11:54:59+00:00\",\"mainEntityOfPage\":{\"@id\":\"https:\/\/ajeandalucia.org\/cordoba\/2021\/10\/29\/mas-%e1%b4%85%e1%b4%87-%e1%b4%9c%c9%b4%e1%b4%80-%e1%b4%85%e1%b4%87%e1%b4%84%e1%b4%87%c9%b4%e1%b4%80-%e1%b4%85%e1%b4%87-%e1%b4%87%e1%b4%8d%e1%b4%98%ca%80%e1%b4%87s%e1%b4%80s-%e1%b4%8f%e1%b4%98%e1%b4%9b\/\"},\"wordCount\":414,\"commentCount\":0,\"publisher\":{\"@id\":\"https:\/\/ajeandalucia.org\/cordoba\/#organization\"},\"image\":{\"@id\":\"https:\/\/ajeandalucia.org\/cordoba\/2021\/10\/29\/mas-%e1%b4%85%e1%b4%87-%e1%b4%9c%c9%b4%e1%b4%80-%e1%b4%85%e1%b4%87%e1%b4%84%e1%b4%87%c9%b4%e1%b4%80-%e1%b4%85%e1%b4%87-%e1%b4%87%e1%b4%8d%e1%b4%98%ca%80%e1%b4%87s%e1%b4%80s-%e1%b4%8f%e1%b4%98%e1%b4%9b\/#primaryimage\"},\"thumbnailUrl\":\"https:\/\/ajeandalucia.org\/cordoba\/wp-content\/uploads\/sites\/6\/2021\/11\/jURADO.jpg\",\"articleSection\":[\"Noticias\"],\"inLanguage\":\"es\",\"potentialAction\":[{\"@type\":\"CommentAction\",\"name\":\"Comment\",\"target\":[\"https:\/\/ajeandalucia.org\/cordoba\/2021\/10\/29\/mas-%e1%b4%85%e1%b4%87-%e1%b4%9c%c9%b4%e1%b4%80-%e1%b4%85%e1%b4%87%e1%b4%84%e1%b4%87%c9%b4%e1%b4%80-%e1%b4%85%e1%b4%87-%e1%b4%87%e1%b4%8d%e1%b4%98%ca%80%e1%b4%87s%e1%b4%80s-%e1%b4%8f%e1%b4%98%e1%b4%9b\/#respond\"]}]},{\"@type\":\"WebPage\",\"@id\":\"https:\/\/ajeandalucia.org\/cordoba\/2021\/10\/29\/mas-%e1%b4%85%e1%b4%87-%e1%b4%9c%c9%b4%e1%b4%80-%e1%b4%85%e1%b4%87%e1%b4%84%e1%b4%87%c9%b4%e1%b4%80-%e1%b4%85%e1%b4%87-%e1%b4%87%e1%b4%8d%e1%b4%98%ca%80%e1%b4%87s%e1%b4%80s-%e1%b4%8f%e1%b4%98%e1%b4%9b\/\",\"url\":\"https:\/\/ajeandalucia.org\/cordoba\/2021\/10\/29\/mas-%e1%b4%85%e1%b4%87-%e1%b4%9c%c9%b4%e1%b4%80-%e1%b4%85%e1%b4%87%e1%b4%84%e1%b4%87%c9%b4%e1%b4%80-%e1%b4%85%e1%b4%87-%e1%b4%87%e1%b4%8d%e1%b4%98%ca%80%e1%b4%87s%e1%b4%80s-%e1%b4%8f%e1%b4%98%e1%b4%9b\/\",\"name\":\"M\u00e1s \u1d05\u1d07 \u1d1c\u0274\u1d00 \u1d05\u1d07\u1d04\u1d07\u0274\u1d00 \u1d05\u1d07 \u1d07\u1d0d\u1d18\u0280\u1d07s\u1d00s \u1d0f\u1d18\u1d1b\u1d00\u0274 \u1d00 \u029f\u1d0fs P\u0280\u1d07\u1d0d\u026a\u1d0fs AJE C\u00f3\u0280\u1d05\u1d0f\u0299\u1d00 2021 - AJE C\u00f3rdoba\",\"isPartOf\":{\"@id\":\"https:\/\/ajeandalucia.org\/cordoba\/#website\"},\"primaryImageOfPage\":{\"@id\":\"https:\/\/ajeandalucia.org\/cordoba\/2021\/10\/29\/mas-%e1%b4%85%e1%b4%87-%e1%b4%9c%c9%b4%e1%b4%80-%e1%b4%85%e1%b4%87%e1%b4%84%e1%b4%87%c9%b4%e1%b4%80-%e1%b4%85%e1%b4%87-%e1%b4%87%e1%b4%8d%e1%b4%98%ca%80%e1%b4%87s%e1%b4%80s-%e1%b4%8f%e1%b4%98%e1%b4%9b\/#primaryimage\"},\"image\":{\"@id\":\"https:\/\/ajeandalucia.org\/cordoba\/2021\/10\/29\/mas-%e1%b4%85%e1%b4%87-%e1%b4%9c%c9%b4%e1%b4%80-%e1%b4%85%e1%b4%87%e1%b4%84%e1%b4%87%c9%b4%e1%b4%80-%e1%b4%85%e1%b4%87-%e1%b4%87%e1%b4%8d%e1%b4%98%ca%80%e1%b4%87s%e1%b4%80s-%e1%b4%8f%e1%b4%98%e1%b4%9b\/#primaryimage\"},\"thumbnailUrl\":\"https:\/\/ajeandalucia.org\/cordoba\/wp-content\/uploads\/sites\/6\/2021\/11\/jURADO.jpg\",\"datePublished\":\"2021-10-29T10:25:16+00:00\",\"dateModified\":\"2021-11-10T11:54:59+00:00\",\"breadcrumb\":{\"@id\":\"https:\/\/ajeandalucia.org\/cordoba\/2021\/10\/29\/mas-%e1%b4%85%e1%b4%87-%e1%b4%9c%c9%b4%e1%b4%80-%e1%b4%85%e1%b4%87%e1%b4%84%e1%b4%87%c9%b4%e1%b4%80-%e1%b4%85%e1%b4%87-%e1%b4%87%e1%b4%8d%e1%b4%98%ca%80%e1%b4%87s%e1%b4%80s-%e1%b4%8f%e1%b4%98%e1%b4%9b\/#breadcrumb\"},\"inLanguage\":\"es\",\"potentialAction\":[{\"@type\":\"ReadAction\",\"target\":[\"https:\/\/ajeandalucia.org\/cordoba\/2021\/10\/29\/mas-%e1%b4%85%e1%b4%87-%e1%b4%9c%c9%b4%e1%b4%80-%e1%b4%85%e1%b4%87%e1%b4%84%e1%b4%87%c9%b4%e1%b4%80-%e1%b4%85%e1%b4%87-%e1%b4%87%e1%b4%8d%e1%b4%98%ca%80%e1%b4%87s%e1%b4%80s-%e1%b4%8f%e1%b4%98%e1%b4%9b\/\"]}]},{\"@type\":\"ImageObject\",\"inLanguage\":\"es\",\"@id\":\"https:\/\/ajeandalucia.org\/cordoba\/2021\/10\/29\/mas-%e1%b4%85%e1%b4%87-%e1%b4%9c%c9%b4%e1%b4%80-%e1%b4%85%e1%b4%87%e1%b4%84%e1%b4%87%c9%b4%e1%b4%80-%e1%b4%85%e1%b4%87-%e1%b4%87%e1%b4%8d%e1%b4%98%ca%80%e1%b4%87s%e1%b4%80s-%e1%b4%8f%e1%b4%98%e1%b4%9b\/#primaryimage\",\"url\":\"https:\/\/ajeandalucia.org\/cordoba\/wp-content\/uploads\/sites\/6\/2021\/11\/jURADO.jpg\",\"contentUrl\":\"https:\/\/ajeandalucia.org\/cordoba\/wp-content\/uploads\/sites\/6\/2021\/11\/jURADO.jpg\",\"width\":1174,\"height\":780},{\"@type\":\"BreadcrumbList\",\"@id\":\"https:\/\/ajeandalucia.org\/cordoba\/2021\/10\/29\/mas-%e1%b4%85%e1%b4%87-%e1%b4%9c%c9%b4%e1%b4%80-%e1%b4%85%e1%b4%87%e1%b4%84%e1%b4%87%c9%b4%e1%b4%80-%e1%b4%85%e1%b4%87-%e1%b4%87%e1%b4%8d%e1%b4%98%ca%80%e1%b4%87s%e1%b4%80s-%e1%b4%8f%e1%b4%98%e1%b4%9b\/#breadcrumb\",\"itemListElement\":[{\"@type\":\"ListItem\",\"position\":1,\"name\":\"Portada\",\"item\":\"https:\/\/ajeandalucia.org\/cordoba\/\"},{\"@type\":\"ListItem\",\"position\":2,\"name\":\"M\u00e1s \u1d05\u1d07 \u1d1c\u0274\u1d00 \u1d05\u1d07\u1d04\u1d07\u0274\u1d00 \u1d05\u1d07 \u1d07\u1d0d\u1d18\u0280\u1d07s\u1d00s \u1d0f\u1d18\u1d1b\u1d00\u0274 \u1d00 \u029f\u1d0fs P\u0280\u1d07\u1d0d\u026a\u1d0fs AJE C\u00f3\u0280\u1d05\u1d0f\u0299\u1d00 2021\"}]},{\"@type\":\"WebSite\",\"@id\":\"https:\/\/ajeandalucia.org\/cordoba\/#website\",\"url\":\"https:\/\/ajeandalucia.org\/cordoba\/\",\"name\":\"AJE C\u00f3rdoba\",\"description\":\"Otro sitio m\u00e1s de AJE Andaluc\u00eda\",\"publisher\":{\"@id\":\"https:\/\/ajeandalucia.org\/cordoba\/#organization\"},\"potentialAction\":[{\"@type\":\"SearchAction\",\"target\":{\"@type\":\"EntryPoint\",\"urlTemplate\":\"https:\/\/ajeandalucia.org\/cordoba\/?s={search_term_string}\"},\"query-input\":{\"@type\":\"PropertyValueSpecification\",\"valueRequired\":true,\"valueName\":\"search_term_string\"}}],\"inLanguage\":\"es\"},{\"@type\":\"Organization\",\"@id\":\"https:\/\/ajeandalucia.org\/cordoba\/#organization\",\"name\":\"AJE C\u00f3rdoba\",\"url\":\"https:\/\/ajeandalucia.org\/cordoba\/\",\"logo\":{\"@type\":\"ImageObject\",\"inLanguage\":\"es\",\"@id\":\"https:\/\/ajeandalucia.org\/cordoba\/#\/schema\/logo\/image\/\",\"url\":\"https:\/\/ajeandalucia.org\/cordoba\/wp-content\/uploads\/sites\/6\/2025\/01\/AJE-CORDOBA-horizontal.png\",\"contentUrl\":\"https:\/\/ajeandalucia.org\/cordoba\/wp-content\/uploads\/sites\/6\/2025\/01\/AJE-CORDOBA-horizontal.png\",\"width\":605,\"height\":200,\"caption\":\"AJE C\u00f3rdoba\"},\"image\":{\"@id\":\"https:\/\/ajeandalucia.org\/cordoba\/#\/schema\/logo\/image\/\"}},{\"@type\":\"Person\",\"@id\":\"https:\/\/ajeandalucia.org\/cordoba\/#\/schema\/person\/1d19f90c44baad3b3701f8af33c2f520\",\"name\":\"cordoba\",\"image\":{\"@type\":\"ImageObject\",\"inLanguage\":\"es\",\"@id\":\"https:\/\/ajeandalucia.org\/cordoba\/#\/schema\/person\/image\/\",\"url\":\"https:\/\/secure.gravatar.com\/avatar\/46102d83da7c40efca6d3413931ddaf8470cef93888429af7689de210b9bb6fe?s=96&d=mm&r=g\",\"contentUrl\":\"https:\/\/secure.gravatar.com\/avatar\/46102d83da7c40efca6d3413931ddaf8470cef93888429af7689de210b9bb6fe?s=96&d=mm&r=g\",\"caption\":\"cordoba\"},\"url\":\"https:\/\/ajeandalucia.org\/cordoba\/author\/cordoba\/\"}]}<\/script>\n<!-- \/ Yoast SEO plugin. -->","yoast_head_json":{"title":"M\u00e1s \u1d05\u1d07 \u1d1c\u0274\u1d00 \u1d05\u1d07\u1d04\u1d07\u0274\u1d00 \u1d05\u1d07 \u1d07\u1d0d\u1d18\u0280\u1d07s\u1d00s \u1d0f\u1d18\u1d1b\u1d00\u0274 \u1d00 \u029f\u1d0fs P\u0280\u1d07\u1d0d\u026a\u1d0fs AJE C\u00f3\u0280\u1d05\u1d0f\u0299\u1d00 2021 - AJE C\u00f3rdoba","robots":{"index":"index","follow":"follow","max-snippet":"max-snippet:-1","max-image-preview":"max-image-preview:large","max-video-preview":"max-video-preview:-1"},"canonical":"https:\/\/ajeandalucia.org\/cordoba\/2021\/10\/29\/mas-\u1d05\u1d07-\u1d1c\u0274\u1d00-\u1d05\u1d07\u1d04\u1d07\u0274\u1d00-\u1d05\u1d07-\u1d07\u1d0d\u1d18\u0280\u1d07s\u1d00s-\u1d0f\u1d18\u1d1b\/","og_locale":"es_ES","og_type":"article","og_title":"M\u00e1s \u1d05\u1d07 \u1d1c\u0274\u1d00 \u1d05\u1d07\u1d04\u1d07\u0274\u1d00 \u1d05\u1d07 \u1d07\u1d0d\u1d18\u0280\u1d07s\u1d00s \u1d0f\u1d18\u1d1b\u1d00\u0274 \u1d00 \u029f\u1d0fs P\u0280\u1d07\u1d0d\u026a\u1d0fs AJE C\u00f3\u0280\u1d05\u1d0f\u0299\u1d00 2021 - AJE C\u00f3rdoba","og_description":"M\u00e1s de una decena de empresas han pasado hoy por la deliberaci\u00f3n de los Premios AJE C\u00f3rdoba 2021 para optar [&hellip;]","og_url":"https:\/\/ajeandalucia.org\/cordoba\/2021\/10\/29\/mas-\u1d05\u1d07-\u1d1c\u0274\u1d00-\u1d05\u1d07\u1d04\u1d07\u0274\u1d00-\u1d05\u1d07-\u1d07\u1d0d\u1d18\u0280\u1d07s\u1d00s-\u1d0f\u1d18\u1d1b\/","og_site_name":"AJE C\u00f3rdoba","article_published_time":"2021-10-29T10:25:16+00:00","article_modified_time":"2021-11-10T11:54:59+00:00","og_image":[{"width":1174,"height":780,"url":"https:\/\/ajeandalucia.org\/cordoba\/wp-content\/uploads\/sites\/6\/2021\/11\/jURADO.jpg","type":"image\/jpeg"}],"author":"cordoba","twitter_card":"summary_large_image","twitter_misc":{"Escrito por":"cordoba","Tiempo de lectura":"2 minutos"},"schema":{"@context":"https:\/\/schema.org","@graph":[{"@type":"Article","@id":"https:\/\/ajeandalucia.org\/cordoba\/2021\/10\/29\/mas-%e1%b4%85%e1%b4%87-%e1%b4%9c%c9%b4%e1%b4%80-%e1%b4%85%e1%b4%87%e1%b4%84%e1%b4%87%c9%b4%e1%b4%80-%e1%b4%85%e1%b4%87-%e1%b4%87%e1%b4%8d%e1%b4%98%ca%80%e1%b4%87s%e1%b4%80s-%e1%b4%8f%e1%b4%98%e1%b4%9b\/#article","isPartOf":{"@id":"https:\/\/ajeandalucia.org\/cordoba\/2021\/10\/29\/mas-%e1%b4%85%e1%b4%87-%e1%b4%9c%c9%b4%e1%b4%80-%e1%b4%85%e1%b4%87%e1%b4%84%e1%b4%87%c9%b4%e1%b4%80-%e1%b4%85%e1%b4%87-%e1%b4%87%e1%b4%8d%e1%b4%98%ca%80%e1%b4%87s%e1%b4%80s-%e1%b4%8f%e1%b4%98%e1%b4%9b\/"},"author":{"name":"cordoba","@id":"https:\/\/ajeandalucia.org\/cordoba\/#\/schema\/person\/1d19f90c44baad3b3701f8af33c2f520"},"headline":"M\u00e1s \u1d05\u1d07 \u1d1c\u0274\u1d00 \u1d05\u1d07\u1d04\u1d07\u0274\u1d00 \u1d05\u1d07 \u1d07\u1d0d\u1d18\u0280\u1d07s\u1d00s \u1d0f\u1d18\u1d1b\u1d00\u0274 \u1d00 \u029f\u1d0fs P\u0280\u1d07\u1d0d\u026a\u1d0fs AJE C\u00f3\u0280\u1d05\u1d0f\u0299\u1d00 2021","datePublished":"2021-10-29T10:25:16+00:00","dateModified":"2021-11-10T11:54:59+00:00","mainEntityOfPage":{"@id":"https:\/\/ajeandalucia.org\/cordoba\/2021\/10\/29\/mas-%e1%b4%85%e1%b4%87-%e1%b4%9c%c9%b4%e1%b4%80-%e1%b4%85%e1%b4%87%e1%b4%84%e1%b4%87%c9%b4%e1%b4%80-%e1%b4%85%e1%b4%87-%e1%b4%87%e1%b4%8d%e1%b4%98%ca%80%e1%b4%87s%e1%b4%80s-%e1%b4%8f%e1%b4%98%e1%b4%9b\/"},"wordCount":414,"commentCount":0,"publisher":{"@id":"https:\/\/ajeandalucia.org\/cordoba\/#organization"},"image":{"@id":"https:\/\/ajeandalucia.org\/cordoba\/2021\/10\/29\/mas-%e1%b4%85%e1%b4%87-%e1%b4%9c%c9%b4%e1%b4%80-%e1%b4%85%e1%b4%87%e1%b4%84%e1%b4%87%c9%b4%e1%b4%80-%e1%b4%85%e1%b4%87-%e1%b4%87%e1%b4%8d%e1%b4%98%ca%80%e1%b4%87s%e1%b4%80s-%e1%b4%8f%e1%b4%98%e1%b4%9b\/#primaryimage"},"thumbnailUrl":"https:\/\/ajeandalucia.org\/cordoba\/wp-content\/uploads\/sites\/6\/2021\/11\/jURADO.jpg","articleSection":["Noticias"],"inLanguage":"es","potentialAction":[{"@type":"CommentAction","name":"Comment","target":["https:\/\/ajeandalucia.org\/cordoba\/2021\/10\/29\/mas-%e1%b4%85%e1%b4%87-%e1%b4%9c%c9%b4%e1%b4%80-%e1%b4%85%e1%b4%87%e1%b4%84%e1%b4%87%c9%b4%e1%b4%80-%e1%b4%85%e1%b4%87-%e1%b4%87%e1%b4%8d%e1%b4%98%ca%80%e1%b4%87s%e1%b4%80s-%e1%b4%8f%e1%b4%98%e1%b4%9b\/#respond"]}]},{"@type":"WebPage","@id":"https:\/\/ajeandalucia.org\/cordoba\/2021\/10\/29\/mas-%e1%b4%85%e1%b4%87-%e1%b4%9c%c9%b4%e1%b4%80-%e1%b4%85%e1%b4%87%e1%b4%84%e1%b4%87%c9%b4%e1%b4%80-%e1%b4%85%e1%b4%87-%e1%b4%87%e1%b4%8d%e1%b4%98%ca%80%e1%b4%87s%e1%b4%80s-%e1%b4%8f%e1%b4%98%e1%b4%9b\/","url":"https:\/\/ajeandalucia.org\/cordoba\/2021\/10\/29\/mas-%e1%b4%85%e1%b4%87-%e1%b4%9c%c9%b4%e1%b4%80-%e1%b4%85%e1%b4%87%e1%b4%84%e1%b4%87%c9%b4%e1%b4%80-%e1%b4%85%e1%b4%87-%e1%b4%87%e1%b4%8d%e1%b4%98%ca%80%e1%b4%87s%e1%b4%80s-%e1%b4%8f%e1%b4%98%e1%b4%9b\/","name":"M\u00e1s \u1d05\u1d07 \u1d1c\u0274\u1d00 \u1d05\u1d07\u1d04\u1d07\u0274\u1d00 \u1d05\u1d07 \u1d07\u1d0d\u1d18\u0280\u1d07s\u1d00s \u1d0f\u1d18\u1d1b\u1d00\u0274 \u1d00 \u029f\u1d0fs P\u0280\u1d07\u1d0d\u026a\u1d0fs AJE C\u00f3\u0280\u1d05\u1d0f\u0299\u1d00 2021 - AJE C\u00f3rdoba","isPartOf":{"@id":"https:\/\/ajeandalucia.org\/cordoba\/#website"},"primaryImageOfPage":{"@id":"https:\/\/ajeandalucia.org\/cordoba\/2021\/10\/29\/mas-%e1%b4%85%e1%b4%87-%e1%b4%9c%c9%b4%e1%b4%80-%e1%b4%85%e1%b4%87%e1%b4%84%e1%b4%87%c9%b4%e1%b4%80-%e1%b4%85%e1%b4%87-%e1%b4%87%e1%b4%8d%e1%b4%98%ca%80%e1%b4%87s%e1%b4%80s-%e1%b4%8f%e1%b4%98%e1%b4%9b\/#primaryimage"},"image":{"@id":"https:\/\/ajeandalucia.org\/cordoba\/2021\/10\/29\/mas-%e1%b4%85%e1%b4%87-%e1%b4%9c%c9%b4%e1%b4%80-%e1%b4%85%e1%b4%87%e1%b4%84%e1%b4%87%c9%b4%e1%b4%80-%e1%b4%85%e1%b4%87-%e1%b4%87%e1%b4%8d%e1%b4%98%ca%80%e1%b4%87s%e1%b4%80s-%e1%b4%8f%e1%b4%98%e1%b4%9b\/#primaryimage"},"thumbnailUrl":"https:\/\/ajeandalucia.org\/cordoba\/wp-content\/uploads\/sites\/6\/2021\/11\/jURADO.jpg","datePublished":"2021-10-29T10:25:16+00:00","dateModified":"2021-11-10T11:54:59+00:00","breadcrumb":{"@id":"https:\/\/ajeandalucia.org\/cordoba\/2021\/10\/29\/mas-%e1%b4%85%e1%b4%87-%e1%b4%9c%c9%b4%e1%b4%80-%e1%b4%85%e1%b4%87%e1%b4%84%e1%b4%87%c9%b4%e1%b4%80-%e1%b4%85%e1%b4%87-%e1%b4%87%e1%b4%8d%e1%b4%98%ca%80%e1%b4%87s%e1%b4%80s-%e1%b4%8f%e1%b4%98%e1%b4%9b\/#breadcrumb"},"inLanguage":"es","potentialAction":[{"@type":"ReadAction","target":["https:\/\/ajeandalucia.org\/cordoba\/2021\/10\/29\/mas-%e1%b4%85%e1%b4%87-%e1%b4%9c%c9%b4%e1%b4%80-%e1%b4%85%e1%b4%87%e1%b4%84%e1%b4%87%c9%b4%e1%b4%80-%e1%b4%85%e1%b4%87-%e1%b4%87%e1%b4%8d%e1%b4%98%ca%80%e1%b4%87s%e1%b4%80s-%e1%b4%8f%e1%b4%98%e1%b4%9b\/"]}]},{"@type":"ImageObject","inLanguage":"es","@id":"https:\/\/ajeandalucia.org\/cordoba\/2021\/10\/29\/mas-%e1%b4%85%e1%b4%87-%e1%b4%9c%c9%b4%e1%b4%80-%e1%b4%85%e1%b4%87%e1%b4%84%e1%b4%87%c9%b4%e1%b4%80-%e1%b4%85%e1%b4%87-%e1%b4%87%e1%b4%8d%e1%b4%98%ca%80%e1%b4%87s%e1%b4%80s-%e1%b4%8f%e1%b4%98%e1%b4%9b\/#primaryimage","url":"https:\/\/ajeandalucia.org\/cordoba\/wp-content\/uploads\/sites\/6\/2021\/11\/jURADO.jpg","contentUrl":"https:\/\/ajeandalucia.org\/cordoba\/wp-content\/uploads\/sites\/6\/2021\/11\/jURADO.jpg","width":1174,"height":780},{"@type":"BreadcrumbList","@id":"https:\/\/ajeandalucia.org\/cordoba\/2021\/10\/29\/mas-%e1%b4%85%e1%b4%87-%e1%b4%9c%c9%b4%e1%b4%80-%e1%b4%85%e1%b4%87%e1%b4%84%e1%b4%87%c9%b4%e1%b4%80-%e1%b4%85%e1%b4%87-%e1%b4%87%e1%b4%8d%e1%b4%98%ca%80%e1%b4%87s%e1%b4%80s-%e1%b4%8f%e1%b4%98%e1%b4%9b\/#breadcrumb","itemListElement":[{"@type":"ListItem","position":1,"name":"Portada","item":"https:\/\/ajeandalucia.org\/cordoba\/"},{"@type":"ListItem","position":2,"name":"M\u00e1s \u1d05\u1d07 \u1d1c\u0274\u1d00 \u1d05\u1d07\u1d04\u1d07\u0274\u1d00 \u1d05\u1d07 \u1d07\u1d0d\u1d18\u0280\u1d07s\u1d00s \u1d0f\u1d18\u1d1b\u1d00\u0274 \u1d00 \u029f\u1d0fs P\u0280\u1d07\u1d0d\u026a\u1d0fs AJE C\u00f3\u0280\u1d05\u1d0f\u0299\u1d00 2021"}]},{"@type":"WebSite","@id":"https:\/\/ajeandalucia.org\/cordoba\/#website","url":"https:\/\/ajeandalucia.org\/cordoba\/","name":"AJE C\u00f3rdoba","description":"Otro sitio m\u00e1s de AJE Andaluc\u00eda","publisher":{"@id":"https:\/\/ajeandalucia.org\/cordoba\/#organization"},"potentialAction":[{"@type":"SearchAction","target":{"@type":"EntryPoint","urlTemplate":"https:\/\/ajeandalucia.org\/cordoba\/?s={search_term_string}"},"query-input":{"@type":"PropertyValueSpecification","valueRequired":true,"valueName":"search_term_string"}}],"inLanguage":"es"},{"@type":"Organization","@id":"https:\/\/ajeandalucia.org\/cordoba\/#organization","name":"AJE C\u00f3rdoba","url":"https:\/\/ajeandalucia.org\/cordoba\/","logo":{"@type":"ImageObject","inLanguage":"es","@id":"https:\/\/ajeandalucia.org\/cordoba\/#\/schema\/logo\/image\/","url":"https:\/\/ajeandalucia.org\/cordoba\/wp-content\/uploads\/sites\/6\/2025\/01\/AJE-CORDOBA-horizontal.png","contentUrl":"https:\/\/ajeandalucia.org\/cordoba\/wp-content\/uploads\/sites\/6\/2025\/01\/AJE-CORDOBA-horizontal.png","width":605,"height":200,"caption":"AJE C\u00f3rdoba"},"image":{"@id":"https:\/\/ajeandalucia.org\/cordoba\/#\/schema\/logo\/image\/"}},{"@type":"Person","@id":"https:\/\/ajeandalucia.org\/cordoba\/#\/schema\/person\/1d19f90c44baad3b3701f8af33c2f520","name":"cordoba","image":{"@type":"ImageObject","inLanguage":"es","@id":"https:\/\/ajeandalucia.org\/cordoba\/#\/schema\/person\/image\/","url":"https:\/\/secure.gravatar.com\/avatar\/46102d83da7c40efca6d3413931ddaf8470cef93888429af7689de210b9bb6fe?s=96&d=mm&r=g","contentUrl":"https:\/\/secure.gravatar.com\/avatar\/46102d83da7c40efca6d3413931ddaf8470cef93888429af7689de210b9bb6fe?s=96&d=mm&r=g","caption":"cordoba"},"url":"https:\/\/ajeandalucia.org\/cordoba\/author\/cordoba\/"}]}},"_links":{"self":[{"href":"https:\/\/ajeandalucia.org\/cordoba\/wp-json\/wp\/v2\/posts\/4808","targetHints":{"allow":["GET"]}}],"collection":[{"href":"https:\/\/ajeandalucia.org\/cordoba\/wp-json\/wp\/v2\/posts"}],"about":[{"href":"https:\/\/ajeandalucia.org\/cordoba\/wp-json\/wp\/v2\/types\/post"}],"author":[{"embeddable":true,"href":"https:\/\/ajeandalucia.org\/cordoba\/wp-json\/wp\/v2\/users\/5"}],"replies":[{"embeddable":true,"href":"https:\/\/ajeandalucia.org\/cordoba\/wp-json\/wp\/v2\/comments?post=4808"}],"version-history":[{"count":2,"href":"https:\/\/ajeandalucia.org\/cordoba\/wp-json\/wp\/v2\/posts\/4808\/revisions"}],"predecessor-version":[{"id":4834,"href":"https:\/\/ajeandalucia.org\/cordoba\/wp-json\/wp\/v2\/posts\/4808\/revisions\/4834"}],"wp:featuredmedia":[{"embeddable":true,"href":"https:\/\/ajeandalucia.org\/cordoba\/wp-json\/wp\/v2\/media\/4809"}],"wp:attachment":[{"href":"https:\/\/ajeandalucia.org\/cordoba\/wp-json\/wp\/v2\/media?parent=4808"}],"wp:term":[{"taxonomy":"category","embeddable":true,"href":"https:\/\/ajeandalucia.org\/cordoba\/wp-json\/wp\/v2\/categories?post=4808"},{"taxonomy":"post_tag","embeddable":true,"href":"https:\/\/ajeandalucia.org\/cordoba\/wp-json\/wp\/v2\/tags?post=4808"}],"curies":[{"name":"wp","href":"https:\/\/api.w.org\/{rel}","templated":true}]}}