{"id":4828,"date":"2021-10-30T11:46:01","date_gmt":"2021-10-30T11:46:01","guid":{"rendered":"https:\/\/www.ajeandalucia.org\/cordoba\/?p=4828"},"modified":"2021-11-10T11:52:40","modified_gmt":"2021-11-10T11:52:40","slug":"gala-de-los-premios-aje-cordoba-2021","status":"publish","type":"post","link":"https:\/\/ajeandalucia.org\/cordoba\/2021\/10\/30\/gala-de-los-premios-aje-cordoba-2021\/","title":{"rendered":"GALA DE LOS PREMIOS AJE CORDOBA 2021"},"content":{"rendered":"<p>El d\u00eda 11 de Noviembre conoceremos los nombres de las empresas ganadoras de los Premios AJE C\u00f3rdoba 2021.<\/p>\n<p>Los Premios AJE\u00a0 se componen de las categor\u00edas TRAYECTORIA EMPRESARIAL e INICIATIVA EMPRENDEDORA, con los que se pretende reconocer el esfuerzo y la trayectoria empresarial de un joven o grupo de j\u00f3venes empresarios en la creaci\u00f3n de una empresa y su implantaci\u00f3n en el mercado, valor\u00e1ndose adem\u00e1s, la trayectoria seguida desde su inicio, la calidad de gesti\u00f3n y producto, la estabilidad comercial y laboral y su imagen de marca; por un lado; y con el que se reconoce la originalidad, innovaci\u00f3n\u00a0 y esfuerzo de los j\u00f3venes andaluces en la creaci\u00f3n de una empresa, por otro.<\/p>\n<p>Estos Premios AJE C\u00f3rdoba se hacen gracias a nuestros Patrocinadores y colaboradores:<\/p>\n<p>CORGALAN \u2013 AMAZONICA \u2013\u00a0TRADISCOR \u2013 SERCOLU\u00a0 &#8211; ANTO\u00d1ITA LA FANTASTICA \u2013 SP GROUP &#8211;<\/p>\n<p>SAN CRISTOBAL &#8211; PLATECOR \u2013 OCASI\u00d3N CASA \u2013 MARTIAL LAND<\/p>\n<p>Gracias a todos !!!<\/p>\n<p><img loading=\"lazy\" decoding=\"async\" class=\"alignnone size-medium wp-image-4832\" src=\"https:\/\/www.ajeandalucia.org\/cordoba\/wp-content\/uploads\/sites\/6\/2021\/11\/Invitacion-gala-300x170.jpg\" alt=\"\" width=\"300\" height=\"170\" srcset=\"https:\/\/ajeandalucia.org\/cordoba\/wp-content\/uploads\/sites\/6\/2021\/11\/Invitacion-gala-300x170.jpg 300w, https:\/\/ajeandalucia.org\/cordoba\/wp-content\/uploads\/sites\/6\/2021\/11\/Invitacion-gala-768x435.jpg 768w, https:\/\/ajeandalucia.org\/cordoba\/wp-content\/uploads\/sites\/6\/2021\/11\/Invitacion-gala-1024x580.jpg 1024w, https:\/\/ajeandalucia.org\/cordoba\/wp-content\/uploads\/sites\/6\/2021\/11\/Invitacion-gala.jpg 1289w\" sizes=\"auto, (max-width: 300px) 100vw, 300px\" \/><\/p>\n","protected":false},"excerpt":{"rendered":"<p>El d\u00eda 11 de Noviembre conoceremos los nombres de las empresas ganadoras de los Premios AJE C\u00f3rdoba 2021. Los Premios [&hellip;]<\/p>\n","protected":false},"author":5,"featured_media":4830,"comment_status":"open","ping_status":"open","sticky":false,"template":"","format":"standard","meta":{"_acf_changed":false,"site-sidebar-layout":"default","site-content-layout":"","ast-site-content-layout":"default","site-content-style":"default","site-sidebar-style":"default","ast-global-header-display":"","ast-banner-title-visibility":"","ast-main-header-display":"","ast-hfb-above-header-display":"","ast-hfb-below-header-display":"","ast-hfb-mobile-header-display":"","site-post-title":"","ast-breadcrumbs-content":"","ast-featured-img":"","footer-sml-layout":"","ast-disable-related-posts":"","theme-transparent-header-meta":"","adv-header-id-meta":"","stick-header-meta":"","header-above-stick-meta":"","header-main-stick-meta":"","header-below-stick-meta":"","astra-migrate-meta-layouts":"default","ast-page-background-enabled":"default","ast-page-background-meta":{"desktop":{"background-color":"var(--ast-global-color-5)","background-image":"","background-repeat":"repeat","background-position":"center center","background-size":"auto","background-attachment":"scroll","background-type":"","background-media":"","overlay-type":"","overlay-color":"","overlay-opacity":"","overlay-gradient":""},"tablet":{"background-color":"","background-image":"","background-repeat":"repeat","background-position":"center center","background-size":"auto","background-attachment":"scroll","background-type":"","background-media":"","overlay-type":"","overlay-color":"","overlay-opacity":"","overlay-gradient":""},"mobile":{"background-color":"","background-image":"","background-repeat":"repeat","background-position":"center center","background-size":"auto","background-attachment":"scroll","background-type":"","background-media":"","overlay-type":"","overlay-color":"","overlay-opacity":"","overlay-gradient":""}},"ast-content-background-meta":{"desktop":{"background-color":"var(--ast-global-color-4)","background-image":"","background-repeat":"repeat","background-position":"center center","background-size":"auto","background-attachment":"scroll","background-type":"","background-media":"","overlay-type":"","overlay-color":"","overlay-opacity":"","overlay-gradient":""},"tablet":{"background-color":"var(--ast-global-color-4)","background-image":"","background-repeat":"repeat","background-position":"center center","background-size":"auto","background-attachment":"scroll","background-type":"","background-media":"","overlay-type":"","overlay-color":"","overlay-opacity":"","overlay-gradient":""},"mobile":{"background-color":"var(--ast-global-color-4)","background-image":"","background-repeat":"repeat","background-position":"center center","background-size":"auto","background-attachment":"scroll","background-type":"","background-media":"","overlay-type":"","overlay-color":"","overlay-opacity":"","overlay-gradient":""}},"footnotes":""},"categories":[8],"tags":[],"class_list":["post-4828","post","type-post","status-publish","format-standard","has-post-thumbnail","hentry","category-noticias"],"acf":[],"yoast_head":"<!-- This site is optimized with the Yoast SEO plugin v26.9 - https:\/\/yoast.com\/product\/yoast-seo-wordpress\/ -->\n<title>GALA DE LOS PREMIOS AJE CORDOBA 2021 - AJE C\u00f3rdoba<\/title>\n<meta name=\"robots\" content=\"index, follow, max-snippet:-1, max-image-preview:large, max-video-preview:-1\" \/>\n<link rel=\"canonical\" href=\"https:\/\/ajeandalucia.org\/cordoba\/2021\/10\/30\/gala-de-los-premios-aje-cordoba-2021\/\" \/>\n<meta property=\"og:locale\" content=\"es_ES\" \/>\n<meta property=\"og:type\" content=\"article\" \/>\n<meta property=\"og:title\" content=\"GALA DE LOS PREMIOS AJE CORDOBA 2021 - AJE C\u00f3rdoba\" \/>\n<meta property=\"og:description\" content=\"El d\u00eda 11 de Noviembre conoceremos los nombres de las empresas ganadoras de los Premios AJE C\u00f3rdoba 2021. Los Premios [&hellip;]\" \/>\n<meta property=\"og:url\" content=\"https:\/\/ajeandalucia.org\/cordoba\/2021\/10\/30\/gala-de-los-premios-aje-cordoba-2021\/\" \/>\n<meta property=\"og:site_name\" content=\"AJE C\u00f3rdoba\" \/>\n<meta property=\"article:published_time\" content=\"2021-10-30T11:46:01+00:00\" \/>\n<meta property=\"article:modified_time\" content=\"2021-11-10T11:52:40+00:00\" \/>\n<meta property=\"og:image\" content=\"https:\/\/ajeandalucia.org\/cordoba\/wp-content\/uploads\/sites\/6\/2021\/11\/fotocol-vir.jpg\" \/>\n\t<meta property=\"og:image:width\" content=\"1215\" \/>\n\t<meta property=\"og:image:height\" content=\"913\" \/>\n\t<meta property=\"og:image:type\" content=\"image\/jpeg\" \/>\n<meta name=\"author\" content=\"cordoba\" \/>\n<meta name=\"twitter:card\" content=\"summary_large_image\" \/>\n<meta name=\"twitter:label1\" content=\"Escrito por\" \/>\n\t<meta name=\"twitter:data1\" content=\"cordoba\" \/>\n\t<meta name=\"twitter:label2\" content=\"Tiempo de lectura\" \/>\n\t<meta name=\"twitter:data2\" content=\"1 minuto\" \/>\n<script type=\"application\/ld+json\" class=\"yoast-schema-graph\">{\"@context\":\"https:\/\/schema.org\",\"@graph\":[{\"@type\":\"Article\",\"@id\":\"https:\/\/ajeandalucia.org\/cordoba\/2021\/10\/30\/gala-de-los-premios-aje-cordoba-2021\/#article\",\"isPartOf\":{\"@id\":\"https:\/\/ajeandalucia.org\/cordoba\/2021\/10\/30\/gala-de-los-premios-aje-cordoba-2021\/\"},\"author\":{\"name\":\"cordoba\",\"@id\":\"https:\/\/ajeandalucia.org\/cordoba\/#\/schema\/person\/1d19f90c44baad3b3701f8af33c2f520\"},\"headline\":\"GALA DE LOS PREMIOS AJE CORDOBA 2021\",\"datePublished\":\"2021-10-30T11:46:01+00:00\",\"dateModified\":\"2021-11-10T11:52:40+00:00\",\"mainEntityOfPage\":{\"@id\":\"https:\/\/ajeandalucia.org\/cordoba\/2021\/10\/30\/gala-de-los-premios-aje-cordoba-2021\/\"},\"wordCount\":166,\"commentCount\":0,\"publisher\":{\"@id\":\"https:\/\/ajeandalucia.org\/cordoba\/#organization\"},\"image\":{\"@id\":\"https:\/\/ajeandalucia.org\/cordoba\/2021\/10\/30\/gala-de-los-premios-aje-cordoba-2021\/#primaryimage\"},\"thumbnailUrl\":\"https:\/\/ajeandalucia.org\/cordoba\/wp-content\/uploads\/sites\/6\/2021\/11\/fotocol-vir.jpg\",\"articleSection\":[\"Noticias\"],\"inLanguage\":\"es\",\"potentialAction\":[{\"@type\":\"CommentAction\",\"name\":\"Comment\",\"target\":[\"https:\/\/ajeandalucia.org\/cordoba\/2021\/10\/30\/gala-de-los-premios-aje-cordoba-2021\/#respond\"]}]},{\"@type\":\"WebPage\",\"@id\":\"https:\/\/ajeandalucia.org\/cordoba\/2021\/10\/30\/gala-de-los-premios-aje-cordoba-2021\/\",\"url\":\"https:\/\/ajeandalucia.org\/cordoba\/2021\/10\/30\/gala-de-los-premios-aje-cordoba-2021\/\",\"name\":\"GALA DE LOS PREMIOS AJE CORDOBA 2021 - AJE C\u00f3rdoba\",\"isPartOf\":{\"@id\":\"https:\/\/ajeandalucia.org\/cordoba\/#website\"},\"primaryImageOfPage\":{\"@id\":\"https:\/\/ajeandalucia.org\/cordoba\/2021\/10\/30\/gala-de-los-premios-aje-cordoba-2021\/#primaryimage\"},\"image\":{\"@id\":\"https:\/\/ajeandalucia.org\/cordoba\/2021\/10\/30\/gala-de-los-premios-aje-cordoba-2021\/#primaryimage\"},\"thumbnailUrl\":\"https:\/\/ajeandalucia.org\/cordoba\/wp-content\/uploads\/sites\/6\/2021\/11\/fotocol-vir.jpg\",\"datePublished\":\"2021-10-30T11:46:01+00:00\",\"dateModified\":\"2021-11-10T11:52:40+00:00\",\"breadcrumb\":{\"@id\":\"https:\/\/ajeandalucia.org\/cordoba\/2021\/10\/30\/gala-de-los-premios-aje-cordoba-2021\/#breadcrumb\"},\"inLanguage\":\"es\",\"potentialAction\":[{\"@type\":\"ReadAction\",\"target\":[\"https:\/\/ajeandalucia.org\/cordoba\/2021\/10\/30\/gala-de-los-premios-aje-cordoba-2021\/\"]}]},{\"@type\":\"ImageObject\",\"inLanguage\":\"es\",\"@id\":\"https:\/\/ajeandalucia.org\/cordoba\/2021\/10\/30\/gala-de-los-premios-aje-cordoba-2021\/#primaryimage\",\"url\":\"https:\/\/ajeandalucia.org\/cordoba\/wp-content\/uploads\/sites\/6\/2021\/11\/fotocol-vir.jpg\",\"contentUrl\":\"https:\/\/ajeandalucia.org\/cordoba\/wp-content\/uploads\/sites\/6\/2021\/11\/fotocol-vir.jpg\",\"width\":1215,\"height\":913},{\"@type\":\"BreadcrumbList\",\"@id\":\"https:\/\/ajeandalucia.org\/cordoba\/2021\/10\/30\/gala-de-los-premios-aje-cordoba-2021\/#breadcrumb\",\"itemListElement\":[{\"@type\":\"ListItem\",\"position\":1,\"name\":\"Portada\",\"item\":\"https:\/\/ajeandalucia.org\/cordoba\/\"},{\"@type\":\"ListItem\",\"position\":2,\"name\":\"GALA DE LOS PREMIOS AJE CORDOBA 2021\"}]},{\"@type\":\"WebSite\",\"@id\":\"https:\/\/ajeandalucia.org\/cordoba\/#website\",\"url\":\"https:\/\/ajeandalucia.org\/cordoba\/\",\"name\":\"AJE C\u00f3rdoba\",\"description\":\"Otro sitio m\u00e1s de AJE Andaluc\u00eda\",\"publisher\":{\"@id\":\"https:\/\/ajeandalucia.org\/cordoba\/#organization\"},\"potentialAction\":[{\"@type\":\"SearchAction\",\"target\":{\"@type\":\"EntryPoint\",\"urlTemplate\":\"https:\/\/ajeandalucia.org\/cordoba\/?s={search_term_string}\"},\"query-input\":{\"@type\":\"PropertyValueSpecification\",\"valueRequired\":true,\"valueName\":\"search_term_string\"}}],\"inLanguage\":\"es\"},{\"@type\":\"Organization\",\"@id\":\"https:\/\/ajeandalucia.org\/cordoba\/#organization\",\"name\":\"AJE C\u00f3rdoba\",\"url\":\"https:\/\/ajeandalucia.org\/cordoba\/\",\"logo\":{\"@type\":\"ImageObject\",\"inLanguage\":\"es\",\"@id\":\"https:\/\/ajeandalucia.org\/cordoba\/#\/schema\/logo\/image\/\",\"url\":\"https:\/\/ajeandalucia.org\/cordoba\/wp-content\/uploads\/sites\/6\/2025\/01\/AJE-CORDOBA-horizontal.png\",\"contentUrl\":\"https:\/\/ajeandalucia.org\/cordoba\/wp-content\/uploads\/sites\/6\/2025\/01\/AJE-CORDOBA-horizontal.png\",\"width\":605,\"height\":200,\"caption\":\"AJE C\u00f3rdoba\"},\"image\":{\"@id\":\"https:\/\/ajeandalucia.org\/cordoba\/#\/schema\/logo\/image\/\"}},{\"@type\":\"Person\",\"@id\":\"https:\/\/ajeandalucia.org\/cordoba\/#\/schema\/person\/1d19f90c44baad3b3701f8af33c2f520\",\"name\":\"cordoba\",\"image\":{\"@type\":\"ImageObject\",\"inLanguage\":\"es\",\"@id\":\"https:\/\/ajeandalucia.org\/cordoba\/#\/schema\/person\/image\/\",\"url\":\"https:\/\/secure.gravatar.com\/avatar\/46102d83da7c40efca6d3413931ddaf8470cef93888429af7689de210b9bb6fe?s=96&d=mm&r=g\",\"contentUrl\":\"https:\/\/secure.gravatar.com\/avatar\/46102d83da7c40efca6d3413931ddaf8470cef93888429af7689de210b9bb6fe?s=96&d=mm&r=g\",\"caption\":\"cordoba\"},\"url\":\"https:\/\/ajeandalucia.org\/cordoba\/author\/cordoba\/\"}]}<\/script>\n<!-- \/ Yoast SEO plugin. -->","yoast_head_json":{"title":"GALA DE LOS PREMIOS AJE CORDOBA 2021 - AJE C\u00f3rdoba","robots":{"index":"index","follow":"follow","max-snippet":"max-snippet:-1","max-image-preview":"max-image-preview:large","max-video-preview":"max-video-preview:-1"},"canonical":"https:\/\/ajeandalucia.org\/cordoba\/2021\/10\/30\/gala-de-los-premios-aje-cordoba-2021\/","og_locale":"es_ES","og_type":"article","og_title":"GALA DE LOS PREMIOS AJE CORDOBA 2021 - AJE C\u00f3rdoba","og_description":"El d\u00eda 11 de Noviembre conoceremos los nombres de las empresas ganadoras de los Premios AJE C\u00f3rdoba 2021. Los Premios [&hellip;]","og_url":"https:\/\/ajeandalucia.org\/cordoba\/2021\/10\/30\/gala-de-los-premios-aje-cordoba-2021\/","og_site_name":"AJE C\u00f3rdoba","article_published_time":"2021-10-30T11:46:01+00:00","article_modified_time":"2021-11-10T11:52:40+00:00","og_image":[{"width":1215,"height":913,"url":"https:\/\/ajeandalucia.org\/cordoba\/wp-content\/uploads\/sites\/6\/2021\/11\/fotocol-vir.jpg","type":"image\/jpeg"}],"author":"cordoba","twitter_card":"summary_large_image","twitter_misc":{"Escrito por":"cordoba","Tiempo de lectura":"1 minuto"},"schema":{"@context":"https:\/\/schema.org","@graph":[{"@type":"Article","@id":"https:\/\/ajeandalucia.org\/cordoba\/2021\/10\/30\/gala-de-los-premios-aje-cordoba-2021\/#article","isPartOf":{"@id":"https:\/\/ajeandalucia.org\/cordoba\/2021\/10\/30\/gala-de-los-premios-aje-cordoba-2021\/"},"author":{"name":"cordoba","@id":"https:\/\/ajeandalucia.org\/cordoba\/#\/schema\/person\/1d19f90c44baad3b3701f8af33c2f520"},"headline":"GALA DE LOS PREMIOS AJE CORDOBA 2021","datePublished":"2021-10-30T11:46:01+00:00","dateModified":"2021-11-10T11:52:40+00:00","mainEntityOfPage":{"@id":"https:\/\/ajeandalucia.org\/cordoba\/2021\/10\/30\/gala-de-los-premios-aje-cordoba-2021\/"},"wordCount":166,"commentCount":0,"publisher":{"@id":"https:\/\/ajeandalucia.org\/cordoba\/#organization"},"image":{"@id":"https:\/\/ajeandalucia.org\/cordoba\/2021\/10\/30\/gala-de-los-premios-aje-cordoba-2021\/#primaryimage"},"thumbnailUrl":"https:\/\/ajeandalucia.org\/cordoba\/wp-content\/uploads\/sites\/6\/2021\/11\/fotocol-vir.jpg","articleSection":["Noticias"],"inLanguage":"es","potentialAction":[{"@type":"CommentAction","name":"Comment","target":["https:\/\/ajeandalucia.org\/cordoba\/2021\/10\/30\/gala-de-los-premios-aje-cordoba-2021\/#respond"]}]},{"@type":"WebPage","@id":"https:\/\/ajeandalucia.org\/cordoba\/2021\/10\/30\/gala-de-los-premios-aje-cordoba-2021\/","url":"https:\/\/ajeandalucia.org\/cordoba\/2021\/10\/30\/gala-de-los-premios-aje-cordoba-2021\/","name":"GALA DE LOS PREMIOS AJE CORDOBA 2021 - AJE C\u00f3rdoba","isPartOf":{"@id":"https:\/\/ajeandalucia.org\/cordoba\/#website"},"primaryImageOfPage":{"@id":"https:\/\/ajeandalucia.org\/cordoba\/2021\/10\/30\/gala-de-los-premios-aje-cordoba-2021\/#primaryimage"},"image":{"@id":"https:\/\/ajeandalucia.org\/cordoba\/2021\/10\/30\/gala-de-los-premios-aje-cordoba-2021\/#primaryimage"},"thumbnailUrl":"https:\/\/ajeandalucia.org\/cordoba\/wp-content\/uploads\/sites\/6\/2021\/11\/fotocol-vir.jpg","datePublished":"2021-10-30T11:46:01+00:00","dateModified":"2021-11-10T11:52:40+00:00","breadcrumb":{"@id":"https:\/\/ajeandalucia.org\/cordoba\/2021\/10\/30\/gala-de-los-premios-aje-cordoba-2021\/#breadcrumb"},"inLanguage":"es","potentialAction":[{"@type":"ReadAction","target":["https:\/\/ajeandalucia.org\/cordoba\/2021\/10\/30\/gala-de-los-premios-aje-cordoba-2021\/"]}]},{"@type":"ImageObject","inLanguage":"es","@id":"https:\/\/ajeandalucia.org\/cordoba\/2021\/10\/30\/gala-de-los-premios-aje-cordoba-2021\/#primaryimage","url":"https:\/\/ajeandalucia.org\/cordoba\/wp-content\/uploads\/sites\/6\/2021\/11\/fotocol-vir.jpg","contentUrl":"https:\/\/ajeandalucia.org\/cordoba\/wp-content\/uploads\/sites\/6\/2021\/11\/fotocol-vir.jpg","width":1215,"height":913},{"@type":"BreadcrumbList","@id":"https:\/\/ajeandalucia.org\/cordoba\/2021\/10\/30\/gala-de-los-premios-aje-cordoba-2021\/#breadcrumb","itemListElement":[{"@type":"ListItem","position":1,"name":"Portada","item":"https:\/\/ajeandalucia.org\/cordoba\/"},{"@type":"ListItem","position":2,"name":"GALA DE LOS PREMIOS AJE CORDOBA 2021"}]},{"@type":"WebSite","@id":"https:\/\/ajeandalucia.org\/cordoba\/#website","url":"https:\/\/ajeandalucia.org\/cordoba\/","name":"AJE C\u00f3rdoba","description":"Otro sitio m\u00e1s de AJE Andaluc\u00eda","publisher":{"@id":"https:\/\/ajeandalucia.org\/cordoba\/#organization"},"potentialAction":[{"@type":"SearchAction","target":{"@type":"EntryPoint","urlTemplate":"https:\/\/ajeandalucia.org\/cordoba\/?s={search_term_string}"},"query-input":{"@type":"PropertyValueSpecification","valueRequired":true,"valueName":"search_term_string"}}],"inLanguage":"es"},{"@type":"Organization","@id":"https:\/\/ajeandalucia.org\/cordoba\/#organization","name":"AJE C\u00f3rdoba","url":"https:\/\/ajeandalucia.org\/cordoba\/","logo":{"@type":"ImageObject","inLanguage":"es","@id":"https:\/\/ajeandalucia.org\/cordoba\/#\/schema\/logo\/image\/","url":"https:\/\/ajeandalucia.org\/cordoba\/wp-content\/uploads\/sites\/6\/2025\/01\/AJE-CORDOBA-horizontal.png","contentUrl":"https:\/\/ajeandalucia.org\/cordoba\/wp-content\/uploads\/sites\/6\/2025\/01\/AJE-CORDOBA-horizontal.png","width":605,"height":200,"caption":"AJE C\u00f3rdoba"},"image":{"@id":"https:\/\/ajeandalucia.org\/cordoba\/#\/schema\/logo\/image\/"}},{"@type":"Person","@id":"https:\/\/ajeandalucia.org\/cordoba\/#\/schema\/person\/1d19f90c44baad3b3701f8af33c2f520","name":"cordoba","image":{"@type":"ImageObject","inLanguage":"es","@id":"https:\/\/ajeandalucia.org\/cordoba\/#\/schema\/person\/image\/","url":"https:\/\/secure.gravatar.com\/avatar\/46102d83da7c40efca6d3413931ddaf8470cef93888429af7689de210b9bb6fe?s=96&d=mm&r=g","contentUrl":"https:\/\/secure.gravatar.com\/avatar\/46102d83da7c40efca6d3413931ddaf8470cef93888429af7689de210b9bb6fe?s=96&d=mm&r=g","caption":"cordoba"},"url":"https:\/\/ajeandalucia.org\/cordoba\/author\/cordoba\/"}]}},"_links":{"self":[{"href":"https:\/\/ajeandalucia.org\/cordoba\/wp-json\/wp\/v2\/posts\/4828","targetHints":{"allow":["GET"]}}],"collection":[{"href":"https:\/\/ajeandalucia.org\/cordoba\/wp-json\/wp\/v2\/posts"}],"about":[{"href":"https:\/\/ajeandalucia.org\/cordoba\/wp-json\/wp\/v2\/types\/post"}],"author":[{"embeddable":true,"href":"https:\/\/ajeandalucia.org\/cordoba\/wp-json\/wp\/v2\/users\/5"}],"replies":[{"embeddable":true,"href":"https:\/\/ajeandalucia.org\/cordoba\/wp-json\/wp\/v2\/comments?post=4828"}],"version-history":[{"count":1,"href":"https:\/\/ajeandalucia.org\/cordoba\/wp-json\/wp\/v2\/posts\/4828\/revisions"}],"predecessor-version":[{"id":4833,"href":"https:\/\/ajeandalucia.org\/cordoba\/wp-json\/wp\/v2\/posts\/4828\/revisions\/4833"}],"wp:featuredmedia":[{"embeddable":true,"href":"https:\/\/ajeandalucia.org\/cordoba\/wp-json\/wp\/v2\/media\/4830"}],"wp:attachment":[{"href":"https:\/\/ajeandalucia.org\/cordoba\/wp-json\/wp\/v2\/media?parent=4828"}],"wp:term":[{"taxonomy":"category","embeddable":true,"href":"https:\/\/ajeandalucia.org\/cordoba\/wp-json\/wp\/v2\/categories?post=4828"},{"taxonomy":"post_tag","embeddable":true,"href":"https:\/\/ajeandalucia.org\/cordoba\/wp-json\/wp\/v2\/tags?post=4828"}],"curies":[{"name":"wp","href":"https:\/\/api.w.org\/{rel}","templated":true}]}}