{"id":4843,"date":"2021-11-10T16:52:00","date_gmt":"2021-11-10T16:52:00","guid":{"rendered":"https:\/\/www.ajeandalucia.org\/cordoba\/?p=4843"},"modified":"2021-11-15T16:54:09","modified_gmt":"2021-11-15T16:54:09","slug":"i-encuentro-de-jovenes-artistas-de-cordoba","status":"publish","type":"post","link":"https:\/\/ajeandalucia.org\/cordoba\/2021\/11\/10\/i-encuentro-de-jovenes-artistas-de-cordoba\/","title":{"rendered":"I Encuentro de J\u00f3venes Artistas de C\u00f3rdoba"},"content":{"rendered":"<div class=\"kvgmc6g5 cxmmr5t8 oygrvhab hcukyx3x c1et5uql ii04i59q\">\n<div dir=\"auto\"><a class=\"oajrlxb2 g5ia77u1 qu0x051f esr5mh6w e9989ue4 r7d6kgcz rq0escxv nhd2j8a9 nc684nl6 p7hjln8o kvgmc6g5 cxmmr5t8 oygrvhab hcukyx3x jb3vyjys rz4wbd8a qt6c0cv9 a8nywdso i1ao9s8h esuyzwwr f1sip0of lzcic4wl q66pz984 gpro0wi8 b1v8xokw\" role=\"link\" href=\"https:\/\/www.facebook.com\/hashtag\/encuentrojovenesartistascordoba?__eep__=6&amp;__cft__[0]=AZXKYtA6fEOfK3gwxpa4NBN0A0V-2phYgJHp6cJzBX2Zplf-4gWiraXMLxIziR6ySGLHi2F-8N8g_lebuqaUs_qA_trfwfydIuiuoYAFrTbODRC6kEk8sPUEf7O4k6yw1lQJB_g4XS5UoNhgGeUU_WYbEYbQMW1LItQcoZt1wPXhjQ&amp;__tn__=*NK-R\">#EncuentroJovenesArtistasCordoba<\/a><\/div>\n<div dir=\"auto\"><\/div>\n<\/div>\n<div class=\"o9v6fnle cxmmr5t8 oygrvhab hcukyx3x c1et5uql ii04i59q\">\n<div dir=\"auto\">Muy contentos del resultado del I Encuentro de J\u00f3venes Artistas de la Ciudad de C\u00f3rdoba que hemos organizamos dentro del programa <a class=\"oajrlxb2 g5ia77u1 qu0x051f esr5mh6w e9989ue4 r7d6kgcz rq0escxv nhd2j8a9 nc684nl6 p7hjln8o kvgmc6g5 cxmmr5t8 oygrvhab hcukyx3x jb3vyjys rz4wbd8a qt6c0cv9 a8nywdso i1ao9s8h esuyzwwr f1sip0of lzcic4wl q66pz984 gpro0wi8 b1v8xokw\" role=\"link\" href=\"https:\/\/www.facebook.com\/hashtag\/trampax?__eep__=6&amp;__cft__[0]=AZXKYtA6fEOfK3gwxpa4NBN0A0V-2phYgJHp6cJzBX2Zplf-4gWiraXMLxIziR6ySGLHi2F-8N8g_lebuqaUs_qA_trfwfydIuiuoYAFrTbODRC6kEk8sPUEf7O4k6yw1lQJB_g4XS5UoNhgGeUU_WYbEYbQMW1LItQcoZt1wPXhjQ&amp;__tn__=*NK-R\">#Trampax<\/a> de <a class=\"oajrlxb2 g5ia77u1 qu0x051f esr5mh6w e9989ue4 r7d6kgcz rq0escxv nhd2j8a9 nc684nl6 p7hjln8o kvgmc6g5 cxmmr5t8 oygrvhab hcukyx3x jb3vyjys rz4wbd8a qt6c0cv9 a8nywdso i1ao9s8h esuyzwwr f1sip0of lzcic4wl q66pz984 gpro0wi8 b1v8xokw\" role=\"link\" href=\"https:\/\/www.facebook.com\/cordobajuventud\/?__cft__[0]=AZXKYtA6fEOfK3gwxpa4NBN0A0V-2phYgJHp6cJzBX2Zplf-4gWiraXMLxIziR6ySGLHi2F-8N8g_lebuqaUs_qA_trfwfydIuiuoYAFrTbODRC6kEk8sPUEf7O4k6yw1lQJB_g4XS5UoNhgGeUU_WYbEYbQMW1LItQcoZt1wPXhjQ&amp;__tn__=kK-R\"><span class=\"nc684nl6\">Planneo C\u00f3rdoba Joven<\/span><\/a><\/div>\n<div dir=\"auto\"><\/div>\n<\/div>\n<div class=\"o9v6fnle cxmmr5t8 oygrvhab hcukyx3x c1et5uql ii04i59q\">\n<div dir=\"auto\">Este encuentro nace con los objetivos de apoyar a los artistas participantes en el Escaparate virtual de Arte Joven de la Delegaci\u00f3n de Juventud en sus procesos de aprendizaje, promover su labor creativa e impulsar la reflexi\u00f3n y el intercambio de conocimiento.<\/div>\n<div dir=\"auto\"><\/div>\n<div dir=\"auto\">Nuestro agradecimiento a la Delegaci\u00f3n de Juventud del Ayuntamiento de C\u00f3rdoba por confiar en nosotros para la organizaci\u00f3n de este encuentro, que esperamos que sea el primero de muchos!<\/div>\n<\/div>\n<div class=\"o9v6fnle cxmmr5t8 oygrvhab hcukyx3x c1et5uql ii04i59q\">\n<div dir=\"auto\"><a class=\"oajrlxb2 g5ia77u1 qu0x051f esr5mh6w e9989ue4 r7d6kgcz rq0escxv nhd2j8a9 nc684nl6 p7hjln8o kvgmc6g5 cxmmr5t8 oygrvhab hcukyx3x jb3vyjys rz4wbd8a qt6c0cv9 a8nywdso i1ao9s8h esuyzwwr f1sip0of lzcic4wl q66pz984 gpro0wi8 b1v8xokw\" role=\"link\" href=\"https:\/\/www.facebook.com\/hashtag\/somosaje?__eep__=6&amp;__cft__[0]=AZXKYtA6fEOfK3gwxpa4NBN0A0V-2phYgJHp6cJzBX2Zplf-4gWiraXMLxIziR6ySGLHi2F-8N8g_lebuqaUs_qA_trfwfydIuiuoYAFrTbODRC6kEk8sPUEf7O4k6yw1lQJB_g4XS5UoNhgGeUU_WYbEYbQMW1LItQcoZt1wPXhjQ&amp;__tn__=*NK-R\">#somosAJE<\/a><\/div>\n<\/div>\n","protected":false},"excerpt":{"rendered":"<p>#EncuentroJovenesArtistasCordoba Muy contentos del resultado del I Encuentro de J\u00f3venes Artistas de la Ciudad de C\u00f3rdoba que hemos organizamos dentro [&hellip;]<\/p>\n","protected":false},"author":5,"featured_media":4844,"comment_status":"open","ping_status":"open","sticky":false,"template":"","format":"standard","meta":{"_acf_changed":false,"site-sidebar-layout":"default","site-content-layout":"","ast-site-content-layout":"default","site-content-style":"default","site-sidebar-style":"default","ast-global-header-display":"","ast-banner-title-visibility":"","ast-main-header-display":"","ast-hfb-above-header-display":"","ast-hfb-below-header-display":"","ast-hfb-mobile-header-display":"","site-post-title":"","ast-breadcrumbs-content":"","ast-featured-img":"","footer-sml-layout":"","ast-disable-related-posts":"","theme-transparent-header-meta":"","adv-header-id-meta":"","stick-header-meta":"","header-above-stick-meta":"","header-main-stick-meta":"","header-below-stick-meta":"","astra-migrate-meta-layouts":"default","ast-page-background-enabled":"default","ast-page-background-meta":{"desktop":{"background-color":"var(--ast-global-color-5)","background-image":"","background-repeat":"repeat","background-position":"center center","background-size":"auto","background-attachment":"scroll","background-type":"","background-media":"","overlay-type":"","overlay-color":"","overlay-opacity":"","overlay-gradient":""},"tablet":{"background-color":"","background-image":"","background-repeat":"repeat","background-position":"center center","background-size":"auto","background-attachment":"scroll","background-type":"","background-media":"","overlay-type":"","overlay-color":"","overlay-opacity":"","overlay-gradient":""},"mobile":{"background-color":"","background-image":"","background-repeat":"repeat","background-position":"center center","background-size":"auto","background-attachment":"scroll","background-type":"","background-media":"","overlay-type":"","overlay-color":"","overlay-opacity":"","overlay-gradient":""}},"ast-content-background-meta":{"desktop":{"background-color":"var(--ast-global-color-4)","background-image":"","background-repeat":"repeat","background-position":"center center","background-size":"auto","background-attachment":"scroll","background-type":"","background-media":"","overlay-type":"","overlay-color":"","overlay-opacity":"","overlay-gradient":""},"tablet":{"background-color":"var(--ast-global-color-4)","background-image":"","background-repeat":"repeat","background-position":"center center","background-size":"auto","background-attachment":"scroll","background-type":"","background-media":"","overlay-type":"","overlay-color":"","overlay-opacity":"","overlay-gradient":""},"mobile":{"background-color":"var(--ast-global-color-4)","background-image":"","background-repeat":"repeat","background-position":"center center","background-size":"auto","background-attachment":"scroll","background-type":"","background-media":"","overlay-type":"","overlay-color":"","overlay-opacity":"","overlay-gradient":""}},"footnotes":""},"categories":[8],"tags":[],"class_list":["post-4843","post","type-post","status-publish","format-standard","has-post-thumbnail","hentry","category-noticias"],"acf":[],"yoast_head":"<!-- This site is optimized with the Yoast SEO plugin v26.9 - https:\/\/yoast.com\/product\/yoast-seo-wordpress\/ -->\n<title>I Encuentro de J\u00f3venes Artistas de C\u00f3rdoba - AJE C\u00f3rdoba<\/title>\n<meta name=\"robots\" content=\"index, follow, max-snippet:-1, max-image-preview:large, max-video-preview:-1\" \/>\n<link rel=\"canonical\" href=\"https:\/\/ajeandalucia.org\/cordoba\/2021\/11\/10\/i-encuentro-de-jovenes-artistas-de-cordoba\/\" \/>\n<meta property=\"og:locale\" content=\"es_ES\" \/>\n<meta property=\"og:type\" content=\"article\" \/>\n<meta property=\"og:title\" content=\"I Encuentro de J\u00f3venes Artistas de C\u00f3rdoba - AJE C\u00f3rdoba\" \/>\n<meta property=\"og:description\" content=\"#EncuentroJovenesArtistasCordoba Muy contentos del resultado del I Encuentro de J\u00f3venes Artistas de la Ciudad de C\u00f3rdoba que hemos organizamos dentro [&hellip;]\" \/>\n<meta property=\"og:url\" content=\"https:\/\/ajeandalucia.org\/cordoba\/2021\/11\/10\/i-encuentro-de-jovenes-artistas-de-cordoba\/\" \/>\n<meta property=\"og:site_name\" content=\"AJE C\u00f3rdoba\" \/>\n<meta property=\"article:published_time\" content=\"2021-11-10T16:52:00+00:00\" \/>\n<meta property=\"article:modified_time\" content=\"2021-11-15T16:54:09+00:00\" \/>\n<meta property=\"og:image\" content=\"https:\/\/ajeandalucia.org\/cordoba\/wp-content\/uploads\/sites\/6\/2021\/11\/1-2-1024x490.jpg\" \/>\n\t<meta property=\"og:image:width\" content=\"1024\" \/>\n\t<meta property=\"og:image:height\" content=\"490\" \/>\n\t<meta property=\"og:image:type\" content=\"image\/jpeg\" \/>\n<meta name=\"author\" content=\"cordoba\" \/>\n<meta name=\"twitter:card\" content=\"summary_large_image\" \/>\n<meta name=\"twitter:label1\" content=\"Escrito por\" \/>\n\t<meta name=\"twitter:data1\" content=\"cordoba\" \/>\n\t<meta name=\"twitter:label2\" content=\"Tiempo de lectura\" \/>\n\t<meta name=\"twitter:data2\" content=\"1 minuto\" \/>\n<script type=\"application\/ld+json\" class=\"yoast-schema-graph\">{\"@context\":\"https:\/\/schema.org\",\"@graph\":[{\"@type\":\"Article\",\"@id\":\"https:\/\/ajeandalucia.org\/cordoba\/2021\/11\/10\/i-encuentro-de-jovenes-artistas-de-cordoba\/#article\",\"isPartOf\":{\"@id\":\"https:\/\/ajeandalucia.org\/cordoba\/2021\/11\/10\/i-encuentro-de-jovenes-artistas-de-cordoba\/\"},\"author\":{\"name\":\"cordoba\",\"@id\":\"https:\/\/ajeandalucia.org\/cordoba\/#\/schema\/person\/1d19f90c44baad3b3701f8af33c2f520\"},\"headline\":\"I Encuentro de J\u00f3venes Artistas de C\u00f3rdoba\",\"datePublished\":\"2021-11-10T16:52:00+00:00\",\"dateModified\":\"2021-11-15T16:54:09+00:00\",\"mainEntityOfPage\":{\"@id\":\"https:\/\/ajeandalucia.org\/cordoba\/2021\/11\/10\/i-encuentro-de-jovenes-artistas-de-cordoba\/\"},\"wordCount\":116,\"commentCount\":0,\"publisher\":{\"@id\":\"https:\/\/ajeandalucia.org\/cordoba\/#organization\"},\"image\":{\"@id\":\"https:\/\/ajeandalucia.org\/cordoba\/2021\/11\/10\/i-encuentro-de-jovenes-artistas-de-cordoba\/#primaryimage\"},\"thumbnailUrl\":\"https:\/\/ajeandalucia.org\/cordoba\/wp-content\/uploads\/sites\/6\/2021\/11\/1-2.jpg\",\"articleSection\":[\"Noticias\"],\"inLanguage\":\"es\",\"potentialAction\":[{\"@type\":\"CommentAction\",\"name\":\"Comment\",\"target\":[\"https:\/\/ajeandalucia.org\/cordoba\/2021\/11\/10\/i-encuentro-de-jovenes-artistas-de-cordoba\/#respond\"]}]},{\"@type\":\"WebPage\",\"@id\":\"https:\/\/ajeandalucia.org\/cordoba\/2021\/11\/10\/i-encuentro-de-jovenes-artistas-de-cordoba\/\",\"url\":\"https:\/\/ajeandalucia.org\/cordoba\/2021\/11\/10\/i-encuentro-de-jovenes-artistas-de-cordoba\/\",\"name\":\"I Encuentro de J\u00f3venes Artistas de C\u00f3rdoba - AJE C\u00f3rdoba\",\"isPartOf\":{\"@id\":\"https:\/\/ajeandalucia.org\/cordoba\/#website\"},\"primaryImageOfPage\":{\"@id\":\"https:\/\/ajeandalucia.org\/cordoba\/2021\/11\/10\/i-encuentro-de-jovenes-artistas-de-cordoba\/#primaryimage\"},\"image\":{\"@id\":\"https:\/\/ajeandalucia.org\/cordoba\/2021\/11\/10\/i-encuentro-de-jovenes-artistas-de-cordoba\/#primaryimage\"},\"thumbnailUrl\":\"https:\/\/ajeandalucia.org\/cordoba\/wp-content\/uploads\/sites\/6\/2021\/11\/1-2.jpg\",\"datePublished\":\"2021-11-10T16:52:00+00:00\",\"dateModified\":\"2021-11-15T16:54:09+00:00\",\"breadcrumb\":{\"@id\":\"https:\/\/ajeandalucia.org\/cordoba\/2021\/11\/10\/i-encuentro-de-jovenes-artistas-de-cordoba\/#breadcrumb\"},\"inLanguage\":\"es\",\"potentialAction\":[{\"@type\":\"ReadAction\",\"target\":[\"https:\/\/ajeandalucia.org\/cordoba\/2021\/11\/10\/i-encuentro-de-jovenes-artistas-de-cordoba\/\"]}]},{\"@type\":\"ImageObject\",\"inLanguage\":\"es\",\"@id\":\"https:\/\/ajeandalucia.org\/cordoba\/2021\/11\/10\/i-encuentro-de-jovenes-artistas-de-cordoba\/#primaryimage\",\"url\":\"https:\/\/ajeandalucia.org\/cordoba\/wp-content\/uploads\/sites\/6\/2021\/11\/1-2.jpg\",\"contentUrl\":\"https:\/\/ajeandalucia.org\/cordoba\/wp-content\/uploads\/sites\/6\/2021\/11\/1-2.jpg\",\"width\":5420,\"height\":2591},{\"@type\":\"BreadcrumbList\",\"@id\":\"https:\/\/ajeandalucia.org\/cordoba\/2021\/11\/10\/i-encuentro-de-jovenes-artistas-de-cordoba\/#breadcrumb\",\"itemListElement\":[{\"@type\":\"ListItem\",\"position\":1,\"name\":\"Portada\",\"item\":\"https:\/\/ajeandalucia.org\/cordoba\/\"},{\"@type\":\"ListItem\",\"position\":2,\"name\":\"I Encuentro de J\u00f3venes Artistas de C\u00f3rdoba\"}]},{\"@type\":\"WebSite\",\"@id\":\"https:\/\/ajeandalucia.org\/cordoba\/#website\",\"url\":\"https:\/\/ajeandalucia.org\/cordoba\/\",\"name\":\"AJE C\u00f3rdoba\",\"description\":\"Otro sitio m\u00e1s de AJE Andaluc\u00eda\",\"publisher\":{\"@id\":\"https:\/\/ajeandalucia.org\/cordoba\/#organization\"},\"potentialAction\":[{\"@type\":\"SearchAction\",\"target\":{\"@type\":\"EntryPoint\",\"urlTemplate\":\"https:\/\/ajeandalucia.org\/cordoba\/?s={search_term_string}\"},\"query-input\":{\"@type\":\"PropertyValueSpecification\",\"valueRequired\":true,\"valueName\":\"search_term_string\"}}],\"inLanguage\":\"es\"},{\"@type\":\"Organization\",\"@id\":\"https:\/\/ajeandalucia.org\/cordoba\/#organization\",\"name\":\"AJE C\u00f3rdoba\",\"url\":\"https:\/\/ajeandalucia.org\/cordoba\/\",\"logo\":{\"@type\":\"ImageObject\",\"inLanguage\":\"es\",\"@id\":\"https:\/\/ajeandalucia.org\/cordoba\/#\/schema\/logo\/image\/\",\"url\":\"https:\/\/ajeandalucia.org\/cordoba\/wp-content\/uploads\/sites\/6\/2025\/01\/AJE-CORDOBA-horizontal.png\",\"contentUrl\":\"https:\/\/ajeandalucia.org\/cordoba\/wp-content\/uploads\/sites\/6\/2025\/01\/AJE-CORDOBA-horizontal.png\",\"width\":605,\"height\":200,\"caption\":\"AJE C\u00f3rdoba\"},\"image\":{\"@id\":\"https:\/\/ajeandalucia.org\/cordoba\/#\/schema\/logo\/image\/\"}},{\"@type\":\"Person\",\"@id\":\"https:\/\/ajeandalucia.org\/cordoba\/#\/schema\/person\/1d19f90c44baad3b3701f8af33c2f520\",\"name\":\"cordoba\",\"image\":{\"@type\":\"ImageObject\",\"inLanguage\":\"es\",\"@id\":\"https:\/\/ajeandalucia.org\/cordoba\/#\/schema\/person\/image\/\",\"url\":\"https:\/\/secure.gravatar.com\/avatar\/46102d83da7c40efca6d3413931ddaf8470cef93888429af7689de210b9bb6fe?s=96&d=mm&r=g\",\"contentUrl\":\"https:\/\/secure.gravatar.com\/avatar\/46102d83da7c40efca6d3413931ddaf8470cef93888429af7689de210b9bb6fe?s=96&d=mm&r=g\",\"caption\":\"cordoba\"},\"url\":\"https:\/\/ajeandalucia.org\/cordoba\/author\/cordoba\/\"}]}<\/script>\n<!-- \/ Yoast SEO plugin. -->","yoast_head_json":{"title":"I Encuentro de J\u00f3venes Artistas de C\u00f3rdoba - AJE C\u00f3rdoba","robots":{"index":"index","follow":"follow","max-snippet":"max-snippet:-1","max-image-preview":"max-image-preview:large","max-video-preview":"max-video-preview:-1"},"canonical":"https:\/\/ajeandalucia.org\/cordoba\/2021\/11\/10\/i-encuentro-de-jovenes-artistas-de-cordoba\/","og_locale":"es_ES","og_type":"article","og_title":"I Encuentro de J\u00f3venes Artistas de C\u00f3rdoba - AJE C\u00f3rdoba","og_description":"#EncuentroJovenesArtistasCordoba Muy contentos del resultado del I Encuentro de J\u00f3venes Artistas de la Ciudad de C\u00f3rdoba que hemos organizamos dentro [&hellip;]","og_url":"https:\/\/ajeandalucia.org\/cordoba\/2021\/11\/10\/i-encuentro-de-jovenes-artistas-de-cordoba\/","og_site_name":"AJE C\u00f3rdoba","article_published_time":"2021-11-10T16:52:00+00:00","article_modified_time":"2021-11-15T16:54:09+00:00","og_image":[{"width":1024,"height":490,"url":"https:\/\/ajeandalucia.org\/cordoba\/wp-content\/uploads\/sites\/6\/2021\/11\/1-2-1024x490.jpg","type":"image\/jpeg"}],"author":"cordoba","twitter_card":"summary_large_image","twitter_misc":{"Escrito por":"cordoba","Tiempo de lectura":"1 minuto"},"schema":{"@context":"https:\/\/schema.org","@graph":[{"@type":"Article","@id":"https:\/\/ajeandalucia.org\/cordoba\/2021\/11\/10\/i-encuentro-de-jovenes-artistas-de-cordoba\/#article","isPartOf":{"@id":"https:\/\/ajeandalucia.org\/cordoba\/2021\/11\/10\/i-encuentro-de-jovenes-artistas-de-cordoba\/"},"author":{"name":"cordoba","@id":"https:\/\/ajeandalucia.org\/cordoba\/#\/schema\/person\/1d19f90c44baad3b3701f8af33c2f520"},"headline":"I Encuentro de J\u00f3venes Artistas de C\u00f3rdoba","datePublished":"2021-11-10T16:52:00+00:00","dateModified":"2021-11-15T16:54:09+00:00","mainEntityOfPage":{"@id":"https:\/\/ajeandalucia.org\/cordoba\/2021\/11\/10\/i-encuentro-de-jovenes-artistas-de-cordoba\/"},"wordCount":116,"commentCount":0,"publisher":{"@id":"https:\/\/ajeandalucia.org\/cordoba\/#organization"},"image":{"@id":"https:\/\/ajeandalucia.org\/cordoba\/2021\/11\/10\/i-encuentro-de-jovenes-artistas-de-cordoba\/#primaryimage"},"thumbnailUrl":"https:\/\/ajeandalucia.org\/cordoba\/wp-content\/uploads\/sites\/6\/2021\/11\/1-2.jpg","articleSection":["Noticias"],"inLanguage":"es","potentialAction":[{"@type":"CommentAction","name":"Comment","target":["https:\/\/ajeandalucia.org\/cordoba\/2021\/11\/10\/i-encuentro-de-jovenes-artistas-de-cordoba\/#respond"]}]},{"@type":"WebPage","@id":"https:\/\/ajeandalucia.org\/cordoba\/2021\/11\/10\/i-encuentro-de-jovenes-artistas-de-cordoba\/","url":"https:\/\/ajeandalucia.org\/cordoba\/2021\/11\/10\/i-encuentro-de-jovenes-artistas-de-cordoba\/","name":"I Encuentro de J\u00f3venes Artistas de C\u00f3rdoba - AJE C\u00f3rdoba","isPartOf":{"@id":"https:\/\/ajeandalucia.org\/cordoba\/#website"},"primaryImageOfPage":{"@id":"https:\/\/ajeandalucia.org\/cordoba\/2021\/11\/10\/i-encuentro-de-jovenes-artistas-de-cordoba\/#primaryimage"},"image":{"@id":"https:\/\/ajeandalucia.org\/cordoba\/2021\/11\/10\/i-encuentro-de-jovenes-artistas-de-cordoba\/#primaryimage"},"thumbnailUrl":"https:\/\/ajeandalucia.org\/cordoba\/wp-content\/uploads\/sites\/6\/2021\/11\/1-2.jpg","datePublished":"2021-11-10T16:52:00+00:00","dateModified":"2021-11-15T16:54:09+00:00","breadcrumb":{"@id":"https:\/\/ajeandalucia.org\/cordoba\/2021\/11\/10\/i-encuentro-de-jovenes-artistas-de-cordoba\/#breadcrumb"},"inLanguage":"es","potentialAction":[{"@type":"ReadAction","target":["https:\/\/ajeandalucia.org\/cordoba\/2021\/11\/10\/i-encuentro-de-jovenes-artistas-de-cordoba\/"]}]},{"@type":"ImageObject","inLanguage":"es","@id":"https:\/\/ajeandalucia.org\/cordoba\/2021\/11\/10\/i-encuentro-de-jovenes-artistas-de-cordoba\/#primaryimage","url":"https:\/\/ajeandalucia.org\/cordoba\/wp-content\/uploads\/sites\/6\/2021\/11\/1-2.jpg","contentUrl":"https:\/\/ajeandalucia.org\/cordoba\/wp-content\/uploads\/sites\/6\/2021\/11\/1-2.jpg","width":5420,"height":2591},{"@type":"BreadcrumbList","@id":"https:\/\/ajeandalucia.org\/cordoba\/2021\/11\/10\/i-encuentro-de-jovenes-artistas-de-cordoba\/#breadcrumb","itemListElement":[{"@type":"ListItem","position":1,"name":"Portada","item":"https:\/\/ajeandalucia.org\/cordoba\/"},{"@type":"ListItem","position":2,"name":"I Encuentro de J\u00f3venes Artistas de C\u00f3rdoba"}]},{"@type":"WebSite","@id":"https:\/\/ajeandalucia.org\/cordoba\/#website","url":"https:\/\/ajeandalucia.org\/cordoba\/","name":"AJE C\u00f3rdoba","description":"Otro sitio m\u00e1s de AJE Andaluc\u00eda","publisher":{"@id":"https:\/\/ajeandalucia.org\/cordoba\/#organization"},"potentialAction":[{"@type":"SearchAction","target":{"@type":"EntryPoint","urlTemplate":"https:\/\/ajeandalucia.org\/cordoba\/?s={search_term_string}"},"query-input":{"@type":"PropertyValueSpecification","valueRequired":true,"valueName":"search_term_string"}}],"inLanguage":"es"},{"@type":"Organization","@id":"https:\/\/ajeandalucia.org\/cordoba\/#organization","name":"AJE C\u00f3rdoba","url":"https:\/\/ajeandalucia.org\/cordoba\/","logo":{"@type":"ImageObject","inLanguage":"es","@id":"https:\/\/ajeandalucia.org\/cordoba\/#\/schema\/logo\/image\/","url":"https:\/\/ajeandalucia.org\/cordoba\/wp-content\/uploads\/sites\/6\/2025\/01\/AJE-CORDOBA-horizontal.png","contentUrl":"https:\/\/ajeandalucia.org\/cordoba\/wp-content\/uploads\/sites\/6\/2025\/01\/AJE-CORDOBA-horizontal.png","width":605,"height":200,"caption":"AJE C\u00f3rdoba"},"image":{"@id":"https:\/\/ajeandalucia.org\/cordoba\/#\/schema\/logo\/image\/"}},{"@type":"Person","@id":"https:\/\/ajeandalucia.org\/cordoba\/#\/schema\/person\/1d19f90c44baad3b3701f8af33c2f520","name":"cordoba","image":{"@type":"ImageObject","inLanguage":"es","@id":"https:\/\/ajeandalucia.org\/cordoba\/#\/schema\/person\/image\/","url":"https:\/\/secure.gravatar.com\/avatar\/46102d83da7c40efca6d3413931ddaf8470cef93888429af7689de210b9bb6fe?s=96&d=mm&r=g","contentUrl":"https:\/\/secure.gravatar.com\/avatar\/46102d83da7c40efca6d3413931ddaf8470cef93888429af7689de210b9bb6fe?s=96&d=mm&r=g","caption":"cordoba"},"url":"https:\/\/ajeandalucia.org\/cordoba\/author\/cordoba\/"}]}},"_links":{"self":[{"href":"https:\/\/ajeandalucia.org\/cordoba\/wp-json\/wp\/v2\/posts\/4843","targetHints":{"allow":["GET"]}}],"collection":[{"href":"https:\/\/ajeandalucia.org\/cordoba\/wp-json\/wp\/v2\/posts"}],"about":[{"href":"https:\/\/ajeandalucia.org\/cordoba\/wp-json\/wp\/v2\/types\/post"}],"author":[{"embeddable":true,"href":"https:\/\/ajeandalucia.org\/cordoba\/wp-json\/wp\/v2\/users\/5"}],"replies":[{"embeddable":true,"href":"https:\/\/ajeandalucia.org\/cordoba\/wp-json\/wp\/v2\/comments?post=4843"}],"version-history":[{"count":1,"href":"https:\/\/ajeandalucia.org\/cordoba\/wp-json\/wp\/v2\/posts\/4843\/revisions"}],"predecessor-version":[{"id":4845,"href":"https:\/\/ajeandalucia.org\/cordoba\/wp-json\/wp\/v2\/posts\/4843\/revisions\/4845"}],"wp:featuredmedia":[{"embeddable":true,"href":"https:\/\/ajeandalucia.org\/cordoba\/wp-json\/wp\/v2\/media\/4844"}],"wp:attachment":[{"href":"https:\/\/ajeandalucia.org\/cordoba\/wp-json\/wp\/v2\/media?parent=4843"}],"wp:term":[{"taxonomy":"category","embeddable":true,"href":"https:\/\/ajeandalucia.org\/cordoba\/wp-json\/wp\/v2\/categories?post=4843"},{"taxonomy":"post_tag","embeddable":true,"href":"https:\/\/ajeandalucia.org\/cordoba\/wp-json\/wp\/v2\/tags?post=4843"}],"curies":[{"name":"wp","href":"https:\/\/api.w.org\/{rel}","templated":true}]}}