{"id":4883,"date":"2021-11-24T17:25:55","date_gmt":"2021-11-24T17:25:55","guid":{"rendered":"https:\/\/www.ajeandalucia.org\/cordoba\/?p=4883"},"modified":"2021-11-24T17:27:12","modified_gmt":"2021-11-24T17:27:12","slug":"o","status":"publish","type":"post","link":"https:\/\/ajeandalucia.org\/cordoba\/2021\/11\/24\/o\/","title":{"rendered":"Un equipo de alumnos de Aguilar de la Frontera se impone en el I Concurso de Ideas Emprendedoras de AJE C\u00f3rdoba"},"content":{"rendered":"<div dir=\"auto\" style=\"text-align: center\">\n<p style=\"line-height: 150%;margin: 0cm 0cm 15.0pt 0cm\"><strong><span style=\"font-size: 16.0pt;line-height: 150%;font-family: 'Arial Narrow',sans-serif;color: black\">Las estudiantes Ascensi\u00f3n Ca\u00f1ete, Alba Cabezas y Elena Palma presentan el proyecto \u2018C\u00f3digo Fog\u00f3n\u2019, la iniciativa ganadora en un certamen en el que han participado m\u00e1s de 300 alumnos de la provincia<\/span><\/strong><\/p>\n<\/div>\n<div dir=\"auto\"><\/div>\n<div dir=\"auto\">Un equipo de alumnos de Secundaria del instituto Vicente N\u00fa\u00f1ez, de Aguilar de la Frontera (C\u00f3rdoba), se ha impuesto en la primera edici\u00f3n del Concurso de Ideas Emprendedoras, un certamen que forma parte del programa La Gran Aventura del Autoempleo que organiza la Asociaci\u00f3n de J\u00f3venes Empresarios (AJE) C\u00f3rdoba con la financiaci\u00f3n de la Diputaci\u00f3n de C\u00f3rdoba. Las estudiantes de este centro educativo -Ascensi\u00f3n Ca\u00f1ete, Alba Cabezas y Elena Palma- han vencido en la fase final a otros dos proyectos cordobeses despu\u00e9s de un proceso en el que han participado m\u00e1s de 300 alumnos de diferentes localidades de la provincia.<\/div>\n<div dir=\"auto\">El trabajo ganador ha sido C\u00f3digo Fog\u00f3n, una iniciativa relacionada directamente con la Gastronom\u00eda para implementar la labor diaria de un restaurante. A juicio del jurado, compuesto por el comit\u00e9 de AJE C\u00f3rdoba y el gerente del Instituto Provincial de Desarrollo Econ\u00f3mico (Iprodeco), Mart\u00edn Torralbo, representante de la instituci\u00f3n provincial para la deliberaci\u00f3n de estos proyectos, ha sido la iniciativa m\u00e1s completa. Este concurso sirve adem\u00e1s de colof\u00f3n al citado programa de La Gran Aventura del Autoempleo.<\/div>\n<div dir=\"auto\">El presidente de AJE C\u00f3rdoba, F\u00e9lix Almagro, ha se\u00f1alado que \u201ces fundamental la actividad porque levantamos el esp\u00edritu emprendedor entre los j\u00f3venes\u201d. Asimismo, ha indicado que \u201cnos alegra mucho que en los institutos p\u00fablicos haya una asignatura que sea la de creaci\u00f3n de empresas porque es la \u00fanica manera de sensibilizar a los j\u00f3venes con la empresa\u201d. Ha destacado, por \u00faltimo, que con esta actividad \u201cprovocamos que la gente decida emprender\u201d, al tiempo que ha agradecido el apoyo de la Diputaci\u00f3n, \u201cque se alinea mucho en esta postura del autoempleo\u201d.<\/div>\n<div dir=\"auto\">Mart\u00edn Torralbo, por su parte, ha explicado que para la Diputaci\u00f3n de C\u00f3rdoba y para Iprodeco \u201ces muy importante participar en este tipo de actividades\u201d. Por eso, ha a\u00f1adido, \u201cdamos la enhorabuena a AJE, que, para evitar el despoblamiento, desarrolle programa como el que hoy hemos celebrado en Aguilar de la Frontera con el objetivo de fomentar el emprendimiento entre los j\u00f3venes y que tengan la capacidad de generar ideas y empleo, que repercuta en el d\u00eda a d\u00eda de sus pueblos\u201d.<\/div>\n","protected":false},"excerpt":{"rendered":"<p>Las estudiantes Ascensi\u00f3n Ca\u00f1ete, Alba Cabezas y Elena Palma presentan el proyecto \u2018C\u00f3digo Fog\u00f3n\u2019, la iniciativa ganadora en un certamen [&hellip;]<\/p>\n","protected":false},"author":5,"featured_media":4879,"comment_status":"open","ping_status":"open","sticky":false,"template":"","format":"standard","meta":{"_acf_changed":false,"site-sidebar-layout":"default","site-content-layout":"","ast-site-content-layout":"default","site-content-style":"default","site-sidebar-style":"default","ast-global-header-display":"","ast-banner-title-visibility":"","ast-main-header-display":"","ast-hfb-above-header-display":"","ast-hfb-below-header-display":"","ast-hfb-mobile-header-display":"","site-post-title":"","ast-breadcrumbs-content":"","ast-featured-img":"","footer-sml-layout":"","ast-disable-related-posts":"","theme-transparent-header-meta":"","adv-header-id-meta":"","stick-header-meta":"","header-above-stick-meta":"","header-main-stick-meta":"","header-below-stick-meta":"","astra-migrate-meta-layouts":"default","ast-page-background-enabled":"default","ast-page-background-meta":{"desktop":{"background-color":"var(--ast-global-color-5)","background-image":"","background-repeat":"repeat","background-position":"center center","background-size":"auto","background-attachment":"scroll","background-type":"","background-media":"","overlay-type":"","overlay-color":"","overlay-opacity":"","overlay-gradient":""},"tablet":{"background-color":"","background-image":"","background-repeat":"repeat","background-position":"center center","background-size":"auto","background-attachment":"scroll","background-type":"","background-media":"","overlay-type":"","overlay-color":"","overlay-opacity":"","overlay-gradient":""},"mobile":{"background-color":"","background-image":"","background-repeat":"repeat","background-position":"center center","background-size":"auto","background-attachment":"scroll","background-type":"","background-media":"","overlay-type":"","overlay-color":"","overlay-opacity":"","overlay-gradient":""}},"ast-content-background-meta":{"desktop":{"background-color":"var(--ast-global-color-4)","background-image":"","background-repeat":"repeat","background-position":"center center","background-size":"auto","background-attachment":"scroll","background-type":"","background-media":"","overlay-type":"","overlay-color":"","overlay-opacity":"","overlay-gradient":""},"tablet":{"background-color":"var(--ast-global-color-4)","background-image":"","background-repeat":"repeat","background-position":"center center","background-size":"auto","background-attachment":"scroll","background-type":"","background-media":"","overlay-type":"","overlay-color":"","overlay-opacity":"","overlay-gradient":""},"mobile":{"background-color":"var(--ast-global-color-4)","background-image":"","background-repeat":"repeat","background-position":"center center","background-size":"auto","background-attachment":"scroll","background-type":"","background-media":"","overlay-type":"","overlay-color":"","overlay-opacity":"","overlay-gradient":""}},"footnotes":""},"categories":[8],"tags":[],"class_list":["post-4883","post","type-post","status-publish","format-standard","has-post-thumbnail","hentry","category-noticias"],"acf":[],"yoast_head":"<!-- This site is optimized with the Yoast SEO plugin v26.9 - https:\/\/yoast.com\/product\/yoast-seo-wordpress\/ -->\n<title>Un equipo de alumnos de Aguilar de la Frontera se impone en el I Concurso de Ideas Emprendedoras de AJE C\u00f3rdoba - AJE C\u00f3rdoba<\/title>\n<meta name=\"robots\" content=\"index, follow, max-snippet:-1, max-image-preview:large, max-video-preview:-1\" \/>\n<link rel=\"canonical\" href=\"https:\/\/ajeandalucia.org\/cordoba\/2021\/11\/24\/o\/\" \/>\n<meta property=\"og:locale\" content=\"es_ES\" \/>\n<meta property=\"og:type\" content=\"article\" \/>\n<meta property=\"og:title\" content=\"Un equipo de alumnos de Aguilar de la Frontera se impone en el I Concurso de Ideas Emprendedoras de AJE C\u00f3rdoba - AJE C\u00f3rdoba\" \/>\n<meta property=\"og:description\" content=\"Las estudiantes Ascensi\u00f3n Ca\u00f1ete, Alba Cabezas y Elena Palma presentan el proyecto \u2018C\u00f3digo Fog\u00f3n\u2019, la iniciativa ganadora en un certamen [&hellip;]\" \/>\n<meta property=\"og:url\" content=\"https:\/\/ajeandalucia.org\/cordoba\/2021\/11\/24\/o\/\" \/>\n<meta property=\"og:site_name\" content=\"AJE C\u00f3rdoba\" \/>\n<meta property=\"article:published_time\" content=\"2021-11-24T17:25:55+00:00\" \/>\n<meta property=\"article:modified_time\" content=\"2021-11-24T17:27:12+00:00\" \/>\n<meta property=\"og:image\" content=\"https:\/\/ajeandalucia.org\/cordoba\/wp-content\/uploads\/sites\/6\/2021\/11\/concurso-idea-emprendedora.jpeg\" \/>\n\t<meta property=\"og:image:width\" content=\"1600\" \/>\n\t<meta property=\"og:image:height\" content=\"1066\" \/>\n\t<meta property=\"og:image:type\" content=\"image\/jpeg\" \/>\n<meta name=\"author\" content=\"cordoba\" \/>\n<meta name=\"twitter:card\" content=\"summary_large_image\" \/>\n<meta name=\"twitter:label1\" content=\"Escrito por\" \/>\n\t<meta name=\"twitter:data1\" content=\"cordoba\" \/>\n\t<meta name=\"twitter:label2\" content=\"Tiempo de lectura\" \/>\n\t<meta name=\"twitter:data2\" content=\"2 minutos\" \/>\n<script type=\"application\/ld+json\" class=\"yoast-schema-graph\">{\"@context\":\"https:\/\/schema.org\",\"@graph\":[{\"@type\":\"Article\",\"@id\":\"https:\/\/ajeandalucia.org\/cordoba\/2021\/11\/24\/o\/#article\",\"isPartOf\":{\"@id\":\"https:\/\/ajeandalucia.org\/cordoba\/2021\/11\/24\/o\/\"},\"author\":{\"name\":\"cordoba\",\"@id\":\"https:\/\/ajeandalucia.org\/cordoba\/#\/schema\/person\/1d19f90c44baad3b3701f8af33c2f520\"},\"headline\":\"Un equipo de alumnos de Aguilar de la Frontera se impone en el I Concurso de Ideas Emprendedoras de AJE C\u00f3rdoba\",\"datePublished\":\"2021-11-24T17:25:55+00:00\",\"dateModified\":\"2021-11-24T17:27:12+00:00\",\"mainEntityOfPage\":{\"@id\":\"https:\/\/ajeandalucia.org\/cordoba\/2021\/11\/24\/o\/\"},\"wordCount\":446,\"commentCount\":0,\"publisher\":{\"@id\":\"https:\/\/ajeandalucia.org\/cordoba\/#organization\"},\"image\":{\"@id\":\"https:\/\/ajeandalucia.org\/cordoba\/2021\/11\/24\/o\/#primaryimage\"},\"thumbnailUrl\":\"https:\/\/ajeandalucia.org\/cordoba\/wp-content\/uploads\/sites\/6\/2021\/11\/concurso-idea-emprendedora.jpeg\",\"articleSection\":[\"Noticias\"],\"inLanguage\":\"es\",\"potentialAction\":[{\"@type\":\"CommentAction\",\"name\":\"Comment\",\"target\":[\"https:\/\/ajeandalucia.org\/cordoba\/2021\/11\/24\/o\/#respond\"]}]},{\"@type\":\"WebPage\",\"@id\":\"https:\/\/ajeandalucia.org\/cordoba\/2021\/11\/24\/o\/\",\"url\":\"https:\/\/ajeandalucia.org\/cordoba\/2021\/11\/24\/o\/\",\"name\":\"Un equipo de alumnos de Aguilar de la Frontera se impone en el I Concurso de Ideas Emprendedoras de AJE C\u00f3rdoba - AJE C\u00f3rdoba\",\"isPartOf\":{\"@id\":\"https:\/\/ajeandalucia.org\/cordoba\/#website\"},\"primaryImageOfPage\":{\"@id\":\"https:\/\/ajeandalucia.org\/cordoba\/2021\/11\/24\/o\/#primaryimage\"},\"image\":{\"@id\":\"https:\/\/ajeandalucia.org\/cordoba\/2021\/11\/24\/o\/#primaryimage\"},\"thumbnailUrl\":\"https:\/\/ajeandalucia.org\/cordoba\/wp-content\/uploads\/sites\/6\/2021\/11\/concurso-idea-emprendedora.jpeg\",\"datePublished\":\"2021-11-24T17:25:55+00:00\",\"dateModified\":\"2021-11-24T17:27:12+00:00\",\"breadcrumb\":{\"@id\":\"https:\/\/ajeandalucia.org\/cordoba\/2021\/11\/24\/o\/#breadcrumb\"},\"inLanguage\":\"es\",\"potentialAction\":[{\"@type\":\"ReadAction\",\"target\":[\"https:\/\/ajeandalucia.org\/cordoba\/2021\/11\/24\/o\/\"]}]},{\"@type\":\"ImageObject\",\"inLanguage\":\"es\",\"@id\":\"https:\/\/ajeandalucia.org\/cordoba\/2021\/11\/24\/o\/#primaryimage\",\"url\":\"https:\/\/ajeandalucia.org\/cordoba\/wp-content\/uploads\/sites\/6\/2021\/11\/concurso-idea-emprendedora.jpeg\",\"contentUrl\":\"https:\/\/ajeandalucia.org\/cordoba\/wp-content\/uploads\/sites\/6\/2021\/11\/concurso-idea-emprendedora.jpeg\",\"width\":1600,\"height\":1066},{\"@type\":\"BreadcrumbList\",\"@id\":\"https:\/\/ajeandalucia.org\/cordoba\/2021\/11\/24\/o\/#breadcrumb\",\"itemListElement\":[{\"@type\":\"ListItem\",\"position\":1,\"name\":\"Portada\",\"item\":\"https:\/\/ajeandalucia.org\/cordoba\/\"},{\"@type\":\"ListItem\",\"position\":2,\"name\":\"Un equipo de alumnos de Aguilar de la Frontera se impone en el I Concurso de Ideas Emprendedoras de AJE C\u00f3rdoba\"}]},{\"@type\":\"WebSite\",\"@id\":\"https:\/\/ajeandalucia.org\/cordoba\/#website\",\"url\":\"https:\/\/ajeandalucia.org\/cordoba\/\",\"name\":\"AJE C\u00f3rdoba\",\"description\":\"Otro sitio m\u00e1s de AJE Andaluc\u00eda\",\"publisher\":{\"@id\":\"https:\/\/ajeandalucia.org\/cordoba\/#organization\"},\"potentialAction\":[{\"@type\":\"SearchAction\",\"target\":{\"@type\":\"EntryPoint\",\"urlTemplate\":\"https:\/\/ajeandalucia.org\/cordoba\/?s={search_term_string}\"},\"query-input\":{\"@type\":\"PropertyValueSpecification\",\"valueRequired\":true,\"valueName\":\"search_term_string\"}}],\"inLanguage\":\"es\"},{\"@type\":\"Organization\",\"@id\":\"https:\/\/ajeandalucia.org\/cordoba\/#organization\",\"name\":\"AJE C\u00f3rdoba\",\"url\":\"https:\/\/ajeandalucia.org\/cordoba\/\",\"logo\":{\"@type\":\"ImageObject\",\"inLanguage\":\"es\",\"@id\":\"https:\/\/ajeandalucia.org\/cordoba\/#\/schema\/logo\/image\/\",\"url\":\"https:\/\/ajeandalucia.org\/cordoba\/wp-content\/uploads\/sites\/6\/2025\/01\/AJE-CORDOBA-horizontal.png\",\"contentUrl\":\"https:\/\/ajeandalucia.org\/cordoba\/wp-content\/uploads\/sites\/6\/2025\/01\/AJE-CORDOBA-horizontal.png\",\"width\":605,\"height\":200,\"caption\":\"AJE C\u00f3rdoba\"},\"image\":{\"@id\":\"https:\/\/ajeandalucia.org\/cordoba\/#\/schema\/logo\/image\/\"}},{\"@type\":\"Person\",\"@id\":\"https:\/\/ajeandalucia.org\/cordoba\/#\/schema\/person\/1d19f90c44baad3b3701f8af33c2f520\",\"name\":\"cordoba\",\"image\":{\"@type\":\"ImageObject\",\"inLanguage\":\"es\",\"@id\":\"https:\/\/ajeandalucia.org\/cordoba\/#\/schema\/person\/image\/\",\"url\":\"https:\/\/secure.gravatar.com\/avatar\/46102d83da7c40efca6d3413931ddaf8470cef93888429af7689de210b9bb6fe?s=96&d=mm&r=g\",\"contentUrl\":\"https:\/\/secure.gravatar.com\/avatar\/46102d83da7c40efca6d3413931ddaf8470cef93888429af7689de210b9bb6fe?s=96&d=mm&r=g\",\"caption\":\"cordoba\"},\"url\":\"https:\/\/ajeandalucia.org\/cordoba\/author\/cordoba\/\"}]}<\/script>\n<!-- \/ Yoast SEO plugin. -->","yoast_head_json":{"title":"Un equipo de alumnos de Aguilar de la Frontera se impone en el I Concurso de Ideas Emprendedoras de AJE C\u00f3rdoba - AJE C\u00f3rdoba","robots":{"index":"index","follow":"follow","max-snippet":"max-snippet:-1","max-image-preview":"max-image-preview:large","max-video-preview":"max-video-preview:-1"},"canonical":"https:\/\/ajeandalucia.org\/cordoba\/2021\/11\/24\/o\/","og_locale":"es_ES","og_type":"article","og_title":"Un equipo de alumnos de Aguilar de la Frontera se impone en el I Concurso de Ideas Emprendedoras de AJE C\u00f3rdoba - AJE C\u00f3rdoba","og_description":"Las estudiantes Ascensi\u00f3n Ca\u00f1ete, Alba Cabezas y Elena Palma presentan el proyecto \u2018C\u00f3digo Fog\u00f3n\u2019, la iniciativa ganadora en un certamen [&hellip;]","og_url":"https:\/\/ajeandalucia.org\/cordoba\/2021\/11\/24\/o\/","og_site_name":"AJE C\u00f3rdoba","article_published_time":"2021-11-24T17:25:55+00:00","article_modified_time":"2021-11-24T17:27:12+00:00","og_image":[{"width":1600,"height":1066,"url":"https:\/\/ajeandalucia.org\/cordoba\/wp-content\/uploads\/sites\/6\/2021\/11\/concurso-idea-emprendedora.jpeg","type":"image\/jpeg"}],"author":"cordoba","twitter_card":"summary_large_image","twitter_misc":{"Escrito por":"cordoba","Tiempo de lectura":"2 minutos"},"schema":{"@context":"https:\/\/schema.org","@graph":[{"@type":"Article","@id":"https:\/\/ajeandalucia.org\/cordoba\/2021\/11\/24\/o\/#article","isPartOf":{"@id":"https:\/\/ajeandalucia.org\/cordoba\/2021\/11\/24\/o\/"},"author":{"name":"cordoba","@id":"https:\/\/ajeandalucia.org\/cordoba\/#\/schema\/person\/1d19f90c44baad3b3701f8af33c2f520"},"headline":"Un equipo de alumnos de Aguilar de la Frontera se impone en el I Concurso de Ideas Emprendedoras de AJE C\u00f3rdoba","datePublished":"2021-11-24T17:25:55+00:00","dateModified":"2021-11-24T17:27:12+00:00","mainEntityOfPage":{"@id":"https:\/\/ajeandalucia.org\/cordoba\/2021\/11\/24\/o\/"},"wordCount":446,"commentCount":0,"publisher":{"@id":"https:\/\/ajeandalucia.org\/cordoba\/#organization"},"image":{"@id":"https:\/\/ajeandalucia.org\/cordoba\/2021\/11\/24\/o\/#primaryimage"},"thumbnailUrl":"https:\/\/ajeandalucia.org\/cordoba\/wp-content\/uploads\/sites\/6\/2021\/11\/concurso-idea-emprendedora.jpeg","articleSection":["Noticias"],"inLanguage":"es","potentialAction":[{"@type":"CommentAction","name":"Comment","target":["https:\/\/ajeandalucia.org\/cordoba\/2021\/11\/24\/o\/#respond"]}]},{"@type":"WebPage","@id":"https:\/\/ajeandalucia.org\/cordoba\/2021\/11\/24\/o\/","url":"https:\/\/ajeandalucia.org\/cordoba\/2021\/11\/24\/o\/","name":"Un equipo de alumnos de Aguilar de la Frontera se impone en el I Concurso de Ideas Emprendedoras de AJE C\u00f3rdoba - AJE C\u00f3rdoba","isPartOf":{"@id":"https:\/\/ajeandalucia.org\/cordoba\/#website"},"primaryImageOfPage":{"@id":"https:\/\/ajeandalucia.org\/cordoba\/2021\/11\/24\/o\/#primaryimage"},"image":{"@id":"https:\/\/ajeandalucia.org\/cordoba\/2021\/11\/24\/o\/#primaryimage"},"thumbnailUrl":"https:\/\/ajeandalucia.org\/cordoba\/wp-content\/uploads\/sites\/6\/2021\/11\/concurso-idea-emprendedora.jpeg","datePublished":"2021-11-24T17:25:55+00:00","dateModified":"2021-11-24T17:27:12+00:00","breadcrumb":{"@id":"https:\/\/ajeandalucia.org\/cordoba\/2021\/11\/24\/o\/#breadcrumb"},"inLanguage":"es","potentialAction":[{"@type":"ReadAction","target":["https:\/\/ajeandalucia.org\/cordoba\/2021\/11\/24\/o\/"]}]},{"@type":"ImageObject","inLanguage":"es","@id":"https:\/\/ajeandalucia.org\/cordoba\/2021\/11\/24\/o\/#primaryimage","url":"https:\/\/ajeandalucia.org\/cordoba\/wp-content\/uploads\/sites\/6\/2021\/11\/concurso-idea-emprendedora.jpeg","contentUrl":"https:\/\/ajeandalucia.org\/cordoba\/wp-content\/uploads\/sites\/6\/2021\/11\/concurso-idea-emprendedora.jpeg","width":1600,"height":1066},{"@type":"BreadcrumbList","@id":"https:\/\/ajeandalucia.org\/cordoba\/2021\/11\/24\/o\/#breadcrumb","itemListElement":[{"@type":"ListItem","position":1,"name":"Portada","item":"https:\/\/ajeandalucia.org\/cordoba\/"},{"@type":"ListItem","position":2,"name":"Un equipo de alumnos de Aguilar de la Frontera se impone en el I Concurso de Ideas Emprendedoras de AJE C\u00f3rdoba"}]},{"@type":"WebSite","@id":"https:\/\/ajeandalucia.org\/cordoba\/#website","url":"https:\/\/ajeandalucia.org\/cordoba\/","name":"AJE C\u00f3rdoba","description":"Otro sitio m\u00e1s de AJE Andaluc\u00eda","publisher":{"@id":"https:\/\/ajeandalucia.org\/cordoba\/#organization"},"potentialAction":[{"@type":"SearchAction","target":{"@type":"EntryPoint","urlTemplate":"https:\/\/ajeandalucia.org\/cordoba\/?s={search_term_string}"},"query-input":{"@type":"PropertyValueSpecification","valueRequired":true,"valueName":"search_term_string"}}],"inLanguage":"es"},{"@type":"Organization","@id":"https:\/\/ajeandalucia.org\/cordoba\/#organization","name":"AJE C\u00f3rdoba","url":"https:\/\/ajeandalucia.org\/cordoba\/","logo":{"@type":"ImageObject","inLanguage":"es","@id":"https:\/\/ajeandalucia.org\/cordoba\/#\/schema\/logo\/image\/","url":"https:\/\/ajeandalucia.org\/cordoba\/wp-content\/uploads\/sites\/6\/2025\/01\/AJE-CORDOBA-horizontal.png","contentUrl":"https:\/\/ajeandalucia.org\/cordoba\/wp-content\/uploads\/sites\/6\/2025\/01\/AJE-CORDOBA-horizontal.png","width":605,"height":200,"caption":"AJE C\u00f3rdoba"},"image":{"@id":"https:\/\/ajeandalucia.org\/cordoba\/#\/schema\/logo\/image\/"}},{"@type":"Person","@id":"https:\/\/ajeandalucia.org\/cordoba\/#\/schema\/person\/1d19f90c44baad3b3701f8af33c2f520","name":"cordoba","image":{"@type":"ImageObject","inLanguage":"es","@id":"https:\/\/ajeandalucia.org\/cordoba\/#\/schema\/person\/image\/","url":"https:\/\/secure.gravatar.com\/avatar\/46102d83da7c40efca6d3413931ddaf8470cef93888429af7689de210b9bb6fe?s=96&d=mm&r=g","contentUrl":"https:\/\/secure.gravatar.com\/avatar\/46102d83da7c40efca6d3413931ddaf8470cef93888429af7689de210b9bb6fe?s=96&d=mm&r=g","caption":"cordoba"},"url":"https:\/\/ajeandalucia.org\/cordoba\/author\/cordoba\/"}]}},"_links":{"self":[{"href":"https:\/\/ajeandalucia.org\/cordoba\/wp-json\/wp\/v2\/posts\/4883","targetHints":{"allow":["GET"]}}],"collection":[{"href":"https:\/\/ajeandalucia.org\/cordoba\/wp-json\/wp\/v2\/posts"}],"about":[{"href":"https:\/\/ajeandalucia.org\/cordoba\/wp-json\/wp\/v2\/types\/post"}],"author":[{"embeddable":true,"href":"https:\/\/ajeandalucia.org\/cordoba\/wp-json\/wp\/v2\/users\/5"}],"replies":[{"embeddable":true,"href":"https:\/\/ajeandalucia.org\/cordoba\/wp-json\/wp\/v2\/comments?post=4883"}],"version-history":[{"count":2,"href":"https:\/\/ajeandalucia.org\/cordoba\/wp-json\/wp\/v2\/posts\/4883\/revisions"}],"predecessor-version":[{"id":4885,"href":"https:\/\/ajeandalucia.org\/cordoba\/wp-json\/wp\/v2\/posts\/4883\/revisions\/4885"}],"wp:featuredmedia":[{"embeddable":true,"href":"https:\/\/ajeandalucia.org\/cordoba\/wp-json\/wp\/v2\/media\/4879"}],"wp:attachment":[{"href":"https:\/\/ajeandalucia.org\/cordoba\/wp-json\/wp\/v2\/media?parent=4883"}],"wp:term":[{"taxonomy":"category","embeddable":true,"href":"https:\/\/ajeandalucia.org\/cordoba\/wp-json\/wp\/v2\/categories?post=4883"},{"taxonomy":"post_tag","embeddable":true,"href":"https:\/\/ajeandalucia.org\/cordoba\/wp-json\/wp\/v2\/tags?post=4883"}],"curies":[{"name":"wp","href":"https:\/\/api.w.org\/{rel}","templated":true}]}}