{"id":5102,"date":"2022-02-11T11:24:46","date_gmt":"2022-02-11T11:24:46","guid":{"rendered":"https:\/\/www.ajeandalucia.org\/cordoba\/?p=5102"},"modified":"2022-02-14T11:25:30","modified_gmt":"2022-02-14T11:25:30","slug":"el-empresario-cordobes-victor-macias-nuevo-secretario-general-de-aje-cordoba","status":"publish","type":"post","link":"https:\/\/ajeandalucia.org\/cordoba\/2022\/02\/11\/el-empresario-cordobes-victor-macias-nuevo-secretario-general-de-aje-cordoba\/","title":{"rendered":"El empresario cordob\u00e9s V\u00edctor Mac\u00edas, nuevo secretario general de AJE C\u00f3rdoba"},"content":{"rendered":"<ul>\n<li>El CEO de SIE inform\u00e1tica, que ya pertenec\u00eda al comit\u00e9 ejecutivo de la asociaci\u00f3n, releva en el cargo a Ana Espejo<\/li>\n<\/ul>\n<p><strong>C\u00f3rdoba<\/strong>. El empresario cordob\u00e9s V\u00edctor Mac\u00edas, CEO de SIE Inform\u00e1tica, es desde esta semana el nuevo secretario general de la Asociaci\u00f3n de J\u00f3venes Empresarios (AJE) C\u00f3rdoba. Mac\u00edas relevar\u00e1 as\u00ed en el cargo a Ana Espejo, a la que el presidente de este colectivo, F\u00e9lix Almagro, ha agradecido el \u201cgran trabajo\u201d realizado y se ha mostrado \u201cmuy satisfecho\u201d con su labor en los \u00faltimos a\u00f1os.<\/p>\n<p>El presidente de AJE C\u00f3rdoba ha explicado que la elecci\u00f3n del nuevo secretario general de la asociaci\u00f3n, cordob\u00e9s de 37 a\u00f1os de edad, es una \u201cmuestra de confianza por la enorme implicaci\u00f3n que ha tenido en AJE y el buen trabajo dentro del comit\u00e9 ejecutivo\u201d.<\/p>\n<p>\u201cEs una persona preparada para el cargo en un sector muy relacionado con los j\u00f3venes empresarios\u201d, ha concluido Almagro en relaci\u00f3n a Mac\u00edas, que se dedica al sector de la Inform\u00e1tica en C\u00f3rdoba desde hace 15 a\u00f1os.<\/p>\n<p>Mac\u00edas, por su parte, ha agradecido a su compa\u00f1era Ana Espejo los \u201cm\u00e1s de dos a\u00f1os como secretaria general, en los que ha trabajado mucho por AJE C\u00f3rdoba\u201d. Asimismo, ha declarado que el objetivo del comit\u00e9 \u201ces seguir siendo la AJE referente en Andaluc\u00eda\u201d y, como prioridad, \u201cayudar a los j\u00f3venes empresarios a consolidarse y que sigan siendo una pieza tan importante en el tejido empresarial de nuestra provincia\u201d.<\/p>\n<p>&nbsp;<\/p>\n","protected":false},"excerpt":{"rendered":"<p>El CEO de SIE inform\u00e1tica, que ya pertenec\u00eda al comit\u00e9 ejecutivo de la asociaci\u00f3n, releva en el cargo a Ana [&hellip;]<\/p>\n","protected":false},"author":5,"featured_media":5103,"comment_status":"open","ping_status":"open","sticky":false,"template":"","format":"standard","meta":{"_acf_changed":false,"site-sidebar-layout":"default","site-content-layout":"","ast-site-content-layout":"default","site-content-style":"default","site-sidebar-style":"default","ast-global-header-display":"","ast-banner-title-visibility":"","ast-main-header-display":"","ast-hfb-above-header-display":"","ast-hfb-below-header-display":"","ast-hfb-mobile-header-display":"","site-post-title":"","ast-breadcrumbs-content":"","ast-featured-img":"","footer-sml-layout":"","ast-disable-related-posts":"","theme-transparent-header-meta":"","adv-header-id-meta":"","stick-header-meta":"","header-above-stick-meta":"","header-main-stick-meta":"","header-below-stick-meta":"","astra-migrate-meta-layouts":"default","ast-page-background-enabled":"default","ast-page-background-meta":{"desktop":{"background-color":"var(--ast-global-color-5)","background-image":"","background-repeat":"repeat","background-position":"center center","background-size":"auto","background-attachment":"scroll","background-type":"","background-media":"","overlay-type":"","overlay-color":"","overlay-opacity":"","overlay-gradient":""},"tablet":{"background-color":"","background-image":"","background-repeat":"repeat","background-position":"center center","background-size":"auto","background-attachment":"scroll","background-type":"","background-media":"","overlay-type":"","overlay-color":"","overlay-opacity":"","overlay-gradient":""},"mobile":{"background-color":"","background-image":"","background-repeat":"repeat","background-position":"center center","background-size":"auto","background-attachment":"scroll","background-type":"","background-media":"","overlay-type":"","overlay-color":"","overlay-opacity":"","overlay-gradient":""}},"ast-content-background-meta":{"desktop":{"background-color":"var(--ast-global-color-4)","background-image":"","background-repeat":"repeat","background-position":"center center","background-size":"auto","background-attachment":"scroll","background-type":"","background-media":"","overlay-type":"","overlay-color":"","overlay-opacity":"","overlay-gradient":""},"tablet":{"background-color":"var(--ast-global-color-4)","background-image":"","background-repeat":"repeat","background-position":"center center","background-size":"auto","background-attachment":"scroll","background-type":"","background-media":"","overlay-type":"","overlay-color":"","overlay-opacity":"","overlay-gradient":""},"mobile":{"background-color":"var(--ast-global-color-4)","background-image":"","background-repeat":"repeat","background-position":"center center","background-size":"auto","background-attachment":"scroll","background-type":"","background-media":"","overlay-type":"","overlay-color":"","overlay-opacity":"","overlay-gradient":""}},"footnotes":""},"categories":[8],"tags":[],"class_list":["post-5102","post","type-post","status-publish","format-standard","has-post-thumbnail","hentry","category-noticias"],"acf":[],"yoast_head":"<!-- This site is optimized with the Yoast SEO plugin v26.9 - https:\/\/yoast.com\/product\/yoast-seo-wordpress\/ -->\n<title>El empresario cordob\u00e9s V\u00edctor Mac\u00edas, nuevo secretario general de AJE C\u00f3rdoba - AJE C\u00f3rdoba<\/title>\n<meta name=\"robots\" content=\"index, follow, max-snippet:-1, max-image-preview:large, max-video-preview:-1\" \/>\n<link rel=\"canonical\" href=\"https:\/\/ajeandalucia.org\/cordoba\/2022\/02\/11\/el-empresario-cordobes-victor-macias-nuevo-secretario-general-de-aje-cordoba\/\" \/>\n<meta property=\"og:locale\" content=\"es_ES\" \/>\n<meta property=\"og:type\" content=\"article\" \/>\n<meta property=\"og:title\" content=\"El empresario cordob\u00e9s V\u00edctor Mac\u00edas, nuevo secretario general de AJE C\u00f3rdoba - AJE C\u00f3rdoba\" \/>\n<meta property=\"og:description\" content=\"El CEO de SIE inform\u00e1tica, que ya pertenec\u00eda al comit\u00e9 ejecutivo de la asociaci\u00f3n, releva en el cargo a Ana [&hellip;]\" \/>\n<meta property=\"og:url\" content=\"https:\/\/ajeandalucia.org\/cordoba\/2022\/02\/11\/el-empresario-cordobes-victor-macias-nuevo-secretario-general-de-aje-cordoba\/\" \/>\n<meta property=\"og:site_name\" content=\"AJE C\u00f3rdoba\" \/>\n<meta property=\"article:published_time\" content=\"2022-02-11T11:24:46+00:00\" \/>\n<meta property=\"article:modified_time\" content=\"2022-02-14T11:25:30+00:00\" \/>\n<meta property=\"og:image\" content=\"https:\/\/ajeandalucia.org\/cordoba\/wp-content\/uploads\/sites\/6\/2022\/02\/victor-macias.jpg\" \/>\n\t<meta property=\"og:image:width\" content=\"690\" \/>\n\t<meta property=\"og:image:height\" content=\"733\" \/>\n\t<meta property=\"og:image:type\" content=\"image\/jpeg\" \/>\n<meta name=\"author\" content=\"cordoba\" \/>\n<meta name=\"twitter:card\" content=\"summary_large_image\" \/>\n<meta name=\"twitter:label1\" content=\"Escrito por\" \/>\n\t<meta name=\"twitter:data1\" content=\"cordoba\" \/>\n\t<meta name=\"twitter:label2\" content=\"Tiempo de lectura\" \/>\n\t<meta name=\"twitter:data2\" content=\"1 minuto\" \/>\n<script type=\"application\/ld+json\" class=\"yoast-schema-graph\">{\"@context\":\"https:\/\/schema.org\",\"@graph\":[{\"@type\":\"Article\",\"@id\":\"https:\/\/ajeandalucia.org\/cordoba\/2022\/02\/11\/el-empresario-cordobes-victor-macias-nuevo-secretario-general-de-aje-cordoba\/#article\",\"isPartOf\":{\"@id\":\"https:\/\/ajeandalucia.org\/cordoba\/2022\/02\/11\/el-empresario-cordobes-victor-macias-nuevo-secretario-general-de-aje-cordoba\/\"},\"author\":{\"name\":\"cordoba\",\"@id\":\"https:\/\/ajeandalucia.org\/cordoba\/#\/schema\/person\/1d19f90c44baad3b3701f8af33c2f520\"},\"headline\":\"El empresario cordob\u00e9s V\u00edctor Mac\u00edas, nuevo secretario general de AJE C\u00f3rdoba\",\"datePublished\":\"2022-02-11T11:24:46+00:00\",\"dateModified\":\"2022-02-14T11:25:30+00:00\",\"mainEntityOfPage\":{\"@id\":\"https:\/\/ajeandalucia.org\/cordoba\/2022\/02\/11\/el-empresario-cordobes-victor-macias-nuevo-secretario-general-de-aje-cordoba\/\"},\"wordCount\":283,\"commentCount\":0,\"publisher\":{\"@id\":\"https:\/\/ajeandalucia.org\/cordoba\/#organization\"},\"image\":{\"@id\":\"https:\/\/ajeandalucia.org\/cordoba\/2022\/02\/11\/el-empresario-cordobes-victor-macias-nuevo-secretario-general-de-aje-cordoba\/#primaryimage\"},\"thumbnailUrl\":\"https:\/\/ajeandalucia.org\/cordoba\/wp-content\/uploads\/sites\/6\/2022\/02\/victor-macias.jpg\",\"articleSection\":[\"Noticias\"],\"inLanguage\":\"es\",\"potentialAction\":[{\"@type\":\"CommentAction\",\"name\":\"Comment\",\"target\":[\"https:\/\/ajeandalucia.org\/cordoba\/2022\/02\/11\/el-empresario-cordobes-victor-macias-nuevo-secretario-general-de-aje-cordoba\/#respond\"]}]},{\"@type\":\"WebPage\",\"@id\":\"https:\/\/ajeandalucia.org\/cordoba\/2022\/02\/11\/el-empresario-cordobes-victor-macias-nuevo-secretario-general-de-aje-cordoba\/\",\"url\":\"https:\/\/ajeandalucia.org\/cordoba\/2022\/02\/11\/el-empresario-cordobes-victor-macias-nuevo-secretario-general-de-aje-cordoba\/\",\"name\":\"El empresario cordob\u00e9s V\u00edctor Mac\u00edas, nuevo secretario general de AJE C\u00f3rdoba - AJE C\u00f3rdoba\",\"isPartOf\":{\"@id\":\"https:\/\/ajeandalucia.org\/cordoba\/#website\"},\"primaryImageOfPage\":{\"@id\":\"https:\/\/ajeandalucia.org\/cordoba\/2022\/02\/11\/el-empresario-cordobes-victor-macias-nuevo-secretario-general-de-aje-cordoba\/#primaryimage\"},\"image\":{\"@id\":\"https:\/\/ajeandalucia.org\/cordoba\/2022\/02\/11\/el-empresario-cordobes-victor-macias-nuevo-secretario-general-de-aje-cordoba\/#primaryimage\"},\"thumbnailUrl\":\"https:\/\/ajeandalucia.org\/cordoba\/wp-content\/uploads\/sites\/6\/2022\/02\/victor-macias.jpg\",\"datePublished\":\"2022-02-11T11:24:46+00:00\",\"dateModified\":\"2022-02-14T11:25:30+00:00\",\"breadcrumb\":{\"@id\":\"https:\/\/ajeandalucia.org\/cordoba\/2022\/02\/11\/el-empresario-cordobes-victor-macias-nuevo-secretario-general-de-aje-cordoba\/#breadcrumb\"},\"inLanguage\":\"es\",\"potentialAction\":[{\"@type\":\"ReadAction\",\"target\":[\"https:\/\/ajeandalucia.org\/cordoba\/2022\/02\/11\/el-empresario-cordobes-victor-macias-nuevo-secretario-general-de-aje-cordoba\/\"]}]},{\"@type\":\"ImageObject\",\"inLanguage\":\"es\",\"@id\":\"https:\/\/ajeandalucia.org\/cordoba\/2022\/02\/11\/el-empresario-cordobes-victor-macias-nuevo-secretario-general-de-aje-cordoba\/#primaryimage\",\"url\":\"https:\/\/ajeandalucia.org\/cordoba\/wp-content\/uploads\/sites\/6\/2022\/02\/victor-macias.jpg\",\"contentUrl\":\"https:\/\/ajeandalucia.org\/cordoba\/wp-content\/uploads\/sites\/6\/2022\/02\/victor-macias.jpg\",\"width\":690,\"height\":733},{\"@type\":\"BreadcrumbList\",\"@id\":\"https:\/\/ajeandalucia.org\/cordoba\/2022\/02\/11\/el-empresario-cordobes-victor-macias-nuevo-secretario-general-de-aje-cordoba\/#breadcrumb\",\"itemListElement\":[{\"@type\":\"ListItem\",\"position\":1,\"name\":\"Portada\",\"item\":\"https:\/\/ajeandalucia.org\/cordoba\/\"},{\"@type\":\"ListItem\",\"position\":2,\"name\":\"El empresario cordob\u00e9s V\u00edctor Mac\u00edas, nuevo secretario general de AJE C\u00f3rdoba\"}]},{\"@type\":\"WebSite\",\"@id\":\"https:\/\/ajeandalucia.org\/cordoba\/#website\",\"url\":\"https:\/\/ajeandalucia.org\/cordoba\/\",\"name\":\"AJE C\u00f3rdoba\",\"description\":\"Otro sitio m\u00e1s de AJE Andaluc\u00eda\",\"publisher\":{\"@id\":\"https:\/\/ajeandalucia.org\/cordoba\/#organization\"},\"potentialAction\":[{\"@type\":\"SearchAction\",\"target\":{\"@type\":\"EntryPoint\",\"urlTemplate\":\"https:\/\/ajeandalucia.org\/cordoba\/?s={search_term_string}\"},\"query-input\":{\"@type\":\"PropertyValueSpecification\",\"valueRequired\":true,\"valueName\":\"search_term_string\"}}],\"inLanguage\":\"es\"},{\"@type\":\"Organization\",\"@id\":\"https:\/\/ajeandalucia.org\/cordoba\/#organization\",\"name\":\"AJE C\u00f3rdoba\",\"url\":\"https:\/\/ajeandalucia.org\/cordoba\/\",\"logo\":{\"@type\":\"ImageObject\",\"inLanguage\":\"es\",\"@id\":\"https:\/\/ajeandalucia.org\/cordoba\/#\/schema\/logo\/image\/\",\"url\":\"https:\/\/ajeandalucia.org\/cordoba\/wp-content\/uploads\/sites\/6\/2025\/01\/AJE-CORDOBA-horizontal.png\",\"contentUrl\":\"https:\/\/ajeandalucia.org\/cordoba\/wp-content\/uploads\/sites\/6\/2025\/01\/AJE-CORDOBA-horizontal.png\",\"width\":605,\"height\":200,\"caption\":\"AJE C\u00f3rdoba\"},\"image\":{\"@id\":\"https:\/\/ajeandalucia.org\/cordoba\/#\/schema\/logo\/image\/\"}},{\"@type\":\"Person\",\"@id\":\"https:\/\/ajeandalucia.org\/cordoba\/#\/schema\/person\/1d19f90c44baad3b3701f8af33c2f520\",\"name\":\"cordoba\",\"image\":{\"@type\":\"ImageObject\",\"inLanguage\":\"es\",\"@id\":\"https:\/\/ajeandalucia.org\/cordoba\/#\/schema\/person\/image\/\",\"url\":\"https:\/\/secure.gravatar.com\/avatar\/46102d83da7c40efca6d3413931ddaf8470cef93888429af7689de210b9bb6fe?s=96&d=mm&r=g\",\"contentUrl\":\"https:\/\/secure.gravatar.com\/avatar\/46102d83da7c40efca6d3413931ddaf8470cef93888429af7689de210b9bb6fe?s=96&d=mm&r=g\",\"caption\":\"cordoba\"},\"url\":\"https:\/\/ajeandalucia.org\/cordoba\/author\/cordoba\/\"}]}<\/script>\n<!-- \/ Yoast SEO plugin. -->","yoast_head_json":{"title":"El empresario cordob\u00e9s V\u00edctor Mac\u00edas, nuevo secretario general de AJE C\u00f3rdoba - AJE C\u00f3rdoba","robots":{"index":"index","follow":"follow","max-snippet":"max-snippet:-1","max-image-preview":"max-image-preview:large","max-video-preview":"max-video-preview:-1"},"canonical":"https:\/\/ajeandalucia.org\/cordoba\/2022\/02\/11\/el-empresario-cordobes-victor-macias-nuevo-secretario-general-de-aje-cordoba\/","og_locale":"es_ES","og_type":"article","og_title":"El empresario cordob\u00e9s V\u00edctor Mac\u00edas, nuevo secretario general de AJE C\u00f3rdoba - AJE C\u00f3rdoba","og_description":"El CEO de SIE inform\u00e1tica, que ya pertenec\u00eda al comit\u00e9 ejecutivo de la asociaci\u00f3n, releva en el cargo a Ana [&hellip;]","og_url":"https:\/\/ajeandalucia.org\/cordoba\/2022\/02\/11\/el-empresario-cordobes-victor-macias-nuevo-secretario-general-de-aje-cordoba\/","og_site_name":"AJE C\u00f3rdoba","article_published_time":"2022-02-11T11:24:46+00:00","article_modified_time":"2022-02-14T11:25:30+00:00","og_image":[{"width":690,"height":733,"url":"https:\/\/ajeandalucia.org\/cordoba\/wp-content\/uploads\/sites\/6\/2022\/02\/victor-macias.jpg","type":"image\/jpeg"}],"author":"cordoba","twitter_card":"summary_large_image","twitter_misc":{"Escrito por":"cordoba","Tiempo de lectura":"1 minuto"},"schema":{"@context":"https:\/\/schema.org","@graph":[{"@type":"Article","@id":"https:\/\/ajeandalucia.org\/cordoba\/2022\/02\/11\/el-empresario-cordobes-victor-macias-nuevo-secretario-general-de-aje-cordoba\/#article","isPartOf":{"@id":"https:\/\/ajeandalucia.org\/cordoba\/2022\/02\/11\/el-empresario-cordobes-victor-macias-nuevo-secretario-general-de-aje-cordoba\/"},"author":{"name":"cordoba","@id":"https:\/\/ajeandalucia.org\/cordoba\/#\/schema\/person\/1d19f90c44baad3b3701f8af33c2f520"},"headline":"El empresario cordob\u00e9s V\u00edctor Mac\u00edas, nuevo secretario general de AJE C\u00f3rdoba","datePublished":"2022-02-11T11:24:46+00:00","dateModified":"2022-02-14T11:25:30+00:00","mainEntityOfPage":{"@id":"https:\/\/ajeandalucia.org\/cordoba\/2022\/02\/11\/el-empresario-cordobes-victor-macias-nuevo-secretario-general-de-aje-cordoba\/"},"wordCount":283,"commentCount":0,"publisher":{"@id":"https:\/\/ajeandalucia.org\/cordoba\/#organization"},"image":{"@id":"https:\/\/ajeandalucia.org\/cordoba\/2022\/02\/11\/el-empresario-cordobes-victor-macias-nuevo-secretario-general-de-aje-cordoba\/#primaryimage"},"thumbnailUrl":"https:\/\/ajeandalucia.org\/cordoba\/wp-content\/uploads\/sites\/6\/2022\/02\/victor-macias.jpg","articleSection":["Noticias"],"inLanguage":"es","potentialAction":[{"@type":"CommentAction","name":"Comment","target":["https:\/\/ajeandalucia.org\/cordoba\/2022\/02\/11\/el-empresario-cordobes-victor-macias-nuevo-secretario-general-de-aje-cordoba\/#respond"]}]},{"@type":"WebPage","@id":"https:\/\/ajeandalucia.org\/cordoba\/2022\/02\/11\/el-empresario-cordobes-victor-macias-nuevo-secretario-general-de-aje-cordoba\/","url":"https:\/\/ajeandalucia.org\/cordoba\/2022\/02\/11\/el-empresario-cordobes-victor-macias-nuevo-secretario-general-de-aje-cordoba\/","name":"El empresario cordob\u00e9s V\u00edctor Mac\u00edas, nuevo secretario general de AJE C\u00f3rdoba - AJE C\u00f3rdoba","isPartOf":{"@id":"https:\/\/ajeandalucia.org\/cordoba\/#website"},"primaryImageOfPage":{"@id":"https:\/\/ajeandalucia.org\/cordoba\/2022\/02\/11\/el-empresario-cordobes-victor-macias-nuevo-secretario-general-de-aje-cordoba\/#primaryimage"},"image":{"@id":"https:\/\/ajeandalucia.org\/cordoba\/2022\/02\/11\/el-empresario-cordobes-victor-macias-nuevo-secretario-general-de-aje-cordoba\/#primaryimage"},"thumbnailUrl":"https:\/\/ajeandalucia.org\/cordoba\/wp-content\/uploads\/sites\/6\/2022\/02\/victor-macias.jpg","datePublished":"2022-02-11T11:24:46+00:00","dateModified":"2022-02-14T11:25:30+00:00","breadcrumb":{"@id":"https:\/\/ajeandalucia.org\/cordoba\/2022\/02\/11\/el-empresario-cordobes-victor-macias-nuevo-secretario-general-de-aje-cordoba\/#breadcrumb"},"inLanguage":"es","potentialAction":[{"@type":"ReadAction","target":["https:\/\/ajeandalucia.org\/cordoba\/2022\/02\/11\/el-empresario-cordobes-victor-macias-nuevo-secretario-general-de-aje-cordoba\/"]}]},{"@type":"ImageObject","inLanguage":"es","@id":"https:\/\/ajeandalucia.org\/cordoba\/2022\/02\/11\/el-empresario-cordobes-victor-macias-nuevo-secretario-general-de-aje-cordoba\/#primaryimage","url":"https:\/\/ajeandalucia.org\/cordoba\/wp-content\/uploads\/sites\/6\/2022\/02\/victor-macias.jpg","contentUrl":"https:\/\/ajeandalucia.org\/cordoba\/wp-content\/uploads\/sites\/6\/2022\/02\/victor-macias.jpg","width":690,"height":733},{"@type":"BreadcrumbList","@id":"https:\/\/ajeandalucia.org\/cordoba\/2022\/02\/11\/el-empresario-cordobes-victor-macias-nuevo-secretario-general-de-aje-cordoba\/#breadcrumb","itemListElement":[{"@type":"ListItem","position":1,"name":"Portada","item":"https:\/\/ajeandalucia.org\/cordoba\/"},{"@type":"ListItem","position":2,"name":"El empresario cordob\u00e9s V\u00edctor Mac\u00edas, nuevo secretario general de AJE C\u00f3rdoba"}]},{"@type":"WebSite","@id":"https:\/\/ajeandalucia.org\/cordoba\/#website","url":"https:\/\/ajeandalucia.org\/cordoba\/","name":"AJE C\u00f3rdoba","description":"Otro sitio m\u00e1s de AJE Andaluc\u00eda","publisher":{"@id":"https:\/\/ajeandalucia.org\/cordoba\/#organization"},"potentialAction":[{"@type":"SearchAction","target":{"@type":"EntryPoint","urlTemplate":"https:\/\/ajeandalucia.org\/cordoba\/?s={search_term_string}"},"query-input":{"@type":"PropertyValueSpecification","valueRequired":true,"valueName":"search_term_string"}}],"inLanguage":"es"},{"@type":"Organization","@id":"https:\/\/ajeandalucia.org\/cordoba\/#organization","name":"AJE C\u00f3rdoba","url":"https:\/\/ajeandalucia.org\/cordoba\/","logo":{"@type":"ImageObject","inLanguage":"es","@id":"https:\/\/ajeandalucia.org\/cordoba\/#\/schema\/logo\/image\/","url":"https:\/\/ajeandalucia.org\/cordoba\/wp-content\/uploads\/sites\/6\/2025\/01\/AJE-CORDOBA-horizontal.png","contentUrl":"https:\/\/ajeandalucia.org\/cordoba\/wp-content\/uploads\/sites\/6\/2025\/01\/AJE-CORDOBA-horizontal.png","width":605,"height":200,"caption":"AJE C\u00f3rdoba"},"image":{"@id":"https:\/\/ajeandalucia.org\/cordoba\/#\/schema\/logo\/image\/"}},{"@type":"Person","@id":"https:\/\/ajeandalucia.org\/cordoba\/#\/schema\/person\/1d19f90c44baad3b3701f8af33c2f520","name":"cordoba","image":{"@type":"ImageObject","inLanguage":"es","@id":"https:\/\/ajeandalucia.org\/cordoba\/#\/schema\/person\/image\/","url":"https:\/\/secure.gravatar.com\/avatar\/46102d83da7c40efca6d3413931ddaf8470cef93888429af7689de210b9bb6fe?s=96&d=mm&r=g","contentUrl":"https:\/\/secure.gravatar.com\/avatar\/46102d83da7c40efca6d3413931ddaf8470cef93888429af7689de210b9bb6fe?s=96&d=mm&r=g","caption":"cordoba"},"url":"https:\/\/ajeandalucia.org\/cordoba\/author\/cordoba\/"}]}},"_links":{"self":[{"href":"https:\/\/ajeandalucia.org\/cordoba\/wp-json\/wp\/v2\/posts\/5102","targetHints":{"allow":["GET"]}}],"collection":[{"href":"https:\/\/ajeandalucia.org\/cordoba\/wp-json\/wp\/v2\/posts"}],"about":[{"href":"https:\/\/ajeandalucia.org\/cordoba\/wp-json\/wp\/v2\/types\/post"}],"author":[{"embeddable":true,"href":"https:\/\/ajeandalucia.org\/cordoba\/wp-json\/wp\/v2\/users\/5"}],"replies":[{"embeddable":true,"href":"https:\/\/ajeandalucia.org\/cordoba\/wp-json\/wp\/v2\/comments?post=5102"}],"version-history":[{"count":1,"href":"https:\/\/ajeandalucia.org\/cordoba\/wp-json\/wp\/v2\/posts\/5102\/revisions"}],"predecessor-version":[{"id":5104,"href":"https:\/\/ajeandalucia.org\/cordoba\/wp-json\/wp\/v2\/posts\/5102\/revisions\/5104"}],"wp:featuredmedia":[{"embeddable":true,"href":"https:\/\/ajeandalucia.org\/cordoba\/wp-json\/wp\/v2\/media\/5103"}],"wp:attachment":[{"href":"https:\/\/ajeandalucia.org\/cordoba\/wp-json\/wp\/v2\/media?parent=5102"}],"wp:term":[{"taxonomy":"category","embeddable":true,"href":"https:\/\/ajeandalucia.org\/cordoba\/wp-json\/wp\/v2\/categories?post=5102"},{"taxonomy":"post_tag","embeddable":true,"href":"https:\/\/ajeandalucia.org\/cordoba\/wp-json\/wp\/v2\/tags?post=5102"}],"curies":[{"name":"wp","href":"https:\/\/api.w.org\/{rel}","templated":true}]}}