{"id":5131,"date":"2022-02-24T08:54:21","date_gmt":"2022-02-24T08:54:21","guid":{"rendered":"https:\/\/www.ajeandalucia.org\/cordoba\/?p=5131"},"modified":"2022-02-25T09:10:49","modified_gmt":"2022-02-25T09:10:49","slug":"aje-cordoba-celebra-en-puente-genial-el-primer-encuentro-activa-la-comarca-de-2022","status":"publish","type":"post","link":"https:\/\/ajeandalucia.org\/cordoba\/2022\/02\/24\/aje-cordoba-celebra-en-puente-genial-el-primer-encuentro-activa-la-comarca-de-2022\/","title":{"rendered":"AJE C\u00f3rdoba celebra en Puente Genial el primer encuentro \u2018Activa la Comarca\u2019 de 2022"},"content":{"rendered":"<p style=\"text-align: center\"><em><strong>El colectivo resalta los cinco \u201ccasos de \u00e9xito\u201d presentados en este encuentro a trav\u00e9s de los empresarios\/as Marina Aguilar (Membrillo La G\u00f3ndola), Esther Manj\u00f3n (Centro de Psicolog\u00eda Alegra), Alba Pozo (Leduan Copete), Dami\u00e1n Fern\u00e1ndez (Codimar) y Carlos Morillo (Ehidra)<\/strong><\/em><\/p>\n<p>23\/02\/2022 C\u00f3rdoba. La Asociaci\u00f3n de J\u00f3venes Empresarios (AJE) C\u00f3rdoba ha retomado hoy en Puente Genil el proyecto \u2018Activa la Comarca, 4 d\u00e9cadas de historia empresarial\u2019 en un encuentro en el que han participado cinco empresarios\/as de esta localidad para contar su experiencia. Se trata de la primera jornada celebrada en 2022, en la que ha AJE C\u00f3rdoba ha contado con la financiaci\u00f3n de la Diputaci\u00f3n, adem\u00e1s del apoyo del Ayuntamiento y el colectivo de empresarios de este municipio (Asojem).<\/p>\n<p>Marina Aguilar, de Membrillos La G\u00f3ndola; Esther Manj\u00f3n, de Centro de Psicolog\u00eda Alegra; Alba Pozo, de Leduan Copete; Dami\u00e1n Fern\u00e1ndez, de Codimar; y Carlos Membrillo, de Ehidra; han sido los empresarios que se han sumado a esta primera iniciativa desarrollada en Puente Genil. Como ha apuntado el presidente de AJE C\u00f3rdoba, F\u00e9lix Almagro, todos ellos nos han dado a conocer \u201ccasos de \u00e9xito\u201d, adem\u00e1s de haber \u201csacado conclusiones de lo que significa ser empresarios, con las dificultades que conlleva\u201d. El dirigente de este colectivo ha destacado asimismo el abordaje del \u201crelevo generacional, que es un debate que hay que tener sobre la mesa\u201d.<\/p>\n<p>El alcalde de Puente Genil y vicepresidente de la Diputaci\u00f3n, Esteban Morales, ha se\u00f1alado que, gracias a estas jornadas, \u201clos emprendedores de esta ciudad han dado a conocer a trav\u00e9s de la experiencia proyectos consagrados y el devenir de una empresa desde que se pone en marcha hasta que se consolida\u201d. A su juicio, \u201ces una actividad que pone en valor el trabajo que se hace desde AJE y una oportunidad que hay que apoyar\u201d.<\/p>\n<p>Alfonso Ariza, presidente de Asojem, ha felicitado a AJE por la iniciativa y ha destacado que este tipo de proyectos \u201cson interesantes para el desarrollo empresarial de nuestra comarca y nuestra provincia\u201d. A agradecido asimismo que el colectivo de J\u00f3venes Empresarios \u201chaya querido contar con Puente Genil\u201d, al tiempo que ha indicado que \u201ctenemos sinergias muy comunes y espero que el futuro sigamos estrechando lazos y desarrollemos proyectos en com\u00fan\u201d.<\/p>\n<p>Almagro, por \u00faltimo, ha apuntado que esta jornada la ha completado un desayuno de empresarios que los asistentes aprovechan para para hacer networking con objeto de \u201cconocerse y hacer negocio\u201d.<\/p>\n<p>&nbsp;<\/p>\n<p>Puedes ver la galer\u00eda fotogr\u00e1fica del evento en este enlace: <a href=\"https:\/\/www.facebook.com\/media\/set\/?vanity=ajecordoba&amp;set=a.5214993898563940\">Activa la Comarca en Puente Genil<\/a><\/p>\n","protected":false},"excerpt":{"rendered":"<p>El colectivo resalta los cinco \u201ccasos de \u00e9xito\u201d presentados en este encuentro a trav\u00e9s de los empresarios\/as Marina Aguilar (Membrillo [&hellip;]<\/p>\n","protected":false},"author":5,"featured_media":5132,"comment_status":"open","ping_status":"open","sticky":false,"template":"","format":"standard","meta":{"_acf_changed":false,"site-sidebar-layout":"default","site-content-layout":"","ast-site-content-layout":"default","site-content-style":"default","site-sidebar-style":"default","ast-global-header-display":"","ast-banner-title-visibility":"","ast-main-header-display":"","ast-hfb-above-header-display":"","ast-hfb-below-header-display":"","ast-hfb-mobile-header-display":"","site-post-title":"","ast-breadcrumbs-content":"","ast-featured-img":"","footer-sml-layout":"","ast-disable-related-posts":"","theme-transparent-header-meta":"","adv-header-id-meta":"","stick-header-meta":"","header-above-stick-meta":"","header-main-stick-meta":"","header-below-stick-meta":"","astra-migrate-meta-layouts":"default","ast-page-background-enabled":"default","ast-page-background-meta":{"desktop":{"background-color":"var(--ast-global-color-5)","background-image":"","background-repeat":"repeat","background-position":"center center","background-size":"auto","background-attachment":"scroll","background-type":"","background-media":"","overlay-type":"","overlay-color":"","overlay-opacity":"","overlay-gradient":""},"tablet":{"background-color":"","background-image":"","background-repeat":"repeat","background-position":"center center","background-size":"auto","background-attachment":"scroll","background-type":"","background-media":"","overlay-type":"","overlay-color":"","overlay-opacity":"","overlay-gradient":""},"mobile":{"background-color":"","background-image":"","background-repeat":"repeat","background-position":"center center","background-size":"auto","background-attachment":"scroll","background-type":"","background-media":"","overlay-type":"","overlay-color":"","overlay-opacity":"","overlay-gradient":""}},"ast-content-background-meta":{"desktop":{"background-color":"var(--ast-global-color-4)","background-image":"","background-repeat":"repeat","background-position":"center center","background-size":"auto","background-attachment":"scroll","background-type":"","background-media":"","overlay-type":"","overlay-color":"","overlay-opacity":"","overlay-gradient":""},"tablet":{"background-color":"var(--ast-global-color-4)","background-image":"","background-repeat":"repeat","background-position":"center center","background-size":"auto","background-attachment":"scroll","background-type":"","background-media":"","overlay-type":"","overlay-color":"","overlay-opacity":"","overlay-gradient":""},"mobile":{"background-color":"var(--ast-global-color-4)","background-image":"","background-repeat":"repeat","background-position":"center center","background-size":"auto","background-attachment":"scroll","background-type":"","background-media":"","overlay-type":"","overlay-color":"","overlay-opacity":"","overlay-gradient":""}},"footnotes":""},"categories":[8],"tags":[],"class_list":["post-5131","post","type-post","status-publish","format-standard","has-post-thumbnail","hentry","category-noticias"],"acf":[],"yoast_head":"<!-- This site is optimized with the Yoast SEO plugin v26.9 - https:\/\/yoast.com\/product\/yoast-seo-wordpress\/ -->\n<title>AJE C\u00f3rdoba celebra en Puente Genial el primer encuentro \u2018Activa la Comarca\u2019 de 2022 - AJE C\u00f3rdoba<\/title>\n<meta name=\"robots\" content=\"index, follow, max-snippet:-1, max-image-preview:large, max-video-preview:-1\" \/>\n<link rel=\"canonical\" href=\"https:\/\/ajeandalucia.org\/cordoba\/2022\/02\/24\/aje-cordoba-celebra-en-puente-genial-el-primer-encuentro-activa-la-comarca-de-2022\/\" \/>\n<meta property=\"og:locale\" content=\"es_ES\" \/>\n<meta property=\"og:type\" content=\"article\" \/>\n<meta property=\"og:title\" content=\"AJE C\u00f3rdoba celebra en Puente Genial el primer encuentro \u2018Activa la Comarca\u2019 de 2022 - AJE C\u00f3rdoba\" \/>\n<meta property=\"og:description\" content=\"El colectivo resalta los cinco \u201ccasos de \u00e9xito\u201d presentados en este encuentro a trav\u00e9s de los empresarios\/as Marina Aguilar (Membrillo [&hellip;]\" \/>\n<meta property=\"og:url\" content=\"https:\/\/ajeandalucia.org\/cordoba\/2022\/02\/24\/aje-cordoba-celebra-en-puente-genial-el-primer-encuentro-activa-la-comarca-de-2022\/\" \/>\n<meta property=\"og:site_name\" content=\"AJE C\u00f3rdoba\" \/>\n<meta property=\"article:published_time\" content=\"2022-02-24T08:54:21+00:00\" \/>\n<meta property=\"article:modified_time\" content=\"2022-02-25T09:10:49+00:00\" \/>\n<meta property=\"og:image\" content=\"https:\/\/ajeandalucia.org\/cordoba\/wp-content\/uploads\/sites\/6\/2022\/02\/activa-comarca.jpg\" \/>\n\t<meta property=\"og:image:width\" content=\"2983\" \/>\n\t<meta property=\"og:image:height\" content=\"1367\" \/>\n\t<meta property=\"og:image:type\" content=\"image\/jpeg\" \/>\n<meta name=\"author\" content=\"cordoba\" \/>\n<meta name=\"twitter:card\" content=\"summary_large_image\" \/>\n<meta name=\"twitter:label1\" content=\"Escrito por\" \/>\n\t<meta name=\"twitter:data1\" content=\"cordoba\" \/>\n\t<meta name=\"twitter:label2\" content=\"Tiempo de lectura\" \/>\n\t<meta name=\"twitter:data2\" content=\"2 minutos\" \/>\n<script type=\"application\/ld+json\" class=\"yoast-schema-graph\">{\"@context\":\"https:\/\/schema.org\",\"@graph\":[{\"@type\":\"Article\",\"@id\":\"https:\/\/ajeandalucia.org\/cordoba\/2022\/02\/24\/aje-cordoba-celebra-en-puente-genial-el-primer-encuentro-activa-la-comarca-de-2022\/#article\",\"isPartOf\":{\"@id\":\"https:\/\/ajeandalucia.org\/cordoba\/2022\/02\/24\/aje-cordoba-celebra-en-puente-genial-el-primer-encuentro-activa-la-comarca-de-2022\/\"},\"author\":{\"name\":\"cordoba\",\"@id\":\"https:\/\/ajeandalucia.org\/cordoba\/#\/schema\/person\/1d19f90c44baad3b3701f8af33c2f520\"},\"headline\":\"AJE C\u00f3rdoba celebra en Puente Genial el primer encuentro \u2018Activa la Comarca\u2019 de 2022\",\"datePublished\":\"2022-02-24T08:54:21+00:00\",\"dateModified\":\"2022-02-25T09:10:49+00:00\",\"mainEntityOfPage\":{\"@id\":\"https:\/\/ajeandalucia.org\/cordoba\/2022\/02\/24\/aje-cordoba-celebra-en-puente-genial-el-primer-encuentro-activa-la-comarca-de-2022\/\"},\"wordCount\":456,\"commentCount\":0,\"publisher\":{\"@id\":\"https:\/\/ajeandalucia.org\/cordoba\/#organization\"},\"image\":{\"@id\":\"https:\/\/ajeandalucia.org\/cordoba\/2022\/02\/24\/aje-cordoba-celebra-en-puente-genial-el-primer-encuentro-activa-la-comarca-de-2022\/#primaryimage\"},\"thumbnailUrl\":\"https:\/\/ajeandalucia.org\/cordoba\/wp-content\/uploads\/sites\/6\/2022\/02\/activa-comarca.jpg\",\"articleSection\":[\"Noticias\"],\"inLanguage\":\"es\",\"potentialAction\":[{\"@type\":\"CommentAction\",\"name\":\"Comment\",\"target\":[\"https:\/\/ajeandalucia.org\/cordoba\/2022\/02\/24\/aje-cordoba-celebra-en-puente-genial-el-primer-encuentro-activa-la-comarca-de-2022\/#respond\"]}]},{\"@type\":\"WebPage\",\"@id\":\"https:\/\/ajeandalucia.org\/cordoba\/2022\/02\/24\/aje-cordoba-celebra-en-puente-genial-el-primer-encuentro-activa-la-comarca-de-2022\/\",\"url\":\"https:\/\/ajeandalucia.org\/cordoba\/2022\/02\/24\/aje-cordoba-celebra-en-puente-genial-el-primer-encuentro-activa-la-comarca-de-2022\/\",\"name\":\"AJE C\u00f3rdoba celebra en Puente Genial el primer encuentro \u2018Activa la Comarca\u2019 de 2022 - AJE C\u00f3rdoba\",\"isPartOf\":{\"@id\":\"https:\/\/ajeandalucia.org\/cordoba\/#website\"},\"primaryImageOfPage\":{\"@id\":\"https:\/\/ajeandalucia.org\/cordoba\/2022\/02\/24\/aje-cordoba-celebra-en-puente-genial-el-primer-encuentro-activa-la-comarca-de-2022\/#primaryimage\"},\"image\":{\"@id\":\"https:\/\/ajeandalucia.org\/cordoba\/2022\/02\/24\/aje-cordoba-celebra-en-puente-genial-el-primer-encuentro-activa-la-comarca-de-2022\/#primaryimage\"},\"thumbnailUrl\":\"https:\/\/ajeandalucia.org\/cordoba\/wp-content\/uploads\/sites\/6\/2022\/02\/activa-comarca.jpg\",\"datePublished\":\"2022-02-24T08:54:21+00:00\",\"dateModified\":\"2022-02-25T09:10:49+00:00\",\"breadcrumb\":{\"@id\":\"https:\/\/ajeandalucia.org\/cordoba\/2022\/02\/24\/aje-cordoba-celebra-en-puente-genial-el-primer-encuentro-activa-la-comarca-de-2022\/#breadcrumb\"},\"inLanguage\":\"es\",\"potentialAction\":[{\"@type\":\"ReadAction\",\"target\":[\"https:\/\/ajeandalucia.org\/cordoba\/2022\/02\/24\/aje-cordoba-celebra-en-puente-genial-el-primer-encuentro-activa-la-comarca-de-2022\/\"]}]},{\"@type\":\"ImageObject\",\"inLanguage\":\"es\",\"@id\":\"https:\/\/ajeandalucia.org\/cordoba\/2022\/02\/24\/aje-cordoba-celebra-en-puente-genial-el-primer-encuentro-activa-la-comarca-de-2022\/#primaryimage\",\"url\":\"https:\/\/ajeandalucia.org\/cordoba\/wp-content\/uploads\/sites\/6\/2022\/02\/activa-comarca.jpg\",\"contentUrl\":\"https:\/\/ajeandalucia.org\/cordoba\/wp-content\/uploads\/sites\/6\/2022\/02\/activa-comarca.jpg\",\"width\":2983,\"height\":1367},{\"@type\":\"BreadcrumbList\",\"@id\":\"https:\/\/ajeandalucia.org\/cordoba\/2022\/02\/24\/aje-cordoba-celebra-en-puente-genial-el-primer-encuentro-activa-la-comarca-de-2022\/#breadcrumb\",\"itemListElement\":[{\"@type\":\"ListItem\",\"position\":1,\"name\":\"Portada\",\"item\":\"https:\/\/ajeandalucia.org\/cordoba\/\"},{\"@type\":\"ListItem\",\"position\":2,\"name\":\"AJE C\u00f3rdoba celebra en Puente Genial el primer encuentro \u2018Activa la Comarca\u2019 de 2022\"}]},{\"@type\":\"WebSite\",\"@id\":\"https:\/\/ajeandalucia.org\/cordoba\/#website\",\"url\":\"https:\/\/ajeandalucia.org\/cordoba\/\",\"name\":\"AJE C\u00f3rdoba\",\"description\":\"Otro sitio m\u00e1s de AJE Andaluc\u00eda\",\"publisher\":{\"@id\":\"https:\/\/ajeandalucia.org\/cordoba\/#organization\"},\"potentialAction\":[{\"@type\":\"SearchAction\",\"target\":{\"@type\":\"EntryPoint\",\"urlTemplate\":\"https:\/\/ajeandalucia.org\/cordoba\/?s={search_term_string}\"},\"query-input\":{\"@type\":\"PropertyValueSpecification\",\"valueRequired\":true,\"valueName\":\"search_term_string\"}}],\"inLanguage\":\"es\"},{\"@type\":\"Organization\",\"@id\":\"https:\/\/ajeandalucia.org\/cordoba\/#organization\",\"name\":\"AJE C\u00f3rdoba\",\"url\":\"https:\/\/ajeandalucia.org\/cordoba\/\",\"logo\":{\"@type\":\"ImageObject\",\"inLanguage\":\"es\",\"@id\":\"https:\/\/ajeandalucia.org\/cordoba\/#\/schema\/logo\/image\/\",\"url\":\"https:\/\/ajeandalucia.org\/cordoba\/wp-content\/uploads\/sites\/6\/2025\/01\/AJE-CORDOBA-horizontal.png\",\"contentUrl\":\"https:\/\/ajeandalucia.org\/cordoba\/wp-content\/uploads\/sites\/6\/2025\/01\/AJE-CORDOBA-horizontal.png\",\"width\":605,\"height\":200,\"caption\":\"AJE C\u00f3rdoba\"},\"image\":{\"@id\":\"https:\/\/ajeandalucia.org\/cordoba\/#\/schema\/logo\/image\/\"}},{\"@type\":\"Person\",\"@id\":\"https:\/\/ajeandalucia.org\/cordoba\/#\/schema\/person\/1d19f90c44baad3b3701f8af33c2f520\",\"name\":\"cordoba\",\"image\":{\"@type\":\"ImageObject\",\"inLanguage\":\"es\",\"@id\":\"https:\/\/ajeandalucia.org\/cordoba\/#\/schema\/person\/image\/\",\"url\":\"https:\/\/secure.gravatar.com\/avatar\/46102d83da7c40efca6d3413931ddaf8470cef93888429af7689de210b9bb6fe?s=96&d=mm&r=g\",\"contentUrl\":\"https:\/\/secure.gravatar.com\/avatar\/46102d83da7c40efca6d3413931ddaf8470cef93888429af7689de210b9bb6fe?s=96&d=mm&r=g\",\"caption\":\"cordoba\"},\"url\":\"https:\/\/ajeandalucia.org\/cordoba\/author\/cordoba\/\"}]}<\/script>\n<!-- \/ Yoast SEO plugin. -->","yoast_head_json":{"title":"AJE C\u00f3rdoba celebra en Puente Genial el primer encuentro \u2018Activa la Comarca\u2019 de 2022 - AJE C\u00f3rdoba","robots":{"index":"index","follow":"follow","max-snippet":"max-snippet:-1","max-image-preview":"max-image-preview:large","max-video-preview":"max-video-preview:-1"},"canonical":"https:\/\/ajeandalucia.org\/cordoba\/2022\/02\/24\/aje-cordoba-celebra-en-puente-genial-el-primer-encuentro-activa-la-comarca-de-2022\/","og_locale":"es_ES","og_type":"article","og_title":"AJE C\u00f3rdoba celebra en Puente Genial el primer encuentro \u2018Activa la Comarca\u2019 de 2022 - AJE C\u00f3rdoba","og_description":"El colectivo resalta los cinco \u201ccasos de \u00e9xito\u201d presentados en este encuentro a trav\u00e9s de los empresarios\/as Marina Aguilar (Membrillo [&hellip;]","og_url":"https:\/\/ajeandalucia.org\/cordoba\/2022\/02\/24\/aje-cordoba-celebra-en-puente-genial-el-primer-encuentro-activa-la-comarca-de-2022\/","og_site_name":"AJE C\u00f3rdoba","article_published_time":"2022-02-24T08:54:21+00:00","article_modified_time":"2022-02-25T09:10:49+00:00","og_image":[{"width":2983,"height":1367,"url":"https:\/\/ajeandalucia.org\/cordoba\/wp-content\/uploads\/sites\/6\/2022\/02\/activa-comarca.jpg","type":"image\/jpeg"}],"author":"cordoba","twitter_card":"summary_large_image","twitter_misc":{"Escrito por":"cordoba","Tiempo de lectura":"2 minutos"},"schema":{"@context":"https:\/\/schema.org","@graph":[{"@type":"Article","@id":"https:\/\/ajeandalucia.org\/cordoba\/2022\/02\/24\/aje-cordoba-celebra-en-puente-genial-el-primer-encuentro-activa-la-comarca-de-2022\/#article","isPartOf":{"@id":"https:\/\/ajeandalucia.org\/cordoba\/2022\/02\/24\/aje-cordoba-celebra-en-puente-genial-el-primer-encuentro-activa-la-comarca-de-2022\/"},"author":{"name":"cordoba","@id":"https:\/\/ajeandalucia.org\/cordoba\/#\/schema\/person\/1d19f90c44baad3b3701f8af33c2f520"},"headline":"AJE C\u00f3rdoba celebra en Puente Genial el primer encuentro \u2018Activa la Comarca\u2019 de 2022","datePublished":"2022-02-24T08:54:21+00:00","dateModified":"2022-02-25T09:10:49+00:00","mainEntityOfPage":{"@id":"https:\/\/ajeandalucia.org\/cordoba\/2022\/02\/24\/aje-cordoba-celebra-en-puente-genial-el-primer-encuentro-activa-la-comarca-de-2022\/"},"wordCount":456,"commentCount":0,"publisher":{"@id":"https:\/\/ajeandalucia.org\/cordoba\/#organization"},"image":{"@id":"https:\/\/ajeandalucia.org\/cordoba\/2022\/02\/24\/aje-cordoba-celebra-en-puente-genial-el-primer-encuentro-activa-la-comarca-de-2022\/#primaryimage"},"thumbnailUrl":"https:\/\/ajeandalucia.org\/cordoba\/wp-content\/uploads\/sites\/6\/2022\/02\/activa-comarca.jpg","articleSection":["Noticias"],"inLanguage":"es","potentialAction":[{"@type":"CommentAction","name":"Comment","target":["https:\/\/ajeandalucia.org\/cordoba\/2022\/02\/24\/aje-cordoba-celebra-en-puente-genial-el-primer-encuentro-activa-la-comarca-de-2022\/#respond"]}]},{"@type":"WebPage","@id":"https:\/\/ajeandalucia.org\/cordoba\/2022\/02\/24\/aje-cordoba-celebra-en-puente-genial-el-primer-encuentro-activa-la-comarca-de-2022\/","url":"https:\/\/ajeandalucia.org\/cordoba\/2022\/02\/24\/aje-cordoba-celebra-en-puente-genial-el-primer-encuentro-activa-la-comarca-de-2022\/","name":"AJE C\u00f3rdoba celebra en Puente Genial el primer encuentro \u2018Activa la Comarca\u2019 de 2022 - AJE C\u00f3rdoba","isPartOf":{"@id":"https:\/\/ajeandalucia.org\/cordoba\/#website"},"primaryImageOfPage":{"@id":"https:\/\/ajeandalucia.org\/cordoba\/2022\/02\/24\/aje-cordoba-celebra-en-puente-genial-el-primer-encuentro-activa-la-comarca-de-2022\/#primaryimage"},"image":{"@id":"https:\/\/ajeandalucia.org\/cordoba\/2022\/02\/24\/aje-cordoba-celebra-en-puente-genial-el-primer-encuentro-activa-la-comarca-de-2022\/#primaryimage"},"thumbnailUrl":"https:\/\/ajeandalucia.org\/cordoba\/wp-content\/uploads\/sites\/6\/2022\/02\/activa-comarca.jpg","datePublished":"2022-02-24T08:54:21+00:00","dateModified":"2022-02-25T09:10:49+00:00","breadcrumb":{"@id":"https:\/\/ajeandalucia.org\/cordoba\/2022\/02\/24\/aje-cordoba-celebra-en-puente-genial-el-primer-encuentro-activa-la-comarca-de-2022\/#breadcrumb"},"inLanguage":"es","potentialAction":[{"@type":"ReadAction","target":["https:\/\/ajeandalucia.org\/cordoba\/2022\/02\/24\/aje-cordoba-celebra-en-puente-genial-el-primer-encuentro-activa-la-comarca-de-2022\/"]}]},{"@type":"ImageObject","inLanguage":"es","@id":"https:\/\/ajeandalucia.org\/cordoba\/2022\/02\/24\/aje-cordoba-celebra-en-puente-genial-el-primer-encuentro-activa-la-comarca-de-2022\/#primaryimage","url":"https:\/\/ajeandalucia.org\/cordoba\/wp-content\/uploads\/sites\/6\/2022\/02\/activa-comarca.jpg","contentUrl":"https:\/\/ajeandalucia.org\/cordoba\/wp-content\/uploads\/sites\/6\/2022\/02\/activa-comarca.jpg","width":2983,"height":1367},{"@type":"BreadcrumbList","@id":"https:\/\/ajeandalucia.org\/cordoba\/2022\/02\/24\/aje-cordoba-celebra-en-puente-genial-el-primer-encuentro-activa-la-comarca-de-2022\/#breadcrumb","itemListElement":[{"@type":"ListItem","position":1,"name":"Portada","item":"https:\/\/ajeandalucia.org\/cordoba\/"},{"@type":"ListItem","position":2,"name":"AJE C\u00f3rdoba celebra en Puente Genial el primer encuentro \u2018Activa la Comarca\u2019 de 2022"}]},{"@type":"WebSite","@id":"https:\/\/ajeandalucia.org\/cordoba\/#website","url":"https:\/\/ajeandalucia.org\/cordoba\/","name":"AJE C\u00f3rdoba","description":"Otro sitio m\u00e1s de AJE Andaluc\u00eda","publisher":{"@id":"https:\/\/ajeandalucia.org\/cordoba\/#organization"},"potentialAction":[{"@type":"SearchAction","target":{"@type":"EntryPoint","urlTemplate":"https:\/\/ajeandalucia.org\/cordoba\/?s={search_term_string}"},"query-input":{"@type":"PropertyValueSpecification","valueRequired":true,"valueName":"search_term_string"}}],"inLanguage":"es"},{"@type":"Organization","@id":"https:\/\/ajeandalucia.org\/cordoba\/#organization","name":"AJE C\u00f3rdoba","url":"https:\/\/ajeandalucia.org\/cordoba\/","logo":{"@type":"ImageObject","inLanguage":"es","@id":"https:\/\/ajeandalucia.org\/cordoba\/#\/schema\/logo\/image\/","url":"https:\/\/ajeandalucia.org\/cordoba\/wp-content\/uploads\/sites\/6\/2025\/01\/AJE-CORDOBA-horizontal.png","contentUrl":"https:\/\/ajeandalucia.org\/cordoba\/wp-content\/uploads\/sites\/6\/2025\/01\/AJE-CORDOBA-horizontal.png","width":605,"height":200,"caption":"AJE C\u00f3rdoba"},"image":{"@id":"https:\/\/ajeandalucia.org\/cordoba\/#\/schema\/logo\/image\/"}},{"@type":"Person","@id":"https:\/\/ajeandalucia.org\/cordoba\/#\/schema\/person\/1d19f90c44baad3b3701f8af33c2f520","name":"cordoba","image":{"@type":"ImageObject","inLanguage":"es","@id":"https:\/\/ajeandalucia.org\/cordoba\/#\/schema\/person\/image\/","url":"https:\/\/secure.gravatar.com\/avatar\/46102d83da7c40efca6d3413931ddaf8470cef93888429af7689de210b9bb6fe?s=96&d=mm&r=g","contentUrl":"https:\/\/secure.gravatar.com\/avatar\/46102d83da7c40efca6d3413931ddaf8470cef93888429af7689de210b9bb6fe?s=96&d=mm&r=g","caption":"cordoba"},"url":"https:\/\/ajeandalucia.org\/cordoba\/author\/cordoba\/"}]}},"_links":{"self":[{"href":"https:\/\/ajeandalucia.org\/cordoba\/wp-json\/wp\/v2\/posts\/5131","targetHints":{"allow":["GET"]}}],"collection":[{"href":"https:\/\/ajeandalucia.org\/cordoba\/wp-json\/wp\/v2\/posts"}],"about":[{"href":"https:\/\/ajeandalucia.org\/cordoba\/wp-json\/wp\/v2\/types\/post"}],"author":[{"embeddable":true,"href":"https:\/\/ajeandalucia.org\/cordoba\/wp-json\/wp\/v2\/users\/5"}],"replies":[{"embeddable":true,"href":"https:\/\/ajeandalucia.org\/cordoba\/wp-json\/wp\/v2\/comments?post=5131"}],"version-history":[{"count":3,"href":"https:\/\/ajeandalucia.org\/cordoba\/wp-json\/wp\/v2\/posts\/5131\/revisions"}],"predecessor-version":[{"id":5137,"href":"https:\/\/ajeandalucia.org\/cordoba\/wp-json\/wp\/v2\/posts\/5131\/revisions\/5137"}],"wp:featuredmedia":[{"embeddable":true,"href":"https:\/\/ajeandalucia.org\/cordoba\/wp-json\/wp\/v2\/media\/5132"}],"wp:attachment":[{"href":"https:\/\/ajeandalucia.org\/cordoba\/wp-json\/wp\/v2\/media?parent=5131"}],"wp:term":[{"taxonomy":"category","embeddable":true,"href":"https:\/\/ajeandalucia.org\/cordoba\/wp-json\/wp\/v2\/categories?post=5131"},{"taxonomy":"post_tag","embeddable":true,"href":"https:\/\/ajeandalucia.org\/cordoba\/wp-json\/wp\/v2\/tags?post=5131"}],"curies":[{"name":"wp","href":"https:\/\/api.w.org\/{rel}","templated":true}]}}