{"id":5470,"date":"2022-05-18T15:39:50","date_gmt":"2022-05-18T15:39:50","guid":{"rendered":"https:\/\/www.ajeandalucia.org\/cordoba\/?p=5470"},"modified":"2022-05-18T15:41:47","modified_gmt":"2022-05-18T15:41:47","slug":"inscribete-en-el-networking-interprovincial-de-jovenes-empresarios-as","status":"publish","type":"post","link":"https:\/\/ajeandalucia.org\/cordoba\/2022\/05\/18\/inscribete-en-el-networking-interprovincial-de-jovenes-empresarios-as\/","title":{"rendered":"\u00a1INSCR\u00cdBETE EN EL NETWORKING INTERPROVINCIAL DE J\u00d3VENES EMPRESARIOS\/AS!"},"content":{"rendered":"<p><strong>\u00a1INSCR\u00cdBETE EN EL NETWORKING INTERPROVINCIAL\u00a0DE J\u00d3VENES EMPRESARIOS\/AS!<\/strong><br \/>\nMi\u00e9rcoles, 1 de junio &#8211; 10:00h &#8211; Osuna<\/p>\n<p>AJE Sevilla, AJE C\u00f3rdoba, AJE M\u00e1laga y PRODETUR, sociedad instrumental de la Diputaci\u00f3n de Sevilla, te invitamos al NETWORKING INTERPROVINCIAL DE J\u00d3VENES EMPRESARIOS\/AS que se celebrar\u00e1 el pr\u00f3ximo mi\u00e9rcoles 1 de junio, de 10h a 14:15h en Osuna.<\/p>\n<p>En este Networking participar\u00e1n j\u00f3venes empresarios y empresarias de las tres provincias. A trav\u00e9s de este Encuentro de Negocios o Networking empresarial se pretende favorecer la consecuci\u00f3n de una red de nuevos contactos comerciales por parte de los\/as participantes, tanto para la venta de sus productos y\/o servicios, como para la adquisici\u00f3n de t\u00e9cnicas complementarias que ayuden a mejorar la competitividad de dichas empresas.<br \/>\nEl programa incluir\u00e1 presentaci\u00f3n, ponencia, y Networking entre empresas.<br \/>\nEl Networking presencial se desarrollar\u00e1 en mesas de 10 personas previamente comprometidas y con confirmaci\u00f3n de asistencia. Las empresas podr\u00e1n realizar contactos comerciales en el espacio destinado a Networking, adem\u00e1s de disfrutar de la ponencia. Con duraci\u00f3n m\u00e1xima de 2 min. por empresa, las mismas presentar\u00e1n sus productos y servicios a los dem\u00e1s.<\/p>\n<p><strong>ORGANIZACI\u00d3N:<\/strong><br \/>\n\u2022 Contaremos de manera presencial con hasta 120 empresas interesadas.<br \/>\n\u2022 Fecha: 1 de junio de 2022.<br \/>\n\u2022 Horario: 10h a 14:15h.<br \/>\n\u2022 Lugar: Osuna.<br \/>\n\u2022 Desplazamiento: Bus gratuito el mismo d\u00eda del evento. Salida desde Sevilla, C\u00f3rdoba y M\u00e1laga. Para hacer uso del bus, imprescindible reservar por email y esperar confirmaci\u00f3n. Enviar email a gerencia@ajesevilla.es.<br \/>\n\u2022 Inscripciones: Desde el 29 de abril al 30 de mayo de 2022. Se confirmar\u00e1n las inscripciones a partir del 9 de mayo.<br \/>\n\u2022 Encuentro gratuito.<\/p>\n<p><strong>PROGRAMA:<\/strong><\/p>\n<p>10:00h: Acreditaciones y coffee<br \/>\n11:00h: Bienvenida y presentaci\u00f3n del Networking<br \/>\n\u2022 D. Fernando Rodr\u00edguez Villalobos, Presidente de Diputaci\u00f3n de Sevilla<br \/>\n\u2022 D. \u00aa Rosario And\u00fajar Torrej\u00f3n, Alcaldesa de Osuna<br \/>\n\u2022 D. \u00aa Candela Luque Carrasco, Presidenta de AJE Sevilla<br \/>\n\u2022 D. F\u00e9lix Almagro Calero, Presidente de AJE C\u00f3rdoba<br \/>\n\u2022 D. Jos\u00e9 Gonz\u00e1lez Villodres, Presidente de AJE M\u00e1laga<br \/>\n11:15h: Ponencia sobre emprendimiento, aprender de los \u00e9xitos y fracasos para seguir adelante<br \/>\n12:15h: Networking empresarial<br \/>\n14:15h: Afianzamiento de contactos con c\u00f3ctel individual<\/p>\n<p>CONTACTO AJE SEVILLA:<br \/>\n\u2022 Agust\u00edn Morilla (Gerente) &#8211; 622 495 154 &#8211; gerencia@ajesevilla.es<\/p>\n<p>COLABORA:<br \/>\n\u2022 Ayuntamiento de Osuna<br \/>\n\u2022 AJE C\u00f3rdoba<br \/>\n\u2022 AJE M\u00e1laga<\/p>\n<p>Inscripciones aqu\u00ed :<a href=\"https:\/\/www.prodetur.es\/prodetur\/www\/eventos\/networking-jovenes-empresarios-osuna-2022\/formulario-inscripcion.html\"> https:\/\/www.prodetur.es\/prodetur\/www\/eventos\/networking-jovenes-empresarios-osuna-2022\/formulario-inscripcion.html<\/a><\/p>\n","protected":false},"excerpt":{"rendered":"<p>\u00a1INSCR\u00cdBETE EN EL NETWORKING INTERPROVINCIAL\u00a0DE J\u00d3VENES EMPRESARIOS\/AS! Mi\u00e9rcoles, 1 de junio &#8211; 10:00h &#8211; Osuna AJE Sevilla, AJE C\u00f3rdoba, AJE [&hellip;]<\/p>\n","protected":false},"author":5,"featured_media":5471,"comment_status":"open","ping_status":"open","sticky":false,"template":"","format":"standard","meta":{"_acf_changed":false,"site-sidebar-layout":"default","site-content-layout":"","ast-site-content-layout":"default","site-content-style":"default","site-sidebar-style":"default","ast-global-header-display":"","ast-banner-title-visibility":"","ast-main-header-display":"","ast-hfb-above-header-display":"","ast-hfb-below-header-display":"","ast-hfb-mobile-header-display":"","site-post-title":"","ast-breadcrumbs-content":"","ast-featured-img":"","footer-sml-layout":"","ast-disable-related-posts":"","theme-transparent-header-meta":"","adv-header-id-meta":"","stick-header-meta":"","header-above-stick-meta":"","header-main-stick-meta":"","header-below-stick-meta":"","astra-migrate-meta-layouts":"default","ast-page-background-enabled":"default","ast-page-background-meta":{"desktop":{"background-color":"var(--ast-global-color-5)","background-image":"","background-repeat":"repeat","background-position":"center center","background-size":"auto","background-attachment":"scroll","background-type":"","background-media":"","overlay-type":"","overlay-color":"","overlay-opacity":"","overlay-gradient":""},"tablet":{"background-color":"","background-image":"","background-repeat":"repeat","background-position":"center center","background-size":"auto","background-attachment":"scroll","background-type":"","background-media":"","overlay-type":"","overlay-color":"","overlay-opacity":"","overlay-gradient":""},"mobile":{"background-color":"","background-image":"","background-repeat":"repeat","background-position":"center center","background-size":"auto","background-attachment":"scroll","background-type":"","background-media":"","overlay-type":"","overlay-color":"","overlay-opacity":"","overlay-gradient":""}},"ast-content-background-meta":{"desktop":{"background-color":"var(--ast-global-color-4)","background-image":"","background-repeat":"repeat","background-position":"center center","background-size":"auto","background-attachment":"scroll","background-type":"","background-media":"","overlay-type":"","overlay-color":"","overlay-opacity":"","overlay-gradient":""},"tablet":{"background-color":"var(--ast-global-color-4)","background-image":"","background-repeat":"repeat","background-position":"center center","background-size":"auto","background-attachment":"scroll","background-type":"","background-media":"","overlay-type":"","overlay-color":"","overlay-opacity":"","overlay-gradient":""},"mobile":{"background-color":"var(--ast-global-color-4)","background-image":"","background-repeat":"repeat","background-position":"center center","background-size":"auto","background-attachment":"scroll","background-type":"","background-media":"","overlay-type":"","overlay-color":"","overlay-opacity":"","overlay-gradient":""}},"footnotes":""},"categories":[8],"tags":[],"class_list":["post-5470","post","type-post","status-publish","format-standard","has-post-thumbnail","hentry","category-noticias"],"acf":[],"yoast_head":"<!-- This site is optimized with the Yoast SEO plugin v26.9 - https:\/\/yoast.com\/product\/yoast-seo-wordpress\/ -->\n<title>\u00a1INSCR\u00cdBETE EN EL NETWORKING INTERPROVINCIAL DE J\u00d3VENES EMPRESARIOS\/AS! - AJE C\u00f3rdoba<\/title>\n<meta name=\"robots\" content=\"index, follow, max-snippet:-1, max-image-preview:large, max-video-preview:-1\" \/>\n<link rel=\"canonical\" href=\"https:\/\/ajeandalucia.org\/cordoba\/2022\/05\/18\/inscribete-en-el-networking-interprovincial-de-jovenes-empresarios-as\/\" \/>\n<meta property=\"og:locale\" content=\"es_ES\" \/>\n<meta property=\"og:type\" content=\"article\" \/>\n<meta property=\"og:title\" content=\"\u00a1INSCR\u00cdBETE EN EL NETWORKING INTERPROVINCIAL DE J\u00d3VENES EMPRESARIOS\/AS! - AJE C\u00f3rdoba\" \/>\n<meta property=\"og:description\" content=\"\u00a1INSCR\u00cdBETE EN EL NETWORKING INTERPROVINCIAL\u00a0DE J\u00d3VENES EMPRESARIOS\/AS! Mi\u00e9rcoles, 1 de junio &#8211; 10:00h &#8211; Osuna AJE Sevilla, AJE C\u00f3rdoba, AJE [&hellip;]\" \/>\n<meta property=\"og:url\" content=\"https:\/\/ajeandalucia.org\/cordoba\/2022\/05\/18\/inscribete-en-el-networking-interprovincial-de-jovenes-empresarios-as\/\" \/>\n<meta property=\"og:site_name\" content=\"AJE C\u00f3rdoba\" \/>\n<meta property=\"article:published_time\" content=\"2022-05-18T15:39:50+00:00\" \/>\n<meta property=\"article:modified_time\" content=\"2022-05-18T15:41:47+00:00\" \/>\n<meta property=\"og:image\" content=\"https:\/\/ajeandalucia.org\/cordoba\/wp-content\/uploads\/sites\/6\/2022\/05\/211791f7-fa48-4269-9bbf-64fe51eb4ea1.jpg\" \/>\n\t<meta property=\"og:image:width\" content=\"1600\" \/>\n\t<meta property=\"og:image:height\" content=\"455\" \/>\n\t<meta property=\"og:image:type\" content=\"image\/jpeg\" \/>\n<meta name=\"author\" content=\"cordoba\" \/>\n<meta name=\"twitter:card\" content=\"summary_large_image\" \/>\n<meta name=\"twitter:label1\" content=\"Escrito por\" \/>\n\t<meta name=\"twitter:data1\" content=\"cordoba\" \/>\n\t<meta name=\"twitter:label2\" content=\"Tiempo de lectura\" \/>\n\t<meta name=\"twitter:data2\" content=\"2 minutos\" \/>\n<script type=\"application\/ld+json\" class=\"yoast-schema-graph\">{\"@context\":\"https:\/\/schema.org\",\"@graph\":[{\"@type\":\"Article\",\"@id\":\"https:\/\/ajeandalucia.org\/cordoba\/2022\/05\/18\/inscribete-en-el-networking-interprovincial-de-jovenes-empresarios-as\/#article\",\"isPartOf\":{\"@id\":\"https:\/\/ajeandalucia.org\/cordoba\/2022\/05\/18\/inscribete-en-el-networking-interprovincial-de-jovenes-empresarios-as\/\"},\"author\":{\"name\":\"cordoba\",\"@id\":\"https:\/\/ajeandalucia.org\/cordoba\/#\/schema\/person\/1d19f90c44baad3b3701f8af33c2f520\"},\"headline\":\"\u00a1INSCR\u00cdBETE EN EL NETWORKING INTERPROVINCIAL DE J\u00d3VENES EMPRESARIOS\/AS!\",\"datePublished\":\"2022-05-18T15:39:50+00:00\",\"dateModified\":\"2022-05-18T15:41:47+00:00\",\"mainEntityOfPage\":{\"@id\":\"https:\/\/ajeandalucia.org\/cordoba\/2022\/05\/18\/inscribete-en-el-networking-interprovincial-de-jovenes-empresarios-as\/\"},\"wordCount\":409,\"commentCount\":0,\"publisher\":{\"@id\":\"https:\/\/ajeandalucia.org\/cordoba\/#organization\"},\"image\":{\"@id\":\"https:\/\/ajeandalucia.org\/cordoba\/2022\/05\/18\/inscribete-en-el-networking-interprovincial-de-jovenes-empresarios-as\/#primaryimage\"},\"thumbnailUrl\":\"https:\/\/ajeandalucia.org\/cordoba\/wp-content\/uploads\/sites\/6\/2022\/05\/211791f7-fa48-4269-9bbf-64fe51eb4ea1.jpg\",\"articleSection\":[\"Noticias\"],\"inLanguage\":\"es\",\"potentialAction\":[{\"@type\":\"CommentAction\",\"name\":\"Comment\",\"target\":[\"https:\/\/ajeandalucia.org\/cordoba\/2022\/05\/18\/inscribete-en-el-networking-interprovincial-de-jovenes-empresarios-as\/#respond\"]}]},{\"@type\":\"WebPage\",\"@id\":\"https:\/\/ajeandalucia.org\/cordoba\/2022\/05\/18\/inscribete-en-el-networking-interprovincial-de-jovenes-empresarios-as\/\",\"url\":\"https:\/\/ajeandalucia.org\/cordoba\/2022\/05\/18\/inscribete-en-el-networking-interprovincial-de-jovenes-empresarios-as\/\",\"name\":\"\u00a1INSCR\u00cdBETE EN EL NETWORKING INTERPROVINCIAL DE J\u00d3VENES EMPRESARIOS\/AS! - AJE C\u00f3rdoba\",\"isPartOf\":{\"@id\":\"https:\/\/ajeandalucia.org\/cordoba\/#website\"},\"primaryImageOfPage\":{\"@id\":\"https:\/\/ajeandalucia.org\/cordoba\/2022\/05\/18\/inscribete-en-el-networking-interprovincial-de-jovenes-empresarios-as\/#primaryimage\"},\"image\":{\"@id\":\"https:\/\/ajeandalucia.org\/cordoba\/2022\/05\/18\/inscribete-en-el-networking-interprovincial-de-jovenes-empresarios-as\/#primaryimage\"},\"thumbnailUrl\":\"https:\/\/ajeandalucia.org\/cordoba\/wp-content\/uploads\/sites\/6\/2022\/05\/211791f7-fa48-4269-9bbf-64fe51eb4ea1.jpg\",\"datePublished\":\"2022-05-18T15:39:50+00:00\",\"dateModified\":\"2022-05-18T15:41:47+00:00\",\"breadcrumb\":{\"@id\":\"https:\/\/ajeandalucia.org\/cordoba\/2022\/05\/18\/inscribete-en-el-networking-interprovincial-de-jovenes-empresarios-as\/#breadcrumb\"},\"inLanguage\":\"es\",\"potentialAction\":[{\"@type\":\"ReadAction\",\"target\":[\"https:\/\/ajeandalucia.org\/cordoba\/2022\/05\/18\/inscribete-en-el-networking-interprovincial-de-jovenes-empresarios-as\/\"]}]},{\"@type\":\"ImageObject\",\"inLanguage\":\"es\",\"@id\":\"https:\/\/ajeandalucia.org\/cordoba\/2022\/05\/18\/inscribete-en-el-networking-interprovincial-de-jovenes-empresarios-as\/#primaryimage\",\"url\":\"https:\/\/ajeandalucia.org\/cordoba\/wp-content\/uploads\/sites\/6\/2022\/05\/211791f7-fa48-4269-9bbf-64fe51eb4ea1.jpg\",\"contentUrl\":\"https:\/\/ajeandalucia.org\/cordoba\/wp-content\/uploads\/sites\/6\/2022\/05\/211791f7-fa48-4269-9bbf-64fe51eb4ea1.jpg\",\"width\":1600,\"height\":455},{\"@type\":\"BreadcrumbList\",\"@id\":\"https:\/\/ajeandalucia.org\/cordoba\/2022\/05\/18\/inscribete-en-el-networking-interprovincial-de-jovenes-empresarios-as\/#breadcrumb\",\"itemListElement\":[{\"@type\":\"ListItem\",\"position\":1,\"name\":\"Portada\",\"item\":\"https:\/\/ajeandalucia.org\/cordoba\/\"},{\"@type\":\"ListItem\",\"position\":2,\"name\":\"\u00a1INSCR\u00cdBETE EN EL NETWORKING INTERPROVINCIAL DE J\u00d3VENES EMPRESARIOS\/AS!\"}]},{\"@type\":\"WebSite\",\"@id\":\"https:\/\/ajeandalucia.org\/cordoba\/#website\",\"url\":\"https:\/\/ajeandalucia.org\/cordoba\/\",\"name\":\"AJE C\u00f3rdoba\",\"description\":\"Otro sitio m\u00e1s de AJE Andaluc\u00eda\",\"publisher\":{\"@id\":\"https:\/\/ajeandalucia.org\/cordoba\/#organization\"},\"potentialAction\":[{\"@type\":\"SearchAction\",\"target\":{\"@type\":\"EntryPoint\",\"urlTemplate\":\"https:\/\/ajeandalucia.org\/cordoba\/?s={search_term_string}\"},\"query-input\":{\"@type\":\"PropertyValueSpecification\",\"valueRequired\":true,\"valueName\":\"search_term_string\"}}],\"inLanguage\":\"es\"},{\"@type\":\"Organization\",\"@id\":\"https:\/\/ajeandalucia.org\/cordoba\/#organization\",\"name\":\"AJE C\u00f3rdoba\",\"url\":\"https:\/\/ajeandalucia.org\/cordoba\/\",\"logo\":{\"@type\":\"ImageObject\",\"inLanguage\":\"es\",\"@id\":\"https:\/\/ajeandalucia.org\/cordoba\/#\/schema\/logo\/image\/\",\"url\":\"https:\/\/ajeandalucia.org\/cordoba\/wp-content\/uploads\/sites\/6\/2025\/01\/AJE-CORDOBA-horizontal.png\",\"contentUrl\":\"https:\/\/ajeandalucia.org\/cordoba\/wp-content\/uploads\/sites\/6\/2025\/01\/AJE-CORDOBA-horizontal.png\",\"width\":605,\"height\":200,\"caption\":\"AJE C\u00f3rdoba\"},\"image\":{\"@id\":\"https:\/\/ajeandalucia.org\/cordoba\/#\/schema\/logo\/image\/\"}},{\"@type\":\"Person\",\"@id\":\"https:\/\/ajeandalucia.org\/cordoba\/#\/schema\/person\/1d19f90c44baad3b3701f8af33c2f520\",\"name\":\"cordoba\",\"image\":{\"@type\":\"ImageObject\",\"inLanguage\":\"es\",\"@id\":\"https:\/\/ajeandalucia.org\/cordoba\/#\/schema\/person\/image\/\",\"url\":\"https:\/\/secure.gravatar.com\/avatar\/46102d83da7c40efca6d3413931ddaf8470cef93888429af7689de210b9bb6fe?s=96&d=mm&r=g\",\"contentUrl\":\"https:\/\/secure.gravatar.com\/avatar\/46102d83da7c40efca6d3413931ddaf8470cef93888429af7689de210b9bb6fe?s=96&d=mm&r=g\",\"caption\":\"cordoba\"},\"url\":\"https:\/\/ajeandalucia.org\/cordoba\/author\/cordoba\/\"}]}<\/script>\n<!-- \/ Yoast SEO plugin. -->","yoast_head_json":{"title":"\u00a1INSCR\u00cdBETE EN EL NETWORKING INTERPROVINCIAL DE J\u00d3VENES EMPRESARIOS\/AS! - AJE C\u00f3rdoba","robots":{"index":"index","follow":"follow","max-snippet":"max-snippet:-1","max-image-preview":"max-image-preview:large","max-video-preview":"max-video-preview:-1"},"canonical":"https:\/\/ajeandalucia.org\/cordoba\/2022\/05\/18\/inscribete-en-el-networking-interprovincial-de-jovenes-empresarios-as\/","og_locale":"es_ES","og_type":"article","og_title":"\u00a1INSCR\u00cdBETE EN EL NETWORKING INTERPROVINCIAL DE J\u00d3VENES EMPRESARIOS\/AS! - AJE C\u00f3rdoba","og_description":"\u00a1INSCR\u00cdBETE EN EL NETWORKING INTERPROVINCIAL\u00a0DE J\u00d3VENES EMPRESARIOS\/AS! Mi\u00e9rcoles, 1 de junio &#8211; 10:00h &#8211; Osuna AJE Sevilla, AJE C\u00f3rdoba, AJE [&hellip;]","og_url":"https:\/\/ajeandalucia.org\/cordoba\/2022\/05\/18\/inscribete-en-el-networking-interprovincial-de-jovenes-empresarios-as\/","og_site_name":"AJE C\u00f3rdoba","article_published_time":"2022-05-18T15:39:50+00:00","article_modified_time":"2022-05-18T15:41:47+00:00","og_image":[{"width":1600,"height":455,"url":"https:\/\/ajeandalucia.org\/cordoba\/wp-content\/uploads\/sites\/6\/2022\/05\/211791f7-fa48-4269-9bbf-64fe51eb4ea1.jpg","type":"image\/jpeg"}],"author":"cordoba","twitter_card":"summary_large_image","twitter_misc":{"Escrito por":"cordoba","Tiempo de lectura":"2 minutos"},"schema":{"@context":"https:\/\/schema.org","@graph":[{"@type":"Article","@id":"https:\/\/ajeandalucia.org\/cordoba\/2022\/05\/18\/inscribete-en-el-networking-interprovincial-de-jovenes-empresarios-as\/#article","isPartOf":{"@id":"https:\/\/ajeandalucia.org\/cordoba\/2022\/05\/18\/inscribete-en-el-networking-interprovincial-de-jovenes-empresarios-as\/"},"author":{"name":"cordoba","@id":"https:\/\/ajeandalucia.org\/cordoba\/#\/schema\/person\/1d19f90c44baad3b3701f8af33c2f520"},"headline":"\u00a1INSCR\u00cdBETE EN EL NETWORKING INTERPROVINCIAL DE J\u00d3VENES EMPRESARIOS\/AS!","datePublished":"2022-05-18T15:39:50+00:00","dateModified":"2022-05-18T15:41:47+00:00","mainEntityOfPage":{"@id":"https:\/\/ajeandalucia.org\/cordoba\/2022\/05\/18\/inscribete-en-el-networking-interprovincial-de-jovenes-empresarios-as\/"},"wordCount":409,"commentCount":0,"publisher":{"@id":"https:\/\/ajeandalucia.org\/cordoba\/#organization"},"image":{"@id":"https:\/\/ajeandalucia.org\/cordoba\/2022\/05\/18\/inscribete-en-el-networking-interprovincial-de-jovenes-empresarios-as\/#primaryimage"},"thumbnailUrl":"https:\/\/ajeandalucia.org\/cordoba\/wp-content\/uploads\/sites\/6\/2022\/05\/211791f7-fa48-4269-9bbf-64fe51eb4ea1.jpg","articleSection":["Noticias"],"inLanguage":"es","potentialAction":[{"@type":"CommentAction","name":"Comment","target":["https:\/\/ajeandalucia.org\/cordoba\/2022\/05\/18\/inscribete-en-el-networking-interprovincial-de-jovenes-empresarios-as\/#respond"]}]},{"@type":"WebPage","@id":"https:\/\/ajeandalucia.org\/cordoba\/2022\/05\/18\/inscribete-en-el-networking-interprovincial-de-jovenes-empresarios-as\/","url":"https:\/\/ajeandalucia.org\/cordoba\/2022\/05\/18\/inscribete-en-el-networking-interprovincial-de-jovenes-empresarios-as\/","name":"\u00a1INSCR\u00cdBETE EN EL NETWORKING INTERPROVINCIAL DE J\u00d3VENES EMPRESARIOS\/AS! - AJE C\u00f3rdoba","isPartOf":{"@id":"https:\/\/ajeandalucia.org\/cordoba\/#website"},"primaryImageOfPage":{"@id":"https:\/\/ajeandalucia.org\/cordoba\/2022\/05\/18\/inscribete-en-el-networking-interprovincial-de-jovenes-empresarios-as\/#primaryimage"},"image":{"@id":"https:\/\/ajeandalucia.org\/cordoba\/2022\/05\/18\/inscribete-en-el-networking-interprovincial-de-jovenes-empresarios-as\/#primaryimage"},"thumbnailUrl":"https:\/\/ajeandalucia.org\/cordoba\/wp-content\/uploads\/sites\/6\/2022\/05\/211791f7-fa48-4269-9bbf-64fe51eb4ea1.jpg","datePublished":"2022-05-18T15:39:50+00:00","dateModified":"2022-05-18T15:41:47+00:00","breadcrumb":{"@id":"https:\/\/ajeandalucia.org\/cordoba\/2022\/05\/18\/inscribete-en-el-networking-interprovincial-de-jovenes-empresarios-as\/#breadcrumb"},"inLanguage":"es","potentialAction":[{"@type":"ReadAction","target":["https:\/\/ajeandalucia.org\/cordoba\/2022\/05\/18\/inscribete-en-el-networking-interprovincial-de-jovenes-empresarios-as\/"]}]},{"@type":"ImageObject","inLanguage":"es","@id":"https:\/\/ajeandalucia.org\/cordoba\/2022\/05\/18\/inscribete-en-el-networking-interprovincial-de-jovenes-empresarios-as\/#primaryimage","url":"https:\/\/ajeandalucia.org\/cordoba\/wp-content\/uploads\/sites\/6\/2022\/05\/211791f7-fa48-4269-9bbf-64fe51eb4ea1.jpg","contentUrl":"https:\/\/ajeandalucia.org\/cordoba\/wp-content\/uploads\/sites\/6\/2022\/05\/211791f7-fa48-4269-9bbf-64fe51eb4ea1.jpg","width":1600,"height":455},{"@type":"BreadcrumbList","@id":"https:\/\/ajeandalucia.org\/cordoba\/2022\/05\/18\/inscribete-en-el-networking-interprovincial-de-jovenes-empresarios-as\/#breadcrumb","itemListElement":[{"@type":"ListItem","position":1,"name":"Portada","item":"https:\/\/ajeandalucia.org\/cordoba\/"},{"@type":"ListItem","position":2,"name":"\u00a1INSCR\u00cdBETE EN EL NETWORKING INTERPROVINCIAL DE J\u00d3VENES EMPRESARIOS\/AS!"}]},{"@type":"WebSite","@id":"https:\/\/ajeandalucia.org\/cordoba\/#website","url":"https:\/\/ajeandalucia.org\/cordoba\/","name":"AJE C\u00f3rdoba","description":"Otro sitio m\u00e1s de AJE Andaluc\u00eda","publisher":{"@id":"https:\/\/ajeandalucia.org\/cordoba\/#organization"},"potentialAction":[{"@type":"SearchAction","target":{"@type":"EntryPoint","urlTemplate":"https:\/\/ajeandalucia.org\/cordoba\/?s={search_term_string}"},"query-input":{"@type":"PropertyValueSpecification","valueRequired":true,"valueName":"search_term_string"}}],"inLanguage":"es"},{"@type":"Organization","@id":"https:\/\/ajeandalucia.org\/cordoba\/#organization","name":"AJE C\u00f3rdoba","url":"https:\/\/ajeandalucia.org\/cordoba\/","logo":{"@type":"ImageObject","inLanguage":"es","@id":"https:\/\/ajeandalucia.org\/cordoba\/#\/schema\/logo\/image\/","url":"https:\/\/ajeandalucia.org\/cordoba\/wp-content\/uploads\/sites\/6\/2025\/01\/AJE-CORDOBA-horizontal.png","contentUrl":"https:\/\/ajeandalucia.org\/cordoba\/wp-content\/uploads\/sites\/6\/2025\/01\/AJE-CORDOBA-horizontal.png","width":605,"height":200,"caption":"AJE C\u00f3rdoba"},"image":{"@id":"https:\/\/ajeandalucia.org\/cordoba\/#\/schema\/logo\/image\/"}},{"@type":"Person","@id":"https:\/\/ajeandalucia.org\/cordoba\/#\/schema\/person\/1d19f90c44baad3b3701f8af33c2f520","name":"cordoba","image":{"@type":"ImageObject","inLanguage":"es","@id":"https:\/\/ajeandalucia.org\/cordoba\/#\/schema\/person\/image\/","url":"https:\/\/secure.gravatar.com\/avatar\/46102d83da7c40efca6d3413931ddaf8470cef93888429af7689de210b9bb6fe?s=96&d=mm&r=g","contentUrl":"https:\/\/secure.gravatar.com\/avatar\/46102d83da7c40efca6d3413931ddaf8470cef93888429af7689de210b9bb6fe?s=96&d=mm&r=g","caption":"cordoba"},"url":"https:\/\/ajeandalucia.org\/cordoba\/author\/cordoba\/"}]}},"_links":{"self":[{"href":"https:\/\/ajeandalucia.org\/cordoba\/wp-json\/wp\/v2\/posts\/5470","targetHints":{"allow":["GET"]}}],"collection":[{"href":"https:\/\/ajeandalucia.org\/cordoba\/wp-json\/wp\/v2\/posts"}],"about":[{"href":"https:\/\/ajeandalucia.org\/cordoba\/wp-json\/wp\/v2\/types\/post"}],"author":[{"embeddable":true,"href":"https:\/\/ajeandalucia.org\/cordoba\/wp-json\/wp\/v2\/users\/5"}],"replies":[{"embeddable":true,"href":"https:\/\/ajeandalucia.org\/cordoba\/wp-json\/wp\/v2\/comments?post=5470"}],"version-history":[{"count":2,"href":"https:\/\/ajeandalucia.org\/cordoba\/wp-json\/wp\/v2\/posts\/5470\/revisions"}],"predecessor-version":[{"id":5473,"href":"https:\/\/ajeandalucia.org\/cordoba\/wp-json\/wp\/v2\/posts\/5470\/revisions\/5473"}],"wp:featuredmedia":[{"embeddable":true,"href":"https:\/\/ajeandalucia.org\/cordoba\/wp-json\/wp\/v2\/media\/5471"}],"wp:attachment":[{"href":"https:\/\/ajeandalucia.org\/cordoba\/wp-json\/wp\/v2\/media?parent=5470"}],"wp:term":[{"taxonomy":"category","embeddable":true,"href":"https:\/\/ajeandalucia.org\/cordoba\/wp-json\/wp\/v2\/categories?post=5470"},{"taxonomy":"post_tag","embeddable":true,"href":"https:\/\/ajeandalucia.org\/cordoba\/wp-json\/wp\/v2\/tags?post=5470"}],"curies":[{"name":"wp","href":"https:\/\/api.w.org\/{rel}","templated":true}]}}