{"id":5476,"date":"2022-05-13T17:18:43","date_gmt":"2022-05-13T17:18:43","guid":{"rendered":"https:\/\/www.ajeandalucia.org\/cordoba\/?p=5476"},"modified":"2022-05-18T17:20:26","modified_gmt":"2022-05-18T17:20:26","slug":"mar-reyes-logra-el-i-premio-a-la-mujer-empresaria-cordobesa-de-aje-cordoba-por-la-firma-de-moda-barey-collection","status":"publish","type":"post","link":"https:\/\/ajeandalucia.org\/cordoba\/2022\/05\/13\/mar-reyes-logra-el-i-premio-a-la-mujer-empresaria-cordobesa-de-aje-cordoba-por-la-firma-de-moda-barey-collection\/","title":{"rendered":"Mar Reyes logra el I Premio a la Mujer Empresaria Cordobesa de AJE C\u00f3rdoba por la firma de moda Barey Collection"},"content":{"rendered":"<p><strong>C\u00f3rdoba<\/strong>. Mar Reyes Rodr\u00edguez, con la firma de moda Barey Collection, ha sido la ganadora del I Premio a la Mujer Empresaria Cordobesa, un galard\u00f3n que organiza por primera vez la Asociaci\u00f3n de J\u00f3venes Empresarios (AJE) de C\u00f3rdoba con la subvenci\u00f3n de la Delegaci\u00f3n de Igualdad del Ayuntamiento de C\u00f3rdoba. La emprendedora cordobesa ha recogido el t\u00edtulo durante la gala celebrada hoy en la zona Invernadero del Mercado Victoria, un trofeo que han entregado el secretario general de esta organizaci\u00f3n, V\u00edctor Mac\u00edas; e Isabel Albas, concejala de Igualdad.<\/p>\n<p>Barey Collection es una \u00a0firma de moda de prendas de vestir de mujer, especialmente dirigida al formato de eventos. Entre sus singularidades destaca que cuenta con la plataforma de venta online. Mar Reyes, dise\u00f1adora y art\u00edfice de Barey, \u201carrasa\u201d en la red social Instagram gracias a \u201csus dise\u00f1os atrevidos, exclusivos y sofisticados\u201d. Esta iniciativa liderada por una empresaria cordobesa se ha impuesto en la fase final a las otras nueve candidatas.<\/p>\n<p>V\u00edctor Mac\u00edas, que ha felicitado tanto a Mar Reyes como al resto de participantes, ha destacado que el colectivo al que representa \u201ctrabaja por los empresarios y empresarias\u201d. Ha afirmado asimismo que \u201ccon este reconocimiento puesto en marcha por la Comisi\u00f3n de Igualdad de AJE queremos visibilizar p\u00fablicamente el trabajo de las j\u00f3venes mujeres cordobesas que destacan como empresarias y\/o aut\u00f3nomas dentro de la ciudad y dan ejemplo de valent\u00eda, buena gesti\u00f3n y liderazgo dentro del mundo empresarial de la ciudad de C\u00f3rdoba.<\/p>\n<p>Al reconocer a estas mujeres \u201clas motiva a ellas y a otras mujeres para que busquen y encuentren, presente y futuro dentro del mundo de la empresa c\u00f3mo iniciando o retomando experiencias de emprendimiento o empresariales ya puestas en marcha\u201d, ha concluido V\u00edctor Mac\u00edas.<\/p>\n","protected":false},"excerpt":{"rendered":"<p>C\u00f3rdoba. Mar Reyes Rodr\u00edguez, con la firma de moda Barey Collection, ha sido la ganadora del I Premio a la [&hellip;]<\/p>\n","protected":false},"author":5,"featured_media":5477,"comment_status":"open","ping_status":"open","sticky":false,"template":"","format":"standard","meta":{"_acf_changed":false,"site-sidebar-layout":"default","site-content-layout":"","ast-site-content-layout":"default","site-content-style":"default","site-sidebar-style":"default","ast-global-header-display":"","ast-banner-title-visibility":"","ast-main-header-display":"","ast-hfb-above-header-display":"","ast-hfb-below-header-display":"","ast-hfb-mobile-header-display":"","site-post-title":"","ast-breadcrumbs-content":"","ast-featured-img":"","footer-sml-layout":"","ast-disable-related-posts":"","theme-transparent-header-meta":"","adv-header-id-meta":"","stick-header-meta":"","header-above-stick-meta":"","header-main-stick-meta":"","header-below-stick-meta":"","astra-migrate-meta-layouts":"default","ast-page-background-enabled":"default","ast-page-background-meta":{"desktop":{"background-color":"var(--ast-global-color-5)","background-image":"","background-repeat":"repeat","background-position":"center center","background-size":"auto","background-attachment":"scroll","background-type":"","background-media":"","overlay-type":"","overlay-color":"","overlay-opacity":"","overlay-gradient":""},"tablet":{"background-color":"","background-image":"","background-repeat":"repeat","background-position":"center center","background-size":"auto","background-attachment":"scroll","background-type":"","background-media":"","overlay-type":"","overlay-color":"","overlay-opacity":"","overlay-gradient":""},"mobile":{"background-color":"","background-image":"","background-repeat":"repeat","background-position":"center center","background-size":"auto","background-attachment":"scroll","background-type":"","background-media":"","overlay-type":"","overlay-color":"","overlay-opacity":"","overlay-gradient":""}},"ast-content-background-meta":{"desktop":{"background-color":"var(--ast-global-color-4)","background-image":"","background-repeat":"repeat","background-position":"center center","background-size":"auto","background-attachment":"scroll","background-type":"","background-media":"","overlay-type":"","overlay-color":"","overlay-opacity":"","overlay-gradient":""},"tablet":{"background-color":"var(--ast-global-color-4)","background-image":"","background-repeat":"repeat","background-position":"center center","background-size":"auto","background-attachment":"scroll","background-type":"","background-media":"","overlay-type":"","overlay-color":"","overlay-opacity":"","overlay-gradient":""},"mobile":{"background-color":"var(--ast-global-color-4)","background-image":"","background-repeat":"repeat","background-position":"center center","background-size":"auto","background-attachment":"scroll","background-type":"","background-media":"","overlay-type":"","overlay-color":"","overlay-opacity":"","overlay-gradient":""}},"footnotes":""},"categories":[8],"tags":[],"class_list":["post-5476","post","type-post","status-publish","format-standard","has-post-thumbnail","hentry","category-noticias"],"acf":[],"yoast_head":"<!-- This site is optimized with the Yoast SEO plugin v26.9 - https:\/\/yoast.com\/product\/yoast-seo-wordpress\/ -->\n<title>Mar Reyes logra el I Premio a la Mujer Empresaria Cordobesa de AJE C\u00f3rdoba por la firma de moda Barey Collection - AJE C\u00f3rdoba<\/title>\n<meta name=\"robots\" content=\"index, follow, max-snippet:-1, max-image-preview:large, max-video-preview:-1\" \/>\n<link rel=\"canonical\" href=\"https:\/\/ajeandalucia.org\/cordoba\/2022\/05\/13\/mar-reyes-logra-el-i-premio-a-la-mujer-empresaria-cordobesa-de-aje-cordoba-por-la-firma-de-moda-barey-collection\/\" \/>\n<meta property=\"og:locale\" content=\"es_ES\" \/>\n<meta property=\"og:type\" content=\"article\" \/>\n<meta property=\"og:title\" content=\"Mar Reyes logra el I Premio a la Mujer Empresaria Cordobesa de AJE C\u00f3rdoba por la firma de moda Barey Collection - AJE C\u00f3rdoba\" \/>\n<meta property=\"og:description\" content=\"C\u00f3rdoba. Mar Reyes Rodr\u00edguez, con la firma de moda Barey Collection, ha sido la ganadora del I Premio a la [&hellip;]\" \/>\n<meta property=\"og:url\" content=\"https:\/\/ajeandalucia.org\/cordoba\/2022\/05\/13\/mar-reyes-logra-el-i-premio-a-la-mujer-empresaria-cordobesa-de-aje-cordoba-por-la-firma-de-moda-barey-collection\/\" \/>\n<meta property=\"og:site_name\" content=\"AJE C\u00f3rdoba\" \/>\n<meta property=\"article:published_time\" content=\"2022-05-13T17:18:43+00:00\" \/>\n<meta property=\"article:modified_time\" content=\"2022-05-18T17:20:26+00:00\" \/>\n<meta property=\"og:image\" content=\"https:\/\/ajeandalucia.org\/cordoba\/wp-content\/uploads\/sites\/6\/2022\/05\/Premio-AJE-2022.jpeg\" \/>\n\t<meta property=\"og:image:width\" content=\"1600\" \/>\n\t<meta property=\"og:image:height\" content=\"1066\" \/>\n\t<meta property=\"og:image:type\" content=\"image\/jpeg\" \/>\n<meta name=\"author\" content=\"cordoba\" \/>\n<meta name=\"twitter:card\" content=\"summary_large_image\" \/>\n<meta name=\"twitter:label1\" content=\"Escrito por\" \/>\n\t<meta name=\"twitter:data1\" content=\"cordoba\" \/>\n\t<meta name=\"twitter:label2\" content=\"Tiempo de lectura\" \/>\n\t<meta name=\"twitter:data2\" content=\"2 minutos\" \/>\n<script type=\"application\/ld+json\" class=\"yoast-schema-graph\">{\"@context\":\"https:\/\/schema.org\",\"@graph\":[{\"@type\":\"Article\",\"@id\":\"https:\/\/ajeandalucia.org\/cordoba\/2022\/05\/13\/mar-reyes-logra-el-i-premio-a-la-mujer-empresaria-cordobesa-de-aje-cordoba-por-la-firma-de-moda-barey-collection\/#article\",\"isPartOf\":{\"@id\":\"https:\/\/ajeandalucia.org\/cordoba\/2022\/05\/13\/mar-reyes-logra-el-i-premio-a-la-mujer-empresaria-cordobesa-de-aje-cordoba-por-la-firma-de-moda-barey-collection\/\"},\"author\":{\"name\":\"cordoba\",\"@id\":\"https:\/\/ajeandalucia.org\/cordoba\/#\/schema\/person\/1d19f90c44baad3b3701f8af33c2f520\"},\"headline\":\"Mar Reyes logra el I Premio a la Mujer Empresaria Cordobesa de AJE C\u00f3rdoba por la firma de moda Barey Collection\",\"datePublished\":\"2022-05-13T17:18:43+00:00\",\"dateModified\":\"2022-05-18T17:20:26+00:00\",\"mainEntityOfPage\":{\"@id\":\"https:\/\/ajeandalucia.org\/cordoba\/2022\/05\/13\/mar-reyes-logra-el-i-premio-a-la-mujer-empresaria-cordobesa-de-aje-cordoba-por-la-firma-de-moda-barey-collection\/\"},\"wordCount\":337,\"commentCount\":0,\"publisher\":{\"@id\":\"https:\/\/ajeandalucia.org\/cordoba\/#organization\"},\"image\":{\"@id\":\"https:\/\/ajeandalucia.org\/cordoba\/2022\/05\/13\/mar-reyes-logra-el-i-premio-a-la-mujer-empresaria-cordobesa-de-aje-cordoba-por-la-firma-de-moda-barey-collection\/#primaryimage\"},\"thumbnailUrl\":\"https:\/\/ajeandalucia.org\/cordoba\/wp-content\/uploads\/sites\/6\/2022\/05\/Premio-AJE-2022.jpeg\",\"articleSection\":[\"Noticias\"],\"inLanguage\":\"es\",\"potentialAction\":[{\"@type\":\"CommentAction\",\"name\":\"Comment\",\"target\":[\"https:\/\/ajeandalucia.org\/cordoba\/2022\/05\/13\/mar-reyes-logra-el-i-premio-a-la-mujer-empresaria-cordobesa-de-aje-cordoba-por-la-firma-de-moda-barey-collection\/#respond\"]}]},{\"@type\":\"WebPage\",\"@id\":\"https:\/\/ajeandalucia.org\/cordoba\/2022\/05\/13\/mar-reyes-logra-el-i-premio-a-la-mujer-empresaria-cordobesa-de-aje-cordoba-por-la-firma-de-moda-barey-collection\/\",\"url\":\"https:\/\/ajeandalucia.org\/cordoba\/2022\/05\/13\/mar-reyes-logra-el-i-premio-a-la-mujer-empresaria-cordobesa-de-aje-cordoba-por-la-firma-de-moda-barey-collection\/\",\"name\":\"Mar Reyes logra el I Premio a la Mujer Empresaria Cordobesa de AJE C\u00f3rdoba por la firma de moda Barey Collection - AJE C\u00f3rdoba\",\"isPartOf\":{\"@id\":\"https:\/\/ajeandalucia.org\/cordoba\/#website\"},\"primaryImageOfPage\":{\"@id\":\"https:\/\/ajeandalucia.org\/cordoba\/2022\/05\/13\/mar-reyes-logra-el-i-premio-a-la-mujer-empresaria-cordobesa-de-aje-cordoba-por-la-firma-de-moda-barey-collection\/#primaryimage\"},\"image\":{\"@id\":\"https:\/\/ajeandalucia.org\/cordoba\/2022\/05\/13\/mar-reyes-logra-el-i-premio-a-la-mujer-empresaria-cordobesa-de-aje-cordoba-por-la-firma-de-moda-barey-collection\/#primaryimage\"},\"thumbnailUrl\":\"https:\/\/ajeandalucia.org\/cordoba\/wp-content\/uploads\/sites\/6\/2022\/05\/Premio-AJE-2022.jpeg\",\"datePublished\":\"2022-05-13T17:18:43+00:00\",\"dateModified\":\"2022-05-18T17:20:26+00:00\",\"breadcrumb\":{\"@id\":\"https:\/\/ajeandalucia.org\/cordoba\/2022\/05\/13\/mar-reyes-logra-el-i-premio-a-la-mujer-empresaria-cordobesa-de-aje-cordoba-por-la-firma-de-moda-barey-collection\/#breadcrumb\"},\"inLanguage\":\"es\",\"potentialAction\":[{\"@type\":\"ReadAction\",\"target\":[\"https:\/\/ajeandalucia.org\/cordoba\/2022\/05\/13\/mar-reyes-logra-el-i-premio-a-la-mujer-empresaria-cordobesa-de-aje-cordoba-por-la-firma-de-moda-barey-collection\/\"]}]},{\"@type\":\"ImageObject\",\"inLanguage\":\"es\",\"@id\":\"https:\/\/ajeandalucia.org\/cordoba\/2022\/05\/13\/mar-reyes-logra-el-i-premio-a-la-mujer-empresaria-cordobesa-de-aje-cordoba-por-la-firma-de-moda-barey-collection\/#primaryimage\",\"url\":\"https:\/\/ajeandalucia.org\/cordoba\/wp-content\/uploads\/sites\/6\/2022\/05\/Premio-AJE-2022.jpeg\",\"contentUrl\":\"https:\/\/ajeandalucia.org\/cordoba\/wp-content\/uploads\/sites\/6\/2022\/05\/Premio-AJE-2022.jpeg\",\"width\":1600,\"height\":1066},{\"@type\":\"BreadcrumbList\",\"@id\":\"https:\/\/ajeandalucia.org\/cordoba\/2022\/05\/13\/mar-reyes-logra-el-i-premio-a-la-mujer-empresaria-cordobesa-de-aje-cordoba-por-la-firma-de-moda-barey-collection\/#breadcrumb\",\"itemListElement\":[{\"@type\":\"ListItem\",\"position\":1,\"name\":\"Portada\",\"item\":\"https:\/\/ajeandalucia.org\/cordoba\/\"},{\"@type\":\"ListItem\",\"position\":2,\"name\":\"Mar Reyes logra el I Premio a la Mujer Empresaria Cordobesa de AJE C\u00f3rdoba por la firma de moda Barey Collection\"}]},{\"@type\":\"WebSite\",\"@id\":\"https:\/\/ajeandalucia.org\/cordoba\/#website\",\"url\":\"https:\/\/ajeandalucia.org\/cordoba\/\",\"name\":\"AJE C\u00f3rdoba\",\"description\":\"Otro sitio m\u00e1s de AJE Andaluc\u00eda\",\"publisher\":{\"@id\":\"https:\/\/ajeandalucia.org\/cordoba\/#organization\"},\"potentialAction\":[{\"@type\":\"SearchAction\",\"target\":{\"@type\":\"EntryPoint\",\"urlTemplate\":\"https:\/\/ajeandalucia.org\/cordoba\/?s={search_term_string}\"},\"query-input\":{\"@type\":\"PropertyValueSpecification\",\"valueRequired\":true,\"valueName\":\"search_term_string\"}}],\"inLanguage\":\"es\"},{\"@type\":\"Organization\",\"@id\":\"https:\/\/ajeandalucia.org\/cordoba\/#organization\",\"name\":\"AJE C\u00f3rdoba\",\"url\":\"https:\/\/ajeandalucia.org\/cordoba\/\",\"logo\":{\"@type\":\"ImageObject\",\"inLanguage\":\"es\",\"@id\":\"https:\/\/ajeandalucia.org\/cordoba\/#\/schema\/logo\/image\/\",\"url\":\"https:\/\/ajeandalucia.org\/cordoba\/wp-content\/uploads\/sites\/6\/2025\/01\/AJE-CORDOBA-horizontal.png\",\"contentUrl\":\"https:\/\/ajeandalucia.org\/cordoba\/wp-content\/uploads\/sites\/6\/2025\/01\/AJE-CORDOBA-horizontal.png\",\"width\":605,\"height\":200,\"caption\":\"AJE C\u00f3rdoba\"},\"image\":{\"@id\":\"https:\/\/ajeandalucia.org\/cordoba\/#\/schema\/logo\/image\/\"}},{\"@type\":\"Person\",\"@id\":\"https:\/\/ajeandalucia.org\/cordoba\/#\/schema\/person\/1d19f90c44baad3b3701f8af33c2f520\",\"name\":\"cordoba\",\"image\":{\"@type\":\"ImageObject\",\"inLanguage\":\"es\",\"@id\":\"https:\/\/ajeandalucia.org\/cordoba\/#\/schema\/person\/image\/\",\"url\":\"https:\/\/secure.gravatar.com\/avatar\/46102d83da7c40efca6d3413931ddaf8470cef93888429af7689de210b9bb6fe?s=96&d=mm&r=g\",\"contentUrl\":\"https:\/\/secure.gravatar.com\/avatar\/46102d83da7c40efca6d3413931ddaf8470cef93888429af7689de210b9bb6fe?s=96&d=mm&r=g\",\"caption\":\"cordoba\"},\"url\":\"https:\/\/ajeandalucia.org\/cordoba\/author\/cordoba\/\"}]}<\/script>\n<!-- \/ Yoast SEO plugin. -->","yoast_head_json":{"title":"Mar Reyes logra el I Premio a la Mujer Empresaria Cordobesa de AJE C\u00f3rdoba por la firma de moda Barey Collection - AJE C\u00f3rdoba","robots":{"index":"index","follow":"follow","max-snippet":"max-snippet:-1","max-image-preview":"max-image-preview:large","max-video-preview":"max-video-preview:-1"},"canonical":"https:\/\/ajeandalucia.org\/cordoba\/2022\/05\/13\/mar-reyes-logra-el-i-premio-a-la-mujer-empresaria-cordobesa-de-aje-cordoba-por-la-firma-de-moda-barey-collection\/","og_locale":"es_ES","og_type":"article","og_title":"Mar Reyes logra el I Premio a la Mujer Empresaria Cordobesa de AJE C\u00f3rdoba por la firma de moda Barey Collection - AJE C\u00f3rdoba","og_description":"C\u00f3rdoba. Mar Reyes Rodr\u00edguez, con la firma de moda Barey Collection, ha sido la ganadora del I Premio a la [&hellip;]","og_url":"https:\/\/ajeandalucia.org\/cordoba\/2022\/05\/13\/mar-reyes-logra-el-i-premio-a-la-mujer-empresaria-cordobesa-de-aje-cordoba-por-la-firma-de-moda-barey-collection\/","og_site_name":"AJE C\u00f3rdoba","article_published_time":"2022-05-13T17:18:43+00:00","article_modified_time":"2022-05-18T17:20:26+00:00","og_image":[{"width":1600,"height":1066,"url":"https:\/\/ajeandalucia.org\/cordoba\/wp-content\/uploads\/sites\/6\/2022\/05\/Premio-AJE-2022.jpeg","type":"image\/jpeg"}],"author":"cordoba","twitter_card":"summary_large_image","twitter_misc":{"Escrito por":"cordoba","Tiempo de lectura":"2 minutos"},"schema":{"@context":"https:\/\/schema.org","@graph":[{"@type":"Article","@id":"https:\/\/ajeandalucia.org\/cordoba\/2022\/05\/13\/mar-reyes-logra-el-i-premio-a-la-mujer-empresaria-cordobesa-de-aje-cordoba-por-la-firma-de-moda-barey-collection\/#article","isPartOf":{"@id":"https:\/\/ajeandalucia.org\/cordoba\/2022\/05\/13\/mar-reyes-logra-el-i-premio-a-la-mujer-empresaria-cordobesa-de-aje-cordoba-por-la-firma-de-moda-barey-collection\/"},"author":{"name":"cordoba","@id":"https:\/\/ajeandalucia.org\/cordoba\/#\/schema\/person\/1d19f90c44baad3b3701f8af33c2f520"},"headline":"Mar Reyes logra el I Premio a la Mujer Empresaria Cordobesa de AJE C\u00f3rdoba por la firma de moda Barey Collection","datePublished":"2022-05-13T17:18:43+00:00","dateModified":"2022-05-18T17:20:26+00:00","mainEntityOfPage":{"@id":"https:\/\/ajeandalucia.org\/cordoba\/2022\/05\/13\/mar-reyes-logra-el-i-premio-a-la-mujer-empresaria-cordobesa-de-aje-cordoba-por-la-firma-de-moda-barey-collection\/"},"wordCount":337,"commentCount":0,"publisher":{"@id":"https:\/\/ajeandalucia.org\/cordoba\/#organization"},"image":{"@id":"https:\/\/ajeandalucia.org\/cordoba\/2022\/05\/13\/mar-reyes-logra-el-i-premio-a-la-mujer-empresaria-cordobesa-de-aje-cordoba-por-la-firma-de-moda-barey-collection\/#primaryimage"},"thumbnailUrl":"https:\/\/ajeandalucia.org\/cordoba\/wp-content\/uploads\/sites\/6\/2022\/05\/Premio-AJE-2022.jpeg","articleSection":["Noticias"],"inLanguage":"es","potentialAction":[{"@type":"CommentAction","name":"Comment","target":["https:\/\/ajeandalucia.org\/cordoba\/2022\/05\/13\/mar-reyes-logra-el-i-premio-a-la-mujer-empresaria-cordobesa-de-aje-cordoba-por-la-firma-de-moda-barey-collection\/#respond"]}]},{"@type":"WebPage","@id":"https:\/\/ajeandalucia.org\/cordoba\/2022\/05\/13\/mar-reyes-logra-el-i-premio-a-la-mujer-empresaria-cordobesa-de-aje-cordoba-por-la-firma-de-moda-barey-collection\/","url":"https:\/\/ajeandalucia.org\/cordoba\/2022\/05\/13\/mar-reyes-logra-el-i-premio-a-la-mujer-empresaria-cordobesa-de-aje-cordoba-por-la-firma-de-moda-barey-collection\/","name":"Mar Reyes logra el I Premio a la Mujer Empresaria Cordobesa de AJE C\u00f3rdoba por la firma de moda Barey Collection - AJE C\u00f3rdoba","isPartOf":{"@id":"https:\/\/ajeandalucia.org\/cordoba\/#website"},"primaryImageOfPage":{"@id":"https:\/\/ajeandalucia.org\/cordoba\/2022\/05\/13\/mar-reyes-logra-el-i-premio-a-la-mujer-empresaria-cordobesa-de-aje-cordoba-por-la-firma-de-moda-barey-collection\/#primaryimage"},"image":{"@id":"https:\/\/ajeandalucia.org\/cordoba\/2022\/05\/13\/mar-reyes-logra-el-i-premio-a-la-mujer-empresaria-cordobesa-de-aje-cordoba-por-la-firma-de-moda-barey-collection\/#primaryimage"},"thumbnailUrl":"https:\/\/ajeandalucia.org\/cordoba\/wp-content\/uploads\/sites\/6\/2022\/05\/Premio-AJE-2022.jpeg","datePublished":"2022-05-13T17:18:43+00:00","dateModified":"2022-05-18T17:20:26+00:00","breadcrumb":{"@id":"https:\/\/ajeandalucia.org\/cordoba\/2022\/05\/13\/mar-reyes-logra-el-i-premio-a-la-mujer-empresaria-cordobesa-de-aje-cordoba-por-la-firma-de-moda-barey-collection\/#breadcrumb"},"inLanguage":"es","potentialAction":[{"@type":"ReadAction","target":["https:\/\/ajeandalucia.org\/cordoba\/2022\/05\/13\/mar-reyes-logra-el-i-premio-a-la-mujer-empresaria-cordobesa-de-aje-cordoba-por-la-firma-de-moda-barey-collection\/"]}]},{"@type":"ImageObject","inLanguage":"es","@id":"https:\/\/ajeandalucia.org\/cordoba\/2022\/05\/13\/mar-reyes-logra-el-i-premio-a-la-mujer-empresaria-cordobesa-de-aje-cordoba-por-la-firma-de-moda-barey-collection\/#primaryimage","url":"https:\/\/ajeandalucia.org\/cordoba\/wp-content\/uploads\/sites\/6\/2022\/05\/Premio-AJE-2022.jpeg","contentUrl":"https:\/\/ajeandalucia.org\/cordoba\/wp-content\/uploads\/sites\/6\/2022\/05\/Premio-AJE-2022.jpeg","width":1600,"height":1066},{"@type":"BreadcrumbList","@id":"https:\/\/ajeandalucia.org\/cordoba\/2022\/05\/13\/mar-reyes-logra-el-i-premio-a-la-mujer-empresaria-cordobesa-de-aje-cordoba-por-la-firma-de-moda-barey-collection\/#breadcrumb","itemListElement":[{"@type":"ListItem","position":1,"name":"Portada","item":"https:\/\/ajeandalucia.org\/cordoba\/"},{"@type":"ListItem","position":2,"name":"Mar Reyes logra el I Premio a la Mujer Empresaria Cordobesa de AJE C\u00f3rdoba por la firma de moda Barey Collection"}]},{"@type":"WebSite","@id":"https:\/\/ajeandalucia.org\/cordoba\/#website","url":"https:\/\/ajeandalucia.org\/cordoba\/","name":"AJE C\u00f3rdoba","description":"Otro sitio m\u00e1s de AJE Andaluc\u00eda","publisher":{"@id":"https:\/\/ajeandalucia.org\/cordoba\/#organization"},"potentialAction":[{"@type":"SearchAction","target":{"@type":"EntryPoint","urlTemplate":"https:\/\/ajeandalucia.org\/cordoba\/?s={search_term_string}"},"query-input":{"@type":"PropertyValueSpecification","valueRequired":true,"valueName":"search_term_string"}}],"inLanguage":"es"},{"@type":"Organization","@id":"https:\/\/ajeandalucia.org\/cordoba\/#organization","name":"AJE C\u00f3rdoba","url":"https:\/\/ajeandalucia.org\/cordoba\/","logo":{"@type":"ImageObject","inLanguage":"es","@id":"https:\/\/ajeandalucia.org\/cordoba\/#\/schema\/logo\/image\/","url":"https:\/\/ajeandalucia.org\/cordoba\/wp-content\/uploads\/sites\/6\/2025\/01\/AJE-CORDOBA-horizontal.png","contentUrl":"https:\/\/ajeandalucia.org\/cordoba\/wp-content\/uploads\/sites\/6\/2025\/01\/AJE-CORDOBA-horizontal.png","width":605,"height":200,"caption":"AJE C\u00f3rdoba"},"image":{"@id":"https:\/\/ajeandalucia.org\/cordoba\/#\/schema\/logo\/image\/"}},{"@type":"Person","@id":"https:\/\/ajeandalucia.org\/cordoba\/#\/schema\/person\/1d19f90c44baad3b3701f8af33c2f520","name":"cordoba","image":{"@type":"ImageObject","inLanguage":"es","@id":"https:\/\/ajeandalucia.org\/cordoba\/#\/schema\/person\/image\/","url":"https:\/\/secure.gravatar.com\/avatar\/46102d83da7c40efca6d3413931ddaf8470cef93888429af7689de210b9bb6fe?s=96&d=mm&r=g","contentUrl":"https:\/\/secure.gravatar.com\/avatar\/46102d83da7c40efca6d3413931ddaf8470cef93888429af7689de210b9bb6fe?s=96&d=mm&r=g","caption":"cordoba"},"url":"https:\/\/ajeandalucia.org\/cordoba\/author\/cordoba\/"}]}},"_links":{"self":[{"href":"https:\/\/ajeandalucia.org\/cordoba\/wp-json\/wp\/v2\/posts\/5476","targetHints":{"allow":["GET"]}}],"collection":[{"href":"https:\/\/ajeandalucia.org\/cordoba\/wp-json\/wp\/v2\/posts"}],"about":[{"href":"https:\/\/ajeandalucia.org\/cordoba\/wp-json\/wp\/v2\/types\/post"}],"author":[{"embeddable":true,"href":"https:\/\/ajeandalucia.org\/cordoba\/wp-json\/wp\/v2\/users\/5"}],"replies":[{"embeddable":true,"href":"https:\/\/ajeandalucia.org\/cordoba\/wp-json\/wp\/v2\/comments?post=5476"}],"version-history":[{"count":1,"href":"https:\/\/ajeandalucia.org\/cordoba\/wp-json\/wp\/v2\/posts\/5476\/revisions"}],"predecessor-version":[{"id":5478,"href":"https:\/\/ajeandalucia.org\/cordoba\/wp-json\/wp\/v2\/posts\/5476\/revisions\/5478"}],"wp:featuredmedia":[{"embeddable":true,"href":"https:\/\/ajeandalucia.org\/cordoba\/wp-json\/wp\/v2\/media\/5477"}],"wp:attachment":[{"href":"https:\/\/ajeandalucia.org\/cordoba\/wp-json\/wp\/v2\/media?parent=5476"}],"wp:term":[{"taxonomy":"category","embeddable":true,"href":"https:\/\/ajeandalucia.org\/cordoba\/wp-json\/wp\/v2\/categories?post=5476"},{"taxonomy":"post_tag","embeddable":true,"href":"https:\/\/ajeandalucia.org\/cordoba\/wp-json\/wp\/v2\/tags?post=5476"}],"curies":[{"name":"wp","href":"https:\/\/api.w.org\/{rel}","templated":true}]}}