{"id":5701,"date":"2022-06-21T17:27:55","date_gmt":"2022-06-21T17:27:55","guid":{"rendered":"https:\/\/www.ajeandalucia.org\/cordoba\/?p=5701"},"modified":"2022-06-22T17:34:27","modified_gmt":"2022-06-22T17:34:27","slug":"o-3","status":"publish","type":"post","link":"https:\/\/ajeandalucia.org\/cordoba\/2022\/06\/21\/o-3\/","title":{"rendered":"II Encuentro de J\u00f3venes Artistas AJE CORDOBA"},"content":{"rendered":"<div dir=\"auto\">Medio Centenar de artistas y empresarios del sector cultural participan en el encuentro de AJE C\u00f3rdoba en la Casa Azul.<\/div>\n<div dir=\"auto\"><\/div>\n<div dir=\"auto\"><\/div>\n<div dir=\"auto\">El colectivo, a trav\u00e9s del convenio con la Delegaci\u00f3n de Juventud del Ayuntamiento de C\u00f3rdoba pretende fomentar el emprendimiento en el &#8220;mundo de la cultura&#8221;<\/div>\n<div dir=\"auto\"><\/div>\n<div dir=\"auto\"><\/div>\n<div dir=\"auto\">En torno a medio centenar de artistas y empresarios cordobeses del sector cultural han participado hoy en el pon II Desayuno y Encuentro de J\u00f3venes Artistas que organizan de manera conjunta la Asociaci\u00f3n de J\u00f3venes Empresarios (AJE) C\u00f3rdoba y la Asociaci\u00f3n Casa Azul, gestora del Centro de Creaci\u00f3n y Producci\u00f3n Cultural \u201cLa Casa Azul\u201d. Ambos, gracias al convenio firmado con la Delegaci\u00f3n de Juventud del Ayuntamiento de C\u00f3rdoba, han trabajado en la b\u00fasqueda de acciones y herramientas que favorezcan el emprendimiento en el \u201cmundo de la Cultura\u201d.<\/div>\n<div dir=\"auto\">Como ha recordado el presidente de AJE C\u00f3rdoba, F\u00e9lix Almagro, el objetivo de este programa es fomentar \u201cla creaci\u00f3n y nueva producci\u00f3n cultural y art\u00edstica aut\u00f3ctona, as\u00ed como la innovaci\u00f3n en la puesta en valor y conservaci\u00f3n de nuestro patrimonio cultural como motor de desarrollo econ\u00f3mico y social\u201d. El dirigente del colectivo empresarial ha detallado a este respecto que \u201cse trata de un sector casi sin tradici\u00f3n de emprendimiento, pero con las mismas inquietudes que cualquier otro empresario\u201d.<\/div>\n<div dir=\"auto\">El presidente de AJE C\u00f3rdoba, que ha valorado muy positivamente la \u201calt\u00edsima\u201d participaci\u00f3n de este segundo encuentro, ha incidido precisamente en que otro de los grandes objetivos es la \u201cprofesionalizaci\u00f3n\u201d de las empresas culturales.<\/div>\n<div dir=\"auto\">Para Ernesto Hita, presidente de la Asociaci\u00f3n Casa Azul, este encuentro de j\u00f3venes artistas celebrado en La CASA AZUL ha supuesto todo un \u00e9xito sin precedentes en cuanto a la masiva respuesta a la convocatoria y ha demostrado ser una oportunidad \u00fanica para escuchar, conocer el talento emergente y compartir experiencias de y con los j\u00f3venes artistas de nuestra ciudad. El gran n\u00famero de asistentes, la diversidad de disciplinas representadas, pero tambi\u00e9n las dificultades comunes a todos y compartidas y sobre todo el talento creativo innato y la pasi\u00f3n por el arte y la cultura, han servido de nexo de uni\u00f3n en un di\u00e1logo sereno y sincero que ha transitado desde la experiencia personal de cada uno en la b\u00fasqueda de su desarrollo art\u00edstico, la b\u00fasqueda de oportunidades y el establecimiento de sinergias, hasta las dificultades encontradas en la valoraci\u00f3n econ\u00f3mica de sus propuestas, la dif\u00edcil contrataci\u00f3n laboral y la necesidad de encontrar herramientas que hagan posible el emprendimiento art\u00edstico-cultural y el autoempleo como v\u00eda a la indivisible acci\u00f3n social del artista, tambi\u00e9n a trav\u00e9s de su propia actividad econ\u00f3mica.<\/div>\n<div dir=\"auto\">Hita ha concluido que cabe destacar que a este Encuentro de J\u00f3venes Artistas de C\u00f3rdoba han acudido como Artistas Invitados, algunos de los m\u00e1s grandes artistas cordobeses y buenos amigos y colaboradores de La Casa Azul en distintas disciplinas, como por ejemplo en la m\u00fasica, la joven guitarrista flamenca Alba Espert, Beca Acciona 2021 en la Fundaci\u00f3n Cristina Heeren, el compositor y guitarrista Rafael Trenas hijo, cuyo \u00faltimo disco Horizonte ha sido estrenado este mismo a\u00f1o en el Teatro G\u00f3ngora, el m\u00fasico y emprendedor F\u00e9lix Ram\u00edrez, Bater\u00eda y General manager en Backstage Academy C\u00f3rdoba, la cantante Trinidad Montero, La Trini, responsable del espect\u00e1culo &#8220;La Cosa est\u00e1 que Trini&#8221; que fue estrenada en el Gran Teatro como cierre del Ciclo Mujer el pasado mes de marzo y en las artes pl\u00e1sticas, el escultor que ha fascinado a grandes directores de cine y transita entre el barro y pixel del arte digital e intervenido en proyectos cinematogr\u00e1ficos tan importantes como &#8220;Un monstruo viene a verme&#8221; o &#8220;Batman&#8221; al igual que Jos\u00e9 Mar\u00eda Serrano, su hermano y tambi\u00e9n escultor, autor de la escultura \u201cVientos de cambio del Vial Norte\u201d, m\u00e1s conocida como el Gigante y el Ni\u00f1o.<\/div>\n","protected":false},"excerpt":{"rendered":"<p>Medio Centenar de artistas y empresarios del sector cultural participan en el encuentro de AJE C\u00f3rdoba en la Casa Azul. [&hellip;]<\/p>\n","protected":false},"author":5,"featured_media":5702,"comment_status":"open","ping_status":"open","sticky":false,"template":"","format":"standard","meta":{"_acf_changed":false,"site-sidebar-layout":"default","site-content-layout":"","ast-site-content-layout":"default","site-content-style":"default","site-sidebar-style":"default","ast-global-header-display":"","ast-banner-title-visibility":"","ast-main-header-display":"","ast-hfb-above-header-display":"","ast-hfb-below-header-display":"","ast-hfb-mobile-header-display":"","site-post-title":"","ast-breadcrumbs-content":"","ast-featured-img":"","footer-sml-layout":"","ast-disable-related-posts":"","theme-transparent-header-meta":"","adv-header-id-meta":"","stick-header-meta":"","header-above-stick-meta":"","header-main-stick-meta":"","header-below-stick-meta":"","astra-migrate-meta-layouts":"default","ast-page-background-enabled":"default","ast-page-background-meta":{"desktop":{"background-color":"var(--ast-global-color-5)","background-image":"","background-repeat":"repeat","background-position":"center center","background-size":"auto","background-attachment":"scroll","background-type":"","background-media":"","overlay-type":"","overlay-color":"","overlay-opacity":"","overlay-gradient":""},"tablet":{"background-color":"","background-image":"","background-repeat":"repeat","background-position":"center center","background-size":"auto","background-attachment":"scroll","background-type":"","background-media":"","overlay-type":"","overlay-color":"","overlay-opacity":"","overlay-gradient":""},"mobile":{"background-color":"","background-image":"","background-repeat":"repeat","background-position":"center center","background-size":"auto","background-attachment":"scroll","background-type":"","background-media":"","overlay-type":"","overlay-color":"","overlay-opacity":"","overlay-gradient":""}},"ast-content-background-meta":{"desktop":{"background-color":"var(--ast-global-color-4)","background-image":"","background-repeat":"repeat","background-position":"center center","background-size":"auto","background-attachment":"scroll","background-type":"","background-media":"","overlay-type":"","overlay-color":"","overlay-opacity":"","overlay-gradient":""},"tablet":{"background-color":"var(--ast-global-color-4)","background-image":"","background-repeat":"repeat","background-position":"center center","background-size":"auto","background-attachment":"scroll","background-type":"","background-media":"","overlay-type":"","overlay-color":"","overlay-opacity":"","overlay-gradient":""},"mobile":{"background-color":"var(--ast-global-color-4)","background-image":"","background-repeat":"repeat","background-position":"center center","background-size":"auto","background-attachment":"scroll","background-type":"","background-media":"","overlay-type":"","overlay-color":"","overlay-opacity":"","overlay-gradient":""}},"footnotes":""},"categories":[8],"tags":[],"class_list":["post-5701","post","type-post","status-publish","format-standard","has-post-thumbnail","hentry","category-noticias"],"acf":[],"yoast_head":"<!-- This site is optimized with the Yoast SEO plugin v26.9 - https:\/\/yoast.com\/product\/yoast-seo-wordpress\/ -->\n<title>II Encuentro de J\u00f3venes Artistas AJE CORDOBA - AJE C\u00f3rdoba<\/title>\n<meta name=\"robots\" content=\"index, follow, max-snippet:-1, max-image-preview:large, max-video-preview:-1\" \/>\n<link rel=\"canonical\" href=\"https:\/\/ajeandalucia.org\/cordoba\/2022\/06\/21\/o-3\/\" \/>\n<meta property=\"og:locale\" content=\"es_ES\" \/>\n<meta property=\"og:type\" content=\"article\" \/>\n<meta property=\"og:title\" content=\"II Encuentro de J\u00f3venes Artistas AJE CORDOBA - AJE C\u00f3rdoba\" \/>\n<meta property=\"og:description\" content=\"Medio Centenar de artistas y empresarios del sector cultural participan en el encuentro de AJE C\u00f3rdoba en la Casa Azul. [&hellip;]\" \/>\n<meta property=\"og:url\" content=\"https:\/\/ajeandalucia.org\/cordoba\/2022\/06\/21\/o-3\/\" \/>\n<meta property=\"og:site_name\" content=\"AJE C\u00f3rdoba\" \/>\n<meta property=\"article:published_time\" content=\"2022-06-21T17:27:55+00:00\" \/>\n<meta property=\"article:modified_time\" content=\"2022-06-22T17:34:27+00:00\" \/>\n<meta property=\"og:image\" content=\"https:\/\/ajeandalucia.org\/cordoba\/wp-content\/uploads\/sites\/6\/2022\/06\/WhatsApp-Image-2022-06-21-at-5.02.27-PM.jpeg\" \/>\n\t<meta property=\"og:image:width\" content=\"1600\" \/>\n\t<meta property=\"og:image:height\" content=\"1066\" \/>\n\t<meta property=\"og:image:type\" content=\"image\/jpeg\" \/>\n<meta name=\"author\" content=\"cordoba\" \/>\n<meta name=\"twitter:card\" content=\"summary_large_image\" \/>\n<meta name=\"twitter:label1\" content=\"Escrito por\" \/>\n\t<meta name=\"twitter:data1\" content=\"cordoba\" \/>\n\t<meta name=\"twitter:label2\" content=\"Tiempo de lectura\" \/>\n\t<meta name=\"twitter:data2\" content=\"3 minutos\" \/>\n<script type=\"application\/ld+json\" class=\"yoast-schema-graph\">{\"@context\":\"https:\/\/schema.org\",\"@graph\":[{\"@type\":\"Article\",\"@id\":\"https:\/\/ajeandalucia.org\/cordoba\/2022\/06\/21\/o-3\/#article\",\"isPartOf\":{\"@id\":\"https:\/\/ajeandalucia.org\/cordoba\/2022\/06\/21\/o-3\/\"},\"author\":{\"name\":\"cordoba\",\"@id\":\"https:\/\/ajeandalucia.org\/cordoba\/#\/schema\/person\/1d19f90c44baad3b3701f8af33c2f520\"},\"headline\":\"II Encuentro de J\u00f3venes Artistas AJE CORDOBA\",\"datePublished\":\"2022-06-21T17:27:55+00:00\",\"dateModified\":\"2022-06-22T17:34:27+00:00\",\"mainEntityOfPage\":{\"@id\":\"https:\/\/ajeandalucia.org\/cordoba\/2022\/06\/21\/o-3\/\"},\"wordCount\":693,\"commentCount\":0,\"publisher\":{\"@id\":\"https:\/\/ajeandalucia.org\/cordoba\/#organization\"},\"image\":{\"@id\":\"https:\/\/ajeandalucia.org\/cordoba\/2022\/06\/21\/o-3\/#primaryimage\"},\"thumbnailUrl\":\"https:\/\/ajeandalucia.org\/cordoba\/wp-content\/uploads\/sites\/6\/2022\/06\/WhatsApp-Image-2022-06-21-at-5.02.27-PM.jpeg\",\"articleSection\":[\"Noticias\"],\"inLanguage\":\"es\",\"potentialAction\":[{\"@type\":\"CommentAction\",\"name\":\"Comment\",\"target\":[\"https:\/\/ajeandalucia.org\/cordoba\/2022\/06\/21\/o-3\/#respond\"]}]},{\"@type\":\"WebPage\",\"@id\":\"https:\/\/ajeandalucia.org\/cordoba\/2022\/06\/21\/o-3\/\",\"url\":\"https:\/\/ajeandalucia.org\/cordoba\/2022\/06\/21\/o-3\/\",\"name\":\"II Encuentro de J\u00f3venes Artistas AJE CORDOBA - AJE C\u00f3rdoba\",\"isPartOf\":{\"@id\":\"https:\/\/ajeandalucia.org\/cordoba\/#website\"},\"primaryImageOfPage\":{\"@id\":\"https:\/\/ajeandalucia.org\/cordoba\/2022\/06\/21\/o-3\/#primaryimage\"},\"image\":{\"@id\":\"https:\/\/ajeandalucia.org\/cordoba\/2022\/06\/21\/o-3\/#primaryimage\"},\"thumbnailUrl\":\"https:\/\/ajeandalucia.org\/cordoba\/wp-content\/uploads\/sites\/6\/2022\/06\/WhatsApp-Image-2022-06-21-at-5.02.27-PM.jpeg\",\"datePublished\":\"2022-06-21T17:27:55+00:00\",\"dateModified\":\"2022-06-22T17:34:27+00:00\",\"breadcrumb\":{\"@id\":\"https:\/\/ajeandalucia.org\/cordoba\/2022\/06\/21\/o-3\/#breadcrumb\"},\"inLanguage\":\"es\",\"potentialAction\":[{\"@type\":\"ReadAction\",\"target\":[\"https:\/\/ajeandalucia.org\/cordoba\/2022\/06\/21\/o-3\/\"]}]},{\"@type\":\"ImageObject\",\"inLanguage\":\"es\",\"@id\":\"https:\/\/ajeandalucia.org\/cordoba\/2022\/06\/21\/o-3\/#primaryimage\",\"url\":\"https:\/\/ajeandalucia.org\/cordoba\/wp-content\/uploads\/sites\/6\/2022\/06\/WhatsApp-Image-2022-06-21-at-5.02.27-PM.jpeg\",\"contentUrl\":\"https:\/\/ajeandalucia.org\/cordoba\/wp-content\/uploads\/sites\/6\/2022\/06\/WhatsApp-Image-2022-06-21-at-5.02.27-PM.jpeg\",\"width\":1600,\"height\":1066},{\"@type\":\"BreadcrumbList\",\"@id\":\"https:\/\/ajeandalucia.org\/cordoba\/2022\/06\/21\/o-3\/#breadcrumb\",\"itemListElement\":[{\"@type\":\"ListItem\",\"position\":1,\"name\":\"Portada\",\"item\":\"https:\/\/ajeandalucia.org\/cordoba\/\"},{\"@type\":\"ListItem\",\"position\":2,\"name\":\"II Encuentro de J\u00f3venes Artistas AJE CORDOBA\"}]},{\"@type\":\"WebSite\",\"@id\":\"https:\/\/ajeandalucia.org\/cordoba\/#website\",\"url\":\"https:\/\/ajeandalucia.org\/cordoba\/\",\"name\":\"AJE C\u00f3rdoba\",\"description\":\"Otro sitio m\u00e1s de AJE Andaluc\u00eda\",\"publisher\":{\"@id\":\"https:\/\/ajeandalucia.org\/cordoba\/#organization\"},\"potentialAction\":[{\"@type\":\"SearchAction\",\"target\":{\"@type\":\"EntryPoint\",\"urlTemplate\":\"https:\/\/ajeandalucia.org\/cordoba\/?s={search_term_string}\"},\"query-input\":{\"@type\":\"PropertyValueSpecification\",\"valueRequired\":true,\"valueName\":\"search_term_string\"}}],\"inLanguage\":\"es\"},{\"@type\":\"Organization\",\"@id\":\"https:\/\/ajeandalucia.org\/cordoba\/#organization\",\"name\":\"AJE C\u00f3rdoba\",\"url\":\"https:\/\/ajeandalucia.org\/cordoba\/\",\"logo\":{\"@type\":\"ImageObject\",\"inLanguage\":\"es\",\"@id\":\"https:\/\/ajeandalucia.org\/cordoba\/#\/schema\/logo\/image\/\",\"url\":\"https:\/\/ajeandalucia.org\/cordoba\/wp-content\/uploads\/sites\/6\/2025\/01\/AJE-CORDOBA-horizontal.png\",\"contentUrl\":\"https:\/\/ajeandalucia.org\/cordoba\/wp-content\/uploads\/sites\/6\/2025\/01\/AJE-CORDOBA-horizontal.png\",\"width\":605,\"height\":200,\"caption\":\"AJE C\u00f3rdoba\"},\"image\":{\"@id\":\"https:\/\/ajeandalucia.org\/cordoba\/#\/schema\/logo\/image\/\"}},{\"@type\":\"Person\",\"@id\":\"https:\/\/ajeandalucia.org\/cordoba\/#\/schema\/person\/1d19f90c44baad3b3701f8af33c2f520\",\"name\":\"cordoba\",\"image\":{\"@type\":\"ImageObject\",\"inLanguage\":\"es\",\"@id\":\"https:\/\/ajeandalucia.org\/cordoba\/#\/schema\/person\/image\/\",\"url\":\"https:\/\/secure.gravatar.com\/avatar\/46102d83da7c40efca6d3413931ddaf8470cef93888429af7689de210b9bb6fe?s=96&d=mm&r=g\",\"contentUrl\":\"https:\/\/secure.gravatar.com\/avatar\/46102d83da7c40efca6d3413931ddaf8470cef93888429af7689de210b9bb6fe?s=96&d=mm&r=g\",\"caption\":\"cordoba\"},\"url\":\"https:\/\/ajeandalucia.org\/cordoba\/author\/cordoba\/\"}]}<\/script>\n<!-- \/ Yoast SEO plugin. -->","yoast_head_json":{"title":"II Encuentro de J\u00f3venes Artistas AJE CORDOBA - AJE C\u00f3rdoba","robots":{"index":"index","follow":"follow","max-snippet":"max-snippet:-1","max-image-preview":"max-image-preview:large","max-video-preview":"max-video-preview:-1"},"canonical":"https:\/\/ajeandalucia.org\/cordoba\/2022\/06\/21\/o-3\/","og_locale":"es_ES","og_type":"article","og_title":"II Encuentro de J\u00f3venes Artistas AJE CORDOBA - AJE C\u00f3rdoba","og_description":"Medio Centenar de artistas y empresarios del sector cultural participan en el encuentro de AJE C\u00f3rdoba en la Casa Azul. [&hellip;]","og_url":"https:\/\/ajeandalucia.org\/cordoba\/2022\/06\/21\/o-3\/","og_site_name":"AJE C\u00f3rdoba","article_published_time":"2022-06-21T17:27:55+00:00","article_modified_time":"2022-06-22T17:34:27+00:00","og_image":[{"width":1600,"height":1066,"url":"https:\/\/ajeandalucia.org\/cordoba\/wp-content\/uploads\/sites\/6\/2022\/06\/WhatsApp-Image-2022-06-21-at-5.02.27-PM.jpeg","type":"image\/jpeg"}],"author":"cordoba","twitter_card":"summary_large_image","twitter_misc":{"Escrito por":"cordoba","Tiempo de lectura":"3 minutos"},"schema":{"@context":"https:\/\/schema.org","@graph":[{"@type":"Article","@id":"https:\/\/ajeandalucia.org\/cordoba\/2022\/06\/21\/o-3\/#article","isPartOf":{"@id":"https:\/\/ajeandalucia.org\/cordoba\/2022\/06\/21\/o-3\/"},"author":{"name":"cordoba","@id":"https:\/\/ajeandalucia.org\/cordoba\/#\/schema\/person\/1d19f90c44baad3b3701f8af33c2f520"},"headline":"II Encuentro de J\u00f3venes Artistas AJE CORDOBA","datePublished":"2022-06-21T17:27:55+00:00","dateModified":"2022-06-22T17:34:27+00:00","mainEntityOfPage":{"@id":"https:\/\/ajeandalucia.org\/cordoba\/2022\/06\/21\/o-3\/"},"wordCount":693,"commentCount":0,"publisher":{"@id":"https:\/\/ajeandalucia.org\/cordoba\/#organization"},"image":{"@id":"https:\/\/ajeandalucia.org\/cordoba\/2022\/06\/21\/o-3\/#primaryimage"},"thumbnailUrl":"https:\/\/ajeandalucia.org\/cordoba\/wp-content\/uploads\/sites\/6\/2022\/06\/WhatsApp-Image-2022-06-21-at-5.02.27-PM.jpeg","articleSection":["Noticias"],"inLanguage":"es","potentialAction":[{"@type":"CommentAction","name":"Comment","target":["https:\/\/ajeandalucia.org\/cordoba\/2022\/06\/21\/o-3\/#respond"]}]},{"@type":"WebPage","@id":"https:\/\/ajeandalucia.org\/cordoba\/2022\/06\/21\/o-3\/","url":"https:\/\/ajeandalucia.org\/cordoba\/2022\/06\/21\/o-3\/","name":"II Encuentro de J\u00f3venes Artistas AJE CORDOBA - AJE C\u00f3rdoba","isPartOf":{"@id":"https:\/\/ajeandalucia.org\/cordoba\/#website"},"primaryImageOfPage":{"@id":"https:\/\/ajeandalucia.org\/cordoba\/2022\/06\/21\/o-3\/#primaryimage"},"image":{"@id":"https:\/\/ajeandalucia.org\/cordoba\/2022\/06\/21\/o-3\/#primaryimage"},"thumbnailUrl":"https:\/\/ajeandalucia.org\/cordoba\/wp-content\/uploads\/sites\/6\/2022\/06\/WhatsApp-Image-2022-06-21-at-5.02.27-PM.jpeg","datePublished":"2022-06-21T17:27:55+00:00","dateModified":"2022-06-22T17:34:27+00:00","breadcrumb":{"@id":"https:\/\/ajeandalucia.org\/cordoba\/2022\/06\/21\/o-3\/#breadcrumb"},"inLanguage":"es","potentialAction":[{"@type":"ReadAction","target":["https:\/\/ajeandalucia.org\/cordoba\/2022\/06\/21\/o-3\/"]}]},{"@type":"ImageObject","inLanguage":"es","@id":"https:\/\/ajeandalucia.org\/cordoba\/2022\/06\/21\/o-3\/#primaryimage","url":"https:\/\/ajeandalucia.org\/cordoba\/wp-content\/uploads\/sites\/6\/2022\/06\/WhatsApp-Image-2022-06-21-at-5.02.27-PM.jpeg","contentUrl":"https:\/\/ajeandalucia.org\/cordoba\/wp-content\/uploads\/sites\/6\/2022\/06\/WhatsApp-Image-2022-06-21-at-5.02.27-PM.jpeg","width":1600,"height":1066},{"@type":"BreadcrumbList","@id":"https:\/\/ajeandalucia.org\/cordoba\/2022\/06\/21\/o-3\/#breadcrumb","itemListElement":[{"@type":"ListItem","position":1,"name":"Portada","item":"https:\/\/ajeandalucia.org\/cordoba\/"},{"@type":"ListItem","position":2,"name":"II Encuentro de J\u00f3venes Artistas AJE CORDOBA"}]},{"@type":"WebSite","@id":"https:\/\/ajeandalucia.org\/cordoba\/#website","url":"https:\/\/ajeandalucia.org\/cordoba\/","name":"AJE C\u00f3rdoba","description":"Otro sitio m\u00e1s de AJE Andaluc\u00eda","publisher":{"@id":"https:\/\/ajeandalucia.org\/cordoba\/#organization"},"potentialAction":[{"@type":"SearchAction","target":{"@type":"EntryPoint","urlTemplate":"https:\/\/ajeandalucia.org\/cordoba\/?s={search_term_string}"},"query-input":{"@type":"PropertyValueSpecification","valueRequired":true,"valueName":"search_term_string"}}],"inLanguage":"es"},{"@type":"Organization","@id":"https:\/\/ajeandalucia.org\/cordoba\/#organization","name":"AJE C\u00f3rdoba","url":"https:\/\/ajeandalucia.org\/cordoba\/","logo":{"@type":"ImageObject","inLanguage":"es","@id":"https:\/\/ajeandalucia.org\/cordoba\/#\/schema\/logo\/image\/","url":"https:\/\/ajeandalucia.org\/cordoba\/wp-content\/uploads\/sites\/6\/2025\/01\/AJE-CORDOBA-horizontal.png","contentUrl":"https:\/\/ajeandalucia.org\/cordoba\/wp-content\/uploads\/sites\/6\/2025\/01\/AJE-CORDOBA-horizontal.png","width":605,"height":200,"caption":"AJE C\u00f3rdoba"},"image":{"@id":"https:\/\/ajeandalucia.org\/cordoba\/#\/schema\/logo\/image\/"}},{"@type":"Person","@id":"https:\/\/ajeandalucia.org\/cordoba\/#\/schema\/person\/1d19f90c44baad3b3701f8af33c2f520","name":"cordoba","image":{"@type":"ImageObject","inLanguage":"es","@id":"https:\/\/ajeandalucia.org\/cordoba\/#\/schema\/person\/image\/","url":"https:\/\/secure.gravatar.com\/avatar\/46102d83da7c40efca6d3413931ddaf8470cef93888429af7689de210b9bb6fe?s=96&d=mm&r=g","contentUrl":"https:\/\/secure.gravatar.com\/avatar\/46102d83da7c40efca6d3413931ddaf8470cef93888429af7689de210b9bb6fe?s=96&d=mm&r=g","caption":"cordoba"},"url":"https:\/\/ajeandalucia.org\/cordoba\/author\/cordoba\/"}]}},"_links":{"self":[{"href":"https:\/\/ajeandalucia.org\/cordoba\/wp-json\/wp\/v2\/posts\/5701","targetHints":{"allow":["GET"]}}],"collection":[{"href":"https:\/\/ajeandalucia.org\/cordoba\/wp-json\/wp\/v2\/posts"}],"about":[{"href":"https:\/\/ajeandalucia.org\/cordoba\/wp-json\/wp\/v2\/types\/post"}],"author":[{"embeddable":true,"href":"https:\/\/ajeandalucia.org\/cordoba\/wp-json\/wp\/v2\/users\/5"}],"replies":[{"embeddable":true,"href":"https:\/\/ajeandalucia.org\/cordoba\/wp-json\/wp\/v2\/comments?post=5701"}],"version-history":[{"count":4,"href":"https:\/\/ajeandalucia.org\/cordoba\/wp-json\/wp\/v2\/posts\/5701\/revisions"}],"predecessor-version":[{"id":5706,"href":"https:\/\/ajeandalucia.org\/cordoba\/wp-json\/wp\/v2\/posts\/5701\/revisions\/5706"}],"wp:featuredmedia":[{"embeddable":true,"href":"https:\/\/ajeandalucia.org\/cordoba\/wp-json\/wp\/v2\/media\/5702"}],"wp:attachment":[{"href":"https:\/\/ajeandalucia.org\/cordoba\/wp-json\/wp\/v2\/media?parent=5701"}],"wp:term":[{"taxonomy":"category","embeddable":true,"href":"https:\/\/ajeandalucia.org\/cordoba\/wp-json\/wp\/v2\/categories?post=5701"},{"taxonomy":"post_tag","embeddable":true,"href":"https:\/\/ajeandalucia.org\/cordoba\/wp-json\/wp\/v2\/tags?post=5701"}],"curies":[{"name":"wp","href":"https:\/\/api.w.org\/{rel}","templated":true}]}}