{"id":5767,"date":"2022-07-29T06:15:45","date_gmt":"2022-07-29T06:15:45","guid":{"rendered":"https:\/\/www.ajeandalucia.org\/cordoba\/?p=5767"},"modified":"2022-07-29T06:15:45","modified_gmt":"2022-07-29T06:15:45","slug":"ingedeca-y-mam-cordoba-logran-los-premios-aje-2022","status":"publish","type":"post","link":"https:\/\/ajeandalucia.org\/cordoba\/2022\/07\/29\/ingedeca-y-mam-cordoba-logran-los-premios-aje-2022\/","title":{"rendered":"Ingedeca y MAM C\u00f3rdoba logran los Premios AJE 2022"},"content":{"rendered":"<p style=\"text-align: center\">\u00a0Las empresas Ingedeca y MAM (Mantenimientos y Montajes) C\u00f3rdoba han resultado ganadores de los Premios AJE 2022, unos galardones que organiza cada a\u00f1o la Asociaci\u00f3n de J\u00f3venes Empresarios (AJE) de C\u00f3rdoba y cuya gala ha tenido lugar en esta ocasi\u00f3n en el Restaurante El Bosque. El colectivo ha contado con la presencia del presidente de AJE C\u00f3rdoba, F\u00e9lix Almagro; el alcalde, Jos\u00e9 Mar\u00eda Bellido; el rector de la Universidad de C\u00f3rdoba, Manuel Torralbo; y el consejero de Universidad e Innovaci\u00f3n, Jos\u00e9 Carlos G\u00f3mez Villamandos, adem\u00e1s de los representantes de las empresas e instituciones colaboradoras.<\/p>\n<p>MAM C\u00f3rdoba, empresa ganadora en la categor\u00eda de iniciativa empresarial, cuenta con m\u00e1s de 15 a\u00f1os de experiencia en el sector industrial, tanto en el montaje como en la gesti\u00f3n de mantenimientos integrales. Entre sus m\u00e1s notables destacan desde la construcci\u00f3n de termo-solares de tecnolog\u00eda CCP hasta trabajos en explotaciones mineras. Recientemente ha finalizado un gran proyecto para Renovables Samca.<\/p>\n<p>Tras MAM C\u00f3rdoba, en la categor\u00eda de iniciativa empresarial, han quedado clasificado Supramar y Amarillo Lim\u00f3n.<\/p>\n<p>La firma que ha resultado vencedora en trayectoria empresarial, por su parte, ha sido\u00a0 Ingedeca, una empresa de servicios del sector de la construcci\u00f3n fundada en 2012. \u201cLo que comenz\u00f3 hace m\u00e1s de diez a\u00f1os por compa\u00f1eros de facultad hoy lo conforma una gran familia de m\u00e1s de 50 trabajadores, cuyo objetivo principal es trabajar duro para obtener la excelencia en todos los servicios que prestamos, con la misma ilusi\u00f3n e implicaci\u00f3n que el primer d\u00eda\u201d, seg\u00fan explican los propios dirigentes de la marca.<\/p>\n<p>El cuadro de honor en la categor\u00eda de trayectoria empresarial lo completan Stylo 10 y Redil.<\/p>\n<p>El presidente de AJE ha dado la enhorabuena a los ganadores y el resto de premiados y ha hecho una especial menci\u00f3n al lema de esta edici\u00f3n \u2018Volver a conectar\u2019: \u201cEs nuestra raz\u00f3n de ser conocernos y conectarnos mejor, y no solo me refiero a los empresarios de nuestra ciudad, sino a los de toda la provincia\u201d. Almagro tambi\u00e9n ha apuntado al hecho de que la mayor parte de las empresas que visita AJE \u201cson un\u00e1nimes a la hora de se\u00f1alar que no encuentran personal para trabajar\u201d.<\/p>\n<p>Almagro no ha pasado por alto que \u201cla gran mayor\u00eda de las peque\u00f1as y medianas empresas espa\u00f1olas siguen estando en una situaci\u00f3n extremadamente dif\u00edcil. Es complicada en cuanto a sus propias circunstancias de sobreendeudamiento, morosidad, ca\u00edda de la facturaci\u00f3n, incremento de los costes, presi\u00f3n fiscal, riesgo de viabilidad&#8230; Pero complicada excepcionalmente en comparaci\u00f3n con el resto de las empresas europeas\u201d.<\/p>\n<p>Los premios, organizados por AJE C\u00f3rdoba, han contado con el patrocinio de Jabea, PTV Telecom, el Bosque, Corgalan, SP Group y Grupo Rochel. A todos ellos y a las empresas colaboradoras, el presidente de AJE C\u00f3rdoba ha agradecido su compromiso con el colectivo AJE C\u00f3rdoba y su gala anual.<\/p>\n","protected":false},"excerpt":{"rendered":"<p>\u00a0Las empresas Ingedeca y MAM (Mantenimientos y Montajes) C\u00f3rdoba han resultado ganadores de los Premios AJE 2022, unos galardones que [&hellip;]<\/p>\n","protected":false},"author":5,"featured_media":5768,"comment_status":"open","ping_status":"open","sticky":false,"template":"","format":"standard","meta":{"_acf_changed":false,"site-sidebar-layout":"default","site-content-layout":"","ast-site-content-layout":"default","site-content-style":"default","site-sidebar-style":"default","ast-global-header-display":"","ast-banner-title-visibility":"","ast-main-header-display":"","ast-hfb-above-header-display":"","ast-hfb-below-header-display":"","ast-hfb-mobile-header-display":"","site-post-title":"","ast-breadcrumbs-content":"","ast-featured-img":"","footer-sml-layout":"","ast-disable-related-posts":"","theme-transparent-header-meta":"","adv-header-id-meta":"","stick-header-meta":"","header-above-stick-meta":"","header-main-stick-meta":"","header-below-stick-meta":"","astra-migrate-meta-layouts":"default","ast-page-background-enabled":"default","ast-page-background-meta":{"desktop":{"background-color":"var(--ast-global-color-5)","background-image":"","background-repeat":"repeat","background-position":"center center","background-size":"auto","background-attachment":"scroll","background-type":"","background-media":"","overlay-type":"","overlay-color":"","overlay-opacity":"","overlay-gradient":""},"tablet":{"background-color":"","background-image":"","background-repeat":"repeat","background-position":"center center","background-size":"auto","background-attachment":"scroll","background-type":"","background-media":"","overlay-type":"","overlay-color":"","overlay-opacity":"","overlay-gradient":""},"mobile":{"background-color":"","background-image":"","background-repeat":"repeat","background-position":"center center","background-size":"auto","background-attachment":"scroll","background-type":"","background-media":"","overlay-type":"","overlay-color":"","overlay-opacity":"","overlay-gradient":""}},"ast-content-background-meta":{"desktop":{"background-color":"var(--ast-global-color-4)","background-image":"","background-repeat":"repeat","background-position":"center center","background-size":"auto","background-attachment":"scroll","background-type":"","background-media":"","overlay-type":"","overlay-color":"","overlay-opacity":"","overlay-gradient":""},"tablet":{"background-color":"var(--ast-global-color-4)","background-image":"","background-repeat":"repeat","background-position":"center center","background-size":"auto","background-attachment":"scroll","background-type":"","background-media":"","overlay-type":"","overlay-color":"","overlay-opacity":"","overlay-gradient":""},"mobile":{"background-color":"var(--ast-global-color-4)","background-image":"","background-repeat":"repeat","background-position":"center center","background-size":"auto","background-attachment":"scroll","background-type":"","background-media":"","overlay-type":"","overlay-color":"","overlay-opacity":"","overlay-gradient":""}},"footnotes":""},"categories":[8],"tags":[],"class_list":["post-5767","post","type-post","status-publish","format-standard","has-post-thumbnail","hentry","category-noticias"],"acf":[],"yoast_head":"<!-- This site is optimized with the Yoast SEO plugin v26.9 - https:\/\/yoast.com\/product\/yoast-seo-wordpress\/ -->\n<title>Ingedeca y MAM C\u00f3rdoba logran los Premios AJE 2022 - AJE C\u00f3rdoba<\/title>\n<meta name=\"robots\" content=\"index, follow, max-snippet:-1, max-image-preview:large, max-video-preview:-1\" \/>\n<link rel=\"canonical\" href=\"https:\/\/ajeandalucia.org\/cordoba\/2022\/07\/29\/ingedeca-y-mam-cordoba-logran-los-premios-aje-2022\/\" \/>\n<meta property=\"og:locale\" content=\"es_ES\" \/>\n<meta property=\"og:type\" content=\"article\" \/>\n<meta property=\"og:title\" content=\"Ingedeca y MAM C\u00f3rdoba logran los Premios AJE 2022 - AJE C\u00f3rdoba\" \/>\n<meta property=\"og:description\" content=\"\u00a0Las empresas Ingedeca y MAM (Mantenimientos y Montajes) C\u00f3rdoba han resultado ganadores de los Premios AJE 2022, unos galardones que [&hellip;]\" \/>\n<meta property=\"og:url\" content=\"https:\/\/ajeandalucia.org\/cordoba\/2022\/07\/29\/ingedeca-y-mam-cordoba-logran-los-premios-aje-2022\/\" \/>\n<meta property=\"og:site_name\" content=\"AJE C\u00f3rdoba\" \/>\n<meta property=\"article:published_time\" content=\"2022-07-29T06:15:45+00:00\" \/>\n<meta property=\"og:image\" content=\"https:\/\/ajeandalucia.org\/cordoba\/wp-content\/uploads\/sites\/6\/2022\/07\/aje2.jpeg\" \/>\n\t<meta property=\"og:image:width\" content=\"2048\" \/>\n\t<meta property=\"og:image:height\" content=\"1362\" \/>\n\t<meta property=\"og:image:type\" content=\"image\/jpeg\" \/>\n<meta name=\"author\" content=\"cordoba\" \/>\n<meta name=\"twitter:card\" content=\"summary_large_image\" \/>\n<meta name=\"twitter:label1\" content=\"Escrito por\" \/>\n\t<meta name=\"twitter:data1\" content=\"cordoba\" \/>\n\t<meta name=\"twitter:label2\" content=\"Tiempo de lectura\" \/>\n\t<meta name=\"twitter:data2\" content=\"3 minutos\" \/>\n<script type=\"application\/ld+json\" class=\"yoast-schema-graph\">{\"@context\":\"https:\/\/schema.org\",\"@graph\":[{\"@type\":\"Article\",\"@id\":\"https:\/\/ajeandalucia.org\/cordoba\/2022\/07\/29\/ingedeca-y-mam-cordoba-logran-los-premios-aje-2022\/#article\",\"isPartOf\":{\"@id\":\"https:\/\/ajeandalucia.org\/cordoba\/2022\/07\/29\/ingedeca-y-mam-cordoba-logran-los-premios-aje-2022\/\"},\"author\":{\"name\":\"cordoba\",\"@id\":\"https:\/\/ajeandalucia.org\/cordoba\/#\/schema\/person\/1d19f90c44baad3b3701f8af33c2f520\"},\"headline\":\"Ingedeca y MAM C\u00f3rdoba logran los Premios AJE 2022\",\"datePublished\":\"2022-07-29T06:15:45+00:00\",\"mainEntityOfPage\":{\"@id\":\"https:\/\/ajeandalucia.org\/cordoba\/2022\/07\/29\/ingedeca-y-mam-cordoba-logran-los-premios-aje-2022\/\"},\"wordCount\":522,\"commentCount\":0,\"publisher\":{\"@id\":\"https:\/\/ajeandalucia.org\/cordoba\/#organization\"},\"image\":{\"@id\":\"https:\/\/ajeandalucia.org\/cordoba\/2022\/07\/29\/ingedeca-y-mam-cordoba-logran-los-premios-aje-2022\/#primaryimage\"},\"thumbnailUrl\":\"https:\/\/ajeandalucia.org\/cordoba\/wp-content\/uploads\/sites\/6\/2022\/07\/aje2.jpeg\",\"articleSection\":[\"Noticias\"],\"inLanguage\":\"es\",\"potentialAction\":[{\"@type\":\"CommentAction\",\"name\":\"Comment\",\"target\":[\"https:\/\/ajeandalucia.org\/cordoba\/2022\/07\/29\/ingedeca-y-mam-cordoba-logran-los-premios-aje-2022\/#respond\"]}]},{\"@type\":\"WebPage\",\"@id\":\"https:\/\/ajeandalucia.org\/cordoba\/2022\/07\/29\/ingedeca-y-mam-cordoba-logran-los-premios-aje-2022\/\",\"url\":\"https:\/\/ajeandalucia.org\/cordoba\/2022\/07\/29\/ingedeca-y-mam-cordoba-logran-los-premios-aje-2022\/\",\"name\":\"Ingedeca y MAM C\u00f3rdoba logran los Premios AJE 2022 - AJE C\u00f3rdoba\",\"isPartOf\":{\"@id\":\"https:\/\/ajeandalucia.org\/cordoba\/#website\"},\"primaryImageOfPage\":{\"@id\":\"https:\/\/ajeandalucia.org\/cordoba\/2022\/07\/29\/ingedeca-y-mam-cordoba-logran-los-premios-aje-2022\/#primaryimage\"},\"image\":{\"@id\":\"https:\/\/ajeandalucia.org\/cordoba\/2022\/07\/29\/ingedeca-y-mam-cordoba-logran-los-premios-aje-2022\/#primaryimage\"},\"thumbnailUrl\":\"https:\/\/ajeandalucia.org\/cordoba\/wp-content\/uploads\/sites\/6\/2022\/07\/aje2.jpeg\",\"datePublished\":\"2022-07-29T06:15:45+00:00\",\"breadcrumb\":{\"@id\":\"https:\/\/ajeandalucia.org\/cordoba\/2022\/07\/29\/ingedeca-y-mam-cordoba-logran-los-premios-aje-2022\/#breadcrumb\"},\"inLanguage\":\"es\",\"potentialAction\":[{\"@type\":\"ReadAction\",\"target\":[\"https:\/\/ajeandalucia.org\/cordoba\/2022\/07\/29\/ingedeca-y-mam-cordoba-logran-los-premios-aje-2022\/\"]}]},{\"@type\":\"ImageObject\",\"inLanguage\":\"es\",\"@id\":\"https:\/\/ajeandalucia.org\/cordoba\/2022\/07\/29\/ingedeca-y-mam-cordoba-logran-los-premios-aje-2022\/#primaryimage\",\"url\":\"https:\/\/ajeandalucia.org\/cordoba\/wp-content\/uploads\/sites\/6\/2022\/07\/aje2.jpeg\",\"contentUrl\":\"https:\/\/ajeandalucia.org\/cordoba\/wp-content\/uploads\/sites\/6\/2022\/07\/aje2.jpeg\",\"width\":2048,\"height\":1362},{\"@type\":\"BreadcrumbList\",\"@id\":\"https:\/\/ajeandalucia.org\/cordoba\/2022\/07\/29\/ingedeca-y-mam-cordoba-logran-los-premios-aje-2022\/#breadcrumb\",\"itemListElement\":[{\"@type\":\"ListItem\",\"position\":1,\"name\":\"Portada\",\"item\":\"https:\/\/ajeandalucia.org\/cordoba\/\"},{\"@type\":\"ListItem\",\"position\":2,\"name\":\"Ingedeca y MAM C\u00f3rdoba logran los Premios AJE 2022\"}]},{\"@type\":\"WebSite\",\"@id\":\"https:\/\/ajeandalucia.org\/cordoba\/#website\",\"url\":\"https:\/\/ajeandalucia.org\/cordoba\/\",\"name\":\"AJE C\u00f3rdoba\",\"description\":\"Otro sitio m\u00e1s de AJE Andaluc\u00eda\",\"publisher\":{\"@id\":\"https:\/\/ajeandalucia.org\/cordoba\/#organization\"},\"potentialAction\":[{\"@type\":\"SearchAction\",\"target\":{\"@type\":\"EntryPoint\",\"urlTemplate\":\"https:\/\/ajeandalucia.org\/cordoba\/?s={search_term_string}\"},\"query-input\":{\"@type\":\"PropertyValueSpecification\",\"valueRequired\":true,\"valueName\":\"search_term_string\"}}],\"inLanguage\":\"es\"},{\"@type\":\"Organization\",\"@id\":\"https:\/\/ajeandalucia.org\/cordoba\/#organization\",\"name\":\"AJE C\u00f3rdoba\",\"url\":\"https:\/\/ajeandalucia.org\/cordoba\/\",\"logo\":{\"@type\":\"ImageObject\",\"inLanguage\":\"es\",\"@id\":\"https:\/\/ajeandalucia.org\/cordoba\/#\/schema\/logo\/image\/\",\"url\":\"https:\/\/ajeandalucia.org\/cordoba\/wp-content\/uploads\/sites\/6\/2025\/01\/AJE-CORDOBA-horizontal.png\",\"contentUrl\":\"https:\/\/ajeandalucia.org\/cordoba\/wp-content\/uploads\/sites\/6\/2025\/01\/AJE-CORDOBA-horizontal.png\",\"width\":605,\"height\":200,\"caption\":\"AJE C\u00f3rdoba\"},\"image\":{\"@id\":\"https:\/\/ajeandalucia.org\/cordoba\/#\/schema\/logo\/image\/\"}},{\"@type\":\"Person\",\"@id\":\"https:\/\/ajeandalucia.org\/cordoba\/#\/schema\/person\/1d19f90c44baad3b3701f8af33c2f520\",\"name\":\"cordoba\",\"image\":{\"@type\":\"ImageObject\",\"inLanguage\":\"es\",\"@id\":\"https:\/\/ajeandalucia.org\/cordoba\/#\/schema\/person\/image\/\",\"url\":\"https:\/\/secure.gravatar.com\/avatar\/46102d83da7c40efca6d3413931ddaf8470cef93888429af7689de210b9bb6fe?s=96&d=mm&r=g\",\"contentUrl\":\"https:\/\/secure.gravatar.com\/avatar\/46102d83da7c40efca6d3413931ddaf8470cef93888429af7689de210b9bb6fe?s=96&d=mm&r=g\",\"caption\":\"cordoba\"},\"url\":\"https:\/\/ajeandalucia.org\/cordoba\/author\/cordoba\/\"}]}<\/script>\n<!-- \/ Yoast SEO plugin. -->","yoast_head_json":{"title":"Ingedeca y MAM C\u00f3rdoba logran los Premios AJE 2022 - AJE C\u00f3rdoba","robots":{"index":"index","follow":"follow","max-snippet":"max-snippet:-1","max-image-preview":"max-image-preview:large","max-video-preview":"max-video-preview:-1"},"canonical":"https:\/\/ajeandalucia.org\/cordoba\/2022\/07\/29\/ingedeca-y-mam-cordoba-logran-los-premios-aje-2022\/","og_locale":"es_ES","og_type":"article","og_title":"Ingedeca y MAM C\u00f3rdoba logran los Premios AJE 2022 - AJE C\u00f3rdoba","og_description":"\u00a0Las empresas Ingedeca y MAM (Mantenimientos y Montajes) C\u00f3rdoba han resultado ganadores de los Premios AJE 2022, unos galardones que [&hellip;]","og_url":"https:\/\/ajeandalucia.org\/cordoba\/2022\/07\/29\/ingedeca-y-mam-cordoba-logran-los-premios-aje-2022\/","og_site_name":"AJE C\u00f3rdoba","article_published_time":"2022-07-29T06:15:45+00:00","og_image":[{"width":2048,"height":1362,"url":"https:\/\/ajeandalucia.org\/cordoba\/wp-content\/uploads\/sites\/6\/2022\/07\/aje2.jpeg","type":"image\/jpeg"}],"author":"cordoba","twitter_card":"summary_large_image","twitter_misc":{"Escrito por":"cordoba","Tiempo de lectura":"3 minutos"},"schema":{"@context":"https:\/\/schema.org","@graph":[{"@type":"Article","@id":"https:\/\/ajeandalucia.org\/cordoba\/2022\/07\/29\/ingedeca-y-mam-cordoba-logran-los-premios-aje-2022\/#article","isPartOf":{"@id":"https:\/\/ajeandalucia.org\/cordoba\/2022\/07\/29\/ingedeca-y-mam-cordoba-logran-los-premios-aje-2022\/"},"author":{"name":"cordoba","@id":"https:\/\/ajeandalucia.org\/cordoba\/#\/schema\/person\/1d19f90c44baad3b3701f8af33c2f520"},"headline":"Ingedeca y MAM C\u00f3rdoba logran los Premios AJE 2022","datePublished":"2022-07-29T06:15:45+00:00","mainEntityOfPage":{"@id":"https:\/\/ajeandalucia.org\/cordoba\/2022\/07\/29\/ingedeca-y-mam-cordoba-logran-los-premios-aje-2022\/"},"wordCount":522,"commentCount":0,"publisher":{"@id":"https:\/\/ajeandalucia.org\/cordoba\/#organization"},"image":{"@id":"https:\/\/ajeandalucia.org\/cordoba\/2022\/07\/29\/ingedeca-y-mam-cordoba-logran-los-premios-aje-2022\/#primaryimage"},"thumbnailUrl":"https:\/\/ajeandalucia.org\/cordoba\/wp-content\/uploads\/sites\/6\/2022\/07\/aje2.jpeg","articleSection":["Noticias"],"inLanguage":"es","potentialAction":[{"@type":"CommentAction","name":"Comment","target":["https:\/\/ajeandalucia.org\/cordoba\/2022\/07\/29\/ingedeca-y-mam-cordoba-logran-los-premios-aje-2022\/#respond"]}]},{"@type":"WebPage","@id":"https:\/\/ajeandalucia.org\/cordoba\/2022\/07\/29\/ingedeca-y-mam-cordoba-logran-los-premios-aje-2022\/","url":"https:\/\/ajeandalucia.org\/cordoba\/2022\/07\/29\/ingedeca-y-mam-cordoba-logran-los-premios-aje-2022\/","name":"Ingedeca y MAM C\u00f3rdoba logran los Premios AJE 2022 - AJE C\u00f3rdoba","isPartOf":{"@id":"https:\/\/ajeandalucia.org\/cordoba\/#website"},"primaryImageOfPage":{"@id":"https:\/\/ajeandalucia.org\/cordoba\/2022\/07\/29\/ingedeca-y-mam-cordoba-logran-los-premios-aje-2022\/#primaryimage"},"image":{"@id":"https:\/\/ajeandalucia.org\/cordoba\/2022\/07\/29\/ingedeca-y-mam-cordoba-logran-los-premios-aje-2022\/#primaryimage"},"thumbnailUrl":"https:\/\/ajeandalucia.org\/cordoba\/wp-content\/uploads\/sites\/6\/2022\/07\/aje2.jpeg","datePublished":"2022-07-29T06:15:45+00:00","breadcrumb":{"@id":"https:\/\/ajeandalucia.org\/cordoba\/2022\/07\/29\/ingedeca-y-mam-cordoba-logran-los-premios-aje-2022\/#breadcrumb"},"inLanguage":"es","potentialAction":[{"@type":"ReadAction","target":["https:\/\/ajeandalucia.org\/cordoba\/2022\/07\/29\/ingedeca-y-mam-cordoba-logran-los-premios-aje-2022\/"]}]},{"@type":"ImageObject","inLanguage":"es","@id":"https:\/\/ajeandalucia.org\/cordoba\/2022\/07\/29\/ingedeca-y-mam-cordoba-logran-los-premios-aje-2022\/#primaryimage","url":"https:\/\/ajeandalucia.org\/cordoba\/wp-content\/uploads\/sites\/6\/2022\/07\/aje2.jpeg","contentUrl":"https:\/\/ajeandalucia.org\/cordoba\/wp-content\/uploads\/sites\/6\/2022\/07\/aje2.jpeg","width":2048,"height":1362},{"@type":"BreadcrumbList","@id":"https:\/\/ajeandalucia.org\/cordoba\/2022\/07\/29\/ingedeca-y-mam-cordoba-logran-los-premios-aje-2022\/#breadcrumb","itemListElement":[{"@type":"ListItem","position":1,"name":"Portada","item":"https:\/\/ajeandalucia.org\/cordoba\/"},{"@type":"ListItem","position":2,"name":"Ingedeca y MAM C\u00f3rdoba logran los Premios AJE 2022"}]},{"@type":"WebSite","@id":"https:\/\/ajeandalucia.org\/cordoba\/#website","url":"https:\/\/ajeandalucia.org\/cordoba\/","name":"AJE C\u00f3rdoba","description":"Otro sitio m\u00e1s de AJE Andaluc\u00eda","publisher":{"@id":"https:\/\/ajeandalucia.org\/cordoba\/#organization"},"potentialAction":[{"@type":"SearchAction","target":{"@type":"EntryPoint","urlTemplate":"https:\/\/ajeandalucia.org\/cordoba\/?s={search_term_string}"},"query-input":{"@type":"PropertyValueSpecification","valueRequired":true,"valueName":"search_term_string"}}],"inLanguage":"es"},{"@type":"Organization","@id":"https:\/\/ajeandalucia.org\/cordoba\/#organization","name":"AJE C\u00f3rdoba","url":"https:\/\/ajeandalucia.org\/cordoba\/","logo":{"@type":"ImageObject","inLanguage":"es","@id":"https:\/\/ajeandalucia.org\/cordoba\/#\/schema\/logo\/image\/","url":"https:\/\/ajeandalucia.org\/cordoba\/wp-content\/uploads\/sites\/6\/2025\/01\/AJE-CORDOBA-horizontal.png","contentUrl":"https:\/\/ajeandalucia.org\/cordoba\/wp-content\/uploads\/sites\/6\/2025\/01\/AJE-CORDOBA-horizontal.png","width":605,"height":200,"caption":"AJE C\u00f3rdoba"},"image":{"@id":"https:\/\/ajeandalucia.org\/cordoba\/#\/schema\/logo\/image\/"}},{"@type":"Person","@id":"https:\/\/ajeandalucia.org\/cordoba\/#\/schema\/person\/1d19f90c44baad3b3701f8af33c2f520","name":"cordoba","image":{"@type":"ImageObject","inLanguage":"es","@id":"https:\/\/ajeandalucia.org\/cordoba\/#\/schema\/person\/image\/","url":"https:\/\/secure.gravatar.com\/avatar\/46102d83da7c40efca6d3413931ddaf8470cef93888429af7689de210b9bb6fe?s=96&d=mm&r=g","contentUrl":"https:\/\/secure.gravatar.com\/avatar\/46102d83da7c40efca6d3413931ddaf8470cef93888429af7689de210b9bb6fe?s=96&d=mm&r=g","caption":"cordoba"},"url":"https:\/\/ajeandalucia.org\/cordoba\/author\/cordoba\/"}]}},"_links":{"self":[{"href":"https:\/\/ajeandalucia.org\/cordoba\/wp-json\/wp\/v2\/posts\/5767","targetHints":{"allow":["GET"]}}],"collection":[{"href":"https:\/\/ajeandalucia.org\/cordoba\/wp-json\/wp\/v2\/posts"}],"about":[{"href":"https:\/\/ajeandalucia.org\/cordoba\/wp-json\/wp\/v2\/types\/post"}],"author":[{"embeddable":true,"href":"https:\/\/ajeandalucia.org\/cordoba\/wp-json\/wp\/v2\/users\/5"}],"replies":[{"embeddable":true,"href":"https:\/\/ajeandalucia.org\/cordoba\/wp-json\/wp\/v2\/comments?post=5767"}],"version-history":[{"count":1,"href":"https:\/\/ajeandalucia.org\/cordoba\/wp-json\/wp\/v2\/posts\/5767\/revisions"}],"predecessor-version":[{"id":5769,"href":"https:\/\/ajeandalucia.org\/cordoba\/wp-json\/wp\/v2\/posts\/5767\/revisions\/5769"}],"wp:featuredmedia":[{"embeddable":true,"href":"https:\/\/ajeandalucia.org\/cordoba\/wp-json\/wp\/v2\/media\/5768"}],"wp:attachment":[{"href":"https:\/\/ajeandalucia.org\/cordoba\/wp-json\/wp\/v2\/media?parent=5767"}],"wp:term":[{"taxonomy":"category","embeddable":true,"href":"https:\/\/ajeandalucia.org\/cordoba\/wp-json\/wp\/v2\/categories?post=5767"},{"taxonomy":"post_tag","embeddable":true,"href":"https:\/\/ajeandalucia.org\/cordoba\/wp-json\/wp\/v2\/tags?post=5767"}],"curies":[{"name":"wp","href":"https:\/\/api.w.org\/{rel}","templated":true}]}}