{"id":6241,"date":"2022-09-20T09:23:34","date_gmt":"2022-09-20T09:23:34","guid":{"rendered":"https:\/\/www.ajeandalucia.org\/cordoba\/?p=6241"},"modified":"2022-09-21T09:24:23","modified_gmt":"2022-09-21T09:24:23","slug":"aje-cordoba-retoma-el-programa-activa-la-comarca-con-un-encuentro-de-empresarios-en-fuente-palmera","status":"publish","type":"post","link":"https:\/\/ajeandalucia.org\/cordoba\/2022\/09\/20\/aje-cordoba-retoma-el-programa-activa-la-comarca-con-un-encuentro-de-empresarios-en-fuente-palmera\/","title":{"rendered":"AJE C\u00f3rdoba retoma el programa \u2018Activa la Comarca\u2019 con un encuentro de empresarios en Fuente Palmera"},"content":{"rendered":"<p><em>El colectivo resalta los \u201ccasos de \u00e9xito\u201d presentados en este encuentro a trav\u00e9s de los empresarios Ra\u00fal Guisado (Grupo F\u00e9nix), Esther Cabello (Obrador Pasteler\u00eda Esther Cabello), Roc\u00edo Moyano (Timoteo Eventos) y Jos\u00e9 Manuel Adame (Quinkana)\u00a0<\/em><\/p>\n<p><strong>C\u00f3rdoba<\/strong>. La Asociaci\u00f3n de J\u00f3venes Empresarios (AJE) C\u00f3rdoba ha retomado hoy en Fuente Palmera el proyecto \u2018Activa la Comarca, 4 d\u00e9cadas de historia empresarial\u2019 en un encuentro en el que han participado cuatro empresarios de esta localidad para contar su experiencia. Se trata de la primera jornada celebrada tras el par\u00f3n veraniego, en la que ha AJE C\u00f3rdoba ha contado con la financiaci\u00f3n de la Diputaci\u00f3n, adem\u00e1s del apoyo del Ayuntamiento y la Asociaci\u00f3n de Empresarios de este municipio. En total, el encuentro ha contado con alrededor de 50 emprendedores tanto de esta localidad como de la capital cordobesa.<\/p>\n<p>Ra\u00fal Guisado, de Grupo F\u00e9nix; Esther Cabello, de Obrador Pasteler\u00eda Esther Cabello; Roc\u00edo Moyano, de Timoteo Eventos; y Jos\u00e9 Manuel Adame, de Quinkana; han sido los empresarios que se han sumado a esta iniciativa de AJE C\u00f3rdoba en Fuente Palmera. Como ha apuntado el presidente de AJE C\u00f3rdoba, F\u00e9lix Almagro, \u201cgracias al apoyo de la Diputaci\u00f3n nos permita celebrar estas jornadas para que los empresarios de C\u00f3rdoba y los de la provincia se conozcan y sigamos divulgando la cultura emprendedora por toda C\u00f3rdoba\u201d.<\/p>\n<p>Almagro ha destacado las cuatro experiencias empresariales que han protagonizado el evento, as\u00ed como haber \u201cconstatado que Fuente Palmera es una poblaci\u00f3n con mucho emprendimiento y empresas que se est\u00e1n consolidando y que venden a cualquier parte del mundo\u201d. El presidente de AJE C\u00f3rdoba ha agradecido asimismo a la asociaci\u00f3n que \u201cnos haya dado todos los medios para celebrarlo\u201d y ha destacado las experiencias recogidas y las visitas a algunas de las empresas de este municipio.<\/p>\n","protected":false},"excerpt":{"rendered":"<p>El colectivo resalta los \u201ccasos de \u00e9xito\u201d presentados en este encuentro a trav\u00e9s de los empresarios Ra\u00fal Guisado (Grupo F\u00e9nix), [&hellip;]<\/p>\n","protected":false},"author":5,"featured_media":6242,"comment_status":"open","ping_status":"open","sticky":false,"template":"","format":"standard","meta":{"_acf_changed":false,"site-sidebar-layout":"default","site-content-layout":"","ast-site-content-layout":"default","site-content-style":"default","site-sidebar-style":"default","ast-global-header-display":"","ast-banner-title-visibility":"","ast-main-header-display":"","ast-hfb-above-header-display":"","ast-hfb-below-header-display":"","ast-hfb-mobile-header-display":"","site-post-title":"","ast-breadcrumbs-content":"","ast-featured-img":"","footer-sml-layout":"","ast-disable-related-posts":"","theme-transparent-header-meta":"","adv-header-id-meta":"","stick-header-meta":"","header-above-stick-meta":"","header-main-stick-meta":"","header-below-stick-meta":"","astra-migrate-meta-layouts":"default","ast-page-background-enabled":"default","ast-page-background-meta":{"desktop":{"background-color":"var(--ast-global-color-5)","background-image":"","background-repeat":"repeat","background-position":"center center","background-size":"auto","background-attachment":"scroll","background-type":"","background-media":"","overlay-type":"","overlay-color":"","overlay-opacity":"","overlay-gradient":""},"tablet":{"background-color":"","background-image":"","background-repeat":"repeat","background-position":"center center","background-size":"auto","background-attachment":"scroll","background-type":"","background-media":"","overlay-type":"","overlay-color":"","overlay-opacity":"","overlay-gradient":""},"mobile":{"background-color":"","background-image":"","background-repeat":"repeat","background-position":"center center","background-size":"auto","background-attachment":"scroll","background-type":"","background-media":"","overlay-type":"","overlay-color":"","overlay-opacity":"","overlay-gradient":""}},"ast-content-background-meta":{"desktop":{"background-color":"var(--ast-global-color-4)","background-image":"","background-repeat":"repeat","background-position":"center center","background-size":"auto","background-attachment":"scroll","background-type":"","background-media":"","overlay-type":"","overlay-color":"","overlay-opacity":"","overlay-gradient":""},"tablet":{"background-color":"var(--ast-global-color-4)","background-image":"","background-repeat":"repeat","background-position":"center center","background-size":"auto","background-attachment":"scroll","background-type":"","background-media":"","overlay-type":"","overlay-color":"","overlay-opacity":"","overlay-gradient":""},"mobile":{"background-color":"var(--ast-global-color-4)","background-image":"","background-repeat":"repeat","background-position":"center center","background-size":"auto","background-attachment":"scroll","background-type":"","background-media":"","overlay-type":"","overlay-color":"","overlay-opacity":"","overlay-gradient":""}},"footnotes":""},"categories":[8],"tags":[],"class_list":["post-6241","post","type-post","status-publish","format-standard","has-post-thumbnail","hentry","category-noticias"],"acf":[],"yoast_head":"<!-- This site is optimized with the Yoast SEO plugin v26.9 - https:\/\/yoast.com\/product\/yoast-seo-wordpress\/ -->\n<title>AJE C\u00f3rdoba retoma el programa \u2018Activa la Comarca\u2019 con un encuentro de empresarios en Fuente Palmera - AJE C\u00f3rdoba<\/title>\n<meta name=\"robots\" content=\"index, follow, max-snippet:-1, max-image-preview:large, max-video-preview:-1\" \/>\n<link rel=\"canonical\" href=\"https:\/\/ajeandalucia.org\/cordoba\/2022\/09\/20\/aje-cordoba-retoma-el-programa-activa-la-comarca-con-un-encuentro-de-empresarios-en-fuente-palmera\/\" \/>\n<meta property=\"og:locale\" content=\"es_ES\" \/>\n<meta property=\"og:type\" content=\"article\" \/>\n<meta property=\"og:title\" content=\"AJE C\u00f3rdoba retoma el programa \u2018Activa la Comarca\u2019 con un encuentro de empresarios en Fuente Palmera - AJE C\u00f3rdoba\" \/>\n<meta property=\"og:description\" content=\"El colectivo resalta los \u201ccasos de \u00e9xito\u201d presentados en este encuentro a trav\u00e9s de los empresarios Ra\u00fal Guisado (Grupo F\u00e9nix), [&hellip;]\" \/>\n<meta property=\"og:url\" content=\"https:\/\/ajeandalucia.org\/cordoba\/2022\/09\/20\/aje-cordoba-retoma-el-programa-activa-la-comarca-con-un-encuentro-de-empresarios-en-fuente-palmera\/\" \/>\n<meta property=\"og:site_name\" content=\"AJE C\u00f3rdoba\" \/>\n<meta property=\"article:published_time\" content=\"2022-09-20T09:23:34+00:00\" \/>\n<meta property=\"article:modified_time\" content=\"2022-09-21T09:24:23+00:00\" \/>\n<meta property=\"og:image\" content=\"https:\/\/ajeandalucia.org\/cordoba\/wp-content\/uploads\/sites\/6\/2022\/09\/Activa-la-Comarca-Fuente-Palmera.jpeg\" \/>\n\t<meta property=\"og:image:width\" content=\"1024\" \/>\n\t<meta property=\"og:image:height\" content=\"682\" \/>\n\t<meta property=\"og:image:type\" content=\"image\/jpeg\" \/>\n<meta name=\"author\" content=\"cordoba\" \/>\n<meta name=\"twitter:card\" content=\"summary_large_image\" \/>\n<meta name=\"twitter:label1\" content=\"Escrito por\" \/>\n\t<meta name=\"twitter:data1\" content=\"cordoba\" \/>\n\t<meta name=\"twitter:label2\" content=\"Tiempo de lectura\" \/>\n\t<meta name=\"twitter:data2\" content=\"2 minutos\" \/>\n<script type=\"application\/ld+json\" class=\"yoast-schema-graph\">{\"@context\":\"https:\/\/schema.org\",\"@graph\":[{\"@type\":\"Article\",\"@id\":\"https:\/\/ajeandalucia.org\/cordoba\/2022\/09\/20\/aje-cordoba-retoma-el-programa-activa-la-comarca-con-un-encuentro-de-empresarios-en-fuente-palmera\/#article\",\"isPartOf\":{\"@id\":\"https:\/\/ajeandalucia.org\/cordoba\/2022\/09\/20\/aje-cordoba-retoma-el-programa-activa-la-comarca-con-un-encuentro-de-empresarios-en-fuente-palmera\/\"},\"author\":{\"name\":\"cordoba\",\"@id\":\"https:\/\/ajeandalucia.org\/cordoba\/#\/schema\/person\/1d19f90c44baad3b3701f8af33c2f520\"},\"headline\":\"AJE C\u00f3rdoba retoma el programa \u2018Activa la Comarca\u2019 con un encuentro de empresarios en Fuente Palmera\",\"datePublished\":\"2022-09-20T09:23:34+00:00\",\"dateModified\":\"2022-09-21T09:24:23+00:00\",\"mainEntityOfPage\":{\"@id\":\"https:\/\/ajeandalucia.org\/cordoba\/2022\/09\/20\/aje-cordoba-retoma-el-programa-activa-la-comarca-con-un-encuentro-de-empresarios-en-fuente-palmera\/\"},\"wordCount\":338,\"commentCount\":0,\"publisher\":{\"@id\":\"https:\/\/ajeandalucia.org\/cordoba\/#organization\"},\"image\":{\"@id\":\"https:\/\/ajeandalucia.org\/cordoba\/2022\/09\/20\/aje-cordoba-retoma-el-programa-activa-la-comarca-con-un-encuentro-de-empresarios-en-fuente-palmera\/#primaryimage\"},\"thumbnailUrl\":\"https:\/\/ajeandalucia.org\/cordoba\/wp-content\/uploads\/sites\/6\/2022\/09\/Activa-la-Comarca-Fuente-Palmera.jpeg\",\"articleSection\":[\"Noticias\"],\"inLanguage\":\"es\",\"potentialAction\":[{\"@type\":\"CommentAction\",\"name\":\"Comment\",\"target\":[\"https:\/\/ajeandalucia.org\/cordoba\/2022\/09\/20\/aje-cordoba-retoma-el-programa-activa-la-comarca-con-un-encuentro-de-empresarios-en-fuente-palmera\/#respond\"]}]},{\"@type\":\"WebPage\",\"@id\":\"https:\/\/ajeandalucia.org\/cordoba\/2022\/09\/20\/aje-cordoba-retoma-el-programa-activa-la-comarca-con-un-encuentro-de-empresarios-en-fuente-palmera\/\",\"url\":\"https:\/\/ajeandalucia.org\/cordoba\/2022\/09\/20\/aje-cordoba-retoma-el-programa-activa-la-comarca-con-un-encuentro-de-empresarios-en-fuente-palmera\/\",\"name\":\"AJE C\u00f3rdoba retoma el programa \u2018Activa la Comarca\u2019 con un encuentro de empresarios en Fuente Palmera - AJE C\u00f3rdoba\",\"isPartOf\":{\"@id\":\"https:\/\/ajeandalucia.org\/cordoba\/#website\"},\"primaryImageOfPage\":{\"@id\":\"https:\/\/ajeandalucia.org\/cordoba\/2022\/09\/20\/aje-cordoba-retoma-el-programa-activa-la-comarca-con-un-encuentro-de-empresarios-en-fuente-palmera\/#primaryimage\"},\"image\":{\"@id\":\"https:\/\/ajeandalucia.org\/cordoba\/2022\/09\/20\/aje-cordoba-retoma-el-programa-activa-la-comarca-con-un-encuentro-de-empresarios-en-fuente-palmera\/#primaryimage\"},\"thumbnailUrl\":\"https:\/\/ajeandalucia.org\/cordoba\/wp-content\/uploads\/sites\/6\/2022\/09\/Activa-la-Comarca-Fuente-Palmera.jpeg\",\"datePublished\":\"2022-09-20T09:23:34+00:00\",\"dateModified\":\"2022-09-21T09:24:23+00:00\",\"breadcrumb\":{\"@id\":\"https:\/\/ajeandalucia.org\/cordoba\/2022\/09\/20\/aje-cordoba-retoma-el-programa-activa-la-comarca-con-un-encuentro-de-empresarios-en-fuente-palmera\/#breadcrumb\"},\"inLanguage\":\"es\",\"potentialAction\":[{\"@type\":\"ReadAction\",\"target\":[\"https:\/\/ajeandalucia.org\/cordoba\/2022\/09\/20\/aje-cordoba-retoma-el-programa-activa-la-comarca-con-un-encuentro-de-empresarios-en-fuente-palmera\/\"]}]},{\"@type\":\"ImageObject\",\"inLanguage\":\"es\",\"@id\":\"https:\/\/ajeandalucia.org\/cordoba\/2022\/09\/20\/aje-cordoba-retoma-el-programa-activa-la-comarca-con-un-encuentro-de-empresarios-en-fuente-palmera\/#primaryimage\",\"url\":\"https:\/\/ajeandalucia.org\/cordoba\/wp-content\/uploads\/sites\/6\/2022\/09\/Activa-la-Comarca-Fuente-Palmera.jpeg\",\"contentUrl\":\"https:\/\/ajeandalucia.org\/cordoba\/wp-content\/uploads\/sites\/6\/2022\/09\/Activa-la-Comarca-Fuente-Palmera.jpeg\",\"width\":1024,\"height\":682},{\"@type\":\"BreadcrumbList\",\"@id\":\"https:\/\/ajeandalucia.org\/cordoba\/2022\/09\/20\/aje-cordoba-retoma-el-programa-activa-la-comarca-con-un-encuentro-de-empresarios-en-fuente-palmera\/#breadcrumb\",\"itemListElement\":[{\"@type\":\"ListItem\",\"position\":1,\"name\":\"Portada\",\"item\":\"https:\/\/ajeandalucia.org\/cordoba\/\"},{\"@type\":\"ListItem\",\"position\":2,\"name\":\"AJE C\u00f3rdoba retoma el programa \u2018Activa la Comarca\u2019 con un encuentro de empresarios en Fuente Palmera\"}]},{\"@type\":\"WebSite\",\"@id\":\"https:\/\/ajeandalucia.org\/cordoba\/#website\",\"url\":\"https:\/\/ajeandalucia.org\/cordoba\/\",\"name\":\"AJE C\u00f3rdoba\",\"description\":\"Otro sitio m\u00e1s de AJE Andaluc\u00eda\",\"publisher\":{\"@id\":\"https:\/\/ajeandalucia.org\/cordoba\/#organization\"},\"potentialAction\":[{\"@type\":\"SearchAction\",\"target\":{\"@type\":\"EntryPoint\",\"urlTemplate\":\"https:\/\/ajeandalucia.org\/cordoba\/?s={search_term_string}\"},\"query-input\":{\"@type\":\"PropertyValueSpecification\",\"valueRequired\":true,\"valueName\":\"search_term_string\"}}],\"inLanguage\":\"es\"},{\"@type\":\"Organization\",\"@id\":\"https:\/\/ajeandalucia.org\/cordoba\/#organization\",\"name\":\"AJE C\u00f3rdoba\",\"url\":\"https:\/\/ajeandalucia.org\/cordoba\/\",\"logo\":{\"@type\":\"ImageObject\",\"inLanguage\":\"es\",\"@id\":\"https:\/\/ajeandalucia.org\/cordoba\/#\/schema\/logo\/image\/\",\"url\":\"https:\/\/ajeandalucia.org\/cordoba\/wp-content\/uploads\/sites\/6\/2025\/01\/AJE-CORDOBA-horizontal.png\",\"contentUrl\":\"https:\/\/ajeandalucia.org\/cordoba\/wp-content\/uploads\/sites\/6\/2025\/01\/AJE-CORDOBA-horizontal.png\",\"width\":605,\"height\":200,\"caption\":\"AJE C\u00f3rdoba\"},\"image\":{\"@id\":\"https:\/\/ajeandalucia.org\/cordoba\/#\/schema\/logo\/image\/\"}},{\"@type\":\"Person\",\"@id\":\"https:\/\/ajeandalucia.org\/cordoba\/#\/schema\/person\/1d19f90c44baad3b3701f8af33c2f520\",\"name\":\"cordoba\",\"image\":{\"@type\":\"ImageObject\",\"inLanguage\":\"es\",\"@id\":\"https:\/\/ajeandalucia.org\/cordoba\/#\/schema\/person\/image\/\",\"url\":\"https:\/\/secure.gravatar.com\/avatar\/46102d83da7c40efca6d3413931ddaf8470cef93888429af7689de210b9bb6fe?s=96&d=mm&r=g\",\"contentUrl\":\"https:\/\/secure.gravatar.com\/avatar\/46102d83da7c40efca6d3413931ddaf8470cef93888429af7689de210b9bb6fe?s=96&d=mm&r=g\",\"caption\":\"cordoba\"},\"url\":\"https:\/\/ajeandalucia.org\/cordoba\/author\/cordoba\/\"}]}<\/script>\n<!-- \/ Yoast SEO plugin. -->","yoast_head_json":{"title":"AJE C\u00f3rdoba retoma el programa \u2018Activa la Comarca\u2019 con un encuentro de empresarios en Fuente Palmera - AJE C\u00f3rdoba","robots":{"index":"index","follow":"follow","max-snippet":"max-snippet:-1","max-image-preview":"max-image-preview:large","max-video-preview":"max-video-preview:-1"},"canonical":"https:\/\/ajeandalucia.org\/cordoba\/2022\/09\/20\/aje-cordoba-retoma-el-programa-activa-la-comarca-con-un-encuentro-de-empresarios-en-fuente-palmera\/","og_locale":"es_ES","og_type":"article","og_title":"AJE C\u00f3rdoba retoma el programa \u2018Activa la Comarca\u2019 con un encuentro de empresarios en Fuente Palmera - AJE C\u00f3rdoba","og_description":"El colectivo resalta los \u201ccasos de \u00e9xito\u201d presentados en este encuentro a trav\u00e9s de los empresarios Ra\u00fal Guisado (Grupo F\u00e9nix), [&hellip;]","og_url":"https:\/\/ajeandalucia.org\/cordoba\/2022\/09\/20\/aje-cordoba-retoma-el-programa-activa-la-comarca-con-un-encuentro-de-empresarios-en-fuente-palmera\/","og_site_name":"AJE C\u00f3rdoba","article_published_time":"2022-09-20T09:23:34+00:00","article_modified_time":"2022-09-21T09:24:23+00:00","og_image":[{"width":1024,"height":682,"url":"https:\/\/ajeandalucia.org\/cordoba\/wp-content\/uploads\/sites\/6\/2022\/09\/Activa-la-Comarca-Fuente-Palmera.jpeg","type":"image\/jpeg"}],"author":"cordoba","twitter_card":"summary_large_image","twitter_misc":{"Escrito por":"cordoba","Tiempo de lectura":"2 minutos"},"schema":{"@context":"https:\/\/schema.org","@graph":[{"@type":"Article","@id":"https:\/\/ajeandalucia.org\/cordoba\/2022\/09\/20\/aje-cordoba-retoma-el-programa-activa-la-comarca-con-un-encuentro-de-empresarios-en-fuente-palmera\/#article","isPartOf":{"@id":"https:\/\/ajeandalucia.org\/cordoba\/2022\/09\/20\/aje-cordoba-retoma-el-programa-activa-la-comarca-con-un-encuentro-de-empresarios-en-fuente-palmera\/"},"author":{"name":"cordoba","@id":"https:\/\/ajeandalucia.org\/cordoba\/#\/schema\/person\/1d19f90c44baad3b3701f8af33c2f520"},"headline":"AJE C\u00f3rdoba retoma el programa \u2018Activa la Comarca\u2019 con un encuentro de empresarios en Fuente Palmera","datePublished":"2022-09-20T09:23:34+00:00","dateModified":"2022-09-21T09:24:23+00:00","mainEntityOfPage":{"@id":"https:\/\/ajeandalucia.org\/cordoba\/2022\/09\/20\/aje-cordoba-retoma-el-programa-activa-la-comarca-con-un-encuentro-de-empresarios-en-fuente-palmera\/"},"wordCount":338,"commentCount":0,"publisher":{"@id":"https:\/\/ajeandalucia.org\/cordoba\/#organization"},"image":{"@id":"https:\/\/ajeandalucia.org\/cordoba\/2022\/09\/20\/aje-cordoba-retoma-el-programa-activa-la-comarca-con-un-encuentro-de-empresarios-en-fuente-palmera\/#primaryimage"},"thumbnailUrl":"https:\/\/ajeandalucia.org\/cordoba\/wp-content\/uploads\/sites\/6\/2022\/09\/Activa-la-Comarca-Fuente-Palmera.jpeg","articleSection":["Noticias"],"inLanguage":"es","potentialAction":[{"@type":"CommentAction","name":"Comment","target":["https:\/\/ajeandalucia.org\/cordoba\/2022\/09\/20\/aje-cordoba-retoma-el-programa-activa-la-comarca-con-un-encuentro-de-empresarios-en-fuente-palmera\/#respond"]}]},{"@type":"WebPage","@id":"https:\/\/ajeandalucia.org\/cordoba\/2022\/09\/20\/aje-cordoba-retoma-el-programa-activa-la-comarca-con-un-encuentro-de-empresarios-en-fuente-palmera\/","url":"https:\/\/ajeandalucia.org\/cordoba\/2022\/09\/20\/aje-cordoba-retoma-el-programa-activa-la-comarca-con-un-encuentro-de-empresarios-en-fuente-palmera\/","name":"AJE C\u00f3rdoba retoma el programa \u2018Activa la Comarca\u2019 con un encuentro de empresarios en Fuente Palmera - AJE C\u00f3rdoba","isPartOf":{"@id":"https:\/\/ajeandalucia.org\/cordoba\/#website"},"primaryImageOfPage":{"@id":"https:\/\/ajeandalucia.org\/cordoba\/2022\/09\/20\/aje-cordoba-retoma-el-programa-activa-la-comarca-con-un-encuentro-de-empresarios-en-fuente-palmera\/#primaryimage"},"image":{"@id":"https:\/\/ajeandalucia.org\/cordoba\/2022\/09\/20\/aje-cordoba-retoma-el-programa-activa-la-comarca-con-un-encuentro-de-empresarios-en-fuente-palmera\/#primaryimage"},"thumbnailUrl":"https:\/\/ajeandalucia.org\/cordoba\/wp-content\/uploads\/sites\/6\/2022\/09\/Activa-la-Comarca-Fuente-Palmera.jpeg","datePublished":"2022-09-20T09:23:34+00:00","dateModified":"2022-09-21T09:24:23+00:00","breadcrumb":{"@id":"https:\/\/ajeandalucia.org\/cordoba\/2022\/09\/20\/aje-cordoba-retoma-el-programa-activa-la-comarca-con-un-encuentro-de-empresarios-en-fuente-palmera\/#breadcrumb"},"inLanguage":"es","potentialAction":[{"@type":"ReadAction","target":["https:\/\/ajeandalucia.org\/cordoba\/2022\/09\/20\/aje-cordoba-retoma-el-programa-activa-la-comarca-con-un-encuentro-de-empresarios-en-fuente-palmera\/"]}]},{"@type":"ImageObject","inLanguage":"es","@id":"https:\/\/ajeandalucia.org\/cordoba\/2022\/09\/20\/aje-cordoba-retoma-el-programa-activa-la-comarca-con-un-encuentro-de-empresarios-en-fuente-palmera\/#primaryimage","url":"https:\/\/ajeandalucia.org\/cordoba\/wp-content\/uploads\/sites\/6\/2022\/09\/Activa-la-Comarca-Fuente-Palmera.jpeg","contentUrl":"https:\/\/ajeandalucia.org\/cordoba\/wp-content\/uploads\/sites\/6\/2022\/09\/Activa-la-Comarca-Fuente-Palmera.jpeg","width":1024,"height":682},{"@type":"BreadcrumbList","@id":"https:\/\/ajeandalucia.org\/cordoba\/2022\/09\/20\/aje-cordoba-retoma-el-programa-activa-la-comarca-con-un-encuentro-de-empresarios-en-fuente-palmera\/#breadcrumb","itemListElement":[{"@type":"ListItem","position":1,"name":"Portada","item":"https:\/\/ajeandalucia.org\/cordoba\/"},{"@type":"ListItem","position":2,"name":"AJE C\u00f3rdoba retoma el programa \u2018Activa la Comarca\u2019 con un encuentro de empresarios en Fuente Palmera"}]},{"@type":"WebSite","@id":"https:\/\/ajeandalucia.org\/cordoba\/#website","url":"https:\/\/ajeandalucia.org\/cordoba\/","name":"AJE C\u00f3rdoba","description":"Otro sitio m\u00e1s de AJE Andaluc\u00eda","publisher":{"@id":"https:\/\/ajeandalucia.org\/cordoba\/#organization"},"potentialAction":[{"@type":"SearchAction","target":{"@type":"EntryPoint","urlTemplate":"https:\/\/ajeandalucia.org\/cordoba\/?s={search_term_string}"},"query-input":{"@type":"PropertyValueSpecification","valueRequired":true,"valueName":"search_term_string"}}],"inLanguage":"es"},{"@type":"Organization","@id":"https:\/\/ajeandalucia.org\/cordoba\/#organization","name":"AJE C\u00f3rdoba","url":"https:\/\/ajeandalucia.org\/cordoba\/","logo":{"@type":"ImageObject","inLanguage":"es","@id":"https:\/\/ajeandalucia.org\/cordoba\/#\/schema\/logo\/image\/","url":"https:\/\/ajeandalucia.org\/cordoba\/wp-content\/uploads\/sites\/6\/2025\/01\/AJE-CORDOBA-horizontal.png","contentUrl":"https:\/\/ajeandalucia.org\/cordoba\/wp-content\/uploads\/sites\/6\/2025\/01\/AJE-CORDOBA-horizontal.png","width":605,"height":200,"caption":"AJE C\u00f3rdoba"},"image":{"@id":"https:\/\/ajeandalucia.org\/cordoba\/#\/schema\/logo\/image\/"}},{"@type":"Person","@id":"https:\/\/ajeandalucia.org\/cordoba\/#\/schema\/person\/1d19f90c44baad3b3701f8af33c2f520","name":"cordoba","image":{"@type":"ImageObject","inLanguage":"es","@id":"https:\/\/ajeandalucia.org\/cordoba\/#\/schema\/person\/image\/","url":"https:\/\/secure.gravatar.com\/avatar\/46102d83da7c40efca6d3413931ddaf8470cef93888429af7689de210b9bb6fe?s=96&d=mm&r=g","contentUrl":"https:\/\/secure.gravatar.com\/avatar\/46102d83da7c40efca6d3413931ddaf8470cef93888429af7689de210b9bb6fe?s=96&d=mm&r=g","caption":"cordoba"},"url":"https:\/\/ajeandalucia.org\/cordoba\/author\/cordoba\/"}]}},"_links":{"self":[{"href":"https:\/\/ajeandalucia.org\/cordoba\/wp-json\/wp\/v2\/posts\/6241","targetHints":{"allow":["GET"]}}],"collection":[{"href":"https:\/\/ajeandalucia.org\/cordoba\/wp-json\/wp\/v2\/posts"}],"about":[{"href":"https:\/\/ajeandalucia.org\/cordoba\/wp-json\/wp\/v2\/types\/post"}],"author":[{"embeddable":true,"href":"https:\/\/ajeandalucia.org\/cordoba\/wp-json\/wp\/v2\/users\/5"}],"replies":[{"embeddable":true,"href":"https:\/\/ajeandalucia.org\/cordoba\/wp-json\/wp\/v2\/comments?post=6241"}],"version-history":[{"count":1,"href":"https:\/\/ajeandalucia.org\/cordoba\/wp-json\/wp\/v2\/posts\/6241\/revisions"}],"predecessor-version":[{"id":6243,"href":"https:\/\/ajeandalucia.org\/cordoba\/wp-json\/wp\/v2\/posts\/6241\/revisions\/6243"}],"wp:featuredmedia":[{"embeddable":true,"href":"https:\/\/ajeandalucia.org\/cordoba\/wp-json\/wp\/v2\/media\/6242"}],"wp:attachment":[{"href":"https:\/\/ajeandalucia.org\/cordoba\/wp-json\/wp\/v2\/media?parent=6241"}],"wp:term":[{"taxonomy":"category","embeddable":true,"href":"https:\/\/ajeandalucia.org\/cordoba\/wp-json\/wp\/v2\/categories?post=6241"},{"taxonomy":"post_tag","embeddable":true,"href":"https:\/\/ajeandalucia.org\/cordoba\/wp-json\/wp\/v2\/tags?post=6241"}],"curies":[{"name":"wp","href":"https:\/\/api.w.org\/{rel}","templated":true}]}}