{"id":7238,"date":"2023-04-27T07:11:32","date_gmt":"2023-04-27T07:11:32","guid":{"rendered":"https:\/\/www.ajeandalucia.org\/cordoba\/?p=7238"},"modified":"2023-04-27T07:11:32","modified_gmt":"2023-04-27T07:11:32","slug":"aje-cordoba-celebra-con-exito-la-primera-edicion-del-club-de-capitanas","status":"publish","type":"post","link":"https:\/\/ajeandalucia.org\/cordoba\/2023\/04\/27\/aje-cordoba-celebra-con-exito-la-primera-edicion-del-club-de-capitanas\/","title":{"rendered":"AJE C\u00f3rdoba celebra con \u00e9xito la primera edici\u00f3n del Club de Capitanas"},"content":{"rendered":"<p>El encuentro, que ha cubierto todo el aforo, ha servido para que \u201cmujeres empresarias\u201d den a conocer su experiencia personal y profesional y haya adem\u00e1s un espacio para networking<\/p>\n<p><strong>C\u00f3rdoba<\/strong>. La Asociaci\u00f3n de J\u00f3venes Empresarios (AJE) C\u00f3rdoba ha celebrado hoy con \u00e9xito la primera edici\u00f3n del Club de Capitanas, un espacio en el que las mujeres empresarias han tenido un papel protagonista y han ofrecido su experiencia personal y profesional. La coordinadora de la Comisi\u00f3n de Igualdad, Laura Luque, ha explicado que el Club de Capitanas ha sido posible gracias al trabajo realizado por parte de las comisiones de Igualdad y Formaci\u00f3n de AJE, que \u201chemos trabajado de la mano para impulsar esta iniciativa\u201d. En la inauguraci\u00f3n, el presidente de AJE C\u00f3rdoba, F\u00e9lix Almagro, ha resaltado la labor de estos grupos de trabajo y \u201cla necesidad que ten\u00edamos de emprender acciones como la que hoy ha visto la luz en C\u00f3rdoba\u201d<\/p>\n<p>El Club de Capitanas ha empezado con una ponencia sobre liderazgo femenino a cargo de la abogada y directora-gerente de Aucorsa, Ana Tamayo. En lo que respecta a las \u2018Capitanas en Redes Sociales\u2019, las empresarias que han dado a conocer su actividad han sido Suraya Zbida, de The Club; Clara Fern\u00e1ndez, de Farmacia El Globo; y Mar Reyes de Barey Collection. Adem\u00e1s, tambi\u00e9n han participado con una ponencia Daniel Crespo, de Stylo10, y C\u00e9sar S\u00e1nchez, de Total Clima. A todas estas entidades hay que sumar a Ingedeca Constructora, en calidad de colaboradora.<\/p>\n<p>La coordinadora de la Comisi\u00f3n de Igualdad ha afirmado que este encuentro ha sido un \u201c\u00e9xito absoluto, con el aforo de asistencia cubierto en su totalidad\u201d, al tiempo que ha expresado que la intenci\u00f3n de AJE C\u00f3rdoba volver a repetir este formato que \u201ctan buen resultado ha mostrado\u201d. Por \u00faltimo, tambi\u00e9n ha detallado que el Club de Capitanas ha servido para el desarrollo de networking entre los asistentes. Almagro, por su parte, ha animado a las mujeres al \u201cemprendimiento\u201d y a \u201cparticipar en eventos empresariales\u201d.<\/p>\n","protected":false},"excerpt":{"rendered":"<p>El encuentro, que ha cubierto todo el aforo, ha servido para que \u201cmujeres empresarias\u201d den a conocer su experiencia personal [&hellip;]<\/p>\n","protected":false},"author":5,"featured_media":7239,"comment_status":"open","ping_status":"open","sticky":false,"template":"","format":"standard","meta":{"_acf_changed":false,"site-sidebar-layout":"default","site-content-layout":"","ast-site-content-layout":"default","site-content-style":"default","site-sidebar-style":"default","ast-global-header-display":"","ast-banner-title-visibility":"","ast-main-header-display":"","ast-hfb-above-header-display":"","ast-hfb-below-header-display":"","ast-hfb-mobile-header-display":"","site-post-title":"","ast-breadcrumbs-content":"","ast-featured-img":"","footer-sml-layout":"","ast-disable-related-posts":"","theme-transparent-header-meta":"","adv-header-id-meta":"","stick-header-meta":"","header-above-stick-meta":"","header-main-stick-meta":"","header-below-stick-meta":"","astra-migrate-meta-layouts":"default","ast-page-background-enabled":"default","ast-page-background-meta":{"desktop":{"background-color":"var(--ast-global-color-5)","background-image":"","background-repeat":"repeat","background-position":"center center","background-size":"auto","background-attachment":"scroll","background-type":"","background-media":"","overlay-type":"","overlay-color":"","overlay-opacity":"","overlay-gradient":""},"tablet":{"background-color":"","background-image":"","background-repeat":"repeat","background-position":"center center","background-size":"auto","background-attachment":"scroll","background-type":"","background-media":"","overlay-type":"","overlay-color":"","overlay-opacity":"","overlay-gradient":""},"mobile":{"background-color":"","background-image":"","background-repeat":"repeat","background-position":"center center","background-size":"auto","background-attachment":"scroll","background-type":"","background-media":"","overlay-type":"","overlay-color":"","overlay-opacity":"","overlay-gradient":""}},"ast-content-background-meta":{"desktop":{"background-color":"var(--ast-global-color-4)","background-image":"","background-repeat":"repeat","background-position":"center center","background-size":"auto","background-attachment":"scroll","background-type":"","background-media":"","overlay-type":"","overlay-color":"","overlay-opacity":"","overlay-gradient":""},"tablet":{"background-color":"var(--ast-global-color-4)","background-image":"","background-repeat":"repeat","background-position":"center center","background-size":"auto","background-attachment":"scroll","background-type":"","background-media":"","overlay-type":"","overlay-color":"","overlay-opacity":"","overlay-gradient":""},"mobile":{"background-color":"var(--ast-global-color-4)","background-image":"","background-repeat":"repeat","background-position":"center center","background-size":"auto","background-attachment":"scroll","background-type":"","background-media":"","overlay-type":"","overlay-color":"","overlay-opacity":"","overlay-gradient":""}},"footnotes":""},"categories":[8],"tags":[],"class_list":["post-7238","post","type-post","status-publish","format-standard","has-post-thumbnail","hentry","category-noticias"],"acf":[],"yoast_head":"<!-- This site is optimized with the Yoast SEO plugin v26.9 - https:\/\/yoast.com\/product\/yoast-seo-wordpress\/ -->\n<title>AJE C\u00f3rdoba celebra con \u00e9xito la primera edici\u00f3n del Club de Capitanas - AJE C\u00f3rdoba<\/title>\n<meta name=\"robots\" content=\"index, follow, max-snippet:-1, max-image-preview:large, max-video-preview:-1\" \/>\n<link rel=\"canonical\" href=\"https:\/\/ajeandalucia.org\/cordoba\/2023\/04\/27\/aje-cordoba-celebra-con-exito-la-primera-edicion-del-club-de-capitanas\/\" \/>\n<meta property=\"og:locale\" content=\"es_ES\" \/>\n<meta property=\"og:type\" content=\"article\" \/>\n<meta property=\"og:title\" content=\"AJE C\u00f3rdoba celebra con \u00e9xito la primera edici\u00f3n del Club de Capitanas - AJE C\u00f3rdoba\" \/>\n<meta property=\"og:description\" content=\"El encuentro, que ha cubierto todo el aforo, ha servido para que \u201cmujeres empresarias\u201d den a conocer su experiencia personal [&hellip;]\" \/>\n<meta property=\"og:url\" content=\"https:\/\/ajeandalucia.org\/cordoba\/2023\/04\/27\/aje-cordoba-celebra-con-exito-la-primera-edicion-del-club-de-capitanas\/\" \/>\n<meta property=\"og:site_name\" content=\"AJE C\u00f3rdoba\" \/>\n<meta property=\"article:published_time\" content=\"2023-04-27T07:11:32+00:00\" \/>\n<meta property=\"og:image\" content=\"https:\/\/ajeandalucia.org\/cordoba\/wp-content\/uploads\/sites\/6\/2023\/04\/Club-de-Capitanas.jpeg\" \/>\n\t<meta property=\"og:image:width\" content=\"1600\" \/>\n\t<meta property=\"og:image:height\" content=\"1066\" \/>\n\t<meta property=\"og:image:type\" content=\"image\/jpeg\" \/>\n<meta name=\"author\" content=\"cordoba\" \/>\n<meta name=\"twitter:card\" content=\"summary_large_image\" \/>\n<meta name=\"twitter:label1\" content=\"Escrito por\" \/>\n\t<meta name=\"twitter:data1\" content=\"cordoba\" \/>\n\t<meta name=\"twitter:label2\" content=\"Tiempo de lectura\" \/>\n\t<meta name=\"twitter:data2\" content=\"2 minutos\" \/>\n<script type=\"application\/ld+json\" class=\"yoast-schema-graph\">{\"@context\":\"https:\/\/schema.org\",\"@graph\":[{\"@type\":\"Article\",\"@id\":\"https:\/\/ajeandalucia.org\/cordoba\/2023\/04\/27\/aje-cordoba-celebra-con-exito-la-primera-edicion-del-club-de-capitanas\/#article\",\"isPartOf\":{\"@id\":\"https:\/\/ajeandalucia.org\/cordoba\/2023\/04\/27\/aje-cordoba-celebra-con-exito-la-primera-edicion-del-club-de-capitanas\/\"},\"author\":{\"name\":\"cordoba\",\"@id\":\"https:\/\/ajeandalucia.org\/cordoba\/#\/schema\/person\/1d19f90c44baad3b3701f8af33c2f520\"},\"headline\":\"AJE C\u00f3rdoba celebra con \u00e9xito la primera edici\u00f3n del Club de Capitanas\",\"datePublished\":\"2023-04-27T07:11:32+00:00\",\"mainEntityOfPage\":{\"@id\":\"https:\/\/ajeandalucia.org\/cordoba\/2023\/04\/27\/aje-cordoba-celebra-con-exito-la-primera-edicion-del-club-de-capitanas\/\"},\"wordCount\":364,\"commentCount\":0,\"publisher\":{\"@id\":\"https:\/\/ajeandalucia.org\/cordoba\/#organization\"},\"image\":{\"@id\":\"https:\/\/ajeandalucia.org\/cordoba\/2023\/04\/27\/aje-cordoba-celebra-con-exito-la-primera-edicion-del-club-de-capitanas\/#primaryimage\"},\"thumbnailUrl\":\"https:\/\/ajeandalucia.org\/cordoba\/wp-content\/uploads\/sites\/6\/2023\/04\/Club-de-Capitanas.jpeg\",\"articleSection\":[\"Noticias\"],\"inLanguage\":\"es\",\"potentialAction\":[{\"@type\":\"CommentAction\",\"name\":\"Comment\",\"target\":[\"https:\/\/ajeandalucia.org\/cordoba\/2023\/04\/27\/aje-cordoba-celebra-con-exito-la-primera-edicion-del-club-de-capitanas\/#respond\"]}]},{\"@type\":\"WebPage\",\"@id\":\"https:\/\/ajeandalucia.org\/cordoba\/2023\/04\/27\/aje-cordoba-celebra-con-exito-la-primera-edicion-del-club-de-capitanas\/\",\"url\":\"https:\/\/ajeandalucia.org\/cordoba\/2023\/04\/27\/aje-cordoba-celebra-con-exito-la-primera-edicion-del-club-de-capitanas\/\",\"name\":\"AJE C\u00f3rdoba celebra con \u00e9xito la primera edici\u00f3n del Club de Capitanas - AJE C\u00f3rdoba\",\"isPartOf\":{\"@id\":\"https:\/\/ajeandalucia.org\/cordoba\/#website\"},\"primaryImageOfPage\":{\"@id\":\"https:\/\/ajeandalucia.org\/cordoba\/2023\/04\/27\/aje-cordoba-celebra-con-exito-la-primera-edicion-del-club-de-capitanas\/#primaryimage\"},\"image\":{\"@id\":\"https:\/\/ajeandalucia.org\/cordoba\/2023\/04\/27\/aje-cordoba-celebra-con-exito-la-primera-edicion-del-club-de-capitanas\/#primaryimage\"},\"thumbnailUrl\":\"https:\/\/ajeandalucia.org\/cordoba\/wp-content\/uploads\/sites\/6\/2023\/04\/Club-de-Capitanas.jpeg\",\"datePublished\":\"2023-04-27T07:11:32+00:00\",\"breadcrumb\":{\"@id\":\"https:\/\/ajeandalucia.org\/cordoba\/2023\/04\/27\/aje-cordoba-celebra-con-exito-la-primera-edicion-del-club-de-capitanas\/#breadcrumb\"},\"inLanguage\":\"es\",\"potentialAction\":[{\"@type\":\"ReadAction\",\"target\":[\"https:\/\/ajeandalucia.org\/cordoba\/2023\/04\/27\/aje-cordoba-celebra-con-exito-la-primera-edicion-del-club-de-capitanas\/\"]}]},{\"@type\":\"ImageObject\",\"inLanguage\":\"es\",\"@id\":\"https:\/\/ajeandalucia.org\/cordoba\/2023\/04\/27\/aje-cordoba-celebra-con-exito-la-primera-edicion-del-club-de-capitanas\/#primaryimage\",\"url\":\"https:\/\/ajeandalucia.org\/cordoba\/wp-content\/uploads\/sites\/6\/2023\/04\/Club-de-Capitanas.jpeg\",\"contentUrl\":\"https:\/\/ajeandalucia.org\/cordoba\/wp-content\/uploads\/sites\/6\/2023\/04\/Club-de-Capitanas.jpeg\",\"width\":1600,\"height\":1066},{\"@type\":\"BreadcrumbList\",\"@id\":\"https:\/\/ajeandalucia.org\/cordoba\/2023\/04\/27\/aje-cordoba-celebra-con-exito-la-primera-edicion-del-club-de-capitanas\/#breadcrumb\",\"itemListElement\":[{\"@type\":\"ListItem\",\"position\":1,\"name\":\"Portada\",\"item\":\"https:\/\/ajeandalucia.org\/cordoba\/\"},{\"@type\":\"ListItem\",\"position\":2,\"name\":\"AJE C\u00f3rdoba celebra con \u00e9xito la primera edici\u00f3n del Club de Capitanas\"}]},{\"@type\":\"WebSite\",\"@id\":\"https:\/\/ajeandalucia.org\/cordoba\/#website\",\"url\":\"https:\/\/ajeandalucia.org\/cordoba\/\",\"name\":\"AJE C\u00f3rdoba\",\"description\":\"Otro sitio m\u00e1s de AJE Andaluc\u00eda\",\"publisher\":{\"@id\":\"https:\/\/ajeandalucia.org\/cordoba\/#organization\"},\"potentialAction\":[{\"@type\":\"SearchAction\",\"target\":{\"@type\":\"EntryPoint\",\"urlTemplate\":\"https:\/\/ajeandalucia.org\/cordoba\/?s={search_term_string}\"},\"query-input\":{\"@type\":\"PropertyValueSpecification\",\"valueRequired\":true,\"valueName\":\"search_term_string\"}}],\"inLanguage\":\"es\"},{\"@type\":\"Organization\",\"@id\":\"https:\/\/ajeandalucia.org\/cordoba\/#organization\",\"name\":\"AJE C\u00f3rdoba\",\"url\":\"https:\/\/ajeandalucia.org\/cordoba\/\",\"logo\":{\"@type\":\"ImageObject\",\"inLanguage\":\"es\",\"@id\":\"https:\/\/ajeandalucia.org\/cordoba\/#\/schema\/logo\/image\/\",\"url\":\"https:\/\/ajeandalucia.org\/cordoba\/wp-content\/uploads\/sites\/6\/2025\/01\/AJE-CORDOBA-horizontal.png\",\"contentUrl\":\"https:\/\/ajeandalucia.org\/cordoba\/wp-content\/uploads\/sites\/6\/2025\/01\/AJE-CORDOBA-horizontal.png\",\"width\":605,\"height\":200,\"caption\":\"AJE C\u00f3rdoba\"},\"image\":{\"@id\":\"https:\/\/ajeandalucia.org\/cordoba\/#\/schema\/logo\/image\/\"}},{\"@type\":\"Person\",\"@id\":\"https:\/\/ajeandalucia.org\/cordoba\/#\/schema\/person\/1d19f90c44baad3b3701f8af33c2f520\",\"name\":\"cordoba\",\"image\":{\"@type\":\"ImageObject\",\"inLanguage\":\"es\",\"@id\":\"https:\/\/ajeandalucia.org\/cordoba\/#\/schema\/person\/image\/\",\"url\":\"https:\/\/secure.gravatar.com\/avatar\/46102d83da7c40efca6d3413931ddaf8470cef93888429af7689de210b9bb6fe?s=96&d=mm&r=g\",\"contentUrl\":\"https:\/\/secure.gravatar.com\/avatar\/46102d83da7c40efca6d3413931ddaf8470cef93888429af7689de210b9bb6fe?s=96&d=mm&r=g\",\"caption\":\"cordoba\"},\"url\":\"https:\/\/ajeandalucia.org\/cordoba\/author\/cordoba\/\"}]}<\/script>\n<!-- \/ Yoast SEO plugin. -->","yoast_head_json":{"title":"AJE C\u00f3rdoba celebra con \u00e9xito la primera edici\u00f3n del Club de Capitanas - AJE C\u00f3rdoba","robots":{"index":"index","follow":"follow","max-snippet":"max-snippet:-1","max-image-preview":"max-image-preview:large","max-video-preview":"max-video-preview:-1"},"canonical":"https:\/\/ajeandalucia.org\/cordoba\/2023\/04\/27\/aje-cordoba-celebra-con-exito-la-primera-edicion-del-club-de-capitanas\/","og_locale":"es_ES","og_type":"article","og_title":"AJE C\u00f3rdoba celebra con \u00e9xito la primera edici\u00f3n del Club de Capitanas - AJE C\u00f3rdoba","og_description":"El encuentro, que ha cubierto todo el aforo, ha servido para que \u201cmujeres empresarias\u201d den a conocer su experiencia personal [&hellip;]","og_url":"https:\/\/ajeandalucia.org\/cordoba\/2023\/04\/27\/aje-cordoba-celebra-con-exito-la-primera-edicion-del-club-de-capitanas\/","og_site_name":"AJE C\u00f3rdoba","article_published_time":"2023-04-27T07:11:32+00:00","og_image":[{"width":1600,"height":1066,"url":"https:\/\/ajeandalucia.org\/cordoba\/wp-content\/uploads\/sites\/6\/2023\/04\/Club-de-Capitanas.jpeg","type":"image\/jpeg"}],"author":"cordoba","twitter_card":"summary_large_image","twitter_misc":{"Escrito por":"cordoba","Tiempo de lectura":"2 minutos"},"schema":{"@context":"https:\/\/schema.org","@graph":[{"@type":"Article","@id":"https:\/\/ajeandalucia.org\/cordoba\/2023\/04\/27\/aje-cordoba-celebra-con-exito-la-primera-edicion-del-club-de-capitanas\/#article","isPartOf":{"@id":"https:\/\/ajeandalucia.org\/cordoba\/2023\/04\/27\/aje-cordoba-celebra-con-exito-la-primera-edicion-del-club-de-capitanas\/"},"author":{"name":"cordoba","@id":"https:\/\/ajeandalucia.org\/cordoba\/#\/schema\/person\/1d19f90c44baad3b3701f8af33c2f520"},"headline":"AJE C\u00f3rdoba celebra con \u00e9xito la primera edici\u00f3n del Club de Capitanas","datePublished":"2023-04-27T07:11:32+00:00","mainEntityOfPage":{"@id":"https:\/\/ajeandalucia.org\/cordoba\/2023\/04\/27\/aje-cordoba-celebra-con-exito-la-primera-edicion-del-club-de-capitanas\/"},"wordCount":364,"commentCount":0,"publisher":{"@id":"https:\/\/ajeandalucia.org\/cordoba\/#organization"},"image":{"@id":"https:\/\/ajeandalucia.org\/cordoba\/2023\/04\/27\/aje-cordoba-celebra-con-exito-la-primera-edicion-del-club-de-capitanas\/#primaryimage"},"thumbnailUrl":"https:\/\/ajeandalucia.org\/cordoba\/wp-content\/uploads\/sites\/6\/2023\/04\/Club-de-Capitanas.jpeg","articleSection":["Noticias"],"inLanguage":"es","potentialAction":[{"@type":"CommentAction","name":"Comment","target":["https:\/\/ajeandalucia.org\/cordoba\/2023\/04\/27\/aje-cordoba-celebra-con-exito-la-primera-edicion-del-club-de-capitanas\/#respond"]}]},{"@type":"WebPage","@id":"https:\/\/ajeandalucia.org\/cordoba\/2023\/04\/27\/aje-cordoba-celebra-con-exito-la-primera-edicion-del-club-de-capitanas\/","url":"https:\/\/ajeandalucia.org\/cordoba\/2023\/04\/27\/aje-cordoba-celebra-con-exito-la-primera-edicion-del-club-de-capitanas\/","name":"AJE C\u00f3rdoba celebra con \u00e9xito la primera edici\u00f3n del Club de Capitanas - AJE C\u00f3rdoba","isPartOf":{"@id":"https:\/\/ajeandalucia.org\/cordoba\/#website"},"primaryImageOfPage":{"@id":"https:\/\/ajeandalucia.org\/cordoba\/2023\/04\/27\/aje-cordoba-celebra-con-exito-la-primera-edicion-del-club-de-capitanas\/#primaryimage"},"image":{"@id":"https:\/\/ajeandalucia.org\/cordoba\/2023\/04\/27\/aje-cordoba-celebra-con-exito-la-primera-edicion-del-club-de-capitanas\/#primaryimage"},"thumbnailUrl":"https:\/\/ajeandalucia.org\/cordoba\/wp-content\/uploads\/sites\/6\/2023\/04\/Club-de-Capitanas.jpeg","datePublished":"2023-04-27T07:11:32+00:00","breadcrumb":{"@id":"https:\/\/ajeandalucia.org\/cordoba\/2023\/04\/27\/aje-cordoba-celebra-con-exito-la-primera-edicion-del-club-de-capitanas\/#breadcrumb"},"inLanguage":"es","potentialAction":[{"@type":"ReadAction","target":["https:\/\/ajeandalucia.org\/cordoba\/2023\/04\/27\/aje-cordoba-celebra-con-exito-la-primera-edicion-del-club-de-capitanas\/"]}]},{"@type":"ImageObject","inLanguage":"es","@id":"https:\/\/ajeandalucia.org\/cordoba\/2023\/04\/27\/aje-cordoba-celebra-con-exito-la-primera-edicion-del-club-de-capitanas\/#primaryimage","url":"https:\/\/ajeandalucia.org\/cordoba\/wp-content\/uploads\/sites\/6\/2023\/04\/Club-de-Capitanas.jpeg","contentUrl":"https:\/\/ajeandalucia.org\/cordoba\/wp-content\/uploads\/sites\/6\/2023\/04\/Club-de-Capitanas.jpeg","width":1600,"height":1066},{"@type":"BreadcrumbList","@id":"https:\/\/ajeandalucia.org\/cordoba\/2023\/04\/27\/aje-cordoba-celebra-con-exito-la-primera-edicion-del-club-de-capitanas\/#breadcrumb","itemListElement":[{"@type":"ListItem","position":1,"name":"Portada","item":"https:\/\/ajeandalucia.org\/cordoba\/"},{"@type":"ListItem","position":2,"name":"AJE C\u00f3rdoba celebra con \u00e9xito la primera edici\u00f3n del Club de Capitanas"}]},{"@type":"WebSite","@id":"https:\/\/ajeandalucia.org\/cordoba\/#website","url":"https:\/\/ajeandalucia.org\/cordoba\/","name":"AJE C\u00f3rdoba","description":"Otro sitio m\u00e1s de AJE Andaluc\u00eda","publisher":{"@id":"https:\/\/ajeandalucia.org\/cordoba\/#organization"},"potentialAction":[{"@type":"SearchAction","target":{"@type":"EntryPoint","urlTemplate":"https:\/\/ajeandalucia.org\/cordoba\/?s={search_term_string}"},"query-input":{"@type":"PropertyValueSpecification","valueRequired":true,"valueName":"search_term_string"}}],"inLanguage":"es"},{"@type":"Organization","@id":"https:\/\/ajeandalucia.org\/cordoba\/#organization","name":"AJE C\u00f3rdoba","url":"https:\/\/ajeandalucia.org\/cordoba\/","logo":{"@type":"ImageObject","inLanguage":"es","@id":"https:\/\/ajeandalucia.org\/cordoba\/#\/schema\/logo\/image\/","url":"https:\/\/ajeandalucia.org\/cordoba\/wp-content\/uploads\/sites\/6\/2025\/01\/AJE-CORDOBA-horizontal.png","contentUrl":"https:\/\/ajeandalucia.org\/cordoba\/wp-content\/uploads\/sites\/6\/2025\/01\/AJE-CORDOBA-horizontal.png","width":605,"height":200,"caption":"AJE C\u00f3rdoba"},"image":{"@id":"https:\/\/ajeandalucia.org\/cordoba\/#\/schema\/logo\/image\/"}},{"@type":"Person","@id":"https:\/\/ajeandalucia.org\/cordoba\/#\/schema\/person\/1d19f90c44baad3b3701f8af33c2f520","name":"cordoba","image":{"@type":"ImageObject","inLanguage":"es","@id":"https:\/\/ajeandalucia.org\/cordoba\/#\/schema\/person\/image\/","url":"https:\/\/secure.gravatar.com\/avatar\/46102d83da7c40efca6d3413931ddaf8470cef93888429af7689de210b9bb6fe?s=96&d=mm&r=g","contentUrl":"https:\/\/secure.gravatar.com\/avatar\/46102d83da7c40efca6d3413931ddaf8470cef93888429af7689de210b9bb6fe?s=96&d=mm&r=g","caption":"cordoba"},"url":"https:\/\/ajeandalucia.org\/cordoba\/author\/cordoba\/"}]}},"_links":{"self":[{"href":"https:\/\/ajeandalucia.org\/cordoba\/wp-json\/wp\/v2\/posts\/7238","targetHints":{"allow":["GET"]}}],"collection":[{"href":"https:\/\/ajeandalucia.org\/cordoba\/wp-json\/wp\/v2\/posts"}],"about":[{"href":"https:\/\/ajeandalucia.org\/cordoba\/wp-json\/wp\/v2\/types\/post"}],"author":[{"embeddable":true,"href":"https:\/\/ajeandalucia.org\/cordoba\/wp-json\/wp\/v2\/users\/5"}],"replies":[{"embeddable":true,"href":"https:\/\/ajeandalucia.org\/cordoba\/wp-json\/wp\/v2\/comments?post=7238"}],"version-history":[{"count":1,"href":"https:\/\/ajeandalucia.org\/cordoba\/wp-json\/wp\/v2\/posts\/7238\/revisions"}],"predecessor-version":[{"id":7240,"href":"https:\/\/ajeandalucia.org\/cordoba\/wp-json\/wp\/v2\/posts\/7238\/revisions\/7240"}],"wp:featuredmedia":[{"embeddable":true,"href":"https:\/\/ajeandalucia.org\/cordoba\/wp-json\/wp\/v2\/media\/7239"}],"wp:attachment":[{"href":"https:\/\/ajeandalucia.org\/cordoba\/wp-json\/wp\/v2\/media?parent=7238"}],"wp:term":[{"taxonomy":"category","embeddable":true,"href":"https:\/\/ajeandalucia.org\/cordoba\/wp-json\/wp\/v2\/categories?post=7238"},{"taxonomy":"post_tag","embeddable":true,"href":"https:\/\/ajeandalucia.org\/cordoba\/wp-json\/wp\/v2\/tags?post=7238"}],"curies":[{"name":"wp","href":"https:\/\/api.w.org\/{rel}","templated":true}]}}