{"id":7305,"date":"2023-05-10T12:01:45","date_gmt":"2023-05-10T12:01:45","guid":{"rendered":"https:\/\/www.ajeandalucia.org\/cordoba\/?p=7305"},"modified":"2023-05-11T12:07:54","modified_gmt":"2023-05-11T12:07:54","slug":"pedro-castillejo-nuevo-tesorero-de-aje-cordoba","status":"publish","type":"post","link":"https:\/\/ajeandalucia.org\/cordoba\/2023\/05\/10\/pedro-castillejo-nuevo-tesorero-de-aje-cordoba\/","title":{"rendered":"Pedro Castillejo, nuevo tesorero de AJE C\u00f3rdoba"},"content":{"rendered":"<ul>\n<li>El empresario cordob\u00e9s es socio del Despacho Platecor y formaba ya parte del comit\u00e9 ejecutivo de este colectivo<\/li>\n<\/ul>\n<p>El empresario cordob\u00e9s Pedro Castillejo, socio del Despacho Platecor, es desde esta semana el nuevo tesorero de la Asociaci\u00f3n de J\u00f3venes Empresarios (AJE) C\u00f3rdoba. Castillejo relevar\u00e1 as\u00ed en el cargo a Lucas Navarro, al que el presidente de este colectivo, F\u00e9lix Almagro, ha agradecido el trabajo y el compromiso mostrado en el periodo en el que ha estado al frente de esta parcela administrativa de la asociaci\u00f3n.<\/p>\n<p>El nuevo tesorero de AJE C\u00f3rdoba es Graduado en Administracion y Direcci\u00f3n de Empresas por la Universidad de ETEA. Cuenta tambi\u00e9n con un M\u00e1ster en Gestor\u00eda Administrativa por la Universidad Cat\u00f3lica de Valencia, es colegiado como Administrador de Fincas, abogado por la Universidad Internacional de la Rioja y experto en Asesor\u00eda fiscal-Contable por el Instituto Europeo de Asesor\u00eda Fiscal.<\/p>\n<p>El presidente de AJE C\u00f3rdoba ha destacado la gran preparaci\u00f3n, tanto acad\u00e9mica como laboral, de Castillejo y la plena confianza del comit\u00e9 ejecutivo para asumir la Tesorer\u00eda del colectivo. Almagro tambi\u00e9n ha a\u00f1adido que fue su predecesor el que pidi\u00f3 el relevo en el cargo y que el actual tesorero fue la principal opci\u00f3n que barajamos, ya que \u201cestamos convencidos de que seguir\u00e1 aportando mucho a AJE\u201d.<\/p>\n","protected":false},"excerpt":{"rendered":"<p>El empresario cordob\u00e9s es socio del Despacho Platecor y formaba ya parte del comit\u00e9 ejecutivo de este colectivo El empresario [&hellip;]<\/p>\n","protected":false},"author":5,"featured_media":7306,"comment_status":"open","ping_status":"open","sticky":false,"template":"","format":"standard","meta":{"_acf_changed":false,"site-sidebar-layout":"default","site-content-layout":"","ast-site-content-layout":"default","site-content-style":"default","site-sidebar-style":"default","ast-global-header-display":"","ast-banner-title-visibility":"","ast-main-header-display":"","ast-hfb-above-header-display":"","ast-hfb-below-header-display":"","ast-hfb-mobile-header-display":"","site-post-title":"","ast-breadcrumbs-content":"","ast-featured-img":"","footer-sml-layout":"","ast-disable-related-posts":"","theme-transparent-header-meta":"","adv-header-id-meta":"","stick-header-meta":"","header-above-stick-meta":"","header-main-stick-meta":"","header-below-stick-meta":"","astra-migrate-meta-layouts":"default","ast-page-background-enabled":"default","ast-page-background-meta":{"desktop":{"background-color":"var(--ast-global-color-5)","background-image":"","background-repeat":"repeat","background-position":"center center","background-size":"auto","background-attachment":"scroll","background-type":"","background-media":"","overlay-type":"","overlay-color":"","overlay-opacity":"","overlay-gradient":""},"tablet":{"background-color":"","background-image":"","background-repeat":"repeat","background-position":"center center","background-size":"auto","background-attachment":"scroll","background-type":"","background-media":"","overlay-type":"","overlay-color":"","overlay-opacity":"","overlay-gradient":""},"mobile":{"background-color":"","background-image":"","background-repeat":"repeat","background-position":"center center","background-size":"auto","background-attachment":"scroll","background-type":"","background-media":"","overlay-type":"","overlay-color":"","overlay-opacity":"","overlay-gradient":""}},"ast-content-background-meta":{"desktop":{"background-color":"var(--ast-global-color-4)","background-image":"","background-repeat":"repeat","background-position":"center center","background-size":"auto","background-attachment":"scroll","background-type":"","background-media":"","overlay-type":"","overlay-color":"","overlay-opacity":"","overlay-gradient":""},"tablet":{"background-color":"var(--ast-global-color-4)","background-image":"","background-repeat":"repeat","background-position":"center center","background-size":"auto","background-attachment":"scroll","background-type":"","background-media":"","overlay-type":"","overlay-color":"","overlay-opacity":"","overlay-gradient":""},"mobile":{"background-color":"var(--ast-global-color-4)","background-image":"","background-repeat":"repeat","background-position":"center center","background-size":"auto","background-attachment":"scroll","background-type":"","background-media":"","overlay-type":"","overlay-color":"","overlay-opacity":"","overlay-gradient":""}},"footnotes":""},"categories":[8],"tags":[],"class_list":["post-7305","post","type-post","status-publish","format-standard","has-post-thumbnail","hentry","category-noticias"],"acf":[],"yoast_head":"<!-- This site is optimized with the Yoast SEO plugin v26.9 - https:\/\/yoast.com\/product\/yoast-seo-wordpress\/ -->\n<title>Pedro Castillejo, nuevo tesorero de AJE C\u00f3rdoba - AJE C\u00f3rdoba<\/title>\n<meta name=\"robots\" content=\"index, follow, max-snippet:-1, max-image-preview:large, max-video-preview:-1\" \/>\n<link rel=\"canonical\" href=\"https:\/\/ajeandalucia.org\/cordoba\/2023\/05\/10\/pedro-castillejo-nuevo-tesorero-de-aje-cordoba\/\" \/>\n<meta property=\"og:locale\" content=\"es_ES\" \/>\n<meta property=\"og:type\" content=\"article\" \/>\n<meta property=\"og:title\" content=\"Pedro Castillejo, nuevo tesorero de AJE C\u00f3rdoba - AJE C\u00f3rdoba\" \/>\n<meta property=\"og:description\" content=\"El empresario cordob\u00e9s es socio del Despacho Platecor y formaba ya parte del comit\u00e9 ejecutivo de este colectivo El empresario [&hellip;]\" \/>\n<meta property=\"og:url\" content=\"https:\/\/ajeandalucia.org\/cordoba\/2023\/05\/10\/pedro-castillejo-nuevo-tesorero-de-aje-cordoba\/\" \/>\n<meta property=\"og:site_name\" content=\"AJE C\u00f3rdoba\" \/>\n<meta property=\"article:published_time\" content=\"2023-05-10T12:01:45+00:00\" \/>\n<meta property=\"article:modified_time\" content=\"2023-05-11T12:07:54+00:00\" \/>\n<meta property=\"og:image\" content=\"https:\/\/ajeandalucia.org\/cordoba\/wp-content\/uploads\/sites\/6\/2023\/05\/F\u00e9lix-Almagro-y-Pedro-Castillejo.jpeg\" \/>\n\t<meta property=\"og:image:width\" content=\"1600\" \/>\n\t<meta property=\"og:image:height\" content=\"1066\" \/>\n\t<meta property=\"og:image:type\" content=\"image\/jpeg\" \/>\n<meta name=\"author\" content=\"cordoba\" \/>\n<meta name=\"twitter:card\" content=\"summary_large_image\" \/>\n<meta name=\"twitter:label1\" content=\"Escrito por\" \/>\n\t<meta name=\"twitter:data1\" content=\"cordoba\" \/>\n\t<meta name=\"twitter:label2\" content=\"Tiempo de lectura\" \/>\n\t<meta name=\"twitter:data2\" content=\"1 minuto\" \/>\n<script type=\"application\/ld+json\" class=\"yoast-schema-graph\">{\"@context\":\"https:\/\/schema.org\",\"@graph\":[{\"@type\":\"Article\",\"@id\":\"https:\/\/ajeandalucia.org\/cordoba\/2023\/05\/10\/pedro-castillejo-nuevo-tesorero-de-aje-cordoba\/#article\",\"isPartOf\":{\"@id\":\"https:\/\/ajeandalucia.org\/cordoba\/2023\/05\/10\/pedro-castillejo-nuevo-tesorero-de-aje-cordoba\/\"},\"author\":{\"name\":\"cordoba\",\"@id\":\"https:\/\/ajeandalucia.org\/cordoba\/#\/schema\/person\/1d19f90c44baad3b3701f8af33c2f520\"},\"headline\":\"Pedro Castillejo, nuevo tesorero de AJE C\u00f3rdoba\",\"datePublished\":\"2023-05-10T12:01:45+00:00\",\"dateModified\":\"2023-05-11T12:07:54+00:00\",\"mainEntityOfPage\":{\"@id\":\"https:\/\/ajeandalucia.org\/cordoba\/2023\/05\/10\/pedro-castillejo-nuevo-tesorero-de-aje-cordoba\/\"},\"wordCount\":241,\"commentCount\":0,\"publisher\":{\"@id\":\"https:\/\/ajeandalucia.org\/cordoba\/#organization\"},\"image\":{\"@id\":\"https:\/\/ajeandalucia.org\/cordoba\/2023\/05\/10\/pedro-castillejo-nuevo-tesorero-de-aje-cordoba\/#primaryimage\"},\"thumbnailUrl\":\"https:\/\/ajeandalucia.org\/cordoba\/wp-content\/uploads\/sites\/6\/2023\/05\/F\u00e9lix-Almagro-y-Pedro-Castillejo.jpeg\",\"articleSection\":[\"Noticias\"],\"inLanguage\":\"es\",\"potentialAction\":[{\"@type\":\"CommentAction\",\"name\":\"Comment\",\"target\":[\"https:\/\/ajeandalucia.org\/cordoba\/2023\/05\/10\/pedro-castillejo-nuevo-tesorero-de-aje-cordoba\/#respond\"]}]},{\"@type\":\"WebPage\",\"@id\":\"https:\/\/ajeandalucia.org\/cordoba\/2023\/05\/10\/pedro-castillejo-nuevo-tesorero-de-aje-cordoba\/\",\"url\":\"https:\/\/ajeandalucia.org\/cordoba\/2023\/05\/10\/pedro-castillejo-nuevo-tesorero-de-aje-cordoba\/\",\"name\":\"Pedro Castillejo, nuevo tesorero de AJE C\u00f3rdoba - AJE C\u00f3rdoba\",\"isPartOf\":{\"@id\":\"https:\/\/ajeandalucia.org\/cordoba\/#website\"},\"primaryImageOfPage\":{\"@id\":\"https:\/\/ajeandalucia.org\/cordoba\/2023\/05\/10\/pedro-castillejo-nuevo-tesorero-de-aje-cordoba\/#primaryimage\"},\"image\":{\"@id\":\"https:\/\/ajeandalucia.org\/cordoba\/2023\/05\/10\/pedro-castillejo-nuevo-tesorero-de-aje-cordoba\/#primaryimage\"},\"thumbnailUrl\":\"https:\/\/ajeandalucia.org\/cordoba\/wp-content\/uploads\/sites\/6\/2023\/05\/F\u00e9lix-Almagro-y-Pedro-Castillejo.jpeg\",\"datePublished\":\"2023-05-10T12:01:45+00:00\",\"dateModified\":\"2023-05-11T12:07:54+00:00\",\"breadcrumb\":{\"@id\":\"https:\/\/ajeandalucia.org\/cordoba\/2023\/05\/10\/pedro-castillejo-nuevo-tesorero-de-aje-cordoba\/#breadcrumb\"},\"inLanguage\":\"es\",\"potentialAction\":[{\"@type\":\"ReadAction\",\"target\":[\"https:\/\/ajeandalucia.org\/cordoba\/2023\/05\/10\/pedro-castillejo-nuevo-tesorero-de-aje-cordoba\/\"]}]},{\"@type\":\"ImageObject\",\"inLanguage\":\"es\",\"@id\":\"https:\/\/ajeandalucia.org\/cordoba\/2023\/05\/10\/pedro-castillejo-nuevo-tesorero-de-aje-cordoba\/#primaryimage\",\"url\":\"https:\/\/ajeandalucia.org\/cordoba\/wp-content\/uploads\/sites\/6\/2023\/05\/F\u00e9lix-Almagro-y-Pedro-Castillejo.jpeg\",\"contentUrl\":\"https:\/\/ajeandalucia.org\/cordoba\/wp-content\/uploads\/sites\/6\/2023\/05\/F\u00e9lix-Almagro-y-Pedro-Castillejo.jpeg\",\"width\":1600,\"height\":1066},{\"@type\":\"BreadcrumbList\",\"@id\":\"https:\/\/ajeandalucia.org\/cordoba\/2023\/05\/10\/pedro-castillejo-nuevo-tesorero-de-aje-cordoba\/#breadcrumb\",\"itemListElement\":[{\"@type\":\"ListItem\",\"position\":1,\"name\":\"Portada\",\"item\":\"https:\/\/ajeandalucia.org\/cordoba\/\"},{\"@type\":\"ListItem\",\"position\":2,\"name\":\"Pedro Castillejo, nuevo tesorero de AJE C\u00f3rdoba\"}]},{\"@type\":\"WebSite\",\"@id\":\"https:\/\/ajeandalucia.org\/cordoba\/#website\",\"url\":\"https:\/\/ajeandalucia.org\/cordoba\/\",\"name\":\"AJE C\u00f3rdoba\",\"description\":\"Otro sitio m\u00e1s de AJE Andaluc\u00eda\",\"publisher\":{\"@id\":\"https:\/\/ajeandalucia.org\/cordoba\/#organization\"},\"potentialAction\":[{\"@type\":\"SearchAction\",\"target\":{\"@type\":\"EntryPoint\",\"urlTemplate\":\"https:\/\/ajeandalucia.org\/cordoba\/?s={search_term_string}\"},\"query-input\":{\"@type\":\"PropertyValueSpecification\",\"valueRequired\":true,\"valueName\":\"search_term_string\"}}],\"inLanguage\":\"es\"},{\"@type\":\"Organization\",\"@id\":\"https:\/\/ajeandalucia.org\/cordoba\/#organization\",\"name\":\"AJE C\u00f3rdoba\",\"url\":\"https:\/\/ajeandalucia.org\/cordoba\/\",\"logo\":{\"@type\":\"ImageObject\",\"inLanguage\":\"es\",\"@id\":\"https:\/\/ajeandalucia.org\/cordoba\/#\/schema\/logo\/image\/\",\"url\":\"https:\/\/ajeandalucia.org\/cordoba\/wp-content\/uploads\/sites\/6\/2025\/01\/AJE-CORDOBA-horizontal.png\",\"contentUrl\":\"https:\/\/ajeandalucia.org\/cordoba\/wp-content\/uploads\/sites\/6\/2025\/01\/AJE-CORDOBA-horizontal.png\",\"width\":605,\"height\":200,\"caption\":\"AJE C\u00f3rdoba\"},\"image\":{\"@id\":\"https:\/\/ajeandalucia.org\/cordoba\/#\/schema\/logo\/image\/\"}},{\"@type\":\"Person\",\"@id\":\"https:\/\/ajeandalucia.org\/cordoba\/#\/schema\/person\/1d19f90c44baad3b3701f8af33c2f520\",\"name\":\"cordoba\",\"image\":{\"@type\":\"ImageObject\",\"inLanguage\":\"es\",\"@id\":\"https:\/\/ajeandalucia.org\/cordoba\/#\/schema\/person\/image\/\",\"url\":\"https:\/\/secure.gravatar.com\/avatar\/46102d83da7c40efca6d3413931ddaf8470cef93888429af7689de210b9bb6fe?s=96&d=mm&r=g\",\"contentUrl\":\"https:\/\/secure.gravatar.com\/avatar\/46102d83da7c40efca6d3413931ddaf8470cef93888429af7689de210b9bb6fe?s=96&d=mm&r=g\",\"caption\":\"cordoba\"},\"url\":\"https:\/\/ajeandalucia.org\/cordoba\/author\/cordoba\/\"}]}<\/script>\n<!-- \/ Yoast SEO plugin. -->","yoast_head_json":{"title":"Pedro Castillejo, nuevo tesorero de AJE C\u00f3rdoba - AJE C\u00f3rdoba","robots":{"index":"index","follow":"follow","max-snippet":"max-snippet:-1","max-image-preview":"max-image-preview:large","max-video-preview":"max-video-preview:-1"},"canonical":"https:\/\/ajeandalucia.org\/cordoba\/2023\/05\/10\/pedro-castillejo-nuevo-tesorero-de-aje-cordoba\/","og_locale":"es_ES","og_type":"article","og_title":"Pedro Castillejo, nuevo tesorero de AJE C\u00f3rdoba - AJE C\u00f3rdoba","og_description":"El empresario cordob\u00e9s es socio del Despacho Platecor y formaba ya parte del comit\u00e9 ejecutivo de este colectivo El empresario [&hellip;]","og_url":"https:\/\/ajeandalucia.org\/cordoba\/2023\/05\/10\/pedro-castillejo-nuevo-tesorero-de-aje-cordoba\/","og_site_name":"AJE C\u00f3rdoba","article_published_time":"2023-05-10T12:01:45+00:00","article_modified_time":"2023-05-11T12:07:54+00:00","og_image":[{"width":1600,"height":1066,"url":"https:\/\/ajeandalucia.org\/cordoba\/wp-content\/uploads\/sites\/6\/2023\/05\/F\u00e9lix-Almagro-y-Pedro-Castillejo.jpeg","type":"image\/jpeg"}],"author":"cordoba","twitter_card":"summary_large_image","twitter_misc":{"Escrito por":"cordoba","Tiempo de lectura":"1 minuto"},"schema":{"@context":"https:\/\/schema.org","@graph":[{"@type":"Article","@id":"https:\/\/ajeandalucia.org\/cordoba\/2023\/05\/10\/pedro-castillejo-nuevo-tesorero-de-aje-cordoba\/#article","isPartOf":{"@id":"https:\/\/ajeandalucia.org\/cordoba\/2023\/05\/10\/pedro-castillejo-nuevo-tesorero-de-aje-cordoba\/"},"author":{"name":"cordoba","@id":"https:\/\/ajeandalucia.org\/cordoba\/#\/schema\/person\/1d19f90c44baad3b3701f8af33c2f520"},"headline":"Pedro Castillejo, nuevo tesorero de AJE C\u00f3rdoba","datePublished":"2023-05-10T12:01:45+00:00","dateModified":"2023-05-11T12:07:54+00:00","mainEntityOfPage":{"@id":"https:\/\/ajeandalucia.org\/cordoba\/2023\/05\/10\/pedro-castillejo-nuevo-tesorero-de-aje-cordoba\/"},"wordCount":241,"commentCount":0,"publisher":{"@id":"https:\/\/ajeandalucia.org\/cordoba\/#organization"},"image":{"@id":"https:\/\/ajeandalucia.org\/cordoba\/2023\/05\/10\/pedro-castillejo-nuevo-tesorero-de-aje-cordoba\/#primaryimage"},"thumbnailUrl":"https:\/\/ajeandalucia.org\/cordoba\/wp-content\/uploads\/sites\/6\/2023\/05\/F\u00e9lix-Almagro-y-Pedro-Castillejo.jpeg","articleSection":["Noticias"],"inLanguage":"es","potentialAction":[{"@type":"CommentAction","name":"Comment","target":["https:\/\/ajeandalucia.org\/cordoba\/2023\/05\/10\/pedro-castillejo-nuevo-tesorero-de-aje-cordoba\/#respond"]}]},{"@type":"WebPage","@id":"https:\/\/ajeandalucia.org\/cordoba\/2023\/05\/10\/pedro-castillejo-nuevo-tesorero-de-aje-cordoba\/","url":"https:\/\/ajeandalucia.org\/cordoba\/2023\/05\/10\/pedro-castillejo-nuevo-tesorero-de-aje-cordoba\/","name":"Pedro Castillejo, nuevo tesorero de AJE C\u00f3rdoba - AJE C\u00f3rdoba","isPartOf":{"@id":"https:\/\/ajeandalucia.org\/cordoba\/#website"},"primaryImageOfPage":{"@id":"https:\/\/ajeandalucia.org\/cordoba\/2023\/05\/10\/pedro-castillejo-nuevo-tesorero-de-aje-cordoba\/#primaryimage"},"image":{"@id":"https:\/\/ajeandalucia.org\/cordoba\/2023\/05\/10\/pedro-castillejo-nuevo-tesorero-de-aje-cordoba\/#primaryimage"},"thumbnailUrl":"https:\/\/ajeandalucia.org\/cordoba\/wp-content\/uploads\/sites\/6\/2023\/05\/F\u00e9lix-Almagro-y-Pedro-Castillejo.jpeg","datePublished":"2023-05-10T12:01:45+00:00","dateModified":"2023-05-11T12:07:54+00:00","breadcrumb":{"@id":"https:\/\/ajeandalucia.org\/cordoba\/2023\/05\/10\/pedro-castillejo-nuevo-tesorero-de-aje-cordoba\/#breadcrumb"},"inLanguage":"es","potentialAction":[{"@type":"ReadAction","target":["https:\/\/ajeandalucia.org\/cordoba\/2023\/05\/10\/pedro-castillejo-nuevo-tesorero-de-aje-cordoba\/"]}]},{"@type":"ImageObject","inLanguage":"es","@id":"https:\/\/ajeandalucia.org\/cordoba\/2023\/05\/10\/pedro-castillejo-nuevo-tesorero-de-aje-cordoba\/#primaryimage","url":"https:\/\/ajeandalucia.org\/cordoba\/wp-content\/uploads\/sites\/6\/2023\/05\/F\u00e9lix-Almagro-y-Pedro-Castillejo.jpeg","contentUrl":"https:\/\/ajeandalucia.org\/cordoba\/wp-content\/uploads\/sites\/6\/2023\/05\/F\u00e9lix-Almagro-y-Pedro-Castillejo.jpeg","width":1600,"height":1066},{"@type":"BreadcrumbList","@id":"https:\/\/ajeandalucia.org\/cordoba\/2023\/05\/10\/pedro-castillejo-nuevo-tesorero-de-aje-cordoba\/#breadcrumb","itemListElement":[{"@type":"ListItem","position":1,"name":"Portada","item":"https:\/\/ajeandalucia.org\/cordoba\/"},{"@type":"ListItem","position":2,"name":"Pedro Castillejo, nuevo tesorero de AJE C\u00f3rdoba"}]},{"@type":"WebSite","@id":"https:\/\/ajeandalucia.org\/cordoba\/#website","url":"https:\/\/ajeandalucia.org\/cordoba\/","name":"AJE C\u00f3rdoba","description":"Otro sitio m\u00e1s de AJE Andaluc\u00eda","publisher":{"@id":"https:\/\/ajeandalucia.org\/cordoba\/#organization"},"potentialAction":[{"@type":"SearchAction","target":{"@type":"EntryPoint","urlTemplate":"https:\/\/ajeandalucia.org\/cordoba\/?s={search_term_string}"},"query-input":{"@type":"PropertyValueSpecification","valueRequired":true,"valueName":"search_term_string"}}],"inLanguage":"es"},{"@type":"Organization","@id":"https:\/\/ajeandalucia.org\/cordoba\/#organization","name":"AJE C\u00f3rdoba","url":"https:\/\/ajeandalucia.org\/cordoba\/","logo":{"@type":"ImageObject","inLanguage":"es","@id":"https:\/\/ajeandalucia.org\/cordoba\/#\/schema\/logo\/image\/","url":"https:\/\/ajeandalucia.org\/cordoba\/wp-content\/uploads\/sites\/6\/2025\/01\/AJE-CORDOBA-horizontal.png","contentUrl":"https:\/\/ajeandalucia.org\/cordoba\/wp-content\/uploads\/sites\/6\/2025\/01\/AJE-CORDOBA-horizontal.png","width":605,"height":200,"caption":"AJE C\u00f3rdoba"},"image":{"@id":"https:\/\/ajeandalucia.org\/cordoba\/#\/schema\/logo\/image\/"}},{"@type":"Person","@id":"https:\/\/ajeandalucia.org\/cordoba\/#\/schema\/person\/1d19f90c44baad3b3701f8af33c2f520","name":"cordoba","image":{"@type":"ImageObject","inLanguage":"es","@id":"https:\/\/ajeandalucia.org\/cordoba\/#\/schema\/person\/image\/","url":"https:\/\/secure.gravatar.com\/avatar\/46102d83da7c40efca6d3413931ddaf8470cef93888429af7689de210b9bb6fe?s=96&d=mm&r=g","contentUrl":"https:\/\/secure.gravatar.com\/avatar\/46102d83da7c40efca6d3413931ddaf8470cef93888429af7689de210b9bb6fe?s=96&d=mm&r=g","caption":"cordoba"},"url":"https:\/\/ajeandalucia.org\/cordoba\/author\/cordoba\/"}]}},"_links":{"self":[{"href":"https:\/\/ajeandalucia.org\/cordoba\/wp-json\/wp\/v2\/posts\/7305","targetHints":{"allow":["GET"]}}],"collection":[{"href":"https:\/\/ajeandalucia.org\/cordoba\/wp-json\/wp\/v2\/posts"}],"about":[{"href":"https:\/\/ajeandalucia.org\/cordoba\/wp-json\/wp\/v2\/types\/post"}],"author":[{"embeddable":true,"href":"https:\/\/ajeandalucia.org\/cordoba\/wp-json\/wp\/v2\/users\/5"}],"replies":[{"embeddable":true,"href":"https:\/\/ajeandalucia.org\/cordoba\/wp-json\/wp\/v2\/comments?post=7305"}],"version-history":[{"count":1,"href":"https:\/\/ajeandalucia.org\/cordoba\/wp-json\/wp\/v2\/posts\/7305\/revisions"}],"predecessor-version":[{"id":7307,"href":"https:\/\/ajeandalucia.org\/cordoba\/wp-json\/wp\/v2\/posts\/7305\/revisions\/7307"}],"wp:featuredmedia":[{"embeddable":true,"href":"https:\/\/ajeandalucia.org\/cordoba\/wp-json\/wp\/v2\/media\/7306"}],"wp:attachment":[{"href":"https:\/\/ajeandalucia.org\/cordoba\/wp-json\/wp\/v2\/media?parent=7305"}],"wp:term":[{"taxonomy":"category","embeddable":true,"href":"https:\/\/ajeandalucia.org\/cordoba\/wp-json\/wp\/v2\/categories?post=7305"},{"taxonomy":"post_tag","embeddable":true,"href":"https:\/\/ajeandalucia.org\/cordoba\/wp-json\/wp\/v2\/tags?post=7305"}],"curies":[{"name":"wp","href":"https:\/\/api.w.org\/{rel}","templated":true}]}}