{"id":7353,"date":"2023-05-30T08:02:46","date_gmt":"2023-05-30T08:02:46","guid":{"rendered":"https:\/\/www.ajeandalucia.org\/cordoba\/?p=7353"},"modified":"2023-06-01T08:10:21","modified_gmt":"2023-06-01T08:10:21","slug":"aje-cordoba-sera-uno-de-los-cuatro-puntos-de-espana-del-programa-de-kit-digital-para-jovenes-empresarios","status":"publish","type":"post","link":"https:\/\/ajeandalucia.org\/cordoba\/2023\/05\/30\/aje-cordoba-sera-uno-de-los-cuatro-puntos-de-espana-del-programa-de-kit-digital-para-jovenes-empresarios\/","title":{"rendered":"AJE C\u00f3rdoba ser\u00e1 uno de los cuatro puntos de Espa\u00f1a del Programa de Kit Digital para j\u00f3venes empresarios"},"content":{"rendered":"<ul>\n<li>CEAJE, que tambi\u00e9n tendr\u00e1 oficinas permanentes en las asociaciones de Madrid, Valladolid y Las Palmas, afirma que menos del 20% de las empresas espa\u00f1olas est\u00e1n totalmente digitalizadas<\/li>\n<li>Andaluc\u00eda est\u00e1 entre las comunidades aut\u00f3nomas con menor \u00edndice de digitalizaci\u00f3n junto a Castilla y Le\u00f3n, Extremadura, Castilla La Mancha, Galicia y Canarias<\/li>\n<\/ul>\n<p><strong>C\u00f3rdoba<\/strong>. La Asociaci\u00f3n de J\u00f3venes Empresarios (AJE) de C\u00f3rdoba ser\u00e1 una de las cuatro oficinas permanentes del Programa de Kit Digital que la Confederaci\u00f3n Espa\u00f1ola de Asociaciones de J\u00f3venes Empresarios (CEAJE) tendr\u00e1 en Espa\u00f1a. Las otras tres que ha elegido son las de Madrid, Valladolid y Las Palmas. As\u00ed lo ha dado a conocer el propio colectivo a trav\u00e9s de Laura Justo, que ha presentado una iniciativa que se mantendr\u00e1 hasta 2024. Entre los datos que ha dado a conocer destaca, entre otros, que menos del 20% de las empresas cordobesas est\u00e1n totalmente digitalizadas.<\/p>\n<p>El objetivo del citado y ambicioso programa de CEAJE es tanto difundirlo como asesorar y acompa\u00f1ar a los posibles beneficiarios del Programa Kit Digital dentro del segmento del empresariado joven. En relaci\u00f3n al bajo porcentaje de empresas totalmente digitalizadas, AJE C\u00f3rdoba ha precisado que su difusi\u00f3n es \u201cuno de los principales retos\u201d. Para ello la confederaci\u00f3n empresarial ha iniciado este proyecto para que las empresas implanten la soluci\u00f3n tecnol\u00f3gica m\u00e1s adecuada y, por supuesto, llegar al mayor n\u00famero de beneficiarios posible.<\/p>\n<p>En concreto, CEAJE est\u00e1 realizando durante los diez primeros meses de 2023 distintas actividades para dar a conocer las ventajas de ser beneficiario del Programa Kit Digital. Entre estas acciones figuran desde la celebraci\u00f3n de webinars hasta eventos presenciales y la instalaci\u00f3n de las oficinas de informaci\u00f3n sobre Kit Digital, entre las que se encuentra la de AJE C\u00f3rdoba. Por otro lado, llevar\u00e1 a cabo acciones m\u00e1s indirectas, como son la celebraci\u00f3n de ruedas de prensa, telemarketing, mailings masivo, campa\u00f1a en redes, inserci\u00f3n de contenidos en newsletters, as\u00ed como env\u00edo masivo de correos ordinarios a una poblaci\u00f3n de profesionales de \u00e1mbitos menos digitalizados y con menos acceso a las redes de informaci\u00f3n anteriormente mencionadas. Estas acciones se vienen realizando desde el pasado mes de febrero siendo ahora el turno de la implantaci\u00f3n de la oficina de AJE C\u00f3rdoba.<\/p>\n<p>El servicio que ofrecen los j\u00f3venes empresarios se divide en cuatro fases: orientaci\u00f3n y asesoramiento inicial; acompa\u00f1amiento por los t\u00e9cnicos de CEAJE al joven empresario\/a en el proceso de solicitud; asignaci\u00f3n de t\u00e9cnicos m\u00e1s especializados en soluciones tecnol\u00f3gicas destinada los beneficiarios del bono digital y puesta en servicio de t\u00e9cnicos de consulta para cualquier incidencia que tenga el joven empresario\/a con el agente digitalizador o con la soluci\u00f3n implantada, adem\u00e1s de ayudar a que el beneficiario entienda los procesos y plazos de justificaci\u00f3n, pudiendo llegar a mediar entre la empresa beneficiaria y el agente digitalizador adherido.<\/p>\n<p>El servicio de asesoramiento y acompa\u00f1amiento se realizar\u00e1 durante todo el a\u00f1o 2023 y 2024, centrando los distintos recursos seg\u00fan las convocatorias y las necesidades del beneficiario final, por ejemplo, se programar\u00e1n m\u00e1s acciones de la fase primera, orientaci\u00f3n y asesoramiento inicial y fase dos, ayuda a la tramitaci\u00f3n en el a\u00f1o 2023, calendarizando las dos siguientes fases en 2023 y 2024.<\/p>\n<p>Durante la presentaci\u00f3n del programa, Laura Justo ha apuntado al estudio al que ha tenido acceso CEAJE. En este sentido, ha detallado que \u201cla brecha es acusada entre sectores m\u00e1s relacionados con la tecnolog\u00eda y aquellos que tienen una actividad vinculada con la fabricaci\u00f3n y la construcci\u00f3n\u201d. En lo que respecta al uso de las tecnolog\u00edas, la firma electr\u00f3nica es la que cuenta con un mayor grado de implantaci\u00f3n en las empresas, con algo m\u00e1s del 80%. La menos desarrollada es la inteligencia artificial que est\u00e1 por debajo del 10%. En el caso de Andaluc\u00eda, esta tecnolog\u00eda s\u00f3lo est\u00e1 presente en el 6,9 de las empresas.<\/p>\n<p>Asimismo, aunque el cloud computing y la existencia de herramientas anal\u00edticas m\u00e1s f\u00e1ciles de usar han hecho que el an\u00e1lisis de big data sea m\u00e1s asequible, las grandes empresas siguen siendo, con diferencia, los mayores usuarios de esta anal\u00edtica: el 29% frente al 18% de las medianas y el 9% de las peque\u00f1as.<\/p>\n<p>&nbsp;<\/p>\n","protected":false},"excerpt":{"rendered":"<p>CEAJE, que tambi\u00e9n tendr\u00e1 oficinas permanentes en las asociaciones de Madrid, Valladolid y Las Palmas, afirma que menos del 20% [&hellip;]<\/p>\n","protected":false},"author":5,"featured_media":7354,"comment_status":"open","ping_status":"open","sticky":false,"template":"","format":"standard","meta":{"_acf_changed":false,"site-sidebar-layout":"default","site-content-layout":"","ast-site-content-layout":"default","site-content-style":"default","site-sidebar-style":"default","ast-global-header-display":"","ast-banner-title-visibility":"","ast-main-header-display":"","ast-hfb-above-header-display":"","ast-hfb-below-header-display":"","ast-hfb-mobile-header-display":"","site-post-title":"","ast-breadcrumbs-content":"","ast-featured-img":"","footer-sml-layout":"","ast-disable-related-posts":"","theme-transparent-header-meta":"","adv-header-id-meta":"","stick-header-meta":"","header-above-stick-meta":"","header-main-stick-meta":"","header-below-stick-meta":"","astra-migrate-meta-layouts":"default","ast-page-background-enabled":"default","ast-page-background-meta":{"desktop":{"background-color":"var(--ast-global-color-5)","background-image":"","background-repeat":"repeat","background-position":"center center","background-size":"auto","background-attachment":"scroll","background-type":"","background-media":"","overlay-type":"","overlay-color":"","overlay-opacity":"","overlay-gradient":""},"tablet":{"background-color":"","background-image":"","background-repeat":"repeat","background-position":"center center","background-size":"auto","background-attachment":"scroll","background-type":"","background-media":"","overlay-type":"","overlay-color":"","overlay-opacity":"","overlay-gradient":""},"mobile":{"background-color":"","background-image":"","background-repeat":"repeat","background-position":"center center","background-size":"auto","background-attachment":"scroll","background-type":"","background-media":"","overlay-type":"","overlay-color":"","overlay-opacity":"","overlay-gradient":""}},"ast-content-background-meta":{"desktop":{"background-color":"var(--ast-global-color-4)","background-image":"","background-repeat":"repeat","background-position":"center center","background-size":"auto","background-attachment":"scroll","background-type":"","background-media":"","overlay-type":"","overlay-color":"","overlay-opacity":"","overlay-gradient":""},"tablet":{"background-color":"var(--ast-global-color-4)","background-image":"","background-repeat":"repeat","background-position":"center center","background-size":"auto","background-attachment":"scroll","background-type":"","background-media":"","overlay-type":"","overlay-color":"","overlay-opacity":"","overlay-gradient":""},"mobile":{"background-color":"var(--ast-global-color-4)","background-image":"","background-repeat":"repeat","background-position":"center center","background-size":"auto","background-attachment":"scroll","background-type":"","background-media":"","overlay-type":"","overlay-color":"","overlay-opacity":"","overlay-gradient":""}},"footnotes":""},"categories":[8],"tags":[],"class_list":["post-7353","post","type-post","status-publish","format-standard","has-post-thumbnail","hentry","category-noticias"],"acf":[],"yoast_head":"<!-- This site is optimized with the Yoast SEO plugin v26.9 - https:\/\/yoast.com\/product\/yoast-seo-wordpress\/ -->\n<title>AJE C\u00f3rdoba ser\u00e1 uno de los cuatro puntos de Espa\u00f1a del Programa de Kit Digital para j\u00f3venes empresarios - AJE C\u00f3rdoba<\/title>\n<meta name=\"robots\" content=\"index, follow, max-snippet:-1, max-image-preview:large, max-video-preview:-1\" \/>\n<link rel=\"canonical\" href=\"https:\/\/ajeandalucia.org\/cordoba\/2023\/05\/30\/aje-cordoba-sera-uno-de-los-cuatro-puntos-de-espana-del-programa-de-kit-digital-para-jovenes-empresarios\/\" \/>\n<meta property=\"og:locale\" content=\"es_ES\" \/>\n<meta property=\"og:type\" content=\"article\" \/>\n<meta property=\"og:title\" content=\"AJE C\u00f3rdoba ser\u00e1 uno de los cuatro puntos de Espa\u00f1a del Programa de Kit Digital para j\u00f3venes empresarios - AJE C\u00f3rdoba\" \/>\n<meta property=\"og:description\" content=\"CEAJE, que tambi\u00e9n tendr\u00e1 oficinas permanentes en las asociaciones de Madrid, Valladolid y Las Palmas, afirma que menos del 20% [&hellip;]\" \/>\n<meta property=\"og:url\" content=\"https:\/\/ajeandalucia.org\/cordoba\/2023\/05\/30\/aje-cordoba-sera-uno-de-los-cuatro-puntos-de-espana-del-programa-de-kit-digital-para-jovenes-empresarios\/\" \/>\n<meta property=\"og:site_name\" content=\"AJE C\u00f3rdoba\" \/>\n<meta property=\"article:published_time\" content=\"2023-05-30T08:02:46+00:00\" \/>\n<meta property=\"article:modified_time\" content=\"2023-06-01T08:10:21+00:00\" \/>\n<meta property=\"og:image\" content=\"https:\/\/ajeandalucia.org\/cordoba\/wp-content\/uploads\/sites\/6\/2023\/06\/kit-ceaje.jpg\" \/>\n\t<meta property=\"og:image:width\" content=\"880\" \/>\n\t<meta property=\"og:image:height\" content=\"915\" \/>\n\t<meta property=\"og:image:type\" content=\"image\/jpeg\" \/>\n<meta name=\"author\" content=\"cordoba\" \/>\n<meta name=\"twitter:card\" content=\"summary_large_image\" \/>\n<meta name=\"twitter:label1\" content=\"Escrito por\" \/>\n\t<meta name=\"twitter:data1\" content=\"cordoba\" \/>\n\t<meta name=\"twitter:label2\" content=\"Tiempo de lectura\" \/>\n\t<meta name=\"twitter:data2\" content=\"4 minutos\" \/>\n<script type=\"application\/ld+json\" class=\"yoast-schema-graph\">{\"@context\":\"https:\/\/schema.org\",\"@graph\":[{\"@type\":\"Article\",\"@id\":\"https:\/\/ajeandalucia.org\/cordoba\/2023\/05\/30\/aje-cordoba-sera-uno-de-los-cuatro-puntos-de-espana-del-programa-de-kit-digital-para-jovenes-empresarios\/#article\",\"isPartOf\":{\"@id\":\"https:\/\/ajeandalucia.org\/cordoba\/2023\/05\/30\/aje-cordoba-sera-uno-de-los-cuatro-puntos-de-espana-del-programa-de-kit-digital-para-jovenes-empresarios\/\"},\"author\":{\"name\":\"cordoba\",\"@id\":\"https:\/\/ajeandalucia.org\/cordoba\/#\/schema\/person\/1d19f90c44baad3b3701f8af33c2f520\"},\"headline\":\"AJE C\u00f3rdoba ser\u00e1 uno de los cuatro puntos de Espa\u00f1a del Programa de Kit Digital para j\u00f3venes empresarios\",\"datePublished\":\"2023-05-30T08:02:46+00:00\",\"dateModified\":\"2023-06-01T08:10:21+00:00\",\"mainEntityOfPage\":{\"@id\":\"https:\/\/ajeandalucia.org\/cordoba\/2023\/05\/30\/aje-cordoba-sera-uno-de-los-cuatro-puntos-de-espana-del-programa-de-kit-digital-para-jovenes-empresarios\/\"},\"wordCount\":767,\"commentCount\":0,\"publisher\":{\"@id\":\"https:\/\/ajeandalucia.org\/cordoba\/#organization\"},\"image\":{\"@id\":\"https:\/\/ajeandalucia.org\/cordoba\/2023\/05\/30\/aje-cordoba-sera-uno-de-los-cuatro-puntos-de-espana-del-programa-de-kit-digital-para-jovenes-empresarios\/#primaryimage\"},\"thumbnailUrl\":\"https:\/\/ajeandalucia.org\/cordoba\/wp-content\/uploads\/sites\/6\/2023\/06\/kit-ceaje.jpg\",\"articleSection\":[\"Noticias\"],\"inLanguage\":\"es\",\"potentialAction\":[{\"@type\":\"CommentAction\",\"name\":\"Comment\",\"target\":[\"https:\/\/ajeandalucia.org\/cordoba\/2023\/05\/30\/aje-cordoba-sera-uno-de-los-cuatro-puntos-de-espana-del-programa-de-kit-digital-para-jovenes-empresarios\/#respond\"]}]},{\"@type\":\"WebPage\",\"@id\":\"https:\/\/ajeandalucia.org\/cordoba\/2023\/05\/30\/aje-cordoba-sera-uno-de-los-cuatro-puntos-de-espana-del-programa-de-kit-digital-para-jovenes-empresarios\/\",\"url\":\"https:\/\/ajeandalucia.org\/cordoba\/2023\/05\/30\/aje-cordoba-sera-uno-de-los-cuatro-puntos-de-espana-del-programa-de-kit-digital-para-jovenes-empresarios\/\",\"name\":\"AJE C\u00f3rdoba ser\u00e1 uno de los cuatro puntos de Espa\u00f1a del Programa de Kit Digital para j\u00f3venes empresarios - AJE C\u00f3rdoba\",\"isPartOf\":{\"@id\":\"https:\/\/ajeandalucia.org\/cordoba\/#website\"},\"primaryImageOfPage\":{\"@id\":\"https:\/\/ajeandalucia.org\/cordoba\/2023\/05\/30\/aje-cordoba-sera-uno-de-los-cuatro-puntos-de-espana-del-programa-de-kit-digital-para-jovenes-empresarios\/#primaryimage\"},\"image\":{\"@id\":\"https:\/\/ajeandalucia.org\/cordoba\/2023\/05\/30\/aje-cordoba-sera-uno-de-los-cuatro-puntos-de-espana-del-programa-de-kit-digital-para-jovenes-empresarios\/#primaryimage\"},\"thumbnailUrl\":\"https:\/\/ajeandalucia.org\/cordoba\/wp-content\/uploads\/sites\/6\/2023\/06\/kit-ceaje.jpg\",\"datePublished\":\"2023-05-30T08:02:46+00:00\",\"dateModified\":\"2023-06-01T08:10:21+00:00\",\"breadcrumb\":{\"@id\":\"https:\/\/ajeandalucia.org\/cordoba\/2023\/05\/30\/aje-cordoba-sera-uno-de-los-cuatro-puntos-de-espana-del-programa-de-kit-digital-para-jovenes-empresarios\/#breadcrumb\"},\"inLanguage\":\"es\",\"potentialAction\":[{\"@type\":\"ReadAction\",\"target\":[\"https:\/\/ajeandalucia.org\/cordoba\/2023\/05\/30\/aje-cordoba-sera-uno-de-los-cuatro-puntos-de-espana-del-programa-de-kit-digital-para-jovenes-empresarios\/\"]}]},{\"@type\":\"ImageObject\",\"inLanguage\":\"es\",\"@id\":\"https:\/\/ajeandalucia.org\/cordoba\/2023\/05\/30\/aje-cordoba-sera-uno-de-los-cuatro-puntos-de-espana-del-programa-de-kit-digital-para-jovenes-empresarios\/#primaryimage\",\"url\":\"https:\/\/ajeandalucia.org\/cordoba\/wp-content\/uploads\/sites\/6\/2023\/06\/kit-ceaje.jpg\",\"contentUrl\":\"https:\/\/ajeandalucia.org\/cordoba\/wp-content\/uploads\/sites\/6\/2023\/06\/kit-ceaje.jpg\",\"width\":880,\"height\":915},{\"@type\":\"BreadcrumbList\",\"@id\":\"https:\/\/ajeandalucia.org\/cordoba\/2023\/05\/30\/aje-cordoba-sera-uno-de-los-cuatro-puntos-de-espana-del-programa-de-kit-digital-para-jovenes-empresarios\/#breadcrumb\",\"itemListElement\":[{\"@type\":\"ListItem\",\"position\":1,\"name\":\"Portada\",\"item\":\"https:\/\/ajeandalucia.org\/cordoba\/\"},{\"@type\":\"ListItem\",\"position\":2,\"name\":\"AJE C\u00f3rdoba ser\u00e1 uno de los cuatro puntos de Espa\u00f1a del Programa de Kit Digital para j\u00f3venes empresarios\"}]},{\"@type\":\"WebSite\",\"@id\":\"https:\/\/ajeandalucia.org\/cordoba\/#website\",\"url\":\"https:\/\/ajeandalucia.org\/cordoba\/\",\"name\":\"AJE C\u00f3rdoba\",\"description\":\"Otro sitio m\u00e1s de AJE Andaluc\u00eda\",\"publisher\":{\"@id\":\"https:\/\/ajeandalucia.org\/cordoba\/#organization\"},\"potentialAction\":[{\"@type\":\"SearchAction\",\"target\":{\"@type\":\"EntryPoint\",\"urlTemplate\":\"https:\/\/ajeandalucia.org\/cordoba\/?s={search_term_string}\"},\"query-input\":{\"@type\":\"PropertyValueSpecification\",\"valueRequired\":true,\"valueName\":\"search_term_string\"}}],\"inLanguage\":\"es\"},{\"@type\":\"Organization\",\"@id\":\"https:\/\/ajeandalucia.org\/cordoba\/#organization\",\"name\":\"AJE C\u00f3rdoba\",\"url\":\"https:\/\/ajeandalucia.org\/cordoba\/\",\"logo\":{\"@type\":\"ImageObject\",\"inLanguage\":\"es\",\"@id\":\"https:\/\/ajeandalucia.org\/cordoba\/#\/schema\/logo\/image\/\",\"url\":\"https:\/\/ajeandalucia.org\/cordoba\/wp-content\/uploads\/sites\/6\/2025\/01\/AJE-CORDOBA-horizontal.png\",\"contentUrl\":\"https:\/\/ajeandalucia.org\/cordoba\/wp-content\/uploads\/sites\/6\/2025\/01\/AJE-CORDOBA-horizontal.png\",\"width\":605,\"height\":200,\"caption\":\"AJE C\u00f3rdoba\"},\"image\":{\"@id\":\"https:\/\/ajeandalucia.org\/cordoba\/#\/schema\/logo\/image\/\"}},{\"@type\":\"Person\",\"@id\":\"https:\/\/ajeandalucia.org\/cordoba\/#\/schema\/person\/1d19f90c44baad3b3701f8af33c2f520\",\"name\":\"cordoba\",\"image\":{\"@type\":\"ImageObject\",\"inLanguage\":\"es\",\"@id\":\"https:\/\/ajeandalucia.org\/cordoba\/#\/schema\/person\/image\/\",\"url\":\"https:\/\/secure.gravatar.com\/avatar\/46102d83da7c40efca6d3413931ddaf8470cef93888429af7689de210b9bb6fe?s=96&d=mm&r=g\",\"contentUrl\":\"https:\/\/secure.gravatar.com\/avatar\/46102d83da7c40efca6d3413931ddaf8470cef93888429af7689de210b9bb6fe?s=96&d=mm&r=g\",\"caption\":\"cordoba\"},\"url\":\"https:\/\/ajeandalucia.org\/cordoba\/author\/cordoba\/\"}]}<\/script>\n<!-- \/ Yoast SEO plugin. -->","yoast_head_json":{"title":"AJE C\u00f3rdoba ser\u00e1 uno de los cuatro puntos de Espa\u00f1a del Programa de Kit Digital para j\u00f3venes empresarios - AJE C\u00f3rdoba","robots":{"index":"index","follow":"follow","max-snippet":"max-snippet:-1","max-image-preview":"max-image-preview:large","max-video-preview":"max-video-preview:-1"},"canonical":"https:\/\/ajeandalucia.org\/cordoba\/2023\/05\/30\/aje-cordoba-sera-uno-de-los-cuatro-puntos-de-espana-del-programa-de-kit-digital-para-jovenes-empresarios\/","og_locale":"es_ES","og_type":"article","og_title":"AJE C\u00f3rdoba ser\u00e1 uno de los cuatro puntos de Espa\u00f1a del Programa de Kit Digital para j\u00f3venes empresarios - AJE C\u00f3rdoba","og_description":"CEAJE, que tambi\u00e9n tendr\u00e1 oficinas permanentes en las asociaciones de Madrid, Valladolid y Las Palmas, afirma que menos del 20% [&hellip;]","og_url":"https:\/\/ajeandalucia.org\/cordoba\/2023\/05\/30\/aje-cordoba-sera-uno-de-los-cuatro-puntos-de-espana-del-programa-de-kit-digital-para-jovenes-empresarios\/","og_site_name":"AJE C\u00f3rdoba","article_published_time":"2023-05-30T08:02:46+00:00","article_modified_time":"2023-06-01T08:10:21+00:00","og_image":[{"width":880,"height":915,"url":"https:\/\/ajeandalucia.org\/cordoba\/wp-content\/uploads\/sites\/6\/2023\/06\/kit-ceaje.jpg","type":"image\/jpeg"}],"author":"cordoba","twitter_card":"summary_large_image","twitter_misc":{"Escrito por":"cordoba","Tiempo de lectura":"4 minutos"},"schema":{"@context":"https:\/\/schema.org","@graph":[{"@type":"Article","@id":"https:\/\/ajeandalucia.org\/cordoba\/2023\/05\/30\/aje-cordoba-sera-uno-de-los-cuatro-puntos-de-espana-del-programa-de-kit-digital-para-jovenes-empresarios\/#article","isPartOf":{"@id":"https:\/\/ajeandalucia.org\/cordoba\/2023\/05\/30\/aje-cordoba-sera-uno-de-los-cuatro-puntos-de-espana-del-programa-de-kit-digital-para-jovenes-empresarios\/"},"author":{"name":"cordoba","@id":"https:\/\/ajeandalucia.org\/cordoba\/#\/schema\/person\/1d19f90c44baad3b3701f8af33c2f520"},"headline":"AJE C\u00f3rdoba ser\u00e1 uno de los cuatro puntos de Espa\u00f1a del Programa de Kit Digital para j\u00f3venes empresarios","datePublished":"2023-05-30T08:02:46+00:00","dateModified":"2023-06-01T08:10:21+00:00","mainEntityOfPage":{"@id":"https:\/\/ajeandalucia.org\/cordoba\/2023\/05\/30\/aje-cordoba-sera-uno-de-los-cuatro-puntos-de-espana-del-programa-de-kit-digital-para-jovenes-empresarios\/"},"wordCount":767,"commentCount":0,"publisher":{"@id":"https:\/\/ajeandalucia.org\/cordoba\/#organization"},"image":{"@id":"https:\/\/ajeandalucia.org\/cordoba\/2023\/05\/30\/aje-cordoba-sera-uno-de-los-cuatro-puntos-de-espana-del-programa-de-kit-digital-para-jovenes-empresarios\/#primaryimage"},"thumbnailUrl":"https:\/\/ajeandalucia.org\/cordoba\/wp-content\/uploads\/sites\/6\/2023\/06\/kit-ceaje.jpg","articleSection":["Noticias"],"inLanguage":"es","potentialAction":[{"@type":"CommentAction","name":"Comment","target":["https:\/\/ajeandalucia.org\/cordoba\/2023\/05\/30\/aje-cordoba-sera-uno-de-los-cuatro-puntos-de-espana-del-programa-de-kit-digital-para-jovenes-empresarios\/#respond"]}]},{"@type":"WebPage","@id":"https:\/\/ajeandalucia.org\/cordoba\/2023\/05\/30\/aje-cordoba-sera-uno-de-los-cuatro-puntos-de-espana-del-programa-de-kit-digital-para-jovenes-empresarios\/","url":"https:\/\/ajeandalucia.org\/cordoba\/2023\/05\/30\/aje-cordoba-sera-uno-de-los-cuatro-puntos-de-espana-del-programa-de-kit-digital-para-jovenes-empresarios\/","name":"AJE C\u00f3rdoba ser\u00e1 uno de los cuatro puntos de Espa\u00f1a del Programa de Kit Digital para j\u00f3venes empresarios - AJE C\u00f3rdoba","isPartOf":{"@id":"https:\/\/ajeandalucia.org\/cordoba\/#website"},"primaryImageOfPage":{"@id":"https:\/\/ajeandalucia.org\/cordoba\/2023\/05\/30\/aje-cordoba-sera-uno-de-los-cuatro-puntos-de-espana-del-programa-de-kit-digital-para-jovenes-empresarios\/#primaryimage"},"image":{"@id":"https:\/\/ajeandalucia.org\/cordoba\/2023\/05\/30\/aje-cordoba-sera-uno-de-los-cuatro-puntos-de-espana-del-programa-de-kit-digital-para-jovenes-empresarios\/#primaryimage"},"thumbnailUrl":"https:\/\/ajeandalucia.org\/cordoba\/wp-content\/uploads\/sites\/6\/2023\/06\/kit-ceaje.jpg","datePublished":"2023-05-30T08:02:46+00:00","dateModified":"2023-06-01T08:10:21+00:00","breadcrumb":{"@id":"https:\/\/ajeandalucia.org\/cordoba\/2023\/05\/30\/aje-cordoba-sera-uno-de-los-cuatro-puntos-de-espana-del-programa-de-kit-digital-para-jovenes-empresarios\/#breadcrumb"},"inLanguage":"es","potentialAction":[{"@type":"ReadAction","target":["https:\/\/ajeandalucia.org\/cordoba\/2023\/05\/30\/aje-cordoba-sera-uno-de-los-cuatro-puntos-de-espana-del-programa-de-kit-digital-para-jovenes-empresarios\/"]}]},{"@type":"ImageObject","inLanguage":"es","@id":"https:\/\/ajeandalucia.org\/cordoba\/2023\/05\/30\/aje-cordoba-sera-uno-de-los-cuatro-puntos-de-espana-del-programa-de-kit-digital-para-jovenes-empresarios\/#primaryimage","url":"https:\/\/ajeandalucia.org\/cordoba\/wp-content\/uploads\/sites\/6\/2023\/06\/kit-ceaje.jpg","contentUrl":"https:\/\/ajeandalucia.org\/cordoba\/wp-content\/uploads\/sites\/6\/2023\/06\/kit-ceaje.jpg","width":880,"height":915},{"@type":"BreadcrumbList","@id":"https:\/\/ajeandalucia.org\/cordoba\/2023\/05\/30\/aje-cordoba-sera-uno-de-los-cuatro-puntos-de-espana-del-programa-de-kit-digital-para-jovenes-empresarios\/#breadcrumb","itemListElement":[{"@type":"ListItem","position":1,"name":"Portada","item":"https:\/\/ajeandalucia.org\/cordoba\/"},{"@type":"ListItem","position":2,"name":"AJE C\u00f3rdoba ser\u00e1 uno de los cuatro puntos de Espa\u00f1a del Programa de Kit Digital para j\u00f3venes empresarios"}]},{"@type":"WebSite","@id":"https:\/\/ajeandalucia.org\/cordoba\/#website","url":"https:\/\/ajeandalucia.org\/cordoba\/","name":"AJE C\u00f3rdoba","description":"Otro sitio m\u00e1s de AJE Andaluc\u00eda","publisher":{"@id":"https:\/\/ajeandalucia.org\/cordoba\/#organization"},"potentialAction":[{"@type":"SearchAction","target":{"@type":"EntryPoint","urlTemplate":"https:\/\/ajeandalucia.org\/cordoba\/?s={search_term_string}"},"query-input":{"@type":"PropertyValueSpecification","valueRequired":true,"valueName":"search_term_string"}}],"inLanguage":"es"},{"@type":"Organization","@id":"https:\/\/ajeandalucia.org\/cordoba\/#organization","name":"AJE C\u00f3rdoba","url":"https:\/\/ajeandalucia.org\/cordoba\/","logo":{"@type":"ImageObject","inLanguage":"es","@id":"https:\/\/ajeandalucia.org\/cordoba\/#\/schema\/logo\/image\/","url":"https:\/\/ajeandalucia.org\/cordoba\/wp-content\/uploads\/sites\/6\/2025\/01\/AJE-CORDOBA-horizontal.png","contentUrl":"https:\/\/ajeandalucia.org\/cordoba\/wp-content\/uploads\/sites\/6\/2025\/01\/AJE-CORDOBA-horizontal.png","width":605,"height":200,"caption":"AJE C\u00f3rdoba"},"image":{"@id":"https:\/\/ajeandalucia.org\/cordoba\/#\/schema\/logo\/image\/"}},{"@type":"Person","@id":"https:\/\/ajeandalucia.org\/cordoba\/#\/schema\/person\/1d19f90c44baad3b3701f8af33c2f520","name":"cordoba","image":{"@type":"ImageObject","inLanguage":"es","@id":"https:\/\/ajeandalucia.org\/cordoba\/#\/schema\/person\/image\/","url":"https:\/\/secure.gravatar.com\/avatar\/46102d83da7c40efca6d3413931ddaf8470cef93888429af7689de210b9bb6fe?s=96&d=mm&r=g","contentUrl":"https:\/\/secure.gravatar.com\/avatar\/46102d83da7c40efca6d3413931ddaf8470cef93888429af7689de210b9bb6fe?s=96&d=mm&r=g","caption":"cordoba"},"url":"https:\/\/ajeandalucia.org\/cordoba\/author\/cordoba\/"}]}},"_links":{"self":[{"href":"https:\/\/ajeandalucia.org\/cordoba\/wp-json\/wp\/v2\/posts\/7353","targetHints":{"allow":["GET"]}}],"collection":[{"href":"https:\/\/ajeandalucia.org\/cordoba\/wp-json\/wp\/v2\/posts"}],"about":[{"href":"https:\/\/ajeandalucia.org\/cordoba\/wp-json\/wp\/v2\/types\/post"}],"author":[{"embeddable":true,"href":"https:\/\/ajeandalucia.org\/cordoba\/wp-json\/wp\/v2\/users\/5"}],"replies":[{"embeddable":true,"href":"https:\/\/ajeandalucia.org\/cordoba\/wp-json\/wp\/v2\/comments?post=7353"}],"version-history":[{"count":1,"href":"https:\/\/ajeandalucia.org\/cordoba\/wp-json\/wp\/v2\/posts\/7353\/revisions"}],"predecessor-version":[{"id":7355,"href":"https:\/\/ajeandalucia.org\/cordoba\/wp-json\/wp\/v2\/posts\/7353\/revisions\/7355"}],"wp:featuredmedia":[{"embeddable":true,"href":"https:\/\/ajeandalucia.org\/cordoba\/wp-json\/wp\/v2\/media\/7354"}],"wp:attachment":[{"href":"https:\/\/ajeandalucia.org\/cordoba\/wp-json\/wp\/v2\/media?parent=7353"}],"wp:term":[{"taxonomy":"category","embeddable":true,"href":"https:\/\/ajeandalucia.org\/cordoba\/wp-json\/wp\/v2\/categories?post=7353"},{"taxonomy":"post_tag","embeddable":true,"href":"https:\/\/ajeandalucia.org\/cordoba\/wp-json\/wp\/v2\/tags?post=7353"}],"curies":[{"name":"wp","href":"https:\/\/api.w.org\/{rel}","templated":true}]}}