{"id":7608,"date":"2023-09-21T07:31:01","date_gmt":"2023-09-21T07:31:01","guid":{"rendered":"https:\/\/www.ajeandalucia.org\/cordoba\/?p=7608"},"modified":"2023-09-22T07:34:15","modified_gmt":"2023-09-22T07:34:15","slug":"ayudas-a-pymes-y-autonomos-para-compensar-el-sobrecoste-energetico-en-2022","status":"publish","type":"post","link":"https:\/\/ajeandalucia.org\/cordoba\/2023\/09\/21\/ayudas-a-pymes-y-autonomos-para-compensar-el-sobrecoste-energetico-en-2022\/","title":{"rendered":"Ayudas a Pymes y Aut\u00f3nomos para compensar el sobrecoste energ\u00e9tico en 2022"},"content":{"rendered":"<p>Nos hemos reunido con la Delegada Territorial de Empleo de la Junta de Andaluc\u00eda que nos ha informado\u00a0 sobre las\u00a0ayudas a pymes y aut\u00f3nomos de la Junta de Andaluc\u00eda\u00a0para compensar los\u00a0sobrecostes energ\u00e9ticos\u00a0de electricidad y gas natural soportados durante 2022, y <strong>cuyo\u00a0plazo de solicitud concluye el pr\u00f3ximo 30 de septiembre.<\/strong><\/p>\n<p><strong>Son unas ayudas muy f\u00e1ciles de cumplimentar. S\u00f3lo hay que entrar en la web <a href=\"https:\/\/us8.mailchimp.com\/mctx\/clicks?url=http%3A%2F%2Fwww.ayudasobrecosteenergetico.es&amp;xid=40f114b6b5&amp;uid=30674139&amp;iid=10020791&amp;pool=template_test&amp;v=2&amp;c=1695367887&amp;h=5389292fc66ed1d0823fe79149209f0df0dbb69d6d4849ab975fe60a5c3b2c2c\">www.ayudasobrecosteenergetico.es<\/a> o en este enlace <a href=\"https:\/\/us8.mailchimp.com\/mctx\/clicks?url=https%3A%2F%2Fwww.juntadeandalucia.es%2Forganismos%2Fempleoempresaytrabajoautonomo%2Fareas%2Fincentivos-empleo%2Fayudas-empresas%2Fpaginas%2Fayudas-sobrecoste-energetico.html&amp;xid=40f114b6b5&amp;uid=30674139&amp;iid=10020791&amp;pool=template_test&amp;v=2&amp;c=1695367887&amp;h=168b39747736721ec96d17248c4efd13368d76f10e2a6274c6f56b45761c0ddf\">https:\/\/www.juntadeandalucia.es\/organismos\/empleoempresaytrabajoautonomo\/areas\/incentivos-empleo\/ayudas-empresas\/paginas\/ayudas-sobrecoste-energetico.html<\/a><\/strong><\/p>\n<p>Se trata de una medida urgente y extraordinaria,\u00a0dotada con 525 millones de euros procedentes de Fondos Europeos, e incluida en el\u00a0Pacto Social y Econ\u00f3mico\u00a0firmado con los principales agentes econ\u00f3micos y sociales de Andaluc\u00eda. Las condiciones para acceder a estas ayudas, que\u00a0ser\u00e1n abonadas antes de que finalice este a\u00f1o, incluye a pymes y aut\u00f3nomos andaluces que se han visto especialmente afectados por el incremento excepcional del precio del gas natural y la electricidad debido a la crisis internacional de materias primas y suministros provocada por la guerra contra Ucrania, y cubre parte de los\u00a0consumos efectuados entre el 1 de febrero de 2022 y el 31 de diciembre de 2022.<\/p>\n<p>La Junta de Andaluc\u00eda tiene establecido con las\u00a0comercializadoras energ\u00e9ticas\u00a0un\u00a0acuerdo de colaboraci\u00f3n\u00a0por el que \u00e9stas suministran a la administraci\u00f3n los ficheros de datos de facturaci\u00f3n de sus clientes, cumpliendo las normativas pertinentes de protecci\u00f3n de datos.<\/p>\n<p>Esto permite la\u00a0automatizaci\u00f3n\u00a0de la gesti\u00f3n, por lo que\u00a0los solicitantes no tienen que adjuntar ninguna documentaci\u00f3n\u00a0para el c\u00e1lculo de la ayuda.\u00a0Tampoco es necesario que los beneficiarios justifiquen posteriormente la subvenci\u00f3n, puesto que la ayuda se concede para financiar costes efectivos ya soportados y, por tanto, se habr\u00e1 comprobado de oficio que esos importes han sido ya afrontados. Hasta el momento,\u00a0m\u00e1s de 90 comercializadoras se han sumado al programa\u00a0y hasta el 30 de septiembre a\u00fan pueden adherirse.<\/p>\n<p>Las solicitudes se presentan \u00fanica y exclusivamente de forma telem\u00e1tica, desde la web de la\u00a0Consejer\u00eda de Empleo, Empresa y Trabajo Aut\u00f3nomo\u00a0a trav\u00e9s de un\u00a0formulario online muy sencillo, que se puede rellenar en menos de 3 minutos\u00a0y que no requiere que el beneficiario adjunte ning\u00fan tipo de documentaci\u00f3n para el c\u00e1lculo de la ayuda.<\/p>\n<p>El procedimiento de concesi\u00f3n es en\u00a0r\u00e9gimen de concurrencia no competitiva, esto es, en orden de llegada de las solicitudes que vayan cumpliendo los requisitos. No es necesario aportar ninguna documentaci\u00f3n ni hacer c\u00e1lculos.<\/p>\n<p>Para m\u00e1s informaci\u00f3n se puede consultar la web:\u00a0<a href=\"https:\/\/us8.mailchimp.com\/mctx\/clicks?url=http%3A%2F%2Fayudasobrecosteenergetico.es&amp;xid=40f114b6b5&amp;uid=30674139&amp;iid=10020791&amp;pool=template_test&amp;v=2&amp;c=1695367887&amp;h=6a92be84a55ad616fb14b0a6e931215a8354792d281a900e482fe91a6ca5dd43\">http:\/\/ayudasobrecosteenergetico.es<\/a>\u00a0\u00a0donde encontrar\u00e1 enlaces a los webinarios informativos realizados y acceso a un listado de\u00a0Preguntas Frecuentes\u00a0(FAQs). Adem\u00e1s puede contactar v\u00eda telef\u00f3nica de forma gratuita en el tel\u00e9fono 012, de lunes a viernes, de 8.00h a 20.00h y de 8.00h a 15.00h los s\u00e1bados.<\/p>\n","protected":false},"excerpt":{"rendered":"<p>Nos hemos reunido con la Delegada Territorial de Empleo de la Junta de Andaluc\u00eda que nos ha informado\u00a0 sobre las\u00a0ayudas [&hellip;]<\/p>\n","protected":false},"author":5,"featured_media":7609,"comment_status":"open","ping_status":"open","sticky":false,"template":"","format":"standard","meta":{"_acf_changed":false,"site-sidebar-layout":"default","site-content-layout":"","ast-site-content-layout":"default","site-content-style":"default","site-sidebar-style":"default","ast-global-header-display":"","ast-banner-title-visibility":"","ast-main-header-display":"","ast-hfb-above-header-display":"","ast-hfb-below-header-display":"","ast-hfb-mobile-header-display":"","site-post-title":"","ast-breadcrumbs-content":"","ast-featured-img":"","footer-sml-layout":"","ast-disable-related-posts":"","theme-transparent-header-meta":"","adv-header-id-meta":"","stick-header-meta":"","header-above-stick-meta":"","header-main-stick-meta":"","header-below-stick-meta":"","astra-migrate-meta-layouts":"default","ast-page-background-enabled":"default","ast-page-background-meta":{"desktop":{"background-color":"var(--ast-global-color-5)","background-image":"","background-repeat":"repeat","background-position":"center center","background-size":"auto","background-attachment":"scroll","background-type":"","background-media":"","overlay-type":"","overlay-color":"","overlay-opacity":"","overlay-gradient":""},"tablet":{"background-color":"","background-image":"","background-repeat":"repeat","background-position":"center center","background-size":"auto","background-attachment":"scroll","background-type":"","background-media":"","overlay-type":"","overlay-color":"","overlay-opacity":"","overlay-gradient":""},"mobile":{"background-color":"","background-image":"","background-repeat":"repeat","background-position":"center center","background-size":"auto","background-attachment":"scroll","background-type":"","background-media":"","overlay-type":"","overlay-color":"","overlay-opacity":"","overlay-gradient":""}},"ast-content-background-meta":{"desktop":{"background-color":"var(--ast-global-color-4)","background-image":"","background-repeat":"repeat","background-position":"center center","background-size":"auto","background-attachment":"scroll","background-type":"","background-media":"","overlay-type":"","overlay-color":"","overlay-opacity":"","overlay-gradient":""},"tablet":{"background-color":"var(--ast-global-color-4)","background-image":"","background-repeat":"repeat","background-position":"center center","background-size":"auto","background-attachment":"scroll","background-type":"","background-media":"","overlay-type":"","overlay-color":"","overlay-opacity":"","overlay-gradient":""},"mobile":{"background-color":"var(--ast-global-color-4)","background-image":"","background-repeat":"repeat","background-position":"center center","background-size":"auto","background-attachment":"scroll","background-type":"","background-media":"","overlay-type":"","overlay-color":"","overlay-opacity":"","overlay-gradient":""}},"footnotes":""},"categories":[8],"tags":[],"class_list":["post-7608","post","type-post","status-publish","format-standard","has-post-thumbnail","hentry","category-noticias"],"acf":[],"yoast_head":"<!-- This site is optimized with the Yoast SEO plugin v26.9 - https:\/\/yoast.com\/product\/yoast-seo-wordpress\/ -->\n<title>Ayudas a Pymes y Aut\u00f3nomos para compensar el sobrecoste energ\u00e9tico en 2022 - AJE C\u00f3rdoba<\/title>\n<meta name=\"robots\" content=\"index, follow, max-snippet:-1, max-image-preview:large, max-video-preview:-1\" \/>\n<link rel=\"canonical\" href=\"https:\/\/ajeandalucia.org\/cordoba\/2023\/09\/21\/ayudas-a-pymes-y-autonomos-para-compensar-el-sobrecoste-energetico-en-2022\/\" \/>\n<meta property=\"og:locale\" content=\"es_ES\" \/>\n<meta property=\"og:type\" content=\"article\" \/>\n<meta property=\"og:title\" content=\"Ayudas a Pymes y Aut\u00f3nomos para compensar el sobrecoste energ\u00e9tico en 2022 - AJE C\u00f3rdoba\" \/>\n<meta property=\"og:description\" content=\"Nos hemos reunido con la Delegada Territorial de Empleo de la Junta de Andaluc\u00eda que nos ha informado\u00a0 sobre las\u00a0ayudas [&hellip;]\" \/>\n<meta property=\"og:url\" content=\"https:\/\/ajeandalucia.org\/cordoba\/2023\/09\/21\/ayudas-a-pymes-y-autonomos-para-compensar-el-sobrecoste-energetico-en-2022\/\" \/>\n<meta property=\"og:site_name\" content=\"AJE C\u00f3rdoba\" \/>\n<meta property=\"article:published_time\" content=\"2023-09-21T07:31:01+00:00\" \/>\n<meta property=\"article:modified_time\" content=\"2023-09-22T07:34:15+00:00\" \/>\n<meta property=\"og:image\" content=\"https:\/\/ajeandalucia.org\/cordoba\/wp-content\/uploads\/sites\/6\/2023\/09\/F6isrXLWsAAY09V.jpg\" \/>\n\t<meta property=\"og:image:width\" content=\"3008\" \/>\n\t<meta property=\"og:image:height\" content=\"2000\" \/>\n\t<meta property=\"og:image:type\" content=\"image\/jpeg\" \/>\n<meta name=\"author\" content=\"cordoba\" \/>\n<meta name=\"twitter:card\" content=\"summary_large_image\" \/>\n<meta name=\"twitter:label1\" content=\"Escrito por\" \/>\n\t<meta name=\"twitter:data1\" content=\"cordoba\" \/>\n\t<meta name=\"twitter:label2\" content=\"Tiempo de lectura\" \/>\n\t<meta name=\"twitter:data2\" content=\"3 minutos\" \/>\n<script type=\"application\/ld+json\" class=\"yoast-schema-graph\">{\"@context\":\"https:\/\/schema.org\",\"@graph\":[{\"@type\":\"Article\",\"@id\":\"https:\/\/ajeandalucia.org\/cordoba\/2023\/09\/21\/ayudas-a-pymes-y-autonomos-para-compensar-el-sobrecoste-energetico-en-2022\/#article\",\"isPartOf\":{\"@id\":\"https:\/\/ajeandalucia.org\/cordoba\/2023\/09\/21\/ayudas-a-pymes-y-autonomos-para-compensar-el-sobrecoste-energetico-en-2022\/\"},\"author\":{\"name\":\"cordoba\",\"@id\":\"https:\/\/ajeandalucia.org\/cordoba\/#\/schema\/person\/1d19f90c44baad3b3701f8af33c2f520\"},\"headline\":\"Ayudas a Pymes y Aut\u00f3nomos para compensar el sobrecoste energ\u00e9tico en 2022\",\"datePublished\":\"2023-09-21T07:31:01+00:00\",\"dateModified\":\"2023-09-22T07:34:15+00:00\",\"mainEntityOfPage\":{\"@id\":\"https:\/\/ajeandalucia.org\/cordoba\/2023\/09\/21\/ayudas-a-pymes-y-autonomos-para-compensar-el-sobrecoste-energetico-en-2022\/\"},\"wordCount\":513,\"commentCount\":0,\"publisher\":{\"@id\":\"https:\/\/ajeandalucia.org\/cordoba\/#organization\"},\"image\":{\"@id\":\"https:\/\/ajeandalucia.org\/cordoba\/2023\/09\/21\/ayudas-a-pymes-y-autonomos-para-compensar-el-sobrecoste-energetico-en-2022\/#primaryimage\"},\"thumbnailUrl\":\"https:\/\/ajeandalucia.org\/cordoba\/wp-content\/uploads\/sites\/6\/2023\/09\/F6isrXLWsAAY09V.jpg\",\"articleSection\":[\"Noticias\"],\"inLanguage\":\"es\",\"potentialAction\":[{\"@type\":\"CommentAction\",\"name\":\"Comment\",\"target\":[\"https:\/\/ajeandalucia.org\/cordoba\/2023\/09\/21\/ayudas-a-pymes-y-autonomos-para-compensar-el-sobrecoste-energetico-en-2022\/#respond\"]}]},{\"@type\":\"WebPage\",\"@id\":\"https:\/\/ajeandalucia.org\/cordoba\/2023\/09\/21\/ayudas-a-pymes-y-autonomos-para-compensar-el-sobrecoste-energetico-en-2022\/\",\"url\":\"https:\/\/ajeandalucia.org\/cordoba\/2023\/09\/21\/ayudas-a-pymes-y-autonomos-para-compensar-el-sobrecoste-energetico-en-2022\/\",\"name\":\"Ayudas a Pymes y Aut\u00f3nomos para compensar el sobrecoste energ\u00e9tico en 2022 - AJE C\u00f3rdoba\",\"isPartOf\":{\"@id\":\"https:\/\/ajeandalucia.org\/cordoba\/#website\"},\"primaryImageOfPage\":{\"@id\":\"https:\/\/ajeandalucia.org\/cordoba\/2023\/09\/21\/ayudas-a-pymes-y-autonomos-para-compensar-el-sobrecoste-energetico-en-2022\/#primaryimage\"},\"image\":{\"@id\":\"https:\/\/ajeandalucia.org\/cordoba\/2023\/09\/21\/ayudas-a-pymes-y-autonomos-para-compensar-el-sobrecoste-energetico-en-2022\/#primaryimage\"},\"thumbnailUrl\":\"https:\/\/ajeandalucia.org\/cordoba\/wp-content\/uploads\/sites\/6\/2023\/09\/F6isrXLWsAAY09V.jpg\",\"datePublished\":\"2023-09-21T07:31:01+00:00\",\"dateModified\":\"2023-09-22T07:34:15+00:00\",\"breadcrumb\":{\"@id\":\"https:\/\/ajeandalucia.org\/cordoba\/2023\/09\/21\/ayudas-a-pymes-y-autonomos-para-compensar-el-sobrecoste-energetico-en-2022\/#breadcrumb\"},\"inLanguage\":\"es\",\"potentialAction\":[{\"@type\":\"ReadAction\",\"target\":[\"https:\/\/ajeandalucia.org\/cordoba\/2023\/09\/21\/ayudas-a-pymes-y-autonomos-para-compensar-el-sobrecoste-energetico-en-2022\/\"]}]},{\"@type\":\"ImageObject\",\"inLanguage\":\"es\",\"@id\":\"https:\/\/ajeandalucia.org\/cordoba\/2023\/09\/21\/ayudas-a-pymes-y-autonomos-para-compensar-el-sobrecoste-energetico-en-2022\/#primaryimage\",\"url\":\"https:\/\/ajeandalucia.org\/cordoba\/wp-content\/uploads\/sites\/6\/2023\/09\/F6isrXLWsAAY09V.jpg\",\"contentUrl\":\"https:\/\/ajeandalucia.org\/cordoba\/wp-content\/uploads\/sites\/6\/2023\/09\/F6isrXLWsAAY09V.jpg\",\"width\":3008,\"height\":2000},{\"@type\":\"BreadcrumbList\",\"@id\":\"https:\/\/ajeandalucia.org\/cordoba\/2023\/09\/21\/ayudas-a-pymes-y-autonomos-para-compensar-el-sobrecoste-energetico-en-2022\/#breadcrumb\",\"itemListElement\":[{\"@type\":\"ListItem\",\"position\":1,\"name\":\"Portada\",\"item\":\"https:\/\/ajeandalucia.org\/cordoba\/\"},{\"@type\":\"ListItem\",\"position\":2,\"name\":\"Ayudas a Pymes y Aut\u00f3nomos para compensar el sobrecoste energ\u00e9tico en 2022\"}]},{\"@type\":\"WebSite\",\"@id\":\"https:\/\/ajeandalucia.org\/cordoba\/#website\",\"url\":\"https:\/\/ajeandalucia.org\/cordoba\/\",\"name\":\"AJE C\u00f3rdoba\",\"description\":\"Otro sitio m\u00e1s de AJE Andaluc\u00eda\",\"publisher\":{\"@id\":\"https:\/\/ajeandalucia.org\/cordoba\/#organization\"},\"potentialAction\":[{\"@type\":\"SearchAction\",\"target\":{\"@type\":\"EntryPoint\",\"urlTemplate\":\"https:\/\/ajeandalucia.org\/cordoba\/?s={search_term_string}\"},\"query-input\":{\"@type\":\"PropertyValueSpecification\",\"valueRequired\":true,\"valueName\":\"search_term_string\"}}],\"inLanguage\":\"es\"},{\"@type\":\"Organization\",\"@id\":\"https:\/\/ajeandalucia.org\/cordoba\/#organization\",\"name\":\"AJE C\u00f3rdoba\",\"url\":\"https:\/\/ajeandalucia.org\/cordoba\/\",\"logo\":{\"@type\":\"ImageObject\",\"inLanguage\":\"es\",\"@id\":\"https:\/\/ajeandalucia.org\/cordoba\/#\/schema\/logo\/image\/\",\"url\":\"https:\/\/ajeandalucia.org\/cordoba\/wp-content\/uploads\/sites\/6\/2025\/01\/AJE-CORDOBA-horizontal.png\",\"contentUrl\":\"https:\/\/ajeandalucia.org\/cordoba\/wp-content\/uploads\/sites\/6\/2025\/01\/AJE-CORDOBA-horizontal.png\",\"width\":605,\"height\":200,\"caption\":\"AJE C\u00f3rdoba\"},\"image\":{\"@id\":\"https:\/\/ajeandalucia.org\/cordoba\/#\/schema\/logo\/image\/\"}},{\"@type\":\"Person\",\"@id\":\"https:\/\/ajeandalucia.org\/cordoba\/#\/schema\/person\/1d19f90c44baad3b3701f8af33c2f520\",\"name\":\"cordoba\",\"image\":{\"@type\":\"ImageObject\",\"inLanguage\":\"es\",\"@id\":\"https:\/\/ajeandalucia.org\/cordoba\/#\/schema\/person\/image\/\",\"url\":\"https:\/\/secure.gravatar.com\/avatar\/46102d83da7c40efca6d3413931ddaf8470cef93888429af7689de210b9bb6fe?s=96&d=mm&r=g\",\"contentUrl\":\"https:\/\/secure.gravatar.com\/avatar\/46102d83da7c40efca6d3413931ddaf8470cef93888429af7689de210b9bb6fe?s=96&d=mm&r=g\",\"caption\":\"cordoba\"},\"url\":\"https:\/\/ajeandalucia.org\/cordoba\/author\/cordoba\/\"}]}<\/script>\n<!-- \/ Yoast SEO plugin. -->","yoast_head_json":{"title":"Ayudas a Pymes y Aut\u00f3nomos para compensar el sobrecoste energ\u00e9tico en 2022 - AJE C\u00f3rdoba","robots":{"index":"index","follow":"follow","max-snippet":"max-snippet:-1","max-image-preview":"max-image-preview:large","max-video-preview":"max-video-preview:-1"},"canonical":"https:\/\/ajeandalucia.org\/cordoba\/2023\/09\/21\/ayudas-a-pymes-y-autonomos-para-compensar-el-sobrecoste-energetico-en-2022\/","og_locale":"es_ES","og_type":"article","og_title":"Ayudas a Pymes y Aut\u00f3nomos para compensar el sobrecoste energ\u00e9tico en 2022 - AJE C\u00f3rdoba","og_description":"Nos hemos reunido con la Delegada Territorial de Empleo de la Junta de Andaluc\u00eda que nos ha informado\u00a0 sobre las\u00a0ayudas [&hellip;]","og_url":"https:\/\/ajeandalucia.org\/cordoba\/2023\/09\/21\/ayudas-a-pymes-y-autonomos-para-compensar-el-sobrecoste-energetico-en-2022\/","og_site_name":"AJE C\u00f3rdoba","article_published_time":"2023-09-21T07:31:01+00:00","article_modified_time":"2023-09-22T07:34:15+00:00","og_image":[{"width":3008,"height":2000,"url":"https:\/\/ajeandalucia.org\/cordoba\/wp-content\/uploads\/sites\/6\/2023\/09\/F6isrXLWsAAY09V.jpg","type":"image\/jpeg"}],"author":"cordoba","twitter_card":"summary_large_image","twitter_misc":{"Escrito por":"cordoba","Tiempo de lectura":"3 minutos"},"schema":{"@context":"https:\/\/schema.org","@graph":[{"@type":"Article","@id":"https:\/\/ajeandalucia.org\/cordoba\/2023\/09\/21\/ayudas-a-pymes-y-autonomos-para-compensar-el-sobrecoste-energetico-en-2022\/#article","isPartOf":{"@id":"https:\/\/ajeandalucia.org\/cordoba\/2023\/09\/21\/ayudas-a-pymes-y-autonomos-para-compensar-el-sobrecoste-energetico-en-2022\/"},"author":{"name":"cordoba","@id":"https:\/\/ajeandalucia.org\/cordoba\/#\/schema\/person\/1d19f90c44baad3b3701f8af33c2f520"},"headline":"Ayudas a Pymes y Aut\u00f3nomos para compensar el sobrecoste energ\u00e9tico en 2022","datePublished":"2023-09-21T07:31:01+00:00","dateModified":"2023-09-22T07:34:15+00:00","mainEntityOfPage":{"@id":"https:\/\/ajeandalucia.org\/cordoba\/2023\/09\/21\/ayudas-a-pymes-y-autonomos-para-compensar-el-sobrecoste-energetico-en-2022\/"},"wordCount":513,"commentCount":0,"publisher":{"@id":"https:\/\/ajeandalucia.org\/cordoba\/#organization"},"image":{"@id":"https:\/\/ajeandalucia.org\/cordoba\/2023\/09\/21\/ayudas-a-pymes-y-autonomos-para-compensar-el-sobrecoste-energetico-en-2022\/#primaryimage"},"thumbnailUrl":"https:\/\/ajeandalucia.org\/cordoba\/wp-content\/uploads\/sites\/6\/2023\/09\/F6isrXLWsAAY09V.jpg","articleSection":["Noticias"],"inLanguage":"es","potentialAction":[{"@type":"CommentAction","name":"Comment","target":["https:\/\/ajeandalucia.org\/cordoba\/2023\/09\/21\/ayudas-a-pymes-y-autonomos-para-compensar-el-sobrecoste-energetico-en-2022\/#respond"]}]},{"@type":"WebPage","@id":"https:\/\/ajeandalucia.org\/cordoba\/2023\/09\/21\/ayudas-a-pymes-y-autonomos-para-compensar-el-sobrecoste-energetico-en-2022\/","url":"https:\/\/ajeandalucia.org\/cordoba\/2023\/09\/21\/ayudas-a-pymes-y-autonomos-para-compensar-el-sobrecoste-energetico-en-2022\/","name":"Ayudas a Pymes y Aut\u00f3nomos para compensar el sobrecoste energ\u00e9tico en 2022 - AJE C\u00f3rdoba","isPartOf":{"@id":"https:\/\/ajeandalucia.org\/cordoba\/#website"},"primaryImageOfPage":{"@id":"https:\/\/ajeandalucia.org\/cordoba\/2023\/09\/21\/ayudas-a-pymes-y-autonomos-para-compensar-el-sobrecoste-energetico-en-2022\/#primaryimage"},"image":{"@id":"https:\/\/ajeandalucia.org\/cordoba\/2023\/09\/21\/ayudas-a-pymes-y-autonomos-para-compensar-el-sobrecoste-energetico-en-2022\/#primaryimage"},"thumbnailUrl":"https:\/\/ajeandalucia.org\/cordoba\/wp-content\/uploads\/sites\/6\/2023\/09\/F6isrXLWsAAY09V.jpg","datePublished":"2023-09-21T07:31:01+00:00","dateModified":"2023-09-22T07:34:15+00:00","breadcrumb":{"@id":"https:\/\/ajeandalucia.org\/cordoba\/2023\/09\/21\/ayudas-a-pymes-y-autonomos-para-compensar-el-sobrecoste-energetico-en-2022\/#breadcrumb"},"inLanguage":"es","potentialAction":[{"@type":"ReadAction","target":["https:\/\/ajeandalucia.org\/cordoba\/2023\/09\/21\/ayudas-a-pymes-y-autonomos-para-compensar-el-sobrecoste-energetico-en-2022\/"]}]},{"@type":"ImageObject","inLanguage":"es","@id":"https:\/\/ajeandalucia.org\/cordoba\/2023\/09\/21\/ayudas-a-pymes-y-autonomos-para-compensar-el-sobrecoste-energetico-en-2022\/#primaryimage","url":"https:\/\/ajeandalucia.org\/cordoba\/wp-content\/uploads\/sites\/6\/2023\/09\/F6isrXLWsAAY09V.jpg","contentUrl":"https:\/\/ajeandalucia.org\/cordoba\/wp-content\/uploads\/sites\/6\/2023\/09\/F6isrXLWsAAY09V.jpg","width":3008,"height":2000},{"@type":"BreadcrumbList","@id":"https:\/\/ajeandalucia.org\/cordoba\/2023\/09\/21\/ayudas-a-pymes-y-autonomos-para-compensar-el-sobrecoste-energetico-en-2022\/#breadcrumb","itemListElement":[{"@type":"ListItem","position":1,"name":"Portada","item":"https:\/\/ajeandalucia.org\/cordoba\/"},{"@type":"ListItem","position":2,"name":"Ayudas a Pymes y Aut\u00f3nomos para compensar el sobrecoste energ\u00e9tico en 2022"}]},{"@type":"WebSite","@id":"https:\/\/ajeandalucia.org\/cordoba\/#website","url":"https:\/\/ajeandalucia.org\/cordoba\/","name":"AJE C\u00f3rdoba","description":"Otro sitio m\u00e1s de AJE Andaluc\u00eda","publisher":{"@id":"https:\/\/ajeandalucia.org\/cordoba\/#organization"},"potentialAction":[{"@type":"SearchAction","target":{"@type":"EntryPoint","urlTemplate":"https:\/\/ajeandalucia.org\/cordoba\/?s={search_term_string}"},"query-input":{"@type":"PropertyValueSpecification","valueRequired":true,"valueName":"search_term_string"}}],"inLanguage":"es"},{"@type":"Organization","@id":"https:\/\/ajeandalucia.org\/cordoba\/#organization","name":"AJE C\u00f3rdoba","url":"https:\/\/ajeandalucia.org\/cordoba\/","logo":{"@type":"ImageObject","inLanguage":"es","@id":"https:\/\/ajeandalucia.org\/cordoba\/#\/schema\/logo\/image\/","url":"https:\/\/ajeandalucia.org\/cordoba\/wp-content\/uploads\/sites\/6\/2025\/01\/AJE-CORDOBA-horizontal.png","contentUrl":"https:\/\/ajeandalucia.org\/cordoba\/wp-content\/uploads\/sites\/6\/2025\/01\/AJE-CORDOBA-horizontal.png","width":605,"height":200,"caption":"AJE C\u00f3rdoba"},"image":{"@id":"https:\/\/ajeandalucia.org\/cordoba\/#\/schema\/logo\/image\/"}},{"@type":"Person","@id":"https:\/\/ajeandalucia.org\/cordoba\/#\/schema\/person\/1d19f90c44baad3b3701f8af33c2f520","name":"cordoba","image":{"@type":"ImageObject","inLanguage":"es","@id":"https:\/\/ajeandalucia.org\/cordoba\/#\/schema\/person\/image\/","url":"https:\/\/secure.gravatar.com\/avatar\/46102d83da7c40efca6d3413931ddaf8470cef93888429af7689de210b9bb6fe?s=96&d=mm&r=g","contentUrl":"https:\/\/secure.gravatar.com\/avatar\/46102d83da7c40efca6d3413931ddaf8470cef93888429af7689de210b9bb6fe?s=96&d=mm&r=g","caption":"cordoba"},"url":"https:\/\/ajeandalucia.org\/cordoba\/author\/cordoba\/"}]}},"_links":{"self":[{"href":"https:\/\/ajeandalucia.org\/cordoba\/wp-json\/wp\/v2\/posts\/7608","targetHints":{"allow":["GET"]}}],"collection":[{"href":"https:\/\/ajeandalucia.org\/cordoba\/wp-json\/wp\/v2\/posts"}],"about":[{"href":"https:\/\/ajeandalucia.org\/cordoba\/wp-json\/wp\/v2\/types\/post"}],"author":[{"embeddable":true,"href":"https:\/\/ajeandalucia.org\/cordoba\/wp-json\/wp\/v2\/users\/5"}],"replies":[{"embeddable":true,"href":"https:\/\/ajeandalucia.org\/cordoba\/wp-json\/wp\/v2\/comments?post=7608"}],"version-history":[{"count":1,"href":"https:\/\/ajeandalucia.org\/cordoba\/wp-json\/wp\/v2\/posts\/7608\/revisions"}],"predecessor-version":[{"id":7610,"href":"https:\/\/ajeandalucia.org\/cordoba\/wp-json\/wp\/v2\/posts\/7608\/revisions\/7610"}],"wp:featuredmedia":[{"embeddable":true,"href":"https:\/\/ajeandalucia.org\/cordoba\/wp-json\/wp\/v2\/media\/7609"}],"wp:attachment":[{"href":"https:\/\/ajeandalucia.org\/cordoba\/wp-json\/wp\/v2\/media?parent=7608"}],"wp:term":[{"taxonomy":"category","embeddable":true,"href":"https:\/\/ajeandalucia.org\/cordoba\/wp-json\/wp\/v2\/categories?post=7608"},{"taxonomy":"post_tag","embeddable":true,"href":"https:\/\/ajeandalucia.org\/cordoba\/wp-json\/wp\/v2\/tags?post=7608"}],"curies":[{"name":"wp","href":"https:\/\/api.w.org\/{rel}","templated":true}]}}