{"id":7644,"date":"2023-10-11T07:16:05","date_gmt":"2023-10-11T07:16:05","guid":{"rendered":"https:\/\/www.ajeandalucia.org\/cordoba\/?p=7644"},"modified":"2023-10-13T07:24:47","modified_gmt":"2023-10-13T07:24:47","slug":"aje-cordoba-anima-a-los-jovenes-al-emprendimiento-y-apunta-al-ecommerce-como-una-salida-profesional","status":"publish","type":"post","link":"https:\/\/ajeandalucia.org\/cordoba\/2023\/10\/11\/aje-cordoba-anima-a-los-jovenes-al-emprendimiento-y-apunta-al-ecommerce-como-una-salida-profesional\/","title":{"rendered":"AJE C\u00f3rdoba anima a los j\u00f3venes al emprendimiento y apunta al ecommerce como una salida profesional"},"content":{"rendered":"<p><strong><u>COMUNICADO DE PRENSA<\/u><\/strong><\/p>\n<p><u>AJE C\u00f3rdoba anima a los j\u00f3venes al emprendimiento y apunta al ecommerce como una salida profesional<\/u><\/p>\n<p><em>Este encuentro, que cuenta con la financiaci\u00f3n del Imdeec, ha tenido lugar en el sal\u00f3n de actos de Cajasur y la participaci\u00f3n de unas 200 personas <\/em><\/p>\n<p><strong>C\u00f3rdoba<\/strong>. La Asociaci\u00f3n de J\u00f3venes Empresarios (AJE) C\u00f3rdoba ha celebrado hoy el V Foro de Comercio Electr\u00f3nico, una cita obligada con el paso de los a\u00f1os para los emprendedores y empresarios de C\u00f3rdoba. En el marco de este encuentro, el presidente de este colectivo, F\u00e9lix Almagro, ha animado a los j\u00f3venes a emprender y ha apuntado de manera directa al ecommerce como una salida profesional con presente y mucho futuro. As\u00ed lo ha expresado en la apertura del foro, que ha contado con unos 200 asistentes y ha tenido lugar en el sal\u00f3n de actos de Cajasur, instituci\u00f3n colaboradora junto a Embacor, MRW, Pomaikai y Raiola Networks. La financiaci\u00f3n ha corrido a cargo del Instituto Municipal de Desarrollo Econ\u00f3mico y Empleo (Imdeec) como acci\u00f3n incluida en la convocatoria ESAL 2022.<\/p>\n<p>Almagro, que ha aplaudido la iniciativa del Estado de convertir los fondos Next Generation \u201cen una oportunidad para empresas y aut\u00f3nomos\u201d, ha lamentado, sin embargo, que \u201cdesde nuestras empresas digitales financiamos al propio estado por cada minuto que prestamos el servicio y el dinero no est\u00e1 en nuestras cuentas para pagar a trabajadores y proveedores\u201d. Ha a\u00f1adido que \u201cnecesitamos un mayor esfuerzo legislativo para mejorar la seguridad en la red y en las transacciones econ\u00f3micas entre empresas y particulares\u201d.<\/p>\n<p>Con un p\u00fablico muy joven, este encuentro supone una oportunidad inmejorable para las grandes empresas del sector, que ven en este foro una opci\u00f3n de conocer y contar el talento de quienes van a ser la siguiente generaci\u00f3n en la direcci\u00f3n de las empresas de e-commerce, as\u00ed como las tendencias que estos j\u00f3venes marcan en el mercado.<\/p>\n<p>La formaci\u00f3n continua en un sector en constante evoluci\u00f3n, la importancia de la sostenibilidad y la necesidad de contar con las tendencias que se muestran en las redes sociales determinar\u00e1n el futuro \u00e9xito de la venta del producto de cada empresa, han destacado los principales asistentes de la cita. As\u00ed mimo se ha coincidido en la necesidad de un perfecto dominio del ingl\u00e9s como lengua nativa del comercio electr\u00f3nico donde los t\u00e9rminos en la lengua inglesa son una constante.<\/p>\n<p>El presidente de AJE ha destacado el apoyo recibido por parte de Cajasur, Embacor, MRW, Pomaikai y\u00a0Raiola\u00a0Networks. \u201cY es que este gesto que hab\u00e9is tenido no s\u00f3lo es hacia AJE C\u00f3rdoba. Es tambi\u00e9n una respuesta generosa a la necesidad de que los j\u00f3venes empresarios sigan trabajando y desarrollando estrategias empresariales para hacer del Comercio Electr\u00f3nico un lugar m\u00e1s seguro y pr\u00f3spero para nuestras empresas\u201d.<\/p>\n<p>Tambi\u00e9n se ha referido al resto de los intervenientes Marta Panera, jefa de marketing y comunicaciones de Foreo; Jos\u00e9 Joaqu\u00edn Ramblado, Responsable comercial de la zona sur de MRW; Marina Moya, Beatriz Baldasano, Montse Labiaga y Crist\u00f3bal Gonz\u00e1lez que participar\u00e1n como integrantes y moderador de la Mesa Redonda \u201cWomen4Commerce\u201d; David Ayala, embajador de Raiola Networks; Samuel Rodr\u00edguez, CEO de Pomakai; Enrique Vicente Gonz\u00e1lez, Rosa Pino, Pedro L\u00f3pez y Patricia Gallego, por participar en la mesa redonda de car\u00e1cter local \u201cEcommerce C\u00f3rdoba\u201d y a Ram\u00f3n Jes\u00fas \u00c1lvarez Barroso de Bulevip.<\/p>\n","protected":false},"excerpt":{"rendered":"<p>COMUNICADO DE PRENSA AJE C\u00f3rdoba anima a los j\u00f3venes al emprendimiento y apunta al ecommerce como una salida profesional Este [&hellip;]<\/p>\n","protected":false},"author":5,"featured_media":7645,"comment_status":"open","ping_status":"open","sticky":false,"template":"","format":"standard","meta":{"_acf_changed":false,"site-sidebar-layout":"default","site-content-layout":"","ast-site-content-layout":"default","site-content-style":"default","site-sidebar-style":"default","ast-global-header-display":"","ast-banner-title-visibility":"","ast-main-header-display":"","ast-hfb-above-header-display":"","ast-hfb-below-header-display":"","ast-hfb-mobile-header-display":"","site-post-title":"","ast-breadcrumbs-content":"","ast-featured-img":"","footer-sml-layout":"","ast-disable-related-posts":"","theme-transparent-header-meta":"","adv-header-id-meta":"","stick-header-meta":"","header-above-stick-meta":"","header-main-stick-meta":"","header-below-stick-meta":"","astra-migrate-meta-layouts":"default","ast-page-background-enabled":"default","ast-page-background-meta":{"desktop":{"background-color":"var(--ast-global-color-5)","background-image":"","background-repeat":"repeat","background-position":"center center","background-size":"auto","background-attachment":"scroll","background-type":"","background-media":"","overlay-type":"","overlay-color":"","overlay-opacity":"","overlay-gradient":""},"tablet":{"background-color":"","background-image":"","background-repeat":"repeat","background-position":"center center","background-size":"auto","background-attachment":"scroll","background-type":"","background-media":"","overlay-type":"","overlay-color":"","overlay-opacity":"","overlay-gradient":""},"mobile":{"background-color":"","background-image":"","background-repeat":"repeat","background-position":"center center","background-size":"auto","background-attachment":"scroll","background-type":"","background-media":"","overlay-type":"","overlay-color":"","overlay-opacity":"","overlay-gradient":""}},"ast-content-background-meta":{"desktop":{"background-color":"var(--ast-global-color-4)","background-image":"","background-repeat":"repeat","background-position":"center center","background-size":"auto","background-attachment":"scroll","background-type":"","background-media":"","overlay-type":"","overlay-color":"","overlay-opacity":"","overlay-gradient":""},"tablet":{"background-color":"var(--ast-global-color-4)","background-image":"","background-repeat":"repeat","background-position":"center center","background-size":"auto","background-attachment":"scroll","background-type":"","background-media":"","overlay-type":"","overlay-color":"","overlay-opacity":"","overlay-gradient":""},"mobile":{"background-color":"var(--ast-global-color-4)","background-image":"","background-repeat":"repeat","background-position":"center center","background-size":"auto","background-attachment":"scroll","background-type":"","background-media":"","overlay-type":"","overlay-color":"","overlay-opacity":"","overlay-gradient":""}},"footnotes":""},"categories":[8],"tags":[],"class_list":["post-7644","post","type-post","status-publish","format-standard","has-post-thumbnail","hentry","category-noticias"],"acf":[],"yoast_head":"<!-- This site is optimized with the Yoast SEO plugin v26.9 - https:\/\/yoast.com\/product\/yoast-seo-wordpress\/ -->\n<title>AJE C\u00f3rdoba anima a los j\u00f3venes al emprendimiento y apunta al ecommerce como una salida profesional - AJE C\u00f3rdoba<\/title>\n<meta name=\"robots\" content=\"index, follow, max-snippet:-1, max-image-preview:large, max-video-preview:-1\" \/>\n<link rel=\"canonical\" href=\"https:\/\/ajeandalucia.org\/cordoba\/2023\/10\/11\/aje-cordoba-anima-a-los-jovenes-al-emprendimiento-y-apunta-al-ecommerce-como-una-salida-profesional\/\" \/>\n<meta property=\"og:locale\" content=\"es_ES\" \/>\n<meta property=\"og:type\" content=\"article\" \/>\n<meta property=\"og:title\" content=\"AJE C\u00f3rdoba anima a los j\u00f3venes al emprendimiento y apunta al ecommerce como una salida profesional - AJE C\u00f3rdoba\" \/>\n<meta property=\"og:description\" content=\"COMUNICADO DE PRENSA AJE C\u00f3rdoba anima a los j\u00f3venes al emprendimiento y apunta al ecommerce como una salida profesional Este [&hellip;]\" \/>\n<meta property=\"og:url\" content=\"https:\/\/ajeandalucia.org\/cordoba\/2023\/10\/11\/aje-cordoba-anima-a-los-jovenes-al-emprendimiento-y-apunta-al-ecommerce-como-una-salida-profesional\/\" \/>\n<meta property=\"og:site_name\" content=\"AJE C\u00f3rdoba\" \/>\n<meta property=\"article:published_time\" content=\"2023-10-11T07:16:05+00:00\" \/>\n<meta property=\"article:modified_time\" content=\"2023-10-13T07:24:47+00:00\" \/>\n<meta property=\"og:image\" content=\"https:\/\/ajeandalucia.org\/cordoba\/wp-content\/uploads\/sites\/6\/2023\/10\/AJE-Foro.jpeg\" \/>\n\t<meta property=\"og:image:width\" content=\"1600\" \/>\n\t<meta property=\"og:image:height\" content=\"1066\" \/>\n\t<meta property=\"og:image:type\" content=\"image\/jpeg\" \/>\n<meta name=\"author\" content=\"cordoba\" \/>\n<meta name=\"twitter:card\" content=\"summary_large_image\" \/>\n<meta name=\"twitter:label1\" content=\"Escrito por\" \/>\n\t<meta name=\"twitter:data1\" content=\"cordoba\" \/>\n\t<meta name=\"twitter:label2\" content=\"Tiempo de lectura\" \/>\n\t<meta name=\"twitter:data2\" content=\"3 minutos\" \/>\n<script type=\"application\/ld+json\" class=\"yoast-schema-graph\">{\"@context\":\"https:\/\/schema.org\",\"@graph\":[{\"@type\":\"Article\",\"@id\":\"https:\/\/ajeandalucia.org\/cordoba\/2023\/10\/11\/aje-cordoba-anima-a-los-jovenes-al-emprendimiento-y-apunta-al-ecommerce-como-una-salida-profesional\/#article\",\"isPartOf\":{\"@id\":\"https:\/\/ajeandalucia.org\/cordoba\/2023\/10\/11\/aje-cordoba-anima-a-los-jovenes-al-emprendimiento-y-apunta-al-ecommerce-como-una-salida-profesional\/\"},\"author\":{\"name\":\"cordoba\",\"@id\":\"https:\/\/ajeandalucia.org\/cordoba\/#\/schema\/person\/1d19f90c44baad3b3701f8af33c2f520\"},\"headline\":\"AJE C\u00f3rdoba anima a los j\u00f3venes al emprendimiento y apunta al ecommerce como una salida profesional\",\"datePublished\":\"2023-10-11T07:16:05+00:00\",\"dateModified\":\"2023-10-13T07:24:47+00:00\",\"mainEntityOfPage\":{\"@id\":\"https:\/\/ajeandalucia.org\/cordoba\/2023\/10\/11\/aje-cordoba-anima-a-los-jovenes-al-emprendimiento-y-apunta-al-ecommerce-como-una-salida-profesional\/\"},\"wordCount\":614,\"commentCount\":0,\"publisher\":{\"@id\":\"https:\/\/ajeandalucia.org\/cordoba\/#organization\"},\"image\":{\"@id\":\"https:\/\/ajeandalucia.org\/cordoba\/2023\/10\/11\/aje-cordoba-anima-a-los-jovenes-al-emprendimiento-y-apunta-al-ecommerce-como-una-salida-profesional\/#primaryimage\"},\"thumbnailUrl\":\"https:\/\/ajeandalucia.org\/cordoba\/wp-content\/uploads\/sites\/6\/2023\/10\/AJE-Foro.jpeg\",\"articleSection\":[\"Noticias\"],\"inLanguage\":\"es\",\"potentialAction\":[{\"@type\":\"CommentAction\",\"name\":\"Comment\",\"target\":[\"https:\/\/ajeandalucia.org\/cordoba\/2023\/10\/11\/aje-cordoba-anima-a-los-jovenes-al-emprendimiento-y-apunta-al-ecommerce-como-una-salida-profesional\/#respond\"]}]},{\"@type\":\"WebPage\",\"@id\":\"https:\/\/ajeandalucia.org\/cordoba\/2023\/10\/11\/aje-cordoba-anima-a-los-jovenes-al-emprendimiento-y-apunta-al-ecommerce-como-una-salida-profesional\/\",\"url\":\"https:\/\/ajeandalucia.org\/cordoba\/2023\/10\/11\/aje-cordoba-anima-a-los-jovenes-al-emprendimiento-y-apunta-al-ecommerce-como-una-salida-profesional\/\",\"name\":\"AJE C\u00f3rdoba anima a los j\u00f3venes al emprendimiento y apunta al ecommerce como una salida profesional - AJE C\u00f3rdoba\",\"isPartOf\":{\"@id\":\"https:\/\/ajeandalucia.org\/cordoba\/#website\"},\"primaryImageOfPage\":{\"@id\":\"https:\/\/ajeandalucia.org\/cordoba\/2023\/10\/11\/aje-cordoba-anima-a-los-jovenes-al-emprendimiento-y-apunta-al-ecommerce-como-una-salida-profesional\/#primaryimage\"},\"image\":{\"@id\":\"https:\/\/ajeandalucia.org\/cordoba\/2023\/10\/11\/aje-cordoba-anima-a-los-jovenes-al-emprendimiento-y-apunta-al-ecommerce-como-una-salida-profesional\/#primaryimage\"},\"thumbnailUrl\":\"https:\/\/ajeandalucia.org\/cordoba\/wp-content\/uploads\/sites\/6\/2023\/10\/AJE-Foro.jpeg\",\"datePublished\":\"2023-10-11T07:16:05+00:00\",\"dateModified\":\"2023-10-13T07:24:47+00:00\",\"breadcrumb\":{\"@id\":\"https:\/\/ajeandalucia.org\/cordoba\/2023\/10\/11\/aje-cordoba-anima-a-los-jovenes-al-emprendimiento-y-apunta-al-ecommerce-como-una-salida-profesional\/#breadcrumb\"},\"inLanguage\":\"es\",\"potentialAction\":[{\"@type\":\"ReadAction\",\"target\":[\"https:\/\/ajeandalucia.org\/cordoba\/2023\/10\/11\/aje-cordoba-anima-a-los-jovenes-al-emprendimiento-y-apunta-al-ecommerce-como-una-salida-profesional\/\"]}]},{\"@type\":\"ImageObject\",\"inLanguage\":\"es\",\"@id\":\"https:\/\/ajeandalucia.org\/cordoba\/2023\/10\/11\/aje-cordoba-anima-a-los-jovenes-al-emprendimiento-y-apunta-al-ecommerce-como-una-salida-profesional\/#primaryimage\",\"url\":\"https:\/\/ajeandalucia.org\/cordoba\/wp-content\/uploads\/sites\/6\/2023\/10\/AJE-Foro.jpeg\",\"contentUrl\":\"https:\/\/ajeandalucia.org\/cordoba\/wp-content\/uploads\/sites\/6\/2023\/10\/AJE-Foro.jpeg\",\"width\":1600,\"height\":1066},{\"@type\":\"BreadcrumbList\",\"@id\":\"https:\/\/ajeandalucia.org\/cordoba\/2023\/10\/11\/aje-cordoba-anima-a-los-jovenes-al-emprendimiento-y-apunta-al-ecommerce-como-una-salida-profesional\/#breadcrumb\",\"itemListElement\":[{\"@type\":\"ListItem\",\"position\":1,\"name\":\"Portada\",\"item\":\"https:\/\/ajeandalucia.org\/cordoba\/\"},{\"@type\":\"ListItem\",\"position\":2,\"name\":\"AJE C\u00f3rdoba anima a los j\u00f3venes al emprendimiento y apunta al ecommerce como una salida profesional\"}]},{\"@type\":\"WebSite\",\"@id\":\"https:\/\/ajeandalucia.org\/cordoba\/#website\",\"url\":\"https:\/\/ajeandalucia.org\/cordoba\/\",\"name\":\"AJE C\u00f3rdoba\",\"description\":\"Otro sitio m\u00e1s de AJE Andaluc\u00eda\",\"publisher\":{\"@id\":\"https:\/\/ajeandalucia.org\/cordoba\/#organization\"},\"potentialAction\":[{\"@type\":\"SearchAction\",\"target\":{\"@type\":\"EntryPoint\",\"urlTemplate\":\"https:\/\/ajeandalucia.org\/cordoba\/?s={search_term_string}\"},\"query-input\":{\"@type\":\"PropertyValueSpecification\",\"valueRequired\":true,\"valueName\":\"search_term_string\"}}],\"inLanguage\":\"es\"},{\"@type\":\"Organization\",\"@id\":\"https:\/\/ajeandalucia.org\/cordoba\/#organization\",\"name\":\"AJE C\u00f3rdoba\",\"url\":\"https:\/\/ajeandalucia.org\/cordoba\/\",\"logo\":{\"@type\":\"ImageObject\",\"inLanguage\":\"es\",\"@id\":\"https:\/\/ajeandalucia.org\/cordoba\/#\/schema\/logo\/image\/\",\"url\":\"https:\/\/ajeandalucia.org\/cordoba\/wp-content\/uploads\/sites\/6\/2025\/01\/AJE-CORDOBA-horizontal.png\",\"contentUrl\":\"https:\/\/ajeandalucia.org\/cordoba\/wp-content\/uploads\/sites\/6\/2025\/01\/AJE-CORDOBA-horizontal.png\",\"width\":605,\"height\":200,\"caption\":\"AJE C\u00f3rdoba\"},\"image\":{\"@id\":\"https:\/\/ajeandalucia.org\/cordoba\/#\/schema\/logo\/image\/\"}},{\"@type\":\"Person\",\"@id\":\"https:\/\/ajeandalucia.org\/cordoba\/#\/schema\/person\/1d19f90c44baad3b3701f8af33c2f520\",\"name\":\"cordoba\",\"image\":{\"@type\":\"ImageObject\",\"inLanguage\":\"es\",\"@id\":\"https:\/\/ajeandalucia.org\/cordoba\/#\/schema\/person\/image\/\",\"url\":\"https:\/\/secure.gravatar.com\/avatar\/46102d83da7c40efca6d3413931ddaf8470cef93888429af7689de210b9bb6fe?s=96&d=mm&r=g\",\"contentUrl\":\"https:\/\/secure.gravatar.com\/avatar\/46102d83da7c40efca6d3413931ddaf8470cef93888429af7689de210b9bb6fe?s=96&d=mm&r=g\",\"caption\":\"cordoba\"},\"url\":\"https:\/\/ajeandalucia.org\/cordoba\/author\/cordoba\/\"}]}<\/script>\n<!-- \/ Yoast SEO plugin. -->","yoast_head_json":{"title":"AJE C\u00f3rdoba anima a los j\u00f3venes al emprendimiento y apunta al ecommerce como una salida profesional - AJE C\u00f3rdoba","robots":{"index":"index","follow":"follow","max-snippet":"max-snippet:-1","max-image-preview":"max-image-preview:large","max-video-preview":"max-video-preview:-1"},"canonical":"https:\/\/ajeandalucia.org\/cordoba\/2023\/10\/11\/aje-cordoba-anima-a-los-jovenes-al-emprendimiento-y-apunta-al-ecommerce-como-una-salida-profesional\/","og_locale":"es_ES","og_type":"article","og_title":"AJE C\u00f3rdoba anima a los j\u00f3venes al emprendimiento y apunta al ecommerce como una salida profesional - AJE C\u00f3rdoba","og_description":"COMUNICADO DE PRENSA AJE C\u00f3rdoba anima a los j\u00f3venes al emprendimiento y apunta al ecommerce como una salida profesional Este [&hellip;]","og_url":"https:\/\/ajeandalucia.org\/cordoba\/2023\/10\/11\/aje-cordoba-anima-a-los-jovenes-al-emprendimiento-y-apunta-al-ecommerce-como-una-salida-profesional\/","og_site_name":"AJE C\u00f3rdoba","article_published_time":"2023-10-11T07:16:05+00:00","article_modified_time":"2023-10-13T07:24:47+00:00","og_image":[{"width":1600,"height":1066,"url":"https:\/\/ajeandalucia.org\/cordoba\/wp-content\/uploads\/sites\/6\/2023\/10\/AJE-Foro.jpeg","type":"image\/jpeg"}],"author":"cordoba","twitter_card":"summary_large_image","twitter_misc":{"Escrito por":"cordoba","Tiempo de lectura":"3 minutos"},"schema":{"@context":"https:\/\/schema.org","@graph":[{"@type":"Article","@id":"https:\/\/ajeandalucia.org\/cordoba\/2023\/10\/11\/aje-cordoba-anima-a-los-jovenes-al-emprendimiento-y-apunta-al-ecommerce-como-una-salida-profesional\/#article","isPartOf":{"@id":"https:\/\/ajeandalucia.org\/cordoba\/2023\/10\/11\/aje-cordoba-anima-a-los-jovenes-al-emprendimiento-y-apunta-al-ecommerce-como-una-salida-profesional\/"},"author":{"name":"cordoba","@id":"https:\/\/ajeandalucia.org\/cordoba\/#\/schema\/person\/1d19f90c44baad3b3701f8af33c2f520"},"headline":"AJE C\u00f3rdoba anima a los j\u00f3venes al emprendimiento y apunta al ecommerce como una salida profesional","datePublished":"2023-10-11T07:16:05+00:00","dateModified":"2023-10-13T07:24:47+00:00","mainEntityOfPage":{"@id":"https:\/\/ajeandalucia.org\/cordoba\/2023\/10\/11\/aje-cordoba-anima-a-los-jovenes-al-emprendimiento-y-apunta-al-ecommerce-como-una-salida-profesional\/"},"wordCount":614,"commentCount":0,"publisher":{"@id":"https:\/\/ajeandalucia.org\/cordoba\/#organization"},"image":{"@id":"https:\/\/ajeandalucia.org\/cordoba\/2023\/10\/11\/aje-cordoba-anima-a-los-jovenes-al-emprendimiento-y-apunta-al-ecommerce-como-una-salida-profesional\/#primaryimage"},"thumbnailUrl":"https:\/\/ajeandalucia.org\/cordoba\/wp-content\/uploads\/sites\/6\/2023\/10\/AJE-Foro.jpeg","articleSection":["Noticias"],"inLanguage":"es","potentialAction":[{"@type":"CommentAction","name":"Comment","target":["https:\/\/ajeandalucia.org\/cordoba\/2023\/10\/11\/aje-cordoba-anima-a-los-jovenes-al-emprendimiento-y-apunta-al-ecommerce-como-una-salida-profesional\/#respond"]}]},{"@type":"WebPage","@id":"https:\/\/ajeandalucia.org\/cordoba\/2023\/10\/11\/aje-cordoba-anima-a-los-jovenes-al-emprendimiento-y-apunta-al-ecommerce-como-una-salida-profesional\/","url":"https:\/\/ajeandalucia.org\/cordoba\/2023\/10\/11\/aje-cordoba-anima-a-los-jovenes-al-emprendimiento-y-apunta-al-ecommerce-como-una-salida-profesional\/","name":"AJE C\u00f3rdoba anima a los j\u00f3venes al emprendimiento y apunta al ecommerce como una salida profesional - AJE C\u00f3rdoba","isPartOf":{"@id":"https:\/\/ajeandalucia.org\/cordoba\/#website"},"primaryImageOfPage":{"@id":"https:\/\/ajeandalucia.org\/cordoba\/2023\/10\/11\/aje-cordoba-anima-a-los-jovenes-al-emprendimiento-y-apunta-al-ecommerce-como-una-salida-profesional\/#primaryimage"},"image":{"@id":"https:\/\/ajeandalucia.org\/cordoba\/2023\/10\/11\/aje-cordoba-anima-a-los-jovenes-al-emprendimiento-y-apunta-al-ecommerce-como-una-salida-profesional\/#primaryimage"},"thumbnailUrl":"https:\/\/ajeandalucia.org\/cordoba\/wp-content\/uploads\/sites\/6\/2023\/10\/AJE-Foro.jpeg","datePublished":"2023-10-11T07:16:05+00:00","dateModified":"2023-10-13T07:24:47+00:00","breadcrumb":{"@id":"https:\/\/ajeandalucia.org\/cordoba\/2023\/10\/11\/aje-cordoba-anima-a-los-jovenes-al-emprendimiento-y-apunta-al-ecommerce-como-una-salida-profesional\/#breadcrumb"},"inLanguage":"es","potentialAction":[{"@type":"ReadAction","target":["https:\/\/ajeandalucia.org\/cordoba\/2023\/10\/11\/aje-cordoba-anima-a-los-jovenes-al-emprendimiento-y-apunta-al-ecommerce-como-una-salida-profesional\/"]}]},{"@type":"ImageObject","inLanguage":"es","@id":"https:\/\/ajeandalucia.org\/cordoba\/2023\/10\/11\/aje-cordoba-anima-a-los-jovenes-al-emprendimiento-y-apunta-al-ecommerce-como-una-salida-profesional\/#primaryimage","url":"https:\/\/ajeandalucia.org\/cordoba\/wp-content\/uploads\/sites\/6\/2023\/10\/AJE-Foro.jpeg","contentUrl":"https:\/\/ajeandalucia.org\/cordoba\/wp-content\/uploads\/sites\/6\/2023\/10\/AJE-Foro.jpeg","width":1600,"height":1066},{"@type":"BreadcrumbList","@id":"https:\/\/ajeandalucia.org\/cordoba\/2023\/10\/11\/aje-cordoba-anima-a-los-jovenes-al-emprendimiento-y-apunta-al-ecommerce-como-una-salida-profesional\/#breadcrumb","itemListElement":[{"@type":"ListItem","position":1,"name":"Portada","item":"https:\/\/ajeandalucia.org\/cordoba\/"},{"@type":"ListItem","position":2,"name":"AJE C\u00f3rdoba anima a los j\u00f3venes al emprendimiento y apunta al ecommerce como una salida profesional"}]},{"@type":"WebSite","@id":"https:\/\/ajeandalucia.org\/cordoba\/#website","url":"https:\/\/ajeandalucia.org\/cordoba\/","name":"AJE C\u00f3rdoba","description":"Otro sitio m\u00e1s de AJE Andaluc\u00eda","publisher":{"@id":"https:\/\/ajeandalucia.org\/cordoba\/#organization"},"potentialAction":[{"@type":"SearchAction","target":{"@type":"EntryPoint","urlTemplate":"https:\/\/ajeandalucia.org\/cordoba\/?s={search_term_string}"},"query-input":{"@type":"PropertyValueSpecification","valueRequired":true,"valueName":"search_term_string"}}],"inLanguage":"es"},{"@type":"Organization","@id":"https:\/\/ajeandalucia.org\/cordoba\/#organization","name":"AJE C\u00f3rdoba","url":"https:\/\/ajeandalucia.org\/cordoba\/","logo":{"@type":"ImageObject","inLanguage":"es","@id":"https:\/\/ajeandalucia.org\/cordoba\/#\/schema\/logo\/image\/","url":"https:\/\/ajeandalucia.org\/cordoba\/wp-content\/uploads\/sites\/6\/2025\/01\/AJE-CORDOBA-horizontal.png","contentUrl":"https:\/\/ajeandalucia.org\/cordoba\/wp-content\/uploads\/sites\/6\/2025\/01\/AJE-CORDOBA-horizontal.png","width":605,"height":200,"caption":"AJE C\u00f3rdoba"},"image":{"@id":"https:\/\/ajeandalucia.org\/cordoba\/#\/schema\/logo\/image\/"}},{"@type":"Person","@id":"https:\/\/ajeandalucia.org\/cordoba\/#\/schema\/person\/1d19f90c44baad3b3701f8af33c2f520","name":"cordoba","image":{"@type":"ImageObject","inLanguage":"es","@id":"https:\/\/ajeandalucia.org\/cordoba\/#\/schema\/person\/image\/","url":"https:\/\/secure.gravatar.com\/avatar\/46102d83da7c40efca6d3413931ddaf8470cef93888429af7689de210b9bb6fe?s=96&d=mm&r=g","contentUrl":"https:\/\/secure.gravatar.com\/avatar\/46102d83da7c40efca6d3413931ddaf8470cef93888429af7689de210b9bb6fe?s=96&d=mm&r=g","caption":"cordoba"},"url":"https:\/\/ajeandalucia.org\/cordoba\/author\/cordoba\/"}]}},"_links":{"self":[{"href":"https:\/\/ajeandalucia.org\/cordoba\/wp-json\/wp\/v2\/posts\/7644","targetHints":{"allow":["GET"]}}],"collection":[{"href":"https:\/\/ajeandalucia.org\/cordoba\/wp-json\/wp\/v2\/posts"}],"about":[{"href":"https:\/\/ajeandalucia.org\/cordoba\/wp-json\/wp\/v2\/types\/post"}],"author":[{"embeddable":true,"href":"https:\/\/ajeandalucia.org\/cordoba\/wp-json\/wp\/v2\/users\/5"}],"replies":[{"embeddable":true,"href":"https:\/\/ajeandalucia.org\/cordoba\/wp-json\/wp\/v2\/comments?post=7644"}],"version-history":[{"count":1,"href":"https:\/\/ajeandalucia.org\/cordoba\/wp-json\/wp\/v2\/posts\/7644\/revisions"}],"predecessor-version":[{"id":7646,"href":"https:\/\/ajeandalucia.org\/cordoba\/wp-json\/wp\/v2\/posts\/7644\/revisions\/7646"}],"wp:featuredmedia":[{"embeddable":true,"href":"https:\/\/ajeandalucia.org\/cordoba\/wp-json\/wp\/v2\/media\/7645"}],"wp:attachment":[{"href":"https:\/\/ajeandalucia.org\/cordoba\/wp-json\/wp\/v2\/media?parent=7644"}],"wp:term":[{"taxonomy":"category","embeddable":true,"href":"https:\/\/ajeandalucia.org\/cordoba\/wp-json\/wp\/v2\/categories?post=7644"},{"taxonomy":"post_tag","embeddable":true,"href":"https:\/\/ajeandalucia.org\/cordoba\/wp-json\/wp\/v2\/tags?post=7644"}],"curies":[{"name":"wp","href":"https:\/\/api.w.org\/{rel}","templated":true}]}}