{"id":7690,"date":"2023-10-31T12:00:51","date_gmt":"2023-10-31T12:00:51","guid":{"rendered":"https:\/\/www.ajeandalucia.org\/cordoba\/?p=7690"},"modified":"2023-10-31T12:02:53","modified_gmt":"2023-10-31T12:02:53","slug":"aje-cordoba-lamenta-que-la-decision-del-gobierno-de-la-jornada-de-375-horas-pone-en-riesgo-el-emprendimiento-de-los-jovenes-empresarios","status":"publish","type":"post","link":"https:\/\/ajeandalucia.org\/cordoba\/2023\/10\/31\/aje-cordoba-lamenta-que-la-decision-del-gobierno-de-la-jornada-de-375-horas-pone-en-riesgo-el-emprendimiento-de-los-jovenes-empresarios\/","title":{"rendered":"AJE C\u00f3rdoba lamenta que la decisi\u00f3n del Gobierno de la jornada de 37,5 horas pone en riesgo el emprendimiento de los j\u00f3venes empresarios"},"content":{"rendered":"<p style=\"text-align: center\"><strong>COMUNICADO DE PRENSA<\/strong><\/p>\n<p style=\"text-align: center\">AJE C\u00f3rdoba lamenta que la decisi\u00f3n del Gobierno de la jornada de 37,5 horas pone en riesgo el emprendimiento de los j\u00f3venes empresarios<br \/>\nEl presidente del colectivo empresarial, F\u00e9lix Almagro, afirma que el acuerdo alcanzado entre PSOE y Sumar \u201cafectar\u00e1 a corto plazo al peque\u00f1o comercio\u201d y \u201ctira todo el di\u00e1logo social a la basura\u201d<\/p>\n<p>C\u00f3rdoba. La Asociaci\u00f3n de J\u00f3venes Empresarios (AJE) C\u00f3rdoba ha lamentado las \u201cnumerosas consecuencias\u201d que puede traer consigo la puesta en marcha de la jornada laboral de 37,5 horas por parte del Gobierno central. En este sentido, el presidente de este colectivo, F\u00e9lix Almagro, ha destacado que pone \u201cen riesgo el emprendimiento de los j\u00f3venes empresarios, sencillamente porque se les est\u00e1 haciendo m\u00e1s atractivo y f\u00e1cil buscar un trabajo que iniciar un proyecto empresarial\u201d.<br \/>\nAunque ha centrado el foco en el emprendimiento juvenil, Almagro ha repasado lo que puede deparar este cambio a todos los niveles y en todo tipo de escenario empresarial. En este sentido ha trasladado la queja del colectivo al que representa hacia quienes han impulsado esta iniciativa: \u201cEl di\u00e1logo social lo han tirado a la basura, porque, al igual que ocurri\u00f3 en la pandemia, a los empresarios nos pilla en continuo cambio, totalmente desprevenidos y cerrando presupuestos para el a\u00f1o que viene\u201d.<br \/>\nLa nueva jornada de 37,5 horas obligar\u00e1 as\u00ed a \u201creestructurar nuestros presupuestos y un mont\u00f3n de aspectos que en absoluto han sido consensuados con agentes sociales, como es el caso de las asociaciones empresariales\u201d. A juicio de Almagro, \u201cdeber\u00eda mantenerse la jornada laboral de 40 horas, que para eso existen los convenios colectivos y que cada convenio negocie de una manera diferente, ya que cada sector tiene unas casu\u00edsticas diferentes\u201d. Ha puesto adem\u00e1s el acento en el caso de Andaluc\u00eda, con una mayor\u00eda de empresas del sector servicios que \u201centrar\u00e1n en serios aprietos por esta medida\u201d.<br \/>\nTambi\u00e9n se ha detenido en el caso de las empresas que ampl\u00edan su jornada a los fines de semana: \u201cSi para estos empresarios es actualmente casi una misi\u00f3n imposible encontrar trabajadores ahora es cuando nos vamos a encontrar con un mayor problema\u201d. Antes de poner en marcha esta medida, que obliga a contratar m\u00e1s personal con un mismo volumen de facturaci\u00f3n, el presidente de AJE C\u00f3rdoba ha lanzado un mensaje al Ejecutivo de Pedro S\u00e1nchez: \u201cLe dir\u00eda al Gobierno que existe un grave problema de que muchos empresarios que contratamos personal a prueba y luego ocurre que no marcha bien por ellos, por nosotros o por ambos y tenemos que prescindir nos encontramos con esas personas pierden d\u00edas de paro s\u00f3lo por haber probado un trabajo\u201d. Almagro ha indicado que \u201cantes de nada hay que solucionar el atasco que provoca\u201d.<br \/>\nPara AJE C\u00f3rdoba, una de las principales v\u00edctimas de la reducci\u00f3n de jornada a 37,5 horas es el peque\u00f1o comercio. \u201cUna tienda que abre ocho horas al d\u00eda con una sola persona, algo muy habitual en cualquier barrio de Andaluc\u00eda, va a tener que buscar otro empleado para esas 2,5 horas\u201d, ha precisado Almagro. Todo ello adem\u00e1s \u201ccon la misma facturaci\u00f3n y con m\u00e1s gastos\u201d. Est\u00e1 claro, ha indicado el presidente de este colectivo, que \u201ctodos estamos de acuerdo en reducir la jornada y que ganen lo m\u00e1s posible, pro claro siempre es a costa de la empresa\u201d.<br \/>\nOtra consecuencia que puede acarrear la nueva jornada laboral tiene que ver con el mayor coste de la vida. \u201cSi reducimos la jornada laboral y pagamos lo mismo las empresas carecen de producto y al final el trabajador sigue ganando lo mismo y los productos se encarecen, con el consiguiente descenso de la calidad de vida\u201d, ha concluido.<\/p>\n","protected":false},"excerpt":{"rendered":"<p>COMUNICADO DE PRENSA AJE C\u00f3rdoba lamenta que la decisi\u00f3n del Gobierno de la jornada de 37,5 horas pone en riesgo [&hellip;]<\/p>\n","protected":false},"author":5,"featured_media":7691,"comment_status":"open","ping_status":"open","sticky":false,"template":"","format":"standard","meta":{"_acf_changed":false,"site-sidebar-layout":"default","site-content-layout":"","ast-site-content-layout":"default","site-content-style":"default","site-sidebar-style":"default","ast-global-header-display":"","ast-banner-title-visibility":"","ast-main-header-display":"","ast-hfb-above-header-display":"","ast-hfb-below-header-display":"","ast-hfb-mobile-header-display":"","site-post-title":"","ast-breadcrumbs-content":"","ast-featured-img":"","footer-sml-layout":"","ast-disable-related-posts":"","theme-transparent-header-meta":"","adv-header-id-meta":"","stick-header-meta":"","header-above-stick-meta":"","header-main-stick-meta":"","header-below-stick-meta":"","astra-migrate-meta-layouts":"default","ast-page-background-enabled":"default","ast-page-background-meta":{"desktop":{"background-color":"var(--ast-global-color-5)","background-image":"","background-repeat":"repeat","background-position":"center center","background-size":"auto","background-attachment":"scroll","background-type":"","background-media":"","overlay-type":"","overlay-color":"","overlay-opacity":"","overlay-gradient":""},"tablet":{"background-color":"","background-image":"","background-repeat":"repeat","background-position":"center center","background-size":"auto","background-attachment":"scroll","background-type":"","background-media":"","overlay-type":"","overlay-color":"","overlay-opacity":"","overlay-gradient":""},"mobile":{"background-color":"","background-image":"","background-repeat":"repeat","background-position":"center center","background-size":"auto","background-attachment":"scroll","background-type":"","background-media":"","overlay-type":"","overlay-color":"","overlay-opacity":"","overlay-gradient":""}},"ast-content-background-meta":{"desktop":{"background-color":"var(--ast-global-color-4)","background-image":"","background-repeat":"repeat","background-position":"center center","background-size":"auto","background-attachment":"scroll","background-type":"","background-media":"","overlay-type":"","overlay-color":"","overlay-opacity":"","overlay-gradient":""},"tablet":{"background-color":"var(--ast-global-color-4)","background-image":"","background-repeat":"repeat","background-position":"center center","background-size":"auto","background-attachment":"scroll","background-type":"","background-media":"","overlay-type":"","overlay-color":"","overlay-opacity":"","overlay-gradient":""},"mobile":{"background-color":"var(--ast-global-color-4)","background-image":"","background-repeat":"repeat","background-position":"center center","background-size":"auto","background-attachment":"scroll","background-type":"","background-media":"","overlay-type":"","overlay-color":"","overlay-opacity":"","overlay-gradient":""}},"footnotes":""},"categories":[8],"tags":[],"class_list":["post-7690","post","type-post","status-publish","format-standard","has-post-thumbnail","hentry","category-noticias"],"acf":[],"yoast_head":"<!-- This site is optimized with the Yoast SEO plugin v26.9 - https:\/\/yoast.com\/product\/yoast-seo-wordpress\/ -->\n<title>AJE C\u00f3rdoba lamenta que la decisi\u00f3n del Gobierno de la jornada de 37,5 horas pone en riesgo el emprendimiento de los j\u00f3venes empresarios - AJE C\u00f3rdoba<\/title>\n<meta name=\"robots\" content=\"index, follow, max-snippet:-1, max-image-preview:large, max-video-preview:-1\" \/>\n<link rel=\"canonical\" href=\"https:\/\/ajeandalucia.org\/cordoba\/2023\/10\/31\/aje-cordoba-lamenta-que-la-decision-del-gobierno-de-la-jornada-de-375-horas-pone-en-riesgo-el-emprendimiento-de-los-jovenes-empresarios\/\" \/>\n<meta property=\"og:locale\" content=\"es_ES\" \/>\n<meta property=\"og:type\" content=\"article\" \/>\n<meta property=\"og:title\" content=\"AJE C\u00f3rdoba lamenta que la decisi\u00f3n del Gobierno de la jornada de 37,5 horas pone en riesgo el emprendimiento de los j\u00f3venes empresarios - AJE C\u00f3rdoba\" \/>\n<meta property=\"og:description\" content=\"COMUNICADO DE PRENSA AJE C\u00f3rdoba lamenta que la decisi\u00f3n del Gobierno de la jornada de 37,5 horas pone en riesgo [&hellip;]\" \/>\n<meta property=\"og:url\" content=\"https:\/\/ajeandalucia.org\/cordoba\/2023\/10\/31\/aje-cordoba-lamenta-que-la-decision-del-gobierno-de-la-jornada-de-375-horas-pone-en-riesgo-el-emprendimiento-de-los-jovenes-empresarios\/\" \/>\n<meta property=\"og:site_name\" content=\"AJE C\u00f3rdoba\" \/>\n<meta property=\"article:published_time\" content=\"2023-10-31T12:00:51+00:00\" \/>\n<meta property=\"article:modified_time\" content=\"2023-10-31T12:02:53+00:00\" \/>\n<meta property=\"og:image\" content=\"https:\/\/ajeandalucia.org\/cordoba\/wp-content\/uploads\/sites\/6\/2023\/10\/nota-prensa-octubre.jpg\" \/>\n\t<meta property=\"og:image:width\" content=\"1080\" \/>\n\t<meta property=\"og:image:height\" content=\"1080\" \/>\n\t<meta property=\"og:image:type\" content=\"image\/jpeg\" \/>\n<meta name=\"author\" content=\"cordoba\" \/>\n<meta name=\"twitter:card\" content=\"summary_large_image\" \/>\n<meta name=\"twitter:label1\" content=\"Escrito por\" \/>\n\t<meta name=\"twitter:data1\" content=\"cordoba\" \/>\n\t<meta name=\"twitter:label2\" content=\"Tiempo de lectura\" \/>\n\t<meta name=\"twitter:data2\" content=\"3 minutos\" \/>\n<script type=\"application\/ld+json\" class=\"yoast-schema-graph\">{\"@context\":\"https:\/\/schema.org\",\"@graph\":[{\"@type\":\"Article\",\"@id\":\"https:\/\/ajeandalucia.org\/cordoba\/2023\/10\/31\/aje-cordoba-lamenta-que-la-decision-del-gobierno-de-la-jornada-de-375-horas-pone-en-riesgo-el-emprendimiento-de-los-jovenes-empresarios\/#article\",\"isPartOf\":{\"@id\":\"https:\/\/ajeandalucia.org\/cordoba\/2023\/10\/31\/aje-cordoba-lamenta-que-la-decision-del-gobierno-de-la-jornada-de-375-horas-pone-en-riesgo-el-emprendimiento-de-los-jovenes-empresarios\/\"},\"author\":{\"name\":\"cordoba\",\"@id\":\"https:\/\/ajeandalucia.org\/cordoba\/#\/schema\/person\/1d19f90c44baad3b3701f8af33c2f520\"},\"headline\":\"AJE C\u00f3rdoba lamenta que la decisi\u00f3n del Gobierno de la jornada de 37,5 horas pone en riesgo el emprendimiento de los j\u00f3venes empresarios\",\"datePublished\":\"2023-10-31T12:00:51+00:00\",\"dateModified\":\"2023-10-31T12:02:53+00:00\",\"mainEntityOfPage\":{\"@id\":\"https:\/\/ajeandalucia.org\/cordoba\/2023\/10\/31\/aje-cordoba-lamenta-que-la-decision-del-gobierno-de-la-jornada-de-375-horas-pone-en-riesgo-el-emprendimiento-de-los-jovenes-empresarios\/\"},\"wordCount\":667,\"commentCount\":0,\"publisher\":{\"@id\":\"https:\/\/ajeandalucia.org\/cordoba\/#organization\"},\"image\":{\"@id\":\"https:\/\/ajeandalucia.org\/cordoba\/2023\/10\/31\/aje-cordoba-lamenta-que-la-decision-del-gobierno-de-la-jornada-de-375-horas-pone-en-riesgo-el-emprendimiento-de-los-jovenes-empresarios\/#primaryimage\"},\"thumbnailUrl\":\"https:\/\/ajeandalucia.org\/cordoba\/wp-content\/uploads\/sites\/6\/2023\/10\/nota-prensa-octubre.jpg\",\"articleSection\":[\"Noticias\"],\"inLanguage\":\"es\",\"potentialAction\":[{\"@type\":\"CommentAction\",\"name\":\"Comment\",\"target\":[\"https:\/\/ajeandalucia.org\/cordoba\/2023\/10\/31\/aje-cordoba-lamenta-que-la-decision-del-gobierno-de-la-jornada-de-375-horas-pone-en-riesgo-el-emprendimiento-de-los-jovenes-empresarios\/#respond\"]}]},{\"@type\":\"WebPage\",\"@id\":\"https:\/\/ajeandalucia.org\/cordoba\/2023\/10\/31\/aje-cordoba-lamenta-que-la-decision-del-gobierno-de-la-jornada-de-375-horas-pone-en-riesgo-el-emprendimiento-de-los-jovenes-empresarios\/\",\"url\":\"https:\/\/ajeandalucia.org\/cordoba\/2023\/10\/31\/aje-cordoba-lamenta-que-la-decision-del-gobierno-de-la-jornada-de-375-horas-pone-en-riesgo-el-emprendimiento-de-los-jovenes-empresarios\/\",\"name\":\"AJE C\u00f3rdoba lamenta que la decisi\u00f3n del Gobierno de la jornada de 37,5 horas pone en riesgo el emprendimiento de los j\u00f3venes empresarios - AJE C\u00f3rdoba\",\"isPartOf\":{\"@id\":\"https:\/\/ajeandalucia.org\/cordoba\/#website\"},\"primaryImageOfPage\":{\"@id\":\"https:\/\/ajeandalucia.org\/cordoba\/2023\/10\/31\/aje-cordoba-lamenta-que-la-decision-del-gobierno-de-la-jornada-de-375-horas-pone-en-riesgo-el-emprendimiento-de-los-jovenes-empresarios\/#primaryimage\"},\"image\":{\"@id\":\"https:\/\/ajeandalucia.org\/cordoba\/2023\/10\/31\/aje-cordoba-lamenta-que-la-decision-del-gobierno-de-la-jornada-de-375-horas-pone-en-riesgo-el-emprendimiento-de-los-jovenes-empresarios\/#primaryimage\"},\"thumbnailUrl\":\"https:\/\/ajeandalucia.org\/cordoba\/wp-content\/uploads\/sites\/6\/2023\/10\/nota-prensa-octubre.jpg\",\"datePublished\":\"2023-10-31T12:00:51+00:00\",\"dateModified\":\"2023-10-31T12:02:53+00:00\",\"breadcrumb\":{\"@id\":\"https:\/\/ajeandalucia.org\/cordoba\/2023\/10\/31\/aje-cordoba-lamenta-que-la-decision-del-gobierno-de-la-jornada-de-375-horas-pone-en-riesgo-el-emprendimiento-de-los-jovenes-empresarios\/#breadcrumb\"},\"inLanguage\":\"es\",\"potentialAction\":[{\"@type\":\"ReadAction\",\"target\":[\"https:\/\/ajeandalucia.org\/cordoba\/2023\/10\/31\/aje-cordoba-lamenta-que-la-decision-del-gobierno-de-la-jornada-de-375-horas-pone-en-riesgo-el-emprendimiento-de-los-jovenes-empresarios\/\"]}]},{\"@type\":\"ImageObject\",\"inLanguage\":\"es\",\"@id\":\"https:\/\/ajeandalucia.org\/cordoba\/2023\/10\/31\/aje-cordoba-lamenta-que-la-decision-del-gobierno-de-la-jornada-de-375-horas-pone-en-riesgo-el-emprendimiento-de-los-jovenes-empresarios\/#primaryimage\",\"url\":\"https:\/\/ajeandalucia.org\/cordoba\/wp-content\/uploads\/sites\/6\/2023\/10\/nota-prensa-octubre.jpg\",\"contentUrl\":\"https:\/\/ajeandalucia.org\/cordoba\/wp-content\/uploads\/sites\/6\/2023\/10\/nota-prensa-octubre.jpg\",\"width\":1080,\"height\":1080},{\"@type\":\"BreadcrumbList\",\"@id\":\"https:\/\/ajeandalucia.org\/cordoba\/2023\/10\/31\/aje-cordoba-lamenta-que-la-decision-del-gobierno-de-la-jornada-de-375-horas-pone-en-riesgo-el-emprendimiento-de-los-jovenes-empresarios\/#breadcrumb\",\"itemListElement\":[{\"@type\":\"ListItem\",\"position\":1,\"name\":\"Portada\",\"item\":\"https:\/\/ajeandalucia.org\/cordoba\/\"},{\"@type\":\"ListItem\",\"position\":2,\"name\":\"AJE C\u00f3rdoba lamenta que la decisi\u00f3n del Gobierno de la jornada de 37,5 horas pone en riesgo el emprendimiento de los j\u00f3venes empresarios\"}]},{\"@type\":\"WebSite\",\"@id\":\"https:\/\/ajeandalucia.org\/cordoba\/#website\",\"url\":\"https:\/\/ajeandalucia.org\/cordoba\/\",\"name\":\"AJE C\u00f3rdoba\",\"description\":\"Otro sitio m\u00e1s de AJE Andaluc\u00eda\",\"publisher\":{\"@id\":\"https:\/\/ajeandalucia.org\/cordoba\/#organization\"},\"potentialAction\":[{\"@type\":\"SearchAction\",\"target\":{\"@type\":\"EntryPoint\",\"urlTemplate\":\"https:\/\/ajeandalucia.org\/cordoba\/?s={search_term_string}\"},\"query-input\":{\"@type\":\"PropertyValueSpecification\",\"valueRequired\":true,\"valueName\":\"search_term_string\"}}],\"inLanguage\":\"es\"},{\"@type\":\"Organization\",\"@id\":\"https:\/\/ajeandalucia.org\/cordoba\/#organization\",\"name\":\"AJE C\u00f3rdoba\",\"url\":\"https:\/\/ajeandalucia.org\/cordoba\/\",\"logo\":{\"@type\":\"ImageObject\",\"inLanguage\":\"es\",\"@id\":\"https:\/\/ajeandalucia.org\/cordoba\/#\/schema\/logo\/image\/\",\"url\":\"https:\/\/ajeandalucia.org\/cordoba\/wp-content\/uploads\/sites\/6\/2025\/01\/AJE-CORDOBA-horizontal.png\",\"contentUrl\":\"https:\/\/ajeandalucia.org\/cordoba\/wp-content\/uploads\/sites\/6\/2025\/01\/AJE-CORDOBA-horizontal.png\",\"width\":605,\"height\":200,\"caption\":\"AJE C\u00f3rdoba\"},\"image\":{\"@id\":\"https:\/\/ajeandalucia.org\/cordoba\/#\/schema\/logo\/image\/\"}},{\"@type\":\"Person\",\"@id\":\"https:\/\/ajeandalucia.org\/cordoba\/#\/schema\/person\/1d19f90c44baad3b3701f8af33c2f520\",\"name\":\"cordoba\",\"image\":{\"@type\":\"ImageObject\",\"inLanguage\":\"es\",\"@id\":\"https:\/\/ajeandalucia.org\/cordoba\/#\/schema\/person\/image\/\",\"url\":\"https:\/\/secure.gravatar.com\/avatar\/46102d83da7c40efca6d3413931ddaf8470cef93888429af7689de210b9bb6fe?s=96&d=mm&r=g\",\"contentUrl\":\"https:\/\/secure.gravatar.com\/avatar\/46102d83da7c40efca6d3413931ddaf8470cef93888429af7689de210b9bb6fe?s=96&d=mm&r=g\",\"caption\":\"cordoba\"},\"url\":\"https:\/\/ajeandalucia.org\/cordoba\/author\/cordoba\/\"}]}<\/script>\n<!-- \/ Yoast SEO plugin. -->","yoast_head_json":{"title":"AJE C\u00f3rdoba lamenta que la decisi\u00f3n del Gobierno de la jornada de 37,5 horas pone en riesgo el emprendimiento de los j\u00f3venes empresarios - AJE C\u00f3rdoba","robots":{"index":"index","follow":"follow","max-snippet":"max-snippet:-1","max-image-preview":"max-image-preview:large","max-video-preview":"max-video-preview:-1"},"canonical":"https:\/\/ajeandalucia.org\/cordoba\/2023\/10\/31\/aje-cordoba-lamenta-que-la-decision-del-gobierno-de-la-jornada-de-375-horas-pone-en-riesgo-el-emprendimiento-de-los-jovenes-empresarios\/","og_locale":"es_ES","og_type":"article","og_title":"AJE C\u00f3rdoba lamenta que la decisi\u00f3n del Gobierno de la jornada de 37,5 horas pone en riesgo el emprendimiento de los j\u00f3venes empresarios - AJE C\u00f3rdoba","og_description":"COMUNICADO DE PRENSA AJE C\u00f3rdoba lamenta que la decisi\u00f3n del Gobierno de la jornada de 37,5 horas pone en riesgo [&hellip;]","og_url":"https:\/\/ajeandalucia.org\/cordoba\/2023\/10\/31\/aje-cordoba-lamenta-que-la-decision-del-gobierno-de-la-jornada-de-375-horas-pone-en-riesgo-el-emprendimiento-de-los-jovenes-empresarios\/","og_site_name":"AJE C\u00f3rdoba","article_published_time":"2023-10-31T12:00:51+00:00","article_modified_time":"2023-10-31T12:02:53+00:00","og_image":[{"width":1080,"height":1080,"url":"https:\/\/ajeandalucia.org\/cordoba\/wp-content\/uploads\/sites\/6\/2023\/10\/nota-prensa-octubre.jpg","type":"image\/jpeg"}],"author":"cordoba","twitter_card":"summary_large_image","twitter_misc":{"Escrito por":"cordoba","Tiempo de lectura":"3 minutos"},"schema":{"@context":"https:\/\/schema.org","@graph":[{"@type":"Article","@id":"https:\/\/ajeandalucia.org\/cordoba\/2023\/10\/31\/aje-cordoba-lamenta-que-la-decision-del-gobierno-de-la-jornada-de-375-horas-pone-en-riesgo-el-emprendimiento-de-los-jovenes-empresarios\/#article","isPartOf":{"@id":"https:\/\/ajeandalucia.org\/cordoba\/2023\/10\/31\/aje-cordoba-lamenta-que-la-decision-del-gobierno-de-la-jornada-de-375-horas-pone-en-riesgo-el-emprendimiento-de-los-jovenes-empresarios\/"},"author":{"name":"cordoba","@id":"https:\/\/ajeandalucia.org\/cordoba\/#\/schema\/person\/1d19f90c44baad3b3701f8af33c2f520"},"headline":"AJE C\u00f3rdoba lamenta que la decisi\u00f3n del Gobierno de la jornada de 37,5 horas pone en riesgo el emprendimiento de los j\u00f3venes empresarios","datePublished":"2023-10-31T12:00:51+00:00","dateModified":"2023-10-31T12:02:53+00:00","mainEntityOfPage":{"@id":"https:\/\/ajeandalucia.org\/cordoba\/2023\/10\/31\/aje-cordoba-lamenta-que-la-decision-del-gobierno-de-la-jornada-de-375-horas-pone-en-riesgo-el-emprendimiento-de-los-jovenes-empresarios\/"},"wordCount":667,"commentCount":0,"publisher":{"@id":"https:\/\/ajeandalucia.org\/cordoba\/#organization"},"image":{"@id":"https:\/\/ajeandalucia.org\/cordoba\/2023\/10\/31\/aje-cordoba-lamenta-que-la-decision-del-gobierno-de-la-jornada-de-375-horas-pone-en-riesgo-el-emprendimiento-de-los-jovenes-empresarios\/#primaryimage"},"thumbnailUrl":"https:\/\/ajeandalucia.org\/cordoba\/wp-content\/uploads\/sites\/6\/2023\/10\/nota-prensa-octubre.jpg","articleSection":["Noticias"],"inLanguage":"es","potentialAction":[{"@type":"CommentAction","name":"Comment","target":["https:\/\/ajeandalucia.org\/cordoba\/2023\/10\/31\/aje-cordoba-lamenta-que-la-decision-del-gobierno-de-la-jornada-de-375-horas-pone-en-riesgo-el-emprendimiento-de-los-jovenes-empresarios\/#respond"]}]},{"@type":"WebPage","@id":"https:\/\/ajeandalucia.org\/cordoba\/2023\/10\/31\/aje-cordoba-lamenta-que-la-decision-del-gobierno-de-la-jornada-de-375-horas-pone-en-riesgo-el-emprendimiento-de-los-jovenes-empresarios\/","url":"https:\/\/ajeandalucia.org\/cordoba\/2023\/10\/31\/aje-cordoba-lamenta-que-la-decision-del-gobierno-de-la-jornada-de-375-horas-pone-en-riesgo-el-emprendimiento-de-los-jovenes-empresarios\/","name":"AJE C\u00f3rdoba lamenta que la decisi\u00f3n del Gobierno de la jornada de 37,5 horas pone en riesgo el emprendimiento de los j\u00f3venes empresarios - AJE C\u00f3rdoba","isPartOf":{"@id":"https:\/\/ajeandalucia.org\/cordoba\/#website"},"primaryImageOfPage":{"@id":"https:\/\/ajeandalucia.org\/cordoba\/2023\/10\/31\/aje-cordoba-lamenta-que-la-decision-del-gobierno-de-la-jornada-de-375-horas-pone-en-riesgo-el-emprendimiento-de-los-jovenes-empresarios\/#primaryimage"},"image":{"@id":"https:\/\/ajeandalucia.org\/cordoba\/2023\/10\/31\/aje-cordoba-lamenta-que-la-decision-del-gobierno-de-la-jornada-de-375-horas-pone-en-riesgo-el-emprendimiento-de-los-jovenes-empresarios\/#primaryimage"},"thumbnailUrl":"https:\/\/ajeandalucia.org\/cordoba\/wp-content\/uploads\/sites\/6\/2023\/10\/nota-prensa-octubre.jpg","datePublished":"2023-10-31T12:00:51+00:00","dateModified":"2023-10-31T12:02:53+00:00","breadcrumb":{"@id":"https:\/\/ajeandalucia.org\/cordoba\/2023\/10\/31\/aje-cordoba-lamenta-que-la-decision-del-gobierno-de-la-jornada-de-375-horas-pone-en-riesgo-el-emprendimiento-de-los-jovenes-empresarios\/#breadcrumb"},"inLanguage":"es","potentialAction":[{"@type":"ReadAction","target":["https:\/\/ajeandalucia.org\/cordoba\/2023\/10\/31\/aje-cordoba-lamenta-que-la-decision-del-gobierno-de-la-jornada-de-375-horas-pone-en-riesgo-el-emprendimiento-de-los-jovenes-empresarios\/"]}]},{"@type":"ImageObject","inLanguage":"es","@id":"https:\/\/ajeandalucia.org\/cordoba\/2023\/10\/31\/aje-cordoba-lamenta-que-la-decision-del-gobierno-de-la-jornada-de-375-horas-pone-en-riesgo-el-emprendimiento-de-los-jovenes-empresarios\/#primaryimage","url":"https:\/\/ajeandalucia.org\/cordoba\/wp-content\/uploads\/sites\/6\/2023\/10\/nota-prensa-octubre.jpg","contentUrl":"https:\/\/ajeandalucia.org\/cordoba\/wp-content\/uploads\/sites\/6\/2023\/10\/nota-prensa-octubre.jpg","width":1080,"height":1080},{"@type":"BreadcrumbList","@id":"https:\/\/ajeandalucia.org\/cordoba\/2023\/10\/31\/aje-cordoba-lamenta-que-la-decision-del-gobierno-de-la-jornada-de-375-horas-pone-en-riesgo-el-emprendimiento-de-los-jovenes-empresarios\/#breadcrumb","itemListElement":[{"@type":"ListItem","position":1,"name":"Portada","item":"https:\/\/ajeandalucia.org\/cordoba\/"},{"@type":"ListItem","position":2,"name":"AJE C\u00f3rdoba lamenta que la decisi\u00f3n del Gobierno de la jornada de 37,5 horas pone en riesgo el emprendimiento de los j\u00f3venes empresarios"}]},{"@type":"WebSite","@id":"https:\/\/ajeandalucia.org\/cordoba\/#website","url":"https:\/\/ajeandalucia.org\/cordoba\/","name":"AJE C\u00f3rdoba","description":"Otro sitio m\u00e1s de AJE Andaluc\u00eda","publisher":{"@id":"https:\/\/ajeandalucia.org\/cordoba\/#organization"},"potentialAction":[{"@type":"SearchAction","target":{"@type":"EntryPoint","urlTemplate":"https:\/\/ajeandalucia.org\/cordoba\/?s={search_term_string}"},"query-input":{"@type":"PropertyValueSpecification","valueRequired":true,"valueName":"search_term_string"}}],"inLanguage":"es"},{"@type":"Organization","@id":"https:\/\/ajeandalucia.org\/cordoba\/#organization","name":"AJE C\u00f3rdoba","url":"https:\/\/ajeandalucia.org\/cordoba\/","logo":{"@type":"ImageObject","inLanguage":"es","@id":"https:\/\/ajeandalucia.org\/cordoba\/#\/schema\/logo\/image\/","url":"https:\/\/ajeandalucia.org\/cordoba\/wp-content\/uploads\/sites\/6\/2025\/01\/AJE-CORDOBA-horizontal.png","contentUrl":"https:\/\/ajeandalucia.org\/cordoba\/wp-content\/uploads\/sites\/6\/2025\/01\/AJE-CORDOBA-horizontal.png","width":605,"height":200,"caption":"AJE C\u00f3rdoba"},"image":{"@id":"https:\/\/ajeandalucia.org\/cordoba\/#\/schema\/logo\/image\/"}},{"@type":"Person","@id":"https:\/\/ajeandalucia.org\/cordoba\/#\/schema\/person\/1d19f90c44baad3b3701f8af33c2f520","name":"cordoba","image":{"@type":"ImageObject","inLanguage":"es","@id":"https:\/\/ajeandalucia.org\/cordoba\/#\/schema\/person\/image\/","url":"https:\/\/secure.gravatar.com\/avatar\/46102d83da7c40efca6d3413931ddaf8470cef93888429af7689de210b9bb6fe?s=96&d=mm&r=g","contentUrl":"https:\/\/secure.gravatar.com\/avatar\/46102d83da7c40efca6d3413931ddaf8470cef93888429af7689de210b9bb6fe?s=96&d=mm&r=g","caption":"cordoba"},"url":"https:\/\/ajeandalucia.org\/cordoba\/author\/cordoba\/"}]}},"_links":{"self":[{"href":"https:\/\/ajeandalucia.org\/cordoba\/wp-json\/wp\/v2\/posts\/7690","targetHints":{"allow":["GET"]}}],"collection":[{"href":"https:\/\/ajeandalucia.org\/cordoba\/wp-json\/wp\/v2\/posts"}],"about":[{"href":"https:\/\/ajeandalucia.org\/cordoba\/wp-json\/wp\/v2\/types\/post"}],"author":[{"embeddable":true,"href":"https:\/\/ajeandalucia.org\/cordoba\/wp-json\/wp\/v2\/users\/5"}],"replies":[{"embeddable":true,"href":"https:\/\/ajeandalucia.org\/cordoba\/wp-json\/wp\/v2\/comments?post=7690"}],"version-history":[{"count":2,"href":"https:\/\/ajeandalucia.org\/cordoba\/wp-json\/wp\/v2\/posts\/7690\/revisions"}],"predecessor-version":[{"id":7693,"href":"https:\/\/ajeandalucia.org\/cordoba\/wp-json\/wp\/v2\/posts\/7690\/revisions\/7693"}],"wp:featuredmedia":[{"embeddable":true,"href":"https:\/\/ajeandalucia.org\/cordoba\/wp-json\/wp\/v2\/media\/7691"}],"wp:attachment":[{"href":"https:\/\/ajeandalucia.org\/cordoba\/wp-json\/wp\/v2\/media?parent=7690"}],"wp:term":[{"taxonomy":"category","embeddable":true,"href":"https:\/\/ajeandalucia.org\/cordoba\/wp-json\/wp\/v2\/categories?post=7690"},{"taxonomy":"post_tag","embeddable":true,"href":"https:\/\/ajeandalucia.org\/cordoba\/wp-json\/wp\/v2\/tags?post=7690"}],"curies":[{"name":"wp","href":"https:\/\/api.w.org\/{rel}","templated":true}]}}