{"id":7704,"date":"2023-11-08T15:59:11","date_gmt":"2023-11-08T15:59:11","guid":{"rendered":"https:\/\/www.ajeandalucia.org\/cordoba\/?p=7704"},"modified":"2023-11-08T15:59:11","modified_gmt":"2023-11-08T15:59:11","slug":"aje-cordoba-celebra-el-ii-club-de-capitanas","status":"publish","type":"post","link":"https:\/\/ajeandalucia.org\/cordoba\/2023\/11\/08\/aje-cordoba-celebra-el-ii-club-de-capitanas\/","title":{"rendered":"AJE C\u00f3rdoba celebra el II Club de Capitanas"},"content":{"rendered":"<p><u>AJE C\u00f3rdoba resalta el papel de la mujer emprendedora a trav\u00e9s del Club de Capitanas<\/u><\/p>\n<p>El encuentro, que ha cubierto todo el aforo, arranca con la ponencia de la presidenta del Imdeec, Blanca Torrent, que aborda el liderazgo femenino en el mundo empresarial<\/p>\n<p><strong>C\u00f3rdoba<\/strong>. La Asociaci\u00f3n de J\u00f3venes Empresarios (AJE) C\u00f3rdoba ha celebrado hoy una nueva jornada del Club de Capitanas, un espacio en el que por primera vez mujeres y hombres procedentes del mundo empresarial han ofrecido su experiencia personal y profesional. El presidente de este colectivo, F\u00e9lix Almagro, ha destacado al t\u00e9rmino de este encuentro el trabajo realizado por la Comisi\u00f3n de Igualdad, as\u00ed como el que \u201cno s\u00f3lo participan mujeres, sino tambi\u00e9n hombres que ponen de relieve el papel de la mujer a trav\u00e9s del desarrollo de planes de igualdad y conciliaci\u00f3n\u201d.<\/p>\n<p>La ponencia inaugural ha corrido a cargo de la presidenta del Imdeec (Instituto Municipal de Desarrollo Econ\u00f3mico y Empleo), Blanca Torrent, quien ha abordado el \u201cliderazgo femenino\u201d. El presidente de AJE C\u00f3rdoba ha aplaudido especialmente la labor de la tambi\u00e9n primera teniente de alcalde del Ayuntamiento. \u201cHemos notado que en el Imdeec todo fluye m\u00e1s r\u00e1pido cuando quien lo lidera es una empresaria como Blanca\u201d, ha destacado el dirigente de este colectivo.<\/p>\n<p>Al margen de la conferencia de la concejala, esta nueva jornada del Club de Capitanas tambi\u00e9n ha dejado hueco para conocer la experiencia profesional de tres mujeres empresarias: Nuria Barbarroja (Cobiomic Bioscience), Carmen Carmona (Cafeter\u00edas Rochel) y Mar\u00eda Dolores Egea (Do\u00f1a Sol). \u201cTres experiencias muy diferentes\u201d, ha precisado Almagro.<\/p>\n<p>Por \u00faltimo, Juan Diego Moreno, de Ocasi\u00f3n Casa Calahorra y Tablero, ha ofrecido su experiencia emprendedora. Este empresario ha repasado su trayectoria desde que comenz\u00f3 su andadura laboral hasta que decidi\u00f3 emprender.<\/p>\n","protected":false},"excerpt":{"rendered":"<p>AJE C\u00f3rdoba resalta el papel de la mujer emprendedora a trav\u00e9s del Club de Capitanas El encuentro, que ha cubierto [&hellip;]<\/p>\n","protected":false},"author":5,"featured_media":7705,"comment_status":"open","ping_status":"open","sticky":false,"template":"","format":"standard","meta":{"_acf_changed":false,"site-sidebar-layout":"default","site-content-layout":"","ast-site-content-layout":"default","site-content-style":"default","site-sidebar-style":"default","ast-global-header-display":"","ast-banner-title-visibility":"","ast-main-header-display":"","ast-hfb-above-header-display":"","ast-hfb-below-header-display":"","ast-hfb-mobile-header-display":"","site-post-title":"","ast-breadcrumbs-content":"","ast-featured-img":"","footer-sml-layout":"","ast-disable-related-posts":"","theme-transparent-header-meta":"","adv-header-id-meta":"","stick-header-meta":"","header-above-stick-meta":"","header-main-stick-meta":"","header-below-stick-meta":"","astra-migrate-meta-layouts":"default","ast-page-background-enabled":"default","ast-page-background-meta":{"desktop":{"background-color":"var(--ast-global-color-5)","background-image":"","background-repeat":"repeat","background-position":"center center","background-size":"auto","background-attachment":"scroll","background-type":"","background-media":"","overlay-type":"","overlay-color":"","overlay-opacity":"","overlay-gradient":""},"tablet":{"background-color":"","background-image":"","background-repeat":"repeat","background-position":"center center","background-size":"auto","background-attachment":"scroll","background-type":"","background-media":"","overlay-type":"","overlay-color":"","overlay-opacity":"","overlay-gradient":""},"mobile":{"background-color":"","background-image":"","background-repeat":"repeat","background-position":"center center","background-size":"auto","background-attachment":"scroll","background-type":"","background-media":"","overlay-type":"","overlay-color":"","overlay-opacity":"","overlay-gradient":""}},"ast-content-background-meta":{"desktop":{"background-color":"var(--ast-global-color-4)","background-image":"","background-repeat":"repeat","background-position":"center center","background-size":"auto","background-attachment":"scroll","background-type":"","background-media":"","overlay-type":"","overlay-color":"","overlay-opacity":"","overlay-gradient":""},"tablet":{"background-color":"var(--ast-global-color-4)","background-image":"","background-repeat":"repeat","background-position":"center center","background-size":"auto","background-attachment":"scroll","background-type":"","background-media":"","overlay-type":"","overlay-color":"","overlay-opacity":"","overlay-gradient":""},"mobile":{"background-color":"var(--ast-global-color-4)","background-image":"","background-repeat":"repeat","background-position":"center center","background-size":"auto","background-attachment":"scroll","background-type":"","background-media":"","overlay-type":"","overlay-color":"","overlay-opacity":"","overlay-gradient":""}},"footnotes":""},"categories":[8],"tags":[],"class_list":["post-7704","post","type-post","status-publish","format-standard","has-post-thumbnail","hentry","category-noticias"],"acf":[],"yoast_head":"<!-- This site is optimized with the Yoast SEO plugin v26.9 - https:\/\/yoast.com\/product\/yoast-seo-wordpress\/ -->\n<title>AJE C\u00f3rdoba celebra el II Club de Capitanas - AJE C\u00f3rdoba<\/title>\n<meta name=\"robots\" content=\"index, follow, max-snippet:-1, max-image-preview:large, max-video-preview:-1\" \/>\n<link rel=\"canonical\" href=\"https:\/\/ajeandalucia.org\/cordoba\/2023\/11\/08\/aje-cordoba-celebra-el-ii-club-de-capitanas\/\" \/>\n<meta property=\"og:locale\" content=\"es_ES\" \/>\n<meta property=\"og:type\" content=\"article\" \/>\n<meta property=\"og:title\" content=\"AJE C\u00f3rdoba celebra el II Club de Capitanas - AJE C\u00f3rdoba\" \/>\n<meta property=\"og:description\" content=\"AJE C\u00f3rdoba resalta el papel de la mujer emprendedora a trav\u00e9s del Club de Capitanas El encuentro, que ha cubierto [&hellip;]\" \/>\n<meta property=\"og:url\" content=\"https:\/\/ajeandalucia.org\/cordoba\/2023\/11\/08\/aje-cordoba-celebra-el-ii-club-de-capitanas\/\" \/>\n<meta property=\"og:site_name\" content=\"AJE C\u00f3rdoba\" \/>\n<meta property=\"article:published_time\" content=\"2023-11-08T15:59:11+00:00\" \/>\n<meta property=\"og:image\" content=\"https:\/\/ajeandalucia.org\/cordoba\/wp-content\/uploads\/sites\/6\/2023\/11\/AJE-Capitanas.jpeg\" \/>\n\t<meta property=\"og:image:width\" content=\"1600\" \/>\n\t<meta property=\"og:image:height\" content=\"1066\" \/>\n\t<meta property=\"og:image:type\" content=\"image\/jpeg\" \/>\n<meta name=\"author\" content=\"cordoba\" \/>\n<meta name=\"twitter:card\" content=\"summary_large_image\" \/>\n<meta name=\"twitter:label1\" content=\"Escrito por\" \/>\n\t<meta name=\"twitter:data1\" content=\"cordoba\" \/>\n\t<meta name=\"twitter:label2\" content=\"Tiempo de lectura\" \/>\n\t<meta name=\"twitter:data2\" content=\"2 minutos\" \/>\n<script type=\"application\/ld+json\" class=\"yoast-schema-graph\">{\"@context\":\"https:\/\/schema.org\",\"@graph\":[{\"@type\":\"Article\",\"@id\":\"https:\/\/ajeandalucia.org\/cordoba\/2023\/11\/08\/aje-cordoba-celebra-el-ii-club-de-capitanas\/#article\",\"isPartOf\":{\"@id\":\"https:\/\/ajeandalucia.org\/cordoba\/2023\/11\/08\/aje-cordoba-celebra-el-ii-club-de-capitanas\/\"},\"author\":{\"name\":\"cordoba\",\"@id\":\"https:\/\/ajeandalucia.org\/cordoba\/#\/schema\/person\/1d19f90c44baad3b3701f8af33c2f520\"},\"headline\":\"AJE C\u00f3rdoba celebra el II Club de Capitanas\",\"datePublished\":\"2023-11-08T15:59:11+00:00\",\"mainEntityOfPage\":{\"@id\":\"https:\/\/ajeandalucia.org\/cordoba\/2023\/11\/08\/aje-cordoba-celebra-el-ii-club-de-capitanas\/\"},\"wordCount\":320,\"commentCount\":0,\"publisher\":{\"@id\":\"https:\/\/ajeandalucia.org\/cordoba\/#organization\"},\"image\":{\"@id\":\"https:\/\/ajeandalucia.org\/cordoba\/2023\/11\/08\/aje-cordoba-celebra-el-ii-club-de-capitanas\/#primaryimage\"},\"thumbnailUrl\":\"https:\/\/ajeandalucia.org\/cordoba\/wp-content\/uploads\/sites\/6\/2023\/11\/AJE-Capitanas.jpeg\",\"articleSection\":[\"Noticias\"],\"inLanguage\":\"es\",\"potentialAction\":[{\"@type\":\"CommentAction\",\"name\":\"Comment\",\"target\":[\"https:\/\/ajeandalucia.org\/cordoba\/2023\/11\/08\/aje-cordoba-celebra-el-ii-club-de-capitanas\/#respond\"]}]},{\"@type\":\"WebPage\",\"@id\":\"https:\/\/ajeandalucia.org\/cordoba\/2023\/11\/08\/aje-cordoba-celebra-el-ii-club-de-capitanas\/\",\"url\":\"https:\/\/ajeandalucia.org\/cordoba\/2023\/11\/08\/aje-cordoba-celebra-el-ii-club-de-capitanas\/\",\"name\":\"AJE C\u00f3rdoba celebra el II Club de Capitanas - AJE C\u00f3rdoba\",\"isPartOf\":{\"@id\":\"https:\/\/ajeandalucia.org\/cordoba\/#website\"},\"primaryImageOfPage\":{\"@id\":\"https:\/\/ajeandalucia.org\/cordoba\/2023\/11\/08\/aje-cordoba-celebra-el-ii-club-de-capitanas\/#primaryimage\"},\"image\":{\"@id\":\"https:\/\/ajeandalucia.org\/cordoba\/2023\/11\/08\/aje-cordoba-celebra-el-ii-club-de-capitanas\/#primaryimage\"},\"thumbnailUrl\":\"https:\/\/ajeandalucia.org\/cordoba\/wp-content\/uploads\/sites\/6\/2023\/11\/AJE-Capitanas.jpeg\",\"datePublished\":\"2023-11-08T15:59:11+00:00\",\"breadcrumb\":{\"@id\":\"https:\/\/ajeandalucia.org\/cordoba\/2023\/11\/08\/aje-cordoba-celebra-el-ii-club-de-capitanas\/#breadcrumb\"},\"inLanguage\":\"es\",\"potentialAction\":[{\"@type\":\"ReadAction\",\"target\":[\"https:\/\/ajeandalucia.org\/cordoba\/2023\/11\/08\/aje-cordoba-celebra-el-ii-club-de-capitanas\/\"]}]},{\"@type\":\"ImageObject\",\"inLanguage\":\"es\",\"@id\":\"https:\/\/ajeandalucia.org\/cordoba\/2023\/11\/08\/aje-cordoba-celebra-el-ii-club-de-capitanas\/#primaryimage\",\"url\":\"https:\/\/ajeandalucia.org\/cordoba\/wp-content\/uploads\/sites\/6\/2023\/11\/AJE-Capitanas.jpeg\",\"contentUrl\":\"https:\/\/ajeandalucia.org\/cordoba\/wp-content\/uploads\/sites\/6\/2023\/11\/AJE-Capitanas.jpeg\",\"width\":1600,\"height\":1066},{\"@type\":\"BreadcrumbList\",\"@id\":\"https:\/\/ajeandalucia.org\/cordoba\/2023\/11\/08\/aje-cordoba-celebra-el-ii-club-de-capitanas\/#breadcrumb\",\"itemListElement\":[{\"@type\":\"ListItem\",\"position\":1,\"name\":\"Portada\",\"item\":\"https:\/\/ajeandalucia.org\/cordoba\/\"},{\"@type\":\"ListItem\",\"position\":2,\"name\":\"AJE C\u00f3rdoba celebra el II Club de Capitanas\"}]},{\"@type\":\"WebSite\",\"@id\":\"https:\/\/ajeandalucia.org\/cordoba\/#website\",\"url\":\"https:\/\/ajeandalucia.org\/cordoba\/\",\"name\":\"AJE C\u00f3rdoba\",\"description\":\"Otro sitio m\u00e1s de AJE Andaluc\u00eda\",\"publisher\":{\"@id\":\"https:\/\/ajeandalucia.org\/cordoba\/#organization\"},\"potentialAction\":[{\"@type\":\"SearchAction\",\"target\":{\"@type\":\"EntryPoint\",\"urlTemplate\":\"https:\/\/ajeandalucia.org\/cordoba\/?s={search_term_string}\"},\"query-input\":{\"@type\":\"PropertyValueSpecification\",\"valueRequired\":true,\"valueName\":\"search_term_string\"}}],\"inLanguage\":\"es\"},{\"@type\":\"Organization\",\"@id\":\"https:\/\/ajeandalucia.org\/cordoba\/#organization\",\"name\":\"AJE C\u00f3rdoba\",\"url\":\"https:\/\/ajeandalucia.org\/cordoba\/\",\"logo\":{\"@type\":\"ImageObject\",\"inLanguage\":\"es\",\"@id\":\"https:\/\/ajeandalucia.org\/cordoba\/#\/schema\/logo\/image\/\",\"url\":\"https:\/\/ajeandalucia.org\/cordoba\/wp-content\/uploads\/sites\/6\/2025\/01\/AJE-CORDOBA-horizontal.png\",\"contentUrl\":\"https:\/\/ajeandalucia.org\/cordoba\/wp-content\/uploads\/sites\/6\/2025\/01\/AJE-CORDOBA-horizontal.png\",\"width\":605,\"height\":200,\"caption\":\"AJE C\u00f3rdoba\"},\"image\":{\"@id\":\"https:\/\/ajeandalucia.org\/cordoba\/#\/schema\/logo\/image\/\"}},{\"@type\":\"Person\",\"@id\":\"https:\/\/ajeandalucia.org\/cordoba\/#\/schema\/person\/1d19f90c44baad3b3701f8af33c2f520\",\"name\":\"cordoba\",\"image\":{\"@type\":\"ImageObject\",\"inLanguage\":\"es\",\"@id\":\"https:\/\/ajeandalucia.org\/cordoba\/#\/schema\/person\/image\/\",\"url\":\"https:\/\/secure.gravatar.com\/avatar\/46102d83da7c40efca6d3413931ddaf8470cef93888429af7689de210b9bb6fe?s=96&d=mm&r=g\",\"contentUrl\":\"https:\/\/secure.gravatar.com\/avatar\/46102d83da7c40efca6d3413931ddaf8470cef93888429af7689de210b9bb6fe?s=96&d=mm&r=g\",\"caption\":\"cordoba\"},\"url\":\"https:\/\/ajeandalucia.org\/cordoba\/author\/cordoba\/\"}]}<\/script>\n<!-- \/ Yoast SEO plugin. -->","yoast_head_json":{"title":"AJE C\u00f3rdoba celebra el II Club de Capitanas - AJE C\u00f3rdoba","robots":{"index":"index","follow":"follow","max-snippet":"max-snippet:-1","max-image-preview":"max-image-preview:large","max-video-preview":"max-video-preview:-1"},"canonical":"https:\/\/ajeandalucia.org\/cordoba\/2023\/11\/08\/aje-cordoba-celebra-el-ii-club-de-capitanas\/","og_locale":"es_ES","og_type":"article","og_title":"AJE C\u00f3rdoba celebra el II Club de Capitanas - AJE C\u00f3rdoba","og_description":"AJE C\u00f3rdoba resalta el papel de la mujer emprendedora a trav\u00e9s del Club de Capitanas El encuentro, que ha cubierto [&hellip;]","og_url":"https:\/\/ajeandalucia.org\/cordoba\/2023\/11\/08\/aje-cordoba-celebra-el-ii-club-de-capitanas\/","og_site_name":"AJE C\u00f3rdoba","article_published_time":"2023-11-08T15:59:11+00:00","og_image":[{"width":1600,"height":1066,"url":"https:\/\/ajeandalucia.org\/cordoba\/wp-content\/uploads\/sites\/6\/2023\/11\/AJE-Capitanas.jpeg","type":"image\/jpeg"}],"author":"cordoba","twitter_card":"summary_large_image","twitter_misc":{"Escrito por":"cordoba","Tiempo de lectura":"2 minutos"},"schema":{"@context":"https:\/\/schema.org","@graph":[{"@type":"Article","@id":"https:\/\/ajeandalucia.org\/cordoba\/2023\/11\/08\/aje-cordoba-celebra-el-ii-club-de-capitanas\/#article","isPartOf":{"@id":"https:\/\/ajeandalucia.org\/cordoba\/2023\/11\/08\/aje-cordoba-celebra-el-ii-club-de-capitanas\/"},"author":{"name":"cordoba","@id":"https:\/\/ajeandalucia.org\/cordoba\/#\/schema\/person\/1d19f90c44baad3b3701f8af33c2f520"},"headline":"AJE C\u00f3rdoba celebra el II Club de Capitanas","datePublished":"2023-11-08T15:59:11+00:00","mainEntityOfPage":{"@id":"https:\/\/ajeandalucia.org\/cordoba\/2023\/11\/08\/aje-cordoba-celebra-el-ii-club-de-capitanas\/"},"wordCount":320,"commentCount":0,"publisher":{"@id":"https:\/\/ajeandalucia.org\/cordoba\/#organization"},"image":{"@id":"https:\/\/ajeandalucia.org\/cordoba\/2023\/11\/08\/aje-cordoba-celebra-el-ii-club-de-capitanas\/#primaryimage"},"thumbnailUrl":"https:\/\/ajeandalucia.org\/cordoba\/wp-content\/uploads\/sites\/6\/2023\/11\/AJE-Capitanas.jpeg","articleSection":["Noticias"],"inLanguage":"es","potentialAction":[{"@type":"CommentAction","name":"Comment","target":["https:\/\/ajeandalucia.org\/cordoba\/2023\/11\/08\/aje-cordoba-celebra-el-ii-club-de-capitanas\/#respond"]}]},{"@type":"WebPage","@id":"https:\/\/ajeandalucia.org\/cordoba\/2023\/11\/08\/aje-cordoba-celebra-el-ii-club-de-capitanas\/","url":"https:\/\/ajeandalucia.org\/cordoba\/2023\/11\/08\/aje-cordoba-celebra-el-ii-club-de-capitanas\/","name":"AJE C\u00f3rdoba celebra el II Club de Capitanas - AJE C\u00f3rdoba","isPartOf":{"@id":"https:\/\/ajeandalucia.org\/cordoba\/#website"},"primaryImageOfPage":{"@id":"https:\/\/ajeandalucia.org\/cordoba\/2023\/11\/08\/aje-cordoba-celebra-el-ii-club-de-capitanas\/#primaryimage"},"image":{"@id":"https:\/\/ajeandalucia.org\/cordoba\/2023\/11\/08\/aje-cordoba-celebra-el-ii-club-de-capitanas\/#primaryimage"},"thumbnailUrl":"https:\/\/ajeandalucia.org\/cordoba\/wp-content\/uploads\/sites\/6\/2023\/11\/AJE-Capitanas.jpeg","datePublished":"2023-11-08T15:59:11+00:00","breadcrumb":{"@id":"https:\/\/ajeandalucia.org\/cordoba\/2023\/11\/08\/aje-cordoba-celebra-el-ii-club-de-capitanas\/#breadcrumb"},"inLanguage":"es","potentialAction":[{"@type":"ReadAction","target":["https:\/\/ajeandalucia.org\/cordoba\/2023\/11\/08\/aje-cordoba-celebra-el-ii-club-de-capitanas\/"]}]},{"@type":"ImageObject","inLanguage":"es","@id":"https:\/\/ajeandalucia.org\/cordoba\/2023\/11\/08\/aje-cordoba-celebra-el-ii-club-de-capitanas\/#primaryimage","url":"https:\/\/ajeandalucia.org\/cordoba\/wp-content\/uploads\/sites\/6\/2023\/11\/AJE-Capitanas.jpeg","contentUrl":"https:\/\/ajeandalucia.org\/cordoba\/wp-content\/uploads\/sites\/6\/2023\/11\/AJE-Capitanas.jpeg","width":1600,"height":1066},{"@type":"BreadcrumbList","@id":"https:\/\/ajeandalucia.org\/cordoba\/2023\/11\/08\/aje-cordoba-celebra-el-ii-club-de-capitanas\/#breadcrumb","itemListElement":[{"@type":"ListItem","position":1,"name":"Portada","item":"https:\/\/ajeandalucia.org\/cordoba\/"},{"@type":"ListItem","position":2,"name":"AJE C\u00f3rdoba celebra el II Club de Capitanas"}]},{"@type":"WebSite","@id":"https:\/\/ajeandalucia.org\/cordoba\/#website","url":"https:\/\/ajeandalucia.org\/cordoba\/","name":"AJE C\u00f3rdoba","description":"Otro sitio m\u00e1s de AJE Andaluc\u00eda","publisher":{"@id":"https:\/\/ajeandalucia.org\/cordoba\/#organization"},"potentialAction":[{"@type":"SearchAction","target":{"@type":"EntryPoint","urlTemplate":"https:\/\/ajeandalucia.org\/cordoba\/?s={search_term_string}"},"query-input":{"@type":"PropertyValueSpecification","valueRequired":true,"valueName":"search_term_string"}}],"inLanguage":"es"},{"@type":"Organization","@id":"https:\/\/ajeandalucia.org\/cordoba\/#organization","name":"AJE C\u00f3rdoba","url":"https:\/\/ajeandalucia.org\/cordoba\/","logo":{"@type":"ImageObject","inLanguage":"es","@id":"https:\/\/ajeandalucia.org\/cordoba\/#\/schema\/logo\/image\/","url":"https:\/\/ajeandalucia.org\/cordoba\/wp-content\/uploads\/sites\/6\/2025\/01\/AJE-CORDOBA-horizontal.png","contentUrl":"https:\/\/ajeandalucia.org\/cordoba\/wp-content\/uploads\/sites\/6\/2025\/01\/AJE-CORDOBA-horizontal.png","width":605,"height":200,"caption":"AJE C\u00f3rdoba"},"image":{"@id":"https:\/\/ajeandalucia.org\/cordoba\/#\/schema\/logo\/image\/"}},{"@type":"Person","@id":"https:\/\/ajeandalucia.org\/cordoba\/#\/schema\/person\/1d19f90c44baad3b3701f8af33c2f520","name":"cordoba","image":{"@type":"ImageObject","inLanguage":"es","@id":"https:\/\/ajeandalucia.org\/cordoba\/#\/schema\/person\/image\/","url":"https:\/\/secure.gravatar.com\/avatar\/46102d83da7c40efca6d3413931ddaf8470cef93888429af7689de210b9bb6fe?s=96&d=mm&r=g","contentUrl":"https:\/\/secure.gravatar.com\/avatar\/46102d83da7c40efca6d3413931ddaf8470cef93888429af7689de210b9bb6fe?s=96&d=mm&r=g","caption":"cordoba"},"url":"https:\/\/ajeandalucia.org\/cordoba\/author\/cordoba\/"}]}},"_links":{"self":[{"href":"https:\/\/ajeandalucia.org\/cordoba\/wp-json\/wp\/v2\/posts\/7704","targetHints":{"allow":["GET"]}}],"collection":[{"href":"https:\/\/ajeandalucia.org\/cordoba\/wp-json\/wp\/v2\/posts"}],"about":[{"href":"https:\/\/ajeandalucia.org\/cordoba\/wp-json\/wp\/v2\/types\/post"}],"author":[{"embeddable":true,"href":"https:\/\/ajeandalucia.org\/cordoba\/wp-json\/wp\/v2\/users\/5"}],"replies":[{"embeddable":true,"href":"https:\/\/ajeandalucia.org\/cordoba\/wp-json\/wp\/v2\/comments?post=7704"}],"version-history":[{"count":1,"href":"https:\/\/ajeandalucia.org\/cordoba\/wp-json\/wp\/v2\/posts\/7704\/revisions"}],"predecessor-version":[{"id":7706,"href":"https:\/\/ajeandalucia.org\/cordoba\/wp-json\/wp\/v2\/posts\/7704\/revisions\/7706"}],"wp:featuredmedia":[{"embeddable":true,"href":"https:\/\/ajeandalucia.org\/cordoba\/wp-json\/wp\/v2\/media\/7705"}],"wp:attachment":[{"href":"https:\/\/ajeandalucia.org\/cordoba\/wp-json\/wp\/v2\/media?parent=7704"}],"wp:term":[{"taxonomy":"category","embeddable":true,"href":"https:\/\/ajeandalucia.org\/cordoba\/wp-json\/wp\/v2\/categories?post=7704"},{"taxonomy":"post_tag","embeddable":true,"href":"https:\/\/ajeandalucia.org\/cordoba\/wp-json\/wp\/v2\/tags?post=7704"}],"curies":[{"name":"wp","href":"https:\/\/api.w.org\/{rel}","templated":true}]}}