{"id":7781,"date":"2023-11-28T13:30:10","date_gmt":"2023-11-28T13:30:10","guid":{"rendered":"https:\/\/www.ajeandalucia.org\/cordoba\/?p=7781"},"modified":"2023-11-28T13:30:10","modified_gmt":"2023-11-28T13:30:10","slug":"spgroup-running-series-aje-cordoba-2023","status":"publish","type":"post","link":"https:\/\/ajeandalucia.org\/cordoba\/2023\/11\/28\/spgroup-running-series-aje-cordoba-2023\/","title":{"rendered":"SPGroup Running Series AJE C\u00f3rdoba 2023"},"content":{"rendered":"<p>El Parque Miraflores acoge este domingo la SPGroup Running Series AJE C\u00f3rdoba 2023<\/p>\n<p>Las instalaciones del IMDECO han acogido hoy la presentaci\u00f3n de la carrera SPGroup RunningSeries AJE C\u00f3rdoba 2023, que tendr\u00e1 lugar el pr\u00f3ximo domingo (3 de diciembre) en el Parque de Miraflores de C\u00f3rdoba. Al acto acudieron Gema Castell (Vicepresidenta de TDAH C\u00f3rdoba), Daniel Rodr\u00edguez (Director de RunningSeries), Rafaela Torres (Presidenta de TDAH C\u00f3rdoba), Antonio Mart\u00edn (Diputado de deportes), F\u00e9lix Almagro (Presidente de AJE C\u00f3rdoba), Mari\u00e1n Aguilar (Presidenta del IMDECO), Mar\u00eda Eugenia Gonz\u00e1lez (Representante SPGroup) y Francisco Gil (Vicepresidente de AJE C\u00f3rdoba).<br \/>\nEsta nueva edici\u00f3n de la carrera constar\u00e1 de una prueba de 5K y 10K y la participaci\u00f3n puede ser individual, por parejas o por equipos de cuatro, y, adem\u00e1s de forma libre o por empresas. Para los menores habr\u00e1 pruebas no competitivas, as\u00ed como hinchables para uso recreativo. Por \u00faltimo, una prueba familiar no competitiva en la que poder participar juntos adultos y ni\u00f1os.<br \/>\nLa recaudaci\u00f3n de las inscripciones de menores y familiar ir\u00e1n a favor de la asociaci\u00f3n TDAH C\u00f3rdoba.<br \/>\nLas inscripciones e informaci\u00f3n se encuentran tanto en la web <a href=\"https:\/\/runningseries.es\/\">runningseries.es<\/a> como en el perfil runningseries de Facebook e Instagram.<\/p>\n","protected":false},"excerpt":{"rendered":"<p>El Parque Miraflores acoge este domingo la SPGroup Running Series AJE C\u00f3rdoba 2023 Las instalaciones del IMDECO han acogido hoy [&hellip;]<\/p>\n","protected":false},"author":5,"featured_media":7782,"comment_status":"open","ping_status":"open","sticky":false,"template":"","format":"standard","meta":{"_acf_changed":false,"site-sidebar-layout":"default","site-content-layout":"","ast-site-content-layout":"default","site-content-style":"default","site-sidebar-style":"default","ast-global-header-display":"","ast-banner-title-visibility":"","ast-main-header-display":"","ast-hfb-above-header-display":"","ast-hfb-below-header-display":"","ast-hfb-mobile-header-display":"","site-post-title":"","ast-breadcrumbs-content":"","ast-featured-img":"","footer-sml-layout":"","ast-disable-related-posts":"","theme-transparent-header-meta":"","adv-header-id-meta":"","stick-header-meta":"","header-above-stick-meta":"","header-main-stick-meta":"","header-below-stick-meta":"","astra-migrate-meta-layouts":"default","ast-page-background-enabled":"default","ast-page-background-meta":{"desktop":{"background-color":"var(--ast-global-color-5)","background-image":"","background-repeat":"repeat","background-position":"center center","background-size":"auto","background-attachment":"scroll","background-type":"","background-media":"","overlay-type":"","overlay-color":"","overlay-opacity":"","overlay-gradient":""},"tablet":{"background-color":"","background-image":"","background-repeat":"repeat","background-position":"center center","background-size":"auto","background-attachment":"scroll","background-type":"","background-media":"","overlay-type":"","overlay-color":"","overlay-opacity":"","overlay-gradient":""},"mobile":{"background-color":"","background-image":"","background-repeat":"repeat","background-position":"center center","background-size":"auto","background-attachment":"scroll","background-type":"","background-media":"","overlay-type":"","overlay-color":"","overlay-opacity":"","overlay-gradient":""}},"ast-content-background-meta":{"desktop":{"background-color":"var(--ast-global-color-4)","background-image":"","background-repeat":"repeat","background-position":"center center","background-size":"auto","background-attachment":"scroll","background-type":"","background-media":"","overlay-type":"","overlay-color":"","overlay-opacity":"","overlay-gradient":""},"tablet":{"background-color":"var(--ast-global-color-4)","background-image":"","background-repeat":"repeat","background-position":"center center","background-size":"auto","background-attachment":"scroll","background-type":"","background-media":"","overlay-type":"","overlay-color":"","overlay-opacity":"","overlay-gradient":""},"mobile":{"background-color":"var(--ast-global-color-4)","background-image":"","background-repeat":"repeat","background-position":"center center","background-size":"auto","background-attachment":"scroll","background-type":"","background-media":"","overlay-type":"","overlay-color":"","overlay-opacity":"","overlay-gradient":""}},"footnotes":""},"categories":[8],"tags":[],"class_list":["post-7781","post","type-post","status-publish","format-standard","has-post-thumbnail","hentry","category-noticias"],"acf":[],"yoast_head":"<!-- This site is optimized with the Yoast SEO plugin v26.9 - https:\/\/yoast.com\/product\/yoast-seo-wordpress\/ -->\n<title>SPGroup Running Series AJE C\u00f3rdoba 2023 - AJE C\u00f3rdoba<\/title>\n<meta name=\"robots\" content=\"index, follow, max-snippet:-1, max-image-preview:large, max-video-preview:-1\" \/>\n<link rel=\"canonical\" href=\"https:\/\/ajeandalucia.org\/cordoba\/2023\/11\/28\/spgroup-running-series-aje-cordoba-2023\/\" \/>\n<meta property=\"og:locale\" content=\"es_ES\" \/>\n<meta property=\"og:type\" content=\"article\" \/>\n<meta property=\"og:title\" content=\"SPGroup Running Series AJE C\u00f3rdoba 2023 - AJE C\u00f3rdoba\" \/>\n<meta property=\"og:description\" content=\"El Parque Miraflores acoge este domingo la SPGroup Running Series AJE C\u00f3rdoba 2023 Las instalaciones del IMDECO han acogido hoy [&hellip;]\" \/>\n<meta property=\"og:url\" content=\"https:\/\/ajeandalucia.org\/cordoba\/2023\/11\/28\/spgroup-running-series-aje-cordoba-2023\/\" \/>\n<meta property=\"og:site_name\" content=\"AJE C\u00f3rdoba\" \/>\n<meta property=\"article:published_time\" content=\"2023-11-28T13:30:10+00:00\" \/>\n<meta property=\"og:image\" content=\"https:\/\/ajeandalucia.org\/cordoba\/wp-content\/uploads\/sites\/6\/2023\/11\/WhatsApp-Image-2023-11-28-at-10.21.35.jpeg\" \/>\n\t<meta property=\"og:image:width\" content=\"1600\" \/>\n\t<meta property=\"og:image:height\" content=\"1131\" \/>\n\t<meta property=\"og:image:type\" content=\"image\/jpeg\" \/>\n<meta name=\"author\" content=\"cordoba\" \/>\n<meta name=\"twitter:card\" content=\"summary_large_image\" \/>\n<meta name=\"twitter:label1\" content=\"Escrito por\" \/>\n\t<meta name=\"twitter:data1\" content=\"cordoba\" \/>\n\t<meta name=\"twitter:label2\" content=\"Tiempo de lectura\" \/>\n\t<meta name=\"twitter:data2\" content=\"1 minuto\" \/>\n<script type=\"application\/ld+json\" class=\"yoast-schema-graph\">{\"@context\":\"https:\/\/schema.org\",\"@graph\":[{\"@type\":\"Article\",\"@id\":\"https:\/\/ajeandalucia.org\/cordoba\/2023\/11\/28\/spgroup-running-series-aje-cordoba-2023\/#article\",\"isPartOf\":{\"@id\":\"https:\/\/ajeandalucia.org\/cordoba\/2023\/11\/28\/spgroup-running-series-aje-cordoba-2023\/\"},\"author\":{\"name\":\"cordoba\",\"@id\":\"https:\/\/ajeandalucia.org\/cordoba\/#\/schema\/person\/1d19f90c44baad3b3701f8af33c2f520\"},\"headline\":\"SPGroup Running Series AJE C\u00f3rdoba 2023\",\"datePublished\":\"2023-11-28T13:30:10+00:00\",\"mainEntityOfPage\":{\"@id\":\"https:\/\/ajeandalucia.org\/cordoba\/2023\/11\/28\/spgroup-running-series-aje-cordoba-2023\/\"},\"wordCount\":223,\"commentCount\":0,\"publisher\":{\"@id\":\"https:\/\/ajeandalucia.org\/cordoba\/#organization\"},\"image\":{\"@id\":\"https:\/\/ajeandalucia.org\/cordoba\/2023\/11\/28\/spgroup-running-series-aje-cordoba-2023\/#primaryimage\"},\"thumbnailUrl\":\"https:\/\/ajeandalucia.org\/cordoba\/wp-content\/uploads\/sites\/6\/2023\/11\/WhatsApp-Image-2023-11-28-at-10.21.35.jpeg\",\"articleSection\":[\"Noticias\"],\"inLanguage\":\"es\",\"potentialAction\":[{\"@type\":\"CommentAction\",\"name\":\"Comment\",\"target\":[\"https:\/\/ajeandalucia.org\/cordoba\/2023\/11\/28\/spgroup-running-series-aje-cordoba-2023\/#respond\"]}]},{\"@type\":\"WebPage\",\"@id\":\"https:\/\/ajeandalucia.org\/cordoba\/2023\/11\/28\/spgroup-running-series-aje-cordoba-2023\/\",\"url\":\"https:\/\/ajeandalucia.org\/cordoba\/2023\/11\/28\/spgroup-running-series-aje-cordoba-2023\/\",\"name\":\"SPGroup Running Series AJE C\u00f3rdoba 2023 - AJE C\u00f3rdoba\",\"isPartOf\":{\"@id\":\"https:\/\/ajeandalucia.org\/cordoba\/#website\"},\"primaryImageOfPage\":{\"@id\":\"https:\/\/ajeandalucia.org\/cordoba\/2023\/11\/28\/spgroup-running-series-aje-cordoba-2023\/#primaryimage\"},\"image\":{\"@id\":\"https:\/\/ajeandalucia.org\/cordoba\/2023\/11\/28\/spgroup-running-series-aje-cordoba-2023\/#primaryimage\"},\"thumbnailUrl\":\"https:\/\/ajeandalucia.org\/cordoba\/wp-content\/uploads\/sites\/6\/2023\/11\/WhatsApp-Image-2023-11-28-at-10.21.35.jpeg\",\"datePublished\":\"2023-11-28T13:30:10+00:00\",\"breadcrumb\":{\"@id\":\"https:\/\/ajeandalucia.org\/cordoba\/2023\/11\/28\/spgroup-running-series-aje-cordoba-2023\/#breadcrumb\"},\"inLanguage\":\"es\",\"potentialAction\":[{\"@type\":\"ReadAction\",\"target\":[\"https:\/\/ajeandalucia.org\/cordoba\/2023\/11\/28\/spgroup-running-series-aje-cordoba-2023\/\"]}]},{\"@type\":\"ImageObject\",\"inLanguage\":\"es\",\"@id\":\"https:\/\/ajeandalucia.org\/cordoba\/2023\/11\/28\/spgroup-running-series-aje-cordoba-2023\/#primaryimage\",\"url\":\"https:\/\/ajeandalucia.org\/cordoba\/wp-content\/uploads\/sites\/6\/2023\/11\/WhatsApp-Image-2023-11-28-at-10.21.35.jpeg\",\"contentUrl\":\"https:\/\/ajeandalucia.org\/cordoba\/wp-content\/uploads\/sites\/6\/2023\/11\/WhatsApp-Image-2023-11-28-at-10.21.35.jpeg\",\"width\":1600,\"height\":1131},{\"@type\":\"BreadcrumbList\",\"@id\":\"https:\/\/ajeandalucia.org\/cordoba\/2023\/11\/28\/spgroup-running-series-aje-cordoba-2023\/#breadcrumb\",\"itemListElement\":[{\"@type\":\"ListItem\",\"position\":1,\"name\":\"Portada\",\"item\":\"https:\/\/ajeandalucia.org\/cordoba\/\"},{\"@type\":\"ListItem\",\"position\":2,\"name\":\"SPGroup Running Series AJE C\u00f3rdoba 2023\"}]},{\"@type\":\"WebSite\",\"@id\":\"https:\/\/ajeandalucia.org\/cordoba\/#website\",\"url\":\"https:\/\/ajeandalucia.org\/cordoba\/\",\"name\":\"AJE C\u00f3rdoba\",\"description\":\"Otro sitio m\u00e1s de AJE Andaluc\u00eda\",\"publisher\":{\"@id\":\"https:\/\/ajeandalucia.org\/cordoba\/#organization\"},\"potentialAction\":[{\"@type\":\"SearchAction\",\"target\":{\"@type\":\"EntryPoint\",\"urlTemplate\":\"https:\/\/ajeandalucia.org\/cordoba\/?s={search_term_string}\"},\"query-input\":{\"@type\":\"PropertyValueSpecification\",\"valueRequired\":true,\"valueName\":\"search_term_string\"}}],\"inLanguage\":\"es\"},{\"@type\":\"Organization\",\"@id\":\"https:\/\/ajeandalucia.org\/cordoba\/#organization\",\"name\":\"AJE C\u00f3rdoba\",\"url\":\"https:\/\/ajeandalucia.org\/cordoba\/\",\"logo\":{\"@type\":\"ImageObject\",\"inLanguage\":\"es\",\"@id\":\"https:\/\/ajeandalucia.org\/cordoba\/#\/schema\/logo\/image\/\",\"url\":\"https:\/\/ajeandalucia.org\/cordoba\/wp-content\/uploads\/sites\/6\/2025\/01\/AJE-CORDOBA-horizontal.png\",\"contentUrl\":\"https:\/\/ajeandalucia.org\/cordoba\/wp-content\/uploads\/sites\/6\/2025\/01\/AJE-CORDOBA-horizontal.png\",\"width\":605,\"height\":200,\"caption\":\"AJE C\u00f3rdoba\"},\"image\":{\"@id\":\"https:\/\/ajeandalucia.org\/cordoba\/#\/schema\/logo\/image\/\"}},{\"@type\":\"Person\",\"@id\":\"https:\/\/ajeandalucia.org\/cordoba\/#\/schema\/person\/1d19f90c44baad3b3701f8af33c2f520\",\"name\":\"cordoba\",\"image\":{\"@type\":\"ImageObject\",\"inLanguage\":\"es\",\"@id\":\"https:\/\/ajeandalucia.org\/cordoba\/#\/schema\/person\/image\/\",\"url\":\"https:\/\/secure.gravatar.com\/avatar\/46102d83da7c40efca6d3413931ddaf8470cef93888429af7689de210b9bb6fe?s=96&d=mm&r=g\",\"contentUrl\":\"https:\/\/secure.gravatar.com\/avatar\/46102d83da7c40efca6d3413931ddaf8470cef93888429af7689de210b9bb6fe?s=96&d=mm&r=g\",\"caption\":\"cordoba\"},\"url\":\"https:\/\/ajeandalucia.org\/cordoba\/author\/cordoba\/\"}]}<\/script>\n<!-- \/ Yoast SEO plugin. -->","yoast_head_json":{"title":"SPGroup Running Series AJE C\u00f3rdoba 2023 - AJE C\u00f3rdoba","robots":{"index":"index","follow":"follow","max-snippet":"max-snippet:-1","max-image-preview":"max-image-preview:large","max-video-preview":"max-video-preview:-1"},"canonical":"https:\/\/ajeandalucia.org\/cordoba\/2023\/11\/28\/spgroup-running-series-aje-cordoba-2023\/","og_locale":"es_ES","og_type":"article","og_title":"SPGroup Running Series AJE C\u00f3rdoba 2023 - AJE C\u00f3rdoba","og_description":"El Parque Miraflores acoge este domingo la SPGroup Running Series AJE C\u00f3rdoba 2023 Las instalaciones del IMDECO han acogido hoy [&hellip;]","og_url":"https:\/\/ajeandalucia.org\/cordoba\/2023\/11\/28\/spgroup-running-series-aje-cordoba-2023\/","og_site_name":"AJE C\u00f3rdoba","article_published_time":"2023-11-28T13:30:10+00:00","og_image":[{"width":1600,"height":1131,"url":"https:\/\/ajeandalucia.org\/cordoba\/wp-content\/uploads\/sites\/6\/2023\/11\/WhatsApp-Image-2023-11-28-at-10.21.35.jpeg","type":"image\/jpeg"}],"author":"cordoba","twitter_card":"summary_large_image","twitter_misc":{"Escrito por":"cordoba","Tiempo de lectura":"1 minuto"},"schema":{"@context":"https:\/\/schema.org","@graph":[{"@type":"Article","@id":"https:\/\/ajeandalucia.org\/cordoba\/2023\/11\/28\/spgroup-running-series-aje-cordoba-2023\/#article","isPartOf":{"@id":"https:\/\/ajeandalucia.org\/cordoba\/2023\/11\/28\/spgroup-running-series-aje-cordoba-2023\/"},"author":{"name":"cordoba","@id":"https:\/\/ajeandalucia.org\/cordoba\/#\/schema\/person\/1d19f90c44baad3b3701f8af33c2f520"},"headline":"SPGroup Running Series AJE C\u00f3rdoba 2023","datePublished":"2023-11-28T13:30:10+00:00","mainEntityOfPage":{"@id":"https:\/\/ajeandalucia.org\/cordoba\/2023\/11\/28\/spgroup-running-series-aje-cordoba-2023\/"},"wordCount":223,"commentCount":0,"publisher":{"@id":"https:\/\/ajeandalucia.org\/cordoba\/#organization"},"image":{"@id":"https:\/\/ajeandalucia.org\/cordoba\/2023\/11\/28\/spgroup-running-series-aje-cordoba-2023\/#primaryimage"},"thumbnailUrl":"https:\/\/ajeandalucia.org\/cordoba\/wp-content\/uploads\/sites\/6\/2023\/11\/WhatsApp-Image-2023-11-28-at-10.21.35.jpeg","articleSection":["Noticias"],"inLanguage":"es","potentialAction":[{"@type":"CommentAction","name":"Comment","target":["https:\/\/ajeandalucia.org\/cordoba\/2023\/11\/28\/spgroup-running-series-aje-cordoba-2023\/#respond"]}]},{"@type":"WebPage","@id":"https:\/\/ajeandalucia.org\/cordoba\/2023\/11\/28\/spgroup-running-series-aje-cordoba-2023\/","url":"https:\/\/ajeandalucia.org\/cordoba\/2023\/11\/28\/spgroup-running-series-aje-cordoba-2023\/","name":"SPGroup Running Series AJE C\u00f3rdoba 2023 - AJE C\u00f3rdoba","isPartOf":{"@id":"https:\/\/ajeandalucia.org\/cordoba\/#website"},"primaryImageOfPage":{"@id":"https:\/\/ajeandalucia.org\/cordoba\/2023\/11\/28\/spgroup-running-series-aje-cordoba-2023\/#primaryimage"},"image":{"@id":"https:\/\/ajeandalucia.org\/cordoba\/2023\/11\/28\/spgroup-running-series-aje-cordoba-2023\/#primaryimage"},"thumbnailUrl":"https:\/\/ajeandalucia.org\/cordoba\/wp-content\/uploads\/sites\/6\/2023\/11\/WhatsApp-Image-2023-11-28-at-10.21.35.jpeg","datePublished":"2023-11-28T13:30:10+00:00","breadcrumb":{"@id":"https:\/\/ajeandalucia.org\/cordoba\/2023\/11\/28\/spgroup-running-series-aje-cordoba-2023\/#breadcrumb"},"inLanguage":"es","potentialAction":[{"@type":"ReadAction","target":["https:\/\/ajeandalucia.org\/cordoba\/2023\/11\/28\/spgroup-running-series-aje-cordoba-2023\/"]}]},{"@type":"ImageObject","inLanguage":"es","@id":"https:\/\/ajeandalucia.org\/cordoba\/2023\/11\/28\/spgroup-running-series-aje-cordoba-2023\/#primaryimage","url":"https:\/\/ajeandalucia.org\/cordoba\/wp-content\/uploads\/sites\/6\/2023\/11\/WhatsApp-Image-2023-11-28-at-10.21.35.jpeg","contentUrl":"https:\/\/ajeandalucia.org\/cordoba\/wp-content\/uploads\/sites\/6\/2023\/11\/WhatsApp-Image-2023-11-28-at-10.21.35.jpeg","width":1600,"height":1131},{"@type":"BreadcrumbList","@id":"https:\/\/ajeandalucia.org\/cordoba\/2023\/11\/28\/spgroup-running-series-aje-cordoba-2023\/#breadcrumb","itemListElement":[{"@type":"ListItem","position":1,"name":"Portada","item":"https:\/\/ajeandalucia.org\/cordoba\/"},{"@type":"ListItem","position":2,"name":"SPGroup Running Series AJE C\u00f3rdoba 2023"}]},{"@type":"WebSite","@id":"https:\/\/ajeandalucia.org\/cordoba\/#website","url":"https:\/\/ajeandalucia.org\/cordoba\/","name":"AJE C\u00f3rdoba","description":"Otro sitio m\u00e1s de AJE Andaluc\u00eda","publisher":{"@id":"https:\/\/ajeandalucia.org\/cordoba\/#organization"},"potentialAction":[{"@type":"SearchAction","target":{"@type":"EntryPoint","urlTemplate":"https:\/\/ajeandalucia.org\/cordoba\/?s={search_term_string}"},"query-input":{"@type":"PropertyValueSpecification","valueRequired":true,"valueName":"search_term_string"}}],"inLanguage":"es"},{"@type":"Organization","@id":"https:\/\/ajeandalucia.org\/cordoba\/#organization","name":"AJE C\u00f3rdoba","url":"https:\/\/ajeandalucia.org\/cordoba\/","logo":{"@type":"ImageObject","inLanguage":"es","@id":"https:\/\/ajeandalucia.org\/cordoba\/#\/schema\/logo\/image\/","url":"https:\/\/ajeandalucia.org\/cordoba\/wp-content\/uploads\/sites\/6\/2025\/01\/AJE-CORDOBA-horizontal.png","contentUrl":"https:\/\/ajeandalucia.org\/cordoba\/wp-content\/uploads\/sites\/6\/2025\/01\/AJE-CORDOBA-horizontal.png","width":605,"height":200,"caption":"AJE C\u00f3rdoba"},"image":{"@id":"https:\/\/ajeandalucia.org\/cordoba\/#\/schema\/logo\/image\/"}},{"@type":"Person","@id":"https:\/\/ajeandalucia.org\/cordoba\/#\/schema\/person\/1d19f90c44baad3b3701f8af33c2f520","name":"cordoba","image":{"@type":"ImageObject","inLanguage":"es","@id":"https:\/\/ajeandalucia.org\/cordoba\/#\/schema\/person\/image\/","url":"https:\/\/secure.gravatar.com\/avatar\/46102d83da7c40efca6d3413931ddaf8470cef93888429af7689de210b9bb6fe?s=96&d=mm&r=g","contentUrl":"https:\/\/secure.gravatar.com\/avatar\/46102d83da7c40efca6d3413931ddaf8470cef93888429af7689de210b9bb6fe?s=96&d=mm&r=g","caption":"cordoba"},"url":"https:\/\/ajeandalucia.org\/cordoba\/author\/cordoba\/"}]}},"_links":{"self":[{"href":"https:\/\/ajeandalucia.org\/cordoba\/wp-json\/wp\/v2\/posts\/7781","targetHints":{"allow":["GET"]}}],"collection":[{"href":"https:\/\/ajeandalucia.org\/cordoba\/wp-json\/wp\/v2\/posts"}],"about":[{"href":"https:\/\/ajeandalucia.org\/cordoba\/wp-json\/wp\/v2\/types\/post"}],"author":[{"embeddable":true,"href":"https:\/\/ajeandalucia.org\/cordoba\/wp-json\/wp\/v2\/users\/5"}],"replies":[{"embeddable":true,"href":"https:\/\/ajeandalucia.org\/cordoba\/wp-json\/wp\/v2\/comments?post=7781"}],"version-history":[{"count":1,"href":"https:\/\/ajeandalucia.org\/cordoba\/wp-json\/wp\/v2\/posts\/7781\/revisions"}],"predecessor-version":[{"id":7783,"href":"https:\/\/ajeandalucia.org\/cordoba\/wp-json\/wp\/v2\/posts\/7781\/revisions\/7783"}],"wp:featuredmedia":[{"embeddable":true,"href":"https:\/\/ajeandalucia.org\/cordoba\/wp-json\/wp\/v2\/media\/7782"}],"wp:attachment":[{"href":"https:\/\/ajeandalucia.org\/cordoba\/wp-json\/wp\/v2\/media?parent=7781"}],"wp:term":[{"taxonomy":"category","embeddable":true,"href":"https:\/\/ajeandalucia.org\/cordoba\/wp-json\/wp\/v2\/categories?post=7781"},{"taxonomy":"post_tag","embeddable":true,"href":"https:\/\/ajeandalucia.org\/cordoba\/wp-json\/wp\/v2\/tags?post=7781"}],"curies":[{"name":"wp","href":"https:\/\/api.w.org\/{rel}","templated":true}]}}