{"id":7857,"date":"2023-06-16T08:22:12","date_gmt":"2023-06-16T08:22:12","guid":{"rendered":"https:\/\/www.ajeandalucia.org\/cordoba\/?p=7857"},"modified":"2024-01-09T14:00:33","modified_gmt":"2024-01-09T14:00:33","slug":"un-equipo-de-alumnos-de-castro-del-rio-se-impone-en-el-ii-concurso-de-ideas-emprendedora-de-aje-cordoba-y-financiado-por-la-diputacion-de-cordoba","status":"publish","type":"post","link":"https:\/\/ajeandalucia.org\/cordoba\/2023\/06\/16\/un-equipo-de-alumnos-de-castro-del-rio-se-impone-en-el-ii-concurso-de-ideas-emprendedora-de-aje-cordoba-y-financiado-por-la-diputacion-de-cordoba\/","title":{"rendered":"Un equipo de alumnos de Castro del Rio se impone en el III Concurso de Ideas Emprendedora de AJE C\u00f3rdoba Y Financiado por la Diputacion de C\u00f3rdoba"},"content":{"rendered":"<p>Un equipo de alumnos de Castro del Rio se impone en el III Concurso de Ideas Emprendedora de AJE C\u00f3rdoba Y Financiado por la Diputacion de C\u00f3rdoba<br \/>\n&#8211; Las estudiantes Cristina, Patricia, Sara, Maria y Valeria presentan el proyecto AROMA EXTRA, la iniciativa ganadora en un certamen en el que han participado m\u00e1s de 300 alumnos de la provincia<\/p>\n<p>C\u00f3rdoba. Un equipo de alumnos de Bachillerato del instituto IES Ategua, de Castro del Rio (C\u00f3rdoba), se ha impuesto en la tercera edici\u00f3n del Concurso de Ideas Emprendedoras, un certamen que forma parte del programa La Gran Aventura del Autoempleo que organiza la Asociaci\u00f3n de J\u00f3venes Empresarios (AJE) C\u00f3rdoba con la financiaci\u00f3n de la Diputaci\u00f3n de C\u00f3rdoba. Las estudiantes de este centro educativo \u2013 Cristina, Patricia, Sara, Maria y Valeria han vencido en la fase final en la que participaban un total de 9 proyectos cordobeses despu\u00e9s de un proceso en el que han participado m\u00e1s de 300 alumnos de diferentes localidades de la provincia.<br \/>\nEl trabajo ganador ha sido Aroma Extra, una empresa centrada en distribuir el aceite de olivo ecol\u00f3gico de su localidad. Aroma Extra se encara de dar a conocer el aceite ecol\u00f3gico a las personas, compradores, etc. El prop\u00f3sito de esta empresa es vender los productos de las cooperativas para asi poder ampliar nuestras empresas de manera reciproca entre la cooperativa y su empresa.<br \/>\nA juicio del jurado, compuesto por el comit\u00e9 de AJE C\u00f3rdoba, ha sido la iniciativa m\u00e1s completa. Este concurso sirve adem\u00e1s de colof\u00f3n al citado programa de La Gran Aventura del Autoempleo.<br \/>\nEl vicepresidente de AJE C\u00f3rdoba, Francisco Gil ha se\u00f1alado que \u201ces fundamental la actividad porque levantamos el esp\u00edritu emprendedor entre los j\u00f3venes\u201d. Asimismo, ha indicado que \u201cnos alegra mucho que en los institutos p\u00fablicos haya una asignatura que sea la de creaci\u00f3n de empresas porque es la \u00fanica manera de sensibilizar a los j\u00f3venes con la empresa\u201d. Ha destacado, por \u00faltimo, que con esta actividad \u201cprovocamos que la gente decida emprender\u201d, al tiempo que ha agradecido el apoyo de la Diputaci\u00f3n, \u201cque se alinea mucho en esta postura del autoempleo\u201d.<\/p>\n","protected":false},"excerpt":{"rendered":"<p>Un equipo de alumnos de Castro del Rio se impone en el III Concurso de Ideas Emprendedora de AJE C\u00f3rdoba [&hellip;]<\/p>\n","protected":false},"author":5,"featured_media":7858,"comment_status":"open","ping_status":"open","sticky":false,"template":"","format":"standard","meta":{"_acf_changed":false,"site-sidebar-layout":"default","site-content-layout":"","ast-site-content-layout":"default","site-content-style":"default","site-sidebar-style":"default","ast-global-header-display":"","ast-banner-title-visibility":"","ast-main-header-display":"","ast-hfb-above-header-display":"","ast-hfb-below-header-display":"","ast-hfb-mobile-header-display":"","site-post-title":"","ast-breadcrumbs-content":"","ast-featured-img":"","footer-sml-layout":"","ast-disable-related-posts":"","theme-transparent-header-meta":"","adv-header-id-meta":"","stick-header-meta":"","header-above-stick-meta":"","header-main-stick-meta":"","header-below-stick-meta":"","astra-migrate-meta-layouts":"default","ast-page-background-enabled":"default","ast-page-background-meta":{"desktop":{"background-color":"var(--ast-global-color-5)","background-image":"","background-repeat":"repeat","background-position":"center center","background-size":"auto","background-attachment":"scroll","background-type":"","background-media":"","overlay-type":"","overlay-color":"","overlay-opacity":"","overlay-gradient":""},"tablet":{"background-color":"","background-image":"","background-repeat":"repeat","background-position":"center center","background-size":"auto","background-attachment":"scroll","background-type":"","background-media":"","overlay-type":"","overlay-color":"","overlay-opacity":"","overlay-gradient":""},"mobile":{"background-color":"","background-image":"","background-repeat":"repeat","background-position":"center center","background-size":"auto","background-attachment":"scroll","background-type":"","background-media":"","overlay-type":"","overlay-color":"","overlay-opacity":"","overlay-gradient":""}},"ast-content-background-meta":{"desktop":{"background-color":"var(--ast-global-color-4)","background-image":"","background-repeat":"repeat","background-position":"center center","background-size":"auto","background-attachment":"scroll","background-type":"","background-media":"","overlay-type":"","overlay-color":"","overlay-opacity":"","overlay-gradient":""},"tablet":{"background-color":"var(--ast-global-color-4)","background-image":"","background-repeat":"repeat","background-position":"center center","background-size":"auto","background-attachment":"scroll","background-type":"","background-media":"","overlay-type":"","overlay-color":"","overlay-opacity":"","overlay-gradient":""},"mobile":{"background-color":"var(--ast-global-color-4)","background-image":"","background-repeat":"repeat","background-position":"center center","background-size":"auto","background-attachment":"scroll","background-type":"","background-media":"","overlay-type":"","overlay-color":"","overlay-opacity":"","overlay-gradient":""}},"footnotes":""},"categories":[8],"tags":[],"class_list":["post-7857","post","type-post","status-publish","format-standard","has-post-thumbnail","hentry","category-noticias"],"acf":[],"yoast_head":"<!-- This site is optimized with the Yoast SEO plugin v26.9 - https:\/\/yoast.com\/product\/yoast-seo-wordpress\/ -->\n<title>Un equipo de alumnos de Castro del Rio se impone en el III Concurso de Ideas Emprendedora de AJE C\u00f3rdoba Y Financiado por la Diputacion de C\u00f3rdoba - AJE C\u00f3rdoba<\/title>\n<meta name=\"robots\" content=\"index, follow, max-snippet:-1, max-image-preview:large, max-video-preview:-1\" \/>\n<link rel=\"canonical\" href=\"https:\/\/ajeandalucia.org\/cordoba\/2023\/06\/16\/un-equipo-de-alumnos-de-castro-del-rio-se-impone-en-el-ii-concurso-de-ideas-emprendedora-de-aje-cordoba-y-financiado-por-la-diputacion-de-cordoba\/\" \/>\n<meta property=\"og:locale\" content=\"es_ES\" \/>\n<meta property=\"og:type\" content=\"article\" \/>\n<meta property=\"og:title\" content=\"Un equipo de alumnos de Castro del Rio se impone en el III Concurso de Ideas Emprendedora de AJE C\u00f3rdoba Y Financiado por la Diputacion de C\u00f3rdoba - AJE C\u00f3rdoba\" \/>\n<meta property=\"og:description\" content=\"Un equipo de alumnos de Castro del Rio se impone en el III Concurso de Ideas Emprendedora de AJE C\u00f3rdoba [&hellip;]\" \/>\n<meta property=\"og:url\" content=\"https:\/\/ajeandalucia.org\/cordoba\/2023\/06\/16\/un-equipo-de-alumnos-de-castro-del-rio-se-impone-en-el-ii-concurso-de-ideas-emprendedora-de-aje-cordoba-y-financiado-por-la-diputacion-de-cordoba\/\" \/>\n<meta property=\"og:site_name\" content=\"AJE C\u00f3rdoba\" \/>\n<meta property=\"article:published_time\" content=\"2023-06-16T08:22:12+00:00\" \/>\n<meta property=\"article:modified_time\" content=\"2024-01-09T14:00:33+00:00\" \/>\n<meta property=\"og:image\" content=\"https:\/\/ajeandalucia.org\/cordoba\/wp-content\/uploads\/sites\/6\/2024\/01\/Foto_100.jpg\" \/>\n\t<meta property=\"og:image:width\" content=\"1080\" \/>\n\t<meta property=\"og:image:height\" content=\"720\" \/>\n\t<meta property=\"og:image:type\" content=\"image\/jpeg\" \/>\n<meta name=\"author\" content=\"cordoba\" \/>\n<meta name=\"twitter:card\" content=\"summary_large_image\" \/>\n<meta name=\"twitter:label1\" content=\"Escrito por\" \/>\n\t<meta name=\"twitter:data1\" content=\"cordoba\" \/>\n\t<meta name=\"twitter:label2\" content=\"Tiempo de lectura\" \/>\n\t<meta name=\"twitter:data2\" content=\"2 minutos\" \/>\n<script type=\"application\/ld+json\" class=\"yoast-schema-graph\">{\"@context\":\"https:\/\/schema.org\",\"@graph\":[{\"@type\":\"Article\",\"@id\":\"https:\/\/ajeandalucia.org\/cordoba\/2023\/06\/16\/un-equipo-de-alumnos-de-castro-del-rio-se-impone-en-el-ii-concurso-de-ideas-emprendedora-de-aje-cordoba-y-financiado-por-la-diputacion-de-cordoba\/#article\",\"isPartOf\":{\"@id\":\"https:\/\/ajeandalucia.org\/cordoba\/2023\/06\/16\/un-equipo-de-alumnos-de-castro-del-rio-se-impone-en-el-ii-concurso-de-ideas-emprendedora-de-aje-cordoba-y-financiado-por-la-diputacion-de-cordoba\/\"},\"author\":{\"name\":\"cordoba\",\"@id\":\"https:\/\/ajeandalucia.org\/cordoba\/#\/schema\/person\/1d19f90c44baad3b3701f8af33c2f520\"},\"headline\":\"Un equipo de alumnos de Castro del Rio se impone en el III Concurso de Ideas Emprendedora de AJE C\u00f3rdoba Y Financiado por la Diputacion de C\u00f3rdoba\",\"datePublished\":\"2023-06-16T08:22:12+00:00\",\"dateModified\":\"2024-01-09T14:00:33+00:00\",\"mainEntityOfPage\":{\"@id\":\"https:\/\/ajeandalucia.org\/cordoba\/2023\/06\/16\/un-equipo-de-alumnos-de-castro-del-rio-se-impone-en-el-ii-concurso-de-ideas-emprendedora-de-aje-cordoba-y-financiado-por-la-diputacion-de-cordoba\/\"},\"wordCount\":403,\"commentCount\":0,\"publisher\":{\"@id\":\"https:\/\/ajeandalucia.org\/cordoba\/#organization\"},\"image\":{\"@id\":\"https:\/\/ajeandalucia.org\/cordoba\/2023\/06\/16\/un-equipo-de-alumnos-de-castro-del-rio-se-impone-en-el-ii-concurso-de-ideas-emprendedora-de-aje-cordoba-y-financiado-por-la-diputacion-de-cordoba\/#primaryimage\"},\"thumbnailUrl\":\"https:\/\/ajeandalucia.org\/cordoba\/wp-content\/uploads\/sites\/6\/2024\/01\/Foto_100.jpg\",\"articleSection\":[\"Noticias\"],\"inLanguage\":\"es\",\"potentialAction\":[{\"@type\":\"CommentAction\",\"name\":\"Comment\",\"target\":[\"https:\/\/ajeandalucia.org\/cordoba\/2023\/06\/16\/un-equipo-de-alumnos-de-castro-del-rio-se-impone-en-el-ii-concurso-de-ideas-emprendedora-de-aje-cordoba-y-financiado-por-la-diputacion-de-cordoba\/#respond\"]}]},{\"@type\":\"WebPage\",\"@id\":\"https:\/\/ajeandalucia.org\/cordoba\/2023\/06\/16\/un-equipo-de-alumnos-de-castro-del-rio-se-impone-en-el-ii-concurso-de-ideas-emprendedora-de-aje-cordoba-y-financiado-por-la-diputacion-de-cordoba\/\",\"url\":\"https:\/\/ajeandalucia.org\/cordoba\/2023\/06\/16\/un-equipo-de-alumnos-de-castro-del-rio-se-impone-en-el-ii-concurso-de-ideas-emprendedora-de-aje-cordoba-y-financiado-por-la-diputacion-de-cordoba\/\",\"name\":\"Un equipo de alumnos de Castro del Rio se impone en el III Concurso de Ideas Emprendedora de AJE C\u00f3rdoba Y Financiado por la Diputacion de C\u00f3rdoba - AJE C\u00f3rdoba\",\"isPartOf\":{\"@id\":\"https:\/\/ajeandalucia.org\/cordoba\/#website\"},\"primaryImageOfPage\":{\"@id\":\"https:\/\/ajeandalucia.org\/cordoba\/2023\/06\/16\/un-equipo-de-alumnos-de-castro-del-rio-se-impone-en-el-ii-concurso-de-ideas-emprendedora-de-aje-cordoba-y-financiado-por-la-diputacion-de-cordoba\/#primaryimage\"},\"image\":{\"@id\":\"https:\/\/ajeandalucia.org\/cordoba\/2023\/06\/16\/un-equipo-de-alumnos-de-castro-del-rio-se-impone-en-el-ii-concurso-de-ideas-emprendedora-de-aje-cordoba-y-financiado-por-la-diputacion-de-cordoba\/#primaryimage\"},\"thumbnailUrl\":\"https:\/\/ajeandalucia.org\/cordoba\/wp-content\/uploads\/sites\/6\/2024\/01\/Foto_100.jpg\",\"datePublished\":\"2023-06-16T08:22:12+00:00\",\"dateModified\":\"2024-01-09T14:00:33+00:00\",\"breadcrumb\":{\"@id\":\"https:\/\/ajeandalucia.org\/cordoba\/2023\/06\/16\/un-equipo-de-alumnos-de-castro-del-rio-se-impone-en-el-ii-concurso-de-ideas-emprendedora-de-aje-cordoba-y-financiado-por-la-diputacion-de-cordoba\/#breadcrumb\"},\"inLanguage\":\"es\",\"potentialAction\":[{\"@type\":\"ReadAction\",\"target\":[\"https:\/\/ajeandalucia.org\/cordoba\/2023\/06\/16\/un-equipo-de-alumnos-de-castro-del-rio-se-impone-en-el-ii-concurso-de-ideas-emprendedora-de-aje-cordoba-y-financiado-por-la-diputacion-de-cordoba\/\"]}]},{\"@type\":\"ImageObject\",\"inLanguage\":\"es\",\"@id\":\"https:\/\/ajeandalucia.org\/cordoba\/2023\/06\/16\/un-equipo-de-alumnos-de-castro-del-rio-se-impone-en-el-ii-concurso-de-ideas-emprendedora-de-aje-cordoba-y-financiado-por-la-diputacion-de-cordoba\/#primaryimage\",\"url\":\"https:\/\/ajeandalucia.org\/cordoba\/wp-content\/uploads\/sites\/6\/2024\/01\/Foto_100.jpg\",\"contentUrl\":\"https:\/\/ajeandalucia.org\/cordoba\/wp-content\/uploads\/sites\/6\/2024\/01\/Foto_100.jpg\",\"width\":1080,\"height\":720},{\"@type\":\"BreadcrumbList\",\"@id\":\"https:\/\/ajeandalucia.org\/cordoba\/2023\/06\/16\/un-equipo-de-alumnos-de-castro-del-rio-se-impone-en-el-ii-concurso-de-ideas-emprendedora-de-aje-cordoba-y-financiado-por-la-diputacion-de-cordoba\/#breadcrumb\",\"itemListElement\":[{\"@type\":\"ListItem\",\"position\":1,\"name\":\"Portada\",\"item\":\"https:\/\/ajeandalucia.org\/cordoba\/\"},{\"@type\":\"ListItem\",\"position\":2,\"name\":\"Un equipo de alumnos de Castro del Rio se impone en el III Concurso de Ideas Emprendedora de AJE C\u00f3rdoba Y Financiado por la Diputacion de C\u00f3rdoba\"}]},{\"@type\":\"WebSite\",\"@id\":\"https:\/\/ajeandalucia.org\/cordoba\/#website\",\"url\":\"https:\/\/ajeandalucia.org\/cordoba\/\",\"name\":\"AJE C\u00f3rdoba\",\"description\":\"Otro sitio m\u00e1s de AJE Andaluc\u00eda\",\"publisher\":{\"@id\":\"https:\/\/ajeandalucia.org\/cordoba\/#organization\"},\"potentialAction\":[{\"@type\":\"SearchAction\",\"target\":{\"@type\":\"EntryPoint\",\"urlTemplate\":\"https:\/\/ajeandalucia.org\/cordoba\/?s={search_term_string}\"},\"query-input\":{\"@type\":\"PropertyValueSpecification\",\"valueRequired\":true,\"valueName\":\"search_term_string\"}}],\"inLanguage\":\"es\"},{\"@type\":\"Organization\",\"@id\":\"https:\/\/ajeandalucia.org\/cordoba\/#organization\",\"name\":\"AJE C\u00f3rdoba\",\"url\":\"https:\/\/ajeandalucia.org\/cordoba\/\",\"logo\":{\"@type\":\"ImageObject\",\"inLanguage\":\"es\",\"@id\":\"https:\/\/ajeandalucia.org\/cordoba\/#\/schema\/logo\/image\/\",\"url\":\"https:\/\/ajeandalucia.org\/cordoba\/wp-content\/uploads\/sites\/6\/2025\/01\/AJE-CORDOBA-horizontal.png\",\"contentUrl\":\"https:\/\/ajeandalucia.org\/cordoba\/wp-content\/uploads\/sites\/6\/2025\/01\/AJE-CORDOBA-horizontal.png\",\"width\":605,\"height\":200,\"caption\":\"AJE C\u00f3rdoba\"},\"image\":{\"@id\":\"https:\/\/ajeandalucia.org\/cordoba\/#\/schema\/logo\/image\/\"}},{\"@type\":\"Person\",\"@id\":\"https:\/\/ajeandalucia.org\/cordoba\/#\/schema\/person\/1d19f90c44baad3b3701f8af33c2f520\",\"name\":\"cordoba\",\"image\":{\"@type\":\"ImageObject\",\"inLanguage\":\"es\",\"@id\":\"https:\/\/ajeandalucia.org\/cordoba\/#\/schema\/person\/image\/\",\"url\":\"https:\/\/secure.gravatar.com\/avatar\/46102d83da7c40efca6d3413931ddaf8470cef93888429af7689de210b9bb6fe?s=96&d=mm&r=g\",\"contentUrl\":\"https:\/\/secure.gravatar.com\/avatar\/46102d83da7c40efca6d3413931ddaf8470cef93888429af7689de210b9bb6fe?s=96&d=mm&r=g\",\"caption\":\"cordoba\"},\"url\":\"https:\/\/ajeandalucia.org\/cordoba\/author\/cordoba\/\"}]}<\/script>\n<!-- \/ Yoast SEO plugin. -->","yoast_head_json":{"title":"Un equipo de alumnos de Castro del Rio se impone en el III Concurso de Ideas Emprendedora de AJE C\u00f3rdoba Y Financiado por la Diputacion de C\u00f3rdoba - AJE C\u00f3rdoba","robots":{"index":"index","follow":"follow","max-snippet":"max-snippet:-1","max-image-preview":"max-image-preview:large","max-video-preview":"max-video-preview:-1"},"canonical":"https:\/\/ajeandalucia.org\/cordoba\/2023\/06\/16\/un-equipo-de-alumnos-de-castro-del-rio-se-impone-en-el-ii-concurso-de-ideas-emprendedora-de-aje-cordoba-y-financiado-por-la-diputacion-de-cordoba\/","og_locale":"es_ES","og_type":"article","og_title":"Un equipo de alumnos de Castro del Rio se impone en el III Concurso de Ideas Emprendedora de AJE C\u00f3rdoba Y Financiado por la Diputacion de C\u00f3rdoba - AJE C\u00f3rdoba","og_description":"Un equipo de alumnos de Castro del Rio se impone en el III Concurso de Ideas Emprendedora de AJE C\u00f3rdoba [&hellip;]","og_url":"https:\/\/ajeandalucia.org\/cordoba\/2023\/06\/16\/un-equipo-de-alumnos-de-castro-del-rio-se-impone-en-el-ii-concurso-de-ideas-emprendedora-de-aje-cordoba-y-financiado-por-la-diputacion-de-cordoba\/","og_site_name":"AJE C\u00f3rdoba","article_published_time":"2023-06-16T08:22:12+00:00","article_modified_time":"2024-01-09T14:00:33+00:00","og_image":[{"width":1080,"height":720,"url":"https:\/\/ajeandalucia.org\/cordoba\/wp-content\/uploads\/sites\/6\/2024\/01\/Foto_100.jpg","type":"image\/jpeg"}],"author":"cordoba","twitter_card":"summary_large_image","twitter_misc":{"Escrito por":"cordoba","Tiempo de lectura":"2 minutos"},"schema":{"@context":"https:\/\/schema.org","@graph":[{"@type":"Article","@id":"https:\/\/ajeandalucia.org\/cordoba\/2023\/06\/16\/un-equipo-de-alumnos-de-castro-del-rio-se-impone-en-el-ii-concurso-de-ideas-emprendedora-de-aje-cordoba-y-financiado-por-la-diputacion-de-cordoba\/#article","isPartOf":{"@id":"https:\/\/ajeandalucia.org\/cordoba\/2023\/06\/16\/un-equipo-de-alumnos-de-castro-del-rio-se-impone-en-el-ii-concurso-de-ideas-emprendedora-de-aje-cordoba-y-financiado-por-la-diputacion-de-cordoba\/"},"author":{"name":"cordoba","@id":"https:\/\/ajeandalucia.org\/cordoba\/#\/schema\/person\/1d19f90c44baad3b3701f8af33c2f520"},"headline":"Un equipo de alumnos de Castro del Rio se impone en el III Concurso de Ideas Emprendedora de AJE C\u00f3rdoba Y Financiado por la Diputacion de C\u00f3rdoba","datePublished":"2023-06-16T08:22:12+00:00","dateModified":"2024-01-09T14:00:33+00:00","mainEntityOfPage":{"@id":"https:\/\/ajeandalucia.org\/cordoba\/2023\/06\/16\/un-equipo-de-alumnos-de-castro-del-rio-se-impone-en-el-ii-concurso-de-ideas-emprendedora-de-aje-cordoba-y-financiado-por-la-diputacion-de-cordoba\/"},"wordCount":403,"commentCount":0,"publisher":{"@id":"https:\/\/ajeandalucia.org\/cordoba\/#organization"},"image":{"@id":"https:\/\/ajeandalucia.org\/cordoba\/2023\/06\/16\/un-equipo-de-alumnos-de-castro-del-rio-se-impone-en-el-ii-concurso-de-ideas-emprendedora-de-aje-cordoba-y-financiado-por-la-diputacion-de-cordoba\/#primaryimage"},"thumbnailUrl":"https:\/\/ajeandalucia.org\/cordoba\/wp-content\/uploads\/sites\/6\/2024\/01\/Foto_100.jpg","articleSection":["Noticias"],"inLanguage":"es","potentialAction":[{"@type":"CommentAction","name":"Comment","target":["https:\/\/ajeandalucia.org\/cordoba\/2023\/06\/16\/un-equipo-de-alumnos-de-castro-del-rio-se-impone-en-el-ii-concurso-de-ideas-emprendedora-de-aje-cordoba-y-financiado-por-la-diputacion-de-cordoba\/#respond"]}]},{"@type":"WebPage","@id":"https:\/\/ajeandalucia.org\/cordoba\/2023\/06\/16\/un-equipo-de-alumnos-de-castro-del-rio-se-impone-en-el-ii-concurso-de-ideas-emprendedora-de-aje-cordoba-y-financiado-por-la-diputacion-de-cordoba\/","url":"https:\/\/ajeandalucia.org\/cordoba\/2023\/06\/16\/un-equipo-de-alumnos-de-castro-del-rio-se-impone-en-el-ii-concurso-de-ideas-emprendedora-de-aje-cordoba-y-financiado-por-la-diputacion-de-cordoba\/","name":"Un equipo de alumnos de Castro del Rio se impone en el III Concurso de Ideas Emprendedora de AJE C\u00f3rdoba Y Financiado por la Diputacion de C\u00f3rdoba - AJE C\u00f3rdoba","isPartOf":{"@id":"https:\/\/ajeandalucia.org\/cordoba\/#website"},"primaryImageOfPage":{"@id":"https:\/\/ajeandalucia.org\/cordoba\/2023\/06\/16\/un-equipo-de-alumnos-de-castro-del-rio-se-impone-en-el-ii-concurso-de-ideas-emprendedora-de-aje-cordoba-y-financiado-por-la-diputacion-de-cordoba\/#primaryimage"},"image":{"@id":"https:\/\/ajeandalucia.org\/cordoba\/2023\/06\/16\/un-equipo-de-alumnos-de-castro-del-rio-se-impone-en-el-ii-concurso-de-ideas-emprendedora-de-aje-cordoba-y-financiado-por-la-diputacion-de-cordoba\/#primaryimage"},"thumbnailUrl":"https:\/\/ajeandalucia.org\/cordoba\/wp-content\/uploads\/sites\/6\/2024\/01\/Foto_100.jpg","datePublished":"2023-06-16T08:22:12+00:00","dateModified":"2024-01-09T14:00:33+00:00","breadcrumb":{"@id":"https:\/\/ajeandalucia.org\/cordoba\/2023\/06\/16\/un-equipo-de-alumnos-de-castro-del-rio-se-impone-en-el-ii-concurso-de-ideas-emprendedora-de-aje-cordoba-y-financiado-por-la-diputacion-de-cordoba\/#breadcrumb"},"inLanguage":"es","potentialAction":[{"@type":"ReadAction","target":["https:\/\/ajeandalucia.org\/cordoba\/2023\/06\/16\/un-equipo-de-alumnos-de-castro-del-rio-se-impone-en-el-ii-concurso-de-ideas-emprendedora-de-aje-cordoba-y-financiado-por-la-diputacion-de-cordoba\/"]}]},{"@type":"ImageObject","inLanguage":"es","@id":"https:\/\/ajeandalucia.org\/cordoba\/2023\/06\/16\/un-equipo-de-alumnos-de-castro-del-rio-se-impone-en-el-ii-concurso-de-ideas-emprendedora-de-aje-cordoba-y-financiado-por-la-diputacion-de-cordoba\/#primaryimage","url":"https:\/\/ajeandalucia.org\/cordoba\/wp-content\/uploads\/sites\/6\/2024\/01\/Foto_100.jpg","contentUrl":"https:\/\/ajeandalucia.org\/cordoba\/wp-content\/uploads\/sites\/6\/2024\/01\/Foto_100.jpg","width":1080,"height":720},{"@type":"BreadcrumbList","@id":"https:\/\/ajeandalucia.org\/cordoba\/2023\/06\/16\/un-equipo-de-alumnos-de-castro-del-rio-se-impone-en-el-ii-concurso-de-ideas-emprendedora-de-aje-cordoba-y-financiado-por-la-diputacion-de-cordoba\/#breadcrumb","itemListElement":[{"@type":"ListItem","position":1,"name":"Portada","item":"https:\/\/ajeandalucia.org\/cordoba\/"},{"@type":"ListItem","position":2,"name":"Un equipo de alumnos de Castro del Rio se impone en el III Concurso de Ideas Emprendedora de AJE C\u00f3rdoba Y Financiado por la Diputacion de C\u00f3rdoba"}]},{"@type":"WebSite","@id":"https:\/\/ajeandalucia.org\/cordoba\/#website","url":"https:\/\/ajeandalucia.org\/cordoba\/","name":"AJE C\u00f3rdoba","description":"Otro sitio m\u00e1s de AJE Andaluc\u00eda","publisher":{"@id":"https:\/\/ajeandalucia.org\/cordoba\/#organization"},"potentialAction":[{"@type":"SearchAction","target":{"@type":"EntryPoint","urlTemplate":"https:\/\/ajeandalucia.org\/cordoba\/?s={search_term_string}"},"query-input":{"@type":"PropertyValueSpecification","valueRequired":true,"valueName":"search_term_string"}}],"inLanguage":"es"},{"@type":"Organization","@id":"https:\/\/ajeandalucia.org\/cordoba\/#organization","name":"AJE C\u00f3rdoba","url":"https:\/\/ajeandalucia.org\/cordoba\/","logo":{"@type":"ImageObject","inLanguage":"es","@id":"https:\/\/ajeandalucia.org\/cordoba\/#\/schema\/logo\/image\/","url":"https:\/\/ajeandalucia.org\/cordoba\/wp-content\/uploads\/sites\/6\/2025\/01\/AJE-CORDOBA-horizontal.png","contentUrl":"https:\/\/ajeandalucia.org\/cordoba\/wp-content\/uploads\/sites\/6\/2025\/01\/AJE-CORDOBA-horizontal.png","width":605,"height":200,"caption":"AJE C\u00f3rdoba"},"image":{"@id":"https:\/\/ajeandalucia.org\/cordoba\/#\/schema\/logo\/image\/"}},{"@type":"Person","@id":"https:\/\/ajeandalucia.org\/cordoba\/#\/schema\/person\/1d19f90c44baad3b3701f8af33c2f520","name":"cordoba","image":{"@type":"ImageObject","inLanguage":"es","@id":"https:\/\/ajeandalucia.org\/cordoba\/#\/schema\/person\/image\/","url":"https:\/\/secure.gravatar.com\/avatar\/46102d83da7c40efca6d3413931ddaf8470cef93888429af7689de210b9bb6fe?s=96&d=mm&r=g","contentUrl":"https:\/\/secure.gravatar.com\/avatar\/46102d83da7c40efca6d3413931ddaf8470cef93888429af7689de210b9bb6fe?s=96&d=mm&r=g","caption":"cordoba"},"url":"https:\/\/ajeandalucia.org\/cordoba\/author\/cordoba\/"}]}},"_links":{"self":[{"href":"https:\/\/ajeandalucia.org\/cordoba\/wp-json\/wp\/v2\/posts\/7857","targetHints":{"allow":["GET"]}}],"collection":[{"href":"https:\/\/ajeandalucia.org\/cordoba\/wp-json\/wp\/v2\/posts"}],"about":[{"href":"https:\/\/ajeandalucia.org\/cordoba\/wp-json\/wp\/v2\/types\/post"}],"author":[{"embeddable":true,"href":"https:\/\/ajeandalucia.org\/cordoba\/wp-json\/wp\/v2\/users\/5"}],"replies":[{"embeddable":true,"href":"https:\/\/ajeandalucia.org\/cordoba\/wp-json\/wp\/v2\/comments?post=7857"}],"version-history":[{"count":2,"href":"https:\/\/ajeandalucia.org\/cordoba\/wp-json\/wp\/v2\/posts\/7857\/revisions"}],"predecessor-version":[{"id":7879,"href":"https:\/\/ajeandalucia.org\/cordoba\/wp-json\/wp\/v2\/posts\/7857\/revisions\/7879"}],"wp:featuredmedia":[{"embeddable":true,"href":"https:\/\/ajeandalucia.org\/cordoba\/wp-json\/wp\/v2\/media\/7858"}],"wp:attachment":[{"href":"https:\/\/ajeandalucia.org\/cordoba\/wp-json\/wp\/v2\/media?parent=7857"}],"wp:term":[{"taxonomy":"category","embeddable":true,"href":"https:\/\/ajeandalucia.org\/cordoba\/wp-json\/wp\/v2\/categories?post=7857"},{"taxonomy":"post_tag","embeddable":true,"href":"https:\/\/ajeandalucia.org\/cordoba\/wp-json\/wp\/v2\/tags?post=7857"}],"curies":[{"name":"wp","href":"https:\/\/api.w.org\/{rel}","templated":true}]}}