{"id":7892,"date":"2024-01-22T09:55:25","date_gmt":"2024-01-22T09:55:25","guid":{"rendered":"https:\/\/www.ajeandalucia.org\/cordoba\/?p=7892"},"modified":"2024-01-22T09:55:25","modified_gmt":"2024-01-22T09:55:25","slug":"asamblea-electoral-aje-cordoba-2","status":"publish","type":"post","link":"https:\/\/ajeandalucia.org\/cordoba\/2024\/01\/22\/asamblea-electoral-aje-cordoba-2\/","title":{"rendered":"ASAMBLEA ELECTORAL AJE CORDOBA"},"content":{"rendered":"<p><img loading=\"lazy\" decoding=\"async\" class=\"alignnone size-medium wp-image-7893\" src=\"https:\/\/www.ajeandalucia.org\/cordoba\/wp-content\/uploads\/sites\/6\/2024\/01\/El-Presidente-de-AJE-Co\u0301rdoba-D.-Fe\u0301lix-Almagro-Le-Saluda-300x300.png\" alt=\"\" width=\"300\" height=\"300\" srcset=\"https:\/\/ajeandalucia.org\/cordoba\/wp-content\/uploads\/sites\/6\/2024\/01\/El-Presidente-de-AJE-Co\u0301rdoba-D.-Fe\u0301lix-Almagro-Le-Saluda-300x300.png 300w, https:\/\/ajeandalucia.org\/cordoba\/wp-content\/uploads\/sites\/6\/2024\/01\/El-Presidente-de-AJE-Co\u0301rdoba-D.-Fe\u0301lix-Almagro-Le-Saluda-150x150.png 150w, https:\/\/ajeandalucia.org\/cordoba\/wp-content\/uploads\/sites\/6\/2024\/01\/El-Presidente-de-AJE-Co\u0301rdoba-D.-Fe\u0301lix-Almagro-Le-Saluda-768x768.png 768w, https:\/\/ajeandalucia.org\/cordoba\/wp-content\/uploads\/sites\/6\/2024\/01\/El-Presidente-de-AJE-Co\u0301rdoba-D.-Fe\u0301lix-Almagro-Le-Saluda-1024x1024.png 1024w, https:\/\/ajeandalucia.org\/cordoba\/wp-content\/uploads\/sites\/6\/2024\/01\/El-Presidente-de-AJE-Co\u0301rdoba-D.-Fe\u0301lix-Almagro-Le-Saluda.png 1080w\" sizes=\"auto, (max-width: 300px) 100vw, 300px\" \/><\/p>\n<p>&nbsp;<\/p>\n<p>Os invitamos a acompa\u00f1arnos el pr\u00f3ximo viernes dia 26 de enero a las 12.30 h. a nuestra <strong>Asamblea Electoral<\/strong> que celebraremos en el sal\u00f3n de Actos de Cajasur, sito en Av. Gran Capit\u00e1n 13 de Cordoba.<\/p>\n<p>Esperamos poder contar con vuestra presencia y que nos acompa\u00f1\u00e9is en este d\u00eda tan importante donde homenajearemos a nuestro <strong>Presidente saliente F\u00e9lix Almagro<\/strong> y daremos la bienvenida a <strong>Victor Macias como nuevo Presidente de los J\u00f3venes Empresarios de C\u00f3rdoba.<\/strong><\/p>\n<p>Para una buena coordinaci\u00f3n del evento os rogamos nos confirm\u00e9is vuestra asistencia a gerencia@ajecordoba.org o al tel\u00e9fono 607194742.<\/p>\n","protected":false},"excerpt":{"rendered":"<p>&nbsp; Os invitamos a acompa\u00f1arnos el pr\u00f3ximo viernes dia 26 de enero a las 12.30 h. a nuestra Asamblea Electoral [&hellip;]<\/p>\n","protected":false},"author":5,"featured_media":7893,"comment_status":"open","ping_status":"open","sticky":false,"template":"","format":"standard","meta":{"_acf_changed":false,"site-sidebar-layout":"default","site-content-layout":"","ast-site-content-layout":"default","site-content-style":"default","site-sidebar-style":"default","ast-global-header-display":"","ast-banner-title-visibility":"","ast-main-header-display":"","ast-hfb-above-header-display":"","ast-hfb-below-header-display":"","ast-hfb-mobile-header-display":"","site-post-title":"","ast-breadcrumbs-content":"","ast-featured-img":"","footer-sml-layout":"","ast-disable-related-posts":"","theme-transparent-header-meta":"","adv-header-id-meta":"","stick-header-meta":"","header-above-stick-meta":"","header-main-stick-meta":"","header-below-stick-meta":"","astra-migrate-meta-layouts":"default","ast-page-background-enabled":"default","ast-page-background-meta":{"desktop":{"background-color":"var(--ast-global-color-5)","background-image":"","background-repeat":"repeat","background-position":"center center","background-size":"auto","background-attachment":"scroll","background-type":"","background-media":"","overlay-type":"","overlay-color":"","overlay-opacity":"","overlay-gradient":""},"tablet":{"background-color":"","background-image":"","background-repeat":"repeat","background-position":"center center","background-size":"auto","background-attachment":"scroll","background-type":"","background-media":"","overlay-type":"","overlay-color":"","overlay-opacity":"","overlay-gradient":""},"mobile":{"background-color":"","background-image":"","background-repeat":"repeat","background-position":"center center","background-size":"auto","background-attachment":"scroll","background-type":"","background-media":"","overlay-type":"","overlay-color":"","overlay-opacity":"","overlay-gradient":""}},"ast-content-background-meta":{"desktop":{"background-color":"var(--ast-global-color-4)","background-image":"","background-repeat":"repeat","background-position":"center center","background-size":"auto","background-attachment":"scroll","background-type":"","background-media":"","overlay-type":"","overlay-color":"","overlay-opacity":"","overlay-gradient":""},"tablet":{"background-color":"var(--ast-global-color-4)","background-image":"","background-repeat":"repeat","background-position":"center center","background-size":"auto","background-attachment":"scroll","background-type":"","background-media":"","overlay-type":"","overlay-color":"","overlay-opacity":"","overlay-gradient":""},"mobile":{"background-color":"var(--ast-global-color-4)","background-image":"","background-repeat":"repeat","background-position":"center center","background-size":"auto","background-attachment":"scroll","background-type":"","background-media":"","overlay-type":"","overlay-color":"","overlay-opacity":"","overlay-gradient":""}},"footnotes":""},"categories":[8],"tags":[],"class_list":["post-7892","post","type-post","status-publish","format-standard","has-post-thumbnail","hentry","category-noticias"],"acf":[],"yoast_head":"<!-- This site is optimized with the Yoast SEO plugin v26.9 - https:\/\/yoast.com\/product\/yoast-seo-wordpress\/ -->\n<title>ASAMBLEA ELECTORAL AJE CORDOBA - AJE C\u00f3rdoba<\/title>\n<meta name=\"robots\" content=\"index, follow, max-snippet:-1, max-image-preview:large, max-video-preview:-1\" \/>\n<link rel=\"canonical\" href=\"https:\/\/ajeandalucia.org\/cordoba\/2024\/01\/22\/asamblea-electoral-aje-cordoba-2\/\" \/>\n<meta property=\"og:locale\" content=\"es_ES\" \/>\n<meta property=\"og:type\" content=\"article\" \/>\n<meta property=\"og:title\" content=\"ASAMBLEA ELECTORAL AJE CORDOBA - AJE C\u00f3rdoba\" \/>\n<meta property=\"og:description\" content=\"&nbsp; Os invitamos a acompa\u00f1arnos el pr\u00f3ximo viernes dia 26 de enero a las 12.30 h. a nuestra Asamblea Electoral [&hellip;]\" \/>\n<meta property=\"og:url\" content=\"https:\/\/ajeandalucia.org\/cordoba\/2024\/01\/22\/asamblea-electoral-aje-cordoba-2\/\" \/>\n<meta property=\"og:site_name\" content=\"AJE C\u00f3rdoba\" \/>\n<meta property=\"article:published_time\" content=\"2024-01-22T09:55:25+00:00\" \/>\n<meta property=\"og:image\" content=\"https:\/\/ajeandalucia.org\/cordoba\/wp-content\/uploads\/sites\/6\/2024\/01\/El-Presidente-de-AJE-Co\u0301rdoba-D.-Fe\u0301lix-Almagro-Le-Saluda.png\" \/>\n\t<meta property=\"og:image:width\" content=\"1080\" \/>\n\t<meta property=\"og:image:height\" content=\"1080\" \/>\n\t<meta property=\"og:image:type\" content=\"image\/png\" \/>\n<meta name=\"author\" content=\"cordoba\" \/>\n<meta name=\"twitter:card\" content=\"summary_large_image\" \/>\n<meta name=\"twitter:label1\" content=\"Escrito por\" \/>\n\t<meta name=\"twitter:data1\" content=\"cordoba\" \/>\n\t<meta name=\"twitter:label2\" content=\"Tiempo de lectura\" \/>\n\t<meta name=\"twitter:data2\" content=\"1 minuto\" \/>\n<script type=\"application\/ld+json\" class=\"yoast-schema-graph\">{\"@context\":\"https:\/\/schema.org\",\"@graph\":[{\"@type\":\"Article\",\"@id\":\"https:\/\/ajeandalucia.org\/cordoba\/2024\/01\/22\/asamblea-electoral-aje-cordoba-2\/#article\",\"isPartOf\":{\"@id\":\"https:\/\/ajeandalucia.org\/cordoba\/2024\/01\/22\/asamblea-electoral-aje-cordoba-2\/\"},\"author\":{\"name\":\"cordoba\",\"@id\":\"https:\/\/ajeandalucia.org\/cordoba\/#\/schema\/person\/1d19f90c44baad3b3701f8af33c2f520\"},\"headline\":\"ASAMBLEA ELECTORAL AJE CORDOBA\",\"datePublished\":\"2024-01-22T09:55:25+00:00\",\"mainEntityOfPage\":{\"@id\":\"https:\/\/ajeandalucia.org\/cordoba\/2024\/01\/22\/asamblea-electoral-aje-cordoba-2\/\"},\"wordCount\":108,\"commentCount\":0,\"publisher\":{\"@id\":\"https:\/\/ajeandalucia.org\/cordoba\/#organization\"},\"image\":{\"@id\":\"https:\/\/ajeandalucia.org\/cordoba\/2024\/01\/22\/asamblea-electoral-aje-cordoba-2\/#primaryimage\"},\"thumbnailUrl\":\"https:\/\/ajeandalucia.org\/cordoba\/wp-content\/uploads\/sites\/6\/2024\/01\/El-Presidente-de-AJE-Co\u0301rdoba-D.-Fe\u0301lix-Almagro-Le-Saluda.png\",\"articleSection\":[\"Noticias\"],\"inLanguage\":\"es\",\"potentialAction\":[{\"@type\":\"CommentAction\",\"name\":\"Comment\",\"target\":[\"https:\/\/ajeandalucia.org\/cordoba\/2024\/01\/22\/asamblea-electoral-aje-cordoba-2\/#respond\"]}]},{\"@type\":\"WebPage\",\"@id\":\"https:\/\/ajeandalucia.org\/cordoba\/2024\/01\/22\/asamblea-electoral-aje-cordoba-2\/\",\"url\":\"https:\/\/ajeandalucia.org\/cordoba\/2024\/01\/22\/asamblea-electoral-aje-cordoba-2\/\",\"name\":\"ASAMBLEA ELECTORAL AJE CORDOBA - AJE C\u00f3rdoba\",\"isPartOf\":{\"@id\":\"https:\/\/ajeandalucia.org\/cordoba\/#website\"},\"primaryImageOfPage\":{\"@id\":\"https:\/\/ajeandalucia.org\/cordoba\/2024\/01\/22\/asamblea-electoral-aje-cordoba-2\/#primaryimage\"},\"image\":{\"@id\":\"https:\/\/ajeandalucia.org\/cordoba\/2024\/01\/22\/asamblea-electoral-aje-cordoba-2\/#primaryimage\"},\"thumbnailUrl\":\"https:\/\/ajeandalucia.org\/cordoba\/wp-content\/uploads\/sites\/6\/2024\/01\/El-Presidente-de-AJE-Co\u0301rdoba-D.-Fe\u0301lix-Almagro-Le-Saluda.png\",\"datePublished\":\"2024-01-22T09:55:25+00:00\",\"breadcrumb\":{\"@id\":\"https:\/\/ajeandalucia.org\/cordoba\/2024\/01\/22\/asamblea-electoral-aje-cordoba-2\/#breadcrumb\"},\"inLanguage\":\"es\",\"potentialAction\":[{\"@type\":\"ReadAction\",\"target\":[\"https:\/\/ajeandalucia.org\/cordoba\/2024\/01\/22\/asamblea-electoral-aje-cordoba-2\/\"]}]},{\"@type\":\"ImageObject\",\"inLanguage\":\"es\",\"@id\":\"https:\/\/ajeandalucia.org\/cordoba\/2024\/01\/22\/asamblea-electoral-aje-cordoba-2\/#primaryimage\",\"url\":\"https:\/\/ajeandalucia.org\/cordoba\/wp-content\/uploads\/sites\/6\/2024\/01\/El-Presidente-de-AJE-Co\u0301rdoba-D.-Fe\u0301lix-Almagro-Le-Saluda.png\",\"contentUrl\":\"https:\/\/ajeandalucia.org\/cordoba\/wp-content\/uploads\/sites\/6\/2024\/01\/El-Presidente-de-AJE-Co\u0301rdoba-D.-Fe\u0301lix-Almagro-Le-Saluda.png\",\"width\":1080,\"height\":1080},{\"@type\":\"BreadcrumbList\",\"@id\":\"https:\/\/ajeandalucia.org\/cordoba\/2024\/01\/22\/asamblea-electoral-aje-cordoba-2\/#breadcrumb\",\"itemListElement\":[{\"@type\":\"ListItem\",\"position\":1,\"name\":\"Portada\",\"item\":\"https:\/\/ajeandalucia.org\/cordoba\/\"},{\"@type\":\"ListItem\",\"position\":2,\"name\":\"ASAMBLEA ELECTORAL AJE CORDOBA\"}]},{\"@type\":\"WebSite\",\"@id\":\"https:\/\/ajeandalucia.org\/cordoba\/#website\",\"url\":\"https:\/\/ajeandalucia.org\/cordoba\/\",\"name\":\"AJE C\u00f3rdoba\",\"description\":\"Otro sitio m\u00e1s de AJE Andaluc\u00eda\",\"publisher\":{\"@id\":\"https:\/\/ajeandalucia.org\/cordoba\/#organization\"},\"potentialAction\":[{\"@type\":\"SearchAction\",\"target\":{\"@type\":\"EntryPoint\",\"urlTemplate\":\"https:\/\/ajeandalucia.org\/cordoba\/?s={search_term_string}\"},\"query-input\":{\"@type\":\"PropertyValueSpecification\",\"valueRequired\":true,\"valueName\":\"search_term_string\"}}],\"inLanguage\":\"es\"},{\"@type\":\"Organization\",\"@id\":\"https:\/\/ajeandalucia.org\/cordoba\/#organization\",\"name\":\"AJE C\u00f3rdoba\",\"url\":\"https:\/\/ajeandalucia.org\/cordoba\/\",\"logo\":{\"@type\":\"ImageObject\",\"inLanguage\":\"es\",\"@id\":\"https:\/\/ajeandalucia.org\/cordoba\/#\/schema\/logo\/image\/\",\"url\":\"https:\/\/ajeandalucia.org\/cordoba\/wp-content\/uploads\/sites\/6\/2025\/01\/AJE-CORDOBA-horizontal.png\",\"contentUrl\":\"https:\/\/ajeandalucia.org\/cordoba\/wp-content\/uploads\/sites\/6\/2025\/01\/AJE-CORDOBA-horizontal.png\",\"width\":605,\"height\":200,\"caption\":\"AJE C\u00f3rdoba\"},\"image\":{\"@id\":\"https:\/\/ajeandalucia.org\/cordoba\/#\/schema\/logo\/image\/\"}},{\"@type\":\"Person\",\"@id\":\"https:\/\/ajeandalucia.org\/cordoba\/#\/schema\/person\/1d19f90c44baad3b3701f8af33c2f520\",\"name\":\"cordoba\",\"image\":{\"@type\":\"ImageObject\",\"inLanguage\":\"es\",\"@id\":\"https:\/\/ajeandalucia.org\/cordoba\/#\/schema\/person\/image\/\",\"url\":\"https:\/\/secure.gravatar.com\/avatar\/46102d83da7c40efca6d3413931ddaf8470cef93888429af7689de210b9bb6fe?s=96&d=mm&r=g\",\"contentUrl\":\"https:\/\/secure.gravatar.com\/avatar\/46102d83da7c40efca6d3413931ddaf8470cef93888429af7689de210b9bb6fe?s=96&d=mm&r=g\",\"caption\":\"cordoba\"},\"url\":\"https:\/\/ajeandalucia.org\/cordoba\/author\/cordoba\/\"}]}<\/script>\n<!-- \/ Yoast SEO plugin. -->","yoast_head_json":{"title":"ASAMBLEA ELECTORAL AJE CORDOBA - AJE C\u00f3rdoba","robots":{"index":"index","follow":"follow","max-snippet":"max-snippet:-1","max-image-preview":"max-image-preview:large","max-video-preview":"max-video-preview:-1"},"canonical":"https:\/\/ajeandalucia.org\/cordoba\/2024\/01\/22\/asamblea-electoral-aje-cordoba-2\/","og_locale":"es_ES","og_type":"article","og_title":"ASAMBLEA ELECTORAL AJE CORDOBA - AJE C\u00f3rdoba","og_description":"&nbsp; Os invitamos a acompa\u00f1arnos el pr\u00f3ximo viernes dia 26 de enero a las 12.30 h. a nuestra Asamblea Electoral [&hellip;]","og_url":"https:\/\/ajeandalucia.org\/cordoba\/2024\/01\/22\/asamblea-electoral-aje-cordoba-2\/","og_site_name":"AJE C\u00f3rdoba","article_published_time":"2024-01-22T09:55:25+00:00","og_image":[{"width":1080,"height":1080,"url":"https:\/\/ajeandalucia.org\/cordoba\/wp-content\/uploads\/sites\/6\/2024\/01\/El-Presidente-de-AJE-Co\u0301rdoba-D.-Fe\u0301lix-Almagro-Le-Saluda.png","type":"image\/png"}],"author":"cordoba","twitter_card":"summary_large_image","twitter_misc":{"Escrito por":"cordoba","Tiempo de lectura":"1 minuto"},"schema":{"@context":"https:\/\/schema.org","@graph":[{"@type":"Article","@id":"https:\/\/ajeandalucia.org\/cordoba\/2024\/01\/22\/asamblea-electoral-aje-cordoba-2\/#article","isPartOf":{"@id":"https:\/\/ajeandalucia.org\/cordoba\/2024\/01\/22\/asamblea-electoral-aje-cordoba-2\/"},"author":{"name":"cordoba","@id":"https:\/\/ajeandalucia.org\/cordoba\/#\/schema\/person\/1d19f90c44baad3b3701f8af33c2f520"},"headline":"ASAMBLEA ELECTORAL AJE CORDOBA","datePublished":"2024-01-22T09:55:25+00:00","mainEntityOfPage":{"@id":"https:\/\/ajeandalucia.org\/cordoba\/2024\/01\/22\/asamblea-electoral-aje-cordoba-2\/"},"wordCount":108,"commentCount":0,"publisher":{"@id":"https:\/\/ajeandalucia.org\/cordoba\/#organization"},"image":{"@id":"https:\/\/ajeandalucia.org\/cordoba\/2024\/01\/22\/asamblea-electoral-aje-cordoba-2\/#primaryimage"},"thumbnailUrl":"https:\/\/ajeandalucia.org\/cordoba\/wp-content\/uploads\/sites\/6\/2024\/01\/El-Presidente-de-AJE-Co\u0301rdoba-D.-Fe\u0301lix-Almagro-Le-Saluda.png","articleSection":["Noticias"],"inLanguage":"es","potentialAction":[{"@type":"CommentAction","name":"Comment","target":["https:\/\/ajeandalucia.org\/cordoba\/2024\/01\/22\/asamblea-electoral-aje-cordoba-2\/#respond"]}]},{"@type":"WebPage","@id":"https:\/\/ajeandalucia.org\/cordoba\/2024\/01\/22\/asamblea-electoral-aje-cordoba-2\/","url":"https:\/\/ajeandalucia.org\/cordoba\/2024\/01\/22\/asamblea-electoral-aje-cordoba-2\/","name":"ASAMBLEA ELECTORAL AJE CORDOBA - AJE C\u00f3rdoba","isPartOf":{"@id":"https:\/\/ajeandalucia.org\/cordoba\/#website"},"primaryImageOfPage":{"@id":"https:\/\/ajeandalucia.org\/cordoba\/2024\/01\/22\/asamblea-electoral-aje-cordoba-2\/#primaryimage"},"image":{"@id":"https:\/\/ajeandalucia.org\/cordoba\/2024\/01\/22\/asamblea-electoral-aje-cordoba-2\/#primaryimage"},"thumbnailUrl":"https:\/\/ajeandalucia.org\/cordoba\/wp-content\/uploads\/sites\/6\/2024\/01\/El-Presidente-de-AJE-Co\u0301rdoba-D.-Fe\u0301lix-Almagro-Le-Saluda.png","datePublished":"2024-01-22T09:55:25+00:00","breadcrumb":{"@id":"https:\/\/ajeandalucia.org\/cordoba\/2024\/01\/22\/asamblea-electoral-aje-cordoba-2\/#breadcrumb"},"inLanguage":"es","potentialAction":[{"@type":"ReadAction","target":["https:\/\/ajeandalucia.org\/cordoba\/2024\/01\/22\/asamblea-electoral-aje-cordoba-2\/"]}]},{"@type":"ImageObject","inLanguage":"es","@id":"https:\/\/ajeandalucia.org\/cordoba\/2024\/01\/22\/asamblea-electoral-aje-cordoba-2\/#primaryimage","url":"https:\/\/ajeandalucia.org\/cordoba\/wp-content\/uploads\/sites\/6\/2024\/01\/El-Presidente-de-AJE-Co\u0301rdoba-D.-Fe\u0301lix-Almagro-Le-Saluda.png","contentUrl":"https:\/\/ajeandalucia.org\/cordoba\/wp-content\/uploads\/sites\/6\/2024\/01\/El-Presidente-de-AJE-Co\u0301rdoba-D.-Fe\u0301lix-Almagro-Le-Saluda.png","width":1080,"height":1080},{"@type":"BreadcrumbList","@id":"https:\/\/ajeandalucia.org\/cordoba\/2024\/01\/22\/asamblea-electoral-aje-cordoba-2\/#breadcrumb","itemListElement":[{"@type":"ListItem","position":1,"name":"Portada","item":"https:\/\/ajeandalucia.org\/cordoba\/"},{"@type":"ListItem","position":2,"name":"ASAMBLEA ELECTORAL AJE CORDOBA"}]},{"@type":"WebSite","@id":"https:\/\/ajeandalucia.org\/cordoba\/#website","url":"https:\/\/ajeandalucia.org\/cordoba\/","name":"AJE C\u00f3rdoba","description":"Otro sitio m\u00e1s de AJE Andaluc\u00eda","publisher":{"@id":"https:\/\/ajeandalucia.org\/cordoba\/#organization"},"potentialAction":[{"@type":"SearchAction","target":{"@type":"EntryPoint","urlTemplate":"https:\/\/ajeandalucia.org\/cordoba\/?s={search_term_string}"},"query-input":{"@type":"PropertyValueSpecification","valueRequired":true,"valueName":"search_term_string"}}],"inLanguage":"es"},{"@type":"Organization","@id":"https:\/\/ajeandalucia.org\/cordoba\/#organization","name":"AJE C\u00f3rdoba","url":"https:\/\/ajeandalucia.org\/cordoba\/","logo":{"@type":"ImageObject","inLanguage":"es","@id":"https:\/\/ajeandalucia.org\/cordoba\/#\/schema\/logo\/image\/","url":"https:\/\/ajeandalucia.org\/cordoba\/wp-content\/uploads\/sites\/6\/2025\/01\/AJE-CORDOBA-horizontal.png","contentUrl":"https:\/\/ajeandalucia.org\/cordoba\/wp-content\/uploads\/sites\/6\/2025\/01\/AJE-CORDOBA-horizontal.png","width":605,"height":200,"caption":"AJE C\u00f3rdoba"},"image":{"@id":"https:\/\/ajeandalucia.org\/cordoba\/#\/schema\/logo\/image\/"}},{"@type":"Person","@id":"https:\/\/ajeandalucia.org\/cordoba\/#\/schema\/person\/1d19f90c44baad3b3701f8af33c2f520","name":"cordoba","image":{"@type":"ImageObject","inLanguage":"es","@id":"https:\/\/ajeandalucia.org\/cordoba\/#\/schema\/person\/image\/","url":"https:\/\/secure.gravatar.com\/avatar\/46102d83da7c40efca6d3413931ddaf8470cef93888429af7689de210b9bb6fe?s=96&d=mm&r=g","contentUrl":"https:\/\/secure.gravatar.com\/avatar\/46102d83da7c40efca6d3413931ddaf8470cef93888429af7689de210b9bb6fe?s=96&d=mm&r=g","caption":"cordoba"},"url":"https:\/\/ajeandalucia.org\/cordoba\/author\/cordoba\/"}]}},"_links":{"self":[{"href":"https:\/\/ajeandalucia.org\/cordoba\/wp-json\/wp\/v2\/posts\/7892","targetHints":{"allow":["GET"]}}],"collection":[{"href":"https:\/\/ajeandalucia.org\/cordoba\/wp-json\/wp\/v2\/posts"}],"about":[{"href":"https:\/\/ajeandalucia.org\/cordoba\/wp-json\/wp\/v2\/types\/post"}],"author":[{"embeddable":true,"href":"https:\/\/ajeandalucia.org\/cordoba\/wp-json\/wp\/v2\/users\/5"}],"replies":[{"embeddable":true,"href":"https:\/\/ajeandalucia.org\/cordoba\/wp-json\/wp\/v2\/comments?post=7892"}],"version-history":[{"count":1,"href":"https:\/\/ajeandalucia.org\/cordoba\/wp-json\/wp\/v2\/posts\/7892\/revisions"}],"predecessor-version":[{"id":7894,"href":"https:\/\/ajeandalucia.org\/cordoba\/wp-json\/wp\/v2\/posts\/7892\/revisions\/7894"}],"wp:featuredmedia":[{"embeddable":true,"href":"https:\/\/ajeandalucia.org\/cordoba\/wp-json\/wp\/v2\/media\/7893"}],"wp:attachment":[{"href":"https:\/\/ajeandalucia.org\/cordoba\/wp-json\/wp\/v2\/media?parent=7892"}],"wp:term":[{"taxonomy":"category","embeddable":true,"href":"https:\/\/ajeandalucia.org\/cordoba\/wp-json\/wp\/v2\/categories?post=7892"},{"taxonomy":"post_tag","embeddable":true,"href":"https:\/\/ajeandalucia.org\/cordoba\/wp-json\/wp\/v2\/tags?post=7892"}],"curies":[{"name":"wp","href":"https:\/\/api.w.org\/{rel}","templated":true}]}}