{"id":7900,"date":"2024-01-25T08:50:39","date_gmt":"2024-01-25T08:50:39","guid":{"rendered":"https:\/\/www.ajeandalucia.org\/cordoba\/?p=7900"},"modified":"2024-01-25T08:50:39","modified_gmt":"2024-01-25T08:50:39","slug":"celebradas-las-jornadas-rompiendo-barreras-organizadas-por-aje-cordoba-y-mad-estudio-de-arquitectura","status":"publish","type":"post","link":"https:\/\/ajeandalucia.org\/cordoba\/2024\/01\/25\/celebradas-las-jornadas-rompiendo-barreras-organizadas-por-aje-cordoba-y-mad-estudio-de-arquitectura\/","title":{"rendered":"Celebradas las jornadas \u201cRompiendo Barreras\u201d organizadas por AJE C\u00f3rdoba y MAD Estudio de Arquitectura"},"content":{"rendered":"<p>El Centro de Recepci\u00f3n de Visitantes de C\u00f3rdoba ha acogido las jornadas\u00a0\u201cRompiendo Barreras\u201d organizadas conjuntamente entre AJE C\u00f3rdoba y MAD Estudio\u00a0de Arquitectura.<\/p>\n<p>El eje central del acto ha girado sobre la importancia de la accesibilidad\u00a0en los edificios para garantizar la inclusi\u00f3n de todos.<\/p>\n<p>Un acto inaugurado por el presidente de AJE C\u00f3rdoba, F\u00e9lix Almagro, acompa\u00f1ado por\u00a0Bernardo Jordano de la Torre, Teniente de Alcalde y Delegado de Inclusi\u00f3n y\u00a0Accesibilidad y Movilidad del Ayuntamiento de C\u00f3rdoba y Miguel \u00c1ngel Torrico,<br \/>\nDelegado de Urbanismo y Ordenaci\u00f3n del Territorio, Vivienda y Seguridad.<\/p>\n<p>En palabras del presidente de AJE: \u201cestas jornadas han sido concebidas con el prop\u00f3sito\u00a0de crear conciencia sobre la importancia de la accesibilidad y fomentar la inclusi\u00f3n en\u00a0todos los \u00e1mbitos de la sociedad. La participaci\u00f3n de cada uno de vosotros refuerza\u00a0nuestra convicci\u00f3n de que juntos podemos hacer grandes avances en esta materia\u201d.<\/p>\n<p>Este proyecto nace desde la Comisi\u00f3n de Formaci\u00f3n de AJE C\u00f3rdoba con el fin de\u00a0concienciar y animar a la sociedad a emprender y superar el miedo al fracaso que se sit\u00faa\u00a0como principal obst\u00e1culo a la hora de constituir una empresa desde una perspectiva\u00a0inclusiva y responsable con todos.<\/p>\n<p>Los ponentes que compartieron su experiencia y conocimientos en materia de\u00a0accesibilidad han sido los miembros del equipo de MAD Estudio de Arquitectura,\u00a0liderado por Miguel \u00c1ngel Diaz. Un equipo que ha puesto en relieve el alto n\u00famero de<br \/>\npersonas con discapacidad y personas con movilidad reducida en Espa\u00f1a, as\u00ed como las\u00a0barreras arquitect\u00f3nicas existentes que dificultan el d\u00eda a d\u00eda a estas personas.<\/p>\n<p>Estas jornadas ponen de manifiesto el compromiso del empresario y de las instituciones\u00a0p\u00fablicas por hacer la ciudad m\u00e1s accesible. Bernardo Jordano ha destacado mediante\u00a0numerosos ejemplos como la ciudad de C\u00f3rdoba se posiciona como una de las ciudades\u00a0que m\u00e1s apuestan por la inclusi\u00f3n y la accesibilidad. Tambi\u00e9n destaca que los beneficios\u00a0de este cambio no solo los disfrutan las personas con movilidad reducida, sino que\u00a0tambi\u00e9n lo hace la sociedad general.<\/p>\n<p>El acto finaliz\u00f3 con un espacio de networking donde compartir opiniones para seguir\u00a0dando pasos hacia una sociedad en la que las empresas sean m\u00e1s responsables con la\u00a0accesibilidad y la seguridad de todos.<\/p>\n","protected":false},"excerpt":{"rendered":"<p>El Centro de Recepci\u00f3n de Visitantes de C\u00f3rdoba ha acogido las jornadas\u00a0\u201cRompiendo Barreras\u201d organizadas conjuntamente entre AJE C\u00f3rdoba y MAD [&hellip;]<\/p>\n","protected":false},"author":5,"featured_media":7901,"comment_status":"open","ping_status":"open","sticky":false,"template":"","format":"standard","meta":{"_acf_changed":false,"site-sidebar-layout":"default","site-content-layout":"","ast-site-content-layout":"default","site-content-style":"default","site-sidebar-style":"default","ast-global-header-display":"","ast-banner-title-visibility":"","ast-main-header-display":"","ast-hfb-above-header-display":"","ast-hfb-below-header-display":"","ast-hfb-mobile-header-display":"","site-post-title":"","ast-breadcrumbs-content":"","ast-featured-img":"","footer-sml-layout":"","ast-disable-related-posts":"","theme-transparent-header-meta":"","adv-header-id-meta":"","stick-header-meta":"","header-above-stick-meta":"","header-main-stick-meta":"","header-below-stick-meta":"","astra-migrate-meta-layouts":"default","ast-page-background-enabled":"default","ast-page-background-meta":{"desktop":{"background-color":"var(--ast-global-color-5)","background-image":"","background-repeat":"repeat","background-position":"center center","background-size":"auto","background-attachment":"scroll","background-type":"","background-media":"","overlay-type":"","overlay-color":"","overlay-opacity":"","overlay-gradient":""},"tablet":{"background-color":"","background-image":"","background-repeat":"repeat","background-position":"center center","background-size":"auto","background-attachment":"scroll","background-type":"","background-media":"","overlay-type":"","overlay-color":"","overlay-opacity":"","overlay-gradient":""},"mobile":{"background-color":"","background-image":"","background-repeat":"repeat","background-position":"center center","background-size":"auto","background-attachment":"scroll","background-type":"","background-media":"","overlay-type":"","overlay-color":"","overlay-opacity":"","overlay-gradient":""}},"ast-content-background-meta":{"desktop":{"background-color":"var(--ast-global-color-4)","background-image":"","background-repeat":"repeat","background-position":"center center","background-size":"auto","background-attachment":"scroll","background-type":"","background-media":"","overlay-type":"","overlay-color":"","overlay-opacity":"","overlay-gradient":""},"tablet":{"background-color":"var(--ast-global-color-4)","background-image":"","background-repeat":"repeat","background-position":"center center","background-size":"auto","background-attachment":"scroll","background-type":"","background-media":"","overlay-type":"","overlay-color":"","overlay-opacity":"","overlay-gradient":""},"mobile":{"background-color":"var(--ast-global-color-4)","background-image":"","background-repeat":"repeat","background-position":"center center","background-size":"auto","background-attachment":"scroll","background-type":"","background-media":"","overlay-type":"","overlay-color":"","overlay-opacity":"","overlay-gradient":""}},"footnotes":""},"categories":[8],"tags":[],"class_list":["post-7900","post","type-post","status-publish","format-standard","has-post-thumbnail","hentry","category-noticias"],"acf":[],"yoast_head":"<!-- This site is optimized with the Yoast SEO plugin v26.9 - https:\/\/yoast.com\/product\/yoast-seo-wordpress\/ -->\n<title>Celebradas las jornadas \u201cRompiendo Barreras\u201d organizadas por AJE C\u00f3rdoba y MAD Estudio de Arquitectura - AJE C\u00f3rdoba<\/title>\n<meta name=\"robots\" content=\"index, follow, max-snippet:-1, max-image-preview:large, max-video-preview:-1\" \/>\n<link rel=\"canonical\" href=\"https:\/\/ajeandalucia.org\/cordoba\/2024\/01\/25\/celebradas-las-jornadas-rompiendo-barreras-organizadas-por-aje-cordoba-y-mad-estudio-de-arquitectura\/\" \/>\n<meta property=\"og:locale\" content=\"es_ES\" \/>\n<meta property=\"og:type\" content=\"article\" \/>\n<meta property=\"og:title\" content=\"Celebradas las jornadas \u201cRompiendo Barreras\u201d organizadas por AJE C\u00f3rdoba y MAD Estudio de Arquitectura - AJE C\u00f3rdoba\" \/>\n<meta property=\"og:description\" content=\"El Centro de Recepci\u00f3n de Visitantes de C\u00f3rdoba ha acogido las jornadas\u00a0\u201cRompiendo Barreras\u201d organizadas conjuntamente entre AJE C\u00f3rdoba y MAD [&hellip;]\" \/>\n<meta property=\"og:url\" content=\"https:\/\/ajeandalucia.org\/cordoba\/2024\/01\/25\/celebradas-las-jornadas-rompiendo-barreras-organizadas-por-aje-cordoba-y-mad-estudio-de-arquitectura\/\" \/>\n<meta property=\"og:site_name\" content=\"AJE C\u00f3rdoba\" \/>\n<meta property=\"article:published_time\" content=\"2024-01-25T08:50:39+00:00\" \/>\n<meta property=\"og:image\" content=\"https:\/\/ajeandalucia.org\/cordoba\/wp-content\/uploads\/sites\/6\/2024\/01\/Evento-AJE-MAD.jpeg\" \/>\n\t<meta property=\"og:image:width\" content=\"4160\" \/>\n\t<meta property=\"og:image:height\" content=\"2773\" \/>\n\t<meta property=\"og:image:type\" content=\"image\/jpeg\" \/>\n<meta name=\"author\" content=\"cordoba\" \/>\n<meta name=\"twitter:card\" content=\"summary_large_image\" \/>\n<meta name=\"twitter:label1\" content=\"Escrito por\" \/>\n\t<meta name=\"twitter:data1\" content=\"cordoba\" \/>\n\t<meta name=\"twitter:label2\" content=\"Tiempo de lectura\" \/>\n\t<meta name=\"twitter:data2\" content=\"2 minutos\" \/>\n<script type=\"application\/ld+json\" class=\"yoast-schema-graph\">{\"@context\":\"https:\/\/schema.org\",\"@graph\":[{\"@type\":\"Article\",\"@id\":\"https:\/\/ajeandalucia.org\/cordoba\/2024\/01\/25\/celebradas-las-jornadas-rompiendo-barreras-organizadas-por-aje-cordoba-y-mad-estudio-de-arquitectura\/#article\",\"isPartOf\":{\"@id\":\"https:\/\/ajeandalucia.org\/cordoba\/2024\/01\/25\/celebradas-las-jornadas-rompiendo-barreras-organizadas-por-aje-cordoba-y-mad-estudio-de-arquitectura\/\"},\"author\":{\"name\":\"cordoba\",\"@id\":\"https:\/\/ajeandalucia.org\/cordoba\/#\/schema\/person\/1d19f90c44baad3b3701f8af33c2f520\"},\"headline\":\"Celebradas las jornadas \u201cRompiendo Barreras\u201d organizadas por AJE C\u00f3rdoba y MAD Estudio de Arquitectura\",\"datePublished\":\"2024-01-25T08:50:39+00:00\",\"mainEntityOfPage\":{\"@id\":\"https:\/\/ajeandalucia.org\/cordoba\/2024\/01\/25\/celebradas-las-jornadas-rompiendo-barreras-organizadas-por-aje-cordoba-y-mad-estudio-de-arquitectura\/\"},\"wordCount\":415,\"commentCount\":0,\"publisher\":{\"@id\":\"https:\/\/ajeandalucia.org\/cordoba\/#organization\"},\"image\":{\"@id\":\"https:\/\/ajeandalucia.org\/cordoba\/2024\/01\/25\/celebradas-las-jornadas-rompiendo-barreras-organizadas-por-aje-cordoba-y-mad-estudio-de-arquitectura\/#primaryimage\"},\"thumbnailUrl\":\"https:\/\/ajeandalucia.org\/cordoba\/wp-content\/uploads\/sites\/6\/2024\/01\/Evento-AJE-MAD.jpeg\",\"articleSection\":[\"Noticias\"],\"inLanguage\":\"es\",\"potentialAction\":[{\"@type\":\"CommentAction\",\"name\":\"Comment\",\"target\":[\"https:\/\/ajeandalucia.org\/cordoba\/2024\/01\/25\/celebradas-las-jornadas-rompiendo-barreras-organizadas-por-aje-cordoba-y-mad-estudio-de-arquitectura\/#respond\"]}]},{\"@type\":\"WebPage\",\"@id\":\"https:\/\/ajeandalucia.org\/cordoba\/2024\/01\/25\/celebradas-las-jornadas-rompiendo-barreras-organizadas-por-aje-cordoba-y-mad-estudio-de-arquitectura\/\",\"url\":\"https:\/\/ajeandalucia.org\/cordoba\/2024\/01\/25\/celebradas-las-jornadas-rompiendo-barreras-organizadas-por-aje-cordoba-y-mad-estudio-de-arquitectura\/\",\"name\":\"Celebradas las jornadas \u201cRompiendo Barreras\u201d organizadas por AJE C\u00f3rdoba y MAD Estudio de Arquitectura - AJE C\u00f3rdoba\",\"isPartOf\":{\"@id\":\"https:\/\/ajeandalucia.org\/cordoba\/#website\"},\"primaryImageOfPage\":{\"@id\":\"https:\/\/ajeandalucia.org\/cordoba\/2024\/01\/25\/celebradas-las-jornadas-rompiendo-barreras-organizadas-por-aje-cordoba-y-mad-estudio-de-arquitectura\/#primaryimage\"},\"image\":{\"@id\":\"https:\/\/ajeandalucia.org\/cordoba\/2024\/01\/25\/celebradas-las-jornadas-rompiendo-barreras-organizadas-por-aje-cordoba-y-mad-estudio-de-arquitectura\/#primaryimage\"},\"thumbnailUrl\":\"https:\/\/ajeandalucia.org\/cordoba\/wp-content\/uploads\/sites\/6\/2024\/01\/Evento-AJE-MAD.jpeg\",\"datePublished\":\"2024-01-25T08:50:39+00:00\",\"breadcrumb\":{\"@id\":\"https:\/\/ajeandalucia.org\/cordoba\/2024\/01\/25\/celebradas-las-jornadas-rompiendo-barreras-organizadas-por-aje-cordoba-y-mad-estudio-de-arquitectura\/#breadcrumb\"},\"inLanguage\":\"es\",\"potentialAction\":[{\"@type\":\"ReadAction\",\"target\":[\"https:\/\/ajeandalucia.org\/cordoba\/2024\/01\/25\/celebradas-las-jornadas-rompiendo-barreras-organizadas-por-aje-cordoba-y-mad-estudio-de-arquitectura\/\"]}]},{\"@type\":\"ImageObject\",\"inLanguage\":\"es\",\"@id\":\"https:\/\/ajeandalucia.org\/cordoba\/2024\/01\/25\/celebradas-las-jornadas-rompiendo-barreras-organizadas-por-aje-cordoba-y-mad-estudio-de-arquitectura\/#primaryimage\",\"url\":\"https:\/\/ajeandalucia.org\/cordoba\/wp-content\/uploads\/sites\/6\/2024\/01\/Evento-AJE-MAD.jpeg\",\"contentUrl\":\"https:\/\/ajeandalucia.org\/cordoba\/wp-content\/uploads\/sites\/6\/2024\/01\/Evento-AJE-MAD.jpeg\",\"width\":4160,\"height\":2773},{\"@type\":\"BreadcrumbList\",\"@id\":\"https:\/\/ajeandalucia.org\/cordoba\/2024\/01\/25\/celebradas-las-jornadas-rompiendo-barreras-organizadas-por-aje-cordoba-y-mad-estudio-de-arquitectura\/#breadcrumb\",\"itemListElement\":[{\"@type\":\"ListItem\",\"position\":1,\"name\":\"Portada\",\"item\":\"https:\/\/ajeandalucia.org\/cordoba\/\"},{\"@type\":\"ListItem\",\"position\":2,\"name\":\"Celebradas las jornadas \u201cRompiendo Barreras\u201d organizadas por AJE C\u00f3rdoba y MAD Estudio de Arquitectura\"}]},{\"@type\":\"WebSite\",\"@id\":\"https:\/\/ajeandalucia.org\/cordoba\/#website\",\"url\":\"https:\/\/ajeandalucia.org\/cordoba\/\",\"name\":\"AJE C\u00f3rdoba\",\"description\":\"Otro sitio m\u00e1s de AJE Andaluc\u00eda\",\"publisher\":{\"@id\":\"https:\/\/ajeandalucia.org\/cordoba\/#organization\"},\"potentialAction\":[{\"@type\":\"SearchAction\",\"target\":{\"@type\":\"EntryPoint\",\"urlTemplate\":\"https:\/\/ajeandalucia.org\/cordoba\/?s={search_term_string}\"},\"query-input\":{\"@type\":\"PropertyValueSpecification\",\"valueRequired\":true,\"valueName\":\"search_term_string\"}}],\"inLanguage\":\"es\"},{\"@type\":\"Organization\",\"@id\":\"https:\/\/ajeandalucia.org\/cordoba\/#organization\",\"name\":\"AJE C\u00f3rdoba\",\"url\":\"https:\/\/ajeandalucia.org\/cordoba\/\",\"logo\":{\"@type\":\"ImageObject\",\"inLanguage\":\"es\",\"@id\":\"https:\/\/ajeandalucia.org\/cordoba\/#\/schema\/logo\/image\/\",\"url\":\"https:\/\/ajeandalucia.org\/cordoba\/wp-content\/uploads\/sites\/6\/2025\/01\/AJE-CORDOBA-horizontal.png\",\"contentUrl\":\"https:\/\/ajeandalucia.org\/cordoba\/wp-content\/uploads\/sites\/6\/2025\/01\/AJE-CORDOBA-horizontal.png\",\"width\":605,\"height\":200,\"caption\":\"AJE C\u00f3rdoba\"},\"image\":{\"@id\":\"https:\/\/ajeandalucia.org\/cordoba\/#\/schema\/logo\/image\/\"}},{\"@type\":\"Person\",\"@id\":\"https:\/\/ajeandalucia.org\/cordoba\/#\/schema\/person\/1d19f90c44baad3b3701f8af33c2f520\",\"name\":\"cordoba\",\"image\":{\"@type\":\"ImageObject\",\"inLanguage\":\"es\",\"@id\":\"https:\/\/ajeandalucia.org\/cordoba\/#\/schema\/person\/image\/\",\"url\":\"https:\/\/secure.gravatar.com\/avatar\/46102d83da7c40efca6d3413931ddaf8470cef93888429af7689de210b9bb6fe?s=96&d=mm&r=g\",\"contentUrl\":\"https:\/\/secure.gravatar.com\/avatar\/46102d83da7c40efca6d3413931ddaf8470cef93888429af7689de210b9bb6fe?s=96&d=mm&r=g\",\"caption\":\"cordoba\"},\"url\":\"https:\/\/ajeandalucia.org\/cordoba\/author\/cordoba\/\"}]}<\/script>\n<!-- \/ Yoast SEO plugin. -->","yoast_head_json":{"title":"Celebradas las jornadas \u201cRompiendo Barreras\u201d organizadas por AJE C\u00f3rdoba y MAD Estudio de Arquitectura - AJE C\u00f3rdoba","robots":{"index":"index","follow":"follow","max-snippet":"max-snippet:-1","max-image-preview":"max-image-preview:large","max-video-preview":"max-video-preview:-1"},"canonical":"https:\/\/ajeandalucia.org\/cordoba\/2024\/01\/25\/celebradas-las-jornadas-rompiendo-barreras-organizadas-por-aje-cordoba-y-mad-estudio-de-arquitectura\/","og_locale":"es_ES","og_type":"article","og_title":"Celebradas las jornadas \u201cRompiendo Barreras\u201d organizadas por AJE C\u00f3rdoba y MAD Estudio de Arquitectura - AJE C\u00f3rdoba","og_description":"El Centro de Recepci\u00f3n de Visitantes de C\u00f3rdoba ha acogido las jornadas\u00a0\u201cRompiendo Barreras\u201d organizadas conjuntamente entre AJE C\u00f3rdoba y MAD [&hellip;]","og_url":"https:\/\/ajeandalucia.org\/cordoba\/2024\/01\/25\/celebradas-las-jornadas-rompiendo-barreras-organizadas-por-aje-cordoba-y-mad-estudio-de-arquitectura\/","og_site_name":"AJE C\u00f3rdoba","article_published_time":"2024-01-25T08:50:39+00:00","og_image":[{"width":4160,"height":2773,"url":"https:\/\/ajeandalucia.org\/cordoba\/wp-content\/uploads\/sites\/6\/2024\/01\/Evento-AJE-MAD.jpeg","type":"image\/jpeg"}],"author":"cordoba","twitter_card":"summary_large_image","twitter_misc":{"Escrito por":"cordoba","Tiempo de lectura":"2 minutos"},"schema":{"@context":"https:\/\/schema.org","@graph":[{"@type":"Article","@id":"https:\/\/ajeandalucia.org\/cordoba\/2024\/01\/25\/celebradas-las-jornadas-rompiendo-barreras-organizadas-por-aje-cordoba-y-mad-estudio-de-arquitectura\/#article","isPartOf":{"@id":"https:\/\/ajeandalucia.org\/cordoba\/2024\/01\/25\/celebradas-las-jornadas-rompiendo-barreras-organizadas-por-aje-cordoba-y-mad-estudio-de-arquitectura\/"},"author":{"name":"cordoba","@id":"https:\/\/ajeandalucia.org\/cordoba\/#\/schema\/person\/1d19f90c44baad3b3701f8af33c2f520"},"headline":"Celebradas las jornadas \u201cRompiendo Barreras\u201d organizadas por AJE C\u00f3rdoba y MAD Estudio de Arquitectura","datePublished":"2024-01-25T08:50:39+00:00","mainEntityOfPage":{"@id":"https:\/\/ajeandalucia.org\/cordoba\/2024\/01\/25\/celebradas-las-jornadas-rompiendo-barreras-organizadas-por-aje-cordoba-y-mad-estudio-de-arquitectura\/"},"wordCount":415,"commentCount":0,"publisher":{"@id":"https:\/\/ajeandalucia.org\/cordoba\/#organization"},"image":{"@id":"https:\/\/ajeandalucia.org\/cordoba\/2024\/01\/25\/celebradas-las-jornadas-rompiendo-barreras-organizadas-por-aje-cordoba-y-mad-estudio-de-arquitectura\/#primaryimage"},"thumbnailUrl":"https:\/\/ajeandalucia.org\/cordoba\/wp-content\/uploads\/sites\/6\/2024\/01\/Evento-AJE-MAD.jpeg","articleSection":["Noticias"],"inLanguage":"es","potentialAction":[{"@type":"CommentAction","name":"Comment","target":["https:\/\/ajeandalucia.org\/cordoba\/2024\/01\/25\/celebradas-las-jornadas-rompiendo-barreras-organizadas-por-aje-cordoba-y-mad-estudio-de-arquitectura\/#respond"]}]},{"@type":"WebPage","@id":"https:\/\/ajeandalucia.org\/cordoba\/2024\/01\/25\/celebradas-las-jornadas-rompiendo-barreras-organizadas-por-aje-cordoba-y-mad-estudio-de-arquitectura\/","url":"https:\/\/ajeandalucia.org\/cordoba\/2024\/01\/25\/celebradas-las-jornadas-rompiendo-barreras-organizadas-por-aje-cordoba-y-mad-estudio-de-arquitectura\/","name":"Celebradas las jornadas \u201cRompiendo Barreras\u201d organizadas por AJE C\u00f3rdoba y MAD Estudio de Arquitectura - AJE C\u00f3rdoba","isPartOf":{"@id":"https:\/\/ajeandalucia.org\/cordoba\/#website"},"primaryImageOfPage":{"@id":"https:\/\/ajeandalucia.org\/cordoba\/2024\/01\/25\/celebradas-las-jornadas-rompiendo-barreras-organizadas-por-aje-cordoba-y-mad-estudio-de-arquitectura\/#primaryimage"},"image":{"@id":"https:\/\/ajeandalucia.org\/cordoba\/2024\/01\/25\/celebradas-las-jornadas-rompiendo-barreras-organizadas-por-aje-cordoba-y-mad-estudio-de-arquitectura\/#primaryimage"},"thumbnailUrl":"https:\/\/ajeandalucia.org\/cordoba\/wp-content\/uploads\/sites\/6\/2024\/01\/Evento-AJE-MAD.jpeg","datePublished":"2024-01-25T08:50:39+00:00","breadcrumb":{"@id":"https:\/\/ajeandalucia.org\/cordoba\/2024\/01\/25\/celebradas-las-jornadas-rompiendo-barreras-organizadas-por-aje-cordoba-y-mad-estudio-de-arquitectura\/#breadcrumb"},"inLanguage":"es","potentialAction":[{"@type":"ReadAction","target":["https:\/\/ajeandalucia.org\/cordoba\/2024\/01\/25\/celebradas-las-jornadas-rompiendo-barreras-organizadas-por-aje-cordoba-y-mad-estudio-de-arquitectura\/"]}]},{"@type":"ImageObject","inLanguage":"es","@id":"https:\/\/ajeandalucia.org\/cordoba\/2024\/01\/25\/celebradas-las-jornadas-rompiendo-barreras-organizadas-por-aje-cordoba-y-mad-estudio-de-arquitectura\/#primaryimage","url":"https:\/\/ajeandalucia.org\/cordoba\/wp-content\/uploads\/sites\/6\/2024\/01\/Evento-AJE-MAD.jpeg","contentUrl":"https:\/\/ajeandalucia.org\/cordoba\/wp-content\/uploads\/sites\/6\/2024\/01\/Evento-AJE-MAD.jpeg","width":4160,"height":2773},{"@type":"BreadcrumbList","@id":"https:\/\/ajeandalucia.org\/cordoba\/2024\/01\/25\/celebradas-las-jornadas-rompiendo-barreras-organizadas-por-aje-cordoba-y-mad-estudio-de-arquitectura\/#breadcrumb","itemListElement":[{"@type":"ListItem","position":1,"name":"Portada","item":"https:\/\/ajeandalucia.org\/cordoba\/"},{"@type":"ListItem","position":2,"name":"Celebradas las jornadas \u201cRompiendo Barreras\u201d organizadas por AJE C\u00f3rdoba y MAD Estudio de Arquitectura"}]},{"@type":"WebSite","@id":"https:\/\/ajeandalucia.org\/cordoba\/#website","url":"https:\/\/ajeandalucia.org\/cordoba\/","name":"AJE C\u00f3rdoba","description":"Otro sitio m\u00e1s de AJE Andaluc\u00eda","publisher":{"@id":"https:\/\/ajeandalucia.org\/cordoba\/#organization"},"potentialAction":[{"@type":"SearchAction","target":{"@type":"EntryPoint","urlTemplate":"https:\/\/ajeandalucia.org\/cordoba\/?s={search_term_string}"},"query-input":{"@type":"PropertyValueSpecification","valueRequired":true,"valueName":"search_term_string"}}],"inLanguage":"es"},{"@type":"Organization","@id":"https:\/\/ajeandalucia.org\/cordoba\/#organization","name":"AJE C\u00f3rdoba","url":"https:\/\/ajeandalucia.org\/cordoba\/","logo":{"@type":"ImageObject","inLanguage":"es","@id":"https:\/\/ajeandalucia.org\/cordoba\/#\/schema\/logo\/image\/","url":"https:\/\/ajeandalucia.org\/cordoba\/wp-content\/uploads\/sites\/6\/2025\/01\/AJE-CORDOBA-horizontal.png","contentUrl":"https:\/\/ajeandalucia.org\/cordoba\/wp-content\/uploads\/sites\/6\/2025\/01\/AJE-CORDOBA-horizontal.png","width":605,"height":200,"caption":"AJE C\u00f3rdoba"},"image":{"@id":"https:\/\/ajeandalucia.org\/cordoba\/#\/schema\/logo\/image\/"}},{"@type":"Person","@id":"https:\/\/ajeandalucia.org\/cordoba\/#\/schema\/person\/1d19f90c44baad3b3701f8af33c2f520","name":"cordoba","image":{"@type":"ImageObject","inLanguage":"es","@id":"https:\/\/ajeandalucia.org\/cordoba\/#\/schema\/person\/image\/","url":"https:\/\/secure.gravatar.com\/avatar\/46102d83da7c40efca6d3413931ddaf8470cef93888429af7689de210b9bb6fe?s=96&d=mm&r=g","contentUrl":"https:\/\/secure.gravatar.com\/avatar\/46102d83da7c40efca6d3413931ddaf8470cef93888429af7689de210b9bb6fe?s=96&d=mm&r=g","caption":"cordoba"},"url":"https:\/\/ajeandalucia.org\/cordoba\/author\/cordoba\/"}]}},"_links":{"self":[{"href":"https:\/\/ajeandalucia.org\/cordoba\/wp-json\/wp\/v2\/posts\/7900","targetHints":{"allow":["GET"]}}],"collection":[{"href":"https:\/\/ajeandalucia.org\/cordoba\/wp-json\/wp\/v2\/posts"}],"about":[{"href":"https:\/\/ajeandalucia.org\/cordoba\/wp-json\/wp\/v2\/types\/post"}],"author":[{"embeddable":true,"href":"https:\/\/ajeandalucia.org\/cordoba\/wp-json\/wp\/v2\/users\/5"}],"replies":[{"embeddable":true,"href":"https:\/\/ajeandalucia.org\/cordoba\/wp-json\/wp\/v2\/comments?post=7900"}],"version-history":[{"count":1,"href":"https:\/\/ajeandalucia.org\/cordoba\/wp-json\/wp\/v2\/posts\/7900\/revisions"}],"predecessor-version":[{"id":7902,"href":"https:\/\/ajeandalucia.org\/cordoba\/wp-json\/wp\/v2\/posts\/7900\/revisions\/7902"}],"wp:featuredmedia":[{"embeddable":true,"href":"https:\/\/ajeandalucia.org\/cordoba\/wp-json\/wp\/v2\/media\/7901"}],"wp:attachment":[{"href":"https:\/\/ajeandalucia.org\/cordoba\/wp-json\/wp\/v2\/media?parent=7900"}],"wp:term":[{"taxonomy":"category","embeddable":true,"href":"https:\/\/ajeandalucia.org\/cordoba\/wp-json\/wp\/v2\/categories?post=7900"},{"taxonomy":"post_tag","embeddable":true,"href":"https:\/\/ajeandalucia.org\/cordoba\/wp-json\/wp\/v2\/tags?post=7900"}],"curies":[{"name":"wp","href":"https:\/\/api.w.org\/{rel}","templated":true}]}}