{"id":7921,"date":"2024-01-26T11:00:10","date_gmt":"2024-01-26T11:00:10","guid":{"rendered":"https:\/\/www.ajeandalucia.org\/cordoba\/?p=7921"},"modified":"2024-01-29T15:24:50","modified_gmt":"2024-01-29T15:24:50","slug":"victor-macias-releva-a-felix-almagro-en-la-presidencia-de-aje-cordoba","status":"publish","type":"post","link":"https:\/\/ajeandalucia.org\/cordoba\/2024\/01\/26\/victor-macias-releva-a-felix-almagro-en-la-presidencia-de-aje-cordoba\/","title":{"rendered":"V\u00edctor Mac\u00edas nuevo Presidente de  AJE C\u00f3rdoba"},"content":{"rendered":"<p style=\"text-align: center\"><strong><u>Victor Macias releva a F\u00e9lix Almagro en la presidencia de AJE C\u00f3rdoba <\/u><\/strong><\/p>\n<p style=\"text-align: center\"><strong><u>y reclama el apoyo de las instituciones p\u00fablicas<\/u><\/strong><\/p>\n<p><em>El ex dirigente ha destacado el crecimiento de asociados, ya en los \u00faltimos dos a\u00f1os ha pasado de 250 a 450 integrantes<\/em><\/p>\n<p><em>El nuevo presidente ha destacado que entre sus objetivos est\u00e1 \u201cayudar a consolidar a las empresas y a superar el temido valle de la muerte, ese periodo que va de los 3 a los 5 a\u00f1os de vida de una empresa\u201d\u00a0 <\/em><\/p>\n<p><strong>C\u00f3rdoba<\/strong>. Victor Mac\u00edas ha relevado a F\u00e9lix Almagro en la presidencia de la Asociaci\u00f3n de J\u00f3venes Empresarios (AJE) C\u00f3rdoba, que hoy ha celebrado su asamblea con car\u00e1cter electoral en la sede de Cajasur. El gerente de SIE Inform\u00e1tica, de 38 a\u00f1os de edad, afronta el cargo despu\u00e9s de que Almagro haya ocupado el puesto cuatro a\u00f1os. Durante el acto, el nuevo presidente de AJE Cordoba ha reclamado el apoyo de las instituciones p\u00fablicas a los j\u00f3venes emprendedores. Asimismo, ha ensalzado el trabajo realizado por sus predecesores.<\/p>\n<p>En la asamblea han participado tambi\u00e9n Blanca Torrent. alcaldesa Accidental del Ayuntamiento de C\u00f3rdoba; Jos\u00e9 Carlos Gomez Villamandos, consejero de Universidad, Investigacion e Innovaci\u00f3n de la Junta de Andalucia; Antonio Diaz, presidente de CECO; Melesio Pe\u00f1a, presidente de AJE Andaluc\u00eda; y Ferm\u00edn Albaladejo, presidente de CEAJE.<\/p>\n<p>Mac\u00edas, tras dedicar unas palabras de agradecimiento a las autoridades, a sus compa\u00f1eros y familiares, as\u00ed como al presidente saliente, ha ido desgranando parte de sus objetivos<strong>.<\/strong> Ha precisado que uno de sus retos ser\u00e1 \u201cpotenciar la relaci\u00f3n entre empresas de C\u00f3rdoba capital y la provincia\u201d. Tambi\u00e9n ha destacado que AJE C\u00f3rdoba \u201cva a ayudar a las empresas a superar el temido valle de la muerte, que se produce entre los 3 y los 5 a\u00f1os de su creaci\u00f3n\u201d, as\u00ed como \u201ccontinuar ayudando a las empresas de segunda generaci\u00f3n y apoyar a las empresas en el relevo generacional\u201d.<\/p>\n<p>El nuevo dirigente de AJE C\u00f3rdoba ha informado que, junto a \u00e9l, estar\u00e1n Esther Capit\u00e1n, como vicepresidenta, Juan Bosco Ruiz, secretario general, Pedro Castillejo, tesorero, y Miguel \u00c1ngel Rela\u00f1o, como secretario de organizaci\u00f3n, y Virginia Aguilar, que contin\u00faa como gerente, as\u00ed como el resto de integrantes del comit\u00e9 ejecutivo.<\/p>\n<p>Almagro, por su parte, ha enumerado todos los objetivos perseguidos y alcanzados durante su mandato y no ha pasado por alto el sobresaliente crecimiento que ha tenido el colectivo en n\u00famero de asociados: \u201cEn estos cuatro a\u00f1os hemos crecido mucho, pasando de tener 250 asociados a 450\u201d .<\/p>\n","protected":false},"excerpt":{"rendered":"<p>Victor Macias releva a F\u00e9lix Almagro en la presidencia de AJE C\u00f3rdoba y reclama el apoyo de las instituciones p\u00fablicas [&hellip;]<\/p>\n","protected":false},"author":5,"featured_media":7922,"comment_status":"open","ping_status":"open","sticky":false,"template":"","format":"standard","meta":{"_acf_changed":false,"site-sidebar-layout":"default","site-content-layout":"","ast-site-content-layout":"default","site-content-style":"default","site-sidebar-style":"default","ast-global-header-display":"","ast-banner-title-visibility":"","ast-main-header-display":"","ast-hfb-above-header-display":"","ast-hfb-below-header-display":"","ast-hfb-mobile-header-display":"","site-post-title":"","ast-breadcrumbs-content":"","ast-featured-img":"","footer-sml-layout":"","ast-disable-related-posts":"","theme-transparent-header-meta":"","adv-header-id-meta":"","stick-header-meta":"","header-above-stick-meta":"","header-main-stick-meta":"","header-below-stick-meta":"","astra-migrate-meta-layouts":"default","ast-page-background-enabled":"default","ast-page-background-meta":{"desktop":{"background-color":"var(--ast-global-color-5)","background-image":"","background-repeat":"repeat","background-position":"center center","background-size":"auto","background-attachment":"scroll","background-type":"","background-media":"","overlay-type":"","overlay-color":"","overlay-opacity":"","overlay-gradient":""},"tablet":{"background-color":"","background-image":"","background-repeat":"repeat","background-position":"center center","background-size":"auto","background-attachment":"scroll","background-type":"","background-media":"","overlay-type":"","overlay-color":"","overlay-opacity":"","overlay-gradient":""},"mobile":{"background-color":"","background-image":"","background-repeat":"repeat","background-position":"center center","background-size":"auto","background-attachment":"scroll","background-type":"","background-media":"","overlay-type":"","overlay-color":"","overlay-opacity":"","overlay-gradient":""}},"ast-content-background-meta":{"desktop":{"background-color":"var(--ast-global-color-4)","background-image":"","background-repeat":"repeat","background-position":"center center","background-size":"auto","background-attachment":"scroll","background-type":"","background-media":"","overlay-type":"","overlay-color":"","overlay-opacity":"","overlay-gradient":""},"tablet":{"background-color":"var(--ast-global-color-4)","background-image":"","background-repeat":"repeat","background-position":"center center","background-size":"auto","background-attachment":"scroll","background-type":"","background-media":"","overlay-type":"","overlay-color":"","overlay-opacity":"","overlay-gradient":""},"mobile":{"background-color":"var(--ast-global-color-4)","background-image":"","background-repeat":"repeat","background-position":"center center","background-size":"auto","background-attachment":"scroll","background-type":"","background-media":"","overlay-type":"","overlay-color":"","overlay-opacity":"","overlay-gradient":""}},"footnotes":""},"categories":[8],"tags":[],"class_list":["post-7921","post","type-post","status-publish","format-standard","has-post-thumbnail","hentry","category-noticias"],"acf":[],"yoast_head":"<!-- This site is optimized with the Yoast SEO plugin v26.9 - https:\/\/yoast.com\/product\/yoast-seo-wordpress\/ -->\n<title>V\u00edctor Mac\u00edas nuevo Presidente de AJE C\u00f3rdoba - AJE C\u00f3rdoba<\/title>\n<meta name=\"robots\" content=\"index, follow, max-snippet:-1, max-image-preview:large, max-video-preview:-1\" \/>\n<link rel=\"canonical\" href=\"https:\/\/ajeandalucia.org\/cordoba\/2024\/01\/26\/victor-macias-releva-a-felix-almagro-en-la-presidencia-de-aje-cordoba\/\" \/>\n<meta property=\"og:locale\" content=\"es_ES\" \/>\n<meta property=\"og:type\" content=\"article\" \/>\n<meta property=\"og:title\" content=\"V\u00edctor Mac\u00edas nuevo Presidente de AJE C\u00f3rdoba - AJE C\u00f3rdoba\" \/>\n<meta property=\"og:description\" content=\"Victor Macias releva a F\u00e9lix Almagro en la presidencia de AJE C\u00f3rdoba y reclama el apoyo de las instituciones p\u00fablicas [&hellip;]\" \/>\n<meta property=\"og:url\" content=\"https:\/\/ajeandalucia.org\/cordoba\/2024\/01\/26\/victor-macias-releva-a-felix-almagro-en-la-presidencia-de-aje-cordoba\/\" \/>\n<meta property=\"og:site_name\" content=\"AJE C\u00f3rdoba\" \/>\n<meta property=\"article:published_time\" content=\"2024-01-26T11:00:10+00:00\" \/>\n<meta property=\"article:modified_time\" content=\"2024-01-29T15:24:50+00:00\" \/>\n<meta property=\"og:image\" content=\"https:\/\/ajeandalucia.org\/cordoba\/wp-content\/uploads\/sites\/6\/2024\/01\/AJE1.jpeg\" \/>\n\t<meta property=\"og:image:width\" content=\"2048\" \/>\n\t<meta property=\"og:image:height\" content=\"1366\" \/>\n\t<meta property=\"og:image:type\" content=\"image\/jpeg\" \/>\n<meta name=\"author\" content=\"cordoba\" \/>\n<meta name=\"twitter:card\" content=\"summary_large_image\" \/>\n<meta name=\"twitter:label1\" content=\"Escrito por\" \/>\n\t<meta name=\"twitter:data1\" content=\"cordoba\" \/>\n\t<meta name=\"twitter:label2\" content=\"Tiempo de lectura\" \/>\n\t<meta name=\"twitter:data2\" content=\"2 minutos\" \/>\n<script type=\"application\/ld+json\" class=\"yoast-schema-graph\">{\"@context\":\"https:\/\/schema.org\",\"@graph\":[{\"@type\":\"Article\",\"@id\":\"https:\/\/ajeandalucia.org\/cordoba\/2024\/01\/26\/victor-macias-releva-a-felix-almagro-en-la-presidencia-de-aje-cordoba\/#article\",\"isPartOf\":{\"@id\":\"https:\/\/ajeandalucia.org\/cordoba\/2024\/01\/26\/victor-macias-releva-a-felix-almagro-en-la-presidencia-de-aje-cordoba\/\"},\"author\":{\"name\":\"cordoba\",\"@id\":\"https:\/\/ajeandalucia.org\/cordoba\/#\/schema\/person\/1d19f90c44baad3b3701f8af33c2f520\"},\"headline\":\"V\u00edctor Mac\u00edas nuevo Presidente de AJE C\u00f3rdoba\",\"datePublished\":\"2024-01-26T11:00:10+00:00\",\"dateModified\":\"2024-01-29T15:24:50+00:00\",\"mainEntityOfPage\":{\"@id\":\"https:\/\/ajeandalucia.org\/cordoba\/2024\/01\/26\/victor-macias-releva-a-felix-almagro-en-la-presidencia-de-aje-cordoba\/\"},\"wordCount\":451,\"commentCount\":0,\"publisher\":{\"@id\":\"https:\/\/ajeandalucia.org\/cordoba\/#organization\"},\"image\":{\"@id\":\"https:\/\/ajeandalucia.org\/cordoba\/2024\/01\/26\/victor-macias-releva-a-felix-almagro-en-la-presidencia-de-aje-cordoba\/#primaryimage\"},\"thumbnailUrl\":\"https:\/\/ajeandalucia.org\/cordoba\/wp-content\/uploads\/sites\/6\/2024\/01\/AJE1.jpeg\",\"articleSection\":[\"Noticias\"],\"inLanguage\":\"es\",\"potentialAction\":[{\"@type\":\"CommentAction\",\"name\":\"Comment\",\"target\":[\"https:\/\/ajeandalucia.org\/cordoba\/2024\/01\/26\/victor-macias-releva-a-felix-almagro-en-la-presidencia-de-aje-cordoba\/#respond\"]}]},{\"@type\":\"WebPage\",\"@id\":\"https:\/\/ajeandalucia.org\/cordoba\/2024\/01\/26\/victor-macias-releva-a-felix-almagro-en-la-presidencia-de-aje-cordoba\/\",\"url\":\"https:\/\/ajeandalucia.org\/cordoba\/2024\/01\/26\/victor-macias-releva-a-felix-almagro-en-la-presidencia-de-aje-cordoba\/\",\"name\":\"V\u00edctor Mac\u00edas nuevo Presidente de AJE C\u00f3rdoba - AJE C\u00f3rdoba\",\"isPartOf\":{\"@id\":\"https:\/\/ajeandalucia.org\/cordoba\/#website\"},\"primaryImageOfPage\":{\"@id\":\"https:\/\/ajeandalucia.org\/cordoba\/2024\/01\/26\/victor-macias-releva-a-felix-almagro-en-la-presidencia-de-aje-cordoba\/#primaryimage\"},\"image\":{\"@id\":\"https:\/\/ajeandalucia.org\/cordoba\/2024\/01\/26\/victor-macias-releva-a-felix-almagro-en-la-presidencia-de-aje-cordoba\/#primaryimage\"},\"thumbnailUrl\":\"https:\/\/ajeandalucia.org\/cordoba\/wp-content\/uploads\/sites\/6\/2024\/01\/AJE1.jpeg\",\"datePublished\":\"2024-01-26T11:00:10+00:00\",\"dateModified\":\"2024-01-29T15:24:50+00:00\",\"breadcrumb\":{\"@id\":\"https:\/\/ajeandalucia.org\/cordoba\/2024\/01\/26\/victor-macias-releva-a-felix-almagro-en-la-presidencia-de-aje-cordoba\/#breadcrumb\"},\"inLanguage\":\"es\",\"potentialAction\":[{\"@type\":\"ReadAction\",\"target\":[\"https:\/\/ajeandalucia.org\/cordoba\/2024\/01\/26\/victor-macias-releva-a-felix-almagro-en-la-presidencia-de-aje-cordoba\/\"]}]},{\"@type\":\"ImageObject\",\"inLanguage\":\"es\",\"@id\":\"https:\/\/ajeandalucia.org\/cordoba\/2024\/01\/26\/victor-macias-releva-a-felix-almagro-en-la-presidencia-de-aje-cordoba\/#primaryimage\",\"url\":\"https:\/\/ajeandalucia.org\/cordoba\/wp-content\/uploads\/sites\/6\/2024\/01\/AJE1.jpeg\",\"contentUrl\":\"https:\/\/ajeandalucia.org\/cordoba\/wp-content\/uploads\/sites\/6\/2024\/01\/AJE1.jpeg\",\"width\":2048,\"height\":1366},{\"@type\":\"BreadcrumbList\",\"@id\":\"https:\/\/ajeandalucia.org\/cordoba\/2024\/01\/26\/victor-macias-releva-a-felix-almagro-en-la-presidencia-de-aje-cordoba\/#breadcrumb\",\"itemListElement\":[{\"@type\":\"ListItem\",\"position\":1,\"name\":\"Portada\",\"item\":\"https:\/\/ajeandalucia.org\/cordoba\/\"},{\"@type\":\"ListItem\",\"position\":2,\"name\":\"V\u00edctor Mac\u00edas nuevo Presidente de AJE C\u00f3rdoba\"}]},{\"@type\":\"WebSite\",\"@id\":\"https:\/\/ajeandalucia.org\/cordoba\/#website\",\"url\":\"https:\/\/ajeandalucia.org\/cordoba\/\",\"name\":\"AJE C\u00f3rdoba\",\"description\":\"Otro sitio m\u00e1s de AJE Andaluc\u00eda\",\"publisher\":{\"@id\":\"https:\/\/ajeandalucia.org\/cordoba\/#organization\"},\"potentialAction\":[{\"@type\":\"SearchAction\",\"target\":{\"@type\":\"EntryPoint\",\"urlTemplate\":\"https:\/\/ajeandalucia.org\/cordoba\/?s={search_term_string}\"},\"query-input\":{\"@type\":\"PropertyValueSpecification\",\"valueRequired\":true,\"valueName\":\"search_term_string\"}}],\"inLanguage\":\"es\"},{\"@type\":\"Organization\",\"@id\":\"https:\/\/ajeandalucia.org\/cordoba\/#organization\",\"name\":\"AJE C\u00f3rdoba\",\"url\":\"https:\/\/ajeandalucia.org\/cordoba\/\",\"logo\":{\"@type\":\"ImageObject\",\"inLanguage\":\"es\",\"@id\":\"https:\/\/ajeandalucia.org\/cordoba\/#\/schema\/logo\/image\/\",\"url\":\"https:\/\/ajeandalucia.org\/cordoba\/wp-content\/uploads\/sites\/6\/2025\/01\/AJE-CORDOBA-horizontal.png\",\"contentUrl\":\"https:\/\/ajeandalucia.org\/cordoba\/wp-content\/uploads\/sites\/6\/2025\/01\/AJE-CORDOBA-horizontal.png\",\"width\":605,\"height\":200,\"caption\":\"AJE C\u00f3rdoba\"},\"image\":{\"@id\":\"https:\/\/ajeandalucia.org\/cordoba\/#\/schema\/logo\/image\/\"}},{\"@type\":\"Person\",\"@id\":\"https:\/\/ajeandalucia.org\/cordoba\/#\/schema\/person\/1d19f90c44baad3b3701f8af33c2f520\",\"name\":\"cordoba\",\"image\":{\"@type\":\"ImageObject\",\"inLanguage\":\"es\",\"@id\":\"https:\/\/ajeandalucia.org\/cordoba\/#\/schema\/person\/image\/\",\"url\":\"https:\/\/secure.gravatar.com\/avatar\/46102d83da7c40efca6d3413931ddaf8470cef93888429af7689de210b9bb6fe?s=96&d=mm&r=g\",\"contentUrl\":\"https:\/\/secure.gravatar.com\/avatar\/46102d83da7c40efca6d3413931ddaf8470cef93888429af7689de210b9bb6fe?s=96&d=mm&r=g\",\"caption\":\"cordoba\"},\"url\":\"https:\/\/ajeandalucia.org\/cordoba\/author\/cordoba\/\"}]}<\/script>\n<!-- \/ Yoast SEO plugin. -->","yoast_head_json":{"title":"V\u00edctor Mac\u00edas nuevo Presidente de AJE C\u00f3rdoba - AJE C\u00f3rdoba","robots":{"index":"index","follow":"follow","max-snippet":"max-snippet:-1","max-image-preview":"max-image-preview:large","max-video-preview":"max-video-preview:-1"},"canonical":"https:\/\/ajeandalucia.org\/cordoba\/2024\/01\/26\/victor-macias-releva-a-felix-almagro-en-la-presidencia-de-aje-cordoba\/","og_locale":"es_ES","og_type":"article","og_title":"V\u00edctor Mac\u00edas nuevo Presidente de AJE C\u00f3rdoba - AJE C\u00f3rdoba","og_description":"Victor Macias releva a F\u00e9lix Almagro en la presidencia de AJE C\u00f3rdoba y reclama el apoyo de las instituciones p\u00fablicas [&hellip;]","og_url":"https:\/\/ajeandalucia.org\/cordoba\/2024\/01\/26\/victor-macias-releva-a-felix-almagro-en-la-presidencia-de-aje-cordoba\/","og_site_name":"AJE C\u00f3rdoba","article_published_time":"2024-01-26T11:00:10+00:00","article_modified_time":"2024-01-29T15:24:50+00:00","og_image":[{"width":2048,"height":1366,"url":"https:\/\/ajeandalucia.org\/cordoba\/wp-content\/uploads\/sites\/6\/2024\/01\/AJE1.jpeg","type":"image\/jpeg"}],"author":"cordoba","twitter_card":"summary_large_image","twitter_misc":{"Escrito por":"cordoba","Tiempo de lectura":"2 minutos"},"schema":{"@context":"https:\/\/schema.org","@graph":[{"@type":"Article","@id":"https:\/\/ajeandalucia.org\/cordoba\/2024\/01\/26\/victor-macias-releva-a-felix-almagro-en-la-presidencia-de-aje-cordoba\/#article","isPartOf":{"@id":"https:\/\/ajeandalucia.org\/cordoba\/2024\/01\/26\/victor-macias-releva-a-felix-almagro-en-la-presidencia-de-aje-cordoba\/"},"author":{"name":"cordoba","@id":"https:\/\/ajeandalucia.org\/cordoba\/#\/schema\/person\/1d19f90c44baad3b3701f8af33c2f520"},"headline":"V\u00edctor Mac\u00edas nuevo Presidente de AJE C\u00f3rdoba","datePublished":"2024-01-26T11:00:10+00:00","dateModified":"2024-01-29T15:24:50+00:00","mainEntityOfPage":{"@id":"https:\/\/ajeandalucia.org\/cordoba\/2024\/01\/26\/victor-macias-releva-a-felix-almagro-en-la-presidencia-de-aje-cordoba\/"},"wordCount":451,"commentCount":0,"publisher":{"@id":"https:\/\/ajeandalucia.org\/cordoba\/#organization"},"image":{"@id":"https:\/\/ajeandalucia.org\/cordoba\/2024\/01\/26\/victor-macias-releva-a-felix-almagro-en-la-presidencia-de-aje-cordoba\/#primaryimage"},"thumbnailUrl":"https:\/\/ajeandalucia.org\/cordoba\/wp-content\/uploads\/sites\/6\/2024\/01\/AJE1.jpeg","articleSection":["Noticias"],"inLanguage":"es","potentialAction":[{"@type":"CommentAction","name":"Comment","target":["https:\/\/ajeandalucia.org\/cordoba\/2024\/01\/26\/victor-macias-releva-a-felix-almagro-en-la-presidencia-de-aje-cordoba\/#respond"]}]},{"@type":"WebPage","@id":"https:\/\/ajeandalucia.org\/cordoba\/2024\/01\/26\/victor-macias-releva-a-felix-almagro-en-la-presidencia-de-aje-cordoba\/","url":"https:\/\/ajeandalucia.org\/cordoba\/2024\/01\/26\/victor-macias-releva-a-felix-almagro-en-la-presidencia-de-aje-cordoba\/","name":"V\u00edctor Mac\u00edas nuevo Presidente de AJE C\u00f3rdoba - AJE C\u00f3rdoba","isPartOf":{"@id":"https:\/\/ajeandalucia.org\/cordoba\/#website"},"primaryImageOfPage":{"@id":"https:\/\/ajeandalucia.org\/cordoba\/2024\/01\/26\/victor-macias-releva-a-felix-almagro-en-la-presidencia-de-aje-cordoba\/#primaryimage"},"image":{"@id":"https:\/\/ajeandalucia.org\/cordoba\/2024\/01\/26\/victor-macias-releva-a-felix-almagro-en-la-presidencia-de-aje-cordoba\/#primaryimage"},"thumbnailUrl":"https:\/\/ajeandalucia.org\/cordoba\/wp-content\/uploads\/sites\/6\/2024\/01\/AJE1.jpeg","datePublished":"2024-01-26T11:00:10+00:00","dateModified":"2024-01-29T15:24:50+00:00","breadcrumb":{"@id":"https:\/\/ajeandalucia.org\/cordoba\/2024\/01\/26\/victor-macias-releva-a-felix-almagro-en-la-presidencia-de-aje-cordoba\/#breadcrumb"},"inLanguage":"es","potentialAction":[{"@type":"ReadAction","target":["https:\/\/ajeandalucia.org\/cordoba\/2024\/01\/26\/victor-macias-releva-a-felix-almagro-en-la-presidencia-de-aje-cordoba\/"]}]},{"@type":"ImageObject","inLanguage":"es","@id":"https:\/\/ajeandalucia.org\/cordoba\/2024\/01\/26\/victor-macias-releva-a-felix-almagro-en-la-presidencia-de-aje-cordoba\/#primaryimage","url":"https:\/\/ajeandalucia.org\/cordoba\/wp-content\/uploads\/sites\/6\/2024\/01\/AJE1.jpeg","contentUrl":"https:\/\/ajeandalucia.org\/cordoba\/wp-content\/uploads\/sites\/6\/2024\/01\/AJE1.jpeg","width":2048,"height":1366},{"@type":"BreadcrumbList","@id":"https:\/\/ajeandalucia.org\/cordoba\/2024\/01\/26\/victor-macias-releva-a-felix-almagro-en-la-presidencia-de-aje-cordoba\/#breadcrumb","itemListElement":[{"@type":"ListItem","position":1,"name":"Portada","item":"https:\/\/ajeandalucia.org\/cordoba\/"},{"@type":"ListItem","position":2,"name":"V\u00edctor Mac\u00edas nuevo Presidente de AJE C\u00f3rdoba"}]},{"@type":"WebSite","@id":"https:\/\/ajeandalucia.org\/cordoba\/#website","url":"https:\/\/ajeandalucia.org\/cordoba\/","name":"AJE C\u00f3rdoba","description":"Otro sitio m\u00e1s de AJE Andaluc\u00eda","publisher":{"@id":"https:\/\/ajeandalucia.org\/cordoba\/#organization"},"potentialAction":[{"@type":"SearchAction","target":{"@type":"EntryPoint","urlTemplate":"https:\/\/ajeandalucia.org\/cordoba\/?s={search_term_string}"},"query-input":{"@type":"PropertyValueSpecification","valueRequired":true,"valueName":"search_term_string"}}],"inLanguage":"es"},{"@type":"Organization","@id":"https:\/\/ajeandalucia.org\/cordoba\/#organization","name":"AJE C\u00f3rdoba","url":"https:\/\/ajeandalucia.org\/cordoba\/","logo":{"@type":"ImageObject","inLanguage":"es","@id":"https:\/\/ajeandalucia.org\/cordoba\/#\/schema\/logo\/image\/","url":"https:\/\/ajeandalucia.org\/cordoba\/wp-content\/uploads\/sites\/6\/2025\/01\/AJE-CORDOBA-horizontal.png","contentUrl":"https:\/\/ajeandalucia.org\/cordoba\/wp-content\/uploads\/sites\/6\/2025\/01\/AJE-CORDOBA-horizontal.png","width":605,"height":200,"caption":"AJE C\u00f3rdoba"},"image":{"@id":"https:\/\/ajeandalucia.org\/cordoba\/#\/schema\/logo\/image\/"}},{"@type":"Person","@id":"https:\/\/ajeandalucia.org\/cordoba\/#\/schema\/person\/1d19f90c44baad3b3701f8af33c2f520","name":"cordoba","image":{"@type":"ImageObject","inLanguage":"es","@id":"https:\/\/ajeandalucia.org\/cordoba\/#\/schema\/person\/image\/","url":"https:\/\/secure.gravatar.com\/avatar\/46102d83da7c40efca6d3413931ddaf8470cef93888429af7689de210b9bb6fe?s=96&d=mm&r=g","contentUrl":"https:\/\/secure.gravatar.com\/avatar\/46102d83da7c40efca6d3413931ddaf8470cef93888429af7689de210b9bb6fe?s=96&d=mm&r=g","caption":"cordoba"},"url":"https:\/\/ajeandalucia.org\/cordoba\/author\/cordoba\/"}]}},"_links":{"self":[{"href":"https:\/\/ajeandalucia.org\/cordoba\/wp-json\/wp\/v2\/posts\/7921","targetHints":{"allow":["GET"]}}],"collection":[{"href":"https:\/\/ajeandalucia.org\/cordoba\/wp-json\/wp\/v2\/posts"}],"about":[{"href":"https:\/\/ajeandalucia.org\/cordoba\/wp-json\/wp\/v2\/types\/post"}],"author":[{"embeddable":true,"href":"https:\/\/ajeandalucia.org\/cordoba\/wp-json\/wp\/v2\/users\/5"}],"replies":[{"embeddable":true,"href":"https:\/\/ajeandalucia.org\/cordoba\/wp-json\/wp\/v2\/comments?post=7921"}],"version-history":[{"count":2,"href":"https:\/\/ajeandalucia.org\/cordoba\/wp-json\/wp\/v2\/posts\/7921\/revisions"}],"predecessor-version":[{"id":7931,"href":"https:\/\/ajeandalucia.org\/cordoba\/wp-json\/wp\/v2\/posts\/7921\/revisions\/7931"}],"wp:featuredmedia":[{"embeddable":true,"href":"https:\/\/ajeandalucia.org\/cordoba\/wp-json\/wp\/v2\/media\/7922"}],"wp:attachment":[{"href":"https:\/\/ajeandalucia.org\/cordoba\/wp-json\/wp\/v2\/media?parent=7921"}],"wp:term":[{"taxonomy":"category","embeddable":true,"href":"https:\/\/ajeandalucia.org\/cordoba\/wp-json\/wp\/v2\/categories?post=7921"},{"taxonomy":"post_tag","embeddable":true,"href":"https:\/\/ajeandalucia.org\/cordoba\/wp-json\/wp\/v2\/tags?post=7921"}],"curies":[{"name":"wp","href":"https:\/\/api.w.org\/{rel}","templated":true}]}}