{"id":7947,"date":"2024-02-05T18:41:16","date_gmt":"2024-02-05T18:41:16","guid":{"rendered":"https:\/\/www.ajeandalucia.org\/cordoba\/?p=7947"},"modified":"2024-02-05T18:41:16","modified_gmt":"2024-02-05T18:41:16","slug":"desayuno-empresarial-aje-cordoba-6","status":"publish","type":"post","link":"https:\/\/ajeandalucia.org\/cordoba\/2024\/02\/05\/desayuno-empresarial-aje-cordoba-6\/","title":{"rendered":"DESAYUNO EMPRESARIAL AJE C\u00d3RDOBA"},"content":{"rendered":"<p>\u00a1Empieza el d\u00eda con energ\u00eda! Continuamos con una de nuestras actividades m\u00e1s demandadas:\u00a0organizamos una nueva edici\u00f3n<strong>\u00a0<\/strong>de<strong>\u00a0DESAYUNO\u00a0EMPRESARIAL<\/strong>, una forma diferente de conocer a otros empresarios y hacer nuevos contactos.<\/p>\n<p>Adem\u00e1s, aprovecharemos la ocasi\u00f3n para dar la bienvenida a los nuevos asociados que acab\u00e1is de incorporaros a AJE.<\/p>\n<p>Para que en el\u00a0encuentro pod\u00e1is conectar\u00a0con otros empresarios y compartir impresiones, primero se har\u00e1 una din\u00e1mica muy sencilla de presentaciones r\u00e1pidas \u00a0y despu\u00e9s, disfrutando del desayuno, tendremos un\u00a0tiempo de networking. Como en todas las ocasiones, los miembros de Comit\u00e9 ejecutivo de AJE \u00a0estaremos all\u00ed para coordinar la actividad y fomentar que se creen esos lazos entre vosotros.<\/p>\n<p>Este desayuno que est\u00e1 patrocinado por <strong>Doble Track<\/strong> se desarrollar\u00e1 en el Club Vistasierra sito en\u00a0<a href=\"https:\/\/www.google.com\/maps\/place\/\/data=!4m2!3m1!1s0xd6cdf4ef2ecdec7:0x3b7516eef55e46d?sa=X&amp;ved=2ahUKEwjWw_TR4ZSEAxVU_rsIHWTIA6AQ4kB6BAgdEAA\">km 1,3, Carretera de Trassierra, 14011 C\u00f3rdoba<\/a>\u00a0el\u00a0 <strong>martes\u00a0 13\u00a0de Febrero a las 9:30h.<\/strong><\/p>\n<p>Os esperamos!<\/p>\n<p>Confirma que vienes en gerencia@ajecordoba.org<\/p>\n<p>Asistencia gratuita y plazas limitadas previa inscripci\u00f3n.<\/p>\n","protected":false},"excerpt":{"rendered":"<p>\u00a1Empieza el d\u00eda con energ\u00eda! Continuamos con una de nuestras actividades m\u00e1s demandadas:\u00a0organizamos una nueva edici\u00f3n\u00a0de\u00a0DESAYUNO\u00a0EMPRESARIAL, una forma diferente de [&hellip;]<\/p>\n","protected":false},"author":5,"featured_media":7948,"comment_status":"open","ping_status":"open","sticky":false,"template":"","format":"standard","meta":{"_acf_changed":false,"site-sidebar-layout":"default","site-content-layout":"","ast-site-content-layout":"default","site-content-style":"default","site-sidebar-style":"default","ast-global-header-display":"","ast-banner-title-visibility":"","ast-main-header-display":"","ast-hfb-above-header-display":"","ast-hfb-below-header-display":"","ast-hfb-mobile-header-display":"","site-post-title":"","ast-breadcrumbs-content":"","ast-featured-img":"","footer-sml-layout":"","ast-disable-related-posts":"","theme-transparent-header-meta":"","adv-header-id-meta":"","stick-header-meta":"","header-above-stick-meta":"","header-main-stick-meta":"","header-below-stick-meta":"","astra-migrate-meta-layouts":"default","ast-page-background-enabled":"default","ast-page-background-meta":{"desktop":{"background-color":"var(--ast-global-color-5)","background-image":"","background-repeat":"repeat","background-position":"center center","background-size":"auto","background-attachment":"scroll","background-type":"","background-media":"","overlay-type":"","overlay-color":"","overlay-opacity":"","overlay-gradient":""},"tablet":{"background-color":"","background-image":"","background-repeat":"repeat","background-position":"center center","background-size":"auto","background-attachment":"scroll","background-type":"","background-media":"","overlay-type":"","overlay-color":"","overlay-opacity":"","overlay-gradient":""},"mobile":{"background-color":"","background-image":"","background-repeat":"repeat","background-position":"center center","background-size":"auto","background-attachment":"scroll","background-type":"","background-media":"","overlay-type":"","overlay-color":"","overlay-opacity":"","overlay-gradient":""}},"ast-content-background-meta":{"desktop":{"background-color":"var(--ast-global-color-4)","background-image":"","background-repeat":"repeat","background-position":"center center","background-size":"auto","background-attachment":"scroll","background-type":"","background-media":"","overlay-type":"","overlay-color":"","overlay-opacity":"","overlay-gradient":""},"tablet":{"background-color":"var(--ast-global-color-4)","background-image":"","background-repeat":"repeat","background-position":"center center","background-size":"auto","background-attachment":"scroll","background-type":"","background-media":"","overlay-type":"","overlay-color":"","overlay-opacity":"","overlay-gradient":""},"mobile":{"background-color":"var(--ast-global-color-4)","background-image":"","background-repeat":"repeat","background-position":"center center","background-size":"auto","background-attachment":"scroll","background-type":"","background-media":"","overlay-type":"","overlay-color":"","overlay-opacity":"","overlay-gradient":""}},"footnotes":""},"categories":[8],"tags":[],"class_list":["post-7947","post","type-post","status-publish","format-standard","has-post-thumbnail","hentry","category-noticias"],"acf":[],"yoast_head":"<!-- This site is optimized with the Yoast SEO plugin v26.9 - https:\/\/yoast.com\/product\/yoast-seo-wordpress\/ -->\n<title>DESAYUNO EMPRESARIAL AJE C\u00d3RDOBA - AJE C\u00f3rdoba<\/title>\n<meta name=\"robots\" content=\"index, follow, max-snippet:-1, max-image-preview:large, max-video-preview:-1\" \/>\n<link rel=\"canonical\" href=\"https:\/\/ajeandalucia.org\/cordoba\/2024\/02\/05\/desayuno-empresarial-aje-cordoba-6\/\" \/>\n<meta property=\"og:locale\" content=\"es_ES\" \/>\n<meta property=\"og:type\" content=\"article\" \/>\n<meta property=\"og:title\" content=\"DESAYUNO EMPRESARIAL AJE C\u00d3RDOBA - AJE C\u00f3rdoba\" \/>\n<meta property=\"og:description\" content=\"\u00a1Empieza el d\u00eda con energ\u00eda! Continuamos con una de nuestras actividades m\u00e1s demandadas:\u00a0organizamos una nueva edici\u00f3n\u00a0de\u00a0DESAYUNO\u00a0EMPRESARIAL, una forma diferente de [&hellip;]\" \/>\n<meta property=\"og:url\" content=\"https:\/\/ajeandalucia.org\/cordoba\/2024\/02\/05\/desayuno-empresarial-aje-cordoba-6\/\" \/>\n<meta property=\"og:site_name\" content=\"AJE C\u00f3rdoba\" \/>\n<meta property=\"article:published_time\" content=\"2024-02-05T18:41:16+00:00\" \/>\n<meta property=\"og:image\" content=\"https:\/\/ajeandalucia.org\/cordoba\/wp-content\/uploads\/sites\/6\/2024\/02\/Desayuno-AJE-Doble-Track.jpg\" \/>\n\t<meta property=\"og:image:width\" content=\"1080\" \/>\n\t<meta property=\"og:image:height\" content=\"1080\" \/>\n\t<meta property=\"og:image:type\" content=\"image\/jpeg\" \/>\n<meta name=\"author\" content=\"cordoba\" \/>\n<meta name=\"twitter:card\" content=\"summary_large_image\" \/>\n<meta name=\"twitter:label1\" content=\"Escrito por\" \/>\n\t<meta name=\"twitter:data1\" content=\"cordoba\" \/>\n\t<meta name=\"twitter:label2\" content=\"Tiempo de lectura\" \/>\n\t<meta name=\"twitter:data2\" content=\"1 minuto\" \/>\n<script type=\"application\/ld+json\" class=\"yoast-schema-graph\">{\"@context\":\"https:\/\/schema.org\",\"@graph\":[{\"@type\":\"Article\",\"@id\":\"https:\/\/ajeandalucia.org\/cordoba\/2024\/02\/05\/desayuno-empresarial-aje-cordoba-6\/#article\",\"isPartOf\":{\"@id\":\"https:\/\/ajeandalucia.org\/cordoba\/2024\/02\/05\/desayuno-empresarial-aje-cordoba-6\/\"},\"author\":{\"name\":\"cordoba\",\"@id\":\"https:\/\/ajeandalucia.org\/cordoba\/#\/schema\/person\/1d19f90c44baad3b3701f8af33c2f520\"},\"headline\":\"DESAYUNO EMPRESARIAL AJE C\u00d3RDOBA\",\"datePublished\":\"2024-02-05T18:41:16+00:00\",\"mainEntityOfPage\":{\"@id\":\"https:\/\/ajeandalucia.org\/cordoba\/2024\/02\/05\/desayuno-empresarial-aje-cordoba-6\/\"},\"wordCount\":172,\"commentCount\":0,\"publisher\":{\"@id\":\"https:\/\/ajeandalucia.org\/cordoba\/#organization\"},\"image\":{\"@id\":\"https:\/\/ajeandalucia.org\/cordoba\/2024\/02\/05\/desayuno-empresarial-aje-cordoba-6\/#primaryimage\"},\"thumbnailUrl\":\"https:\/\/ajeandalucia.org\/cordoba\/wp-content\/uploads\/sites\/6\/2024\/02\/Desayuno-AJE-Doble-Track.jpg\",\"articleSection\":[\"Noticias\"],\"inLanguage\":\"es\",\"potentialAction\":[{\"@type\":\"CommentAction\",\"name\":\"Comment\",\"target\":[\"https:\/\/ajeandalucia.org\/cordoba\/2024\/02\/05\/desayuno-empresarial-aje-cordoba-6\/#respond\"]}]},{\"@type\":\"WebPage\",\"@id\":\"https:\/\/ajeandalucia.org\/cordoba\/2024\/02\/05\/desayuno-empresarial-aje-cordoba-6\/\",\"url\":\"https:\/\/ajeandalucia.org\/cordoba\/2024\/02\/05\/desayuno-empresarial-aje-cordoba-6\/\",\"name\":\"DESAYUNO EMPRESARIAL AJE C\u00d3RDOBA - AJE C\u00f3rdoba\",\"isPartOf\":{\"@id\":\"https:\/\/ajeandalucia.org\/cordoba\/#website\"},\"primaryImageOfPage\":{\"@id\":\"https:\/\/ajeandalucia.org\/cordoba\/2024\/02\/05\/desayuno-empresarial-aje-cordoba-6\/#primaryimage\"},\"image\":{\"@id\":\"https:\/\/ajeandalucia.org\/cordoba\/2024\/02\/05\/desayuno-empresarial-aje-cordoba-6\/#primaryimage\"},\"thumbnailUrl\":\"https:\/\/ajeandalucia.org\/cordoba\/wp-content\/uploads\/sites\/6\/2024\/02\/Desayuno-AJE-Doble-Track.jpg\",\"datePublished\":\"2024-02-05T18:41:16+00:00\",\"breadcrumb\":{\"@id\":\"https:\/\/ajeandalucia.org\/cordoba\/2024\/02\/05\/desayuno-empresarial-aje-cordoba-6\/#breadcrumb\"},\"inLanguage\":\"es\",\"potentialAction\":[{\"@type\":\"ReadAction\",\"target\":[\"https:\/\/ajeandalucia.org\/cordoba\/2024\/02\/05\/desayuno-empresarial-aje-cordoba-6\/\"]}]},{\"@type\":\"ImageObject\",\"inLanguage\":\"es\",\"@id\":\"https:\/\/ajeandalucia.org\/cordoba\/2024\/02\/05\/desayuno-empresarial-aje-cordoba-6\/#primaryimage\",\"url\":\"https:\/\/ajeandalucia.org\/cordoba\/wp-content\/uploads\/sites\/6\/2024\/02\/Desayuno-AJE-Doble-Track.jpg\",\"contentUrl\":\"https:\/\/ajeandalucia.org\/cordoba\/wp-content\/uploads\/sites\/6\/2024\/02\/Desayuno-AJE-Doble-Track.jpg\",\"width\":1080,\"height\":1080},{\"@type\":\"BreadcrumbList\",\"@id\":\"https:\/\/ajeandalucia.org\/cordoba\/2024\/02\/05\/desayuno-empresarial-aje-cordoba-6\/#breadcrumb\",\"itemListElement\":[{\"@type\":\"ListItem\",\"position\":1,\"name\":\"Portada\",\"item\":\"https:\/\/ajeandalucia.org\/cordoba\/\"},{\"@type\":\"ListItem\",\"position\":2,\"name\":\"DESAYUNO EMPRESARIAL AJE C\u00d3RDOBA\"}]},{\"@type\":\"WebSite\",\"@id\":\"https:\/\/ajeandalucia.org\/cordoba\/#website\",\"url\":\"https:\/\/ajeandalucia.org\/cordoba\/\",\"name\":\"AJE C\u00f3rdoba\",\"description\":\"Otro sitio m\u00e1s de AJE Andaluc\u00eda\",\"publisher\":{\"@id\":\"https:\/\/ajeandalucia.org\/cordoba\/#organization\"},\"potentialAction\":[{\"@type\":\"SearchAction\",\"target\":{\"@type\":\"EntryPoint\",\"urlTemplate\":\"https:\/\/ajeandalucia.org\/cordoba\/?s={search_term_string}\"},\"query-input\":{\"@type\":\"PropertyValueSpecification\",\"valueRequired\":true,\"valueName\":\"search_term_string\"}}],\"inLanguage\":\"es\"},{\"@type\":\"Organization\",\"@id\":\"https:\/\/ajeandalucia.org\/cordoba\/#organization\",\"name\":\"AJE C\u00f3rdoba\",\"url\":\"https:\/\/ajeandalucia.org\/cordoba\/\",\"logo\":{\"@type\":\"ImageObject\",\"inLanguage\":\"es\",\"@id\":\"https:\/\/ajeandalucia.org\/cordoba\/#\/schema\/logo\/image\/\",\"url\":\"https:\/\/ajeandalucia.org\/cordoba\/wp-content\/uploads\/sites\/6\/2025\/01\/AJE-CORDOBA-horizontal.png\",\"contentUrl\":\"https:\/\/ajeandalucia.org\/cordoba\/wp-content\/uploads\/sites\/6\/2025\/01\/AJE-CORDOBA-horizontal.png\",\"width\":605,\"height\":200,\"caption\":\"AJE C\u00f3rdoba\"},\"image\":{\"@id\":\"https:\/\/ajeandalucia.org\/cordoba\/#\/schema\/logo\/image\/\"}},{\"@type\":\"Person\",\"@id\":\"https:\/\/ajeandalucia.org\/cordoba\/#\/schema\/person\/1d19f90c44baad3b3701f8af33c2f520\",\"name\":\"cordoba\",\"image\":{\"@type\":\"ImageObject\",\"inLanguage\":\"es\",\"@id\":\"https:\/\/ajeandalucia.org\/cordoba\/#\/schema\/person\/image\/\",\"url\":\"https:\/\/secure.gravatar.com\/avatar\/46102d83da7c40efca6d3413931ddaf8470cef93888429af7689de210b9bb6fe?s=96&d=mm&r=g\",\"contentUrl\":\"https:\/\/secure.gravatar.com\/avatar\/46102d83da7c40efca6d3413931ddaf8470cef93888429af7689de210b9bb6fe?s=96&d=mm&r=g\",\"caption\":\"cordoba\"},\"url\":\"https:\/\/ajeandalucia.org\/cordoba\/author\/cordoba\/\"}]}<\/script>\n<!-- \/ Yoast SEO plugin. -->","yoast_head_json":{"title":"DESAYUNO EMPRESARIAL AJE C\u00d3RDOBA - AJE C\u00f3rdoba","robots":{"index":"index","follow":"follow","max-snippet":"max-snippet:-1","max-image-preview":"max-image-preview:large","max-video-preview":"max-video-preview:-1"},"canonical":"https:\/\/ajeandalucia.org\/cordoba\/2024\/02\/05\/desayuno-empresarial-aje-cordoba-6\/","og_locale":"es_ES","og_type":"article","og_title":"DESAYUNO EMPRESARIAL AJE C\u00d3RDOBA - AJE C\u00f3rdoba","og_description":"\u00a1Empieza el d\u00eda con energ\u00eda! Continuamos con una de nuestras actividades m\u00e1s demandadas:\u00a0organizamos una nueva edici\u00f3n\u00a0de\u00a0DESAYUNO\u00a0EMPRESARIAL, una forma diferente de [&hellip;]","og_url":"https:\/\/ajeandalucia.org\/cordoba\/2024\/02\/05\/desayuno-empresarial-aje-cordoba-6\/","og_site_name":"AJE C\u00f3rdoba","article_published_time":"2024-02-05T18:41:16+00:00","og_image":[{"width":1080,"height":1080,"url":"https:\/\/ajeandalucia.org\/cordoba\/wp-content\/uploads\/sites\/6\/2024\/02\/Desayuno-AJE-Doble-Track.jpg","type":"image\/jpeg"}],"author":"cordoba","twitter_card":"summary_large_image","twitter_misc":{"Escrito por":"cordoba","Tiempo de lectura":"1 minuto"},"schema":{"@context":"https:\/\/schema.org","@graph":[{"@type":"Article","@id":"https:\/\/ajeandalucia.org\/cordoba\/2024\/02\/05\/desayuno-empresarial-aje-cordoba-6\/#article","isPartOf":{"@id":"https:\/\/ajeandalucia.org\/cordoba\/2024\/02\/05\/desayuno-empresarial-aje-cordoba-6\/"},"author":{"name":"cordoba","@id":"https:\/\/ajeandalucia.org\/cordoba\/#\/schema\/person\/1d19f90c44baad3b3701f8af33c2f520"},"headline":"DESAYUNO EMPRESARIAL AJE C\u00d3RDOBA","datePublished":"2024-02-05T18:41:16+00:00","mainEntityOfPage":{"@id":"https:\/\/ajeandalucia.org\/cordoba\/2024\/02\/05\/desayuno-empresarial-aje-cordoba-6\/"},"wordCount":172,"commentCount":0,"publisher":{"@id":"https:\/\/ajeandalucia.org\/cordoba\/#organization"},"image":{"@id":"https:\/\/ajeandalucia.org\/cordoba\/2024\/02\/05\/desayuno-empresarial-aje-cordoba-6\/#primaryimage"},"thumbnailUrl":"https:\/\/ajeandalucia.org\/cordoba\/wp-content\/uploads\/sites\/6\/2024\/02\/Desayuno-AJE-Doble-Track.jpg","articleSection":["Noticias"],"inLanguage":"es","potentialAction":[{"@type":"CommentAction","name":"Comment","target":["https:\/\/ajeandalucia.org\/cordoba\/2024\/02\/05\/desayuno-empresarial-aje-cordoba-6\/#respond"]}]},{"@type":"WebPage","@id":"https:\/\/ajeandalucia.org\/cordoba\/2024\/02\/05\/desayuno-empresarial-aje-cordoba-6\/","url":"https:\/\/ajeandalucia.org\/cordoba\/2024\/02\/05\/desayuno-empresarial-aje-cordoba-6\/","name":"DESAYUNO EMPRESARIAL AJE C\u00d3RDOBA - AJE C\u00f3rdoba","isPartOf":{"@id":"https:\/\/ajeandalucia.org\/cordoba\/#website"},"primaryImageOfPage":{"@id":"https:\/\/ajeandalucia.org\/cordoba\/2024\/02\/05\/desayuno-empresarial-aje-cordoba-6\/#primaryimage"},"image":{"@id":"https:\/\/ajeandalucia.org\/cordoba\/2024\/02\/05\/desayuno-empresarial-aje-cordoba-6\/#primaryimage"},"thumbnailUrl":"https:\/\/ajeandalucia.org\/cordoba\/wp-content\/uploads\/sites\/6\/2024\/02\/Desayuno-AJE-Doble-Track.jpg","datePublished":"2024-02-05T18:41:16+00:00","breadcrumb":{"@id":"https:\/\/ajeandalucia.org\/cordoba\/2024\/02\/05\/desayuno-empresarial-aje-cordoba-6\/#breadcrumb"},"inLanguage":"es","potentialAction":[{"@type":"ReadAction","target":["https:\/\/ajeandalucia.org\/cordoba\/2024\/02\/05\/desayuno-empresarial-aje-cordoba-6\/"]}]},{"@type":"ImageObject","inLanguage":"es","@id":"https:\/\/ajeandalucia.org\/cordoba\/2024\/02\/05\/desayuno-empresarial-aje-cordoba-6\/#primaryimage","url":"https:\/\/ajeandalucia.org\/cordoba\/wp-content\/uploads\/sites\/6\/2024\/02\/Desayuno-AJE-Doble-Track.jpg","contentUrl":"https:\/\/ajeandalucia.org\/cordoba\/wp-content\/uploads\/sites\/6\/2024\/02\/Desayuno-AJE-Doble-Track.jpg","width":1080,"height":1080},{"@type":"BreadcrumbList","@id":"https:\/\/ajeandalucia.org\/cordoba\/2024\/02\/05\/desayuno-empresarial-aje-cordoba-6\/#breadcrumb","itemListElement":[{"@type":"ListItem","position":1,"name":"Portada","item":"https:\/\/ajeandalucia.org\/cordoba\/"},{"@type":"ListItem","position":2,"name":"DESAYUNO EMPRESARIAL AJE C\u00d3RDOBA"}]},{"@type":"WebSite","@id":"https:\/\/ajeandalucia.org\/cordoba\/#website","url":"https:\/\/ajeandalucia.org\/cordoba\/","name":"AJE C\u00f3rdoba","description":"Otro sitio m\u00e1s de AJE Andaluc\u00eda","publisher":{"@id":"https:\/\/ajeandalucia.org\/cordoba\/#organization"},"potentialAction":[{"@type":"SearchAction","target":{"@type":"EntryPoint","urlTemplate":"https:\/\/ajeandalucia.org\/cordoba\/?s={search_term_string}"},"query-input":{"@type":"PropertyValueSpecification","valueRequired":true,"valueName":"search_term_string"}}],"inLanguage":"es"},{"@type":"Organization","@id":"https:\/\/ajeandalucia.org\/cordoba\/#organization","name":"AJE C\u00f3rdoba","url":"https:\/\/ajeandalucia.org\/cordoba\/","logo":{"@type":"ImageObject","inLanguage":"es","@id":"https:\/\/ajeandalucia.org\/cordoba\/#\/schema\/logo\/image\/","url":"https:\/\/ajeandalucia.org\/cordoba\/wp-content\/uploads\/sites\/6\/2025\/01\/AJE-CORDOBA-horizontal.png","contentUrl":"https:\/\/ajeandalucia.org\/cordoba\/wp-content\/uploads\/sites\/6\/2025\/01\/AJE-CORDOBA-horizontal.png","width":605,"height":200,"caption":"AJE C\u00f3rdoba"},"image":{"@id":"https:\/\/ajeandalucia.org\/cordoba\/#\/schema\/logo\/image\/"}},{"@type":"Person","@id":"https:\/\/ajeandalucia.org\/cordoba\/#\/schema\/person\/1d19f90c44baad3b3701f8af33c2f520","name":"cordoba","image":{"@type":"ImageObject","inLanguage":"es","@id":"https:\/\/ajeandalucia.org\/cordoba\/#\/schema\/person\/image\/","url":"https:\/\/secure.gravatar.com\/avatar\/46102d83da7c40efca6d3413931ddaf8470cef93888429af7689de210b9bb6fe?s=96&d=mm&r=g","contentUrl":"https:\/\/secure.gravatar.com\/avatar\/46102d83da7c40efca6d3413931ddaf8470cef93888429af7689de210b9bb6fe?s=96&d=mm&r=g","caption":"cordoba"},"url":"https:\/\/ajeandalucia.org\/cordoba\/author\/cordoba\/"}]}},"_links":{"self":[{"href":"https:\/\/ajeandalucia.org\/cordoba\/wp-json\/wp\/v2\/posts\/7947","targetHints":{"allow":["GET"]}}],"collection":[{"href":"https:\/\/ajeandalucia.org\/cordoba\/wp-json\/wp\/v2\/posts"}],"about":[{"href":"https:\/\/ajeandalucia.org\/cordoba\/wp-json\/wp\/v2\/types\/post"}],"author":[{"embeddable":true,"href":"https:\/\/ajeandalucia.org\/cordoba\/wp-json\/wp\/v2\/users\/5"}],"replies":[{"embeddable":true,"href":"https:\/\/ajeandalucia.org\/cordoba\/wp-json\/wp\/v2\/comments?post=7947"}],"version-history":[{"count":1,"href":"https:\/\/ajeandalucia.org\/cordoba\/wp-json\/wp\/v2\/posts\/7947\/revisions"}],"predecessor-version":[{"id":7949,"href":"https:\/\/ajeandalucia.org\/cordoba\/wp-json\/wp\/v2\/posts\/7947\/revisions\/7949"}],"wp:featuredmedia":[{"embeddable":true,"href":"https:\/\/ajeandalucia.org\/cordoba\/wp-json\/wp\/v2\/media\/7948"}],"wp:attachment":[{"href":"https:\/\/ajeandalucia.org\/cordoba\/wp-json\/wp\/v2\/media?parent=7947"}],"wp:term":[{"taxonomy":"category","embeddable":true,"href":"https:\/\/ajeandalucia.org\/cordoba\/wp-json\/wp\/v2\/categories?post=7947"},{"taxonomy":"post_tag","embeddable":true,"href":"https:\/\/ajeandalucia.org\/cordoba\/wp-json\/wp\/v2\/tags?post=7947"}],"curies":[{"name":"wp","href":"https:\/\/api.w.org\/{rel}","templated":true}]}}