{"id":7987,"date":"2024-02-21T13:18:41","date_gmt":"2024-02-21T13:18:41","guid":{"rendered":"https:\/\/www.ajeandalucia.org\/cordoba\/?p=7987"},"modified":"2024-02-21T13:18:41","modified_gmt":"2024-02-21T13:18:41","slug":"programa-de-formacion-ejecutiva-aje-formacion-dirigida-a-mejorar-los-principales-problemas-detectados-en-los-primeros-anos-de-vida-de-la-pyme","status":"publish","type":"post","link":"https:\/\/ajeandalucia.org\/cordoba\/2024\/02\/21\/programa-de-formacion-ejecutiva-aje-formacion-dirigida-a-mejorar-los-principales-problemas-detectados-en-los-primeros-anos-de-vida-de-la-pyme\/","title":{"rendered":"Programa de Formaci\u00f3n Ejecutiva AJE: formaci\u00f3n dirigida a mejorar los principales problemas detectados en los primeros a\u00f1os de vida de la Pyme."},"content":{"rendered":"<p>Estamos muy ilusionados de poder informaros que desde AJE C\u00f3rdoba y Fundecor hemos puesto en marcha el Programa de Formaci\u00f3n Ejecutiva AJE: formaci\u00f3n dirigida a mejorar los principales problemas detectados en los primeros a\u00f1os de vida de la Pyme.<\/p>\n<p>Formaci\u00f3n presencial acreditada con 4 ECTS por la Universidad de C\u00f3rdoba, con 40 horas presenciales impartidas por especialistas de la Universidad \u2013 empresa.<\/p>\n<p>Los objetivos del curso es una Objetivos del curso es una Formaci\u00f3n enfocada en los principales problemas detectados en las Pymes en sus primeros a\u00f1os de vida.<\/p>\n<p>El numero de plazas esta limitado a 20.<\/p>\n<p>En este enlace tienes toda la informacion y te puedes inscribir<\/p>\n<p><a href=\"https:\/\/programa-formacion-ejecutiva-aje-2024.vercel.app\/\">https:\/\/programa-formacion-ejecutiva-aje-2024.vercel.app\/<\/a><\/p>\n<p>No lo dudes y reserva tu plaza.<\/p>\n<p>Cons\u00faltanos cualquier duda que tengas en <a href=\"mailto:gerencia@ajecordoba.org\">gerencia@ajecordoba.org\u00a0<\/a><\/p>\n","protected":false},"excerpt":{"rendered":"<p>Estamos muy ilusionados de poder informaros que desde AJE C\u00f3rdoba y Fundecor hemos puesto en marcha el Programa de Formaci\u00f3n [&hellip;]<\/p>\n","protected":false},"author":5,"featured_media":7988,"comment_status":"open","ping_status":"open","sticky":false,"template":"","format":"standard","meta":{"_acf_changed":false,"site-sidebar-layout":"default","site-content-layout":"","ast-site-content-layout":"default","site-content-style":"default","site-sidebar-style":"default","ast-global-header-display":"","ast-banner-title-visibility":"","ast-main-header-display":"","ast-hfb-above-header-display":"","ast-hfb-below-header-display":"","ast-hfb-mobile-header-display":"","site-post-title":"","ast-breadcrumbs-content":"","ast-featured-img":"","footer-sml-layout":"","ast-disable-related-posts":"","theme-transparent-header-meta":"","adv-header-id-meta":"","stick-header-meta":"","header-above-stick-meta":"","header-main-stick-meta":"","header-below-stick-meta":"","astra-migrate-meta-layouts":"default","ast-page-background-enabled":"default","ast-page-background-meta":{"desktop":{"background-color":"var(--ast-global-color-5)","background-image":"","background-repeat":"repeat","background-position":"center center","background-size":"auto","background-attachment":"scroll","background-type":"","background-media":"","overlay-type":"","overlay-color":"","overlay-opacity":"","overlay-gradient":""},"tablet":{"background-color":"","background-image":"","background-repeat":"repeat","background-position":"center center","background-size":"auto","background-attachment":"scroll","background-type":"","background-media":"","overlay-type":"","overlay-color":"","overlay-opacity":"","overlay-gradient":""},"mobile":{"background-color":"","background-image":"","background-repeat":"repeat","background-position":"center center","background-size":"auto","background-attachment":"scroll","background-type":"","background-media":"","overlay-type":"","overlay-color":"","overlay-opacity":"","overlay-gradient":""}},"ast-content-background-meta":{"desktop":{"background-color":"var(--ast-global-color-4)","background-image":"","background-repeat":"repeat","background-position":"center center","background-size":"auto","background-attachment":"scroll","background-type":"","background-media":"","overlay-type":"","overlay-color":"","overlay-opacity":"","overlay-gradient":""},"tablet":{"background-color":"var(--ast-global-color-4)","background-image":"","background-repeat":"repeat","background-position":"center center","background-size":"auto","background-attachment":"scroll","background-type":"","background-media":"","overlay-type":"","overlay-color":"","overlay-opacity":"","overlay-gradient":""},"mobile":{"background-color":"var(--ast-global-color-4)","background-image":"","background-repeat":"repeat","background-position":"center center","background-size":"auto","background-attachment":"scroll","background-type":"","background-media":"","overlay-type":"","overlay-color":"","overlay-opacity":"","overlay-gradient":""}},"footnotes":""},"categories":[8],"tags":[],"class_list":["post-7987","post","type-post","status-publish","format-standard","has-post-thumbnail","hentry","category-noticias"],"acf":[],"yoast_head":"<!-- This site is optimized with the Yoast SEO plugin v26.9 - https:\/\/yoast.com\/product\/yoast-seo-wordpress\/ -->\n<title>Programa de Formaci\u00f3n Ejecutiva AJE: formaci\u00f3n dirigida a mejorar los principales problemas detectados en los primeros a\u00f1os de vida de la Pyme. - AJE C\u00f3rdoba<\/title>\n<meta name=\"robots\" content=\"index, follow, max-snippet:-1, max-image-preview:large, max-video-preview:-1\" \/>\n<link rel=\"canonical\" href=\"https:\/\/ajeandalucia.org\/cordoba\/2024\/02\/21\/programa-de-formacion-ejecutiva-aje-formacion-dirigida-a-mejorar-los-principales-problemas-detectados-en-los-primeros-anos-de-vida-de-la-pyme\/\" \/>\n<meta property=\"og:locale\" content=\"es_ES\" \/>\n<meta property=\"og:type\" content=\"article\" \/>\n<meta property=\"og:title\" content=\"Programa de Formaci\u00f3n Ejecutiva AJE: formaci\u00f3n dirigida a mejorar los principales problemas detectados en los primeros a\u00f1os de vida de la Pyme. - AJE C\u00f3rdoba\" \/>\n<meta property=\"og:description\" content=\"Estamos muy ilusionados de poder informaros que desde AJE C\u00f3rdoba y Fundecor hemos puesto en marcha el Programa de Formaci\u00f3n [&hellip;]\" \/>\n<meta property=\"og:url\" content=\"https:\/\/ajeandalucia.org\/cordoba\/2024\/02\/21\/programa-de-formacion-ejecutiva-aje-formacion-dirigida-a-mejorar-los-principales-problemas-detectados-en-los-primeros-anos-de-vida-de-la-pyme\/\" \/>\n<meta property=\"og:site_name\" content=\"AJE C\u00f3rdoba\" \/>\n<meta property=\"article:published_time\" content=\"2024-02-21T13:18:41+00:00\" \/>\n<meta property=\"og:image\" content=\"https:\/\/ajeandalucia.org\/cordoba\/wp-content\/uploads\/sites\/6\/2024\/02\/formacion_ejecutiva_AJE.png\" \/>\n\t<meta property=\"og:image:width\" content=\"1587\" \/>\n\t<meta property=\"og:image:height\" content=\"2245\" \/>\n\t<meta property=\"og:image:type\" content=\"image\/png\" \/>\n<meta name=\"author\" content=\"cordoba\" \/>\n<meta name=\"twitter:card\" content=\"summary_large_image\" \/>\n<meta name=\"twitter:label1\" content=\"Escrito por\" \/>\n\t<meta name=\"twitter:data1\" content=\"cordoba\" \/>\n\t<meta name=\"twitter:label2\" content=\"Tiempo de lectura\" \/>\n\t<meta name=\"twitter:data2\" content=\"1 minuto\" \/>\n<script type=\"application\/ld+json\" class=\"yoast-schema-graph\">{\"@context\":\"https:\/\/schema.org\",\"@graph\":[{\"@type\":\"Article\",\"@id\":\"https:\/\/ajeandalucia.org\/cordoba\/2024\/02\/21\/programa-de-formacion-ejecutiva-aje-formacion-dirigida-a-mejorar-los-principales-problemas-detectados-en-los-primeros-anos-de-vida-de-la-pyme\/#article\",\"isPartOf\":{\"@id\":\"https:\/\/ajeandalucia.org\/cordoba\/2024\/02\/21\/programa-de-formacion-ejecutiva-aje-formacion-dirigida-a-mejorar-los-principales-problemas-detectados-en-los-primeros-anos-de-vida-de-la-pyme\/\"},\"author\":{\"name\":\"cordoba\",\"@id\":\"https:\/\/ajeandalucia.org\/cordoba\/#\/schema\/person\/1d19f90c44baad3b3701f8af33c2f520\"},\"headline\":\"Programa de Formaci\u00f3n Ejecutiva AJE: formaci\u00f3n dirigida a mejorar los principales problemas detectados en los primeros a\u00f1os de vida de la Pyme.\",\"datePublished\":\"2024-02-21T13:18:41+00:00\",\"mainEntityOfPage\":{\"@id\":\"https:\/\/ajeandalucia.org\/cordoba\/2024\/02\/21\/programa-de-formacion-ejecutiva-aje-formacion-dirigida-a-mejorar-los-principales-problemas-detectados-en-los-primeros-anos-de-vida-de-la-pyme\/\"},\"wordCount\":158,\"commentCount\":0,\"publisher\":{\"@id\":\"https:\/\/ajeandalucia.org\/cordoba\/#organization\"},\"image\":{\"@id\":\"https:\/\/ajeandalucia.org\/cordoba\/2024\/02\/21\/programa-de-formacion-ejecutiva-aje-formacion-dirigida-a-mejorar-los-principales-problemas-detectados-en-los-primeros-anos-de-vida-de-la-pyme\/#primaryimage\"},\"thumbnailUrl\":\"https:\/\/ajeandalucia.org\/cordoba\/wp-content\/uploads\/sites\/6\/2024\/02\/formacion_ejecutiva_AJE.png\",\"articleSection\":[\"Noticias\"],\"inLanguage\":\"es\",\"potentialAction\":[{\"@type\":\"CommentAction\",\"name\":\"Comment\",\"target\":[\"https:\/\/ajeandalucia.org\/cordoba\/2024\/02\/21\/programa-de-formacion-ejecutiva-aje-formacion-dirigida-a-mejorar-los-principales-problemas-detectados-en-los-primeros-anos-de-vida-de-la-pyme\/#respond\"]}]},{\"@type\":\"WebPage\",\"@id\":\"https:\/\/ajeandalucia.org\/cordoba\/2024\/02\/21\/programa-de-formacion-ejecutiva-aje-formacion-dirigida-a-mejorar-los-principales-problemas-detectados-en-los-primeros-anos-de-vida-de-la-pyme\/\",\"url\":\"https:\/\/ajeandalucia.org\/cordoba\/2024\/02\/21\/programa-de-formacion-ejecutiva-aje-formacion-dirigida-a-mejorar-los-principales-problemas-detectados-en-los-primeros-anos-de-vida-de-la-pyme\/\",\"name\":\"Programa de Formaci\u00f3n Ejecutiva AJE: formaci\u00f3n dirigida a mejorar los principales problemas detectados en los primeros a\u00f1os de vida de la Pyme. - AJE C\u00f3rdoba\",\"isPartOf\":{\"@id\":\"https:\/\/ajeandalucia.org\/cordoba\/#website\"},\"primaryImageOfPage\":{\"@id\":\"https:\/\/ajeandalucia.org\/cordoba\/2024\/02\/21\/programa-de-formacion-ejecutiva-aje-formacion-dirigida-a-mejorar-los-principales-problemas-detectados-en-los-primeros-anos-de-vida-de-la-pyme\/#primaryimage\"},\"image\":{\"@id\":\"https:\/\/ajeandalucia.org\/cordoba\/2024\/02\/21\/programa-de-formacion-ejecutiva-aje-formacion-dirigida-a-mejorar-los-principales-problemas-detectados-en-los-primeros-anos-de-vida-de-la-pyme\/#primaryimage\"},\"thumbnailUrl\":\"https:\/\/ajeandalucia.org\/cordoba\/wp-content\/uploads\/sites\/6\/2024\/02\/formacion_ejecutiva_AJE.png\",\"datePublished\":\"2024-02-21T13:18:41+00:00\",\"breadcrumb\":{\"@id\":\"https:\/\/ajeandalucia.org\/cordoba\/2024\/02\/21\/programa-de-formacion-ejecutiva-aje-formacion-dirigida-a-mejorar-los-principales-problemas-detectados-en-los-primeros-anos-de-vida-de-la-pyme\/#breadcrumb\"},\"inLanguage\":\"es\",\"potentialAction\":[{\"@type\":\"ReadAction\",\"target\":[\"https:\/\/ajeandalucia.org\/cordoba\/2024\/02\/21\/programa-de-formacion-ejecutiva-aje-formacion-dirigida-a-mejorar-los-principales-problemas-detectados-en-los-primeros-anos-de-vida-de-la-pyme\/\"]}]},{\"@type\":\"ImageObject\",\"inLanguage\":\"es\",\"@id\":\"https:\/\/ajeandalucia.org\/cordoba\/2024\/02\/21\/programa-de-formacion-ejecutiva-aje-formacion-dirigida-a-mejorar-los-principales-problemas-detectados-en-los-primeros-anos-de-vida-de-la-pyme\/#primaryimage\",\"url\":\"https:\/\/ajeandalucia.org\/cordoba\/wp-content\/uploads\/sites\/6\/2024\/02\/formacion_ejecutiva_AJE.png\",\"contentUrl\":\"https:\/\/ajeandalucia.org\/cordoba\/wp-content\/uploads\/sites\/6\/2024\/02\/formacion_ejecutiva_AJE.png\",\"width\":1587,\"height\":2245},{\"@type\":\"BreadcrumbList\",\"@id\":\"https:\/\/ajeandalucia.org\/cordoba\/2024\/02\/21\/programa-de-formacion-ejecutiva-aje-formacion-dirigida-a-mejorar-los-principales-problemas-detectados-en-los-primeros-anos-de-vida-de-la-pyme\/#breadcrumb\",\"itemListElement\":[{\"@type\":\"ListItem\",\"position\":1,\"name\":\"Portada\",\"item\":\"https:\/\/ajeandalucia.org\/cordoba\/\"},{\"@type\":\"ListItem\",\"position\":2,\"name\":\"Programa de Formaci\u00f3n Ejecutiva AJE: formaci\u00f3n dirigida a mejorar los principales problemas detectados en los primeros a\u00f1os de vida de la Pyme.\"}]},{\"@type\":\"WebSite\",\"@id\":\"https:\/\/ajeandalucia.org\/cordoba\/#website\",\"url\":\"https:\/\/ajeandalucia.org\/cordoba\/\",\"name\":\"AJE C\u00f3rdoba\",\"description\":\"Otro sitio m\u00e1s de AJE Andaluc\u00eda\",\"publisher\":{\"@id\":\"https:\/\/ajeandalucia.org\/cordoba\/#organization\"},\"potentialAction\":[{\"@type\":\"SearchAction\",\"target\":{\"@type\":\"EntryPoint\",\"urlTemplate\":\"https:\/\/ajeandalucia.org\/cordoba\/?s={search_term_string}\"},\"query-input\":{\"@type\":\"PropertyValueSpecification\",\"valueRequired\":true,\"valueName\":\"search_term_string\"}}],\"inLanguage\":\"es\"},{\"@type\":\"Organization\",\"@id\":\"https:\/\/ajeandalucia.org\/cordoba\/#organization\",\"name\":\"AJE C\u00f3rdoba\",\"url\":\"https:\/\/ajeandalucia.org\/cordoba\/\",\"logo\":{\"@type\":\"ImageObject\",\"inLanguage\":\"es\",\"@id\":\"https:\/\/ajeandalucia.org\/cordoba\/#\/schema\/logo\/image\/\",\"url\":\"https:\/\/ajeandalucia.org\/cordoba\/wp-content\/uploads\/sites\/6\/2025\/01\/AJE-CORDOBA-horizontal.png\",\"contentUrl\":\"https:\/\/ajeandalucia.org\/cordoba\/wp-content\/uploads\/sites\/6\/2025\/01\/AJE-CORDOBA-horizontal.png\",\"width\":605,\"height\":200,\"caption\":\"AJE C\u00f3rdoba\"},\"image\":{\"@id\":\"https:\/\/ajeandalucia.org\/cordoba\/#\/schema\/logo\/image\/\"}},{\"@type\":\"Person\",\"@id\":\"https:\/\/ajeandalucia.org\/cordoba\/#\/schema\/person\/1d19f90c44baad3b3701f8af33c2f520\",\"name\":\"cordoba\",\"image\":{\"@type\":\"ImageObject\",\"inLanguage\":\"es\",\"@id\":\"https:\/\/ajeandalucia.org\/cordoba\/#\/schema\/person\/image\/\",\"url\":\"https:\/\/secure.gravatar.com\/avatar\/46102d83da7c40efca6d3413931ddaf8470cef93888429af7689de210b9bb6fe?s=96&d=mm&r=g\",\"contentUrl\":\"https:\/\/secure.gravatar.com\/avatar\/46102d83da7c40efca6d3413931ddaf8470cef93888429af7689de210b9bb6fe?s=96&d=mm&r=g\",\"caption\":\"cordoba\"},\"url\":\"https:\/\/ajeandalucia.org\/cordoba\/author\/cordoba\/\"}]}<\/script>\n<!-- \/ Yoast SEO plugin. -->","yoast_head_json":{"title":"Programa de Formaci\u00f3n Ejecutiva AJE: formaci\u00f3n dirigida a mejorar los principales problemas detectados en los primeros a\u00f1os de vida de la Pyme. - AJE C\u00f3rdoba","robots":{"index":"index","follow":"follow","max-snippet":"max-snippet:-1","max-image-preview":"max-image-preview:large","max-video-preview":"max-video-preview:-1"},"canonical":"https:\/\/ajeandalucia.org\/cordoba\/2024\/02\/21\/programa-de-formacion-ejecutiva-aje-formacion-dirigida-a-mejorar-los-principales-problemas-detectados-en-los-primeros-anos-de-vida-de-la-pyme\/","og_locale":"es_ES","og_type":"article","og_title":"Programa de Formaci\u00f3n Ejecutiva AJE: formaci\u00f3n dirigida a mejorar los principales problemas detectados en los primeros a\u00f1os de vida de la Pyme. - AJE C\u00f3rdoba","og_description":"Estamos muy ilusionados de poder informaros que desde AJE C\u00f3rdoba y Fundecor hemos puesto en marcha el Programa de Formaci\u00f3n [&hellip;]","og_url":"https:\/\/ajeandalucia.org\/cordoba\/2024\/02\/21\/programa-de-formacion-ejecutiva-aje-formacion-dirigida-a-mejorar-los-principales-problemas-detectados-en-los-primeros-anos-de-vida-de-la-pyme\/","og_site_name":"AJE C\u00f3rdoba","article_published_time":"2024-02-21T13:18:41+00:00","og_image":[{"width":1587,"height":2245,"url":"https:\/\/ajeandalucia.org\/cordoba\/wp-content\/uploads\/sites\/6\/2024\/02\/formacion_ejecutiva_AJE.png","type":"image\/png"}],"author":"cordoba","twitter_card":"summary_large_image","twitter_misc":{"Escrito por":"cordoba","Tiempo de lectura":"1 minuto"},"schema":{"@context":"https:\/\/schema.org","@graph":[{"@type":"Article","@id":"https:\/\/ajeandalucia.org\/cordoba\/2024\/02\/21\/programa-de-formacion-ejecutiva-aje-formacion-dirigida-a-mejorar-los-principales-problemas-detectados-en-los-primeros-anos-de-vida-de-la-pyme\/#article","isPartOf":{"@id":"https:\/\/ajeandalucia.org\/cordoba\/2024\/02\/21\/programa-de-formacion-ejecutiva-aje-formacion-dirigida-a-mejorar-los-principales-problemas-detectados-en-los-primeros-anos-de-vida-de-la-pyme\/"},"author":{"name":"cordoba","@id":"https:\/\/ajeandalucia.org\/cordoba\/#\/schema\/person\/1d19f90c44baad3b3701f8af33c2f520"},"headline":"Programa de Formaci\u00f3n Ejecutiva AJE: formaci\u00f3n dirigida a mejorar los principales problemas detectados en los primeros a\u00f1os de vida de la Pyme.","datePublished":"2024-02-21T13:18:41+00:00","mainEntityOfPage":{"@id":"https:\/\/ajeandalucia.org\/cordoba\/2024\/02\/21\/programa-de-formacion-ejecutiva-aje-formacion-dirigida-a-mejorar-los-principales-problemas-detectados-en-los-primeros-anos-de-vida-de-la-pyme\/"},"wordCount":158,"commentCount":0,"publisher":{"@id":"https:\/\/ajeandalucia.org\/cordoba\/#organization"},"image":{"@id":"https:\/\/ajeandalucia.org\/cordoba\/2024\/02\/21\/programa-de-formacion-ejecutiva-aje-formacion-dirigida-a-mejorar-los-principales-problemas-detectados-en-los-primeros-anos-de-vida-de-la-pyme\/#primaryimage"},"thumbnailUrl":"https:\/\/ajeandalucia.org\/cordoba\/wp-content\/uploads\/sites\/6\/2024\/02\/formacion_ejecutiva_AJE.png","articleSection":["Noticias"],"inLanguage":"es","potentialAction":[{"@type":"CommentAction","name":"Comment","target":["https:\/\/ajeandalucia.org\/cordoba\/2024\/02\/21\/programa-de-formacion-ejecutiva-aje-formacion-dirigida-a-mejorar-los-principales-problemas-detectados-en-los-primeros-anos-de-vida-de-la-pyme\/#respond"]}]},{"@type":"WebPage","@id":"https:\/\/ajeandalucia.org\/cordoba\/2024\/02\/21\/programa-de-formacion-ejecutiva-aje-formacion-dirigida-a-mejorar-los-principales-problemas-detectados-en-los-primeros-anos-de-vida-de-la-pyme\/","url":"https:\/\/ajeandalucia.org\/cordoba\/2024\/02\/21\/programa-de-formacion-ejecutiva-aje-formacion-dirigida-a-mejorar-los-principales-problemas-detectados-en-los-primeros-anos-de-vida-de-la-pyme\/","name":"Programa de Formaci\u00f3n Ejecutiva AJE: formaci\u00f3n dirigida a mejorar los principales problemas detectados en los primeros a\u00f1os de vida de la Pyme. - AJE C\u00f3rdoba","isPartOf":{"@id":"https:\/\/ajeandalucia.org\/cordoba\/#website"},"primaryImageOfPage":{"@id":"https:\/\/ajeandalucia.org\/cordoba\/2024\/02\/21\/programa-de-formacion-ejecutiva-aje-formacion-dirigida-a-mejorar-los-principales-problemas-detectados-en-los-primeros-anos-de-vida-de-la-pyme\/#primaryimage"},"image":{"@id":"https:\/\/ajeandalucia.org\/cordoba\/2024\/02\/21\/programa-de-formacion-ejecutiva-aje-formacion-dirigida-a-mejorar-los-principales-problemas-detectados-en-los-primeros-anos-de-vida-de-la-pyme\/#primaryimage"},"thumbnailUrl":"https:\/\/ajeandalucia.org\/cordoba\/wp-content\/uploads\/sites\/6\/2024\/02\/formacion_ejecutiva_AJE.png","datePublished":"2024-02-21T13:18:41+00:00","breadcrumb":{"@id":"https:\/\/ajeandalucia.org\/cordoba\/2024\/02\/21\/programa-de-formacion-ejecutiva-aje-formacion-dirigida-a-mejorar-los-principales-problemas-detectados-en-los-primeros-anos-de-vida-de-la-pyme\/#breadcrumb"},"inLanguage":"es","potentialAction":[{"@type":"ReadAction","target":["https:\/\/ajeandalucia.org\/cordoba\/2024\/02\/21\/programa-de-formacion-ejecutiva-aje-formacion-dirigida-a-mejorar-los-principales-problemas-detectados-en-los-primeros-anos-de-vida-de-la-pyme\/"]}]},{"@type":"ImageObject","inLanguage":"es","@id":"https:\/\/ajeandalucia.org\/cordoba\/2024\/02\/21\/programa-de-formacion-ejecutiva-aje-formacion-dirigida-a-mejorar-los-principales-problemas-detectados-en-los-primeros-anos-de-vida-de-la-pyme\/#primaryimage","url":"https:\/\/ajeandalucia.org\/cordoba\/wp-content\/uploads\/sites\/6\/2024\/02\/formacion_ejecutiva_AJE.png","contentUrl":"https:\/\/ajeandalucia.org\/cordoba\/wp-content\/uploads\/sites\/6\/2024\/02\/formacion_ejecutiva_AJE.png","width":1587,"height":2245},{"@type":"BreadcrumbList","@id":"https:\/\/ajeandalucia.org\/cordoba\/2024\/02\/21\/programa-de-formacion-ejecutiva-aje-formacion-dirigida-a-mejorar-los-principales-problemas-detectados-en-los-primeros-anos-de-vida-de-la-pyme\/#breadcrumb","itemListElement":[{"@type":"ListItem","position":1,"name":"Portada","item":"https:\/\/ajeandalucia.org\/cordoba\/"},{"@type":"ListItem","position":2,"name":"Programa de Formaci\u00f3n Ejecutiva AJE: formaci\u00f3n dirigida a mejorar los principales problemas detectados en los primeros a\u00f1os de vida de la Pyme."}]},{"@type":"WebSite","@id":"https:\/\/ajeandalucia.org\/cordoba\/#website","url":"https:\/\/ajeandalucia.org\/cordoba\/","name":"AJE C\u00f3rdoba","description":"Otro sitio m\u00e1s de AJE Andaluc\u00eda","publisher":{"@id":"https:\/\/ajeandalucia.org\/cordoba\/#organization"},"potentialAction":[{"@type":"SearchAction","target":{"@type":"EntryPoint","urlTemplate":"https:\/\/ajeandalucia.org\/cordoba\/?s={search_term_string}"},"query-input":{"@type":"PropertyValueSpecification","valueRequired":true,"valueName":"search_term_string"}}],"inLanguage":"es"},{"@type":"Organization","@id":"https:\/\/ajeandalucia.org\/cordoba\/#organization","name":"AJE C\u00f3rdoba","url":"https:\/\/ajeandalucia.org\/cordoba\/","logo":{"@type":"ImageObject","inLanguage":"es","@id":"https:\/\/ajeandalucia.org\/cordoba\/#\/schema\/logo\/image\/","url":"https:\/\/ajeandalucia.org\/cordoba\/wp-content\/uploads\/sites\/6\/2025\/01\/AJE-CORDOBA-horizontal.png","contentUrl":"https:\/\/ajeandalucia.org\/cordoba\/wp-content\/uploads\/sites\/6\/2025\/01\/AJE-CORDOBA-horizontal.png","width":605,"height":200,"caption":"AJE C\u00f3rdoba"},"image":{"@id":"https:\/\/ajeandalucia.org\/cordoba\/#\/schema\/logo\/image\/"}},{"@type":"Person","@id":"https:\/\/ajeandalucia.org\/cordoba\/#\/schema\/person\/1d19f90c44baad3b3701f8af33c2f520","name":"cordoba","image":{"@type":"ImageObject","inLanguage":"es","@id":"https:\/\/ajeandalucia.org\/cordoba\/#\/schema\/person\/image\/","url":"https:\/\/secure.gravatar.com\/avatar\/46102d83da7c40efca6d3413931ddaf8470cef93888429af7689de210b9bb6fe?s=96&d=mm&r=g","contentUrl":"https:\/\/secure.gravatar.com\/avatar\/46102d83da7c40efca6d3413931ddaf8470cef93888429af7689de210b9bb6fe?s=96&d=mm&r=g","caption":"cordoba"},"url":"https:\/\/ajeandalucia.org\/cordoba\/author\/cordoba\/"}]}},"_links":{"self":[{"href":"https:\/\/ajeandalucia.org\/cordoba\/wp-json\/wp\/v2\/posts\/7987","targetHints":{"allow":["GET"]}}],"collection":[{"href":"https:\/\/ajeandalucia.org\/cordoba\/wp-json\/wp\/v2\/posts"}],"about":[{"href":"https:\/\/ajeandalucia.org\/cordoba\/wp-json\/wp\/v2\/types\/post"}],"author":[{"embeddable":true,"href":"https:\/\/ajeandalucia.org\/cordoba\/wp-json\/wp\/v2\/users\/5"}],"replies":[{"embeddable":true,"href":"https:\/\/ajeandalucia.org\/cordoba\/wp-json\/wp\/v2\/comments?post=7987"}],"version-history":[{"count":1,"href":"https:\/\/ajeandalucia.org\/cordoba\/wp-json\/wp\/v2\/posts\/7987\/revisions"}],"predecessor-version":[{"id":7989,"href":"https:\/\/ajeandalucia.org\/cordoba\/wp-json\/wp\/v2\/posts\/7987\/revisions\/7989"}],"wp:featuredmedia":[{"embeddable":true,"href":"https:\/\/ajeandalucia.org\/cordoba\/wp-json\/wp\/v2\/media\/7988"}],"wp:attachment":[{"href":"https:\/\/ajeandalucia.org\/cordoba\/wp-json\/wp\/v2\/media?parent=7987"}],"wp:term":[{"taxonomy":"category","embeddable":true,"href":"https:\/\/ajeandalucia.org\/cordoba\/wp-json\/wp\/v2\/categories?post=7987"},{"taxonomy":"post_tag","embeddable":true,"href":"https:\/\/ajeandalucia.org\/cordoba\/wp-json\/wp\/v2\/tags?post=7987"}],"curies":[{"name":"wp","href":"https:\/\/api.w.org\/{rel}","templated":true}]}}