{"id":8052,"date":"2024-03-11T11:23:06","date_gmt":"2024-03-11T11:23:06","guid":{"rendered":"https:\/\/www.ajeandalucia.org\/cordoba\/?p=8052"},"modified":"2024-03-12T11:26:11","modified_gmt":"2024-03-12T11:26:11","slug":"charlas-formativas-juventud-emprendedora-esal2023","status":"publish","type":"post","link":"https:\/\/ajeandalucia.org\/cordoba\/2024\/03\/11\/charlas-formativas-juventud-emprendedora-esal2023\/","title":{"rendered":"Charlas formativas Juventud Emprendedora #ESAL2023"},"content":{"rendered":"<p>Nuestro asociado Enrique Vicente Gonzalez\u00a0 CEO en Stock padel padel ha impartido una charla a los alumnos de cultura emprendedora y empresarial de 1\u00ba Bachillerato del IES Averroes<\/p>\n<p>Les ha hablado a los alumnos de su experiencia empresarial y les ha transmitido unas interesantes pautas a tener en cuenta cuando se quiere emprender un proyecto.<\/p>\n<p>En la charla tambi\u00e9n ha participado Virginia Aguilar\u00a0 gerente de AJE C\u00f3rdoba que les ha presentado a los alumnos la asociaci\u00f3n y el trabajo que hacemos con los j\u00f3venes emprendedores.<\/p>\n<p>Esta acci\u00f3n forma parte del proyecto de AJE C\u00f3rdoba financiado por el IMDEEC\u00a0 dentro de la Convocatoria ESAL 2023.<\/p>\n<p>Nos encantan estos proyectos!!!<\/p>\n<p><img loading=\"lazy\" decoding=\"async\" class=\"alignnone size-medium wp-image-8054\" src=\"https:\/\/www.ajeandalucia.org\/cordoba\/wp-content\/uploads\/sites\/6\/2024\/03\/Charlas-IMDEEC-300x157.jpg\" alt=\"\" width=\"300\" height=\"157\" srcset=\"https:\/\/ajeandalucia.org\/cordoba\/wp-content\/uploads\/sites\/6\/2024\/03\/Charlas-IMDEEC-300x157.jpg 300w, https:\/\/ajeandalucia.org\/cordoba\/wp-content\/uploads\/sites\/6\/2024\/03\/Charlas-IMDEEC-768x402.jpg 768w, https:\/\/ajeandalucia.org\/cordoba\/wp-content\/uploads\/sites\/6\/2024\/03\/Charlas-IMDEEC-1024x536.jpg 1024w, https:\/\/ajeandalucia.org\/cordoba\/wp-content\/uploads\/sites\/6\/2024\/03\/Charlas-IMDEEC.jpg 1200w\" sizes=\"auto, (max-width: 300px) 100vw, 300px\" \/><\/p>\n","protected":false},"excerpt":{"rendered":"<p>Nuestro asociado Enrique Vicente Gonzalez\u00a0 CEO en Stock padel padel ha impartido una charla a los alumnos de cultura emprendedora [&hellip;]<\/p>\n","protected":false},"author":5,"featured_media":8053,"comment_status":"open","ping_status":"open","sticky":false,"template":"","format":"standard","meta":{"_acf_changed":false,"site-sidebar-layout":"default","site-content-layout":"","ast-site-content-layout":"default","site-content-style":"default","site-sidebar-style":"default","ast-global-header-display":"","ast-banner-title-visibility":"","ast-main-header-display":"","ast-hfb-above-header-display":"","ast-hfb-below-header-display":"","ast-hfb-mobile-header-display":"","site-post-title":"","ast-breadcrumbs-content":"","ast-featured-img":"","footer-sml-layout":"","ast-disable-related-posts":"","theme-transparent-header-meta":"","adv-header-id-meta":"","stick-header-meta":"","header-above-stick-meta":"","header-main-stick-meta":"","header-below-stick-meta":"","astra-migrate-meta-layouts":"default","ast-page-background-enabled":"default","ast-page-background-meta":{"desktop":{"background-color":"var(--ast-global-color-5)","background-image":"","background-repeat":"repeat","background-position":"center center","background-size":"auto","background-attachment":"scroll","background-type":"","background-media":"","overlay-type":"","overlay-color":"","overlay-opacity":"","overlay-gradient":""},"tablet":{"background-color":"","background-image":"","background-repeat":"repeat","background-position":"center center","background-size":"auto","background-attachment":"scroll","background-type":"","background-media":"","overlay-type":"","overlay-color":"","overlay-opacity":"","overlay-gradient":""},"mobile":{"background-color":"","background-image":"","background-repeat":"repeat","background-position":"center center","background-size":"auto","background-attachment":"scroll","background-type":"","background-media":"","overlay-type":"","overlay-color":"","overlay-opacity":"","overlay-gradient":""}},"ast-content-background-meta":{"desktop":{"background-color":"var(--ast-global-color-4)","background-image":"","background-repeat":"repeat","background-position":"center center","background-size":"auto","background-attachment":"scroll","background-type":"","background-media":"","overlay-type":"","overlay-color":"","overlay-opacity":"","overlay-gradient":""},"tablet":{"background-color":"var(--ast-global-color-4)","background-image":"","background-repeat":"repeat","background-position":"center center","background-size":"auto","background-attachment":"scroll","background-type":"","background-media":"","overlay-type":"","overlay-color":"","overlay-opacity":"","overlay-gradient":""},"mobile":{"background-color":"var(--ast-global-color-4)","background-image":"","background-repeat":"repeat","background-position":"center center","background-size":"auto","background-attachment":"scroll","background-type":"","background-media":"","overlay-type":"","overlay-color":"","overlay-opacity":"","overlay-gradient":""}},"footnotes":""},"categories":[8],"tags":[],"class_list":["post-8052","post","type-post","status-publish","format-standard","has-post-thumbnail","hentry","category-noticias"],"acf":[],"yoast_head":"<!-- This site is optimized with the Yoast SEO plugin v26.9 - https:\/\/yoast.com\/product\/yoast-seo-wordpress\/ -->\n<title>Charlas formativas Juventud Emprendedora #ESAL2023 - AJE C\u00f3rdoba<\/title>\n<meta name=\"robots\" content=\"index, follow, max-snippet:-1, max-image-preview:large, max-video-preview:-1\" \/>\n<link rel=\"canonical\" href=\"https:\/\/ajeandalucia.org\/cordoba\/2024\/03\/11\/charlas-formativas-juventud-emprendedora-esal2023\/\" \/>\n<meta property=\"og:locale\" content=\"es_ES\" \/>\n<meta property=\"og:type\" content=\"article\" \/>\n<meta property=\"og:title\" content=\"Charlas formativas Juventud Emprendedora #ESAL2023 - AJE C\u00f3rdoba\" \/>\n<meta property=\"og:description\" content=\"Nuestro asociado Enrique Vicente Gonzalez\u00a0 CEO en Stock padel padel ha impartido una charla a los alumnos de cultura emprendedora [&hellip;]\" \/>\n<meta property=\"og:url\" content=\"https:\/\/ajeandalucia.org\/cordoba\/2024\/03\/11\/charlas-formativas-juventud-emprendedora-esal2023\/\" \/>\n<meta property=\"og:site_name\" content=\"AJE C\u00f3rdoba\" \/>\n<meta property=\"article:published_time\" content=\"2024-03-11T11:23:06+00:00\" \/>\n<meta property=\"article:modified_time\" content=\"2024-03-12T11:26:11+00:00\" \/>\n<meta property=\"og:image\" content=\"https:\/\/ajeandalucia.org\/cordoba\/wp-content\/uploads\/sites\/6\/2024\/03\/averroes-1.jpeg\" \/>\n\t<meta property=\"og:image:width\" content=\"1600\" \/>\n\t<meta property=\"og:image:height\" content=\"900\" \/>\n\t<meta property=\"og:image:type\" content=\"image\/jpeg\" \/>\n<meta name=\"author\" content=\"cordoba\" \/>\n<meta name=\"twitter:card\" content=\"summary_large_image\" \/>\n<meta name=\"twitter:label1\" content=\"Escrito por\" \/>\n\t<meta name=\"twitter:data1\" content=\"cordoba\" \/>\n\t<meta name=\"twitter:label2\" content=\"Tiempo de lectura\" \/>\n\t<meta name=\"twitter:data2\" content=\"1 minuto\" \/>\n<script type=\"application\/ld+json\" class=\"yoast-schema-graph\">{\"@context\":\"https:\/\/schema.org\",\"@graph\":[{\"@type\":\"Article\",\"@id\":\"https:\/\/ajeandalucia.org\/cordoba\/2024\/03\/11\/charlas-formativas-juventud-emprendedora-esal2023\/#article\",\"isPartOf\":{\"@id\":\"https:\/\/ajeandalucia.org\/cordoba\/2024\/03\/11\/charlas-formativas-juventud-emprendedora-esal2023\/\"},\"author\":{\"name\":\"cordoba\",\"@id\":\"https:\/\/ajeandalucia.org\/cordoba\/#\/schema\/person\/1d19f90c44baad3b3701f8af33c2f520\"},\"headline\":\"Charlas formativas Juventud Emprendedora #ESAL2023\",\"datePublished\":\"2024-03-11T11:23:06+00:00\",\"dateModified\":\"2024-03-12T11:26:11+00:00\",\"mainEntityOfPage\":{\"@id\":\"https:\/\/ajeandalucia.org\/cordoba\/2024\/03\/11\/charlas-formativas-juventud-emprendedora-esal2023\/\"},\"wordCount\":117,\"commentCount\":0,\"publisher\":{\"@id\":\"https:\/\/ajeandalucia.org\/cordoba\/#organization\"},\"image\":{\"@id\":\"https:\/\/ajeandalucia.org\/cordoba\/2024\/03\/11\/charlas-formativas-juventud-emprendedora-esal2023\/#primaryimage\"},\"thumbnailUrl\":\"https:\/\/ajeandalucia.org\/cordoba\/wp-content\/uploads\/sites\/6\/2024\/03\/averroes-1.jpeg\",\"articleSection\":[\"Noticias\"],\"inLanguage\":\"es\",\"potentialAction\":[{\"@type\":\"CommentAction\",\"name\":\"Comment\",\"target\":[\"https:\/\/ajeandalucia.org\/cordoba\/2024\/03\/11\/charlas-formativas-juventud-emprendedora-esal2023\/#respond\"]}]},{\"@type\":\"WebPage\",\"@id\":\"https:\/\/ajeandalucia.org\/cordoba\/2024\/03\/11\/charlas-formativas-juventud-emprendedora-esal2023\/\",\"url\":\"https:\/\/ajeandalucia.org\/cordoba\/2024\/03\/11\/charlas-formativas-juventud-emprendedora-esal2023\/\",\"name\":\"Charlas formativas Juventud Emprendedora #ESAL2023 - AJE C\u00f3rdoba\",\"isPartOf\":{\"@id\":\"https:\/\/ajeandalucia.org\/cordoba\/#website\"},\"primaryImageOfPage\":{\"@id\":\"https:\/\/ajeandalucia.org\/cordoba\/2024\/03\/11\/charlas-formativas-juventud-emprendedora-esal2023\/#primaryimage\"},\"image\":{\"@id\":\"https:\/\/ajeandalucia.org\/cordoba\/2024\/03\/11\/charlas-formativas-juventud-emprendedora-esal2023\/#primaryimage\"},\"thumbnailUrl\":\"https:\/\/ajeandalucia.org\/cordoba\/wp-content\/uploads\/sites\/6\/2024\/03\/averroes-1.jpeg\",\"datePublished\":\"2024-03-11T11:23:06+00:00\",\"dateModified\":\"2024-03-12T11:26:11+00:00\",\"breadcrumb\":{\"@id\":\"https:\/\/ajeandalucia.org\/cordoba\/2024\/03\/11\/charlas-formativas-juventud-emprendedora-esal2023\/#breadcrumb\"},\"inLanguage\":\"es\",\"potentialAction\":[{\"@type\":\"ReadAction\",\"target\":[\"https:\/\/ajeandalucia.org\/cordoba\/2024\/03\/11\/charlas-formativas-juventud-emprendedora-esal2023\/\"]}]},{\"@type\":\"ImageObject\",\"inLanguage\":\"es\",\"@id\":\"https:\/\/ajeandalucia.org\/cordoba\/2024\/03\/11\/charlas-formativas-juventud-emprendedora-esal2023\/#primaryimage\",\"url\":\"https:\/\/ajeandalucia.org\/cordoba\/wp-content\/uploads\/sites\/6\/2024\/03\/averroes-1.jpeg\",\"contentUrl\":\"https:\/\/ajeandalucia.org\/cordoba\/wp-content\/uploads\/sites\/6\/2024\/03\/averroes-1.jpeg\",\"width\":1600,\"height\":900},{\"@type\":\"BreadcrumbList\",\"@id\":\"https:\/\/ajeandalucia.org\/cordoba\/2024\/03\/11\/charlas-formativas-juventud-emprendedora-esal2023\/#breadcrumb\",\"itemListElement\":[{\"@type\":\"ListItem\",\"position\":1,\"name\":\"Portada\",\"item\":\"https:\/\/ajeandalucia.org\/cordoba\/\"},{\"@type\":\"ListItem\",\"position\":2,\"name\":\"Charlas formativas Juventud Emprendedora #ESAL2023\"}]},{\"@type\":\"WebSite\",\"@id\":\"https:\/\/ajeandalucia.org\/cordoba\/#website\",\"url\":\"https:\/\/ajeandalucia.org\/cordoba\/\",\"name\":\"AJE C\u00f3rdoba\",\"description\":\"Otro sitio m\u00e1s de AJE Andaluc\u00eda\",\"publisher\":{\"@id\":\"https:\/\/ajeandalucia.org\/cordoba\/#organization\"},\"potentialAction\":[{\"@type\":\"SearchAction\",\"target\":{\"@type\":\"EntryPoint\",\"urlTemplate\":\"https:\/\/ajeandalucia.org\/cordoba\/?s={search_term_string}\"},\"query-input\":{\"@type\":\"PropertyValueSpecification\",\"valueRequired\":true,\"valueName\":\"search_term_string\"}}],\"inLanguage\":\"es\"},{\"@type\":\"Organization\",\"@id\":\"https:\/\/ajeandalucia.org\/cordoba\/#organization\",\"name\":\"AJE C\u00f3rdoba\",\"url\":\"https:\/\/ajeandalucia.org\/cordoba\/\",\"logo\":{\"@type\":\"ImageObject\",\"inLanguage\":\"es\",\"@id\":\"https:\/\/ajeandalucia.org\/cordoba\/#\/schema\/logo\/image\/\",\"url\":\"https:\/\/ajeandalucia.org\/cordoba\/wp-content\/uploads\/sites\/6\/2025\/01\/AJE-CORDOBA-horizontal.png\",\"contentUrl\":\"https:\/\/ajeandalucia.org\/cordoba\/wp-content\/uploads\/sites\/6\/2025\/01\/AJE-CORDOBA-horizontal.png\",\"width\":605,\"height\":200,\"caption\":\"AJE C\u00f3rdoba\"},\"image\":{\"@id\":\"https:\/\/ajeandalucia.org\/cordoba\/#\/schema\/logo\/image\/\"}},{\"@type\":\"Person\",\"@id\":\"https:\/\/ajeandalucia.org\/cordoba\/#\/schema\/person\/1d19f90c44baad3b3701f8af33c2f520\",\"name\":\"cordoba\",\"image\":{\"@type\":\"ImageObject\",\"inLanguage\":\"es\",\"@id\":\"https:\/\/ajeandalucia.org\/cordoba\/#\/schema\/person\/image\/\",\"url\":\"https:\/\/secure.gravatar.com\/avatar\/46102d83da7c40efca6d3413931ddaf8470cef93888429af7689de210b9bb6fe?s=96&d=mm&r=g\",\"contentUrl\":\"https:\/\/secure.gravatar.com\/avatar\/46102d83da7c40efca6d3413931ddaf8470cef93888429af7689de210b9bb6fe?s=96&d=mm&r=g\",\"caption\":\"cordoba\"},\"url\":\"https:\/\/ajeandalucia.org\/cordoba\/author\/cordoba\/\"}]}<\/script>\n<!-- \/ Yoast SEO plugin. -->","yoast_head_json":{"title":"Charlas formativas Juventud Emprendedora #ESAL2023 - AJE C\u00f3rdoba","robots":{"index":"index","follow":"follow","max-snippet":"max-snippet:-1","max-image-preview":"max-image-preview:large","max-video-preview":"max-video-preview:-1"},"canonical":"https:\/\/ajeandalucia.org\/cordoba\/2024\/03\/11\/charlas-formativas-juventud-emprendedora-esal2023\/","og_locale":"es_ES","og_type":"article","og_title":"Charlas formativas Juventud Emprendedora #ESAL2023 - AJE C\u00f3rdoba","og_description":"Nuestro asociado Enrique Vicente Gonzalez\u00a0 CEO en Stock padel padel ha impartido una charla a los alumnos de cultura emprendedora [&hellip;]","og_url":"https:\/\/ajeandalucia.org\/cordoba\/2024\/03\/11\/charlas-formativas-juventud-emprendedora-esal2023\/","og_site_name":"AJE C\u00f3rdoba","article_published_time":"2024-03-11T11:23:06+00:00","article_modified_time":"2024-03-12T11:26:11+00:00","og_image":[{"width":1600,"height":900,"url":"https:\/\/ajeandalucia.org\/cordoba\/wp-content\/uploads\/sites\/6\/2024\/03\/averroes-1.jpeg","type":"image\/jpeg"}],"author":"cordoba","twitter_card":"summary_large_image","twitter_misc":{"Escrito por":"cordoba","Tiempo de lectura":"1 minuto"},"schema":{"@context":"https:\/\/schema.org","@graph":[{"@type":"Article","@id":"https:\/\/ajeandalucia.org\/cordoba\/2024\/03\/11\/charlas-formativas-juventud-emprendedora-esal2023\/#article","isPartOf":{"@id":"https:\/\/ajeandalucia.org\/cordoba\/2024\/03\/11\/charlas-formativas-juventud-emprendedora-esal2023\/"},"author":{"name":"cordoba","@id":"https:\/\/ajeandalucia.org\/cordoba\/#\/schema\/person\/1d19f90c44baad3b3701f8af33c2f520"},"headline":"Charlas formativas Juventud Emprendedora #ESAL2023","datePublished":"2024-03-11T11:23:06+00:00","dateModified":"2024-03-12T11:26:11+00:00","mainEntityOfPage":{"@id":"https:\/\/ajeandalucia.org\/cordoba\/2024\/03\/11\/charlas-formativas-juventud-emprendedora-esal2023\/"},"wordCount":117,"commentCount":0,"publisher":{"@id":"https:\/\/ajeandalucia.org\/cordoba\/#organization"},"image":{"@id":"https:\/\/ajeandalucia.org\/cordoba\/2024\/03\/11\/charlas-formativas-juventud-emprendedora-esal2023\/#primaryimage"},"thumbnailUrl":"https:\/\/ajeandalucia.org\/cordoba\/wp-content\/uploads\/sites\/6\/2024\/03\/averroes-1.jpeg","articleSection":["Noticias"],"inLanguage":"es","potentialAction":[{"@type":"CommentAction","name":"Comment","target":["https:\/\/ajeandalucia.org\/cordoba\/2024\/03\/11\/charlas-formativas-juventud-emprendedora-esal2023\/#respond"]}]},{"@type":"WebPage","@id":"https:\/\/ajeandalucia.org\/cordoba\/2024\/03\/11\/charlas-formativas-juventud-emprendedora-esal2023\/","url":"https:\/\/ajeandalucia.org\/cordoba\/2024\/03\/11\/charlas-formativas-juventud-emprendedora-esal2023\/","name":"Charlas formativas Juventud Emprendedora #ESAL2023 - AJE C\u00f3rdoba","isPartOf":{"@id":"https:\/\/ajeandalucia.org\/cordoba\/#website"},"primaryImageOfPage":{"@id":"https:\/\/ajeandalucia.org\/cordoba\/2024\/03\/11\/charlas-formativas-juventud-emprendedora-esal2023\/#primaryimage"},"image":{"@id":"https:\/\/ajeandalucia.org\/cordoba\/2024\/03\/11\/charlas-formativas-juventud-emprendedora-esal2023\/#primaryimage"},"thumbnailUrl":"https:\/\/ajeandalucia.org\/cordoba\/wp-content\/uploads\/sites\/6\/2024\/03\/averroes-1.jpeg","datePublished":"2024-03-11T11:23:06+00:00","dateModified":"2024-03-12T11:26:11+00:00","breadcrumb":{"@id":"https:\/\/ajeandalucia.org\/cordoba\/2024\/03\/11\/charlas-formativas-juventud-emprendedora-esal2023\/#breadcrumb"},"inLanguage":"es","potentialAction":[{"@type":"ReadAction","target":["https:\/\/ajeandalucia.org\/cordoba\/2024\/03\/11\/charlas-formativas-juventud-emprendedora-esal2023\/"]}]},{"@type":"ImageObject","inLanguage":"es","@id":"https:\/\/ajeandalucia.org\/cordoba\/2024\/03\/11\/charlas-formativas-juventud-emprendedora-esal2023\/#primaryimage","url":"https:\/\/ajeandalucia.org\/cordoba\/wp-content\/uploads\/sites\/6\/2024\/03\/averroes-1.jpeg","contentUrl":"https:\/\/ajeandalucia.org\/cordoba\/wp-content\/uploads\/sites\/6\/2024\/03\/averroes-1.jpeg","width":1600,"height":900},{"@type":"BreadcrumbList","@id":"https:\/\/ajeandalucia.org\/cordoba\/2024\/03\/11\/charlas-formativas-juventud-emprendedora-esal2023\/#breadcrumb","itemListElement":[{"@type":"ListItem","position":1,"name":"Portada","item":"https:\/\/ajeandalucia.org\/cordoba\/"},{"@type":"ListItem","position":2,"name":"Charlas formativas Juventud Emprendedora #ESAL2023"}]},{"@type":"WebSite","@id":"https:\/\/ajeandalucia.org\/cordoba\/#website","url":"https:\/\/ajeandalucia.org\/cordoba\/","name":"AJE C\u00f3rdoba","description":"Otro sitio m\u00e1s de AJE Andaluc\u00eda","publisher":{"@id":"https:\/\/ajeandalucia.org\/cordoba\/#organization"},"potentialAction":[{"@type":"SearchAction","target":{"@type":"EntryPoint","urlTemplate":"https:\/\/ajeandalucia.org\/cordoba\/?s={search_term_string}"},"query-input":{"@type":"PropertyValueSpecification","valueRequired":true,"valueName":"search_term_string"}}],"inLanguage":"es"},{"@type":"Organization","@id":"https:\/\/ajeandalucia.org\/cordoba\/#organization","name":"AJE C\u00f3rdoba","url":"https:\/\/ajeandalucia.org\/cordoba\/","logo":{"@type":"ImageObject","inLanguage":"es","@id":"https:\/\/ajeandalucia.org\/cordoba\/#\/schema\/logo\/image\/","url":"https:\/\/ajeandalucia.org\/cordoba\/wp-content\/uploads\/sites\/6\/2025\/01\/AJE-CORDOBA-horizontal.png","contentUrl":"https:\/\/ajeandalucia.org\/cordoba\/wp-content\/uploads\/sites\/6\/2025\/01\/AJE-CORDOBA-horizontal.png","width":605,"height":200,"caption":"AJE C\u00f3rdoba"},"image":{"@id":"https:\/\/ajeandalucia.org\/cordoba\/#\/schema\/logo\/image\/"}},{"@type":"Person","@id":"https:\/\/ajeandalucia.org\/cordoba\/#\/schema\/person\/1d19f90c44baad3b3701f8af33c2f520","name":"cordoba","image":{"@type":"ImageObject","inLanguage":"es","@id":"https:\/\/ajeandalucia.org\/cordoba\/#\/schema\/person\/image\/","url":"https:\/\/secure.gravatar.com\/avatar\/46102d83da7c40efca6d3413931ddaf8470cef93888429af7689de210b9bb6fe?s=96&d=mm&r=g","contentUrl":"https:\/\/secure.gravatar.com\/avatar\/46102d83da7c40efca6d3413931ddaf8470cef93888429af7689de210b9bb6fe?s=96&d=mm&r=g","caption":"cordoba"},"url":"https:\/\/ajeandalucia.org\/cordoba\/author\/cordoba\/"}]}},"_links":{"self":[{"href":"https:\/\/ajeandalucia.org\/cordoba\/wp-json\/wp\/v2\/posts\/8052","targetHints":{"allow":["GET"]}}],"collection":[{"href":"https:\/\/ajeandalucia.org\/cordoba\/wp-json\/wp\/v2\/posts"}],"about":[{"href":"https:\/\/ajeandalucia.org\/cordoba\/wp-json\/wp\/v2\/types\/post"}],"author":[{"embeddable":true,"href":"https:\/\/ajeandalucia.org\/cordoba\/wp-json\/wp\/v2\/users\/5"}],"replies":[{"embeddable":true,"href":"https:\/\/ajeandalucia.org\/cordoba\/wp-json\/wp\/v2\/comments?post=8052"}],"version-history":[{"count":2,"href":"https:\/\/ajeandalucia.org\/cordoba\/wp-json\/wp\/v2\/posts\/8052\/revisions"}],"predecessor-version":[{"id":8056,"href":"https:\/\/ajeandalucia.org\/cordoba\/wp-json\/wp\/v2\/posts\/8052\/revisions\/8056"}],"wp:featuredmedia":[{"embeddable":true,"href":"https:\/\/ajeandalucia.org\/cordoba\/wp-json\/wp\/v2\/media\/8053"}],"wp:attachment":[{"href":"https:\/\/ajeandalucia.org\/cordoba\/wp-json\/wp\/v2\/media?parent=8052"}],"wp:term":[{"taxonomy":"category","embeddable":true,"href":"https:\/\/ajeandalucia.org\/cordoba\/wp-json\/wp\/v2\/categories?post=8052"},{"taxonomy":"post_tag","embeddable":true,"href":"https:\/\/ajeandalucia.org\/cordoba\/wp-json\/wp\/v2\/tags?post=8052"}],"curies":[{"name":"wp","href":"https:\/\/api.w.org\/{rel}","templated":true}]}}