{"id":8331,"date":"2024-06-14T18:26:16","date_gmt":"2024-06-14T18:26:16","guid":{"rendered":"https:\/\/www.ajeandalucia.org\/cordoba\/?p=8331"},"modified":"2024-06-14T18:27:33","modified_gmt":"2024-06-14T18:27:33","slug":"reunion-del-jurado-de-los-premios-aje-cordoba-2024","status":"publish","type":"post","link":"https:\/\/ajeandalucia.org\/cordoba\/2024\/06\/14\/reunion-del-jurado-de-los-premios-aje-cordoba-2024\/","title":{"rendered":"REUNION DEL JURADO DE LOS PREMIOS AJE CORDOBA 2024"},"content":{"rendered":"<p>Una treintena de empresas optan a los Premios AJE C\u00f3rdoba 2024<\/p>\n<p>&#8211; La Asociaci\u00f3n de J\u00f3venes Empresarios entregar\u00e1 los galardones a las mejores Iniciativa Emprendedora, Trayectoria Profesional y Joven Emprendedor Universitario<br \/>\n&#8211; La gala de entrega tendr\u00e1 lugar el pr\u00f3ximo 20 de junio en el Hotel Crisol Jardines de Cordoba<\/p>\n<p>Una treintena de empresas han pasado hoy por la deliberaci\u00f3n del jurado de los Premios AJE C\u00f3rdoba 2024 para optar a uno de los dos galardones que entrega cada a\u00f1o la Asociaci\u00f3n de J\u00f3venes Empresarios (AJE), concretamente en las modalidades de Iniciativa Emprendedora y Trayectoria Empresarial. El colectivo dar\u00e1 a conocer el nombre de los ganadores el pr\u00f3ximo 20 de junio en la gala, que se desarrollar\u00e1 en el Hotel Crisol jardines de Cordoba.<br \/>\nEste a\u00f1o se ha sumado una nueva modalidad, el premio al joven emprendedor universitario, con el que se pretende reconocer la originalidad, innovaci\u00f3n, proyecci\u00f3n y esfuerzo de un joven universitario en la creaci\u00f3n de una iniciativa emprendedora, con la intenci\u00f3n de que la iniciativa premiada se transforme en un futuro en una realidad empresarial de empleo de nuestra regi\u00f3n.<\/p>\n<p>Los integrantes del jurado han conocido los proyectos que concurren en esta edici\u00f3n a los Premios AJE. El presidente de AJE C\u00f3rdoba, Victor Macias, ha incidido en el objetivo de \u201cvisibilizar el papel de los empresarios\u201d.<\/p>\n<p>El dirigente del colectivo ha explicado que \u201cEste a\u00f1o hemos basado los premios bajo el lema \u201cPremios AJE C\u00f3rdoba 24 edici\u00f3n\u201d, porque nos sentimos orgullosos de la trayectoria que tenemos en la organizaci\u00f3n anual de los premios desde hace tantos a\u00f1os y donde queremos resaltar el esp\u00edritu y la labor de los j\u00f3venes empresarios y emprendedores que se materializan en empleo y riqueza para nuestra regi\u00f3n.<br \/>\nVictor Macias, presidente de AJE ha concluido que el \u201cemprendimiento es un camino que merece un reconocimiento, es el inicio y la consolidaci\u00f3n del \u00e9xito\u201d<br \/>\nCabe recordar que la convocatoria de los premios AJE estaba abierta a TRES modalidades: Premio a la Iniciativa Emprendedora, que reconoce al mejor proyecto que lleve un periodo m\u00e1ximo de 30 meses en funcionamiento, Premio a la Trayectoria Empresarial, al esfuerzo, consolidaci\u00f3n de negocio y trayectoria de una empresa y su implantaci\u00f3n en el mercado y Premio al Joven Universitario que nos ha presentado una idea empresarial.<\/p>\n<p>Los galardonados representar\u00e1n a la provincia de C\u00f3rdoba en la convocatoria de los premios AJE de Andaluc\u00eda. Esta edici\u00f3n ha sido organizada por AJE C\u00f3rdoba, con el patrocinio de las empresas Grupo Sercolu, Hotel Crisol y PTV Cordoba, Fundacion Fulgencio Meseguer y Eccuo Digital, y Sp Group, Academia brit\u00e1nica, Tradiscor plus, Oypa, MBA Kids, Renting Textil y Corgalan.<br \/>\nTambi\u00e9n hemos contado con la colaboraci\u00f3n de ECSA Consultores, Ocasi\u00f3n Casa, P\u00e9rez Borbujo, Rother Industries &amp; Technology y Doble Track.<\/p>\n<p>El jurado convocado hoy en el Coworking Campus Rabanales de la Universidad de C\u00f3rdoba para la deliberaci\u00f3n de los ganadores de los premios AJE 2024 ha elegido a los ganadores de esta 24 edici\u00f3n y que se dar\u00e1n a conocer en la gala del dia 20 de junio.<\/p>\n","protected":false},"excerpt":{"rendered":"<p>Una treintena de empresas optan a los Premios AJE C\u00f3rdoba 2024 &#8211; La Asociaci\u00f3n de J\u00f3venes Empresarios entregar\u00e1 los galardones [&hellip;]<\/p>\n","protected":false},"author":5,"featured_media":8332,"comment_status":"open","ping_status":"open","sticky":false,"template":"","format":"standard","meta":{"_acf_changed":false,"site-sidebar-layout":"default","site-content-layout":"","ast-site-content-layout":"default","site-content-style":"default","site-sidebar-style":"default","ast-global-header-display":"","ast-banner-title-visibility":"","ast-main-header-display":"","ast-hfb-above-header-display":"","ast-hfb-below-header-display":"","ast-hfb-mobile-header-display":"","site-post-title":"","ast-breadcrumbs-content":"","ast-featured-img":"","footer-sml-layout":"","ast-disable-related-posts":"","theme-transparent-header-meta":"","adv-header-id-meta":"","stick-header-meta":"","header-above-stick-meta":"","header-main-stick-meta":"","header-below-stick-meta":"","astra-migrate-meta-layouts":"default","ast-page-background-enabled":"default","ast-page-background-meta":{"desktop":{"background-color":"var(--ast-global-color-5)","background-image":"","background-repeat":"repeat","background-position":"center center","background-size":"auto","background-attachment":"scroll","background-type":"","background-media":"","overlay-type":"","overlay-color":"","overlay-opacity":"","overlay-gradient":""},"tablet":{"background-color":"","background-image":"","background-repeat":"repeat","background-position":"center center","background-size":"auto","background-attachment":"scroll","background-type":"","background-media":"","overlay-type":"","overlay-color":"","overlay-opacity":"","overlay-gradient":""},"mobile":{"background-color":"","background-image":"","background-repeat":"repeat","background-position":"center center","background-size":"auto","background-attachment":"scroll","background-type":"","background-media":"","overlay-type":"","overlay-color":"","overlay-opacity":"","overlay-gradient":""}},"ast-content-background-meta":{"desktop":{"background-color":"var(--ast-global-color-4)","background-image":"","background-repeat":"repeat","background-position":"center center","background-size":"auto","background-attachment":"scroll","background-type":"","background-media":"","overlay-type":"","overlay-color":"","overlay-opacity":"","overlay-gradient":""},"tablet":{"background-color":"var(--ast-global-color-4)","background-image":"","background-repeat":"repeat","background-position":"center center","background-size":"auto","background-attachment":"scroll","background-type":"","background-media":"","overlay-type":"","overlay-color":"","overlay-opacity":"","overlay-gradient":""},"mobile":{"background-color":"var(--ast-global-color-4)","background-image":"","background-repeat":"repeat","background-position":"center center","background-size":"auto","background-attachment":"scroll","background-type":"","background-media":"","overlay-type":"","overlay-color":"","overlay-opacity":"","overlay-gradient":""}},"footnotes":""},"categories":[8],"tags":[],"class_list":["post-8331","post","type-post","status-publish","format-standard","has-post-thumbnail","hentry","category-noticias"],"acf":[],"yoast_head":"<!-- This site is optimized with the Yoast SEO plugin v26.9 - https:\/\/yoast.com\/product\/yoast-seo-wordpress\/ -->\n<title>REUNION DEL JURADO DE LOS PREMIOS AJE CORDOBA 2024 - AJE C\u00f3rdoba<\/title>\n<meta name=\"robots\" content=\"index, follow, max-snippet:-1, max-image-preview:large, max-video-preview:-1\" \/>\n<link rel=\"canonical\" href=\"https:\/\/ajeandalucia.org\/cordoba\/2024\/06\/14\/reunion-del-jurado-de-los-premios-aje-cordoba-2024\/\" \/>\n<meta property=\"og:locale\" content=\"es_ES\" \/>\n<meta property=\"og:type\" content=\"article\" \/>\n<meta property=\"og:title\" content=\"REUNION DEL JURADO DE LOS PREMIOS AJE CORDOBA 2024 - AJE C\u00f3rdoba\" \/>\n<meta property=\"og:description\" content=\"Una treintena de empresas optan a los Premios AJE C\u00f3rdoba 2024 &#8211; La Asociaci\u00f3n de J\u00f3venes Empresarios entregar\u00e1 los galardones [&hellip;]\" \/>\n<meta property=\"og:url\" content=\"https:\/\/ajeandalucia.org\/cordoba\/2024\/06\/14\/reunion-del-jurado-de-los-premios-aje-cordoba-2024\/\" \/>\n<meta property=\"og:site_name\" content=\"AJE C\u00f3rdoba\" \/>\n<meta property=\"article:published_time\" content=\"2024-06-14T18:26:16+00:00\" \/>\n<meta property=\"article:modified_time\" content=\"2024-06-14T18:27:33+00:00\" \/>\n<meta property=\"og:image\" content=\"https:\/\/ajeandalucia.org\/cordoba\/wp-content\/uploads\/sites\/6\/2024\/06\/Foto-Jurado-premios-AJE-Cordoba-2024.2.jpg\" \/>\n\t<meta property=\"og:image:width\" content=\"1424\" \/>\n\t<meta property=\"og:image:height\" content=\"755\" \/>\n\t<meta property=\"og:image:type\" content=\"image\/jpeg\" \/>\n<meta name=\"author\" content=\"cordoba\" \/>\n<meta name=\"twitter:card\" content=\"summary_large_image\" \/>\n<meta name=\"twitter:label1\" content=\"Escrito por\" \/>\n\t<meta name=\"twitter:data1\" content=\"cordoba\" \/>\n\t<meta name=\"twitter:label2\" content=\"Tiempo de lectura\" \/>\n\t<meta name=\"twitter:data2\" content=\"3 minutos\" \/>\n<script type=\"application\/ld+json\" class=\"yoast-schema-graph\">{\"@context\":\"https:\/\/schema.org\",\"@graph\":[{\"@type\":\"Article\",\"@id\":\"https:\/\/ajeandalucia.org\/cordoba\/2024\/06\/14\/reunion-del-jurado-de-los-premios-aje-cordoba-2024\/#article\",\"isPartOf\":{\"@id\":\"https:\/\/ajeandalucia.org\/cordoba\/2024\/06\/14\/reunion-del-jurado-de-los-premios-aje-cordoba-2024\/\"},\"author\":{\"name\":\"cordoba\",\"@id\":\"https:\/\/ajeandalucia.org\/cordoba\/#\/schema\/person\/1d19f90c44baad3b3701f8af33c2f520\"},\"headline\":\"REUNION DEL JURADO DE LOS PREMIOS AJE CORDOBA 2024\",\"datePublished\":\"2024-06-14T18:26:16+00:00\",\"dateModified\":\"2024-06-14T18:27:33+00:00\",\"mainEntityOfPage\":{\"@id\":\"https:\/\/ajeandalucia.org\/cordoba\/2024\/06\/14\/reunion-del-jurado-de-los-premios-aje-cordoba-2024\/\"},\"wordCount\":546,\"commentCount\":0,\"publisher\":{\"@id\":\"https:\/\/ajeandalucia.org\/cordoba\/#organization\"},\"image\":{\"@id\":\"https:\/\/ajeandalucia.org\/cordoba\/2024\/06\/14\/reunion-del-jurado-de-los-premios-aje-cordoba-2024\/#primaryimage\"},\"thumbnailUrl\":\"https:\/\/ajeandalucia.org\/cordoba\/wp-content\/uploads\/sites\/6\/2024\/06\/Foto-Jurado-premios-AJE-Cordoba-2024.2.jpg\",\"articleSection\":[\"Noticias\"],\"inLanguage\":\"es\",\"potentialAction\":[{\"@type\":\"CommentAction\",\"name\":\"Comment\",\"target\":[\"https:\/\/ajeandalucia.org\/cordoba\/2024\/06\/14\/reunion-del-jurado-de-los-premios-aje-cordoba-2024\/#respond\"]}]},{\"@type\":\"WebPage\",\"@id\":\"https:\/\/ajeandalucia.org\/cordoba\/2024\/06\/14\/reunion-del-jurado-de-los-premios-aje-cordoba-2024\/\",\"url\":\"https:\/\/ajeandalucia.org\/cordoba\/2024\/06\/14\/reunion-del-jurado-de-los-premios-aje-cordoba-2024\/\",\"name\":\"REUNION DEL JURADO DE LOS PREMIOS AJE CORDOBA 2024 - AJE C\u00f3rdoba\",\"isPartOf\":{\"@id\":\"https:\/\/ajeandalucia.org\/cordoba\/#website\"},\"primaryImageOfPage\":{\"@id\":\"https:\/\/ajeandalucia.org\/cordoba\/2024\/06\/14\/reunion-del-jurado-de-los-premios-aje-cordoba-2024\/#primaryimage\"},\"image\":{\"@id\":\"https:\/\/ajeandalucia.org\/cordoba\/2024\/06\/14\/reunion-del-jurado-de-los-premios-aje-cordoba-2024\/#primaryimage\"},\"thumbnailUrl\":\"https:\/\/ajeandalucia.org\/cordoba\/wp-content\/uploads\/sites\/6\/2024\/06\/Foto-Jurado-premios-AJE-Cordoba-2024.2.jpg\",\"datePublished\":\"2024-06-14T18:26:16+00:00\",\"dateModified\":\"2024-06-14T18:27:33+00:00\",\"breadcrumb\":{\"@id\":\"https:\/\/ajeandalucia.org\/cordoba\/2024\/06\/14\/reunion-del-jurado-de-los-premios-aje-cordoba-2024\/#breadcrumb\"},\"inLanguage\":\"es\",\"potentialAction\":[{\"@type\":\"ReadAction\",\"target\":[\"https:\/\/ajeandalucia.org\/cordoba\/2024\/06\/14\/reunion-del-jurado-de-los-premios-aje-cordoba-2024\/\"]}]},{\"@type\":\"ImageObject\",\"inLanguage\":\"es\",\"@id\":\"https:\/\/ajeandalucia.org\/cordoba\/2024\/06\/14\/reunion-del-jurado-de-los-premios-aje-cordoba-2024\/#primaryimage\",\"url\":\"https:\/\/ajeandalucia.org\/cordoba\/wp-content\/uploads\/sites\/6\/2024\/06\/Foto-Jurado-premios-AJE-Cordoba-2024.2.jpg\",\"contentUrl\":\"https:\/\/ajeandalucia.org\/cordoba\/wp-content\/uploads\/sites\/6\/2024\/06\/Foto-Jurado-premios-AJE-Cordoba-2024.2.jpg\",\"width\":1424,\"height\":755},{\"@type\":\"BreadcrumbList\",\"@id\":\"https:\/\/ajeandalucia.org\/cordoba\/2024\/06\/14\/reunion-del-jurado-de-los-premios-aje-cordoba-2024\/#breadcrumb\",\"itemListElement\":[{\"@type\":\"ListItem\",\"position\":1,\"name\":\"Portada\",\"item\":\"https:\/\/ajeandalucia.org\/cordoba\/\"},{\"@type\":\"ListItem\",\"position\":2,\"name\":\"REUNION DEL JURADO DE LOS PREMIOS AJE CORDOBA 2024\"}]},{\"@type\":\"WebSite\",\"@id\":\"https:\/\/ajeandalucia.org\/cordoba\/#website\",\"url\":\"https:\/\/ajeandalucia.org\/cordoba\/\",\"name\":\"AJE C\u00f3rdoba\",\"description\":\"Otro sitio m\u00e1s de AJE Andaluc\u00eda\",\"publisher\":{\"@id\":\"https:\/\/ajeandalucia.org\/cordoba\/#organization\"},\"potentialAction\":[{\"@type\":\"SearchAction\",\"target\":{\"@type\":\"EntryPoint\",\"urlTemplate\":\"https:\/\/ajeandalucia.org\/cordoba\/?s={search_term_string}\"},\"query-input\":{\"@type\":\"PropertyValueSpecification\",\"valueRequired\":true,\"valueName\":\"search_term_string\"}}],\"inLanguage\":\"es\"},{\"@type\":\"Organization\",\"@id\":\"https:\/\/ajeandalucia.org\/cordoba\/#organization\",\"name\":\"AJE C\u00f3rdoba\",\"url\":\"https:\/\/ajeandalucia.org\/cordoba\/\",\"logo\":{\"@type\":\"ImageObject\",\"inLanguage\":\"es\",\"@id\":\"https:\/\/ajeandalucia.org\/cordoba\/#\/schema\/logo\/image\/\",\"url\":\"https:\/\/ajeandalucia.org\/cordoba\/wp-content\/uploads\/sites\/6\/2025\/01\/AJE-CORDOBA-horizontal.png\",\"contentUrl\":\"https:\/\/ajeandalucia.org\/cordoba\/wp-content\/uploads\/sites\/6\/2025\/01\/AJE-CORDOBA-horizontal.png\",\"width\":605,\"height\":200,\"caption\":\"AJE C\u00f3rdoba\"},\"image\":{\"@id\":\"https:\/\/ajeandalucia.org\/cordoba\/#\/schema\/logo\/image\/\"}},{\"@type\":\"Person\",\"@id\":\"https:\/\/ajeandalucia.org\/cordoba\/#\/schema\/person\/1d19f90c44baad3b3701f8af33c2f520\",\"name\":\"cordoba\",\"image\":{\"@type\":\"ImageObject\",\"inLanguage\":\"es\",\"@id\":\"https:\/\/ajeandalucia.org\/cordoba\/#\/schema\/person\/image\/\",\"url\":\"https:\/\/secure.gravatar.com\/avatar\/46102d83da7c40efca6d3413931ddaf8470cef93888429af7689de210b9bb6fe?s=96&d=mm&r=g\",\"contentUrl\":\"https:\/\/secure.gravatar.com\/avatar\/46102d83da7c40efca6d3413931ddaf8470cef93888429af7689de210b9bb6fe?s=96&d=mm&r=g\",\"caption\":\"cordoba\"},\"url\":\"https:\/\/ajeandalucia.org\/cordoba\/author\/cordoba\/\"}]}<\/script>\n<!-- \/ Yoast SEO plugin. -->","yoast_head_json":{"title":"REUNION DEL JURADO DE LOS PREMIOS AJE CORDOBA 2024 - AJE C\u00f3rdoba","robots":{"index":"index","follow":"follow","max-snippet":"max-snippet:-1","max-image-preview":"max-image-preview:large","max-video-preview":"max-video-preview:-1"},"canonical":"https:\/\/ajeandalucia.org\/cordoba\/2024\/06\/14\/reunion-del-jurado-de-los-premios-aje-cordoba-2024\/","og_locale":"es_ES","og_type":"article","og_title":"REUNION DEL JURADO DE LOS PREMIOS AJE CORDOBA 2024 - AJE C\u00f3rdoba","og_description":"Una treintena de empresas optan a los Premios AJE C\u00f3rdoba 2024 &#8211; La Asociaci\u00f3n de J\u00f3venes Empresarios entregar\u00e1 los galardones [&hellip;]","og_url":"https:\/\/ajeandalucia.org\/cordoba\/2024\/06\/14\/reunion-del-jurado-de-los-premios-aje-cordoba-2024\/","og_site_name":"AJE C\u00f3rdoba","article_published_time":"2024-06-14T18:26:16+00:00","article_modified_time":"2024-06-14T18:27:33+00:00","og_image":[{"width":1424,"height":755,"url":"https:\/\/ajeandalucia.org\/cordoba\/wp-content\/uploads\/sites\/6\/2024\/06\/Foto-Jurado-premios-AJE-Cordoba-2024.2.jpg","type":"image\/jpeg"}],"author":"cordoba","twitter_card":"summary_large_image","twitter_misc":{"Escrito por":"cordoba","Tiempo de lectura":"3 minutos"},"schema":{"@context":"https:\/\/schema.org","@graph":[{"@type":"Article","@id":"https:\/\/ajeandalucia.org\/cordoba\/2024\/06\/14\/reunion-del-jurado-de-los-premios-aje-cordoba-2024\/#article","isPartOf":{"@id":"https:\/\/ajeandalucia.org\/cordoba\/2024\/06\/14\/reunion-del-jurado-de-los-premios-aje-cordoba-2024\/"},"author":{"name":"cordoba","@id":"https:\/\/ajeandalucia.org\/cordoba\/#\/schema\/person\/1d19f90c44baad3b3701f8af33c2f520"},"headline":"REUNION DEL JURADO DE LOS PREMIOS AJE CORDOBA 2024","datePublished":"2024-06-14T18:26:16+00:00","dateModified":"2024-06-14T18:27:33+00:00","mainEntityOfPage":{"@id":"https:\/\/ajeandalucia.org\/cordoba\/2024\/06\/14\/reunion-del-jurado-de-los-premios-aje-cordoba-2024\/"},"wordCount":546,"commentCount":0,"publisher":{"@id":"https:\/\/ajeandalucia.org\/cordoba\/#organization"},"image":{"@id":"https:\/\/ajeandalucia.org\/cordoba\/2024\/06\/14\/reunion-del-jurado-de-los-premios-aje-cordoba-2024\/#primaryimage"},"thumbnailUrl":"https:\/\/ajeandalucia.org\/cordoba\/wp-content\/uploads\/sites\/6\/2024\/06\/Foto-Jurado-premios-AJE-Cordoba-2024.2.jpg","articleSection":["Noticias"],"inLanguage":"es","potentialAction":[{"@type":"CommentAction","name":"Comment","target":["https:\/\/ajeandalucia.org\/cordoba\/2024\/06\/14\/reunion-del-jurado-de-los-premios-aje-cordoba-2024\/#respond"]}]},{"@type":"WebPage","@id":"https:\/\/ajeandalucia.org\/cordoba\/2024\/06\/14\/reunion-del-jurado-de-los-premios-aje-cordoba-2024\/","url":"https:\/\/ajeandalucia.org\/cordoba\/2024\/06\/14\/reunion-del-jurado-de-los-premios-aje-cordoba-2024\/","name":"REUNION DEL JURADO DE LOS PREMIOS AJE CORDOBA 2024 - AJE C\u00f3rdoba","isPartOf":{"@id":"https:\/\/ajeandalucia.org\/cordoba\/#website"},"primaryImageOfPage":{"@id":"https:\/\/ajeandalucia.org\/cordoba\/2024\/06\/14\/reunion-del-jurado-de-los-premios-aje-cordoba-2024\/#primaryimage"},"image":{"@id":"https:\/\/ajeandalucia.org\/cordoba\/2024\/06\/14\/reunion-del-jurado-de-los-premios-aje-cordoba-2024\/#primaryimage"},"thumbnailUrl":"https:\/\/ajeandalucia.org\/cordoba\/wp-content\/uploads\/sites\/6\/2024\/06\/Foto-Jurado-premios-AJE-Cordoba-2024.2.jpg","datePublished":"2024-06-14T18:26:16+00:00","dateModified":"2024-06-14T18:27:33+00:00","breadcrumb":{"@id":"https:\/\/ajeandalucia.org\/cordoba\/2024\/06\/14\/reunion-del-jurado-de-los-premios-aje-cordoba-2024\/#breadcrumb"},"inLanguage":"es","potentialAction":[{"@type":"ReadAction","target":["https:\/\/ajeandalucia.org\/cordoba\/2024\/06\/14\/reunion-del-jurado-de-los-premios-aje-cordoba-2024\/"]}]},{"@type":"ImageObject","inLanguage":"es","@id":"https:\/\/ajeandalucia.org\/cordoba\/2024\/06\/14\/reunion-del-jurado-de-los-premios-aje-cordoba-2024\/#primaryimage","url":"https:\/\/ajeandalucia.org\/cordoba\/wp-content\/uploads\/sites\/6\/2024\/06\/Foto-Jurado-premios-AJE-Cordoba-2024.2.jpg","contentUrl":"https:\/\/ajeandalucia.org\/cordoba\/wp-content\/uploads\/sites\/6\/2024\/06\/Foto-Jurado-premios-AJE-Cordoba-2024.2.jpg","width":1424,"height":755},{"@type":"BreadcrumbList","@id":"https:\/\/ajeandalucia.org\/cordoba\/2024\/06\/14\/reunion-del-jurado-de-los-premios-aje-cordoba-2024\/#breadcrumb","itemListElement":[{"@type":"ListItem","position":1,"name":"Portada","item":"https:\/\/ajeandalucia.org\/cordoba\/"},{"@type":"ListItem","position":2,"name":"REUNION DEL JURADO DE LOS PREMIOS AJE CORDOBA 2024"}]},{"@type":"WebSite","@id":"https:\/\/ajeandalucia.org\/cordoba\/#website","url":"https:\/\/ajeandalucia.org\/cordoba\/","name":"AJE C\u00f3rdoba","description":"Otro sitio m\u00e1s de AJE Andaluc\u00eda","publisher":{"@id":"https:\/\/ajeandalucia.org\/cordoba\/#organization"},"potentialAction":[{"@type":"SearchAction","target":{"@type":"EntryPoint","urlTemplate":"https:\/\/ajeandalucia.org\/cordoba\/?s={search_term_string}"},"query-input":{"@type":"PropertyValueSpecification","valueRequired":true,"valueName":"search_term_string"}}],"inLanguage":"es"},{"@type":"Organization","@id":"https:\/\/ajeandalucia.org\/cordoba\/#organization","name":"AJE C\u00f3rdoba","url":"https:\/\/ajeandalucia.org\/cordoba\/","logo":{"@type":"ImageObject","inLanguage":"es","@id":"https:\/\/ajeandalucia.org\/cordoba\/#\/schema\/logo\/image\/","url":"https:\/\/ajeandalucia.org\/cordoba\/wp-content\/uploads\/sites\/6\/2025\/01\/AJE-CORDOBA-horizontal.png","contentUrl":"https:\/\/ajeandalucia.org\/cordoba\/wp-content\/uploads\/sites\/6\/2025\/01\/AJE-CORDOBA-horizontal.png","width":605,"height":200,"caption":"AJE C\u00f3rdoba"},"image":{"@id":"https:\/\/ajeandalucia.org\/cordoba\/#\/schema\/logo\/image\/"}},{"@type":"Person","@id":"https:\/\/ajeandalucia.org\/cordoba\/#\/schema\/person\/1d19f90c44baad3b3701f8af33c2f520","name":"cordoba","image":{"@type":"ImageObject","inLanguage":"es","@id":"https:\/\/ajeandalucia.org\/cordoba\/#\/schema\/person\/image\/","url":"https:\/\/secure.gravatar.com\/avatar\/46102d83da7c40efca6d3413931ddaf8470cef93888429af7689de210b9bb6fe?s=96&d=mm&r=g","contentUrl":"https:\/\/secure.gravatar.com\/avatar\/46102d83da7c40efca6d3413931ddaf8470cef93888429af7689de210b9bb6fe?s=96&d=mm&r=g","caption":"cordoba"},"url":"https:\/\/ajeandalucia.org\/cordoba\/author\/cordoba\/"}]}},"_links":{"self":[{"href":"https:\/\/ajeandalucia.org\/cordoba\/wp-json\/wp\/v2\/posts\/8331","targetHints":{"allow":["GET"]}}],"collection":[{"href":"https:\/\/ajeandalucia.org\/cordoba\/wp-json\/wp\/v2\/posts"}],"about":[{"href":"https:\/\/ajeandalucia.org\/cordoba\/wp-json\/wp\/v2\/types\/post"}],"author":[{"embeddable":true,"href":"https:\/\/ajeandalucia.org\/cordoba\/wp-json\/wp\/v2\/users\/5"}],"replies":[{"embeddable":true,"href":"https:\/\/ajeandalucia.org\/cordoba\/wp-json\/wp\/v2\/comments?post=8331"}],"version-history":[{"count":1,"href":"https:\/\/ajeandalucia.org\/cordoba\/wp-json\/wp\/v2\/posts\/8331\/revisions"}],"predecessor-version":[{"id":8333,"href":"https:\/\/ajeandalucia.org\/cordoba\/wp-json\/wp\/v2\/posts\/8331\/revisions\/8333"}],"wp:featuredmedia":[{"embeddable":true,"href":"https:\/\/ajeandalucia.org\/cordoba\/wp-json\/wp\/v2\/media\/8332"}],"wp:attachment":[{"href":"https:\/\/ajeandalucia.org\/cordoba\/wp-json\/wp\/v2\/media?parent=8331"}],"wp:term":[{"taxonomy":"category","embeddable":true,"href":"https:\/\/ajeandalucia.org\/cordoba\/wp-json\/wp\/v2\/categories?post=8331"},{"taxonomy":"post_tag","embeddable":true,"href":"https:\/\/ajeandalucia.org\/cordoba\/wp-json\/wp\/v2\/tags?post=8331"}],"curies":[{"name":"wp","href":"https:\/\/api.w.org\/{rel}","templated":true}]}}